{"id":287661,"date":"2023-10-12T12:48:45","date_gmt":"2023-10-12T08:48:45","guid":{"rendered":"https:\/\/www.meydan.tv\/?p=287661"},"modified":"2023-10-12T19:31:47","modified_gmt":"2023-10-12T15:31:47","slug":"haciqabulda-bir-evde-5-nefer-yangindan-oldu","status":"publish","type":"post","link":"https:\/\/www.meydan.tv\/az\/article\/haciqabulda-bir-evde-5-nefer-yangindan-oldu\/","title":{"rendered":"Hac\u0131qabulda bir evd\u0259 5 n\u0259f\u0259r yan\u011f\u0131ndan \u00f6ld\u00fc (yenil\u0259nib)"},"content":{"rendered":"\n<figure class=\"wp-block-embed is-type-video is-provider-youtube wp-block-embed-youtube wp-embed-aspect-16-9 wp-has-aspect-ratio\"><div class=\"wp-block-embed__wrapper\">\n<iframe title=\"Hac\u0131qabulda yan\u011f\u0131n: Vaxt\u0131 ke\u00e7mi\u015f binalard\u0131r, g\u00fcn\u0259\u015f \u015f\u00fcas\u0131ndan da yanard\u0131\" width=\"1200\" height=\"675\" data-src=\"https:\/\/www.youtube.com\/embed\/PiV-z5AVlMM?feature=oembed\" frameborder=\"0\" allow=\"accelerometer; autoplay; clipboard-write; encrypted-media; gyroscope; picture-in-picture; web-share\" allowfullscreen src=\"data:image\/svg+xml;base64,PHN2ZyB3aWR0aD0iMSIgaGVpZ2h0PSIxIiB4bWxucz0iaHR0cDovL3d3dy53My5vcmcvMjAwMC9zdmciPjwvc3ZnPg==\" class=\"lazyload\" data-load-mode=\"1\"><\/iframe>\n<\/div><\/figure>\n\n\n\n<p><\/p>\n\n\n\n<p><\/p>\n\n\n\n<p><strong>Faktla ba\u011fl\u0131 Hac\u0131qabul Rayon Prokurorlu\u011funda Cinay\u0259t M\u0259c\u0259ll\u0259sinin 314.3-c\u00fc (ehtiyats\u0131zl\u0131qdan iki v\u0259 daha \u00e7ox \u015f\u0259xsin \u00f6l\u00fcm\u00fcn\u0259 s\u0259b\u0259b olan s\u0259hl\u0259nkarl\u0131q) madd\u0259sil\u0259 cinay\u0259t i\u015fi ba\u015flanaraq ibtidai istintaq apar\u0131l\u0131r.<\/strong><\/p>\n\n\n\n<p><\/p>\n\n\n\n<p><\/p>\n\n\n\n<p><\/p>\n\n\n\n<hr class=\"wp-block-separator has-alpha-channel-opacity\"\/>\n\n\n\n<p><strong><em>Prokurorluq hadis\u0259nin n\u0259d\u0259n ba\u015f verdiyini ara\u015fd\u0131r\u0131r<\/em><\/strong><\/p>\n\n\n\n<p>Oktyabr\u0131n 11-d\u0259n 12-n\u0259 ke\u00e7\u0259n gec\u0259 saat 1 rad\u0259l\u0259rind\u0259 Hac\u0131qabul rayonunun Navah\u0131 q\u0259s\u0259b\u0259sind\u0259ki ikim\u0259rt\u0259b\u0259li yataqxana binas\u0131nda 5 n\u0259f\u0259rin \u00f6l\u00fcm\u00fcyl\u0259 n\u0259tic\u0259l\u0259n\u0259n yan\u011f\u0131n ba\u015f verib. Ba\u015f Prokurorlu\u011fun m\u0259tbuat xidm\u0259tinin yayd\u0131\u011f\u0131 m\u0259lumata g\u00f6r\u0259, hadis\u0259nin hans\u0131 s\u0259b\u0259bd\u0259n ba\u015f verdiyini m\u00fc\u0259yy\u0259nl\u0259\u015fdirm\u0259k \u00fc\u00e7\u00fcn Hac\u0131qabul Rayon Prokurorlu\u011funda ara\u015fd\u0131rmalar ba\u015flay\u0131b.<\/p>\n\n\n\n<p>Yan\u011f\u0131n n\u0259tic\u0259sind\u0259 h\u0259yat\u0131n\u0131 itir\u0259n 5 n\u0259f\u0259rin kimliyi m\u0259lumdur. Onlardan ikisi u\u015faqd\u0131r. \u00d6l\u0259nl\u0259r 79 ya\u015fl\u0131 M\u00fct\u0259llim M\u0259mm\u0259dov, 71 ya\u015fl\u0131 Sara Ab\u0131\u015fova, 42 ya\u015fl\u0131 Ayb\u0259niz Ab\u0131\u015fova, 13 ya\u015fl\u0131 Z\u0259hra Sad\u0131qova v\u0259 11 ya\u015fll Elg\u00fcn Sad\u0131qovdur.<\/p>\n\n\n\n<p>Daha bir n\u0259f\u0259r &#8211; 60 ya\u015fl\u0131 \u015e\u00f6l\u0259 H\u0259s\u0259nova is\u0259 x\u0259sar\u0259t al\u0131b. Ona x\u0259st\u0259xanada ambulator tibbi yard\u0131m g\u00f6st\u0259rildiyi v\u0259 haz\u0131rda v\u0259ziyy\u0259tinin stabil oldu\u011fu bildirilir.<\/p>\n\n\n\n<p>M\u0259lumata g\u00f6r\u0259, h\u0259lak olanlardan d\u00f6rd\u00fc bir ail\u0259nin \u00fczvl\u0259ridir.<\/p>\n\n\n\n<p>Meydan TV-nin \u0259ld\u0259 etdiyi m\u0259lumata g\u00f6r\u0259, hadis\u0259 yerin\u0259 3 yan\u011f\u0131ns\u00f6nd\u00fcr\u0259n avtomobil c\u0259lb edilib. Lakin g\u00fccl\u00fc k\u00fcl\u0259k v\u0259 tikilinin taxta konstruksiyal\u0131 olmas\u0131 yan\u011f\u0131n\u0131n s\u00fcr\u0259tl\u0259 yay\u0131lmas\u0131na s\u0259b\u0259b olub.<\/p>\n","protected":false},"excerpt":{"rendered":"<p>Faktla ba\u011fl\u0131 Hac\u0131qabul Rayon Prokurorlu\u011funda Cinay\u0259t M\u0259c\u0259ll\u0259sinin 314.3-c\u00fc (ehtiyats\u0131zl\u0131qdan iki &#8230; <\/p>\n<p class=\"read-more-container\"><a title=\"Hac\u0131qabulda bir evd\u0259 5 n\u0259f\u0259r yan\u011f\u0131ndan \u00f6ld\u00fc (yenil\u0259nib)\" class=\"read-more button\" href=\"https:\/\/www.meydan.tv\/az\/article\/haciqabulda-bir-evde-5-nefer-yangindan-oldu\/#more-287661\" aria-label=\"Read more about Hac\u0131qabulda bir evd\u0259 5 n\u0259f\u0259r yan\u011f\u0131ndan \u00f6ld\u00fc (yenil\u0259nib)\">Davam\u0131<\/a><\/p>\n","protected":false},"author":8,"featured_media":287753,"comment_status":"closed","ping_status":"closed","sticky":false,"template":"","format":"standard","meta":{"_acf_changed":false,"_sitemap_exclude":false,"_sitemap_priority":"","_sitemap_frequency":"","footnotes":""},"categories":[60,79,63,56],"tags":[],"class_list":["post-287661","post","type-post","status-publish","format-standard","has-post-thumbnail","hentry","category-bolge","category-featured","category-video-2","category-xeberler","infinite-scroll-item","generate-columns","tablet-grid-50","mobile-grid-100","grid-parent","grid-33","no-featured-image-padding"],"acf":[],"yoast_head":"<!-- This site is optimized with the Yoast SEO plugin v27.4 - https:\/\/yoast.com\/product\/yoast-seo-wordpress\/ -->\n<title>Hac\u0131qabulda bir evd\u0259 5 n\u0259f\u0259r yan\u011f\u0131ndan \u00f6ld\u00fc (yenil\u0259nib) - MEYDAN.TV<\/title>\n<meta name=\"robots\" content=\"index, follow, max-snippet:-1, max-image-preview:large, max-video-preview:-1\" \/>\n<link rel=\"canonical\" href=\"https:\/\/www.meydan.tv\/az\/article\/haciqabulda-bir-evde-5-nefer-yangindan-oldu\/\" \/>\n<meta property=\"og:locale\" content=\"az_AZ\" \/>\n<meta property=\"og:type\" content=\"article\" \/>\n<meta property=\"og:title\" content=\"Hac\u0131qabulda bir evd\u0259 5 n\u0259f\u0259r yan\u011f\u0131ndan \u00f6ld\u00fc (yenil\u0259nib) - MEYDAN.TV\" \/>\n<meta property=\"og:description\" content=\"Faktla ba\u011fl\u0131 Hac\u0131qabul Rayon Prokurorlu\u011funda Cinay\u0259t M\u0259c\u0259ll\u0259sinin 314.3-c\u00fc (ehtiyats\u0131zl\u0131qdan iki ... Davam\u0131\" \/>\n<meta property=\"og:url\" content=\"https:\/\/www.meydan.tv\/az\/article\/haciqabulda-bir-evde-5-nefer-yangindan-oldu\/\" \/>\n<meta property=\"og:site_name\" content=\"MEYDAN.TV\" \/>\n<meta property=\"article:published_time\" content=\"2023-10-12T08:48:45+00:00\" \/>\n<meta property=\"article:modified_time\" content=\"2023-10-12T15:31:47+00:00\" \/>\n<meta property=\"og:image\" content=\"https:\/\/www.meydan.tv\/wp-content\/uploads\/img_0513.jpg\" \/>\n\t<meta property=\"og:image:width\" content=\"1200\" \/>\n\t<meta property=\"og:image:height\" content=\"900\" \/>\n\t<meta property=\"og:image:type\" content=\"image\/jpeg\" \/>\n<meta name=\"author\" content=\"elli\" \/>\n<meta name=\"twitter:card\" content=\"summary_large_image\" \/>\n<meta name=\"twitter:creator\" content=\"@elli\" \/>\n<script type=\"application\/ld+json\" class=\"yoast-schema-graph\">{\"@context\":\"https:\\\/\\\/schema.org\",\"@graph\":[{\"@type\":\"Article\",\"@id\":\"https:\\\/\\\/www.meydan.tv\\\/az\\\/article\\\/haciqabulda-bir-evde-5-nefer-yangindan-oldu\\\/#article\",\"isPartOf\":{\"@id\":\"https:\\\/\\\/www.meydan.tv\\\/az\\\/article\\\/haciqabulda-bir-evde-5-nefer-yangindan-oldu\\\/\"},\"author\":{\"name\":\"elli\",\"@id\":\"https:\\\/\\\/www.meydan.tv\\\/az\\\/#\\\/schema\\\/person\\\/9cdbecf90d17180ce1dfbd95b08dcf47\"},\"headline\":\"Hac\u0131qabulda bir evd\u0259 5 n\u0259f\u0259r yan\u011f\u0131ndan \u00f6ld\u00fc (yenil\u0259nib)\",\"datePublished\":\"2023-10-12T08:48:45+00:00\",\"dateModified\":\"2023-10-12T15:31:47+00:00\",\"mainEntityOfPage\":{\"@id\":\"https:\\\/\\\/www.meydan.tv\\\/az\\\/article\\\/haciqabulda-bir-evde-5-nefer-yangindan-oldu\\\/\"},\"wordCount\":315,\"publisher\":{\"@id\":\"https:\\\/\\\/www.meydan.tv\\\/az\\\/#organization\"},\"image\":{\"@id\":\"https:\\\/\\\/www.meydan.tv\\\/az\\\/article\\\/haciqabulda-bir-evde-5-nefer-yangindan-oldu\\\/#primaryimage\"},\"thumbnailUrl\":\"https:\\\/\\\/www.meydan.tv\\\/wp-content\\\/uploads\\\/img_0513.jpg\",\"articleSection\":[\"B\u00f6lg\u0259\",\"T\u00f6vsiy\u0259\",\"Video\",\"X\u0259b\u0259rl\u0259r\"],\"inLanguage\":\"az\"},{\"@type\":\"WebPage\",\"@id\":\"https:\\\/\\\/www.meydan.tv\\\/az\\\/article\\\/haciqabulda-bir-evde-5-nefer-yangindan-oldu\\\/\",\"url\":\"https:\\\/\\\/www.meydan.tv\\\/az\\\/article\\\/haciqabulda-bir-evde-5-nefer-yangindan-oldu\\\/\",\"name\":\"Hac\u0131qabulda bir evd\u0259 5 n\u0259f\u0259r yan\u011f\u0131ndan \u00f6ld\u00fc (yenil\u0259nib) - MEYDAN.TV\",\"isPartOf\":{\"@id\":\"https:\\\/\\\/www.meydan.tv\\\/az\\\/#website\"},\"primaryImageOfPage\":{\"@id\":\"https:\\\/\\\/www.meydan.tv\\\/az\\\/article\\\/haciqabulda-bir-evde-5-nefer-yangindan-oldu\\\/#primaryimage\"},\"image\":{\"@id\":\"https:\\\/\\\/www.meydan.tv\\\/az\\\/article\\\/haciqabulda-bir-evde-5-nefer-yangindan-oldu\\\/#primaryimage\"},\"thumbnailUrl\":\"https:\\\/\\\/www.meydan.tv\\\/wp-content\\\/uploads\\\/img_0513.jpg\",\"datePublished\":\"2023-10-12T08:48:45+00:00\",\"dateModified\":\"2023-10-12T15:31:47+00:00\",\"breadcrumb\":{\"@id\":\"https:\\\/\\\/www.meydan.tv\\\/az\\\/article\\\/haciqabulda-bir-evde-5-nefer-yangindan-oldu\\\/#breadcrumb\"},\"inLanguage\":\"az\",\"potentialAction\":[{\"@type\":\"ReadAction\",\"target\":[\"https:\\\/\\\/www.meydan.tv\\\/az\\\/article\\\/haciqabulda-bir-evde-5-nefer-yangindan-oldu\\\/\"]}]},{\"@type\":\"ImageObject\",\"inLanguage\":\"az\",\"@id\":\"https:\\\/\\\/www.meydan.tv\\\/az\\\/article\\\/haciqabulda-bir-evde-5-nefer-yangindan-oldu\\\/#primaryimage\",\"url\":\"https:\\\/\\\/www.meydan.tv\\\/wp-content\\\/uploads\\\/img_0513.jpg\",\"contentUrl\":\"https:\\\/\\\/www.meydan.tv\\\/wp-content\\\/uploads\\\/img_0513.jpg\",\"width\":1200,\"height\":900,\"caption\":\"Hac\u0131qabul. Foto: Meydan TV\"},{\"@type\":\"BreadcrumbList\",\"@id\":\"https:\\\/\\\/www.meydan.tv\\\/az\\\/article\\\/haciqabulda-bir-evde-5-nefer-yangindan-oldu\\\/#breadcrumb\",\"itemListElement\":[{\"@type\":\"ListItem\",\"position\":1,\"name\":\"Ana s\u0259hif\u0259\",\"item\":\"https:\\\/\\\/www.meydan.tv\\\/az\\\/\"},{\"@type\":\"ListItem\",\"position\":2,\"name\":\"B\u00f6lg\u0259\",\"item\":\"https:\\\/\\\/www.meydan.tv\\\/az\\\/section\\\/bolge\\\/\"},{\"@type\":\"ListItem\",\"position\":3,\"name\":\"Hac\u0131qabulda bir evd\u0259 5 n\u0259f\u0259r yan\u011f\u0131ndan \u00f6ld\u00fc (yenil\u0259nib)\"}]},{\"@type\":\"WebSite\",\"@id\":\"https:\\\/\\\/www.meydan.tv\\\/az\\\/#website\",\"url\":\"https:\\\/\\\/www.meydan.tv\\\/az\\\/\",\"name\":\"MEYDAN.TV\",\"description\":\"Meydan TV Az\u0259rbaycan\u0131n media m\u0259kan\u0131ndak\u0131 alternativ s\u0259sidir\",\"publisher\":{\"@id\":\"https:\\\/\\\/www.meydan.tv\\\/az\\\/#organization\"},\"potentialAction\":[{\"@type\":\"SearchAction\",\"target\":{\"@type\":\"EntryPoint\",\"urlTemplate\":\"https:\\\/\\\/www.meydan.tv\\\/az\\\/?s={search_term_string}\"},\"query-input\":{\"@type\":\"PropertyValueSpecification\",\"valueRequired\":true,\"valueName\":\"search_term_string\"}}],\"inLanguage\":\"az\"},{\"@type\":\"Organization\",\"@id\":\"https:\\\/\\\/www.meydan.tv\\\/az\\\/#organization\",\"name\":\"Meydan TV\",\"url\":\"https:\\\/\\\/www.meydan.tv\\\/az\\\/\",\"logo\":{\"@type\":\"ImageObject\",\"inLanguage\":\"az\",\"@id\":\"https:\\\/\\\/www.meydan.tv\\\/az\\\/#\\\/schema\\\/logo\\\/image\\\/\",\"url\":\"https:\\\/\\\/www.meydan.tv\\\/wp-content\\\/uploads\\\/2021\\\/07\\\/meydan-logo.svg\",\"contentUrl\":\"https:\\\/\\\/www.meydan.tv\\\/wp-content\\\/uploads\\\/2021\\\/07\\\/meydan-logo.svg\",\"width\":195,\"height\":46,\"caption\":\"Meydan TV\"},\"image\":{\"@id\":\"https:\\\/\\\/www.meydan.tv\\\/az\\\/#\\\/schema\\\/logo\\\/image\\\/\"}},{\"@type\":\"Person\",\"@id\":\"https:\\\/\\\/www.meydan.tv\\\/az\\\/#\\\/schema\\\/person\\\/9cdbecf90d17180ce1dfbd95b08dcf47\",\"name\":\"elli\",\"sameAs\":[\"https:\\\/\\\/x.com\\\/elli\"]}]}<\/script>\n<!-- \/ Yoast SEO plugin. -->","yoast_head_json":{"title":"Hac\u0131qabulda bir evd\u0259 5 n\u0259f\u0259r yan\u011f\u0131ndan \u00f6ld\u00fc (yenil\u0259nib) - MEYDAN.TV","robots":{"index":"index","follow":"follow","max-snippet":"max-snippet:-1","max-image-preview":"max-image-preview:large","max-video-preview":"max-video-preview:-1"},"canonical":"https:\/\/www.meydan.tv\/az\/article\/haciqabulda-bir-evde-5-nefer-yangindan-oldu\/","og_locale":"az_AZ","og_type":"article","og_title":"Hac\u0131qabulda bir evd\u0259 5 n\u0259f\u0259r yan\u011f\u0131ndan \u00f6ld\u00fc (yenil\u0259nib) - MEYDAN.TV","og_description":"Faktla ba\u011fl\u0131 Hac\u0131qabul Rayon Prokurorlu\u011funda Cinay\u0259t M\u0259c\u0259ll\u0259sinin 314.3-c\u00fc (ehtiyats\u0131zl\u0131qdan iki ... Davam\u0131","og_url":"https:\/\/www.meydan.tv\/az\/article\/haciqabulda-bir-evde-5-nefer-yangindan-oldu\/","og_site_name":"MEYDAN.TV","article_published_time":"2023-10-12T08:48:45+00:00","article_modified_time":"2023-10-12T15:31:47+00:00","og_image":[{"width":1200,"height":900,"url":"https:\/\/www.meydan.tv\/wp-content\/uploads\/img_0513.jpg","type":"image\/jpeg"}],"author":"elli","twitter_card":"summary_large_image","twitter_creator":"@elli","schema":{"@context":"https:\/\/schema.org","@graph":[{"@type":"Article","@id":"https:\/\/www.meydan.tv\/az\/article\/haciqabulda-bir-evde-5-nefer-yangindan-oldu\/#article","isPartOf":{"@id":"https:\/\/www.meydan.tv\/az\/article\/haciqabulda-bir-evde-5-nefer-yangindan-oldu\/"},"author":{"name":"elli","@id":"https:\/\/www.meydan.tv\/az\/#\/schema\/person\/9cdbecf90d17180ce1dfbd95b08dcf47"},"headline":"Hac\u0131qabulda bir evd\u0259 5 n\u0259f\u0259r yan\u011f\u0131ndan \u00f6ld\u00fc (yenil\u0259nib)","datePublished":"2023-10-12T08:48:45+00:00","dateModified":"2023-10-12T15:31:47+00:00","mainEntityOfPage":{"@id":"https:\/\/www.meydan.tv\/az\/article\/haciqabulda-bir-evde-5-nefer-yangindan-oldu\/"},"wordCount":315,"publisher":{"@id":"https:\/\/www.meydan.tv\/az\/#organization"},"image":{"@id":"https:\/\/www.meydan.tv\/az\/article\/haciqabulda-bir-evde-5-nefer-yangindan-oldu\/#primaryimage"},"thumbnailUrl":"https:\/\/www.meydan.tv\/wp-content\/uploads\/img_0513.jpg","articleSection":["B\u00f6lg\u0259","T\u00f6vsiy\u0259","Video","X\u0259b\u0259rl\u0259r"],"inLanguage":"az"},{"@type":"WebPage","@id":"https:\/\/www.meydan.tv\/az\/article\/haciqabulda-bir-evde-5-nefer-yangindan-oldu\/","url":"https:\/\/www.meydan.tv\/az\/article\/haciqabulda-bir-evde-5-nefer-yangindan-oldu\/","name":"Hac\u0131qabulda bir evd\u0259 5 n\u0259f\u0259r yan\u011f\u0131ndan \u00f6ld\u00fc (yenil\u0259nib) - MEYDAN.TV","isPartOf":{"@id":"https:\/\/www.meydan.tv\/az\/#website"},"primaryImageOfPage":{"@id":"https:\/\/www.meydan.tv\/az\/article\/haciqabulda-bir-evde-5-nefer-yangindan-oldu\/#primaryimage"},"image":{"@id":"https:\/\/www.meydan.tv\/az\/article\/haciqabulda-bir-evde-5-nefer-yangindan-oldu\/#primaryimage"},"thumbnailUrl":"https:\/\/www.meydan.tv\/wp-content\/uploads\/img_0513.jpg","datePublished":"2023-10-12T08:48:45+00:00","dateModified":"2023-10-12T15:31:47+00:00","breadcrumb":{"@id":"https:\/\/www.meydan.tv\/az\/article\/haciqabulda-bir-evde-5-nefer-yangindan-oldu\/#breadcrumb"},"inLanguage":"az","potentialAction":[{"@type":"ReadAction","target":["https:\/\/www.meydan.tv\/az\/article\/haciqabulda-bir-evde-5-nefer-yangindan-oldu\/"]}]},{"@type":"ImageObject","inLanguage":"az","@id":"https:\/\/www.meydan.tv\/az\/article\/haciqabulda-bir-evde-5-nefer-yangindan-oldu\/#primaryimage","url":"https:\/\/www.meydan.tv\/wp-content\/uploads\/img_0513.jpg","contentUrl":"https:\/\/www.meydan.tv\/wp-content\/uploads\/img_0513.jpg","width":1200,"height":900,"caption":"Hac\u0131qabul. Foto: Meydan TV"},{"@type":"BreadcrumbList","@id":"https:\/\/www.meydan.tv\/az\/article\/haciqabulda-bir-evde-5-nefer-yangindan-oldu\/#breadcrumb","itemListElement":[{"@type":"ListItem","position":1,"name":"Ana s\u0259hif\u0259","item":"https:\/\/www.meydan.tv\/az\/"},{"@type":"ListItem","position":2,"name":"B\u00f6lg\u0259","item":"https:\/\/www.meydan.tv\/az\/section\/bolge\/"},{"@type":"ListItem","position":3,"name":"Hac\u0131qabulda bir evd\u0259 5 n\u0259f\u0259r yan\u011f\u0131ndan \u00f6ld\u00fc (yenil\u0259nib)"}]},{"@type":"WebSite","@id":"https:\/\/www.meydan.tv\/az\/#website","url":"https:\/\/www.meydan.tv\/az\/","name":"MEYDAN.TV","description":"Meydan TV Az\u0259rbaycan\u0131n media m\u0259kan\u0131ndak\u0131 alternativ s\u0259sidir","publisher":{"@id":"https:\/\/www.meydan.tv\/az\/#organization"},"potentialAction":[{"@type":"SearchAction","target":{"@type":"EntryPoint","urlTemplate":"https:\/\/www.meydan.tv\/az\/?s={search_term_string}"},"query-input":{"@type":"PropertyValueSpecification","valueRequired":true,"valueName":"search_term_string"}}],"inLanguage":"az"},{"@type":"Organization","@id":"https:\/\/www.meydan.tv\/az\/#organization","name":"Meydan TV","url":"https:\/\/www.meydan.tv\/az\/","logo":{"@type":"ImageObject","inLanguage":"az","@id":"https:\/\/www.meydan.tv\/az\/#\/schema\/logo\/image\/","url":"https:\/\/www.meydan.tv\/wp-content\/uploads\/2021\/07\/meydan-logo.svg","contentUrl":"https:\/\/www.meydan.tv\/wp-content\/uploads\/2021\/07\/meydan-logo.svg","width":195,"height":46,"caption":"Meydan TV"},"image":{"@id":"https:\/\/www.meydan.tv\/az\/#\/schema\/logo\/image\/"}},{"@type":"Person","@id":"https:\/\/www.meydan.tv\/az\/#\/schema\/person\/9cdbecf90d17180ce1dfbd95b08dcf47","name":"elli","sameAs":["https:\/\/x.com\/elli"]}]}},"_links":{"self":[{"href":"https:\/\/www.meydan.tv\/az\/wp-json\/wp\/v2\/posts\/287661","targetHints":{"allow":["GET"]}}],"collection":[{"href":"https:\/\/www.meydan.tv\/az\/wp-json\/wp\/v2\/posts"}],"about":[{"href":"https:\/\/www.meydan.tv\/az\/wp-json\/wp\/v2\/types\/post"}],"author":[{"embeddable":true,"href":"https:\/\/www.meydan.tv\/az\/wp-json\/wp\/v2\/users\/8"}],"replies":[{"embeddable":true,"href":"https:\/\/www.meydan.tv\/az\/wp-json\/wp\/v2\/comments?post=287661"}],"version-history":[{"count":6,"href":"https:\/\/www.meydan.tv\/az\/wp-json\/wp\/v2\/posts\/287661\/revisions"}],"predecessor-version":[{"id":287793,"href":"https:\/\/www.meydan.tv\/az\/wp-json\/wp\/v2\/posts\/287661\/revisions\/287793"}],"wp:featuredmedia":[{"embeddable":true,"href":"https:\/\/www.meydan.tv\/az\/wp-json\/wp\/v2\/media\/287753"}],"wp:attachment":[{"href":"https:\/\/www.meydan.tv\/az\/wp-json\/wp\/v2\/media?parent=287661"}],"wp:term":[{"taxonomy":"category","embeddable":true,"href":"https:\/\/www.meydan.tv\/az\/wp-json\/wp\/v2\/categories?post=287661"},{"taxonomy":"post_tag","embeddable":true,"href":"https:\/\/www.meydan.tv\/az\/wp-json\/wp\/v2\/tags?post=287661"}],"curies":[{"name":"wp","href":"https:\/\/api.w.org\/{rel}","templated":true}]}}