{"id":287602,"date":"2023-10-11T15:12:31","date_gmt":"2023-10-11T11:12:31","guid":{"rendered":"https:\/\/www.meydan.tv\/?p=287602"},"modified":"2023-10-11T15:12:36","modified_gmt":"2023-10-11T11:12:36","slug":"bolgelerde-banklarin-kredit-faizi-bakidan-yuksekdir","status":"publish","type":"post","link":"https:\/\/www.meydan.tv\/az\/article\/bolgelerde-banklarin-kredit-faizi-bakidan-yuksekdir\/","title":{"rendered":"B\u00f6lg\u0259l\u0259rd\u0259 banklar\u0131n kredit faizi Bak\u0131dan y\u00fcks\u0259kdir"},"content":{"rendered":"\n<p><\/p>\n\n\n\n<p><strong><em>Az\u0259rbaycanda \u0259haliy\u0259 \u0259n bahal\u0131 kredit \u015eamax\u0131, \u0130smay\u0131ll\u0131, A\u011fsu v\u0259 Qobustanda t\u0259klif edilir<\/em><\/strong><\/p>\n\n\n\n<p>F\u00fczuli sakini Adil M\u0259mm\u0259dov deyir ki, bir il \u00f6nc\u0259, o\u011flunun toyu \u0259r\u0259f\u0259sind\u0259 bankdan kredit g\u00f6t\u00fcrm\u0259li olub. N\u0259 az, n\u0259 \u00e7ox, 7 min manata ehtiyac\u0131 yaran\u0131b. \u018fv\u0259zind\u0259 8 min 400-\u0259 yax\u0131n m\u0259bl\u0259\u011f qaytarmal\u0131 olub. Deyir, orada faizl\u0259rl\u0259 yana\u015f\u0131, ba\u015fqa \u00f6d\u0259ni\u015fl\u0259r d\u0259 \u00fcst\u00fcn\u0259 g\u0259lir v\u0259 m\u0259bl\u0259\u011f qalx\u0131r: <\/p>\n\n\n\n<p>\u201c<em>Yuvarlaqla\u015fd\u0131r\u0131b deyir\u0259m bu r\u0259q\u0259mi. H\u0259l\u0259 \u00f6d\u0259yib bitir\u0259 bilm\u0259mi\u015fik. Toydan \u0259vv\u0259l evi t\u0259mir etdirdim, material\u0131 nisy\u0259 g\u00f6t\u00fcrd\u00fcm, ustaya da dedim ki, toydan sonra pulunu ver\u0259c\u0259m. Haradasa 10 mind\u0259n \u00e7ox edirdi. Toyda ist\u0259diyim kimi pul y\u0131\u011f\u0131lmad\u0131, \u00fcst\u00fcn\u00fc d\u00fcz\u0259ltm\u0259k \u00fc\u00e7\u00fcn kredit g\u00f6t\u00fcrm\u0259li oldum. Alt\u0131 ay normal \u00f6d\u0259dim, iki yerd\u0259 i\u015fl\u0259yirdim. \u0130\u015fimin birini itir\u0259nd\u0259n sonra \u00f6d\u0259m\u0259l\u0259ri etm\u0259k \u00e7\u0259tinl\u0259\u015fdi\u201d.<\/em><\/p>\n\n\n\n<p>Adil M\u0259mm\u0259dov deyir ki, sonra o\u011flu \u00f6z ad\u0131na ba\u015fqa bankdan kredit g\u00f6t\u00fcr\u00fcb. Krediti kreditl\u0259 ba\u011flay\u0131blar:<\/p>\n\n\n\n<p><em>\u201c\u0130ndi dig\u0259r krediti \u00f6d\u0259m\u0259y\u0259 \u00e7al\u0131\u015f\u0131r\u0131q. \u00dcmumi 2 min 100 manata yax\u0131n \u0259lav\u0259 pul \u00f6d\u0259m\u0259li olmu\u015fuq. Ail\u0259mizin ayl\u0131q g\u0259liri hardasa 780 manatd\u0131r. Faizl\u0259r \u00fc\u00e7 ayl\u0131q g\u0259lirimiz\u0259 b\u0259rab\u0259rdir\u201d.<\/em>&nbsp;<\/p>\n\n\n\n<p>Az\u0259rbaycanda \u0259haliy\u0259 \u0259n bahal\u0131 kredit \u015eamax\u0131, \u0130smay\u0131ll\u0131, A\u011fsu v\u0259 Qobustanda t\u0259klif edilir \u2013 19.6 faizl\u0259.<\/p>\n\n\n\n<p>Az\u0259rbaycan M\u0259rk\u0259zi Bank\u0131n\u0131n <a href=\"https:\/\/www.cbar.az\/page-42\/monetary-indicators\">m\u0259lumat\u0131na<\/a> g\u00f6r\u0259, n\u00f6vb\u0259ti y\u00fcks\u0259k faizli kreditl\u0259r Qaraba\u011f iqtisadi rayonundad\u0131r. Y\u0259ni A\u011fcab\u0259di, A\u011fdam, B\u0259rd\u0259, F\u00fczuli v\u0259 T\u0259rt\u0259r rayonlar\u0131ndak\u0131 banklar krediti orta hesabla 19.37 faizl\u0259 verirl\u0259r. Sonrak\u0131 s\u0131ralamada Mil-Mu\u011fan v\u0259 c\u0259nub b\u00f6lg\u0259si g\u0259lir. H\u0259min regionlarda kredit faizi 19-dur. M\u0259rk\u0259zi Bank \u0259n ucuz kreditl\u0259rin Bak\u0131da t\u0259klif olundu\u011funu qeyd edir. Paytaxtda kredit faizi 10.98-dir.<\/p>\n\n\n<div class=\"wp-block-image\">\n<figure class=\"alignleft size-full is-resized\"><img decoding=\"async\" data-src=\"https:\/\/www.meydan.tv\/wp-content\/uploads\/bayramov.jpg\" alt=\"\u0412\u0443\u0433\u0430\u0440 \u0411\u0430\u0439\u0440\u0430\u043c\u043e\u0432\" class=\"wp-image-133964 lazyload\" style=\"--smush-placeholder-width: 458px; --smush-placeholder-aspect-ratio: 458\/306;width:458px;height:306px\" width=\"458\" height=\"306\" src=\"data:image\/svg+xml;base64,PHN2ZyB3aWR0aD0iMSIgaGVpZ2h0PSIxIiB4bWxucz0iaHR0cDovL3d3dy53My5vcmcvMjAwMC9zdmciPjwvc3ZnPg==\" \/><figcaption class=\"wp-element-caption\">Foto: Meydan TV<\/figcaption><\/figure>\n<\/div>\n\n\n<p>\u0130qtisad\u00e7\u0131, deputat V\u00fcqar Bayramov <a href=\"https:\/\/www.facebook.com\/photo\/?fbid=10232494610165797&amp;set=a.1929840403728\">deyir<\/a> ki, rayonlarda kredit faizl\u0259rinin y\u00fcks\u0259k olmas\u0131n\u0131n \u0259sas s\u0259b\u0259bl\u0259rind\u0259n biri b\u00f6lg\u0259l\u0259rd\u0259 biznes kreditl\u0259rin\u0259 \u0259l\u00e7atanl\u0131\u011f\u0131n a\u015fa\u011f\u0131 olmas\u0131d\u0131r. Bel\u0259likl\u0259, riskl\u0259rini s\u0131\u011fortalamaq ist\u0259y\u0259n banklar nisb\u0259t\u0259n a\u015fa\u011f\u0131 faizli biznes kreditl\u0259rini Bak\u0131da t\u0259klif etm\u0259y\u0259 \u00fcst\u00fcnl\u00fck verirl\u0259r:<\/p>\n\n\n\n<p>\u201c<em>Bu is\u0259 bir t\u0259r\u0259fd\u0259n, banklar\u0131n regionlarda real sektoru daha az d\u0259st\u0259kl\u0259m\u0259sin\u0259, dig\u0259r t\u0259r\u0259fd\u0259n is\u0259 rayon sakinl\u0259rinin bahal\u0131 kreditl\u0259rd\u0259n istifad\u0259 etm\u0259sin\u0259 s\u0259b\u0259b olur. Rayonlarda bank filallar\u0131n\u0131n say\u0131n\u0131n az olmas\u0131 v\u0259 bu s\u0259b\u0259bd\u0259n Bak\u0131 il\u0259 m\u00fcqayis\u0259d\u0259 z\u0259if r\u0259qab\u0259t d\u0259 kredit faizl\u0259rin\u0259 t\u0259sir g\u00f6st\u0259rir\u201d.<\/em><\/p>\n\n\n\n<p>M\u0259rk\u0259zi Bank\u0131n m\u0259lumat\u0131nda bildirilir ki, \u00f6lk\u0259 \u00fczr\u0259 kreditl\u0259r orta hesabla 12.53 faizl\u0259 t\u0259klif olunur. Bununla bel\u0259, orta kredit faizl\u0259ri il\u0259 v\u0259t\u0259nda\u015flar\u0131n daha \u00e7ox istifad\u0259 etdiyi istehlak kredit faizl\u0259ri aras\u0131nda f\u0259rq var. V\u00fcqar Bayramov deyir ki, ayd\u0131nd\u0131r, Az\u0259rbaycanda 12.53 faizl\u0259 istehlak kreditl\u0259ri c\u0259lb etm\u0259k \u00e7ox \u00e7\u0259tindir. Orta kredit faizl\u0259rinin nisb\u0259t\u0259n a\u015fa\u011f\u0131 olmas\u0131n\u0131n s\u0259b\u0259bi is\u0259 faizl\u0259rin hesablanmas\u0131 metodologiyas\u0131nda g\u00fcz\u0259\u015ftli kreditl\u0259rin faizl\u0259rind\u0259n istifad\u0259 edilm\u0259sidir:<\/p>\n\n\n\n<p>\u201c<em>Bu hesablama orta faiz il\u0259 real faiz aras\u0131nda f\u0259rq yarad\u0131r. Bununla yana\u015f\u0131, orta faizd\u0259n daha \u00e7ox, istehlak kreditl\u0259rinin faiz d\u0259r\u0259c\u0259l\u0259rinin azald\u0131lmas\u0131 istiqam\u0259tind\u0259 f\u0259aliyy\u0259tl\u0259rin g\u00fccl\u0259ndirilm\u0259si daha vacibdir\u201d.<\/em><\/p>\n\n\n\n<p>Qaydalara g\u00f6r\u0259, v\u0259t\u0259nda\u015f\u0131n kredit \u00f6d\u0259ni\u015fl\u0259rind\u0259n sonra \u0259lind\u0259 \u0259n az\u0131 ya\u015fay\u0131\u015f minimumu qalmal\u0131d\u0131r. 2023-c\u00fc il \u00fc\u00e7\u00fcn ya\u015fay\u0131\u015f minimumu \u00f6lk\u0259 \u00fczr\u0259 246 manat m\u00fc\u0259yy\u0259nl\u0259\u015fdirilib. Bu m\u0259bl\u0259\u011f \u0259m\u0259k qabiliyy\u0259tli \u0259hali \u00fc\u00e7\u00fcn 261 manat, pensiya\u00e7\u0131lar \u00fc\u00e7\u00fcn 199 manat, u\u015faqlar \u00fc\u00e7\u00fcn 220 manatd\u0131r.<\/p>\n\n\n<div class=\"wp-block-image\">\n<figure class=\"aligncenter size-large\"><img decoding=\"async\" width=\"1095\" height=\"821\" data-src=\"https:\/\/www.meydan.tv\/wp-content\/uploads\/shutterstock_1109187506-1095x821.jpg\" alt=\"\" class=\"wp-image-234061 lazyload\" src=\"data:image\/svg+xml;base64,PHN2ZyB3aWR0aD0iMSIgaGVpZ2h0PSIxIiB4bWxucz0iaHR0cDovL3d3dy53My5vcmcvMjAwMC9zdmciPjwvc3ZnPg==\" style=\"--smush-placeholder-width: 1095px; --smush-placeholder-aspect-ratio: 1095\/821;\" \/><figcaption class=\"wp-element-caption\">Az\u0259rbaycan M\u0259rk\u0259zi Bank\u0131, RHMN\/shutterstock<\/figcaption><\/figure>\n<\/div>\n\n\n<p>Adil M\u0259mm\u0259dovun ail\u0259si d\u00f6rd b\u00f6y\u00fck, bir u\u015faq olmaqla, be\u015f n\u0259f\u0259rd\u0259n ibar\u0259tdir. Onun ail\u0259sinin ya\u015fay\u0131\u015f minimumu 1204 manatd\u0131r. Ail\u0259nin ayl\u0131q g\u0259liri is\u0259 780 manatd\u0131r, y\u0259ni ya\u015fay\u0131\u015f minimumuna \u00e7atm\u0131r. Bu g\u0259lird\u0259n kredit \u00f6d\u0259y\u0259nd\u0259 is\u0259 ail\u0259y\u0259 qalan m\u0259bl\u0259\u011f ya\u015fay\u0131\u015f minimumunun yar\u0131s\u0131ndan da az olur.<\/p>\n","protected":false},"excerpt":{"rendered":"<p>Az\u0259rbaycanda \u0259haliy\u0259 \u0259n bahal\u0131 kredit \u015eamax\u0131, \u0130smay\u0131ll\u0131, A\u011fsu v\u0259 Qobustanda &#8230; <\/p>\n<p class=\"read-more-container\"><a title=\"B\u00f6lg\u0259l\u0259rd\u0259 banklar\u0131n kredit faizi Bak\u0131dan y\u00fcks\u0259kdir\" class=\"read-more button\" href=\"https:\/\/www.meydan.tv\/az\/article\/bolgelerde-banklarin-kredit-faizi-bakidan-yuksekdir\/#more-287602\" aria-label=\"Read more about B\u00f6lg\u0259l\u0259rd\u0259 banklar\u0131n kredit faizi Bak\u0131dan y\u00fcks\u0259kdir\">Davam\u0131<\/a><\/p>\n","protected":false},"author":8,"featured_media":229812,"comment_status":"closed","ping_status":"closed","sticky":false,"template":"","format":"standard","meta":{"_acf_changed":false,"_sitemap_exclude":false,"_sitemap_priority":"","_sitemap_frequency":"","footnotes":""},"categories":[60,53,79,56],"tags":[],"class_list":["post-287602","post","type-post","status-publish","format-standard","has-post-thumbnail","hentry","category-bolge","category-iqtisadiyyat","category-featured","category-xeberler","infinite-scroll-item","generate-columns","tablet-grid-50","mobile-grid-100","grid-parent","grid-33","no-featured-image-padding"],"acf":[],"yoast_head":"<!-- This site is optimized with the Yoast SEO plugin v27.4 - https:\/\/yoast.com\/product\/yoast-seo-wordpress\/ -->\n<title>B\u00f6lg\u0259l\u0259rd\u0259 banklar\u0131n kredit faizi Bak\u0131dan y\u00fcks\u0259kdir - MEYDAN.TV<\/title>\n<meta name=\"robots\" content=\"index, follow, max-snippet:-1, max-image-preview:large, max-video-preview:-1\" \/>\n<link rel=\"canonical\" href=\"https:\/\/www.meydan.tv\/az\/article\/bolgelerde-banklarin-kredit-faizi-bakidan-yuksekdir\/\" \/>\n<meta property=\"og:locale\" content=\"az_AZ\" \/>\n<meta property=\"og:type\" content=\"article\" \/>\n<meta property=\"og:title\" content=\"B\u00f6lg\u0259l\u0259rd\u0259 banklar\u0131n kredit faizi Bak\u0131dan y\u00fcks\u0259kdir - MEYDAN.TV\" \/>\n<meta property=\"og:description\" content=\"Az\u0259rbaycanda \u0259haliy\u0259 \u0259n bahal\u0131 kredit \u015eamax\u0131, \u0130smay\u0131ll\u0131, A\u011fsu v\u0259 Qobustanda ... Davam\u0131\" \/>\n<meta property=\"og:url\" content=\"https:\/\/www.meydan.tv\/az\/article\/bolgelerde-banklarin-kredit-faizi-bakidan-yuksekdir\/\" \/>\n<meta property=\"og:site_name\" content=\"MEYDAN.TV\" \/>\n<meta property=\"article:published_time\" content=\"2023-10-11T11:12:31+00:00\" \/>\n<meta property=\"article:modified_time\" content=\"2023-10-11T11:12:36+00:00\" \/>\n<meta property=\"og:image\" content=\"https:\/\/www.meydan.tv\/wp-content\/uploads\/fuzuli_international_airport_entrance.jpg\" \/>\n\t<meta property=\"og:image:width\" content=\"1200\" \/>\n\t<meta property=\"og:image:height\" content=\"800\" \/>\n\t<meta property=\"og:image:type\" content=\"image\/jpeg\" \/>\n<meta name=\"author\" content=\"elli\" \/>\n<meta name=\"twitter:card\" content=\"summary_large_image\" \/>\n<meta name=\"twitter:creator\" content=\"@elli\" \/>\n<script type=\"application\/ld+json\" class=\"yoast-schema-graph\">{\"@context\":\"https:\\\/\\\/schema.org\",\"@graph\":[{\"@type\":\"Article\",\"@id\":\"https:\\\/\\\/www.meydan.tv\\\/az\\\/article\\\/bolgelerde-banklarin-kredit-faizi-bakidan-yuksekdir\\\/#article\",\"isPartOf\":{\"@id\":\"https:\\\/\\\/www.meydan.tv\\\/az\\\/article\\\/bolgelerde-banklarin-kredit-faizi-bakidan-yuksekdir\\\/\"},\"author\":{\"name\":\"elli\",\"@id\":\"https:\\\/\\\/www.meydan.tv\\\/az\\\/#\\\/schema\\\/person\\\/9cdbecf90d17180ce1dfbd95b08dcf47\"},\"headline\":\"B\u00f6lg\u0259l\u0259rd\u0259 banklar\u0131n kredit faizi Bak\u0131dan y\u00fcks\u0259kdir\",\"datePublished\":\"2023-10-11T11:12:31+00:00\",\"dateModified\":\"2023-10-11T11:12:36+00:00\",\"mainEntityOfPage\":{\"@id\":\"https:\\\/\\\/www.meydan.tv\\\/az\\\/article\\\/bolgelerde-banklarin-kredit-faizi-bakidan-yuksekdir\\\/\"},\"wordCount\":775,\"publisher\":{\"@id\":\"https:\\\/\\\/www.meydan.tv\\\/az\\\/#organization\"},\"image\":{\"@id\":\"https:\\\/\\\/www.meydan.tv\\\/az\\\/article\\\/bolgelerde-banklarin-kredit-faizi-bakidan-yuksekdir\\\/#primaryimage\"},\"thumbnailUrl\":\"https:\\\/\\\/www.meydan.tv\\\/wp-content\\\/uploads\\\/fuzuli_international_airport_entrance.jpg\",\"articleSection\":[\"B\u00f6lg\u0259\",\"\u0130qtisadiyyat\",\"T\u00f6vsiy\u0259\",\"X\u0259b\u0259rl\u0259r\"],\"inLanguage\":\"az\"},{\"@type\":\"WebPage\",\"@id\":\"https:\\\/\\\/www.meydan.tv\\\/az\\\/article\\\/bolgelerde-banklarin-kredit-faizi-bakidan-yuksekdir\\\/\",\"url\":\"https:\\\/\\\/www.meydan.tv\\\/az\\\/article\\\/bolgelerde-banklarin-kredit-faizi-bakidan-yuksekdir\\\/\",\"name\":\"B\u00f6lg\u0259l\u0259rd\u0259 banklar\u0131n kredit faizi Bak\u0131dan y\u00fcks\u0259kdir - MEYDAN.TV\",\"isPartOf\":{\"@id\":\"https:\\\/\\\/www.meydan.tv\\\/az\\\/#website\"},\"primaryImageOfPage\":{\"@id\":\"https:\\\/\\\/www.meydan.tv\\\/az\\\/article\\\/bolgelerde-banklarin-kredit-faizi-bakidan-yuksekdir\\\/#primaryimage\"},\"image\":{\"@id\":\"https:\\\/\\\/www.meydan.tv\\\/az\\\/article\\\/bolgelerde-banklarin-kredit-faizi-bakidan-yuksekdir\\\/#primaryimage\"},\"thumbnailUrl\":\"https:\\\/\\\/www.meydan.tv\\\/wp-content\\\/uploads\\\/fuzuli_international_airport_entrance.jpg\",\"datePublished\":\"2023-10-11T11:12:31+00:00\",\"dateModified\":\"2023-10-11T11:12:36+00:00\",\"breadcrumb\":{\"@id\":\"https:\\\/\\\/www.meydan.tv\\\/az\\\/article\\\/bolgelerde-banklarin-kredit-faizi-bakidan-yuksekdir\\\/#breadcrumb\"},\"inLanguage\":\"az\",\"potentialAction\":[{\"@type\":\"ReadAction\",\"target\":[\"https:\\\/\\\/www.meydan.tv\\\/az\\\/article\\\/bolgelerde-banklarin-kredit-faizi-bakidan-yuksekdir\\\/\"]}]},{\"@type\":\"ImageObject\",\"inLanguage\":\"az\",\"@id\":\"https:\\\/\\\/www.meydan.tv\\\/az\\\/article\\\/bolgelerde-banklarin-kredit-faizi-bakidan-yuksekdir\\\/#primaryimage\",\"url\":\"https:\\\/\\\/www.meydan.tv\\\/wp-content\\\/uploads\\\/fuzuli_international_airport_entrance.jpg\",\"contentUrl\":\"https:\\\/\\\/www.meydan.tv\\\/wp-content\\\/uploads\\\/fuzuli_international_airport_entrance.jpg\",\"width\":1200,\"height\":800,\"caption\":\"Foto: Wikipedia\"},{\"@type\":\"BreadcrumbList\",\"@id\":\"https:\\\/\\\/www.meydan.tv\\\/az\\\/article\\\/bolgelerde-banklarin-kredit-faizi-bakidan-yuksekdir\\\/#breadcrumb\",\"itemListElement\":[{\"@type\":\"ListItem\",\"position\":1,\"name\":\"Ana s\u0259hif\u0259\",\"item\":\"https:\\\/\\\/www.meydan.tv\\\/az\\\/\"},{\"@type\":\"ListItem\",\"position\":2,\"name\":\"B\u00f6lg\u0259\",\"item\":\"https:\\\/\\\/www.meydan.tv\\\/az\\\/section\\\/bolge\\\/\"},{\"@type\":\"ListItem\",\"position\":3,\"name\":\"B\u00f6lg\u0259l\u0259rd\u0259 banklar\u0131n kredit faizi Bak\u0131dan y\u00fcks\u0259kdir\"}]},{\"@type\":\"WebSite\",\"@id\":\"https:\\\/\\\/www.meydan.tv\\\/az\\\/#website\",\"url\":\"https:\\\/\\\/www.meydan.tv\\\/az\\\/\",\"name\":\"MEYDAN.TV\",\"description\":\"Meydan TV Az\u0259rbaycan\u0131n media m\u0259kan\u0131ndak\u0131 alternativ s\u0259sidir\",\"publisher\":{\"@id\":\"https:\\\/\\\/www.meydan.tv\\\/az\\\/#organization\"},\"potentialAction\":[{\"@type\":\"SearchAction\",\"target\":{\"@type\":\"EntryPoint\",\"urlTemplate\":\"https:\\\/\\\/www.meydan.tv\\\/az\\\/?s={search_term_string}\"},\"query-input\":{\"@type\":\"PropertyValueSpecification\",\"valueRequired\":true,\"valueName\":\"search_term_string\"}}],\"inLanguage\":\"az\"},{\"@type\":\"Organization\",\"@id\":\"https:\\\/\\\/www.meydan.tv\\\/az\\\/#organization\",\"name\":\"Meydan TV\",\"url\":\"https:\\\/\\\/www.meydan.tv\\\/az\\\/\",\"logo\":{\"@type\":\"ImageObject\",\"inLanguage\":\"az\",\"@id\":\"https:\\\/\\\/www.meydan.tv\\\/az\\\/#\\\/schema\\\/logo\\\/image\\\/\",\"url\":\"https:\\\/\\\/www.meydan.tv\\\/wp-content\\\/uploads\\\/2021\\\/07\\\/meydan-logo.svg\",\"contentUrl\":\"https:\\\/\\\/www.meydan.tv\\\/wp-content\\\/uploads\\\/2021\\\/07\\\/meydan-logo.svg\",\"width\":195,\"height\":46,\"caption\":\"Meydan TV\"},\"image\":{\"@id\":\"https:\\\/\\\/www.meydan.tv\\\/az\\\/#\\\/schema\\\/logo\\\/image\\\/\"}},{\"@type\":\"Person\",\"@id\":\"https:\\\/\\\/www.meydan.tv\\\/az\\\/#\\\/schema\\\/person\\\/9cdbecf90d17180ce1dfbd95b08dcf47\",\"name\":\"elli\",\"sameAs\":[\"https:\\\/\\\/x.com\\\/elli\"]}]}<\/script>\n<!-- \/ Yoast SEO plugin. -->","yoast_head_json":{"title":"B\u00f6lg\u0259l\u0259rd\u0259 banklar\u0131n kredit faizi Bak\u0131dan y\u00fcks\u0259kdir - MEYDAN.TV","robots":{"index":"index","follow":"follow","max-snippet":"max-snippet:-1","max-image-preview":"max-image-preview:large","max-video-preview":"max-video-preview:-1"},"canonical":"https:\/\/www.meydan.tv\/az\/article\/bolgelerde-banklarin-kredit-faizi-bakidan-yuksekdir\/","og_locale":"az_AZ","og_type":"article","og_title":"B\u00f6lg\u0259l\u0259rd\u0259 banklar\u0131n kredit faizi Bak\u0131dan y\u00fcks\u0259kdir - MEYDAN.TV","og_description":"Az\u0259rbaycanda \u0259haliy\u0259 \u0259n bahal\u0131 kredit \u015eamax\u0131, \u0130smay\u0131ll\u0131, A\u011fsu v\u0259 Qobustanda ... Davam\u0131","og_url":"https:\/\/www.meydan.tv\/az\/article\/bolgelerde-banklarin-kredit-faizi-bakidan-yuksekdir\/","og_site_name":"MEYDAN.TV","article_published_time":"2023-10-11T11:12:31+00:00","article_modified_time":"2023-10-11T11:12:36+00:00","og_image":[{"width":1200,"height":800,"url":"https:\/\/www.meydan.tv\/wp-content\/uploads\/fuzuli_international_airport_entrance.jpg","type":"image\/jpeg"}],"author":"elli","twitter_card":"summary_large_image","twitter_creator":"@elli","schema":{"@context":"https:\/\/schema.org","@graph":[{"@type":"Article","@id":"https:\/\/www.meydan.tv\/az\/article\/bolgelerde-banklarin-kredit-faizi-bakidan-yuksekdir\/#article","isPartOf":{"@id":"https:\/\/www.meydan.tv\/az\/article\/bolgelerde-banklarin-kredit-faizi-bakidan-yuksekdir\/"},"author":{"name":"elli","@id":"https:\/\/www.meydan.tv\/az\/#\/schema\/person\/9cdbecf90d17180ce1dfbd95b08dcf47"},"headline":"B\u00f6lg\u0259l\u0259rd\u0259 banklar\u0131n kredit faizi Bak\u0131dan y\u00fcks\u0259kdir","datePublished":"2023-10-11T11:12:31+00:00","dateModified":"2023-10-11T11:12:36+00:00","mainEntityOfPage":{"@id":"https:\/\/www.meydan.tv\/az\/article\/bolgelerde-banklarin-kredit-faizi-bakidan-yuksekdir\/"},"wordCount":775,"publisher":{"@id":"https:\/\/www.meydan.tv\/az\/#organization"},"image":{"@id":"https:\/\/www.meydan.tv\/az\/article\/bolgelerde-banklarin-kredit-faizi-bakidan-yuksekdir\/#primaryimage"},"thumbnailUrl":"https:\/\/www.meydan.tv\/wp-content\/uploads\/fuzuli_international_airport_entrance.jpg","articleSection":["B\u00f6lg\u0259","\u0130qtisadiyyat","T\u00f6vsiy\u0259","X\u0259b\u0259rl\u0259r"],"inLanguage":"az"},{"@type":"WebPage","@id":"https:\/\/www.meydan.tv\/az\/article\/bolgelerde-banklarin-kredit-faizi-bakidan-yuksekdir\/","url":"https:\/\/www.meydan.tv\/az\/article\/bolgelerde-banklarin-kredit-faizi-bakidan-yuksekdir\/","name":"B\u00f6lg\u0259l\u0259rd\u0259 banklar\u0131n kredit faizi Bak\u0131dan y\u00fcks\u0259kdir - MEYDAN.TV","isPartOf":{"@id":"https:\/\/www.meydan.tv\/az\/#website"},"primaryImageOfPage":{"@id":"https:\/\/www.meydan.tv\/az\/article\/bolgelerde-banklarin-kredit-faizi-bakidan-yuksekdir\/#primaryimage"},"image":{"@id":"https:\/\/www.meydan.tv\/az\/article\/bolgelerde-banklarin-kredit-faizi-bakidan-yuksekdir\/#primaryimage"},"thumbnailUrl":"https:\/\/www.meydan.tv\/wp-content\/uploads\/fuzuli_international_airport_entrance.jpg","datePublished":"2023-10-11T11:12:31+00:00","dateModified":"2023-10-11T11:12:36+00:00","breadcrumb":{"@id":"https:\/\/www.meydan.tv\/az\/article\/bolgelerde-banklarin-kredit-faizi-bakidan-yuksekdir\/#breadcrumb"},"inLanguage":"az","potentialAction":[{"@type":"ReadAction","target":["https:\/\/www.meydan.tv\/az\/article\/bolgelerde-banklarin-kredit-faizi-bakidan-yuksekdir\/"]}]},{"@type":"ImageObject","inLanguage":"az","@id":"https:\/\/www.meydan.tv\/az\/article\/bolgelerde-banklarin-kredit-faizi-bakidan-yuksekdir\/#primaryimage","url":"https:\/\/www.meydan.tv\/wp-content\/uploads\/fuzuli_international_airport_entrance.jpg","contentUrl":"https:\/\/www.meydan.tv\/wp-content\/uploads\/fuzuli_international_airport_entrance.jpg","width":1200,"height":800,"caption":"Foto: Wikipedia"},{"@type":"BreadcrumbList","@id":"https:\/\/www.meydan.tv\/az\/article\/bolgelerde-banklarin-kredit-faizi-bakidan-yuksekdir\/#breadcrumb","itemListElement":[{"@type":"ListItem","position":1,"name":"Ana s\u0259hif\u0259","item":"https:\/\/www.meydan.tv\/az\/"},{"@type":"ListItem","position":2,"name":"B\u00f6lg\u0259","item":"https:\/\/www.meydan.tv\/az\/section\/bolge\/"},{"@type":"ListItem","position":3,"name":"B\u00f6lg\u0259l\u0259rd\u0259 banklar\u0131n kredit faizi Bak\u0131dan y\u00fcks\u0259kdir"}]},{"@type":"WebSite","@id":"https:\/\/www.meydan.tv\/az\/#website","url":"https:\/\/www.meydan.tv\/az\/","name":"MEYDAN.TV","description":"Meydan TV Az\u0259rbaycan\u0131n media m\u0259kan\u0131ndak\u0131 alternativ s\u0259sidir","publisher":{"@id":"https:\/\/www.meydan.tv\/az\/#organization"},"potentialAction":[{"@type":"SearchAction","target":{"@type":"EntryPoint","urlTemplate":"https:\/\/www.meydan.tv\/az\/?s={search_term_string}"},"query-input":{"@type":"PropertyValueSpecification","valueRequired":true,"valueName":"search_term_string"}}],"inLanguage":"az"},{"@type":"Organization","@id":"https:\/\/www.meydan.tv\/az\/#organization","name":"Meydan TV","url":"https:\/\/www.meydan.tv\/az\/","logo":{"@type":"ImageObject","inLanguage":"az","@id":"https:\/\/www.meydan.tv\/az\/#\/schema\/logo\/image\/","url":"https:\/\/www.meydan.tv\/wp-content\/uploads\/2021\/07\/meydan-logo.svg","contentUrl":"https:\/\/www.meydan.tv\/wp-content\/uploads\/2021\/07\/meydan-logo.svg","width":195,"height":46,"caption":"Meydan TV"},"image":{"@id":"https:\/\/www.meydan.tv\/az\/#\/schema\/logo\/image\/"}},{"@type":"Person","@id":"https:\/\/www.meydan.tv\/az\/#\/schema\/person\/9cdbecf90d17180ce1dfbd95b08dcf47","name":"elli","sameAs":["https:\/\/x.com\/elli"]}]}},"_links":{"self":[{"href":"https:\/\/www.meydan.tv\/az\/wp-json\/wp\/v2\/posts\/287602","targetHints":{"allow":["GET"]}}],"collection":[{"href":"https:\/\/www.meydan.tv\/az\/wp-json\/wp\/v2\/posts"}],"about":[{"href":"https:\/\/www.meydan.tv\/az\/wp-json\/wp\/v2\/types\/post"}],"author":[{"embeddable":true,"href":"https:\/\/www.meydan.tv\/az\/wp-json\/wp\/v2\/users\/8"}],"replies":[{"embeddable":true,"href":"https:\/\/www.meydan.tv\/az\/wp-json\/wp\/v2\/comments?post=287602"}],"version-history":[{"count":3,"href":"https:\/\/www.meydan.tv\/az\/wp-json\/wp\/v2\/posts\/287602\/revisions"}],"predecessor-version":[{"id":287607,"href":"https:\/\/www.meydan.tv\/az\/wp-json\/wp\/v2\/posts\/287602\/revisions\/287607"}],"wp:featuredmedia":[{"embeddable":true,"href":"https:\/\/www.meydan.tv\/az\/wp-json\/wp\/v2\/media\/229812"}],"wp:attachment":[{"href":"https:\/\/www.meydan.tv\/az\/wp-json\/wp\/v2\/media?parent=287602"}],"wp:term":[{"taxonomy":"category","embeddable":true,"href":"https:\/\/www.meydan.tv\/az\/wp-json\/wp\/v2\/categories?post=287602"},{"taxonomy":"post_tag","embeddable":true,"href":"https:\/\/www.meydan.tv\/az\/wp-json\/wp\/v2\/tags?post=287602"}],"curies":[{"name":"wp","href":"https:\/\/api.w.org\/{rel}","templated":true}]}}