{"id":287554,"date":"2023-10-10T20:42:57","date_gmt":"2023-10-10T16:42:57","guid":{"rendered":"https:\/\/www.meydan.tv\/?p=287554"},"modified":"2023-10-10T22:33:44","modified_gmt":"2023-10-10T18:33:44","slug":"siyasi-feal-huseyn-melik-hebs-edilib","status":"publish","type":"post","link":"https:\/\/www.meydan.tv\/az\/article\/siyasi-feal-huseyn-melik-hebs-edilib\/","title":{"rendered":"Siyasi f\u0259al H\u00fcseyn M\u0259lik h\u0259bs edilib"},"content":{"rendered":"\n<p><\/p>\n\n\n\n<p><strong><em>Partiyadan vur\u011fulan\u0131b ki, onun h\u0259bsinin \u0259sl s\u0259b\u0259bi \u201cFacebook\u201d platformas\u0131nda yazd\u0131qlar\u0131d\u0131r<\/em><\/strong><\/p>\n\n\n\n<p>Az\u0259rbaycan Demokratiya v\u0259 Rifah Partiyas\u0131n\u0131n (ADR) \u00fczv\u00fc H\u00fcseyn M\u0259lik h\u0259bs olunub. Oktyabr\u0131n 10-da S\u0259bail Rayon M\u0259hk\u0259m\u0259sinin q\u0259rar\u0131yla ona 30 sutka inzibati h\u0259bs c\u0259zas\u0131 verilib. Q\u0259rara \u0259sas\u0259n, ADR \u00fczv\u00fc&nbsp; \u0130nzibati X\u0259talar M\u0259c\u0259ll\u0259sinin 510 ( X\u0131rda xuliqanl\u0131q) v\u0259 535.1-ci (polisin qanuni t\u0259l\u0259bin\u0259 tabe olmama) madd\u0259l\u0259ril\u0259 t\u0259qsirli bilnib. Bu bar\u0259d\u0259 Meydan TV-y\u0259 partiyadan m\u0259lumat verilib.<\/p>\n\n\n\n<p>\u0130ddia olunur ki, 61 ya\u015fl\u0131 H\u00fcseyn M\u0259lik k\u00fc\u00e7\u0259d\u0259 s\u00f6y\u00fc\u015f s\u00f6y\u00fcb, onu polisl\u0259r intizama d\u0259v\u0259t ets\u0259l\u0259r d\u0259, tabe olmay\u0131b.<\/p>\n\n\n\n<p>Lakin partiyan\u0131n s\u0259dr m\u00fcavini \u018fdal\u0259t Yusub deyir ki, bu bar\u0259d\u0259 polis b\u00f6lm\u0259sind\u0259 haz\u0131rlanan protokolda yaz\u0131lanlar da, sonradan m\u0259hk\u0259m\u0259 q\u0259rar\u0131na k\u00f6\u00e7\u00fcr\u00fcl\u0259nl\u0259r d\u0259 yaland\u0131r. Onun s\u00f6zl\u0259rin\u0259 g\u00f6r\u0259, H\u00fcseyn M\u0259lik x\u0259st\u0259 olub. Buna baxmayaraq, oktyabr\u0131n 10-da s\u0259h\u0259r&nbsp;saat 9 rad\u0259l\u0259rind\u0259 evind\u0259n S\u0259bail rayonu, 41-ci polis b\u00f6lm\u0259sin\u0259 apar\u0131l\u0131b:<\/p>\n\n\n\n<p><em>&#8220;Adam\u0131 x\u0259st\u0259 yata\u011f\u0131ndan apar\u0131b, deyirl\u0259r ki, &#8220;k\u00fc\u00e7\u0259d\u0259 polis\u0259 m\u00fcqavim\u0259t g\u00f6st\u0259rib&#8221;. Bir&nbsp; h\u0259ft\u0259dir&nbsp; evinin&nbsp; kandar\u0131ndan \u00e7\u00f6l\u0259&nbsp; bir add\u0131m atmaq&nbsp; imkan\u0131&nbsp; olmayan, m\u00fcalic\u0259 alan adam haqq\u0131nda deyirl\u0259r. Biz hans\u0131 idar\u0259\u00e7ilik alt\u0131nda oldu\u011fumuzun f\u0259rqind\u0259yik&#8221;<\/em>.<\/p>\n\n\n\n<p>Partiyadan vur\u011fulan\u0131b ki, H\u00fcseyn M\u0259likin h\u0259bsinin \u0259sl s\u0259b\u0259bi onun \u201cFacebook\u201d platformas\u0131nda yazd\u0131qlar\u0131d\u0131r.<\/p>\n\n\n\n<p>M\u0259lumata g\u00f6r\u0259, H\u00fcseyn M\u0259lik bir m\u00fcdd\u0259t \u00f6nc\u0259 \u00fcr\u0259k \u0259m\u0259liyyat\u0131 ke\u00e7irib. O, h\u0259m\u00e7inin \u015f\u0259k\u0259rli diabetd\u0259n \u0259ziyy\u0259t \u00e7\u0259kir.<\/p>\n\n\n\n<p>H\u00fcseyn M\u0259lik bundan \u0259vv\u0259l d\u0259 polis\u0259 m\u00fcqavim\u0259t ittiham\u0131yla inzibati qaydada h\u0259bs edilib. O zaman da ADR \u00fczv\u00fc ittiham\u0131n saxta oldu\u011funu bildirmi\u015fdi.<\/p>\n\n\n\n<p>ADR-in Qazax rayon t\u0259\u015fkilat\u0131n\u0131n \u00fczv\u00fc V\u00fcsal Zeynalov da sentyabr\u0131n 30-da h\u0259bs olunub. <\/p>\n\n\n\n<p>Partiyadan veril\u0259n m\u0259lumata g\u00f6r\u0259, V\u00fcsal Zeynalov sosial media hesab\u0131nda Qazaxda h\u0259kim \u00e7at\u0131\u015fmazl\u0131\u011f\u0131ndan b\u0259hs ed\u0259n status payla\u015f\u0131b, Prezident \u0130lham \u018fliyevi t\u0259nqid edib. Bundan sonra o, Qazax rayon Polis \u015e\u00f6b\u0259sin\u0259 \u00e7a\u011f\u0131r\u0131l\u0131b, orada onun bar\u0259sind\u0259 protokol t\u0259rtib olunub, ard\u0131nca m\u0259hk\u0259m\u0259y\u0259 apar\u0131l\u0131b. Qazax rayon M\u0259hk\u0259m\u0259sind\u0259 is\u0259 onun haqq\u0131nda 20 g\u00fcnl\u00fck inzibati h\u0259bs q\u0259rar\u0131 \u00e7\u0131xar\u0131l\u0131b.<\/p>\n\n\n\n<p>Sentyabr\u0131n 16-da ADR-in X\u0259z\u0259r Rayon T\u0259\u015fkilat\u0131n\u0131 s\u0259dri Allahverdi Babayev d\u0259 h\u0259bs olunub. X\u0259z\u0259r rayon M\u0259hk\u0259m\u0259sind\u0259 ona polis\u0259 m\u00fcqavim\u0259t ittiham\u0131yla 30 sutka inzibati h\u0259bs c\u0259zas\u0131 k\u0259silib.<\/p>\n\n\n\n<p>ADR s\u0259dri, professor Qubad \u0130bado\u011flu da 3 aya yax\u0131nd\u0131r ki, h\u0259bsd\u0259dir.<\/p>\n","protected":false},"excerpt":{"rendered":"<p>Partiyadan vur\u011fulan\u0131b ki, onun h\u0259bsinin \u0259sl s\u0259b\u0259bi \u201cFacebook\u201d platformas\u0131nda yazd\u0131qlar\u0131d\u0131r &#8230; <\/p>\n<p class=\"read-more-container\"><a title=\"Siyasi f\u0259al H\u00fcseyn M\u0259lik h\u0259bs edilib\" class=\"read-more button\" href=\"https:\/\/www.meydan.tv\/az\/article\/siyasi-feal-huseyn-melik-hebs-edilib\/#more-287554\" aria-label=\"Read more about Siyasi f\u0259al H\u00fcseyn M\u0259lik h\u0259bs edilib\">Davam\u0131<\/a><\/p>\n","protected":false},"author":21,"featured_media":147758,"comment_status":"closed","ping_status":"closed","sticky":false,"template":"","format":"standard","meta":{"_acf_changed":false,"_sitemap_exclude":false,"_sitemap_priority":"","_sitemap_frequency":"","footnotes":""},"categories":[59,56],"tags":[],"class_list":["post-287554","post","type-post","status-publish","format-standard","has-post-thumbnail","hentry","category-siyaset","category-xeberler","infinite-scroll-item","generate-columns","tablet-grid-50","mobile-grid-100","grid-parent","grid-33","no-featured-image-padding"],"acf":[],"yoast_head":"<!-- This site is optimized with the Yoast SEO plugin v27.4 - https:\/\/yoast.com\/product\/yoast-seo-wordpress\/ -->\n<title>Siyasi f\u0259al H\u00fcseyn M\u0259lik h\u0259bs edilib - MEYDAN.TV<\/title>\n<meta name=\"robots\" content=\"index, follow, max-snippet:-1, max-image-preview:large, max-video-preview:-1\" \/>\n<link rel=\"canonical\" href=\"https:\/\/www.meydan.tv\/az\/article\/siyasi-feal-huseyn-melik-hebs-edilib\/\" \/>\n<meta property=\"og:locale\" content=\"az_AZ\" \/>\n<meta property=\"og:type\" content=\"article\" \/>\n<meta property=\"og:title\" content=\"Siyasi f\u0259al H\u00fcseyn M\u0259lik h\u0259bs edilib - MEYDAN.TV\" \/>\n<meta property=\"og:description\" content=\"Partiyadan vur\u011fulan\u0131b ki, onun h\u0259bsinin \u0259sl s\u0259b\u0259bi \u201cFacebook\u201d platformas\u0131nda yazd\u0131qlar\u0131d\u0131r ... Davam\u0131\" \/>\n<meta property=\"og:url\" content=\"https:\/\/www.meydan.tv\/az\/article\/siyasi-feal-huseyn-melik-hebs-edilib\/\" \/>\n<meta property=\"og:site_name\" content=\"MEYDAN.TV\" \/>\n<meta property=\"article:published_time\" content=\"2023-10-10T16:42:57+00:00\" \/>\n<meta property=\"article:modified_time\" content=\"2023-10-10T18:33:44+00:00\" \/>\n<meta property=\"og:image\" content=\"https:\/\/www.meydan.tv\/wp-content\/uploads\/huseyn-melik-e1696962787414.jpg\" \/>\n\t<meta property=\"og:image:width\" content=\"782\" \/>\n\t<meta property=\"og:image:height\" content=\"388\" \/>\n\t<meta property=\"og:image:type\" content=\"image\/jpeg\" \/>\n<meta name=\"author\" content=\"mahmud\" \/>\n<meta name=\"twitter:card\" content=\"summary_large_image\" \/>\n<script type=\"application\/ld+json\" class=\"yoast-schema-graph\">{\"@context\":\"https:\\\/\\\/schema.org\",\"@graph\":[{\"@type\":\"Article\",\"@id\":\"https:\\\/\\\/www.meydan.tv\\\/az\\\/article\\\/siyasi-feal-huseyn-melik-hebs-edilib\\\/#article\",\"isPartOf\":{\"@id\":\"https:\\\/\\\/www.meydan.tv\\\/az\\\/article\\\/siyasi-feal-huseyn-melik-hebs-edilib\\\/\"},\"author\":{\"name\":\"mahmud\",\"@id\":\"https:\\\/\\\/www.meydan.tv\\\/az\\\/#\\\/schema\\\/person\\\/09863e516102a829e72bedcf3f84c6b0\"},\"headline\":\"Siyasi f\u0259al H\u00fcseyn M\u0259lik h\u0259bs edilib\",\"datePublished\":\"2023-10-10T16:42:57+00:00\",\"dateModified\":\"2023-10-10T18:33:44+00:00\",\"mainEntityOfPage\":{\"@id\":\"https:\\\/\\\/www.meydan.tv\\\/az\\\/article\\\/siyasi-feal-huseyn-melik-hebs-edilib\\\/\"},\"wordCount\":519,\"publisher\":{\"@id\":\"https:\\\/\\\/www.meydan.tv\\\/az\\\/#organization\"},\"image\":{\"@id\":\"https:\\\/\\\/www.meydan.tv\\\/az\\\/article\\\/siyasi-feal-huseyn-melik-hebs-edilib\\\/#primaryimage\"},\"thumbnailUrl\":\"https:\\\/\\\/www.meydan.tv\\\/wp-content\\\/uploads\\\/huseyn-melik-e1696962787414.jpg\",\"articleSection\":[\"Siyas\u0259t\",\"X\u0259b\u0259rl\u0259r\"],\"inLanguage\":\"az\"},{\"@type\":\"WebPage\",\"@id\":\"https:\\\/\\\/www.meydan.tv\\\/az\\\/article\\\/siyasi-feal-huseyn-melik-hebs-edilib\\\/\",\"url\":\"https:\\\/\\\/www.meydan.tv\\\/az\\\/article\\\/siyasi-feal-huseyn-melik-hebs-edilib\\\/\",\"name\":\"Siyasi f\u0259al H\u00fcseyn M\u0259lik h\u0259bs edilib - MEYDAN.TV\",\"isPartOf\":{\"@id\":\"https:\\\/\\\/www.meydan.tv\\\/az\\\/#website\"},\"primaryImageOfPage\":{\"@id\":\"https:\\\/\\\/www.meydan.tv\\\/az\\\/article\\\/siyasi-feal-huseyn-melik-hebs-edilib\\\/#primaryimage\"},\"image\":{\"@id\":\"https:\\\/\\\/www.meydan.tv\\\/az\\\/article\\\/siyasi-feal-huseyn-melik-hebs-edilib\\\/#primaryimage\"},\"thumbnailUrl\":\"https:\\\/\\\/www.meydan.tv\\\/wp-content\\\/uploads\\\/huseyn-melik-e1696962787414.jpg\",\"datePublished\":\"2023-10-10T16:42:57+00:00\",\"dateModified\":\"2023-10-10T18:33:44+00:00\",\"breadcrumb\":{\"@id\":\"https:\\\/\\\/www.meydan.tv\\\/az\\\/article\\\/siyasi-feal-huseyn-melik-hebs-edilib\\\/#breadcrumb\"},\"inLanguage\":\"az\",\"potentialAction\":[{\"@type\":\"ReadAction\",\"target\":[\"https:\\\/\\\/www.meydan.tv\\\/az\\\/article\\\/siyasi-feal-huseyn-melik-hebs-edilib\\\/\"]}]},{\"@type\":\"ImageObject\",\"inLanguage\":\"az\",\"@id\":\"https:\\\/\\\/www.meydan.tv\\\/az\\\/article\\\/siyasi-feal-huseyn-melik-hebs-edilib\\\/#primaryimage\",\"url\":\"https:\\\/\\\/www.meydan.tv\\\/wp-content\\\/uploads\\\/huseyn-melik-e1696962787414.jpg\",\"contentUrl\":\"https:\\\/\\\/www.meydan.tv\\\/wp-content\\\/uploads\\\/huseyn-melik-e1696962787414.jpg\",\"width\":782,\"height\":388,\"caption\":\"Foto: arxiv\"},{\"@type\":\"BreadcrumbList\",\"@id\":\"https:\\\/\\\/www.meydan.tv\\\/az\\\/article\\\/siyasi-feal-huseyn-melik-hebs-edilib\\\/#breadcrumb\",\"itemListElement\":[{\"@type\":\"ListItem\",\"position\":1,\"name\":\"Ana s\u0259hif\u0259\",\"item\":\"https:\\\/\\\/www.meydan.tv\\\/az\\\/\"},{\"@type\":\"ListItem\",\"position\":2,\"name\":\"Siyas\u0259t\",\"item\":\"https:\\\/\\\/www.meydan.tv\\\/az\\\/section\\\/siyaset\\\/\"},{\"@type\":\"ListItem\",\"position\":3,\"name\":\"Siyasi f\u0259al H\u00fcseyn M\u0259lik h\u0259bs edilib\"}]},{\"@type\":\"WebSite\",\"@id\":\"https:\\\/\\\/www.meydan.tv\\\/az\\\/#website\",\"url\":\"https:\\\/\\\/www.meydan.tv\\\/az\\\/\",\"name\":\"MEYDAN.TV\",\"description\":\"Meydan TV Az\u0259rbaycan\u0131n media m\u0259kan\u0131ndak\u0131 alternativ s\u0259sidir\",\"publisher\":{\"@id\":\"https:\\\/\\\/www.meydan.tv\\\/az\\\/#organization\"},\"potentialAction\":[{\"@type\":\"SearchAction\",\"target\":{\"@type\":\"EntryPoint\",\"urlTemplate\":\"https:\\\/\\\/www.meydan.tv\\\/az\\\/?s={search_term_string}\"},\"query-input\":{\"@type\":\"PropertyValueSpecification\",\"valueRequired\":true,\"valueName\":\"search_term_string\"}}],\"inLanguage\":\"az\"},{\"@type\":\"Organization\",\"@id\":\"https:\\\/\\\/www.meydan.tv\\\/az\\\/#organization\",\"name\":\"Meydan TV\",\"url\":\"https:\\\/\\\/www.meydan.tv\\\/az\\\/\",\"logo\":{\"@type\":\"ImageObject\",\"inLanguage\":\"az\",\"@id\":\"https:\\\/\\\/www.meydan.tv\\\/az\\\/#\\\/schema\\\/logo\\\/image\\\/\",\"url\":\"https:\\\/\\\/www.meydan.tv\\\/wp-content\\\/uploads\\\/2021\\\/07\\\/meydan-logo.svg\",\"contentUrl\":\"https:\\\/\\\/www.meydan.tv\\\/wp-content\\\/uploads\\\/2021\\\/07\\\/meydan-logo.svg\",\"width\":195,\"height\":46,\"caption\":\"Meydan TV\"},\"image\":{\"@id\":\"https:\\\/\\\/www.meydan.tv\\\/az\\\/#\\\/schema\\\/logo\\\/image\\\/\"}},{\"@type\":\"Person\",\"@id\":\"https:\\\/\\\/www.meydan.tv\\\/az\\\/#\\\/schema\\\/person\\\/09863e516102a829e72bedcf3f84c6b0\",\"name\":\"mahmud\"}]}<\/script>\n<!-- \/ Yoast SEO plugin. -->","yoast_head_json":{"title":"Siyasi f\u0259al H\u00fcseyn M\u0259lik h\u0259bs edilib - MEYDAN.TV","robots":{"index":"index","follow":"follow","max-snippet":"max-snippet:-1","max-image-preview":"max-image-preview:large","max-video-preview":"max-video-preview:-1"},"canonical":"https:\/\/www.meydan.tv\/az\/article\/siyasi-feal-huseyn-melik-hebs-edilib\/","og_locale":"az_AZ","og_type":"article","og_title":"Siyasi f\u0259al H\u00fcseyn M\u0259lik h\u0259bs edilib - MEYDAN.TV","og_description":"Partiyadan vur\u011fulan\u0131b ki, onun h\u0259bsinin \u0259sl s\u0259b\u0259bi \u201cFacebook\u201d platformas\u0131nda yazd\u0131qlar\u0131d\u0131r ... Davam\u0131","og_url":"https:\/\/www.meydan.tv\/az\/article\/siyasi-feal-huseyn-melik-hebs-edilib\/","og_site_name":"MEYDAN.TV","article_published_time":"2023-10-10T16:42:57+00:00","article_modified_time":"2023-10-10T18:33:44+00:00","og_image":[{"width":782,"height":388,"url":"https:\/\/www.meydan.tv\/wp-content\/uploads\/huseyn-melik-e1696962787414.jpg","type":"image\/jpeg"}],"author":"mahmud","twitter_card":"summary_large_image","schema":{"@context":"https:\/\/schema.org","@graph":[{"@type":"Article","@id":"https:\/\/www.meydan.tv\/az\/article\/siyasi-feal-huseyn-melik-hebs-edilib\/#article","isPartOf":{"@id":"https:\/\/www.meydan.tv\/az\/article\/siyasi-feal-huseyn-melik-hebs-edilib\/"},"author":{"name":"mahmud","@id":"https:\/\/www.meydan.tv\/az\/#\/schema\/person\/09863e516102a829e72bedcf3f84c6b0"},"headline":"Siyasi f\u0259al H\u00fcseyn M\u0259lik h\u0259bs edilib","datePublished":"2023-10-10T16:42:57+00:00","dateModified":"2023-10-10T18:33:44+00:00","mainEntityOfPage":{"@id":"https:\/\/www.meydan.tv\/az\/article\/siyasi-feal-huseyn-melik-hebs-edilib\/"},"wordCount":519,"publisher":{"@id":"https:\/\/www.meydan.tv\/az\/#organization"},"image":{"@id":"https:\/\/www.meydan.tv\/az\/article\/siyasi-feal-huseyn-melik-hebs-edilib\/#primaryimage"},"thumbnailUrl":"https:\/\/www.meydan.tv\/wp-content\/uploads\/huseyn-melik-e1696962787414.jpg","articleSection":["Siyas\u0259t","X\u0259b\u0259rl\u0259r"],"inLanguage":"az"},{"@type":"WebPage","@id":"https:\/\/www.meydan.tv\/az\/article\/siyasi-feal-huseyn-melik-hebs-edilib\/","url":"https:\/\/www.meydan.tv\/az\/article\/siyasi-feal-huseyn-melik-hebs-edilib\/","name":"Siyasi f\u0259al H\u00fcseyn M\u0259lik h\u0259bs edilib - MEYDAN.TV","isPartOf":{"@id":"https:\/\/www.meydan.tv\/az\/#website"},"primaryImageOfPage":{"@id":"https:\/\/www.meydan.tv\/az\/article\/siyasi-feal-huseyn-melik-hebs-edilib\/#primaryimage"},"image":{"@id":"https:\/\/www.meydan.tv\/az\/article\/siyasi-feal-huseyn-melik-hebs-edilib\/#primaryimage"},"thumbnailUrl":"https:\/\/www.meydan.tv\/wp-content\/uploads\/huseyn-melik-e1696962787414.jpg","datePublished":"2023-10-10T16:42:57+00:00","dateModified":"2023-10-10T18:33:44+00:00","breadcrumb":{"@id":"https:\/\/www.meydan.tv\/az\/article\/siyasi-feal-huseyn-melik-hebs-edilib\/#breadcrumb"},"inLanguage":"az","potentialAction":[{"@type":"ReadAction","target":["https:\/\/www.meydan.tv\/az\/article\/siyasi-feal-huseyn-melik-hebs-edilib\/"]}]},{"@type":"ImageObject","inLanguage":"az","@id":"https:\/\/www.meydan.tv\/az\/article\/siyasi-feal-huseyn-melik-hebs-edilib\/#primaryimage","url":"https:\/\/www.meydan.tv\/wp-content\/uploads\/huseyn-melik-e1696962787414.jpg","contentUrl":"https:\/\/www.meydan.tv\/wp-content\/uploads\/huseyn-melik-e1696962787414.jpg","width":782,"height":388,"caption":"Foto: arxiv"},{"@type":"BreadcrumbList","@id":"https:\/\/www.meydan.tv\/az\/article\/siyasi-feal-huseyn-melik-hebs-edilib\/#breadcrumb","itemListElement":[{"@type":"ListItem","position":1,"name":"Ana s\u0259hif\u0259","item":"https:\/\/www.meydan.tv\/az\/"},{"@type":"ListItem","position":2,"name":"Siyas\u0259t","item":"https:\/\/www.meydan.tv\/az\/section\/siyaset\/"},{"@type":"ListItem","position":3,"name":"Siyasi f\u0259al H\u00fcseyn M\u0259lik h\u0259bs edilib"}]},{"@type":"WebSite","@id":"https:\/\/www.meydan.tv\/az\/#website","url":"https:\/\/www.meydan.tv\/az\/","name":"MEYDAN.TV","description":"Meydan TV Az\u0259rbaycan\u0131n media m\u0259kan\u0131ndak\u0131 alternativ s\u0259sidir","publisher":{"@id":"https:\/\/www.meydan.tv\/az\/#organization"},"potentialAction":[{"@type":"SearchAction","target":{"@type":"EntryPoint","urlTemplate":"https:\/\/www.meydan.tv\/az\/?s={search_term_string}"},"query-input":{"@type":"PropertyValueSpecification","valueRequired":true,"valueName":"search_term_string"}}],"inLanguage":"az"},{"@type":"Organization","@id":"https:\/\/www.meydan.tv\/az\/#organization","name":"Meydan TV","url":"https:\/\/www.meydan.tv\/az\/","logo":{"@type":"ImageObject","inLanguage":"az","@id":"https:\/\/www.meydan.tv\/az\/#\/schema\/logo\/image\/","url":"https:\/\/www.meydan.tv\/wp-content\/uploads\/2021\/07\/meydan-logo.svg","contentUrl":"https:\/\/www.meydan.tv\/wp-content\/uploads\/2021\/07\/meydan-logo.svg","width":195,"height":46,"caption":"Meydan TV"},"image":{"@id":"https:\/\/www.meydan.tv\/az\/#\/schema\/logo\/image\/"}},{"@type":"Person","@id":"https:\/\/www.meydan.tv\/az\/#\/schema\/person\/09863e516102a829e72bedcf3f84c6b0","name":"mahmud"}]}},"_links":{"self":[{"href":"https:\/\/www.meydan.tv\/az\/wp-json\/wp\/v2\/posts\/287554","targetHints":{"allow":["GET"]}}],"collection":[{"href":"https:\/\/www.meydan.tv\/az\/wp-json\/wp\/v2\/posts"}],"about":[{"href":"https:\/\/www.meydan.tv\/az\/wp-json\/wp\/v2\/types\/post"}],"author":[{"embeddable":true,"href":"https:\/\/www.meydan.tv\/az\/wp-json\/wp\/v2\/users\/21"}],"replies":[{"embeddable":true,"href":"https:\/\/www.meydan.tv\/az\/wp-json\/wp\/v2\/comments?post=287554"}],"version-history":[{"count":3,"href":"https:\/\/www.meydan.tv\/az\/wp-json\/wp\/v2\/posts\/287554\/revisions"}],"predecessor-version":[{"id":287566,"href":"https:\/\/www.meydan.tv\/az\/wp-json\/wp\/v2\/posts\/287554\/revisions\/287566"}],"wp:featuredmedia":[{"embeddable":true,"href":"https:\/\/www.meydan.tv\/az\/wp-json\/wp\/v2\/media\/147758"}],"wp:attachment":[{"href":"https:\/\/www.meydan.tv\/az\/wp-json\/wp\/v2\/media?parent=287554"}],"wp:term":[{"taxonomy":"category","embeddable":true,"href":"https:\/\/www.meydan.tv\/az\/wp-json\/wp\/v2\/categories?post=287554"},{"taxonomy":"post_tag","embeddable":true,"href":"https:\/\/www.meydan.tv\/az\/wp-json\/wp\/v2\/tags?post=287554"}],"curies":[{"name":"wp","href":"https:\/\/api.w.org\/{rel}","templated":true}]}}