{"id":287536,"date":"2023-10-10T18:39:24","date_gmt":"2023-10-10T14:39:24","guid":{"rendered":"https:\/\/www.meydan.tv\/?p=287536"},"modified":"2023-10-10T18:39:26","modified_gmt":"2023-10-10T14:39:26","slug":"bal-yarmarkasi-vaxt-mehdud-alici-yox","status":"publish","type":"post","link":"https:\/\/www.meydan.tv\/az\/article\/bal-yarmarkasi-vaxt-mehdud-alici-yox\/","title":{"rendered":"Bal yarmarkas\u0131: Vaxt m\u0259hdud, al\u0131c\u0131 yox"},"content":{"rendered":"\n<p><a href=\"https:\/\/www.youtube.com\/@MeydanTelevision\"><\/a><\/p>\n\n\n\n<figure class=\"wp-block-embed is-type-video is-provider-youtube wp-block-embed-youtube wp-embed-aspect-16-9 wp-has-aspect-ratio\"><div class=\"wp-block-embed__wrapper\">\n<iframe title=\"Bal yarmarkas\u0131: Vaxt m\u0259hdud, al\u0131c\u0131 yox\" width=\"1200\" height=\"675\" data-src=\"https:\/\/www.youtube.com\/embed\/wdG0-QRclrY?feature=oembed\" frameborder=\"0\" allow=\"accelerometer; autoplay; clipboard-write; encrypted-media; gyroscope; picture-in-picture; web-share\" allowfullscreen src=\"data:image\/svg+xml;base64,PHN2ZyB3aWR0aD0iMSIgaGVpZ2h0PSIxIiB4bWxucz0iaHR0cDovL3d3dy53My5vcmcvMjAwMC9zdmciPjwvc3ZnPg==\" class=\"lazyload\" data-load-mode=\"1\"><\/iframe>\n<\/div><\/figure>\n\n\n\n<p>\u201cAr\u0131\u00e7\u0131lar c\u0259miyy\u0259tin kas\u0131b t\u0259b\u0259q\u0259sidir. Onlar\u0131n ya\u015fay\u0131\u015f\u0131, onlar\u0131n g\u00fcz\u0259ran\u0131 ar\u0131\u00e7\u0131l\u0131qdan as\u0131l\u0131d\u0131r. Bak\u0131 c\u0259miyy\u0259tin\u0259, Az\u0259rbaycan xalq\u0131na s\u0259sl\u0259nir\u0259m. G\u0259lib bu t\u0259miz ballardan als\u0131nlar\u201d. Bak\u0131n\u0131n \u201cG\u0259nclik\u201d metrostansiyas\u0131 yax\u0131nl\u0131\u011f\u0131nda, F\u0259t\u0259li xan Xoyski 5 \u00fcnvan\u0131nda ar\u0131\u00e7\u0131l\u0131q m\u0259hsullar\u0131n\u0131n 23-c\u00fc Respublika S\u0259rgi-Sat\u0131\u015f Yarmarkas\u0131 ke\u00e7irilir. Yarmarka 2-20 oktyabr tarixl\u0259rind\u0259 davam ed\u0259c\u0259k.<\/p>\n","protected":false},"excerpt":{"rendered":"<p>\u201cAr\u0131\u00e7\u0131lar c\u0259miyy\u0259tin kas\u0131b t\u0259b\u0259q\u0259sidir. Onlar\u0131n ya\u015fay\u0131\u015f\u0131, onlar\u0131n g\u00fcz\u0259ran\u0131 ar\u0131\u00e7\u0131l\u0131qdan as\u0131l\u0131d\u0131r. &#8230; <\/p>\n<p class=\"read-more-container\"><a title=\"Bal yarmarkas\u0131: Vaxt m\u0259hdud, al\u0131c\u0131 yox\" class=\"read-more button\" href=\"https:\/\/www.meydan.tv\/az\/article\/bal-yarmarkasi-vaxt-mehdud-alici-yox\/#more-287536\" aria-label=\"Read more about Bal yarmarkas\u0131: Vaxt m\u0259hdud, al\u0131c\u0131 yox\">Davam\u0131<\/a><\/p>\n","protected":false},"author":12,"featured_media":287538,"comment_status":"closed","ping_status":"closed","sticky":false,"template":"","format":"standard","meta":{"_acf_changed":false,"_sitemap_exclude":false,"_sitemap_priority":"","_sitemap_frequency":"","footnotes":""},"categories":[62,63],"tags":[],"class_list":["post-287536","post","type-post","status-publish","format-standard","has-post-thumbnail","hentry","category-sosial","category-video-2","infinite-scroll-item","generate-columns","tablet-grid-50","mobile-grid-100","grid-parent","grid-33","no-featured-image-padding"],"acf":[],"yoast_head":"<!-- This site is optimized with the Yoast SEO plugin v27.5 - https:\/\/yoast.com\/product\/yoast-seo-wordpress\/ -->\n<title>Bal yarmarkas\u0131: Vaxt m\u0259hdud, al\u0131c\u0131 yox - MEYDAN.TV<\/title>\n<meta name=\"robots\" content=\"index, follow, max-snippet:-1, max-image-preview:large, max-video-preview:-1\" \/>\n<link rel=\"canonical\" href=\"https:\/\/www.meydan.tv\/az\/article\/bal-yarmarkasi-vaxt-mehdud-alici-yox\/\" \/>\n<meta property=\"og:locale\" content=\"az_AZ\" \/>\n<meta property=\"og:type\" content=\"article\" \/>\n<meta property=\"og:title\" content=\"Bal yarmarkas\u0131: Vaxt m\u0259hdud, al\u0131c\u0131 yox - MEYDAN.TV\" \/>\n<meta property=\"og:description\" content=\"\u201cAr\u0131\u00e7\u0131lar c\u0259miyy\u0259tin kas\u0131b t\u0259b\u0259q\u0259sidir. Onlar\u0131n ya\u015fay\u0131\u015f\u0131, onlar\u0131n g\u00fcz\u0259ran\u0131 ar\u0131\u00e7\u0131l\u0131qdan as\u0131l\u0131d\u0131r. ... Davam\u0131\" \/>\n<meta property=\"og:url\" content=\"https:\/\/www.meydan.tv\/az\/article\/bal-yarmarkasi-vaxt-mehdud-alici-yox\/\" \/>\n<meta property=\"og:site_name\" content=\"MEYDAN.TV\" \/>\n<meta property=\"article:published_time\" content=\"2023-10-10T14:39:24+00:00\" \/>\n<meta property=\"article:modified_time\" content=\"2023-10-10T14:39:26+00:00\" \/>\n<meta property=\"og:image\" content=\"https:\/\/www.meydan.tv\/wp-content\/uploads\/reportaj-cover-1-17.png\" \/>\n\t<meta property=\"og:image:width\" content=\"1280\" \/>\n\t<meta property=\"og:image:height\" content=\"720\" \/>\n\t<meta property=\"og:image:type\" content=\"image\/png\" \/>\n<meta name=\"author\" content=\"aleks\" \/>\n<meta name=\"twitter:card\" content=\"summary_large_image\" \/>\n<script type=\"application\/ld+json\" class=\"yoast-schema-graph\">{\"@context\":\"https:\\\/\\\/schema.org\",\"@graph\":[{\"@type\":\"Article\",\"@id\":\"https:\\\/\\\/www.meydan.tv\\\/az\\\/article\\\/bal-yarmarkasi-vaxt-mehdud-alici-yox\\\/#article\",\"isPartOf\":{\"@id\":\"https:\\\/\\\/www.meydan.tv\\\/az\\\/article\\\/bal-yarmarkasi-vaxt-mehdud-alici-yox\\\/\"},\"author\":{\"name\":\"aleks\",\"@id\":\"https:\\\/\\\/www.meydan.tv\\\/az\\\/#\\\/schema\\\/person\\\/476e9360e593fa131d5d71d51866f8da\"},\"headline\":\"Bal yarmarkas\u0131: Vaxt m\u0259hdud, al\u0131c\u0131 yox\",\"datePublished\":\"2023-10-10T14:39:24+00:00\",\"dateModified\":\"2023-10-10T14:39:26+00:00\",\"mainEntityOfPage\":{\"@id\":\"https:\\\/\\\/www.meydan.tv\\\/az\\\/article\\\/bal-yarmarkasi-vaxt-mehdud-alici-yox\\\/\"},\"wordCount\":104,\"publisher\":{\"@id\":\"https:\\\/\\\/www.meydan.tv\\\/az\\\/#organization\"},\"image\":{\"@id\":\"https:\\\/\\\/www.meydan.tv\\\/az\\\/article\\\/bal-yarmarkasi-vaxt-mehdud-alici-yox\\\/#primaryimage\"},\"thumbnailUrl\":\"https:\\\/\\\/www.meydan.tv\\\/wp-content\\\/uploads\\\/reportaj-cover-1-17.png\",\"articleSection\":[\"Sosial\",\"Video\"],\"inLanguage\":\"az\"},{\"@type\":\"WebPage\",\"@id\":\"https:\\\/\\\/www.meydan.tv\\\/az\\\/article\\\/bal-yarmarkasi-vaxt-mehdud-alici-yox\\\/\",\"url\":\"https:\\\/\\\/www.meydan.tv\\\/az\\\/article\\\/bal-yarmarkasi-vaxt-mehdud-alici-yox\\\/\",\"name\":\"Bal yarmarkas\u0131: Vaxt m\u0259hdud, al\u0131c\u0131 yox - MEYDAN.TV\",\"isPartOf\":{\"@id\":\"https:\\\/\\\/www.meydan.tv\\\/az\\\/#website\"},\"primaryImageOfPage\":{\"@id\":\"https:\\\/\\\/www.meydan.tv\\\/az\\\/article\\\/bal-yarmarkasi-vaxt-mehdud-alici-yox\\\/#primaryimage\"},\"image\":{\"@id\":\"https:\\\/\\\/www.meydan.tv\\\/az\\\/article\\\/bal-yarmarkasi-vaxt-mehdud-alici-yox\\\/#primaryimage\"},\"thumbnailUrl\":\"https:\\\/\\\/www.meydan.tv\\\/wp-content\\\/uploads\\\/reportaj-cover-1-17.png\",\"datePublished\":\"2023-10-10T14:39:24+00:00\",\"dateModified\":\"2023-10-10T14:39:26+00:00\",\"breadcrumb\":{\"@id\":\"https:\\\/\\\/www.meydan.tv\\\/az\\\/article\\\/bal-yarmarkasi-vaxt-mehdud-alici-yox\\\/#breadcrumb\"},\"inLanguage\":\"az\",\"potentialAction\":[{\"@type\":\"ReadAction\",\"target\":[\"https:\\\/\\\/www.meydan.tv\\\/az\\\/article\\\/bal-yarmarkasi-vaxt-mehdud-alici-yox\\\/\"]}]},{\"@type\":\"ImageObject\",\"inLanguage\":\"az\",\"@id\":\"https:\\\/\\\/www.meydan.tv\\\/az\\\/article\\\/bal-yarmarkasi-vaxt-mehdud-alici-yox\\\/#primaryimage\",\"url\":\"https:\\\/\\\/www.meydan.tv\\\/wp-content\\\/uploads\\\/reportaj-cover-1-17.png\",\"contentUrl\":\"https:\\\/\\\/www.meydan.tv\\\/wp-content\\\/uploads\\\/reportaj-cover-1-17.png\",\"width\":1280,\"height\":720},{\"@type\":\"BreadcrumbList\",\"@id\":\"https:\\\/\\\/www.meydan.tv\\\/az\\\/article\\\/bal-yarmarkasi-vaxt-mehdud-alici-yox\\\/#breadcrumb\",\"itemListElement\":[{\"@type\":\"ListItem\",\"position\":1,\"name\":\"Ana s\u0259hif\u0259\",\"item\":\"https:\\\/\\\/www.meydan.tv\\\/az\\\/\"},{\"@type\":\"ListItem\",\"position\":2,\"name\":\"Video\",\"item\":\"https:\\\/\\\/www.meydan.tv\\\/az\\\/section\\\/video-2\\\/\"},{\"@type\":\"ListItem\",\"position\":3,\"name\":\"Bal yarmarkas\u0131: Vaxt m\u0259hdud, al\u0131c\u0131 yox\"}]},{\"@type\":\"WebSite\",\"@id\":\"https:\\\/\\\/www.meydan.tv\\\/az\\\/#website\",\"url\":\"https:\\\/\\\/www.meydan.tv\\\/az\\\/\",\"name\":\"MEYDAN.TV\",\"description\":\"Meydan TV Az\u0259rbaycan\u0131n media m\u0259kan\u0131ndak\u0131 alternativ s\u0259sidir\",\"publisher\":{\"@id\":\"https:\\\/\\\/www.meydan.tv\\\/az\\\/#organization\"},\"potentialAction\":[{\"@type\":\"SearchAction\",\"target\":{\"@type\":\"EntryPoint\",\"urlTemplate\":\"https:\\\/\\\/www.meydan.tv\\\/az\\\/?s={search_term_string}\"},\"query-input\":{\"@type\":\"PropertyValueSpecification\",\"valueRequired\":true,\"valueName\":\"search_term_string\"}}],\"inLanguage\":\"az\"},{\"@type\":\"Organization\",\"@id\":\"https:\\\/\\\/www.meydan.tv\\\/az\\\/#organization\",\"name\":\"Meydan TV\",\"url\":\"https:\\\/\\\/www.meydan.tv\\\/az\\\/\",\"logo\":{\"@type\":\"ImageObject\",\"inLanguage\":\"az\",\"@id\":\"https:\\\/\\\/www.meydan.tv\\\/az\\\/#\\\/schema\\\/logo\\\/image\\\/\",\"url\":\"https:\\\/\\\/www.meydan.tv\\\/wp-content\\\/uploads\\\/2021\\\/07\\\/meydan-logo.svg\",\"contentUrl\":\"https:\\\/\\\/www.meydan.tv\\\/wp-content\\\/uploads\\\/2021\\\/07\\\/meydan-logo.svg\",\"width\":195,\"height\":46,\"caption\":\"Meydan TV\"},\"image\":{\"@id\":\"https:\\\/\\\/www.meydan.tv\\\/az\\\/#\\\/schema\\\/logo\\\/image\\\/\"}},{\"@type\":\"Person\",\"@id\":\"https:\\\/\\\/www.meydan.tv\\\/az\\\/#\\\/schema\\\/person\\\/476e9360e593fa131d5d71d51866f8da\",\"name\":\"aleks\"}]}<\/script>\n<!-- \/ Yoast SEO plugin. -->","yoast_head_json":{"title":"Bal yarmarkas\u0131: Vaxt m\u0259hdud, al\u0131c\u0131 yox - MEYDAN.TV","robots":{"index":"index","follow":"follow","max-snippet":"max-snippet:-1","max-image-preview":"max-image-preview:large","max-video-preview":"max-video-preview:-1"},"canonical":"https:\/\/www.meydan.tv\/az\/article\/bal-yarmarkasi-vaxt-mehdud-alici-yox\/","og_locale":"az_AZ","og_type":"article","og_title":"Bal yarmarkas\u0131: Vaxt m\u0259hdud, al\u0131c\u0131 yox - MEYDAN.TV","og_description":"\u201cAr\u0131\u00e7\u0131lar c\u0259miyy\u0259tin kas\u0131b t\u0259b\u0259q\u0259sidir. Onlar\u0131n ya\u015fay\u0131\u015f\u0131, onlar\u0131n g\u00fcz\u0259ran\u0131 ar\u0131\u00e7\u0131l\u0131qdan as\u0131l\u0131d\u0131r. ... Davam\u0131","og_url":"https:\/\/www.meydan.tv\/az\/article\/bal-yarmarkasi-vaxt-mehdud-alici-yox\/","og_site_name":"MEYDAN.TV","article_published_time":"2023-10-10T14:39:24+00:00","article_modified_time":"2023-10-10T14:39:26+00:00","og_image":[{"width":1280,"height":720,"url":"https:\/\/www.meydan.tv\/wp-content\/uploads\/reportaj-cover-1-17.png","type":"image\/png"}],"author":"aleks","twitter_card":"summary_large_image","schema":{"@context":"https:\/\/schema.org","@graph":[{"@type":"Article","@id":"https:\/\/www.meydan.tv\/az\/article\/bal-yarmarkasi-vaxt-mehdud-alici-yox\/#article","isPartOf":{"@id":"https:\/\/www.meydan.tv\/az\/article\/bal-yarmarkasi-vaxt-mehdud-alici-yox\/"},"author":{"name":"aleks","@id":"https:\/\/www.meydan.tv\/az\/#\/schema\/person\/476e9360e593fa131d5d71d51866f8da"},"headline":"Bal yarmarkas\u0131: Vaxt m\u0259hdud, al\u0131c\u0131 yox","datePublished":"2023-10-10T14:39:24+00:00","dateModified":"2023-10-10T14:39:26+00:00","mainEntityOfPage":{"@id":"https:\/\/www.meydan.tv\/az\/article\/bal-yarmarkasi-vaxt-mehdud-alici-yox\/"},"wordCount":104,"publisher":{"@id":"https:\/\/www.meydan.tv\/az\/#organization"},"image":{"@id":"https:\/\/www.meydan.tv\/az\/article\/bal-yarmarkasi-vaxt-mehdud-alici-yox\/#primaryimage"},"thumbnailUrl":"https:\/\/www.meydan.tv\/wp-content\/uploads\/reportaj-cover-1-17.png","articleSection":["Sosial","Video"],"inLanguage":"az"},{"@type":"WebPage","@id":"https:\/\/www.meydan.tv\/az\/article\/bal-yarmarkasi-vaxt-mehdud-alici-yox\/","url":"https:\/\/www.meydan.tv\/az\/article\/bal-yarmarkasi-vaxt-mehdud-alici-yox\/","name":"Bal yarmarkas\u0131: Vaxt m\u0259hdud, al\u0131c\u0131 yox - MEYDAN.TV","isPartOf":{"@id":"https:\/\/www.meydan.tv\/az\/#website"},"primaryImageOfPage":{"@id":"https:\/\/www.meydan.tv\/az\/article\/bal-yarmarkasi-vaxt-mehdud-alici-yox\/#primaryimage"},"image":{"@id":"https:\/\/www.meydan.tv\/az\/article\/bal-yarmarkasi-vaxt-mehdud-alici-yox\/#primaryimage"},"thumbnailUrl":"https:\/\/www.meydan.tv\/wp-content\/uploads\/reportaj-cover-1-17.png","datePublished":"2023-10-10T14:39:24+00:00","dateModified":"2023-10-10T14:39:26+00:00","breadcrumb":{"@id":"https:\/\/www.meydan.tv\/az\/article\/bal-yarmarkasi-vaxt-mehdud-alici-yox\/#breadcrumb"},"inLanguage":"az","potentialAction":[{"@type":"ReadAction","target":["https:\/\/www.meydan.tv\/az\/article\/bal-yarmarkasi-vaxt-mehdud-alici-yox\/"]}]},{"@type":"ImageObject","inLanguage":"az","@id":"https:\/\/www.meydan.tv\/az\/article\/bal-yarmarkasi-vaxt-mehdud-alici-yox\/#primaryimage","url":"https:\/\/www.meydan.tv\/wp-content\/uploads\/reportaj-cover-1-17.png","contentUrl":"https:\/\/www.meydan.tv\/wp-content\/uploads\/reportaj-cover-1-17.png","width":1280,"height":720},{"@type":"BreadcrumbList","@id":"https:\/\/www.meydan.tv\/az\/article\/bal-yarmarkasi-vaxt-mehdud-alici-yox\/#breadcrumb","itemListElement":[{"@type":"ListItem","position":1,"name":"Ana s\u0259hif\u0259","item":"https:\/\/www.meydan.tv\/az\/"},{"@type":"ListItem","position":2,"name":"Video","item":"https:\/\/www.meydan.tv\/az\/section\/video-2\/"},{"@type":"ListItem","position":3,"name":"Bal yarmarkas\u0131: Vaxt m\u0259hdud, al\u0131c\u0131 yox"}]},{"@type":"WebSite","@id":"https:\/\/www.meydan.tv\/az\/#website","url":"https:\/\/www.meydan.tv\/az\/","name":"MEYDAN.TV","description":"Meydan TV Az\u0259rbaycan\u0131n media m\u0259kan\u0131ndak\u0131 alternativ s\u0259sidir","publisher":{"@id":"https:\/\/www.meydan.tv\/az\/#organization"},"potentialAction":[{"@type":"SearchAction","target":{"@type":"EntryPoint","urlTemplate":"https:\/\/www.meydan.tv\/az\/?s={search_term_string}"},"query-input":{"@type":"PropertyValueSpecification","valueRequired":true,"valueName":"search_term_string"}}],"inLanguage":"az"},{"@type":"Organization","@id":"https:\/\/www.meydan.tv\/az\/#organization","name":"Meydan TV","url":"https:\/\/www.meydan.tv\/az\/","logo":{"@type":"ImageObject","inLanguage":"az","@id":"https:\/\/www.meydan.tv\/az\/#\/schema\/logo\/image\/","url":"https:\/\/www.meydan.tv\/wp-content\/uploads\/2021\/07\/meydan-logo.svg","contentUrl":"https:\/\/www.meydan.tv\/wp-content\/uploads\/2021\/07\/meydan-logo.svg","width":195,"height":46,"caption":"Meydan TV"},"image":{"@id":"https:\/\/www.meydan.tv\/az\/#\/schema\/logo\/image\/"}},{"@type":"Person","@id":"https:\/\/www.meydan.tv\/az\/#\/schema\/person\/476e9360e593fa131d5d71d51866f8da","name":"aleks"}]}},"_links":{"self":[{"href":"https:\/\/www.meydan.tv\/az\/wp-json\/wp\/v2\/posts\/287536","targetHints":{"allow":["GET"]}}],"collection":[{"href":"https:\/\/www.meydan.tv\/az\/wp-json\/wp\/v2\/posts"}],"about":[{"href":"https:\/\/www.meydan.tv\/az\/wp-json\/wp\/v2\/types\/post"}],"author":[{"embeddable":true,"href":"https:\/\/www.meydan.tv\/az\/wp-json\/wp\/v2\/users\/12"}],"replies":[{"embeddable":true,"href":"https:\/\/www.meydan.tv\/az\/wp-json\/wp\/v2\/comments?post=287536"}],"version-history":[{"count":1,"href":"https:\/\/www.meydan.tv\/az\/wp-json\/wp\/v2\/posts\/287536\/revisions"}],"predecessor-version":[{"id":287541,"href":"https:\/\/www.meydan.tv\/az\/wp-json\/wp\/v2\/posts\/287536\/revisions\/287541"}],"wp:featuredmedia":[{"embeddable":true,"href":"https:\/\/www.meydan.tv\/az\/wp-json\/wp\/v2\/media\/287538"}],"wp:attachment":[{"href":"https:\/\/www.meydan.tv\/az\/wp-json\/wp\/v2\/media?parent=287536"}],"wp:term":[{"taxonomy":"category","embeddable":true,"href":"https:\/\/www.meydan.tv\/az\/wp-json\/wp\/v2\/categories?post=287536"},{"taxonomy":"post_tag","embeddable":true,"href":"https:\/\/www.meydan.tv\/az\/wp-json\/wp\/v2\/tags?post=287536"}],"curies":[{"name":"wp","href":"https:\/\/api.w.org\/{rel}","templated":true}]}}