{"id":287521,"date":"2023-10-10T17:34:43","date_gmt":"2023-10-10T13:34:43","guid":{"rendered":"https:\/\/www.meydan.tv\/?p=287521"},"modified":"2023-10-10T17:34:47","modified_gmt":"2023-10-10T13:34:47","slug":"azerbaycan-tehsili-30-ilde-reqemler-gerileyir-ekspert-hakimiyyeti-gunahlandirir","status":"publish","type":"post","link":"https:\/\/www.meydan.tv\/az\/article\/azerbaycan-tehsili-30-ilde-reqemler-gerileyir-ekspert-hakimiyyeti-gunahlandirir\/","title":{"rendered":"Az\u0259rbaycan t\u0259hsili 30 ild\u0259: r\u0259q\u0259ml\u0259r geril\u0259yir, ekspert hakimiyy\u0259ti g\u00fcnahland\u0131r\u0131r"},"content":{"rendered":"\n<p><\/p>\n\n\n\n<p><strong><em>Nabat\u0259li Qulamo\u011flu: &#8220;Hakimiyy\u0259t \u00f6lk\u0259d\u0259 t\u0259hsil alanlar\u0131n say\u0131n\u0131n az olmas\u0131nda maraql\u0131d\u0131r&#8221;<\/em><\/strong><\/p>\n\n\n\n<p>1991-1992-ci ill\u0259rd\u0259 Az\u0259rbaycanda t\u0259hsil alanlar\u0131n 6.3%-i ali m\u0259kt\u0259bd\u0259 oxuyurdusa, 2022-ci ild\u0259 bu r\u0259q\u0259m 5.9%-\u0259 d\u00fc\u015f\u00fcb.<\/p>\n\n\n\n<p>Bu bar\u0259d\u0259 statistikan\u0131 iqtisad\u00e7\u0131 Samir \u018fliyev <a href=\"https:\/\/bakuresearchinstitute.org\/musteqillik-dovrunun-tehsili\/\">payla\u015f\u0131b.<\/a><\/p>\n\n\n\n<p>R\u0259q\u0259ml\u0259rd\u0259n m\u0259lum olur ki, 30&nbsp; illik m\u00fcst\u0259qillik d\u00f6vr\u00fcn\u00fc \u0259hat\u0259 ed\u0259n t\u0259hsil geril\u0259yib.<\/p>\n\n\n\n<h6 class=\"wp-block-heading\"><strong>B\u0259s bu geril\u0259m\u0259nin s\u0259b\u0259bi n\u0259dir?<\/strong><\/h6>\n\n\n\n<p>T\u0259hsil \u00fczr\u0259 ekspert Nabat\u0259li Qulamo\u011flu bunu siyasi idar\u0259etm\u0259nin m\u0259qs\u0259di say\u0131r.<\/p>\n\n\n\n<p>O hesab edir ki, hakimiyy\u0259t \u00f6lk\u0259d\u0259 t\u0259hsil alanlar\u0131n say\u0131n\u0131n az olmas\u0131nda maraql\u0131d\u0131r.<\/p>\n\n\n\n<p>Ekspert Meydan TV-y\u0259 deyir ki, h\u0259r il b\u00fcdc\u0259d\u0259n t\u0259hsil\u0259 4 milyarda yax\u0131n pul ayr\u0131l\u0131r, lakin t\u0259hsilin s\u0259viyy\u0259si getdikc\u0259 a\u015fa\u011f\u0131 d\u00fc\u015f\u00fcr:<\/p>\n\n\n<div class=\"wp-block-image\">\n<figure class=\"alignright size-full is-resized\"><img decoding=\"async\" data-src=\"https:\/\/www.meydan.tv\/wp-content\/uploads\/untitled-design-116.jpg\" alt=\"\" class=\"wp-image-273102 lazyload\" style=\"--smush-placeholder-width: 370px; --smush-placeholder-aspect-ratio: 370\/247;width:370px;height:247px\" width=\"370\" height=\"247\" src=\"data:image\/svg+xml;base64,PHN2ZyB3aWR0aD0iMSIgaGVpZ2h0PSIxIiB4bWxucz0iaHR0cDovL3d3dy53My5vcmcvMjAwMC9zdmciPjwvc3ZnPg==\" \/><figcaption class=\"wp-element-caption\">Nabat\u0259li Qulamo\u011flu. Foto: sosial \u015f\u0259b\u0259k\u0259<\/figcaption><\/figure>\n<\/div>\n\n\n<p>\u201c<em>D\u00f6rd milyard\u0131 1 milyon \u015fagirdin say\u0131na b\u00f6l\u0259nd\u0259 h\u0259r birin\u0259 il \u0259rzind\u0259 t\u0259xmin\u0259n 2800-3000 manat pul d\u00fc\u015f\u00fcr. Bu 3000 min manat\u0131 h\u0259r k\u0259sin \u00f6z\u00fcn\u0259 qeyri-na\u011fd \u015f\u0259kild\u0259 vers\u0259l\u0259r, valideynl\u0259r h\u0259min pulla \u00f6z u\u015fa\u011f\u0131n\u0131 repetitor yan\u0131na g\u00f6nd\u0259rib, oxuda bil\u0259r. D\u00f6vl\u0259t bu 3000 manat\u0131 t\u0259hsil alan\u0131n valideynin\u0259 qeyri-na\u011fd \u015f\u0259kild\u0259 vermir. H\u0259min pullar\u0131 m\u0259kt\u0259b direktorlar\u0131, icra ba\u015f\u00e7\u0131lar\u0131 v\u0259 onlar\u0131n \u0259traf\u0131ndak\u0131lar yeyirl\u0259r\u201d, &#8211;<\/em> dey\u0259 o bildirib.<\/p>\n\n\n\n<p>Onun s\u00f6zl\u0259rin\u0259 g\u00f6r\u0259, hakimiyy\u0259t bil\u0259r\u0259kd\u0259n t\u0259hsili bu g\u00fcn\u0259 qoyur:<\/p>\n\n\n\n<p>&#8220;<em>Hakimiyy\u0259t ist\u0259mir ki, kims\u0259 savadl\u0131 olub, professor Qubad \u0130bado\u011flu kimi h\u0259qiq\u0259ti desin, korrupsiyan\u0131 ara\u015fd\u0131rs\u0131n. H\u00fcquq m\u00fcdafi\u0259\u00e7isi olsun, insanlar\u0131n h\u00fcquqlar\u0131n\u0131 m\u00fcdafi\u0259 etsin. Hakimiyy\u0259t bunu ist\u0259mir, s\u0259b\u0259b budur\u201d.<\/em><\/p>\n\n\n\n<h6 class=\"wp-block-heading\"><strong>&#8220;\u00d6lk\u0259d\u0259 normal t\u0259hsil almaq da bahala\u015f\u0131b&#8221;<\/strong><\/h6>\n\n\n\n<p>\u0130qtisad\u00e7\u0131 Akif N\u0259srili d\u0259 hesab edir ki, \u00f6lk\u0259d\u0259 t\u0259hsil \u0259sas meyar kimi g\u00f6t\u00fcr\u00fclm\u00fcr:<\/p>\n\n\n\n<p><em>\u201cT\u0259hsil alanlar\u0131n say\u0131n\u0131n azalmas\u0131n\u0131n s\u0259b\u0259bl\u0259ri m\u00fcxt\u0259lifdir. Adamlar\u0131 r\u00fc\u015fv\u0259t, tan\u0131\u015fl\u0131q vasit\u0259sil\u0259 i\u015f\u0259 g\u00f6t\u00fcr\u00fcrl\u0259r. \u0130ndiy\u0259 kimi \u00f6lk\u0259d\u0259 \u0259sas meyar bunlar olub. Ona g\u00f6r\u0259 d\u0259 t\u0259hsil\u0259 maraq azal\u0131b. Maraq azald\u0131\u011f\u0131na g\u00f6r\u0259 d\u0259 oxuyanlar\u0131n say\u0131 da a\u015fa\u011f\u0131 d\u00fc\u015f\u00fcb. \u00d6lk\u0259d\u0259 normal t\u0259hsil almaq da bahala\u015f\u0131b. Bu g\u00fcn ali m\u0259kt\u0259b\u0259 daxil olan t\u0259l\u0259b\u0259l\u0259rin 99 faizi m\u0259kt\u0259bl\u0259rd\u0259 t\u0259hsil alm\u0131r, repetitorlar\u0131n say\u0259sind\u0259 universitetl\u0259r\u0259 daxil olurlar&#8221;.<\/em><\/p>\n\n\n<div class=\"wp-block-image\">\n<figure class=\"alignleft size-full is-resized\"><img decoding=\"async\" data-src=\"https:\/\/www.meydan.tv\/wp-content\/uploads\/akif_nesirli.jpg\" alt=\"\" class=\"wp-image-275224 lazyload\" style=\"--smush-placeholder-width: 405px; --smush-placeholder-aspect-ratio: 405\/227;width:405px;height:227px\" width=\"405\" height=\"227\" src=\"data:image\/svg+xml;base64,PHN2ZyB3aWR0aD0iMSIgaGVpZ2h0PSIxIiB4bWxucz0iaHR0cDovL3d3dy53My5vcmcvMjAwMC9zdmciPjwvc3ZnPg==\" \/><figcaption class=\"wp-element-caption\">Akif N\u0259sirli. Foto: &#8220;Teleqraf.com&#8221;<\/figcaption><\/figure>\n<\/div>\n\n\n<p><em>&#8220;Repetitorlar\u0131n da haqq\u0131n\u0131 s\u00f6zs\u00fcz ki, valideynl\u0259r \u00f6d\u0259yir. H\u0259r adam\u0131n da buna g\u00fcc\u00fc \u00e7atm\u0131r. Bir t\u0259r\u0259fd\u0259n t\u0259hsil almaq bahala\u015f\u0131b. Dig\u0259r t\u0259r\u0259fd\u0259n d\u0259 t\u0259hsil alma\u011f\u0131n m\u0259nas\u0131 itib. F\u0259hl\u0259l\u0259r \u00fc\u00e7\u00fcn i\u015f yerl\u0259ri daha \u00e7oxdur. Bu, h\u0259m d\u0259 haz\u0131rk\u0131 rejimin mahiyy\u0259tind\u0259n qaynaqlanan m\u0259s\u0259l\u0259dir. T\u0259hsilli, savadl\u0131 insanlardan h\u0259m d\u0259 ehtiyat edirl\u0259r\u201d,<\/em> &#8211; iqtisad\u00e7\u0131 qeyd edib.<\/p>\n","protected":false},"excerpt":{"rendered":"<p>Nabat\u0259li Qulamo\u011flu: &#8220;Hakimiyy\u0259t \u00f6lk\u0259d\u0259 t\u0259hsil alanlar\u0131n say\u0131n\u0131n az olmas\u0131nda maraql\u0131d\u0131r&#8221; &#8230; <\/p>\n<p class=\"read-more-container\"><a title=\"Az\u0259rbaycan t\u0259hsili 30 ild\u0259: r\u0259q\u0259ml\u0259r geril\u0259yir, ekspert hakimiyy\u0259ti g\u00fcnahland\u0131r\u0131r\" class=\"read-more button\" href=\"https:\/\/www.meydan.tv\/az\/article\/azerbaycan-tehsili-30-ilde-reqemler-gerileyir-ekspert-hakimiyyeti-gunahlandirir\/#more-287521\" aria-label=\"Read more about Az\u0259rbaycan t\u0259hsili 30 ild\u0259: r\u0259q\u0259ml\u0259r geril\u0259yir, ekspert hakimiyy\u0259ti g\u00fcnahland\u0131r\u0131r\">Davam\u0131<\/a><\/p>\n","protected":false},"author":8,"featured_media":287522,"comment_status":"closed","ping_status":"closed","sticky":false,"template":"","format":"standard","meta":{"_acf_changed":false,"_sitemap_exclude":false,"_sitemap_priority":"","_sitemap_frequency":"","footnotes":""},"categories":[62,79,56],"tags":[],"class_list":["post-287521","post","type-post","status-publish","format-standard","has-post-thumbnail","hentry","category-sosial","category-featured","category-xeberler","infinite-scroll-item","generate-columns","tablet-grid-50","mobile-grid-100","grid-parent","grid-33","no-featured-image-padding"],"acf":[],"yoast_head":"<!-- This site is optimized with the Yoast SEO plugin v27.5 - https:\/\/yoast.com\/product\/yoast-seo-wordpress\/ -->\n<title>Az\u0259rbaycan t\u0259hsili 30 ild\u0259: r\u0259q\u0259ml\u0259r geril\u0259yir, ekspert hakimiyy\u0259ti g\u00fcnahland\u0131r\u0131r - MEYDAN.TV<\/title>\n<meta name=\"robots\" content=\"index, follow, max-snippet:-1, max-image-preview:large, max-video-preview:-1\" \/>\n<link rel=\"canonical\" href=\"https:\/\/www.meydan.tv\/az\/article\/azerbaycan-tehsili-30-ilde-reqemler-gerileyir-ekspert-hakimiyyeti-gunahlandirir\/\" \/>\n<meta property=\"og:locale\" content=\"az_AZ\" \/>\n<meta property=\"og:type\" content=\"article\" \/>\n<meta property=\"og:title\" content=\"Az\u0259rbaycan t\u0259hsili 30 ild\u0259: r\u0259q\u0259ml\u0259r geril\u0259yir, ekspert hakimiyy\u0259ti g\u00fcnahland\u0131r\u0131r - MEYDAN.TV\" \/>\n<meta property=\"og:description\" content=\"Nabat\u0259li Qulamo\u011flu: &#8220;Hakimiyy\u0259t \u00f6lk\u0259d\u0259 t\u0259hsil alanlar\u0131n say\u0131n\u0131n az olmas\u0131nda maraql\u0131d\u0131r&#8221; ... Davam\u0131\" \/>\n<meta property=\"og:url\" content=\"https:\/\/www.meydan.tv\/az\/article\/azerbaycan-tehsili-30-ilde-reqemler-gerileyir-ekspert-hakimiyyeti-gunahlandirir\/\" \/>\n<meta property=\"og:site_name\" content=\"MEYDAN.TV\" \/>\n<meta property=\"article:published_time\" content=\"2023-10-10T13:34:43+00:00\" \/>\n<meta property=\"article:modified_time\" content=\"2023-10-10T13:34:47+00:00\" \/>\n<meta property=\"og:image\" content=\"https:\/\/www.meydan.tv\/wp-content\/uploads\/shutterstock_2164525207.jpg\" \/>\n\t<meta property=\"og:image:width\" content=\"1200\" \/>\n\t<meta property=\"og:image:height\" content=\"800\" \/>\n\t<meta property=\"og:image:type\" content=\"image\/jpeg\" \/>\n<meta name=\"author\" content=\"elli\" \/>\n<meta name=\"twitter:card\" content=\"summary_large_image\" \/>\n<meta name=\"twitter:creator\" content=\"@elli\" \/>\n<script type=\"application\/ld+json\" class=\"yoast-schema-graph\">{\"@context\":\"https:\\\/\\\/schema.org\",\"@graph\":[{\"@type\":\"Article\",\"@id\":\"https:\\\/\\\/www.meydan.tv\\\/az\\\/article\\\/azerbaycan-tehsili-30-ilde-reqemler-gerileyir-ekspert-hakimiyyeti-gunahlandirir\\\/#article\",\"isPartOf\":{\"@id\":\"https:\\\/\\\/www.meydan.tv\\\/az\\\/article\\\/azerbaycan-tehsili-30-ilde-reqemler-gerileyir-ekspert-hakimiyyeti-gunahlandirir\\\/\"},\"author\":{\"name\":\"elli\",\"@id\":\"https:\\\/\\\/www.meydan.tv\\\/az\\\/#\\\/schema\\\/person\\\/9cdbecf90d17180ce1dfbd95b08dcf47\"},\"headline\":\"Az\u0259rbaycan t\u0259hsili 30 ild\u0259: r\u0259q\u0259ml\u0259r geril\u0259yir, ekspert hakimiyy\u0259ti g\u00fcnahland\u0131r\u0131r\",\"datePublished\":\"2023-10-10T13:34:43+00:00\",\"dateModified\":\"2023-10-10T13:34:47+00:00\",\"mainEntityOfPage\":{\"@id\":\"https:\\\/\\\/www.meydan.tv\\\/az\\\/article\\\/azerbaycan-tehsili-30-ilde-reqemler-gerileyir-ekspert-hakimiyyeti-gunahlandirir\\\/\"},\"wordCount\":566,\"publisher\":{\"@id\":\"https:\\\/\\\/www.meydan.tv\\\/az\\\/#organization\"},\"image\":{\"@id\":\"https:\\\/\\\/www.meydan.tv\\\/az\\\/article\\\/azerbaycan-tehsili-30-ilde-reqemler-gerileyir-ekspert-hakimiyyeti-gunahlandirir\\\/#primaryimage\"},\"thumbnailUrl\":\"https:\\\/\\\/www.meydan.tv\\\/wp-content\\\/uploads\\\/shutterstock_2164525207.jpg\",\"articleSection\":[\"Sosial\",\"T\u00f6vsiy\u0259\",\"X\u0259b\u0259rl\u0259r\"],\"inLanguage\":\"az\"},{\"@type\":\"WebPage\",\"@id\":\"https:\\\/\\\/www.meydan.tv\\\/az\\\/article\\\/azerbaycan-tehsili-30-ilde-reqemler-gerileyir-ekspert-hakimiyyeti-gunahlandirir\\\/\",\"url\":\"https:\\\/\\\/www.meydan.tv\\\/az\\\/article\\\/azerbaycan-tehsili-30-ilde-reqemler-gerileyir-ekspert-hakimiyyeti-gunahlandirir\\\/\",\"name\":\"Az\u0259rbaycan t\u0259hsili 30 ild\u0259: r\u0259q\u0259ml\u0259r geril\u0259yir, ekspert hakimiyy\u0259ti g\u00fcnahland\u0131r\u0131r - MEYDAN.TV\",\"isPartOf\":{\"@id\":\"https:\\\/\\\/www.meydan.tv\\\/az\\\/#website\"},\"primaryImageOfPage\":{\"@id\":\"https:\\\/\\\/www.meydan.tv\\\/az\\\/article\\\/azerbaycan-tehsili-30-ilde-reqemler-gerileyir-ekspert-hakimiyyeti-gunahlandirir\\\/#primaryimage\"},\"image\":{\"@id\":\"https:\\\/\\\/www.meydan.tv\\\/az\\\/article\\\/azerbaycan-tehsili-30-ilde-reqemler-gerileyir-ekspert-hakimiyyeti-gunahlandirir\\\/#primaryimage\"},\"thumbnailUrl\":\"https:\\\/\\\/www.meydan.tv\\\/wp-content\\\/uploads\\\/shutterstock_2164525207.jpg\",\"datePublished\":\"2023-10-10T13:34:43+00:00\",\"dateModified\":\"2023-10-10T13:34:47+00:00\",\"breadcrumb\":{\"@id\":\"https:\\\/\\\/www.meydan.tv\\\/az\\\/article\\\/azerbaycan-tehsili-30-ilde-reqemler-gerileyir-ekspert-hakimiyyeti-gunahlandirir\\\/#breadcrumb\"},\"inLanguage\":\"az\",\"potentialAction\":[{\"@type\":\"ReadAction\",\"target\":[\"https:\\\/\\\/www.meydan.tv\\\/az\\\/article\\\/azerbaycan-tehsili-30-ilde-reqemler-gerileyir-ekspert-hakimiyyeti-gunahlandirir\\\/\"]}]},{\"@type\":\"ImageObject\",\"inLanguage\":\"az\",\"@id\":\"https:\\\/\\\/www.meydan.tv\\\/az\\\/article\\\/azerbaycan-tehsili-30-ilde-reqemler-gerileyir-ekspert-hakimiyyeti-gunahlandirir\\\/#primaryimage\",\"url\":\"https:\\\/\\\/www.meydan.tv\\\/wp-content\\\/uploads\\\/shutterstock_2164525207.jpg\",\"contentUrl\":\"https:\\\/\\\/www.meydan.tv\\\/wp-content\\\/uploads\\\/shutterstock_2164525207.jpg\",\"width\":1200,\"height\":800,\"caption\":\"Az\u0259rbaycan t\u0259hsili. Foto: lunopark\\\/shutterstock\"},{\"@type\":\"BreadcrumbList\",\"@id\":\"https:\\\/\\\/www.meydan.tv\\\/az\\\/article\\\/azerbaycan-tehsili-30-ilde-reqemler-gerileyir-ekspert-hakimiyyeti-gunahlandirir\\\/#breadcrumb\",\"itemListElement\":[{\"@type\":\"ListItem\",\"position\":1,\"name\":\"Ana s\u0259hif\u0259\",\"item\":\"https:\\\/\\\/www.meydan.tv\\\/az\\\/\"},{\"@type\":\"ListItem\",\"position\":2,\"name\":\"Sosial\",\"item\":\"https:\\\/\\\/www.meydan.tv\\\/az\\\/section\\\/sosial\\\/\"},{\"@type\":\"ListItem\",\"position\":3,\"name\":\"Az\u0259rbaycan t\u0259hsili 30 ild\u0259: r\u0259q\u0259ml\u0259r geril\u0259yir, ekspert hakimiyy\u0259ti g\u00fcnahland\u0131r\u0131r\"}]},{\"@type\":\"WebSite\",\"@id\":\"https:\\\/\\\/www.meydan.tv\\\/az\\\/#website\",\"url\":\"https:\\\/\\\/www.meydan.tv\\\/az\\\/\",\"name\":\"MEYDAN.TV\",\"description\":\"Meydan TV Az\u0259rbaycan\u0131n media m\u0259kan\u0131ndak\u0131 alternativ s\u0259sidir\",\"publisher\":{\"@id\":\"https:\\\/\\\/www.meydan.tv\\\/az\\\/#organization\"},\"potentialAction\":[{\"@type\":\"SearchAction\",\"target\":{\"@type\":\"EntryPoint\",\"urlTemplate\":\"https:\\\/\\\/www.meydan.tv\\\/az\\\/?s={search_term_string}\"},\"query-input\":{\"@type\":\"PropertyValueSpecification\",\"valueRequired\":true,\"valueName\":\"search_term_string\"}}],\"inLanguage\":\"az\"},{\"@type\":\"Organization\",\"@id\":\"https:\\\/\\\/www.meydan.tv\\\/az\\\/#organization\",\"name\":\"Meydan TV\",\"url\":\"https:\\\/\\\/www.meydan.tv\\\/az\\\/\",\"logo\":{\"@type\":\"ImageObject\",\"inLanguage\":\"az\",\"@id\":\"https:\\\/\\\/www.meydan.tv\\\/az\\\/#\\\/schema\\\/logo\\\/image\\\/\",\"url\":\"https:\\\/\\\/www.meydan.tv\\\/wp-content\\\/uploads\\\/2021\\\/07\\\/meydan-logo.svg\",\"contentUrl\":\"https:\\\/\\\/www.meydan.tv\\\/wp-content\\\/uploads\\\/2021\\\/07\\\/meydan-logo.svg\",\"width\":195,\"height\":46,\"caption\":\"Meydan TV\"},\"image\":{\"@id\":\"https:\\\/\\\/www.meydan.tv\\\/az\\\/#\\\/schema\\\/logo\\\/image\\\/\"}},{\"@type\":\"Person\",\"@id\":\"https:\\\/\\\/www.meydan.tv\\\/az\\\/#\\\/schema\\\/person\\\/9cdbecf90d17180ce1dfbd95b08dcf47\",\"name\":\"elli\",\"sameAs\":[\"https:\\\/\\\/x.com\\\/elli\"]}]}<\/script>\n<!-- \/ Yoast SEO plugin. -->","yoast_head_json":{"title":"Az\u0259rbaycan t\u0259hsili 30 ild\u0259: r\u0259q\u0259ml\u0259r geril\u0259yir, ekspert hakimiyy\u0259ti g\u00fcnahland\u0131r\u0131r - MEYDAN.TV","robots":{"index":"index","follow":"follow","max-snippet":"max-snippet:-1","max-image-preview":"max-image-preview:large","max-video-preview":"max-video-preview:-1"},"canonical":"https:\/\/www.meydan.tv\/az\/article\/azerbaycan-tehsili-30-ilde-reqemler-gerileyir-ekspert-hakimiyyeti-gunahlandirir\/","og_locale":"az_AZ","og_type":"article","og_title":"Az\u0259rbaycan t\u0259hsili 30 ild\u0259: r\u0259q\u0259ml\u0259r geril\u0259yir, ekspert hakimiyy\u0259ti g\u00fcnahland\u0131r\u0131r - MEYDAN.TV","og_description":"Nabat\u0259li Qulamo\u011flu: &#8220;Hakimiyy\u0259t \u00f6lk\u0259d\u0259 t\u0259hsil alanlar\u0131n say\u0131n\u0131n az olmas\u0131nda maraql\u0131d\u0131r&#8221; ... Davam\u0131","og_url":"https:\/\/www.meydan.tv\/az\/article\/azerbaycan-tehsili-30-ilde-reqemler-gerileyir-ekspert-hakimiyyeti-gunahlandirir\/","og_site_name":"MEYDAN.TV","article_published_time":"2023-10-10T13:34:43+00:00","article_modified_time":"2023-10-10T13:34:47+00:00","og_image":[{"width":1200,"height":800,"url":"https:\/\/www.meydan.tv\/wp-content\/uploads\/shutterstock_2164525207.jpg","type":"image\/jpeg"}],"author":"elli","twitter_card":"summary_large_image","twitter_creator":"@elli","schema":{"@context":"https:\/\/schema.org","@graph":[{"@type":"Article","@id":"https:\/\/www.meydan.tv\/az\/article\/azerbaycan-tehsili-30-ilde-reqemler-gerileyir-ekspert-hakimiyyeti-gunahlandirir\/#article","isPartOf":{"@id":"https:\/\/www.meydan.tv\/az\/article\/azerbaycan-tehsili-30-ilde-reqemler-gerileyir-ekspert-hakimiyyeti-gunahlandirir\/"},"author":{"name":"elli","@id":"https:\/\/www.meydan.tv\/az\/#\/schema\/person\/9cdbecf90d17180ce1dfbd95b08dcf47"},"headline":"Az\u0259rbaycan t\u0259hsili 30 ild\u0259: r\u0259q\u0259ml\u0259r geril\u0259yir, ekspert hakimiyy\u0259ti g\u00fcnahland\u0131r\u0131r","datePublished":"2023-10-10T13:34:43+00:00","dateModified":"2023-10-10T13:34:47+00:00","mainEntityOfPage":{"@id":"https:\/\/www.meydan.tv\/az\/article\/azerbaycan-tehsili-30-ilde-reqemler-gerileyir-ekspert-hakimiyyeti-gunahlandirir\/"},"wordCount":566,"publisher":{"@id":"https:\/\/www.meydan.tv\/az\/#organization"},"image":{"@id":"https:\/\/www.meydan.tv\/az\/article\/azerbaycan-tehsili-30-ilde-reqemler-gerileyir-ekspert-hakimiyyeti-gunahlandirir\/#primaryimage"},"thumbnailUrl":"https:\/\/www.meydan.tv\/wp-content\/uploads\/shutterstock_2164525207.jpg","articleSection":["Sosial","T\u00f6vsiy\u0259","X\u0259b\u0259rl\u0259r"],"inLanguage":"az"},{"@type":"WebPage","@id":"https:\/\/www.meydan.tv\/az\/article\/azerbaycan-tehsili-30-ilde-reqemler-gerileyir-ekspert-hakimiyyeti-gunahlandirir\/","url":"https:\/\/www.meydan.tv\/az\/article\/azerbaycan-tehsili-30-ilde-reqemler-gerileyir-ekspert-hakimiyyeti-gunahlandirir\/","name":"Az\u0259rbaycan t\u0259hsili 30 ild\u0259: r\u0259q\u0259ml\u0259r geril\u0259yir, ekspert hakimiyy\u0259ti g\u00fcnahland\u0131r\u0131r - MEYDAN.TV","isPartOf":{"@id":"https:\/\/www.meydan.tv\/az\/#website"},"primaryImageOfPage":{"@id":"https:\/\/www.meydan.tv\/az\/article\/azerbaycan-tehsili-30-ilde-reqemler-gerileyir-ekspert-hakimiyyeti-gunahlandirir\/#primaryimage"},"image":{"@id":"https:\/\/www.meydan.tv\/az\/article\/azerbaycan-tehsili-30-ilde-reqemler-gerileyir-ekspert-hakimiyyeti-gunahlandirir\/#primaryimage"},"thumbnailUrl":"https:\/\/www.meydan.tv\/wp-content\/uploads\/shutterstock_2164525207.jpg","datePublished":"2023-10-10T13:34:43+00:00","dateModified":"2023-10-10T13:34:47+00:00","breadcrumb":{"@id":"https:\/\/www.meydan.tv\/az\/article\/azerbaycan-tehsili-30-ilde-reqemler-gerileyir-ekspert-hakimiyyeti-gunahlandirir\/#breadcrumb"},"inLanguage":"az","potentialAction":[{"@type":"ReadAction","target":["https:\/\/www.meydan.tv\/az\/article\/azerbaycan-tehsili-30-ilde-reqemler-gerileyir-ekspert-hakimiyyeti-gunahlandirir\/"]}]},{"@type":"ImageObject","inLanguage":"az","@id":"https:\/\/www.meydan.tv\/az\/article\/azerbaycan-tehsili-30-ilde-reqemler-gerileyir-ekspert-hakimiyyeti-gunahlandirir\/#primaryimage","url":"https:\/\/www.meydan.tv\/wp-content\/uploads\/shutterstock_2164525207.jpg","contentUrl":"https:\/\/www.meydan.tv\/wp-content\/uploads\/shutterstock_2164525207.jpg","width":1200,"height":800,"caption":"Az\u0259rbaycan t\u0259hsili. Foto: lunopark\/shutterstock"},{"@type":"BreadcrumbList","@id":"https:\/\/www.meydan.tv\/az\/article\/azerbaycan-tehsili-30-ilde-reqemler-gerileyir-ekspert-hakimiyyeti-gunahlandirir\/#breadcrumb","itemListElement":[{"@type":"ListItem","position":1,"name":"Ana s\u0259hif\u0259","item":"https:\/\/www.meydan.tv\/az\/"},{"@type":"ListItem","position":2,"name":"Sosial","item":"https:\/\/www.meydan.tv\/az\/section\/sosial\/"},{"@type":"ListItem","position":3,"name":"Az\u0259rbaycan t\u0259hsili 30 ild\u0259: r\u0259q\u0259ml\u0259r geril\u0259yir, ekspert hakimiyy\u0259ti g\u00fcnahland\u0131r\u0131r"}]},{"@type":"WebSite","@id":"https:\/\/www.meydan.tv\/az\/#website","url":"https:\/\/www.meydan.tv\/az\/","name":"MEYDAN.TV","description":"Meydan TV Az\u0259rbaycan\u0131n media m\u0259kan\u0131ndak\u0131 alternativ s\u0259sidir","publisher":{"@id":"https:\/\/www.meydan.tv\/az\/#organization"},"potentialAction":[{"@type":"SearchAction","target":{"@type":"EntryPoint","urlTemplate":"https:\/\/www.meydan.tv\/az\/?s={search_term_string}"},"query-input":{"@type":"PropertyValueSpecification","valueRequired":true,"valueName":"search_term_string"}}],"inLanguage":"az"},{"@type":"Organization","@id":"https:\/\/www.meydan.tv\/az\/#organization","name":"Meydan TV","url":"https:\/\/www.meydan.tv\/az\/","logo":{"@type":"ImageObject","inLanguage":"az","@id":"https:\/\/www.meydan.tv\/az\/#\/schema\/logo\/image\/","url":"https:\/\/www.meydan.tv\/wp-content\/uploads\/2021\/07\/meydan-logo.svg","contentUrl":"https:\/\/www.meydan.tv\/wp-content\/uploads\/2021\/07\/meydan-logo.svg","width":195,"height":46,"caption":"Meydan TV"},"image":{"@id":"https:\/\/www.meydan.tv\/az\/#\/schema\/logo\/image\/"}},{"@type":"Person","@id":"https:\/\/www.meydan.tv\/az\/#\/schema\/person\/9cdbecf90d17180ce1dfbd95b08dcf47","name":"elli","sameAs":["https:\/\/x.com\/elli"]}]}},"_links":{"self":[{"href":"https:\/\/www.meydan.tv\/az\/wp-json\/wp\/v2\/posts\/287521","targetHints":{"allow":["GET"]}}],"collection":[{"href":"https:\/\/www.meydan.tv\/az\/wp-json\/wp\/v2\/posts"}],"about":[{"href":"https:\/\/www.meydan.tv\/az\/wp-json\/wp\/v2\/types\/post"}],"author":[{"embeddable":true,"href":"https:\/\/www.meydan.tv\/az\/wp-json\/wp\/v2\/users\/8"}],"replies":[{"embeddable":true,"href":"https:\/\/www.meydan.tv\/az\/wp-json\/wp\/v2\/comments?post=287521"}],"version-history":[{"count":3,"href":"https:\/\/www.meydan.tv\/az\/wp-json\/wp\/v2\/posts\/287521\/revisions"}],"predecessor-version":[{"id":287527,"href":"https:\/\/www.meydan.tv\/az\/wp-json\/wp\/v2\/posts\/287521\/revisions\/287527"}],"wp:featuredmedia":[{"embeddable":true,"href":"https:\/\/www.meydan.tv\/az\/wp-json\/wp\/v2\/media\/287522"}],"wp:attachment":[{"href":"https:\/\/www.meydan.tv\/az\/wp-json\/wp\/v2\/media?parent=287521"}],"wp:term":[{"taxonomy":"category","embeddable":true,"href":"https:\/\/www.meydan.tv\/az\/wp-json\/wp\/v2\/categories?post=287521"},{"taxonomy":"post_tag","embeddable":true,"href":"https:\/\/www.meydan.tv\/az\/wp-json\/wp\/v2\/tags?post=287521"}],"curies":[{"name":"wp","href":"https:\/\/api.w.org\/{rel}","templated":true}]}}