{"id":287470,"date":"2023-10-10T12:53:46","date_gmt":"2023-10-10T08:53:46","guid":{"rendered":"https:\/\/www.meydan.tv\/?p=287470"},"modified":"2023-10-10T12:53:50","modified_gmt":"2023-10-10T08:53:50","slug":"isden-cixarilan-muellimlerle-bagli-aciqlama","status":"publish","type":"post","link":"https:\/\/www.meydan.tv\/az\/article\/isden-cixarilan-muellimlerle-bagli-aciqlama\/","title":{"rendered":"\u0130\u015fd\u0259n \u00e7\u0131xar\u0131lan m\u00fc\u0259lliml\u0259rl\u0259 ba\u011fl\u0131 a\u00e7\u0131qlama"},"content":{"rendered":"\n<p><\/p>\n\n\n\n<p><strong><em>T\u0259hsil \u0130dar\u0259si: \u201cOnlara iki h\u0259ft\u0259 \u00f6nc\u0259d\u0259n r\u0259smi m\u0259ktub g\u00f6nd\u0259rilmi\u015fdi\u201d<\/em><\/strong><\/p>\n\n\n\n<p>Bak\u0131 \u015e\u0259h\u0259ri \u00fczr\u0259 T\u0259hsil \u0130dar\u0259si (B\u015eT\u0130) 285 sayl\u0131 orta m\u0259kt\u0259bin m\u00fc\u0259lliml\u0259ri T\u0259ran\u0259 Yusifova v\u0259 T\u0259ran\u0259 Rzayevan\u0131n i\u015fd\u0259n \u00e7\u0131xar\u0131lmas\u0131na ayd\u0131nl\u0131q g\u0259tirib.<\/p>\n\n\n\n<p>B\u015eT\u0130-d\u0259n Meydan TV-nin sor\u011fusuna cavab olaraq bildirilib ki, valideyn m\u00fcraci\u0259tl\u0259rinin yet\u0259rli sayda olmamas\u0131 s\u0259b\u0259bind\u0259n 2023-2024-c\u00fc t\u0259dris ilind\u0259 m\u0259kt\u0259bd\u0259 olan 3 g\u00fcn\u00fcuzad\u0131lm\u0131\u015f qrupdan ikisinin f\u0259aliyy\u0259ti dayand\u0131r\u0131l\u0131b.<\/p>\n\n\n\n<p><em>\u201c\u0130ki qrupun dayand\u0131r\u0131laca\u011f\u0131na dair iki h\u0259ft\u0259 \u00f6nc\u0259d\u0259n (15.09.2023) m\u00fc\u0259lliml\u0259r\u0259 r\u0259smi m\u0259ktub g\u00f6nd\u0259rilib. H\u0259m\u00e7inin g\u00fcn\u00fcuzad\u0131lm\u0131\u015f qruplar\u0131n t\u0259rbiy\u0259\u00e7il\u0259ri t\u0259r\u0259find\u0259n \u015fagird q\u0259bulu il\u0259 ba\u011fl\u0131 u\u015faqlarla maarifl\u0259ndirici s\u00f6hb\u0259tl\u0259r aparmaq, valideyn iclaslar\u0131 t\u0259\u015fkil etm\u0259k \u00fc\u00e7\u00fcn m\u0259kt\u0259bd\u0259 b\u00fct\u00fcn \u015f\u0259rait yarad\u0131l\u0131b\u201d, <\/em>&#8211; B\u015eT\u0130-nin m\u0259lumat\u0131nda deyilir.<\/p>\n\n\n\n<p>H\u0259m\u00e7inin qeyd olunub ki, \u201cD\u00f6vl\u0259t \u00fcmumi t\u0259hsil m\u00fc\u0259ssis\u0259l\u0259rind\u0259 g\u00fcn\u00fcuzad\u0131lm\u0131\u015f qruplar\u0131n t\u0259\u015fkili Qaydas\u0131\u201dna \u0259sas\u0259n, g\u00fcn\u00fcuzad\u0131lm\u0131\u015f qrup m\u0259kt\u0259bin t\u0259dris-maddi bazas\u0131 imkan verdiyi halda valideynl\u0259rin (dig\u0259r qanuni n\u00fcmay\u0259nd\u0259l\u0259rin) yaz\u0131l\u0131 \u0259riz\u0259l\u0259ri \u0259sas\u0131nda I-IV sinif \u015fagirdl\u0259rind\u0259n t\u0259\u015fkil olunur.<\/p>\n\n\n\n<p>\u015eagird qrupa t\u0259dris ilinin \u0259vv\u0259lind\u0259 h\u0259min t\u0259dris ili m\u00fcdd\u0259tin\u0259 q\u0259bul edilir v\u0259 h\u0259r qrupda \u015fagird say\u0131 20 n\u0259f\u0259rd\u0259n ibar\u0259t komplektl\u0259\u015fdirilir.<\/p>\n\n\n\n<p>2023-c\u00fc il oktyabr\u0131n 5-d\u0259 Bak\u0131da yerl\u0259\u015f\u0259n 285 sayl\u0131 orta m\u0259kt\u0259bin m\u00fc\u0259lliml\u0259ri T\u0259ran\u0259 Yusifova v\u0259 T\u0259ran\u0259 Rzayeva Meydan TV-y\u0259 m\u00fcraci\u0259t ed\u0259r\u0259k, m\u0259kt\u0259bin direktoru Nuran\u0259 Y\u0259hyayeva t\u0259r\u0259find\u0259n qanunsuz olaraq i\u015fd\u0259n \u00e7\u0131xar\u0131ld\u0131qlar\u0131n\u0131 <a href=\"https:\/\/www.meydan.tv\/az\/article\/isden-cixarilan-muellim-ne-edim-gedib-dilenim\/\">bildiribl\u0259r.<\/a><\/p>\n\n\n\n<p>M\u00fc\u0259lliml\u0259rin s\u00f6zl\u0259rin\u0259 g\u00f6r\u0259, m\u0259kt\u0259b direktoru onlara valideynl\u0259rl\u0259 dan\u0131\u015faraq, qrup toplama\u011fa mane olub.<\/p>\n","protected":false},"excerpt":{"rendered":"<p>T\u0259hsil \u0130dar\u0259si: \u201cOnlara iki h\u0259ft\u0259 \u00f6nc\u0259d\u0259n r\u0259smi m\u0259ktub g\u00f6nd\u0259rilmi\u015fdi\u201d Bak\u0131 &#8230; <\/p>\n<p class=\"read-more-container\"><a title=\"\u0130\u015fd\u0259n \u00e7\u0131xar\u0131lan m\u00fc\u0259lliml\u0259rl\u0259 ba\u011fl\u0131 a\u00e7\u0131qlama\" class=\"read-more button\" href=\"https:\/\/www.meydan.tv\/az\/article\/isden-cixarilan-muellimlerle-bagli-aciqlama\/#more-287470\" aria-label=\"Read more about \u0130\u015fd\u0259n \u00e7\u0131xar\u0131lan m\u00fc\u0259lliml\u0259rl\u0259 ba\u011fl\u0131 a\u00e7\u0131qlama\">Davam\u0131<\/a><\/p>\n","protected":false},"author":8,"featured_media":225599,"comment_status":"closed","ping_status":"closed","sticky":false,"template":"","format":"standard","meta":{"_acf_changed":false,"_sitemap_exclude":false,"_sitemap_priority":"","_sitemap_frequency":"","footnotes":""},"categories":[62,56],"tags":[],"class_list":["post-287470","post","type-post","status-publish","format-standard","has-post-thumbnail","hentry","category-sosial","category-xeberler","infinite-scroll-item","generate-columns","tablet-grid-50","mobile-grid-100","grid-parent","grid-33","no-featured-image-padding"],"acf":[],"yoast_head":"<!-- This site is optimized with the Yoast SEO plugin v27.5 - https:\/\/yoast.com\/product\/yoast-seo-wordpress\/ -->\n<title>\u0130\u015fd\u0259n \u00e7\u0131xar\u0131lan m\u00fc\u0259lliml\u0259rl\u0259 ba\u011fl\u0131 a\u00e7\u0131qlama - MEYDAN.TV<\/title>\n<meta name=\"robots\" content=\"index, follow, max-snippet:-1, max-image-preview:large, max-video-preview:-1\" \/>\n<link rel=\"canonical\" href=\"https:\/\/www.meydan.tv\/az\/article\/isden-cixarilan-muellimlerle-bagli-aciqlama\/\" \/>\n<meta property=\"og:locale\" content=\"az_AZ\" \/>\n<meta property=\"og:type\" content=\"article\" \/>\n<meta property=\"og:title\" content=\"\u0130\u015fd\u0259n \u00e7\u0131xar\u0131lan m\u00fc\u0259lliml\u0259rl\u0259 ba\u011fl\u0131 a\u00e7\u0131qlama - MEYDAN.TV\" \/>\n<meta property=\"og:description\" content=\"T\u0259hsil \u0130dar\u0259si: \u201cOnlara iki h\u0259ft\u0259 \u00f6nc\u0259d\u0259n r\u0259smi m\u0259ktub g\u00f6nd\u0259rilmi\u015fdi\u201d Bak\u0131 ... Davam\u0131\" \/>\n<meta property=\"og:url\" content=\"https:\/\/www.meydan.tv\/az\/article\/isden-cixarilan-muellimlerle-bagli-aciqlama\/\" \/>\n<meta property=\"og:site_name\" content=\"MEYDAN.TV\" \/>\n<meta property=\"article:published_time\" content=\"2023-10-10T08:53:46+00:00\" \/>\n<meta property=\"article:modified_time\" content=\"2023-10-10T08:53:50+00:00\" \/>\n<meta property=\"og:image\" content=\"https:\/\/www.meydan.tv\/wp-content\/uploads\/001-22.09.2020-1-1.jpg\" \/>\n\t<meta property=\"og:image:width\" content=\"1200\" \/>\n\t<meta property=\"og:image:height\" content=\"800\" \/>\n\t<meta property=\"og:image:type\" content=\"image\/jpeg\" \/>\n<meta name=\"author\" content=\"elli\" \/>\n<meta name=\"twitter:card\" content=\"summary_large_image\" \/>\n<meta name=\"twitter:creator\" content=\"@elli\" \/>\n<script type=\"application\/ld+json\" class=\"yoast-schema-graph\">{\"@context\":\"https:\\\/\\\/schema.org\",\"@graph\":[{\"@type\":\"Article\",\"@id\":\"https:\\\/\\\/www.meydan.tv\\\/az\\\/article\\\/isden-cixarilan-muellimlerle-bagli-aciqlama\\\/#article\",\"isPartOf\":{\"@id\":\"https:\\\/\\\/www.meydan.tv\\\/az\\\/article\\\/isden-cixarilan-muellimlerle-bagli-aciqlama\\\/\"},\"author\":{\"name\":\"elli\",\"@id\":\"https:\\\/\\\/www.meydan.tv\\\/az\\\/#\\\/schema\\\/person\\\/9cdbecf90d17180ce1dfbd95b08dcf47\"},\"headline\":\"\u0130\u015fd\u0259n \u00e7\u0131xar\u0131lan m\u00fc\u0259lliml\u0259rl\u0259 ba\u011fl\u0131 a\u00e7\u0131qlama\",\"datePublished\":\"2023-10-10T08:53:46+00:00\",\"dateModified\":\"2023-10-10T08:53:50+00:00\",\"mainEntityOfPage\":{\"@id\":\"https:\\\/\\\/www.meydan.tv\\\/az\\\/article\\\/isden-cixarilan-muellimlerle-bagli-aciqlama\\\/\"},\"wordCount\":369,\"publisher\":{\"@id\":\"https:\\\/\\\/www.meydan.tv\\\/az\\\/#organization\"},\"image\":{\"@id\":\"https:\\\/\\\/www.meydan.tv\\\/az\\\/article\\\/isden-cixarilan-muellimlerle-bagli-aciqlama\\\/#primaryimage\"},\"thumbnailUrl\":\"https:\\\/\\\/www.meydan.tv\\\/wp-content\\\/uploads\\\/001-22.09.2020-1-1.jpg\",\"articleSection\":[\"Sosial\",\"X\u0259b\u0259rl\u0259r\"],\"inLanguage\":\"az\"},{\"@type\":\"WebPage\",\"@id\":\"https:\\\/\\\/www.meydan.tv\\\/az\\\/article\\\/isden-cixarilan-muellimlerle-bagli-aciqlama\\\/\",\"url\":\"https:\\\/\\\/www.meydan.tv\\\/az\\\/article\\\/isden-cixarilan-muellimlerle-bagli-aciqlama\\\/\",\"name\":\"\u0130\u015fd\u0259n \u00e7\u0131xar\u0131lan m\u00fc\u0259lliml\u0259rl\u0259 ba\u011fl\u0131 a\u00e7\u0131qlama - MEYDAN.TV\",\"isPartOf\":{\"@id\":\"https:\\\/\\\/www.meydan.tv\\\/az\\\/#website\"},\"primaryImageOfPage\":{\"@id\":\"https:\\\/\\\/www.meydan.tv\\\/az\\\/article\\\/isden-cixarilan-muellimlerle-bagli-aciqlama\\\/#primaryimage\"},\"image\":{\"@id\":\"https:\\\/\\\/www.meydan.tv\\\/az\\\/article\\\/isden-cixarilan-muellimlerle-bagli-aciqlama\\\/#primaryimage\"},\"thumbnailUrl\":\"https:\\\/\\\/www.meydan.tv\\\/wp-content\\\/uploads\\\/001-22.09.2020-1-1.jpg\",\"datePublished\":\"2023-10-10T08:53:46+00:00\",\"dateModified\":\"2023-10-10T08:53:50+00:00\",\"breadcrumb\":{\"@id\":\"https:\\\/\\\/www.meydan.tv\\\/az\\\/article\\\/isden-cixarilan-muellimlerle-bagli-aciqlama\\\/#breadcrumb\"},\"inLanguage\":\"az\",\"potentialAction\":[{\"@type\":\"ReadAction\",\"target\":[\"https:\\\/\\\/www.meydan.tv\\\/az\\\/article\\\/isden-cixarilan-muellimlerle-bagli-aciqlama\\\/\"]}]},{\"@type\":\"ImageObject\",\"inLanguage\":\"az\",\"@id\":\"https:\\\/\\\/www.meydan.tv\\\/az\\\/article\\\/isden-cixarilan-muellimlerle-bagli-aciqlama\\\/#primaryimage\",\"url\":\"https:\\\/\\\/www.meydan.tv\\\/wp-content\\\/uploads\\\/001-22.09.2020-1-1.jpg\",\"contentUrl\":\"https:\\\/\\\/www.meydan.tv\\\/wp-content\\\/uploads\\\/001-22.09.2020-1-1.jpg\",\"width\":1200,\"height\":800,\"caption\":\"Foto: https:\\\/\\\/edu.gov.az\\\/\"},{\"@type\":\"BreadcrumbList\",\"@id\":\"https:\\\/\\\/www.meydan.tv\\\/az\\\/article\\\/isden-cixarilan-muellimlerle-bagli-aciqlama\\\/#breadcrumb\",\"itemListElement\":[{\"@type\":\"ListItem\",\"position\":1,\"name\":\"Ana s\u0259hif\u0259\",\"item\":\"https:\\\/\\\/www.meydan.tv\\\/az\\\/\"},{\"@type\":\"ListItem\",\"position\":2,\"name\":\"Sosial\",\"item\":\"https:\\\/\\\/www.meydan.tv\\\/az\\\/section\\\/sosial\\\/\"},{\"@type\":\"ListItem\",\"position\":3,\"name\":\"\u0130\u015fd\u0259n \u00e7\u0131xar\u0131lan m\u00fc\u0259lliml\u0259rl\u0259 ba\u011fl\u0131 a\u00e7\u0131qlama\"}]},{\"@type\":\"WebSite\",\"@id\":\"https:\\\/\\\/www.meydan.tv\\\/az\\\/#website\",\"url\":\"https:\\\/\\\/www.meydan.tv\\\/az\\\/\",\"name\":\"MEYDAN.TV\",\"description\":\"Meydan TV Az\u0259rbaycan\u0131n media m\u0259kan\u0131ndak\u0131 alternativ s\u0259sidir\",\"publisher\":{\"@id\":\"https:\\\/\\\/www.meydan.tv\\\/az\\\/#organization\"},\"potentialAction\":[{\"@type\":\"SearchAction\",\"target\":{\"@type\":\"EntryPoint\",\"urlTemplate\":\"https:\\\/\\\/www.meydan.tv\\\/az\\\/?s={search_term_string}\"},\"query-input\":{\"@type\":\"PropertyValueSpecification\",\"valueRequired\":true,\"valueName\":\"search_term_string\"}}],\"inLanguage\":\"az\"},{\"@type\":\"Organization\",\"@id\":\"https:\\\/\\\/www.meydan.tv\\\/az\\\/#organization\",\"name\":\"Meydan TV\",\"url\":\"https:\\\/\\\/www.meydan.tv\\\/az\\\/\",\"logo\":{\"@type\":\"ImageObject\",\"inLanguage\":\"az\",\"@id\":\"https:\\\/\\\/www.meydan.tv\\\/az\\\/#\\\/schema\\\/logo\\\/image\\\/\",\"url\":\"https:\\\/\\\/www.meydan.tv\\\/wp-content\\\/uploads\\\/2021\\\/07\\\/meydan-logo.svg\",\"contentUrl\":\"https:\\\/\\\/www.meydan.tv\\\/wp-content\\\/uploads\\\/2021\\\/07\\\/meydan-logo.svg\",\"width\":195,\"height\":46,\"caption\":\"Meydan TV\"},\"image\":{\"@id\":\"https:\\\/\\\/www.meydan.tv\\\/az\\\/#\\\/schema\\\/logo\\\/image\\\/\"}},{\"@type\":\"Person\",\"@id\":\"https:\\\/\\\/www.meydan.tv\\\/az\\\/#\\\/schema\\\/person\\\/9cdbecf90d17180ce1dfbd95b08dcf47\",\"name\":\"elli\",\"sameAs\":[\"https:\\\/\\\/x.com\\\/elli\"]}]}<\/script>\n<!-- \/ Yoast SEO plugin. -->","yoast_head_json":{"title":"\u0130\u015fd\u0259n \u00e7\u0131xar\u0131lan m\u00fc\u0259lliml\u0259rl\u0259 ba\u011fl\u0131 a\u00e7\u0131qlama - MEYDAN.TV","robots":{"index":"index","follow":"follow","max-snippet":"max-snippet:-1","max-image-preview":"max-image-preview:large","max-video-preview":"max-video-preview:-1"},"canonical":"https:\/\/www.meydan.tv\/az\/article\/isden-cixarilan-muellimlerle-bagli-aciqlama\/","og_locale":"az_AZ","og_type":"article","og_title":"\u0130\u015fd\u0259n \u00e7\u0131xar\u0131lan m\u00fc\u0259lliml\u0259rl\u0259 ba\u011fl\u0131 a\u00e7\u0131qlama - MEYDAN.TV","og_description":"T\u0259hsil \u0130dar\u0259si: \u201cOnlara iki h\u0259ft\u0259 \u00f6nc\u0259d\u0259n r\u0259smi m\u0259ktub g\u00f6nd\u0259rilmi\u015fdi\u201d Bak\u0131 ... Davam\u0131","og_url":"https:\/\/www.meydan.tv\/az\/article\/isden-cixarilan-muellimlerle-bagli-aciqlama\/","og_site_name":"MEYDAN.TV","article_published_time":"2023-10-10T08:53:46+00:00","article_modified_time":"2023-10-10T08:53:50+00:00","og_image":[{"width":1200,"height":800,"url":"https:\/\/www.meydan.tv\/wp-content\/uploads\/001-22.09.2020-1-1.jpg","type":"image\/jpeg"}],"author":"elli","twitter_card":"summary_large_image","twitter_creator":"@elli","schema":{"@context":"https:\/\/schema.org","@graph":[{"@type":"Article","@id":"https:\/\/www.meydan.tv\/az\/article\/isden-cixarilan-muellimlerle-bagli-aciqlama\/#article","isPartOf":{"@id":"https:\/\/www.meydan.tv\/az\/article\/isden-cixarilan-muellimlerle-bagli-aciqlama\/"},"author":{"name":"elli","@id":"https:\/\/www.meydan.tv\/az\/#\/schema\/person\/9cdbecf90d17180ce1dfbd95b08dcf47"},"headline":"\u0130\u015fd\u0259n \u00e7\u0131xar\u0131lan m\u00fc\u0259lliml\u0259rl\u0259 ba\u011fl\u0131 a\u00e7\u0131qlama","datePublished":"2023-10-10T08:53:46+00:00","dateModified":"2023-10-10T08:53:50+00:00","mainEntityOfPage":{"@id":"https:\/\/www.meydan.tv\/az\/article\/isden-cixarilan-muellimlerle-bagli-aciqlama\/"},"wordCount":369,"publisher":{"@id":"https:\/\/www.meydan.tv\/az\/#organization"},"image":{"@id":"https:\/\/www.meydan.tv\/az\/article\/isden-cixarilan-muellimlerle-bagli-aciqlama\/#primaryimage"},"thumbnailUrl":"https:\/\/www.meydan.tv\/wp-content\/uploads\/001-22.09.2020-1-1.jpg","articleSection":["Sosial","X\u0259b\u0259rl\u0259r"],"inLanguage":"az"},{"@type":"WebPage","@id":"https:\/\/www.meydan.tv\/az\/article\/isden-cixarilan-muellimlerle-bagli-aciqlama\/","url":"https:\/\/www.meydan.tv\/az\/article\/isden-cixarilan-muellimlerle-bagli-aciqlama\/","name":"\u0130\u015fd\u0259n \u00e7\u0131xar\u0131lan m\u00fc\u0259lliml\u0259rl\u0259 ba\u011fl\u0131 a\u00e7\u0131qlama - MEYDAN.TV","isPartOf":{"@id":"https:\/\/www.meydan.tv\/az\/#website"},"primaryImageOfPage":{"@id":"https:\/\/www.meydan.tv\/az\/article\/isden-cixarilan-muellimlerle-bagli-aciqlama\/#primaryimage"},"image":{"@id":"https:\/\/www.meydan.tv\/az\/article\/isden-cixarilan-muellimlerle-bagli-aciqlama\/#primaryimage"},"thumbnailUrl":"https:\/\/www.meydan.tv\/wp-content\/uploads\/001-22.09.2020-1-1.jpg","datePublished":"2023-10-10T08:53:46+00:00","dateModified":"2023-10-10T08:53:50+00:00","breadcrumb":{"@id":"https:\/\/www.meydan.tv\/az\/article\/isden-cixarilan-muellimlerle-bagli-aciqlama\/#breadcrumb"},"inLanguage":"az","potentialAction":[{"@type":"ReadAction","target":["https:\/\/www.meydan.tv\/az\/article\/isden-cixarilan-muellimlerle-bagli-aciqlama\/"]}]},{"@type":"ImageObject","inLanguage":"az","@id":"https:\/\/www.meydan.tv\/az\/article\/isden-cixarilan-muellimlerle-bagli-aciqlama\/#primaryimage","url":"https:\/\/www.meydan.tv\/wp-content\/uploads\/001-22.09.2020-1-1.jpg","contentUrl":"https:\/\/www.meydan.tv\/wp-content\/uploads\/001-22.09.2020-1-1.jpg","width":1200,"height":800,"caption":"Foto: https:\/\/edu.gov.az\/"},{"@type":"BreadcrumbList","@id":"https:\/\/www.meydan.tv\/az\/article\/isden-cixarilan-muellimlerle-bagli-aciqlama\/#breadcrumb","itemListElement":[{"@type":"ListItem","position":1,"name":"Ana s\u0259hif\u0259","item":"https:\/\/www.meydan.tv\/az\/"},{"@type":"ListItem","position":2,"name":"Sosial","item":"https:\/\/www.meydan.tv\/az\/section\/sosial\/"},{"@type":"ListItem","position":3,"name":"\u0130\u015fd\u0259n \u00e7\u0131xar\u0131lan m\u00fc\u0259lliml\u0259rl\u0259 ba\u011fl\u0131 a\u00e7\u0131qlama"}]},{"@type":"WebSite","@id":"https:\/\/www.meydan.tv\/az\/#website","url":"https:\/\/www.meydan.tv\/az\/","name":"MEYDAN.TV","description":"Meydan TV Az\u0259rbaycan\u0131n media m\u0259kan\u0131ndak\u0131 alternativ s\u0259sidir","publisher":{"@id":"https:\/\/www.meydan.tv\/az\/#organization"},"potentialAction":[{"@type":"SearchAction","target":{"@type":"EntryPoint","urlTemplate":"https:\/\/www.meydan.tv\/az\/?s={search_term_string}"},"query-input":{"@type":"PropertyValueSpecification","valueRequired":true,"valueName":"search_term_string"}}],"inLanguage":"az"},{"@type":"Organization","@id":"https:\/\/www.meydan.tv\/az\/#organization","name":"Meydan TV","url":"https:\/\/www.meydan.tv\/az\/","logo":{"@type":"ImageObject","inLanguage":"az","@id":"https:\/\/www.meydan.tv\/az\/#\/schema\/logo\/image\/","url":"https:\/\/www.meydan.tv\/wp-content\/uploads\/2021\/07\/meydan-logo.svg","contentUrl":"https:\/\/www.meydan.tv\/wp-content\/uploads\/2021\/07\/meydan-logo.svg","width":195,"height":46,"caption":"Meydan TV"},"image":{"@id":"https:\/\/www.meydan.tv\/az\/#\/schema\/logo\/image\/"}},{"@type":"Person","@id":"https:\/\/www.meydan.tv\/az\/#\/schema\/person\/9cdbecf90d17180ce1dfbd95b08dcf47","name":"elli","sameAs":["https:\/\/x.com\/elli"]}]}},"_links":{"self":[{"href":"https:\/\/www.meydan.tv\/az\/wp-json\/wp\/v2\/posts\/287470","targetHints":{"allow":["GET"]}}],"collection":[{"href":"https:\/\/www.meydan.tv\/az\/wp-json\/wp\/v2\/posts"}],"about":[{"href":"https:\/\/www.meydan.tv\/az\/wp-json\/wp\/v2\/types\/post"}],"author":[{"embeddable":true,"href":"https:\/\/www.meydan.tv\/az\/wp-json\/wp\/v2\/users\/8"}],"replies":[{"embeddable":true,"href":"https:\/\/www.meydan.tv\/az\/wp-json\/wp\/v2\/comments?post=287470"}],"version-history":[{"count":1,"href":"https:\/\/www.meydan.tv\/az\/wp-json\/wp\/v2\/posts\/287470\/revisions"}],"predecessor-version":[{"id":287471,"href":"https:\/\/www.meydan.tv\/az\/wp-json\/wp\/v2\/posts\/287470\/revisions\/287471"}],"wp:featuredmedia":[{"embeddable":true,"href":"https:\/\/www.meydan.tv\/az\/wp-json\/wp\/v2\/media\/225599"}],"wp:attachment":[{"href":"https:\/\/www.meydan.tv\/az\/wp-json\/wp\/v2\/media?parent=287470"}],"wp:term":[{"taxonomy":"category","embeddable":true,"href":"https:\/\/www.meydan.tv\/az\/wp-json\/wp\/v2\/categories?post=287470"},{"taxonomy":"post_tag","embeddable":true,"href":"https:\/\/www.meydan.tv\/az\/wp-json\/wp\/v2\/tags?post=287470"}],"curies":[{"name":"wp","href":"https:\/\/api.w.org\/{rel}","templated":true}]}}