{"id":287443,"date":"2023-10-09T17:18:51","date_gmt":"2023-10-09T13:18:51","guid":{"rendered":"https:\/\/www.meydan.tv\/?p=287443"},"modified":"2023-10-09T18:02:11","modified_gmt":"2023-10-09T14:02:11","slug":"israilde-siginacaga-yerlesdirilen-mugenni-bakiya-qayidib","status":"publish","type":"post","link":"https:\/\/www.meydan.tv\/az\/article\/israilde-siginacaga-yerlesdirilen-mugenni-bakiya-qayidib\/","title":{"rendered":"\u0130sraild\u0259 s\u0131\u011f\u0131naca\u011fa yerl\u0259\u015fdiril\u0259n m\u00fc\u011f\u0259nni Bak\u0131ya qay\u0131d\u0131b"},"content":{"rendered":"\n<p><em><strong>O, T\u0259l-\u018fviv-\u0130stanbul reysi il\u0259 u\u00e7du\u011funu deyib<\/strong><\/em><\/p>\n\n\n\n<p>M\u00fc\u011f\u0259nni Samir\u0259 \u018ff\u0259ndi \u0130sraild\u0259n Bak\u0131ya qay\u0131d\u0131b.<\/p>\n\n\n\n<p>M\u00fc\u011f\u0259nni bu bar\u0259d\u0259 \u201c\u0130nstagram\u201d sosial \u015f\u0259b\u0259k\u0259sind\u0259 m\u0259lumat <a href=\"https:\/\/www.instagram.com\/efendi_music\/\">yay\u0131b.<\/a><\/p>\n\n\n\n<p>O, hava liman\u0131ndan foto payla\u015faraq T\u0259l-\u018fvivd\u0259n \u0130stanbula u\u00e7du\u011funu qeyd edib.<\/p>\n\n\n\n<p>Konsert proqram\u0131 il\u0259 T\u0259l-\u018fvivd\u0259 \u00e7\u0131x\u0131\u015f ed\u0259n m\u00fc\u011f\u0259nni Samir\u0259 \u018ff\u0259ndi oktyabr\u0131n 7-d\u0259 H\u018fMAS-\u0131n \u0130srail\u0259 raket z\u0259rb\u0259l\u0259ri endirm\u0259sind\u0259n sonra s\u0131\u011f\u0131naca\u011fa yerl\u0259\u015fdirilmi\u015fdi.<\/p>\n","protected":false},"excerpt":{"rendered":"<p>O, T\u0259l-\u018fviv-\u0130stanbul reysi il\u0259 u\u00e7du\u011funu deyib M\u00fc\u011f\u0259nni Samir\u0259 \u018ff\u0259ndi \u0130sraild\u0259n &#8230; <\/p>\n<p class=\"read-more-container\"><a title=\"\u0130sraild\u0259 s\u0131\u011f\u0131naca\u011fa yerl\u0259\u015fdiril\u0259n m\u00fc\u011f\u0259nni Bak\u0131ya qay\u0131d\u0131b\" class=\"read-more button\" href=\"https:\/\/www.meydan.tv\/az\/article\/israilde-siginacaga-yerlesdirilen-mugenni-bakiya-qayidib\/#more-287443\" aria-label=\"Read more about \u0130sraild\u0259 s\u0131\u011f\u0131naca\u011fa yerl\u0259\u015fdiril\u0259n m\u00fc\u011f\u0259nni Bak\u0131ya qay\u0131d\u0131b\">Davam\u0131<\/a><\/p>\n","protected":false},"author":8,"featured_media":287453,"comment_status":"closed","ping_status":"closed","sticky":false,"template":"","format":"standard","meta":{"_acf_changed":false,"_sitemap_exclude":false,"_sitemap_priority":"","_sitemap_frequency":"","footnotes":""},"categories":[52,56],"tags":[],"class_list":["post-287443","post","type-post","status-publish","format-standard","has-post-thumbnail","hentry","category-medeniyyet","category-xeberler","infinite-scroll-item","generate-columns","tablet-grid-50","mobile-grid-100","grid-parent","grid-33","no-featured-image-padding"],"acf":[],"yoast_head":"<!-- This site is optimized with the Yoast SEO plugin v27.4 - https:\/\/yoast.com\/product\/yoast-seo-wordpress\/ -->\n<title>\u0130sraild\u0259 s\u0131\u011f\u0131naca\u011fa yerl\u0259\u015fdiril\u0259n m\u00fc\u011f\u0259nni Bak\u0131ya qay\u0131d\u0131b - MEYDAN.TV<\/title>\n<meta name=\"robots\" content=\"index, follow, max-snippet:-1, max-image-preview:large, max-video-preview:-1\" \/>\n<link rel=\"canonical\" href=\"https:\/\/www.meydan.tv\/az\/article\/israilde-siginacaga-yerlesdirilen-mugenni-bakiya-qayidib\/\" \/>\n<meta property=\"og:locale\" content=\"az_AZ\" \/>\n<meta property=\"og:type\" content=\"article\" \/>\n<meta property=\"og:title\" content=\"\u0130sraild\u0259 s\u0131\u011f\u0131naca\u011fa yerl\u0259\u015fdiril\u0259n m\u00fc\u011f\u0259nni Bak\u0131ya qay\u0131d\u0131b - MEYDAN.TV\" \/>\n<meta property=\"og:description\" content=\"O, T\u0259l-\u018fviv-\u0130stanbul reysi il\u0259 u\u00e7du\u011funu deyib M\u00fc\u011f\u0259nni Samir\u0259 \u018ff\u0259ndi \u0130sraild\u0259n ... Davam\u0131\" \/>\n<meta property=\"og:url\" content=\"https:\/\/www.meydan.tv\/az\/article\/israilde-siginacaga-yerlesdirilen-mugenni-bakiya-qayidib\/\" \/>\n<meta property=\"og:site_name\" content=\"MEYDAN.TV\" \/>\n<meta property=\"article:published_time\" content=\"2023-10-09T13:18:51+00:00\" \/>\n<meta property=\"article:modified_time\" content=\"2023-10-09T14:02:11+00:00\" \/>\n<meta property=\"og:image\" content=\"https:\/\/www.meydan.tv\/wp-content\/uploads\/16213715055748740693_1200x630-e1696860096199.jpg\" \/>\n\t<meta property=\"og:image:width\" content=\"922\" \/>\n\t<meta property=\"og:image:height\" content=\"401\" \/>\n\t<meta property=\"og:image:type\" content=\"image\/jpeg\" \/>\n<meta name=\"author\" content=\"elli\" \/>\n<meta name=\"twitter:card\" content=\"summary_large_image\" \/>\n<meta name=\"twitter:creator\" content=\"@elli\" \/>\n<script type=\"application\/ld+json\" class=\"yoast-schema-graph\">{\"@context\":\"https:\\\/\\\/schema.org\",\"@graph\":[{\"@type\":\"Article\",\"@id\":\"https:\\\/\\\/www.meydan.tv\\\/az\\\/article\\\/israilde-siginacaga-yerlesdirilen-mugenni-bakiya-qayidib\\\/#article\",\"isPartOf\":{\"@id\":\"https:\\\/\\\/www.meydan.tv\\\/az\\\/article\\\/israilde-siginacaga-yerlesdirilen-mugenni-bakiya-qayidib\\\/\"},\"author\":{\"name\":\"elli\",\"@id\":\"https:\\\/\\\/www.meydan.tv\\\/az\\\/#\\\/schema\\\/person\\\/9cdbecf90d17180ce1dfbd95b08dcf47\"},\"headline\":\"\u0130sraild\u0259 s\u0131\u011f\u0131naca\u011fa yerl\u0259\u015fdiril\u0259n m\u00fc\u011f\u0259nni Bak\u0131ya qay\u0131d\u0131b\",\"datePublished\":\"2023-10-09T13:18:51+00:00\",\"dateModified\":\"2023-10-09T14:02:11+00:00\",\"mainEntityOfPage\":{\"@id\":\"https:\\\/\\\/www.meydan.tv\\\/az\\\/article\\\/israilde-siginacaga-yerlesdirilen-mugenni-bakiya-qayidib\\\/\"},\"wordCount\":104,\"publisher\":{\"@id\":\"https:\\\/\\\/www.meydan.tv\\\/az\\\/#organization\"},\"image\":{\"@id\":\"https:\\\/\\\/www.meydan.tv\\\/az\\\/article\\\/israilde-siginacaga-yerlesdirilen-mugenni-bakiya-qayidib\\\/#primaryimage\"},\"thumbnailUrl\":\"https:\\\/\\\/www.meydan.tv\\\/wp-content\\\/uploads\\\/16213715055748740693_1200x630-e1696860096199.jpg\",\"articleSection\":[\"M\u0259d\u0259niyy\u0259t\",\"X\u0259b\u0259rl\u0259r\"],\"inLanguage\":\"az\"},{\"@type\":\"WebPage\",\"@id\":\"https:\\\/\\\/www.meydan.tv\\\/az\\\/article\\\/israilde-siginacaga-yerlesdirilen-mugenni-bakiya-qayidib\\\/\",\"url\":\"https:\\\/\\\/www.meydan.tv\\\/az\\\/article\\\/israilde-siginacaga-yerlesdirilen-mugenni-bakiya-qayidib\\\/\",\"name\":\"\u0130sraild\u0259 s\u0131\u011f\u0131naca\u011fa yerl\u0259\u015fdiril\u0259n m\u00fc\u011f\u0259nni Bak\u0131ya qay\u0131d\u0131b - MEYDAN.TV\",\"isPartOf\":{\"@id\":\"https:\\\/\\\/www.meydan.tv\\\/az\\\/#website\"},\"primaryImageOfPage\":{\"@id\":\"https:\\\/\\\/www.meydan.tv\\\/az\\\/article\\\/israilde-siginacaga-yerlesdirilen-mugenni-bakiya-qayidib\\\/#primaryimage\"},\"image\":{\"@id\":\"https:\\\/\\\/www.meydan.tv\\\/az\\\/article\\\/israilde-siginacaga-yerlesdirilen-mugenni-bakiya-qayidib\\\/#primaryimage\"},\"thumbnailUrl\":\"https:\\\/\\\/www.meydan.tv\\\/wp-content\\\/uploads\\\/16213715055748740693_1200x630-e1696860096199.jpg\",\"datePublished\":\"2023-10-09T13:18:51+00:00\",\"dateModified\":\"2023-10-09T14:02:11+00:00\",\"breadcrumb\":{\"@id\":\"https:\\\/\\\/www.meydan.tv\\\/az\\\/article\\\/israilde-siginacaga-yerlesdirilen-mugenni-bakiya-qayidib\\\/#breadcrumb\"},\"inLanguage\":\"az\",\"potentialAction\":[{\"@type\":\"ReadAction\",\"target\":[\"https:\\\/\\\/www.meydan.tv\\\/az\\\/article\\\/israilde-siginacaga-yerlesdirilen-mugenni-bakiya-qayidib\\\/\"]}]},{\"@type\":\"ImageObject\",\"inLanguage\":\"az\",\"@id\":\"https:\\\/\\\/www.meydan.tv\\\/az\\\/article\\\/israilde-siginacaga-yerlesdirilen-mugenni-bakiya-qayidib\\\/#primaryimage\",\"url\":\"https:\\\/\\\/www.meydan.tv\\\/wp-content\\\/uploads\\\/16213715055748740693_1200x630-e1696860096199.jpg\",\"contentUrl\":\"https:\\\/\\\/www.meydan.tv\\\/wp-content\\\/uploads\\\/16213715055748740693_1200x630-e1696860096199.jpg\",\"width\":922,\"height\":401,\"caption\":\"Foto: Az\u0259rtac\"},{\"@type\":\"BreadcrumbList\",\"@id\":\"https:\\\/\\\/www.meydan.tv\\\/az\\\/article\\\/israilde-siginacaga-yerlesdirilen-mugenni-bakiya-qayidib\\\/#breadcrumb\",\"itemListElement\":[{\"@type\":\"ListItem\",\"position\":1,\"name\":\"Ana s\u0259hif\u0259\",\"item\":\"https:\\\/\\\/www.meydan.tv\\\/az\\\/\"},{\"@type\":\"ListItem\",\"position\":2,\"name\":\"M\u0259d\u0259niyy\u0259t\",\"item\":\"https:\\\/\\\/www.meydan.tv\\\/az\\\/section\\\/medeniyyet\\\/\"},{\"@type\":\"ListItem\",\"position\":3,\"name\":\"\u0130sraild\u0259 s\u0131\u011f\u0131naca\u011fa yerl\u0259\u015fdiril\u0259n m\u00fc\u011f\u0259nni Bak\u0131ya qay\u0131d\u0131b\"}]},{\"@type\":\"WebSite\",\"@id\":\"https:\\\/\\\/www.meydan.tv\\\/az\\\/#website\",\"url\":\"https:\\\/\\\/www.meydan.tv\\\/az\\\/\",\"name\":\"MEYDAN.TV\",\"description\":\"Meydan TV Az\u0259rbaycan\u0131n media m\u0259kan\u0131ndak\u0131 alternativ s\u0259sidir\",\"publisher\":{\"@id\":\"https:\\\/\\\/www.meydan.tv\\\/az\\\/#organization\"},\"potentialAction\":[{\"@type\":\"SearchAction\",\"target\":{\"@type\":\"EntryPoint\",\"urlTemplate\":\"https:\\\/\\\/www.meydan.tv\\\/az\\\/?s={search_term_string}\"},\"query-input\":{\"@type\":\"PropertyValueSpecification\",\"valueRequired\":true,\"valueName\":\"search_term_string\"}}],\"inLanguage\":\"az\"},{\"@type\":\"Organization\",\"@id\":\"https:\\\/\\\/www.meydan.tv\\\/az\\\/#organization\",\"name\":\"Meydan TV\",\"url\":\"https:\\\/\\\/www.meydan.tv\\\/az\\\/\",\"logo\":{\"@type\":\"ImageObject\",\"inLanguage\":\"az\",\"@id\":\"https:\\\/\\\/www.meydan.tv\\\/az\\\/#\\\/schema\\\/logo\\\/image\\\/\",\"url\":\"https:\\\/\\\/www.meydan.tv\\\/wp-content\\\/uploads\\\/2021\\\/07\\\/meydan-logo.svg\",\"contentUrl\":\"https:\\\/\\\/www.meydan.tv\\\/wp-content\\\/uploads\\\/2021\\\/07\\\/meydan-logo.svg\",\"width\":195,\"height\":46,\"caption\":\"Meydan TV\"},\"image\":{\"@id\":\"https:\\\/\\\/www.meydan.tv\\\/az\\\/#\\\/schema\\\/logo\\\/image\\\/\"}},{\"@type\":\"Person\",\"@id\":\"https:\\\/\\\/www.meydan.tv\\\/az\\\/#\\\/schema\\\/person\\\/9cdbecf90d17180ce1dfbd95b08dcf47\",\"name\":\"elli\",\"sameAs\":[\"https:\\\/\\\/x.com\\\/elli\"]}]}<\/script>\n<!-- \/ Yoast SEO plugin. -->","yoast_head_json":{"title":"\u0130sraild\u0259 s\u0131\u011f\u0131naca\u011fa yerl\u0259\u015fdiril\u0259n m\u00fc\u011f\u0259nni Bak\u0131ya qay\u0131d\u0131b - MEYDAN.TV","robots":{"index":"index","follow":"follow","max-snippet":"max-snippet:-1","max-image-preview":"max-image-preview:large","max-video-preview":"max-video-preview:-1"},"canonical":"https:\/\/www.meydan.tv\/az\/article\/israilde-siginacaga-yerlesdirilen-mugenni-bakiya-qayidib\/","og_locale":"az_AZ","og_type":"article","og_title":"\u0130sraild\u0259 s\u0131\u011f\u0131naca\u011fa yerl\u0259\u015fdiril\u0259n m\u00fc\u011f\u0259nni Bak\u0131ya qay\u0131d\u0131b - MEYDAN.TV","og_description":"O, T\u0259l-\u018fviv-\u0130stanbul reysi il\u0259 u\u00e7du\u011funu deyib M\u00fc\u011f\u0259nni Samir\u0259 \u018ff\u0259ndi \u0130sraild\u0259n ... Davam\u0131","og_url":"https:\/\/www.meydan.tv\/az\/article\/israilde-siginacaga-yerlesdirilen-mugenni-bakiya-qayidib\/","og_site_name":"MEYDAN.TV","article_published_time":"2023-10-09T13:18:51+00:00","article_modified_time":"2023-10-09T14:02:11+00:00","og_image":[{"width":922,"height":401,"url":"https:\/\/www.meydan.tv\/wp-content\/uploads\/16213715055748740693_1200x630-e1696860096199.jpg","type":"image\/jpeg"}],"author":"elli","twitter_card":"summary_large_image","twitter_creator":"@elli","schema":{"@context":"https:\/\/schema.org","@graph":[{"@type":"Article","@id":"https:\/\/www.meydan.tv\/az\/article\/israilde-siginacaga-yerlesdirilen-mugenni-bakiya-qayidib\/#article","isPartOf":{"@id":"https:\/\/www.meydan.tv\/az\/article\/israilde-siginacaga-yerlesdirilen-mugenni-bakiya-qayidib\/"},"author":{"name":"elli","@id":"https:\/\/www.meydan.tv\/az\/#\/schema\/person\/9cdbecf90d17180ce1dfbd95b08dcf47"},"headline":"\u0130sraild\u0259 s\u0131\u011f\u0131naca\u011fa yerl\u0259\u015fdiril\u0259n m\u00fc\u011f\u0259nni Bak\u0131ya qay\u0131d\u0131b","datePublished":"2023-10-09T13:18:51+00:00","dateModified":"2023-10-09T14:02:11+00:00","mainEntityOfPage":{"@id":"https:\/\/www.meydan.tv\/az\/article\/israilde-siginacaga-yerlesdirilen-mugenni-bakiya-qayidib\/"},"wordCount":104,"publisher":{"@id":"https:\/\/www.meydan.tv\/az\/#organization"},"image":{"@id":"https:\/\/www.meydan.tv\/az\/article\/israilde-siginacaga-yerlesdirilen-mugenni-bakiya-qayidib\/#primaryimage"},"thumbnailUrl":"https:\/\/www.meydan.tv\/wp-content\/uploads\/16213715055748740693_1200x630-e1696860096199.jpg","articleSection":["M\u0259d\u0259niyy\u0259t","X\u0259b\u0259rl\u0259r"],"inLanguage":"az"},{"@type":"WebPage","@id":"https:\/\/www.meydan.tv\/az\/article\/israilde-siginacaga-yerlesdirilen-mugenni-bakiya-qayidib\/","url":"https:\/\/www.meydan.tv\/az\/article\/israilde-siginacaga-yerlesdirilen-mugenni-bakiya-qayidib\/","name":"\u0130sraild\u0259 s\u0131\u011f\u0131naca\u011fa yerl\u0259\u015fdiril\u0259n m\u00fc\u011f\u0259nni Bak\u0131ya qay\u0131d\u0131b - MEYDAN.TV","isPartOf":{"@id":"https:\/\/www.meydan.tv\/az\/#website"},"primaryImageOfPage":{"@id":"https:\/\/www.meydan.tv\/az\/article\/israilde-siginacaga-yerlesdirilen-mugenni-bakiya-qayidib\/#primaryimage"},"image":{"@id":"https:\/\/www.meydan.tv\/az\/article\/israilde-siginacaga-yerlesdirilen-mugenni-bakiya-qayidib\/#primaryimage"},"thumbnailUrl":"https:\/\/www.meydan.tv\/wp-content\/uploads\/16213715055748740693_1200x630-e1696860096199.jpg","datePublished":"2023-10-09T13:18:51+00:00","dateModified":"2023-10-09T14:02:11+00:00","breadcrumb":{"@id":"https:\/\/www.meydan.tv\/az\/article\/israilde-siginacaga-yerlesdirilen-mugenni-bakiya-qayidib\/#breadcrumb"},"inLanguage":"az","potentialAction":[{"@type":"ReadAction","target":["https:\/\/www.meydan.tv\/az\/article\/israilde-siginacaga-yerlesdirilen-mugenni-bakiya-qayidib\/"]}]},{"@type":"ImageObject","inLanguage":"az","@id":"https:\/\/www.meydan.tv\/az\/article\/israilde-siginacaga-yerlesdirilen-mugenni-bakiya-qayidib\/#primaryimage","url":"https:\/\/www.meydan.tv\/wp-content\/uploads\/16213715055748740693_1200x630-e1696860096199.jpg","contentUrl":"https:\/\/www.meydan.tv\/wp-content\/uploads\/16213715055748740693_1200x630-e1696860096199.jpg","width":922,"height":401,"caption":"Foto: Az\u0259rtac"},{"@type":"BreadcrumbList","@id":"https:\/\/www.meydan.tv\/az\/article\/israilde-siginacaga-yerlesdirilen-mugenni-bakiya-qayidib\/#breadcrumb","itemListElement":[{"@type":"ListItem","position":1,"name":"Ana s\u0259hif\u0259","item":"https:\/\/www.meydan.tv\/az\/"},{"@type":"ListItem","position":2,"name":"M\u0259d\u0259niyy\u0259t","item":"https:\/\/www.meydan.tv\/az\/section\/medeniyyet\/"},{"@type":"ListItem","position":3,"name":"\u0130sraild\u0259 s\u0131\u011f\u0131naca\u011fa yerl\u0259\u015fdiril\u0259n m\u00fc\u011f\u0259nni Bak\u0131ya qay\u0131d\u0131b"}]},{"@type":"WebSite","@id":"https:\/\/www.meydan.tv\/az\/#website","url":"https:\/\/www.meydan.tv\/az\/","name":"MEYDAN.TV","description":"Meydan TV Az\u0259rbaycan\u0131n media m\u0259kan\u0131ndak\u0131 alternativ s\u0259sidir","publisher":{"@id":"https:\/\/www.meydan.tv\/az\/#organization"},"potentialAction":[{"@type":"SearchAction","target":{"@type":"EntryPoint","urlTemplate":"https:\/\/www.meydan.tv\/az\/?s={search_term_string}"},"query-input":{"@type":"PropertyValueSpecification","valueRequired":true,"valueName":"search_term_string"}}],"inLanguage":"az"},{"@type":"Organization","@id":"https:\/\/www.meydan.tv\/az\/#organization","name":"Meydan TV","url":"https:\/\/www.meydan.tv\/az\/","logo":{"@type":"ImageObject","inLanguage":"az","@id":"https:\/\/www.meydan.tv\/az\/#\/schema\/logo\/image\/","url":"https:\/\/www.meydan.tv\/wp-content\/uploads\/2021\/07\/meydan-logo.svg","contentUrl":"https:\/\/www.meydan.tv\/wp-content\/uploads\/2021\/07\/meydan-logo.svg","width":195,"height":46,"caption":"Meydan TV"},"image":{"@id":"https:\/\/www.meydan.tv\/az\/#\/schema\/logo\/image\/"}},{"@type":"Person","@id":"https:\/\/www.meydan.tv\/az\/#\/schema\/person\/9cdbecf90d17180ce1dfbd95b08dcf47","name":"elli","sameAs":["https:\/\/x.com\/elli"]}]}},"_links":{"self":[{"href":"https:\/\/www.meydan.tv\/az\/wp-json\/wp\/v2\/posts\/287443","targetHints":{"allow":["GET"]}}],"collection":[{"href":"https:\/\/www.meydan.tv\/az\/wp-json\/wp\/v2\/posts"}],"about":[{"href":"https:\/\/www.meydan.tv\/az\/wp-json\/wp\/v2\/types\/post"}],"author":[{"embeddable":true,"href":"https:\/\/www.meydan.tv\/az\/wp-json\/wp\/v2\/users\/8"}],"replies":[{"embeddable":true,"href":"https:\/\/www.meydan.tv\/az\/wp-json\/wp\/v2\/comments?post=287443"}],"version-history":[{"count":3,"href":"https:\/\/www.meydan.tv\/az\/wp-json\/wp\/v2\/posts\/287443\/revisions"}],"predecessor-version":[{"id":287456,"href":"https:\/\/www.meydan.tv\/az\/wp-json\/wp\/v2\/posts\/287443\/revisions\/287456"}],"wp:featuredmedia":[{"embeddable":true,"href":"https:\/\/www.meydan.tv\/az\/wp-json\/wp\/v2\/media\/287453"}],"wp:attachment":[{"href":"https:\/\/www.meydan.tv\/az\/wp-json\/wp\/v2\/media?parent=287443"}],"wp:term":[{"taxonomy":"category","embeddable":true,"href":"https:\/\/www.meydan.tv\/az\/wp-json\/wp\/v2\/categories?post=287443"},{"taxonomy":"post_tag","embeddable":true,"href":"https:\/\/www.meydan.tv\/az\/wp-json\/wp\/v2\/tags?post=287443"}],"curies":[{"name":"wp","href":"https:\/\/api.w.org\/{rel}","templated":true}]}}