{"id":287426,"date":"2023-10-09T14:55:58","date_gmt":"2023-10-09T10:55:58","guid":{"rendered":"https:\/\/www.meydan.tv\/?p=287426"},"modified":"2023-10-09T14:56:03","modified_gmt":"2023-10-09T10:56:03","slug":"azal-parkinq-qiymetini-qaldirib-iqtisadci-qayda-yoxdur-deyir","status":"publish","type":"post","link":"https:\/\/www.meydan.tv\/az\/article\/azal-parkinq-qiymetini-qaldirib-iqtisadci-qayda-yoxdur-deyir\/","title":{"rendered":"AZAL parkinq qiym\u0259tini qald\u0131r\u0131b: iqtisad\u00e7\u0131 &#8220;qayda yoxdur&#8221; deyir"},"content":{"rendered":"\n<p><\/p>\n\n\n\n<p><strong><em>\u018fr\u015fad H\u00fcseynov is\u0259 m\u00fck\u0259mm\u0259l ictimai n\u0259qliyyat\u0131n i\u015f\u0259 sal\u0131nmas\u0131n\u0131 vacib say\u0131r<\/em><\/strong><\/p>\n\n\n\n<p>\u201cAz\u0259rbaycan Hava Yollar\u0131\u201d (AZAL) Qapal\u0131 S\u0259hmdar C\u0259miyy\u0259ti hava liman\u0131 \u0259razisind\u0259 minik avtomobill\u0259ri \u00fc\u00e7\u00fcn parkinq qiym\u0259tini qald\u0131r\u0131b.<\/p>\n\n\n\n<p>Bu bar\u0259d\u0259 Heyd\u0259r \u018fliyev Beyn\u0259lxalq Hava Liman\u0131ndan Meydan TV-y\u0259 m\u0259lumat verilib.<\/p>\n\n\n\n<p>Standart 24 saat \u00fc\u00e7\u00fcn n\u0259z\u0259rd\u0259 tutulan 5 manat\u0131n \u00fcst\u00fcn\u0259 h\u0259r yeni g\u00fcn 15 manat t\u0259yin edilib.<\/p>\n\n\n\n<p>\u201cArt\u0131q \u00fc\u00e7 h\u0259ft\u0259dir ki, yeni qiym\u0259tl\u0259rin t\u0259tbiqin\u0259 ba\u015flan\u0131b\u201d, &#8211; hava liman\u0131ndan bildiribl\u0259r.<\/p>\n\n\n<div class=\"wp-block-image\">\n<figure class=\"aligncenter size-full\"><img decoding=\"async\" width=\"1200\" height=\"800\" data-src=\"https:\/\/www.meydan.tv\/wp-content\/uploads\/untitled-design-8-38.jpg\" alt=\"\" class=\"wp-image-287416 lazyload\" src=\"data:image\/svg+xml;base64,PHN2ZyB3aWR0aD0iMSIgaGVpZ2h0PSIxIiB4bWxucz0iaHR0cDovL3d3dy53My5vcmcvMjAwMC9zdmciPjwvc3ZnPg==\" style=\"--smush-placeholder-width: 1200px; --smush-placeholder-aspect-ratio: 1200\/800;\" \/><figcaption class=\"wp-element-caption\">Foto: Meydan TV<\/figcaption><\/figure>\n<\/div>\n\n\n<p>\u0130qtisad\u00e7\u0131 Natiq C\u0259f\u0259rli Meydan TV-y\u0259 deyir ki, h\u0259r aeroportun \u00f6z strategiyas\u0131 var v\u0259 qiym\u0259tl\u0259ri d\u0259 \u00f6zl\u0259ri m\u00fc\u0259yy\u0259nl\u0259\u015fdirirl\u0259r.<\/p>\n\n\n\n<p>Onun s\u00f6zl\u0259rin\u0259 g\u00f6r\u0259, bunun \u00fc\u00e7\u00fcn hans\u0131sa qayda, standart v\u0259 ya r\u00fcsum yoxdur:<\/p>\n\n\n<div class=\"wp-block-image\">\n<figure class=\"alignleft size-large is-resized\"><img decoding=\"async\" data-src=\"https:\/\/www.meydan.tv\/wp-content\/uploads\/image_from_ios_178-scaled-e1648798569981-1200x696.jpg\" alt=\"Natiq C\u0259f\u0259rli\" class=\"wp-image-210013 lazyload\" style=\"--smush-placeholder-width: 464px; --smush-placeholder-aspect-ratio: 464\/269;width:464px;height:269px\" width=\"464\" height=\"269\" src=\"data:image\/svg+xml;base64,PHN2ZyB3aWR0aD0iMSIgaGVpZ2h0PSIxIiB4bWxucz0iaHR0cDovL3d3dy53My5vcmcvMjAwMC9zdmciPjwvc3ZnPg==\" \/><figcaption class=\"wp-element-caption\">Natiq C\u0259f\u0259rli, Foto: Meydan TV<\/figcaption><\/figure>\n<\/div>\n\n\n<p>\u201c<em>B\u0259zi \u00f6lk\u0259l\u0259rd\u0259 insanlar\u0131 hava liman\u0131na avtomobill\u0259 g\u0259lm\u0259y\u0259 t\u0259\u015fviq etm\u0259k \u00fc\u00e7\u00fcn parkovka qiym\u0259tl\u0259rini \u00e7ox a\u015fa\u011f\u0131 sal\u0131rlar. B\u0259zil\u0259rind\u0259 is\u0259 \u0259ksin\u0259, lobbi\u00e7ilik daha g\u00fccl\u00fc oldu\u011funa g\u00f6r\u0259 taksi xidm\u0259tind\u0259n istifad\u0259 daha geni\u015f yay\u0131l\u0131b. Dig\u0259r \u00f6lk\u0259l\u0259rd\u0259 alternativ variantlar da m\u00f6vcuddur. Y\u0259ni insanlar hava liman\u0131na avtobusla, metro il\u0259 d\u0259 ged\u0259 bilirl\u0259r\u201d.<\/em><\/p>\n\n\n\n<p><\/p>\n\n\n\n<p>\u201c<em>Az\u0259rbaycanda is\u0259 bu, yoxdur. Hava liman\u0131na avtobuslar 30-40 d\u0259qiq\u0259 intervalla, h\u0259m d\u0259 \u015f\u0259h\u0259rin bir n\u00f6qt\u0259sind\u0259n i\u015fl\u0259yir. Paralel olaraq, he\u00e7 olmasa ictimai n\u0259qliyyat\u0131 da d\u00fcz\u0259lts\u0259ydil\u0259r, alternativ olard\u0131\u201d, <\/em>&#8211; dey\u0259 o bildirib.<\/p>\n\n\n\n<p>N\u0259qliyyat \u00fczr\u0259 ekspert \u018fr\u015fad H\u00fcseynov Meydan TV-y\u0259 deyir ki, hava liman\u0131ndan \u015f\u0259h\u0259rin \u0259sas n\u00f6qt\u0259l\u0259rini birl\u0259\u015fdir\u0259n m\u00fck\u0259mm\u0259l ictimai n\u0259qliyyat x\u0259ttinin i\u015f\u0259 sal\u0131nmas\u0131na ehtiyac var:<\/p>\n\n\n<div class=\"wp-block-image\">\n<figure class=\"alignright size-full is-resized\"><img decoding=\"async\" data-src=\"https:\/\/www.meydan.tv\/wp-content\/uploads\/46307.jpg\" alt=\"\u018fr\u015fad H\u00fcseynov\" class=\"wp-image-115893 lazyload\" style=\"--smush-placeholder-width: 434px; --smush-placeholder-aspect-ratio: 434\/286;width:434px;height:286px\" width=\"434\" height=\"286\" src=\"data:image\/svg+xml;base64,PHN2ZyB3aWR0aD0iMSIgaGVpZ2h0PSIxIiB4bWxucz0iaHR0cDovL3d3dy53My5vcmcvMjAwMC9zdmciPjwvc3ZnPg==\" \/><figcaption class=\"wp-element-caption\">Foto: \u018fr\u015fad H\u00fcseynovun arxivind\u0259n <\/figcaption><\/figure>\n<\/div>\n\n\n<p>\u201c<em>B\u0259zi \u00f6lk\u0259l\u0259rd\u0259 piyada m\u0259saf\u0259sind\u0259 metro stansiyas\u0131 olan hava limanlar\u0131 var. El\u0259 aeroportlar var ki, yax\u0131nl\u0131\u011f\u0131ndan tramvay ke\u00e7ir. \u00c7e\u015fidli avtobus mar\u015frutlar\u0131 var. Hava liman\u0131na getm\u0259k \u00fc\u00e7\u00fcn n\u0259z\u0259rd\u0259 tutulan n\u0259qliyyatlar rahatl\u0131q v\u0259 qiym\u0259t bax\u0131m\u0131ndan \u0259l\u00e7atan olmal\u0131d\u0131r. \u0130st\u0259nil\u0259n aeroport h\u0259m d\u0259 n\u0259qliyyat qov\u015fa\u011f\u0131d\u0131r. Orada h\u0259m t\u0259yyar\u0259, h\u0259m d\u0259 yer\u00fcst\u00fc n\u0259qliyyatlar\u0131n ham\u0131s\u0131 m\u00fck\u0259mm\u0259l xidm\u0259t g\u00f6st\u0259rm\u0259li, \u0259l\u00e7atan olmal\u0131d\u0131r\u201d.<\/em><\/p>\n\n\n\n<p><\/p>\n\n\n\n<p>\u201cAZAL\u201ddan Meydan TV-y\u0259 bildirilib ki, \u201cBaku Bus H1 Airport Express\u201d mar\u015frutu h\u0259r g\u00fcn \u201c28 May\u201d metrostansiyas\u0131ndan saat 06:00-19:00 aras\u0131 h\u0259r 30 d\u0259qiq\u0259d\u0259n bir, 19:00-21:00 aras\u0131 h\u0259r 40 d\u0259qiq\u0259d\u0259n bir v\u0259 21:00-06:00 aras\u0131 h\u0259r 60 d\u0259qiq\u0259d\u0259n bir Hava liman\u0131 &#8211; \u015e\u0259h\u0259r m\u0259rk\u0259zi istiqam\u0259tind\u0259 h\u0259r\u0259k\u0259t edir.<\/p>\n\n\n\n<p>Meydan TV g\u0259l\u0259c\u0259kd\u0259 hava liman\u0131na ged\u0259n avtobuslar\u0131n say\u0131n\u0131n v\u0259 gedi\u015f n\u00f6qt\u0259l\u0259rinin art\u0131r\u0131lmas\u0131 il\u0259 \u0259laqdar sual\u0131 Az\u0259rbaycan Yer\u00fcst\u00fc N\u0259qliyyat Agentliyin\u0259 \u00fcnvanlay\u0131b, lakin sor\u011fu cavabland\u0131r\u0131lmay\u0131b.<\/p>\n","protected":false},"excerpt":{"rendered":"<p>\u018fr\u015fad H\u00fcseynov is\u0259 m\u00fck\u0259mm\u0259l ictimai n\u0259qliyyat\u0131n i\u015f\u0259 sal\u0131nmas\u0131n\u0131 vacib say\u0131r &#8230; <\/p>\n<p class=\"read-more-container\"><a title=\"AZAL parkinq qiym\u0259tini qald\u0131r\u0131b: iqtisad\u00e7\u0131 &#8220;qayda yoxdur&#8221; deyir\" class=\"read-more button\" href=\"https:\/\/www.meydan.tv\/az\/article\/azal-parkinq-qiymetini-qaldirib-iqtisadci-qayda-yoxdur-deyir\/#more-287426\" aria-label=\"Read more about AZAL parkinq qiym\u0259tini qald\u0131r\u0131b: iqtisad\u00e7\u0131 &#8220;qayda yoxdur&#8221; deyir\">Davam\u0131<\/a><\/p>\n","protected":false},"author":8,"featured_media":135208,"comment_status":"closed","ping_status":"closed","sticky":false,"template":"","format":"standard","meta":{"_acf_changed":false,"_sitemap_exclude":false,"_sitemap_priority":"","_sitemap_frequency":"","footnotes":""},"categories":[62,56],"tags":[],"class_list":["post-287426","post","type-post","status-publish","format-standard","has-post-thumbnail","hentry","category-sosial","category-xeberler","infinite-scroll-item","generate-columns","tablet-grid-50","mobile-grid-100","grid-parent","grid-33","no-featured-image-padding"],"acf":[],"yoast_head":"<!-- This site is optimized with the Yoast SEO plugin v27.5 - https:\/\/yoast.com\/product\/yoast-seo-wordpress\/ -->\n<title>AZAL parkinq qiym\u0259tini qald\u0131r\u0131b: iqtisad\u00e7\u0131 &quot;qayda yoxdur&quot; deyir - MEYDAN.TV<\/title>\n<meta name=\"robots\" content=\"index, follow, max-snippet:-1, max-image-preview:large, max-video-preview:-1\" \/>\n<link rel=\"canonical\" href=\"https:\/\/www.meydan.tv\/az\/article\/azal-parkinq-qiymetini-qaldirib-iqtisadci-qayda-yoxdur-deyir\/\" \/>\n<meta property=\"og:locale\" content=\"az_AZ\" \/>\n<meta property=\"og:type\" content=\"article\" \/>\n<meta property=\"og:title\" content=\"AZAL parkinq qiym\u0259tini qald\u0131r\u0131b: iqtisad\u00e7\u0131 &quot;qayda yoxdur&quot; deyir - MEYDAN.TV\" \/>\n<meta property=\"og:description\" content=\"\u018fr\u015fad H\u00fcseynov is\u0259 m\u00fck\u0259mm\u0259l ictimai n\u0259qliyyat\u0131n i\u015f\u0259 sal\u0131nmas\u0131n\u0131 vacib say\u0131r ... Davam\u0131\" \/>\n<meta property=\"og:url\" content=\"https:\/\/www.meydan.tv\/az\/article\/azal-parkinq-qiymetini-qaldirib-iqtisadci-qayda-yoxdur-deyir\/\" \/>\n<meta property=\"og:site_name\" content=\"MEYDAN.TV\" \/>\n<meta property=\"article:published_time\" content=\"2023-10-09T10:55:58+00:00\" \/>\n<meta property=\"article:modified_time\" content=\"2023-10-09T10:56:03+00:00\" \/>\n<meta property=\"og:image\" content=\"https:\/\/www.meydan.tv\/wp-content\/uploads\/5th_freedom.jpg\" \/>\n\t<meta property=\"og:image:width\" content=\"1920\" \/>\n\t<meta property=\"og:image:height\" content=\"1280\" \/>\n\t<meta property=\"og:image:type\" content=\"image\/jpeg\" \/>\n<meta name=\"author\" content=\"elli\" \/>\n<meta name=\"twitter:card\" content=\"summary_large_image\" \/>\n<meta name=\"twitter:creator\" content=\"@elli\" \/>\n<script type=\"application\/ld+json\" class=\"yoast-schema-graph\">{\"@context\":\"https:\\\/\\\/schema.org\",\"@graph\":[{\"@type\":\"Article\",\"@id\":\"https:\\\/\\\/www.meydan.tv\\\/az\\\/article\\\/azal-parkinq-qiymetini-qaldirib-iqtisadci-qayda-yoxdur-deyir\\\/#article\",\"isPartOf\":{\"@id\":\"https:\\\/\\\/www.meydan.tv\\\/az\\\/article\\\/azal-parkinq-qiymetini-qaldirib-iqtisadci-qayda-yoxdur-deyir\\\/\"},\"author\":{\"name\":\"elli\",\"@id\":\"https:\\\/\\\/www.meydan.tv\\\/az\\\/#\\\/schema\\\/person\\\/9cdbecf90d17180ce1dfbd95b08dcf47\"},\"headline\":\"AZAL parkinq qiym\u0259tini qald\u0131r\u0131b: iqtisad\u00e7\u0131 &#8220;qayda yoxdur&#8221; deyir\",\"datePublished\":\"2023-10-09T10:55:58+00:00\",\"dateModified\":\"2023-10-09T10:56:03+00:00\",\"mainEntityOfPage\":{\"@id\":\"https:\\\/\\\/www.meydan.tv\\\/az\\\/article\\\/azal-parkinq-qiymetini-qaldirib-iqtisadci-qayda-yoxdur-deyir\\\/\"},\"wordCount\":539,\"publisher\":{\"@id\":\"https:\\\/\\\/www.meydan.tv\\\/az\\\/#organization\"},\"image\":{\"@id\":\"https:\\\/\\\/www.meydan.tv\\\/az\\\/article\\\/azal-parkinq-qiymetini-qaldirib-iqtisadci-qayda-yoxdur-deyir\\\/#primaryimage\"},\"thumbnailUrl\":\"https:\\\/\\\/www.meydan.tv\\\/wp-content\\\/uploads\\\/5th_freedom.jpg\",\"articleSection\":[\"Sosial\",\"X\u0259b\u0259rl\u0259r\"],\"inLanguage\":\"az\"},{\"@type\":\"WebPage\",\"@id\":\"https:\\\/\\\/www.meydan.tv\\\/az\\\/article\\\/azal-parkinq-qiymetini-qaldirib-iqtisadci-qayda-yoxdur-deyir\\\/\",\"url\":\"https:\\\/\\\/www.meydan.tv\\\/az\\\/article\\\/azal-parkinq-qiymetini-qaldirib-iqtisadci-qayda-yoxdur-deyir\\\/\",\"name\":\"AZAL parkinq qiym\u0259tini qald\u0131r\u0131b: iqtisad\u00e7\u0131 \\\"qayda yoxdur\\\" deyir - MEYDAN.TV\",\"isPartOf\":{\"@id\":\"https:\\\/\\\/www.meydan.tv\\\/az\\\/#website\"},\"primaryImageOfPage\":{\"@id\":\"https:\\\/\\\/www.meydan.tv\\\/az\\\/article\\\/azal-parkinq-qiymetini-qaldirib-iqtisadci-qayda-yoxdur-deyir\\\/#primaryimage\"},\"image\":{\"@id\":\"https:\\\/\\\/www.meydan.tv\\\/az\\\/article\\\/azal-parkinq-qiymetini-qaldirib-iqtisadci-qayda-yoxdur-deyir\\\/#primaryimage\"},\"thumbnailUrl\":\"https:\\\/\\\/www.meydan.tv\\\/wp-content\\\/uploads\\\/5th_freedom.jpg\",\"datePublished\":\"2023-10-09T10:55:58+00:00\",\"dateModified\":\"2023-10-09T10:56:03+00:00\",\"breadcrumb\":{\"@id\":\"https:\\\/\\\/www.meydan.tv\\\/az\\\/article\\\/azal-parkinq-qiymetini-qaldirib-iqtisadci-qayda-yoxdur-deyir\\\/#breadcrumb\"},\"inLanguage\":\"az\",\"potentialAction\":[{\"@type\":\"ReadAction\",\"target\":[\"https:\\\/\\\/www.meydan.tv\\\/az\\\/article\\\/azal-parkinq-qiymetini-qaldirib-iqtisadci-qayda-yoxdur-deyir\\\/\"]}]},{\"@type\":\"ImageObject\",\"inLanguage\":\"az\",\"@id\":\"https:\\\/\\\/www.meydan.tv\\\/az\\\/article\\\/azal-parkinq-qiymetini-qaldirib-iqtisadci-qayda-yoxdur-deyir\\\/#primaryimage\",\"url\":\"https:\\\/\\\/www.meydan.tv\\\/wp-content\\\/uploads\\\/5th_freedom.jpg\",\"contentUrl\":\"https:\\\/\\\/www.meydan.tv\\\/wp-content\\\/uploads\\\/5th_freedom.jpg\",\"width\":1920,\"height\":1280,\"caption\":\"Foto: AZAL\"},{\"@type\":\"BreadcrumbList\",\"@id\":\"https:\\\/\\\/www.meydan.tv\\\/az\\\/article\\\/azal-parkinq-qiymetini-qaldirib-iqtisadci-qayda-yoxdur-deyir\\\/#breadcrumb\",\"itemListElement\":[{\"@type\":\"ListItem\",\"position\":1,\"name\":\"Ana s\u0259hif\u0259\",\"item\":\"https:\\\/\\\/www.meydan.tv\\\/az\\\/\"},{\"@type\":\"ListItem\",\"position\":2,\"name\":\"Sosial\",\"item\":\"https:\\\/\\\/www.meydan.tv\\\/az\\\/section\\\/sosial\\\/\"},{\"@type\":\"ListItem\",\"position\":3,\"name\":\"AZAL parkinq qiym\u0259tini qald\u0131r\u0131b: iqtisad\u00e7\u0131 &#8220;qayda yoxdur&#8221; deyir\"}]},{\"@type\":\"WebSite\",\"@id\":\"https:\\\/\\\/www.meydan.tv\\\/az\\\/#website\",\"url\":\"https:\\\/\\\/www.meydan.tv\\\/az\\\/\",\"name\":\"MEYDAN.TV\",\"description\":\"Meydan TV Az\u0259rbaycan\u0131n media m\u0259kan\u0131ndak\u0131 alternativ s\u0259sidir\",\"publisher\":{\"@id\":\"https:\\\/\\\/www.meydan.tv\\\/az\\\/#organization\"},\"potentialAction\":[{\"@type\":\"SearchAction\",\"target\":{\"@type\":\"EntryPoint\",\"urlTemplate\":\"https:\\\/\\\/www.meydan.tv\\\/az\\\/?s={search_term_string}\"},\"query-input\":{\"@type\":\"PropertyValueSpecification\",\"valueRequired\":true,\"valueName\":\"search_term_string\"}}],\"inLanguage\":\"az\"},{\"@type\":\"Organization\",\"@id\":\"https:\\\/\\\/www.meydan.tv\\\/az\\\/#organization\",\"name\":\"Meydan TV\",\"url\":\"https:\\\/\\\/www.meydan.tv\\\/az\\\/\",\"logo\":{\"@type\":\"ImageObject\",\"inLanguage\":\"az\",\"@id\":\"https:\\\/\\\/www.meydan.tv\\\/az\\\/#\\\/schema\\\/logo\\\/image\\\/\",\"url\":\"https:\\\/\\\/www.meydan.tv\\\/wp-content\\\/uploads\\\/2021\\\/07\\\/meydan-logo.svg\",\"contentUrl\":\"https:\\\/\\\/www.meydan.tv\\\/wp-content\\\/uploads\\\/2021\\\/07\\\/meydan-logo.svg\",\"width\":195,\"height\":46,\"caption\":\"Meydan TV\"},\"image\":{\"@id\":\"https:\\\/\\\/www.meydan.tv\\\/az\\\/#\\\/schema\\\/logo\\\/image\\\/\"}},{\"@type\":\"Person\",\"@id\":\"https:\\\/\\\/www.meydan.tv\\\/az\\\/#\\\/schema\\\/person\\\/9cdbecf90d17180ce1dfbd95b08dcf47\",\"name\":\"elli\",\"sameAs\":[\"https:\\\/\\\/x.com\\\/elli\"]}]}<\/script>\n<!-- \/ Yoast SEO plugin. -->","yoast_head_json":{"title":"AZAL parkinq qiym\u0259tini qald\u0131r\u0131b: iqtisad\u00e7\u0131 \"qayda yoxdur\" deyir - MEYDAN.TV","robots":{"index":"index","follow":"follow","max-snippet":"max-snippet:-1","max-image-preview":"max-image-preview:large","max-video-preview":"max-video-preview:-1"},"canonical":"https:\/\/www.meydan.tv\/az\/article\/azal-parkinq-qiymetini-qaldirib-iqtisadci-qayda-yoxdur-deyir\/","og_locale":"az_AZ","og_type":"article","og_title":"AZAL parkinq qiym\u0259tini qald\u0131r\u0131b: iqtisad\u00e7\u0131 \"qayda yoxdur\" deyir - MEYDAN.TV","og_description":"\u018fr\u015fad H\u00fcseynov is\u0259 m\u00fck\u0259mm\u0259l ictimai n\u0259qliyyat\u0131n i\u015f\u0259 sal\u0131nmas\u0131n\u0131 vacib say\u0131r ... Davam\u0131","og_url":"https:\/\/www.meydan.tv\/az\/article\/azal-parkinq-qiymetini-qaldirib-iqtisadci-qayda-yoxdur-deyir\/","og_site_name":"MEYDAN.TV","article_published_time":"2023-10-09T10:55:58+00:00","article_modified_time":"2023-10-09T10:56:03+00:00","og_image":[{"width":1920,"height":1280,"url":"https:\/\/www.meydan.tv\/wp-content\/uploads\/5th_freedom.jpg","type":"image\/jpeg"}],"author":"elli","twitter_card":"summary_large_image","twitter_creator":"@elli","schema":{"@context":"https:\/\/schema.org","@graph":[{"@type":"Article","@id":"https:\/\/www.meydan.tv\/az\/article\/azal-parkinq-qiymetini-qaldirib-iqtisadci-qayda-yoxdur-deyir\/#article","isPartOf":{"@id":"https:\/\/www.meydan.tv\/az\/article\/azal-parkinq-qiymetini-qaldirib-iqtisadci-qayda-yoxdur-deyir\/"},"author":{"name":"elli","@id":"https:\/\/www.meydan.tv\/az\/#\/schema\/person\/9cdbecf90d17180ce1dfbd95b08dcf47"},"headline":"AZAL parkinq qiym\u0259tini qald\u0131r\u0131b: iqtisad\u00e7\u0131 &#8220;qayda yoxdur&#8221; deyir","datePublished":"2023-10-09T10:55:58+00:00","dateModified":"2023-10-09T10:56:03+00:00","mainEntityOfPage":{"@id":"https:\/\/www.meydan.tv\/az\/article\/azal-parkinq-qiymetini-qaldirib-iqtisadci-qayda-yoxdur-deyir\/"},"wordCount":539,"publisher":{"@id":"https:\/\/www.meydan.tv\/az\/#organization"},"image":{"@id":"https:\/\/www.meydan.tv\/az\/article\/azal-parkinq-qiymetini-qaldirib-iqtisadci-qayda-yoxdur-deyir\/#primaryimage"},"thumbnailUrl":"https:\/\/www.meydan.tv\/wp-content\/uploads\/5th_freedom.jpg","articleSection":["Sosial","X\u0259b\u0259rl\u0259r"],"inLanguage":"az"},{"@type":"WebPage","@id":"https:\/\/www.meydan.tv\/az\/article\/azal-parkinq-qiymetini-qaldirib-iqtisadci-qayda-yoxdur-deyir\/","url":"https:\/\/www.meydan.tv\/az\/article\/azal-parkinq-qiymetini-qaldirib-iqtisadci-qayda-yoxdur-deyir\/","name":"AZAL parkinq qiym\u0259tini qald\u0131r\u0131b: iqtisad\u00e7\u0131 \"qayda yoxdur\" deyir - MEYDAN.TV","isPartOf":{"@id":"https:\/\/www.meydan.tv\/az\/#website"},"primaryImageOfPage":{"@id":"https:\/\/www.meydan.tv\/az\/article\/azal-parkinq-qiymetini-qaldirib-iqtisadci-qayda-yoxdur-deyir\/#primaryimage"},"image":{"@id":"https:\/\/www.meydan.tv\/az\/article\/azal-parkinq-qiymetini-qaldirib-iqtisadci-qayda-yoxdur-deyir\/#primaryimage"},"thumbnailUrl":"https:\/\/www.meydan.tv\/wp-content\/uploads\/5th_freedom.jpg","datePublished":"2023-10-09T10:55:58+00:00","dateModified":"2023-10-09T10:56:03+00:00","breadcrumb":{"@id":"https:\/\/www.meydan.tv\/az\/article\/azal-parkinq-qiymetini-qaldirib-iqtisadci-qayda-yoxdur-deyir\/#breadcrumb"},"inLanguage":"az","potentialAction":[{"@type":"ReadAction","target":["https:\/\/www.meydan.tv\/az\/article\/azal-parkinq-qiymetini-qaldirib-iqtisadci-qayda-yoxdur-deyir\/"]}]},{"@type":"ImageObject","inLanguage":"az","@id":"https:\/\/www.meydan.tv\/az\/article\/azal-parkinq-qiymetini-qaldirib-iqtisadci-qayda-yoxdur-deyir\/#primaryimage","url":"https:\/\/www.meydan.tv\/wp-content\/uploads\/5th_freedom.jpg","contentUrl":"https:\/\/www.meydan.tv\/wp-content\/uploads\/5th_freedom.jpg","width":1920,"height":1280,"caption":"Foto: AZAL"},{"@type":"BreadcrumbList","@id":"https:\/\/www.meydan.tv\/az\/article\/azal-parkinq-qiymetini-qaldirib-iqtisadci-qayda-yoxdur-deyir\/#breadcrumb","itemListElement":[{"@type":"ListItem","position":1,"name":"Ana s\u0259hif\u0259","item":"https:\/\/www.meydan.tv\/az\/"},{"@type":"ListItem","position":2,"name":"Sosial","item":"https:\/\/www.meydan.tv\/az\/section\/sosial\/"},{"@type":"ListItem","position":3,"name":"AZAL parkinq qiym\u0259tini qald\u0131r\u0131b: iqtisad\u00e7\u0131 &#8220;qayda yoxdur&#8221; deyir"}]},{"@type":"WebSite","@id":"https:\/\/www.meydan.tv\/az\/#website","url":"https:\/\/www.meydan.tv\/az\/","name":"MEYDAN.TV","description":"Meydan TV Az\u0259rbaycan\u0131n media m\u0259kan\u0131ndak\u0131 alternativ s\u0259sidir","publisher":{"@id":"https:\/\/www.meydan.tv\/az\/#organization"},"potentialAction":[{"@type":"SearchAction","target":{"@type":"EntryPoint","urlTemplate":"https:\/\/www.meydan.tv\/az\/?s={search_term_string}"},"query-input":{"@type":"PropertyValueSpecification","valueRequired":true,"valueName":"search_term_string"}}],"inLanguage":"az"},{"@type":"Organization","@id":"https:\/\/www.meydan.tv\/az\/#organization","name":"Meydan TV","url":"https:\/\/www.meydan.tv\/az\/","logo":{"@type":"ImageObject","inLanguage":"az","@id":"https:\/\/www.meydan.tv\/az\/#\/schema\/logo\/image\/","url":"https:\/\/www.meydan.tv\/wp-content\/uploads\/2021\/07\/meydan-logo.svg","contentUrl":"https:\/\/www.meydan.tv\/wp-content\/uploads\/2021\/07\/meydan-logo.svg","width":195,"height":46,"caption":"Meydan TV"},"image":{"@id":"https:\/\/www.meydan.tv\/az\/#\/schema\/logo\/image\/"}},{"@type":"Person","@id":"https:\/\/www.meydan.tv\/az\/#\/schema\/person\/9cdbecf90d17180ce1dfbd95b08dcf47","name":"elli","sameAs":["https:\/\/x.com\/elli"]}]}},"_links":{"self":[{"href":"https:\/\/www.meydan.tv\/az\/wp-json\/wp\/v2\/posts\/287426","targetHints":{"allow":["GET"]}}],"collection":[{"href":"https:\/\/www.meydan.tv\/az\/wp-json\/wp\/v2\/posts"}],"about":[{"href":"https:\/\/www.meydan.tv\/az\/wp-json\/wp\/v2\/types\/post"}],"author":[{"embeddable":true,"href":"https:\/\/www.meydan.tv\/az\/wp-json\/wp\/v2\/users\/8"}],"replies":[{"embeddable":true,"href":"https:\/\/www.meydan.tv\/az\/wp-json\/wp\/v2\/comments?post=287426"}],"version-history":[{"count":3,"href":"https:\/\/www.meydan.tv\/az\/wp-json\/wp\/v2\/posts\/287426\/revisions"}],"predecessor-version":[{"id":287429,"href":"https:\/\/www.meydan.tv\/az\/wp-json\/wp\/v2\/posts\/287426\/revisions\/287429"}],"wp:featuredmedia":[{"embeddable":true,"href":"https:\/\/www.meydan.tv\/az\/wp-json\/wp\/v2\/media\/135208"}],"wp:attachment":[{"href":"https:\/\/www.meydan.tv\/az\/wp-json\/wp\/v2\/media?parent=287426"}],"wp:term":[{"taxonomy":"category","embeddable":true,"href":"https:\/\/www.meydan.tv\/az\/wp-json\/wp\/v2\/categories?post=287426"},{"taxonomy":"post_tag","embeddable":true,"href":"https:\/\/www.meydan.tv\/az\/wp-json\/wp\/v2\/tags?post=287426"}],"curies":[{"name":"wp","href":"https:\/\/api.w.org\/{rel}","templated":true}]}}