{"id":287385,"date":"2023-10-09T11:00:56","date_gmt":"2023-10-09T07:00:56","guid":{"rendered":"https:\/\/www.meydan.tv\/?p=287385"},"modified":"2023-10-09T17:22:01","modified_gmt":"2023-10-09T13:22:01","slug":"efqanistanda-zelzele-olub-minlerle-olen-ve-yaralanan-var","status":"publish","type":"post","link":"https:\/\/www.meydan.tv\/az\/article\/efqanistanda-zelzele-olub-minlerle-olen-ve-yaralanan-var\/","title":{"rendered":"\u018ffqan\u0131standa z\u0259lz\u0259l\u0259 olub: Minl\u0259rl\u0259 \u00f6l\u0259n v\u0259 yaralanan var"},"content":{"rendered":"\n<figure class=\"wp-block-embed is-type-video is-provider-youtube wp-block-embed-youtube wp-embed-aspect-16-9 wp-has-aspect-ratio\"><div class=\"wp-block-embed__wrapper\">\n<iframe title=\"\u018ffqan\u0131standa z\u0259lz\u0259l\u0259 olub: Minl\u0259rl\u0259 \u00f6l\u0259n v\u0259 yaralanan var\" width=\"1200\" height=\"675\" data-src=\"https:\/\/www.youtube.com\/embed\/qp0ENChFouE?feature=oembed\" frameborder=\"0\" allow=\"accelerometer; autoplay; clipboard-write; encrypted-media; gyroscope; picture-in-picture; web-share\" allowfullscreen src=\"data:image\/svg+xml;base64,PHN2ZyB3aWR0aD0iMSIgaGVpZ2h0PSIxIiB4bWxucz0iaHR0cDovL3d3dy53My5vcmcvMjAwMC9zdmciPjwvc3ZnPg==\" class=\"lazyload\" data-load-mode=\"1\"><\/iframe>\n<\/div><\/figure>\n\n\n\n<p><strong><em>Taliban beyn\u0259lxalq yard\u0131ma ehtiyaclar\u0131 olduqlar\u0131n\u0131 deyir<\/em><\/strong><\/p>\n\n\n\n<p>\u018ffqan\u0131stan\u0131n q\u0259rbind\u0259 6.3 bal g\u00fcc\u00fcnd\u0259 z\u0259lz\u0259l\u0259 olub. Bunun n\u0259tic\u0259sind\u0259 2400-d\u0259n \u00e7ox insan h\u0259lak olub, 10 mind\u0259n \u00e7ox insan x\u0259sar\u0259t al\u0131b, y\u00fczl\u0259rl\u0259 ev da\u011f\u0131l\u0131b.<\/p>\n\n\n\n<p>Xilasedicil\u0259r da\u011f\u0131lm\u0131\u015f k\u0259ndl\u0259rin xarabal\u0131qlar\u0131 aras\u0131nda sa\u011f qalanlar\u0131 axtar\u0131r.<\/p>\n\n\n\n<p><em>\u201cDaha \u00e7ox insan h\u0259l\u0259 d\u0259 da\u011f\u0131nt\u0131lar alt\u0131ndad\u0131r\u201d<\/em> dey\u0259 h\u00f6kum\u0259t s\u00f6z\u00e7\u00fcs\u00fc <a href=\"https:\/\/www.theguardian.com\/world\/2023\/oct\/08\/afghanistan-earthquake-has-killed-almost-2000-taliban-say\">\u201cThe Guardian\u201d-a<\/a>&nbsp; bildirib.<\/p>\n\n\n\n<p>\u018fn b\u00f6y\u00fck 6,3 bal g\u00fcc\u00fcnd\u0259 z\u0259lz\u0259l\u0259nin ard\u0131ndan Herat \u0259yal\u0259tind\u0259 daha s\u0259kkiz silsil\u0259 z\u0259lz\u0259l\u0259 ba\u015f verib.<\/p>\n\n\n\n<p>\u00d6l\u0259nl\u0259rin say\u0131n\u0131n artaca\u011f\u0131 g\u00f6zl\u0259nilir.<\/p>\n\n\n\n<p>Taliban a\u00e7\u0131qlay\u0131b ki, z\u0259lz\u0259l\u0259d\u0259n xilas olanlar \u00fc\u00e7\u00fcn yem\u0259k, paltar, \u00e7ad\u0131r v\u0259 d\u0259rman laz\u0131md\u0131r:<\/p>\n\n\n\n<p><em>&nbsp;\u201cZ\u0259lz\u0259l\u0259 \u00e7ox ucqar v\u0259 yoxsul \u0259razil\u0259ri vurub. Onlar\u0131n \u00e7oxu bu yax\u0131nlarda \u0130ran v\u0259 Pakistandan qay\u0131dan qa\u00e7q\u0131nlard\u0131r. Bizim m\u00fctl\u0259q beyn\u0259lxalq yard\u0131ma ehtiyac\u0131m\u0131z var. Bacard\u0131\u011f\u0131n\u0131z q\u0259d\u0259r biz\u0259 k\u00f6m\u0259k edin\u201d.<\/em><\/p>\n\n\n\n<p>R\u0259smil\u0259r bildirir ki, Herat regional x\u0259st\u0259xanas\u0131 Herat v\u0259 \u0259traf \u0259yal\u0259tl\u0259rd\u0259n g\u0259l\u0259n yaral\u0131larla dolub. 600 \u00e7arpay\u0131l\u0131q x\u0259st\u0259xanada yer qalmay\u0131b.<\/p>\n\n\n\n<p><em>&nbsp;\u201cBura h\u0259r d\u0259qiq\u0259 c\u0259s\u0259dl\u0259rl\u0259 dolu furqonlar g\u0259lir. Biz \u00e7ox sayda yaral\u0131 il\u0259 m\u00fcbariz\u0259 apar\u0131r\u0131q. \u00d6l\u00fcl\u0259ri saymam\u0131\u015fam. Bizim meyitxanam\u0131z dolub, art\u0131q yer yoxdur\u201d,<\/em> &#8211; Herat x\u0259st\u0259xanas\u0131n\u0131n ba\u015f h\u0259kiminin s\u00f6zl\u0259ridir.<\/p>\n\n\n\n<p>Herat \u0259yal\u0259tind\u0259n yay\u0131lan video g\u00f6r\u00fcnt\u00fcl\u0259rd\u0259 k\u0259ndl\u0259rin xarabal\u0131\u011fa \u00e7evrildiyi, insanlar\u0131n \u00f6l\u0259n yax\u0131nlar\u0131n\u0131 da\u011f\u0131nt\u0131lar alt\u0131ndan \u00e7\u0131xard\u0131\u011f\u0131 \u0259ks olunub.<\/p>\n\n\n\n<p>\u00dcmumd\u00fcnya S\u0259hiyy\u0259 T\u0259\u015fkilat\u0131 (\u00dcST) Herat vilay\u0259tind\u0259 \u0259n az\u0131 12 k\u0259ndd\u0259 600-d\u0259n \u00e7ox evin da\u011f\u0131ld\u0131\u011f\u0131n\u0131 v\u0259 ya qism\u0259n z\u0259d\u0259l\u0259ndiyini, 4200 n\u0259f\u0259rin z\u0259r\u0259r \u00e7\u0259kdiyini bildirib.<\/p>\n\n\n\n<p>Taliban\u0131n 2021-ci ild\u0259 hakimiyy\u0259t\u0259 qay\u0131d\u0131\u015f\u0131ndan sonra \u018ffqan\u0131stana olan xarici yard\u0131mlar geri \u00e7\u0259kilib. N\u0259tic\u0259d\u0259 \u00f6lk\u0259 humanitar b\u00f6hranla \u00fcz-\u00fcz\u0259 qalib.<\/p>\n\n\n\n<p>2022-ci ilin iyununda da \u018ffqan\u0131stan\u0131n \u015f\u0259rqind\u0259ki da\u011fl\u0131q \u0259razid\u0259 g\u00fccl\u00fc z\u0259lz\u0259l\u0259 ba\u015f verib. Buradak\u0131 da\u015f v\u0259 \u00e7iy k\u0259rpicd\u0259n tikil\u0259n evl\u0259rin \u0259ks\u0259riyy\u0259ti da\u011f\u0131l\u0131b.<\/p>\n\n\n\n<p>H\u0259min z\u0259lz\u0259l\u0259 \u018ffqan\u0131standa son 20 ilin \u0259n \u00f6l\u00fcmc\u00fcl z\u0259lz\u0259l\u0259si hesab edilib. N\u0259tic\u0259d\u0259 1000 n\u0259f\u0259r \u00f6l\u00fcb, 1500-\u0259 yax\u0131n insan yaralan\u0131b.<\/p>\n","protected":false},"excerpt":{"rendered":"<p>Taliban beyn\u0259lxalq yard\u0131ma ehtiyaclar\u0131 olduqlar\u0131n\u0131 deyir \u018ffqan\u0131stan\u0131n q\u0259rbind\u0259 6.3 bal &#8230; <\/p>\n<p class=\"read-more-container\"><a title=\"\u018ffqan\u0131standa z\u0259lz\u0259l\u0259 olub: Minl\u0259rl\u0259 \u00f6l\u0259n v\u0259 yaralanan var\" class=\"read-more button\" href=\"https:\/\/www.meydan.tv\/az\/article\/efqanistanda-zelzele-olub-minlerle-olen-ve-yaralanan-var\/#more-287385\" aria-label=\"Read more about \u018ffqan\u0131standa z\u0259lz\u0259l\u0259 olub: Minl\u0259rl\u0259 \u00f6l\u0259n v\u0259 yaralanan var\">Davam\u0131<\/a><\/p>\n","protected":false},"author":8,"featured_media":287386,"comment_status":"closed","ping_status":"closed","sticky":false,"template":"","format":"standard","meta":{"_acf_changed":false,"_sitemap_exclude":false,"_sitemap_priority":"","_sitemap_frequency":"","footnotes":""},"categories":[64,63,56],"tags":[],"class_list":["post-287385","post","type-post","status-publish","format-standard","has-post-thumbnail","hentry","category-dunya","category-video-2","category-xeberler","infinite-scroll-item","generate-columns","tablet-grid-50","mobile-grid-100","grid-parent","grid-33","no-featured-image-padding"],"acf":[],"yoast_head":"<!-- This site is optimized with the Yoast SEO plugin v27.5 - https:\/\/yoast.com\/product\/yoast-seo-wordpress\/ -->\n<title>\u018ffqan\u0131standa z\u0259lz\u0259l\u0259 olub: Minl\u0259rl\u0259 \u00f6l\u0259n v\u0259 yaralanan var - MEYDAN.TV<\/title>\n<meta name=\"robots\" content=\"index, follow, max-snippet:-1, max-image-preview:large, max-video-preview:-1\" \/>\n<link rel=\"canonical\" href=\"https:\/\/www.meydan.tv\/az\/article\/efqanistanda-zelzele-olub-minlerle-olen-ve-yaralanan-var\/\" \/>\n<meta property=\"og:locale\" content=\"az_AZ\" \/>\n<meta property=\"og:type\" content=\"article\" \/>\n<meta property=\"og:title\" content=\"\u018ffqan\u0131standa z\u0259lz\u0259l\u0259 olub: Minl\u0259rl\u0259 \u00f6l\u0259n v\u0259 yaralanan var - MEYDAN.TV\" \/>\n<meta property=\"og:description\" content=\"Taliban beyn\u0259lxalq yard\u0131ma ehtiyaclar\u0131 olduqlar\u0131n\u0131 deyir \u018ffqan\u0131stan\u0131n q\u0259rbind\u0259 6.3 bal ... Davam\u0131\" \/>\n<meta property=\"og:url\" content=\"https:\/\/www.meydan.tv\/az\/article\/efqanistanda-zelzele-olub-minlerle-olen-ve-yaralanan-var\/\" \/>\n<meta property=\"og:site_name\" content=\"MEYDAN.TV\" \/>\n<meta property=\"article:published_time\" content=\"2023-10-09T07:00:56+00:00\" \/>\n<meta property=\"article:modified_time\" content=\"2023-10-09T13:22:01+00:00\" \/>\n<meta property=\"og:image\" content=\"https:\/\/www.meydan.tv\/wp-content\/uploads\/srkxmbhs5zlktjkpji7i4ojt5q.jpg\" \/>\n\t<meta property=\"og:image:width\" content=\"1200\" \/>\n\t<meta property=\"og:image:height\" content=\"800\" \/>\n\t<meta property=\"og:image:type\" content=\"image\/jpeg\" \/>\n<meta name=\"author\" content=\"elli\" \/>\n<meta name=\"twitter:card\" content=\"summary_large_image\" \/>\n<meta name=\"twitter:creator\" content=\"@elli\" \/>\n<script type=\"application\/ld+json\" class=\"yoast-schema-graph\">{\"@context\":\"https:\\\/\\\/schema.org\",\"@graph\":[{\"@type\":\"Article\",\"@id\":\"https:\\\/\\\/www.meydan.tv\\\/az\\\/article\\\/efqanistanda-zelzele-olub-minlerle-olen-ve-yaralanan-var\\\/#article\",\"isPartOf\":{\"@id\":\"https:\\\/\\\/www.meydan.tv\\\/az\\\/article\\\/efqanistanda-zelzele-olub-minlerle-olen-ve-yaralanan-var\\\/\"},\"author\":{\"name\":\"elli\",\"@id\":\"https:\\\/\\\/www.meydan.tv\\\/az\\\/#\\\/schema\\\/person\\\/9cdbecf90d17180ce1dfbd95b08dcf47\"},\"headline\":\"\u018ffqan\u0131standa z\u0259lz\u0259l\u0259 olub: Minl\u0259rl\u0259 \u00f6l\u0259n v\u0259 yaralanan var\",\"datePublished\":\"2023-10-09T07:00:56+00:00\",\"dateModified\":\"2023-10-09T13:22:01+00:00\",\"mainEntityOfPage\":{\"@id\":\"https:\\\/\\\/www.meydan.tv\\\/az\\\/article\\\/efqanistanda-zelzele-olub-minlerle-olen-ve-yaralanan-var\\\/\"},\"wordCount\":465,\"publisher\":{\"@id\":\"https:\\\/\\\/www.meydan.tv\\\/az\\\/#organization\"},\"image\":{\"@id\":\"https:\\\/\\\/www.meydan.tv\\\/az\\\/article\\\/efqanistanda-zelzele-olub-minlerle-olen-ve-yaralanan-var\\\/#primaryimage\"},\"thumbnailUrl\":\"https:\\\/\\\/www.meydan.tv\\\/wp-content\\\/uploads\\\/srkxmbhs5zlktjkpji7i4ojt5q.jpg\",\"articleSection\":[\"D\u00fcnya\",\"Video\",\"X\u0259b\u0259rl\u0259r\"],\"inLanguage\":\"az\"},{\"@type\":\"WebPage\",\"@id\":\"https:\\\/\\\/www.meydan.tv\\\/az\\\/article\\\/efqanistanda-zelzele-olub-minlerle-olen-ve-yaralanan-var\\\/\",\"url\":\"https:\\\/\\\/www.meydan.tv\\\/az\\\/article\\\/efqanistanda-zelzele-olub-minlerle-olen-ve-yaralanan-var\\\/\",\"name\":\"\u018ffqan\u0131standa z\u0259lz\u0259l\u0259 olub: Minl\u0259rl\u0259 \u00f6l\u0259n v\u0259 yaralanan var - MEYDAN.TV\",\"isPartOf\":{\"@id\":\"https:\\\/\\\/www.meydan.tv\\\/az\\\/#website\"},\"primaryImageOfPage\":{\"@id\":\"https:\\\/\\\/www.meydan.tv\\\/az\\\/article\\\/efqanistanda-zelzele-olub-minlerle-olen-ve-yaralanan-var\\\/#primaryimage\"},\"image\":{\"@id\":\"https:\\\/\\\/www.meydan.tv\\\/az\\\/article\\\/efqanistanda-zelzele-olub-minlerle-olen-ve-yaralanan-var\\\/#primaryimage\"},\"thumbnailUrl\":\"https:\\\/\\\/www.meydan.tv\\\/wp-content\\\/uploads\\\/srkxmbhs5zlktjkpji7i4ojt5q.jpg\",\"datePublished\":\"2023-10-09T07:00:56+00:00\",\"dateModified\":\"2023-10-09T13:22:01+00:00\",\"breadcrumb\":{\"@id\":\"https:\\\/\\\/www.meydan.tv\\\/az\\\/article\\\/efqanistanda-zelzele-olub-minlerle-olen-ve-yaralanan-var\\\/#breadcrumb\"},\"inLanguage\":\"az\",\"potentialAction\":[{\"@type\":\"ReadAction\",\"target\":[\"https:\\\/\\\/www.meydan.tv\\\/az\\\/article\\\/efqanistanda-zelzele-olub-minlerle-olen-ve-yaralanan-var\\\/\"]}]},{\"@type\":\"ImageObject\",\"inLanguage\":\"az\",\"@id\":\"https:\\\/\\\/www.meydan.tv\\\/az\\\/article\\\/efqanistanda-zelzele-olub-minlerle-olen-ve-yaralanan-var\\\/#primaryimage\",\"url\":\"https:\\\/\\\/www.meydan.tv\\\/wp-content\\\/uploads\\\/srkxmbhs5zlktjkpji7i4ojt5q.jpg\",\"contentUrl\":\"https:\\\/\\\/www.meydan.tv\\\/wp-content\\\/uploads\\\/srkxmbhs5zlktjkpji7i4ojt5q.jpg\",\"width\":1200,\"height\":800,\"caption\":\"Foto: Reuters\"},{\"@type\":\"BreadcrumbList\",\"@id\":\"https:\\\/\\\/www.meydan.tv\\\/az\\\/article\\\/efqanistanda-zelzele-olub-minlerle-olen-ve-yaralanan-var\\\/#breadcrumb\",\"itemListElement\":[{\"@type\":\"ListItem\",\"position\":1,\"name\":\"Ana s\u0259hif\u0259\",\"item\":\"https:\\\/\\\/www.meydan.tv\\\/az\\\/\"},{\"@type\":\"ListItem\",\"position\":2,\"name\":\"D\u00fcnya\",\"item\":\"https:\\\/\\\/www.meydan.tv\\\/az\\\/section\\\/dunya\\\/\"},{\"@type\":\"ListItem\",\"position\":3,\"name\":\"\u018ffqan\u0131standa z\u0259lz\u0259l\u0259 olub: Minl\u0259rl\u0259 \u00f6l\u0259n v\u0259 yaralanan var\"}]},{\"@type\":\"WebSite\",\"@id\":\"https:\\\/\\\/www.meydan.tv\\\/az\\\/#website\",\"url\":\"https:\\\/\\\/www.meydan.tv\\\/az\\\/\",\"name\":\"MEYDAN.TV\",\"description\":\"Meydan TV Az\u0259rbaycan\u0131n media m\u0259kan\u0131ndak\u0131 alternativ s\u0259sidir\",\"publisher\":{\"@id\":\"https:\\\/\\\/www.meydan.tv\\\/az\\\/#organization\"},\"potentialAction\":[{\"@type\":\"SearchAction\",\"target\":{\"@type\":\"EntryPoint\",\"urlTemplate\":\"https:\\\/\\\/www.meydan.tv\\\/az\\\/?s={search_term_string}\"},\"query-input\":{\"@type\":\"PropertyValueSpecification\",\"valueRequired\":true,\"valueName\":\"search_term_string\"}}],\"inLanguage\":\"az\"},{\"@type\":\"Organization\",\"@id\":\"https:\\\/\\\/www.meydan.tv\\\/az\\\/#organization\",\"name\":\"Meydan TV\",\"url\":\"https:\\\/\\\/www.meydan.tv\\\/az\\\/\",\"logo\":{\"@type\":\"ImageObject\",\"inLanguage\":\"az\",\"@id\":\"https:\\\/\\\/www.meydan.tv\\\/az\\\/#\\\/schema\\\/logo\\\/image\\\/\",\"url\":\"https:\\\/\\\/www.meydan.tv\\\/wp-content\\\/uploads\\\/2021\\\/07\\\/meydan-logo.svg\",\"contentUrl\":\"https:\\\/\\\/www.meydan.tv\\\/wp-content\\\/uploads\\\/2021\\\/07\\\/meydan-logo.svg\",\"width\":195,\"height\":46,\"caption\":\"Meydan TV\"},\"image\":{\"@id\":\"https:\\\/\\\/www.meydan.tv\\\/az\\\/#\\\/schema\\\/logo\\\/image\\\/\"}},{\"@type\":\"Person\",\"@id\":\"https:\\\/\\\/www.meydan.tv\\\/az\\\/#\\\/schema\\\/person\\\/9cdbecf90d17180ce1dfbd95b08dcf47\",\"name\":\"elli\",\"sameAs\":[\"https:\\\/\\\/x.com\\\/elli\"]}]}<\/script>\n<!-- \/ Yoast SEO plugin. -->","yoast_head_json":{"title":"\u018ffqan\u0131standa z\u0259lz\u0259l\u0259 olub: Minl\u0259rl\u0259 \u00f6l\u0259n v\u0259 yaralanan var - MEYDAN.TV","robots":{"index":"index","follow":"follow","max-snippet":"max-snippet:-1","max-image-preview":"max-image-preview:large","max-video-preview":"max-video-preview:-1"},"canonical":"https:\/\/www.meydan.tv\/az\/article\/efqanistanda-zelzele-olub-minlerle-olen-ve-yaralanan-var\/","og_locale":"az_AZ","og_type":"article","og_title":"\u018ffqan\u0131standa z\u0259lz\u0259l\u0259 olub: Minl\u0259rl\u0259 \u00f6l\u0259n v\u0259 yaralanan var - MEYDAN.TV","og_description":"Taliban beyn\u0259lxalq yard\u0131ma ehtiyaclar\u0131 olduqlar\u0131n\u0131 deyir \u018ffqan\u0131stan\u0131n q\u0259rbind\u0259 6.3 bal ... Davam\u0131","og_url":"https:\/\/www.meydan.tv\/az\/article\/efqanistanda-zelzele-olub-minlerle-olen-ve-yaralanan-var\/","og_site_name":"MEYDAN.TV","article_published_time":"2023-10-09T07:00:56+00:00","article_modified_time":"2023-10-09T13:22:01+00:00","og_image":[{"width":1200,"height":800,"url":"https:\/\/www.meydan.tv\/wp-content\/uploads\/srkxmbhs5zlktjkpji7i4ojt5q.jpg","type":"image\/jpeg"}],"author":"elli","twitter_card":"summary_large_image","twitter_creator":"@elli","schema":{"@context":"https:\/\/schema.org","@graph":[{"@type":"Article","@id":"https:\/\/www.meydan.tv\/az\/article\/efqanistanda-zelzele-olub-minlerle-olen-ve-yaralanan-var\/#article","isPartOf":{"@id":"https:\/\/www.meydan.tv\/az\/article\/efqanistanda-zelzele-olub-minlerle-olen-ve-yaralanan-var\/"},"author":{"name":"elli","@id":"https:\/\/www.meydan.tv\/az\/#\/schema\/person\/9cdbecf90d17180ce1dfbd95b08dcf47"},"headline":"\u018ffqan\u0131standa z\u0259lz\u0259l\u0259 olub: Minl\u0259rl\u0259 \u00f6l\u0259n v\u0259 yaralanan var","datePublished":"2023-10-09T07:00:56+00:00","dateModified":"2023-10-09T13:22:01+00:00","mainEntityOfPage":{"@id":"https:\/\/www.meydan.tv\/az\/article\/efqanistanda-zelzele-olub-minlerle-olen-ve-yaralanan-var\/"},"wordCount":465,"publisher":{"@id":"https:\/\/www.meydan.tv\/az\/#organization"},"image":{"@id":"https:\/\/www.meydan.tv\/az\/article\/efqanistanda-zelzele-olub-minlerle-olen-ve-yaralanan-var\/#primaryimage"},"thumbnailUrl":"https:\/\/www.meydan.tv\/wp-content\/uploads\/srkxmbhs5zlktjkpji7i4ojt5q.jpg","articleSection":["D\u00fcnya","Video","X\u0259b\u0259rl\u0259r"],"inLanguage":"az"},{"@type":"WebPage","@id":"https:\/\/www.meydan.tv\/az\/article\/efqanistanda-zelzele-olub-minlerle-olen-ve-yaralanan-var\/","url":"https:\/\/www.meydan.tv\/az\/article\/efqanistanda-zelzele-olub-minlerle-olen-ve-yaralanan-var\/","name":"\u018ffqan\u0131standa z\u0259lz\u0259l\u0259 olub: Minl\u0259rl\u0259 \u00f6l\u0259n v\u0259 yaralanan var - MEYDAN.TV","isPartOf":{"@id":"https:\/\/www.meydan.tv\/az\/#website"},"primaryImageOfPage":{"@id":"https:\/\/www.meydan.tv\/az\/article\/efqanistanda-zelzele-olub-minlerle-olen-ve-yaralanan-var\/#primaryimage"},"image":{"@id":"https:\/\/www.meydan.tv\/az\/article\/efqanistanda-zelzele-olub-minlerle-olen-ve-yaralanan-var\/#primaryimage"},"thumbnailUrl":"https:\/\/www.meydan.tv\/wp-content\/uploads\/srkxmbhs5zlktjkpji7i4ojt5q.jpg","datePublished":"2023-10-09T07:00:56+00:00","dateModified":"2023-10-09T13:22:01+00:00","breadcrumb":{"@id":"https:\/\/www.meydan.tv\/az\/article\/efqanistanda-zelzele-olub-minlerle-olen-ve-yaralanan-var\/#breadcrumb"},"inLanguage":"az","potentialAction":[{"@type":"ReadAction","target":["https:\/\/www.meydan.tv\/az\/article\/efqanistanda-zelzele-olub-minlerle-olen-ve-yaralanan-var\/"]}]},{"@type":"ImageObject","inLanguage":"az","@id":"https:\/\/www.meydan.tv\/az\/article\/efqanistanda-zelzele-olub-minlerle-olen-ve-yaralanan-var\/#primaryimage","url":"https:\/\/www.meydan.tv\/wp-content\/uploads\/srkxmbhs5zlktjkpji7i4ojt5q.jpg","contentUrl":"https:\/\/www.meydan.tv\/wp-content\/uploads\/srkxmbhs5zlktjkpji7i4ojt5q.jpg","width":1200,"height":800,"caption":"Foto: Reuters"},{"@type":"BreadcrumbList","@id":"https:\/\/www.meydan.tv\/az\/article\/efqanistanda-zelzele-olub-minlerle-olen-ve-yaralanan-var\/#breadcrumb","itemListElement":[{"@type":"ListItem","position":1,"name":"Ana s\u0259hif\u0259","item":"https:\/\/www.meydan.tv\/az\/"},{"@type":"ListItem","position":2,"name":"D\u00fcnya","item":"https:\/\/www.meydan.tv\/az\/section\/dunya\/"},{"@type":"ListItem","position":3,"name":"\u018ffqan\u0131standa z\u0259lz\u0259l\u0259 olub: Minl\u0259rl\u0259 \u00f6l\u0259n v\u0259 yaralanan var"}]},{"@type":"WebSite","@id":"https:\/\/www.meydan.tv\/az\/#website","url":"https:\/\/www.meydan.tv\/az\/","name":"MEYDAN.TV","description":"Meydan TV Az\u0259rbaycan\u0131n media m\u0259kan\u0131ndak\u0131 alternativ s\u0259sidir","publisher":{"@id":"https:\/\/www.meydan.tv\/az\/#organization"},"potentialAction":[{"@type":"SearchAction","target":{"@type":"EntryPoint","urlTemplate":"https:\/\/www.meydan.tv\/az\/?s={search_term_string}"},"query-input":{"@type":"PropertyValueSpecification","valueRequired":true,"valueName":"search_term_string"}}],"inLanguage":"az"},{"@type":"Organization","@id":"https:\/\/www.meydan.tv\/az\/#organization","name":"Meydan TV","url":"https:\/\/www.meydan.tv\/az\/","logo":{"@type":"ImageObject","inLanguage":"az","@id":"https:\/\/www.meydan.tv\/az\/#\/schema\/logo\/image\/","url":"https:\/\/www.meydan.tv\/wp-content\/uploads\/2021\/07\/meydan-logo.svg","contentUrl":"https:\/\/www.meydan.tv\/wp-content\/uploads\/2021\/07\/meydan-logo.svg","width":195,"height":46,"caption":"Meydan TV"},"image":{"@id":"https:\/\/www.meydan.tv\/az\/#\/schema\/logo\/image\/"}},{"@type":"Person","@id":"https:\/\/www.meydan.tv\/az\/#\/schema\/person\/9cdbecf90d17180ce1dfbd95b08dcf47","name":"elli","sameAs":["https:\/\/x.com\/elli"]}]}},"_links":{"self":[{"href":"https:\/\/www.meydan.tv\/az\/wp-json\/wp\/v2\/posts\/287385","targetHints":{"allow":["GET"]}}],"collection":[{"href":"https:\/\/www.meydan.tv\/az\/wp-json\/wp\/v2\/posts"}],"about":[{"href":"https:\/\/www.meydan.tv\/az\/wp-json\/wp\/v2\/types\/post"}],"author":[{"embeddable":true,"href":"https:\/\/www.meydan.tv\/az\/wp-json\/wp\/v2\/users\/8"}],"replies":[{"embeddable":true,"href":"https:\/\/www.meydan.tv\/az\/wp-json\/wp\/v2\/comments?post=287385"}],"version-history":[{"count":3,"href":"https:\/\/www.meydan.tv\/az\/wp-json\/wp\/v2\/posts\/287385\/revisions"}],"predecessor-version":[{"id":287450,"href":"https:\/\/www.meydan.tv\/az\/wp-json\/wp\/v2\/posts\/287385\/revisions\/287450"}],"wp:featuredmedia":[{"embeddable":true,"href":"https:\/\/www.meydan.tv\/az\/wp-json\/wp\/v2\/media\/287386"}],"wp:attachment":[{"href":"https:\/\/www.meydan.tv\/az\/wp-json\/wp\/v2\/media?parent=287385"}],"wp:term":[{"taxonomy":"category","embeddable":true,"href":"https:\/\/www.meydan.tv\/az\/wp-json\/wp\/v2\/categories?post=287385"},{"taxonomy":"post_tag","embeddable":true,"href":"https:\/\/www.meydan.tv\/az\/wp-json\/wp\/v2\/tags?post=287385"}],"curies":[{"name":"wp","href":"https:\/\/api.w.org\/{rel}","templated":true}]}}