{"id":287297,"date":"2023-10-06T18:41:22","date_gmt":"2023-10-06T14:41:22","guid":{"rendered":"https:\/\/www.meydan.tv\/?p=287297"},"modified":"2023-10-06T18:41:25","modified_gmt":"2023-10-06T14:41:25","slug":"ikinci-defe-munaya-dusen-terter-sakini-helak-olub","status":"publish","type":"post","link":"https:\/\/www.meydan.tv\/az\/article\/ikinci-defe-munaya-dusen-terter-sakini-helak-olub\/","title":{"rendered":"\u0130kinci d\u0259f\u0259 minaya d\u00fc\u015f\u0259n T\u0259rt\u0259r sakini h\u0259lak olub"},"content":{"rendered":"\n<p><\/p>\n\n\n\n<p><strong><em>Yaquar Had\u0131yev bu ilin mart\u0131nda aya\u011f\u0131n\u0131 itirmi\u015fdi<\/em><\/strong><\/p>\n\n\n\n<p>T\u0259rt\u0259r rayon sakini minaya d\u00fc\u015f\u0259r\u0259k h\u0259lak olub. Hadis\u0259 bu g\u00fcn, oktyabr\u0131n 6-da, saat 17 rad\u0259l\u0259rind\u0259 rayonun \u00c7ayl\u0131 k\u0259ndi \u0259razisind\u0259 ba\u015f verib. <\/p>\n\n\n\n<p>T\u0259rt\u0259rin H\u0259s\u0259nqaya k\u0259nd sakini, 1989-cu il t\u0259v\u0259ll\u00fcdl\u00fc Yaquar \u018fliheyd\u0259r o\u011flu Had\u0131yev piyada \u0259leyhin\u0259 minaya d\u00fc\u015fm\u0259si n\u0259tic\u0259sind\u0259 \u00f6l\u00fcb. <\/p>\n\n\n\n<p>M\u0259lum olub ki, h\u0259min \u015f\u0259xs mart\u0131n 9-da eyni k\u0259ndd\u0259 minaya d\u00fc\u015f\u00fcbm\u00fc\u015f. Hadis\u0259 n\u0259tic\u0259sind\u0259 onun aya\u011f\u0131 amputasiya edilib. <\/p>\n\n\n\n<p>Y.Had\u0131yev bundan \u0259vv\u0259l bir ne\u00e7\u0259 d\u0259f\u0259 azad olunmu\u015f \u0259razil\u0259r\u0259 icaz\u0259siz daxil oldu\u011funa g\u00f6r\u0259 ona r\u0259smi x\u0259b\u0259rdarl\u0131q da olunub. Lakin buna baxmayaraq yenid\u0259n \u0259raziy\u0259 ke\u00e7ib v\u0259 bu d\u0259f\u0259 mina partlamas\u0131nda h\u0259lak olub. <\/p>\n\n\n\n<p>Faktla ba\u011fl\u0131 ara\u015fd\u0131rma apar\u0131l\u0131r.<\/p>\n","protected":false},"excerpt":{"rendered":"<p>Yaquar Had\u0131yev bu ilin mart\u0131nda aya\u011f\u0131n\u0131 itirmi\u015fdi T\u0259rt\u0259r rayon sakini &#8230; <\/p>\n<p class=\"read-more-container\"><a title=\"\u0130kinci d\u0259f\u0259 minaya d\u00fc\u015f\u0259n T\u0259rt\u0259r sakini h\u0259lak olub\" class=\"read-more button\" href=\"https:\/\/www.meydan.tv\/az\/article\/ikinci-defe-munaya-dusen-terter-sakini-helak-olub\/#more-287297\" aria-label=\"Read more about \u0130kinci d\u0259f\u0259 minaya d\u00fc\u015f\u0259n T\u0259rt\u0259r sakini h\u0259lak olub\">Davam\u0131<\/a><\/p>\n","protected":false},"author":8,"featured_media":156141,"comment_status":"closed","ping_status":"closed","sticky":false,"template":"","format":"standard","meta":{"_acf_changed":false,"_sitemap_exclude":false,"_sitemap_priority":"","_sitemap_frequency":"","footnotes":""},"categories":[60,56],"tags":[],"class_list":["post-287297","post","type-post","status-publish","format-standard","has-post-thumbnail","hentry","category-bolge","category-xeberler","infinite-scroll-item","generate-columns","tablet-grid-50","mobile-grid-100","grid-parent","grid-33","no-featured-image-padding"],"acf":[],"yoast_head":"<!-- This site is optimized with the Yoast SEO plugin v27.4 - https:\/\/yoast.com\/product\/yoast-seo-wordpress\/ -->\n<title>\u0130kinci d\u0259f\u0259 minaya d\u00fc\u015f\u0259n T\u0259rt\u0259r sakini h\u0259lak olub - MEYDAN.TV<\/title>\n<meta name=\"robots\" content=\"index, follow, max-snippet:-1, max-image-preview:large, max-video-preview:-1\" \/>\n<link rel=\"canonical\" href=\"https:\/\/www.meydan.tv\/az\/article\/ikinci-defe-munaya-dusen-terter-sakini-helak-olub\/\" \/>\n<meta property=\"og:locale\" content=\"az_AZ\" \/>\n<meta property=\"og:type\" content=\"article\" \/>\n<meta property=\"og:title\" content=\"\u0130kinci d\u0259f\u0259 minaya d\u00fc\u015f\u0259n T\u0259rt\u0259r sakini h\u0259lak olub - MEYDAN.TV\" \/>\n<meta property=\"og:description\" content=\"Yaquar Had\u0131yev bu ilin mart\u0131nda aya\u011f\u0131n\u0131 itirmi\u015fdi T\u0259rt\u0259r rayon sakini ... Davam\u0131\" \/>\n<meta property=\"og:url\" content=\"https:\/\/www.meydan.tv\/az\/article\/ikinci-defe-munaya-dusen-terter-sakini-helak-olub\/\" \/>\n<meta property=\"og:site_name\" content=\"MEYDAN.TV\" \/>\n<meta property=\"article:published_time\" content=\"2023-10-06T14:41:22+00:00\" \/>\n<meta property=\"article:modified_time\" content=\"2023-10-06T14:41:25+00:00\" \/>\n<meta property=\"og:image\" content=\"https:\/\/www.meydan.tv\/wp-content\/uploads\/esger-sayt-cover_1_mwkfox8.png\" \/>\n\t<meta property=\"og:image:width\" content=\"1280\" \/>\n\t<meta property=\"og:image:height\" content=\"720\" \/>\n\t<meta property=\"og:image:type\" content=\"image\/png\" \/>\n<meta name=\"author\" content=\"elli\" \/>\n<meta name=\"twitter:card\" content=\"summary_large_image\" \/>\n<meta name=\"twitter:creator\" content=\"@elli\" \/>\n<script type=\"application\/ld+json\" class=\"yoast-schema-graph\">{\"@context\":\"https:\\\/\\\/schema.org\",\"@graph\":[{\"@type\":\"Article\",\"@id\":\"https:\\\/\\\/www.meydan.tv\\\/az\\\/article\\\/ikinci-defe-munaya-dusen-terter-sakini-helak-olub\\\/#article\",\"isPartOf\":{\"@id\":\"https:\\\/\\\/www.meydan.tv\\\/az\\\/article\\\/ikinci-defe-munaya-dusen-terter-sakini-helak-olub\\\/\"},\"author\":{\"name\":\"elli\",\"@id\":\"https:\\\/\\\/www.meydan.tv\\\/az\\\/#\\\/schema\\\/person\\\/9cdbecf90d17180ce1dfbd95b08dcf47\"},\"headline\":\"\u0130kinci d\u0259f\u0259 minaya d\u00fc\u015f\u0259n T\u0259rt\u0259r sakini h\u0259lak olub\",\"datePublished\":\"2023-10-06T14:41:22+00:00\",\"dateModified\":\"2023-10-06T14:41:25+00:00\",\"mainEntityOfPage\":{\"@id\":\"https:\\\/\\\/www.meydan.tv\\\/az\\\/article\\\/ikinci-defe-munaya-dusen-terter-sakini-helak-olub\\\/\"},\"wordCount\":168,\"publisher\":{\"@id\":\"https:\\\/\\\/www.meydan.tv\\\/az\\\/#organization\"},\"image\":{\"@id\":\"https:\\\/\\\/www.meydan.tv\\\/az\\\/article\\\/ikinci-defe-munaya-dusen-terter-sakini-helak-olub\\\/#primaryimage\"},\"thumbnailUrl\":\"https:\\\/\\\/www.meydan.tv\\\/wp-content\\\/uploads\\\/esger-sayt-cover_1_mwkfox8.png\",\"articleSection\":[\"B\u00f6lg\u0259\",\"X\u0259b\u0259rl\u0259r\"],\"inLanguage\":\"az\"},{\"@type\":\"WebPage\",\"@id\":\"https:\\\/\\\/www.meydan.tv\\\/az\\\/article\\\/ikinci-defe-munaya-dusen-terter-sakini-helak-olub\\\/\",\"url\":\"https:\\\/\\\/www.meydan.tv\\\/az\\\/article\\\/ikinci-defe-munaya-dusen-terter-sakini-helak-olub\\\/\",\"name\":\"\u0130kinci d\u0259f\u0259 minaya d\u00fc\u015f\u0259n T\u0259rt\u0259r sakini h\u0259lak olub - MEYDAN.TV\",\"isPartOf\":{\"@id\":\"https:\\\/\\\/www.meydan.tv\\\/az\\\/#website\"},\"primaryImageOfPage\":{\"@id\":\"https:\\\/\\\/www.meydan.tv\\\/az\\\/article\\\/ikinci-defe-munaya-dusen-terter-sakini-helak-olub\\\/#primaryimage\"},\"image\":{\"@id\":\"https:\\\/\\\/www.meydan.tv\\\/az\\\/article\\\/ikinci-defe-munaya-dusen-terter-sakini-helak-olub\\\/#primaryimage\"},\"thumbnailUrl\":\"https:\\\/\\\/www.meydan.tv\\\/wp-content\\\/uploads\\\/esger-sayt-cover_1_mwkfox8.png\",\"datePublished\":\"2023-10-06T14:41:22+00:00\",\"dateModified\":\"2023-10-06T14:41:25+00:00\",\"breadcrumb\":{\"@id\":\"https:\\\/\\\/www.meydan.tv\\\/az\\\/article\\\/ikinci-defe-munaya-dusen-terter-sakini-helak-olub\\\/#breadcrumb\"},\"inLanguage\":\"az\",\"potentialAction\":[{\"@type\":\"ReadAction\",\"target\":[\"https:\\\/\\\/www.meydan.tv\\\/az\\\/article\\\/ikinci-defe-munaya-dusen-terter-sakini-helak-olub\\\/\"]}]},{\"@type\":\"ImageObject\",\"inLanguage\":\"az\",\"@id\":\"https:\\\/\\\/www.meydan.tv\\\/az\\\/article\\\/ikinci-defe-munaya-dusen-terter-sakini-helak-olub\\\/#primaryimage\",\"url\":\"https:\\\/\\\/www.meydan.tv\\\/wp-content\\\/uploads\\\/esger-sayt-cover_1_mwkfox8.png\",\"contentUrl\":\"https:\\\/\\\/www.meydan.tv\\\/wp-content\\\/uploads\\\/esger-sayt-cover_1_mwkfox8.png\",\"width\":1280,\"height\":720,\"caption\":\"M\u0259nb\u0259: \\\"Bizim Yol\\\"\"},{\"@type\":\"BreadcrumbList\",\"@id\":\"https:\\\/\\\/www.meydan.tv\\\/az\\\/article\\\/ikinci-defe-munaya-dusen-terter-sakini-helak-olub\\\/#breadcrumb\",\"itemListElement\":[{\"@type\":\"ListItem\",\"position\":1,\"name\":\"Ana s\u0259hif\u0259\",\"item\":\"https:\\\/\\\/www.meydan.tv\\\/az\\\/\"},{\"@type\":\"ListItem\",\"position\":2,\"name\":\"B\u00f6lg\u0259\",\"item\":\"https:\\\/\\\/www.meydan.tv\\\/az\\\/section\\\/bolge\\\/\"},{\"@type\":\"ListItem\",\"position\":3,\"name\":\"\u0130kinci d\u0259f\u0259 minaya d\u00fc\u015f\u0259n T\u0259rt\u0259r sakini h\u0259lak olub\"}]},{\"@type\":\"WebSite\",\"@id\":\"https:\\\/\\\/www.meydan.tv\\\/az\\\/#website\",\"url\":\"https:\\\/\\\/www.meydan.tv\\\/az\\\/\",\"name\":\"MEYDAN.TV\",\"description\":\"Meydan TV Az\u0259rbaycan\u0131n media m\u0259kan\u0131ndak\u0131 alternativ s\u0259sidir\",\"publisher\":{\"@id\":\"https:\\\/\\\/www.meydan.tv\\\/az\\\/#organization\"},\"potentialAction\":[{\"@type\":\"SearchAction\",\"target\":{\"@type\":\"EntryPoint\",\"urlTemplate\":\"https:\\\/\\\/www.meydan.tv\\\/az\\\/?s={search_term_string}\"},\"query-input\":{\"@type\":\"PropertyValueSpecification\",\"valueRequired\":true,\"valueName\":\"search_term_string\"}}],\"inLanguage\":\"az\"},{\"@type\":\"Organization\",\"@id\":\"https:\\\/\\\/www.meydan.tv\\\/az\\\/#organization\",\"name\":\"Meydan TV\",\"url\":\"https:\\\/\\\/www.meydan.tv\\\/az\\\/\",\"logo\":{\"@type\":\"ImageObject\",\"inLanguage\":\"az\",\"@id\":\"https:\\\/\\\/www.meydan.tv\\\/az\\\/#\\\/schema\\\/logo\\\/image\\\/\",\"url\":\"https:\\\/\\\/www.meydan.tv\\\/wp-content\\\/uploads\\\/2021\\\/07\\\/meydan-logo.svg\",\"contentUrl\":\"https:\\\/\\\/www.meydan.tv\\\/wp-content\\\/uploads\\\/2021\\\/07\\\/meydan-logo.svg\",\"width\":195,\"height\":46,\"caption\":\"Meydan TV\"},\"image\":{\"@id\":\"https:\\\/\\\/www.meydan.tv\\\/az\\\/#\\\/schema\\\/logo\\\/image\\\/\"}},{\"@type\":\"Person\",\"@id\":\"https:\\\/\\\/www.meydan.tv\\\/az\\\/#\\\/schema\\\/person\\\/9cdbecf90d17180ce1dfbd95b08dcf47\",\"name\":\"elli\",\"sameAs\":[\"https:\\\/\\\/x.com\\\/elli\"]}]}<\/script>\n<!-- \/ Yoast SEO plugin. -->","yoast_head_json":{"title":"\u0130kinci d\u0259f\u0259 minaya d\u00fc\u015f\u0259n T\u0259rt\u0259r sakini h\u0259lak olub - MEYDAN.TV","robots":{"index":"index","follow":"follow","max-snippet":"max-snippet:-1","max-image-preview":"max-image-preview:large","max-video-preview":"max-video-preview:-1"},"canonical":"https:\/\/www.meydan.tv\/az\/article\/ikinci-defe-munaya-dusen-terter-sakini-helak-olub\/","og_locale":"az_AZ","og_type":"article","og_title":"\u0130kinci d\u0259f\u0259 minaya d\u00fc\u015f\u0259n T\u0259rt\u0259r sakini h\u0259lak olub - MEYDAN.TV","og_description":"Yaquar Had\u0131yev bu ilin mart\u0131nda aya\u011f\u0131n\u0131 itirmi\u015fdi T\u0259rt\u0259r rayon sakini ... Davam\u0131","og_url":"https:\/\/www.meydan.tv\/az\/article\/ikinci-defe-munaya-dusen-terter-sakini-helak-olub\/","og_site_name":"MEYDAN.TV","article_published_time":"2023-10-06T14:41:22+00:00","article_modified_time":"2023-10-06T14:41:25+00:00","og_image":[{"width":1280,"height":720,"url":"https:\/\/www.meydan.tv\/wp-content\/uploads\/esger-sayt-cover_1_mwkfox8.png","type":"image\/png"}],"author":"elli","twitter_card":"summary_large_image","twitter_creator":"@elli","schema":{"@context":"https:\/\/schema.org","@graph":[{"@type":"Article","@id":"https:\/\/www.meydan.tv\/az\/article\/ikinci-defe-munaya-dusen-terter-sakini-helak-olub\/#article","isPartOf":{"@id":"https:\/\/www.meydan.tv\/az\/article\/ikinci-defe-munaya-dusen-terter-sakini-helak-olub\/"},"author":{"name":"elli","@id":"https:\/\/www.meydan.tv\/az\/#\/schema\/person\/9cdbecf90d17180ce1dfbd95b08dcf47"},"headline":"\u0130kinci d\u0259f\u0259 minaya d\u00fc\u015f\u0259n T\u0259rt\u0259r sakini h\u0259lak olub","datePublished":"2023-10-06T14:41:22+00:00","dateModified":"2023-10-06T14:41:25+00:00","mainEntityOfPage":{"@id":"https:\/\/www.meydan.tv\/az\/article\/ikinci-defe-munaya-dusen-terter-sakini-helak-olub\/"},"wordCount":168,"publisher":{"@id":"https:\/\/www.meydan.tv\/az\/#organization"},"image":{"@id":"https:\/\/www.meydan.tv\/az\/article\/ikinci-defe-munaya-dusen-terter-sakini-helak-olub\/#primaryimage"},"thumbnailUrl":"https:\/\/www.meydan.tv\/wp-content\/uploads\/esger-sayt-cover_1_mwkfox8.png","articleSection":["B\u00f6lg\u0259","X\u0259b\u0259rl\u0259r"],"inLanguage":"az"},{"@type":"WebPage","@id":"https:\/\/www.meydan.tv\/az\/article\/ikinci-defe-munaya-dusen-terter-sakini-helak-olub\/","url":"https:\/\/www.meydan.tv\/az\/article\/ikinci-defe-munaya-dusen-terter-sakini-helak-olub\/","name":"\u0130kinci d\u0259f\u0259 minaya d\u00fc\u015f\u0259n T\u0259rt\u0259r sakini h\u0259lak olub - MEYDAN.TV","isPartOf":{"@id":"https:\/\/www.meydan.tv\/az\/#website"},"primaryImageOfPage":{"@id":"https:\/\/www.meydan.tv\/az\/article\/ikinci-defe-munaya-dusen-terter-sakini-helak-olub\/#primaryimage"},"image":{"@id":"https:\/\/www.meydan.tv\/az\/article\/ikinci-defe-munaya-dusen-terter-sakini-helak-olub\/#primaryimage"},"thumbnailUrl":"https:\/\/www.meydan.tv\/wp-content\/uploads\/esger-sayt-cover_1_mwkfox8.png","datePublished":"2023-10-06T14:41:22+00:00","dateModified":"2023-10-06T14:41:25+00:00","breadcrumb":{"@id":"https:\/\/www.meydan.tv\/az\/article\/ikinci-defe-munaya-dusen-terter-sakini-helak-olub\/#breadcrumb"},"inLanguage":"az","potentialAction":[{"@type":"ReadAction","target":["https:\/\/www.meydan.tv\/az\/article\/ikinci-defe-munaya-dusen-terter-sakini-helak-olub\/"]}]},{"@type":"ImageObject","inLanguage":"az","@id":"https:\/\/www.meydan.tv\/az\/article\/ikinci-defe-munaya-dusen-terter-sakini-helak-olub\/#primaryimage","url":"https:\/\/www.meydan.tv\/wp-content\/uploads\/esger-sayt-cover_1_mwkfox8.png","contentUrl":"https:\/\/www.meydan.tv\/wp-content\/uploads\/esger-sayt-cover_1_mwkfox8.png","width":1280,"height":720,"caption":"M\u0259nb\u0259: \"Bizim Yol\""},{"@type":"BreadcrumbList","@id":"https:\/\/www.meydan.tv\/az\/article\/ikinci-defe-munaya-dusen-terter-sakini-helak-olub\/#breadcrumb","itemListElement":[{"@type":"ListItem","position":1,"name":"Ana s\u0259hif\u0259","item":"https:\/\/www.meydan.tv\/az\/"},{"@type":"ListItem","position":2,"name":"B\u00f6lg\u0259","item":"https:\/\/www.meydan.tv\/az\/section\/bolge\/"},{"@type":"ListItem","position":3,"name":"\u0130kinci d\u0259f\u0259 minaya d\u00fc\u015f\u0259n T\u0259rt\u0259r sakini h\u0259lak olub"}]},{"@type":"WebSite","@id":"https:\/\/www.meydan.tv\/az\/#website","url":"https:\/\/www.meydan.tv\/az\/","name":"MEYDAN.TV","description":"Meydan TV Az\u0259rbaycan\u0131n media m\u0259kan\u0131ndak\u0131 alternativ s\u0259sidir","publisher":{"@id":"https:\/\/www.meydan.tv\/az\/#organization"},"potentialAction":[{"@type":"SearchAction","target":{"@type":"EntryPoint","urlTemplate":"https:\/\/www.meydan.tv\/az\/?s={search_term_string}"},"query-input":{"@type":"PropertyValueSpecification","valueRequired":true,"valueName":"search_term_string"}}],"inLanguage":"az"},{"@type":"Organization","@id":"https:\/\/www.meydan.tv\/az\/#organization","name":"Meydan TV","url":"https:\/\/www.meydan.tv\/az\/","logo":{"@type":"ImageObject","inLanguage":"az","@id":"https:\/\/www.meydan.tv\/az\/#\/schema\/logo\/image\/","url":"https:\/\/www.meydan.tv\/wp-content\/uploads\/2021\/07\/meydan-logo.svg","contentUrl":"https:\/\/www.meydan.tv\/wp-content\/uploads\/2021\/07\/meydan-logo.svg","width":195,"height":46,"caption":"Meydan TV"},"image":{"@id":"https:\/\/www.meydan.tv\/az\/#\/schema\/logo\/image\/"}},{"@type":"Person","@id":"https:\/\/www.meydan.tv\/az\/#\/schema\/person\/9cdbecf90d17180ce1dfbd95b08dcf47","name":"elli","sameAs":["https:\/\/x.com\/elli"]}]}},"_links":{"self":[{"href":"https:\/\/www.meydan.tv\/az\/wp-json\/wp\/v2\/posts\/287297","targetHints":{"allow":["GET"]}}],"collection":[{"href":"https:\/\/www.meydan.tv\/az\/wp-json\/wp\/v2\/posts"}],"about":[{"href":"https:\/\/www.meydan.tv\/az\/wp-json\/wp\/v2\/types\/post"}],"author":[{"embeddable":true,"href":"https:\/\/www.meydan.tv\/az\/wp-json\/wp\/v2\/users\/8"}],"replies":[{"embeddable":true,"href":"https:\/\/www.meydan.tv\/az\/wp-json\/wp\/v2\/comments?post=287297"}],"version-history":[{"count":3,"href":"https:\/\/www.meydan.tv\/az\/wp-json\/wp\/v2\/posts\/287297\/revisions"}],"predecessor-version":[{"id":287302,"href":"https:\/\/www.meydan.tv\/az\/wp-json\/wp\/v2\/posts\/287297\/revisions\/287302"}],"wp:featuredmedia":[{"embeddable":true,"href":"https:\/\/www.meydan.tv\/az\/wp-json\/wp\/v2\/media\/156141"}],"wp:attachment":[{"href":"https:\/\/www.meydan.tv\/az\/wp-json\/wp\/v2\/media?parent=287297"}],"wp:term":[{"taxonomy":"category","embeddable":true,"href":"https:\/\/www.meydan.tv\/az\/wp-json\/wp\/v2\/categories?post=287297"},{"taxonomy":"post_tag","embeddable":true,"href":"https:\/\/www.meydan.tv\/az\/wp-json\/wp\/v2\/tags?post=287297"}],"curies":[{"name":"wp","href":"https:\/\/api.w.org\/{rel}","templated":true}]}}