{"id":287144,"date":"2023-10-06T12:25:21","date_gmt":"2023-10-06T08:25:21","guid":{"rendered":"https:\/\/www.meydan.tv\/?p=287144"},"modified":"2023-10-06T12:26:29","modified_gmt":"2023-10-06T08:26:29","slug":"ermenistana-qacqinlarin-axini-neticesinde-olkede-evlerin-kirayesi-xeyli-artib","status":"publish","type":"post","link":"https:\/\/www.meydan.tv\/az\/article\/ermenistana-qacqinlarin-axini-neticesinde-olkede-evlerin-kirayesi-xeyli-artib\/","title":{"rendered":"Erm\u0259nistana qa\u00e7q\u0131nlar\u0131n ax\u0131n\u0131 n\u0259tic\u0259sind\u0259 \u00f6lk\u0259d\u0259 evl\u0259rin kiray\u0259si xeyli art\u0131b"},"content":{"rendered":"\n<p><strong><em>Hakimiyy\u0259t Qaraba\u011fdan g\u0259l\u0259n sakinl\u0259rin status m\u0259s\u0259l\u0259sini m\u00fczakir\u0259 edir<\/em><\/strong><\/p>\n\n\n\n<p><a href=\"https:\/\/www.kavkaz-uzel.eu\/articles\/393091\">&#8220;Kavkazski uzel&#8221;<\/a>in material\u0131<\/p>\n\n\n\n<p>Qaraba\u011f\u0131n Erm\u0259nistana g\u0259lmi\u015f sakinl\u0259ri iki proqram \u00fczr\u0259 yard\u0131m ala bil\u0259rl\u0259r. Onlar\u0131n statusu hakimiyy\u0259t t\u0259r\u0259find\u0259n m\u00fczakir\u0259 olunur.<\/p>\n\n\n\n<p>&nbsp;\u018fm\u0259k Nazirliyi v\u0259 Miqrasiya Xidm\u0259tinin n\u00fcmay\u0259nd\u0259l\u0259ri bel\u0259 x\u0259b\u0259r verib.<\/p>\n\n\n\n<p><em>\u201cHakimiyy\u0259tin n\u0259z\u0259rd\u0259 tutdu\u011fu \u00f6d\u0259m\u0259 \u015f\u0259h\u0259rl\u0259rd\u0259 evl\u0259rin kiray\u0259sin\u0259 \u00e7atmayacaq, bel\u0259 ki, Ukraynada h\u0259rbi \u0259m\u0259liyyat fonunda ruslar\u0131n Erm\u0259nistana ax\u0131n\u0131ndan sonra artan qiym\u0259tl\u0259r Da\u011fl\u0131q Qaraba\u011fdan qa\u00e7q\u0131nlar\u0131n g\u0259lm\u0259si n\u0259tic\u0259sind\u0259 daha da y\u00fcks\u0259lib\u201d<\/em>, &#8211; da\u015f\u0131nmaz \u0259mlak \u00fczr\u0259 m\u00fct\u0259x\u0259ssis s\u00f6yl\u0259yib.<\/p>\n\n\n\n<p>\u201cKavkazski uzel\u201d Erm\u0259nistan hakimiyy\u0259tinin m\u0259lumat\u0131na \u0259sas\u0259n yaz\u0131r ki, oktyabr\u0131n 1-d\u0259 Qaraba\u011fdan g\u0259l\u0259n qa\u00e7q\u0131nlar\u0131n say\u0131 100 514 n\u0259f\u0259r\u0259 \u00e7at\u0131b.<\/p>\n\n\n\n<p><em>\u201cSonuncu avtobus evini \u00f6z\u00fc t\u0259rk ed\u0259 bilm\u0259y\u0259n 15 adam\u0131 g\u0259tirib\u201d<\/em>,- Qaraba\u011f \u201combudsman\u201d\u0131 oktyabr\u0131n 1-d\u0259 x\u0259b\u0259r verib. Oktyabr\u0131n 2-d\u0259 BMT missiyas\u0131 b\u0259yan edib ki, Qaraba\u011fda yerli \u0259halid\u0259n 1000-\u0259 yax\u0131n adam qal\u0131b. Erm\u0259nistan h\u00f6kum\u0259ti bird\u0259f\u0259lik yard\u0131m verilm\u0259si v\u0259 ayl\u0131q \u00f6d\u0259m\u0259 \u00fc\u00e7\u00fcn qa\u00e7q\u0131nlar\u0131n qeydiyyat\u0131na ba\u015flay\u0131b.<\/p>\n\n\n\n<p><em>&#8220;Da\u011fl\u0131q Qaraba\u011fdan g\u0259l\u0259n erm\u0259nil\u0259r\u0259 maliyy\u0259 yard\u0131m\u0131 \u00fczr\u0259 iki proqram i\u015fl\u0259nib haz\u0131rlan\u0131b&#8221;. <\/em>Erm\u0259nistan \u018fm\u0259k v\u0259 Sosial M\u0259s\u0259l\u0259l\u0259r Nazirliyinin m\u0259tbuat katibi Zara Manu\u00e7aryan \u201cKavkazski uzel\u201din m\u00fcxbirin\u0259 bel\u0259 s\u00f6yl\u0259yib.<\/p>\n\n\n\n<p>Onun dediyin\u0259 g\u00f6r\u0259, ilk proqram sentyar\u0131n 24-d\u0259n sonra Qaraba\u011f\u0131 t\u0259rk ed\u0259n h\u0259r adama 100 min dram (t\u0259xmin\u0259n 248 AB\u015e dollar\u0131) h\u0259cmind\u0259 bird\u0259f\u0259lik \u00f6d\u0259m\u0259ni n\u0259z\u0259rd\u0259 tutur.<\/p>\n\n\n\n<p><em>\u201c\u0130kinci proqram ev kiray\u0259si \u00fc\u00e7\u00fcn 40 min dram (t\u0259xmin\u0259n 100 AB\u015e dollar\u0131) v\u0259 h\u0259r bir ail\u0259 \u00fczv\u00fc \u00fc\u00e7\u00fcn kommunal xidm\u0259t\u0259 g\u00f6r\u0259 10 min dram (t\u0259xmin\u0259n 25 AB\u015e dollar\u0131) h\u0259cmind\u0259 kompensasiya n\u0259z\u0259rd\u0259 tutur. \u00d6d\u0259m\u0259l\u0259r yar\u0131m il \u0259rzind\u0259 h\u0259yata ke\u00e7iril\u0259c\u0259k. Ev kiray\u0259si v\u0259 kommunal xidm\u0259tl\u0259r\u0259 g\u00f6r\u0259 kompensasiyan\u0131n al\u0131nmas\u0131 \u00fc\u00e7\u00fcn qeydiyyat proseduru bu g\u00fcnl\u0259rd\u0259 t\u0259sdiql\u0259n\u0259c\u0259k\u201d<\/em>, \u2013 o qeyd edib.<\/p>\n\n\n\n<p><em>\u201cBirinci proqramda n\u0259z\u0259rd\u0259 tutulmu\u015f \u00f6d\u0259m\u0259 bank kartlar\u0131na k\u00f6\u00e7\u00fcr\u00fcl\u0259c\u0259k. Kart\u0131 olmayanlar onu Erm\u0259nistan\u0131n ist\u0259nil\u0259n bank\u0131nda pulsuz \u0259ld\u0259 ed\u0259 bil\u0259r\u201d<\/em>, &#8211; nazirliyin n\u00fcmay\u0259nd\u0259si \u0259lav\u0259 edib.<\/p>\n\n\n\n<p><em>&#8220;Hakimiyy\u0259t Da\u011fl\u0131q Qaraba\u011fdan ged\u0259n sakinl\u0259rin status m\u0259s\u0259l\u0259sini m\u00fczakir\u0259 edir&#8221;<\/em>. Miqrasiya Xidm\u0259tinin m\u0259tbuat katibi Nelli Davtyan x\u0259b\u0259r verib.<\/p>\n\n\n\n<p><em>\u201cOnlara status veril\u0259c\u0259k, hans\u0131 status veril\u0259c\u0259yi is\u0259 h\u0259l\u0259lik m\u0259lum deyil. Qa\u00e7q\u0131nlar v\u0259 Erm\u0259nistan v\u0259t\u0259nda\u015flar\u0131 eyni sosial h\u00fcquqa, h\u0259m\u00e7inin t\u0259hsil h\u00fcququna malikdir. Ayr\u0131-ayr\u0131 m\u0259hdudiyy\u0259tl\u0259r var. Bu m\u0259hdudiyy\u0259tl\u0259r\u0259 h\u0259m\u00e7inin \u0259mlak h\u00fcququ v\u0259 xaric\u0259 \u00e7\u0131xmaq h\u00fcququ daxildir\u201d, <\/em>\u2013 o, \u201cKavkazski uzel\u201din m\u00fcxbirin\u0259 deyib.<\/p>\n\n\n\n<p><em>\u201c\u018fm\u0259k bazar\u0131n\u0131n, tibb sah\u0259sinin, m\u0259kt\u0259b v\u0259 u\u015faq ba\u011f\u00e7alar\u0131n\u0131n \u0259l\u00e7atanl\u0131\u011f\u0131 qa\u00e7q\u0131n statusu il\u0259 ba\u011fl\u0131 deyil, bu, lokal q\u0259rard\u0131r v\u0259 o m\u00fc\u0259yy\u0259n \u015f\u0259rtl\u0259r n\u0259z\u0259r\u0259 al\u0131nmaqla q\u0259bul edilir\u201d<\/em>, &#8211; m\u0259tbuat katibi \u0259lav\u0259 edib.<\/p>\n\n\n\n<p><em>&#8220;Qa\u00e7q\u0131nlar\u0131n se\u00e7m\u0259k h\u00fcququ v\u0259 d\u00f6vl\u0259t xidm\u0259tl\u0259rin\u0259 se\u00e7ilm\u0259k h\u00fcququ yoxdur&#8221;<\/em>, &#8211; Az\u0259rbaycan Erm\u0259nil\u0259ri Assambleyas\u0131n\u0131n r\u0259hb\u0259ri Qriqori Ayvazyan qeyd edib.<\/p>\n\n\n\n<p><em>\u201cQa\u00e7q\u0131nlar h\u0259m\u00e7inin icbari s\u0259f\u0259rb\u0259rliy\u0259 v\u0259 orduya \u00e7a\u011f\u0131r\u0131lm\u0131r. Qa\u00e7q\u0131nlara de-yure v\u0259 de-fakto dig\u0259r \u00f6lk\u0259l\u0259r\u0259 getm\u0259k qada\u011fan olunub. Qa\u00e7q\u0131nlar\u0131n s\u0259n\u0259din\u0259 viza vurulmur, bel\u0259 ki, onun geri d\u00f6nm\u0259y\u0259c\u0259yind\u0259n qorxurlar\u201d<\/em>, \u2013 o, \u201cKavkazski uzel\u201din m\u00fcxbirin\u0259 izah edib.<\/p>\n\n\n\n<p><em>\u201cSosial sah\u0259d\u0259 qa\u00e7q\u0131nlarla Erm\u0259nistan v\u0259t\u0259nda\u015flar\u0131 aras\u0131nda h\u0259r hans\u0131 bir f\u0259rq yoxdur\u201d<\/em>, &#8211; Ayvazyan \u0259lav\u0259 edib.<\/p>\n\n\n\n<p><em>&#8220;Erm\u0259nistanda evl\u0259rin kiray\u0259si s\u00fcni \u015f\u0259kild\u0259 art\u0131b<\/em>&#8220;, &#8211; broker Vardan Arutyunyan \u201cKavkazski uzel\u201din m\u00fcxbirin\u0259 b\u0259yan edib. Onun dediyin\u0259 g\u00f6r\u0259, da\u015f\u0131nmaz \u0259mlak bazar\u0131nda qiym\u0259tl\u0259rin y\u00fcks\u0259lm\u0259si Ukraynada m\u00fcnaqi\u015f\u0259nin ba\u015flanmas\u0131 v\u0259 Rusiyada s\u0259f\u0259rb\u0259rliyin elan olunmas\u0131 il\u0259 ba\u011fl\u0131d\u0131r.<\/p>\n\n\n\n<p><em>\u201cYazda bazar nisb\u0259t\u0259n sabitl\u0259\u015fmi\u015fdi, h\u0259r\u00e7\u0259nd \u0259vv\u0259lki g\u00f6st\u0259ricil\u0259r qay\u0131tmam\u0131\u015fd\u0131. V\u0259 budur, indi Artsax (&#8220;Da\u011fl\u0131q Qaraba\u011f Respublikas\u0131&#8221;) veril\u0259nd\u0259n v\u0259 oradak\u0131 erm\u0259nil\u0259r bura g\u0259l\u0259nd\u0259n sonra da\u015f\u0131nmaz \u0259mlak bazar\u0131nda qiym\u0259t yenid\u0259n k\u0259ll\u0259-\u00e7arxdad\u0131r\u201d<\/em>, \u2013 broker qeyd edib.<\/p>\n\n\n\n<p><em>\u201c\u00dc\u00e7 n\u0259f\u0259rd\u0259n ibar\u0259t ail\u0259 Yerevanda 300 AB\u015e dollar\u0131na ev tuta bilm\u0259z\u201d, &#8211; <\/em>Arutyunyan \u0259lav\u0259 edib. <em>\u201c\u015e\u0259h\u0259r \u0259traf\u0131nda yeni tikilid\u0259 studiya m\u0259nzill\u0259rin kiray\u0259si 250 min dramdan (t\u0259xmin\u0259n 621 AB\u015e dollar\u0131) ba\u015flay\u0131r. \u0130lk g\u00fcn m\u00fc\u015ft\u0259ril\u0259rimd\u0259n biri \u00fc\u00e7\u00fcn Artsaxdan (&#8220;Da\u011fl\u0131q Qaraba\u011f&#8221;) olan be\u015f ail\u0259y\u0259 180-200 min drama (447-497 AB\u015e dollar\u0131) m\u0259nzil tapd\u0131m, lakin ert\u0259si g\u00fcn d\u00f6rd m\u0259nzilin sahibi kiray\u0259 haqq\u0131n\u0131 50-70 min dram (124-174 AB\u015e dollar\u0131) qald\u0131rd\u0131. Rusiyadan m\u00fchacir ax\u0131n\u0131 olmazdan \u0259vv\u0259l ikiotaql\u0131 m\u0259nzili 100-120 min drama (248-298 AB\u015e dollar\u0131) kiray\u0259l\u0259m\u0259k olard\u0131. Haz\u0131rda bu c\u00fcr m\u0259nzill\u0259r iki-\u00fc\u00e7 d\u0259f\u0259 bahala\u015f\u0131b\u201d<\/em>, \u2013 broker qeyd edib.<\/p>\n\n\n\n<p><em>&#8220;Yerevana yax\u0131n b\u00fct\u00fcn \u015f\u0259h\u0259rl\u0259rd\u0259 ev q\u0131tl\u0131\u011f\u0131 m\u00fc\u015fahid\u0259 olunur&#8221;<\/em>, &#8211; o deyib.<\/p>\n\n\n\n<p><em>\u201c\u015e\u0259h\u0259r \u0259halisi \u015f\u0259h\u0259rd\u0259 ev tutma\u011fa \u00fcst\u00fcnl\u00fck verir. Haz\u0131rda G\u00fcmr\u00fcd\u0259 ev tapmaq m\u00fc\u015fk\u00fcld\u00fcr. K\u0259nd sakinl\u0259rin\u0259 daha rahatd\u0131r, \u00e7oxsayl\u0131 t\u0259klifl\u0259r, o c\u00fcml\u0259d\u0259n evl\u0259rin pulsuz verilm\u0259si t\u0259klifl\u0259ri var\u201d<\/em>, \u2013 Arutyunyan sonda deyib.<\/p>\n","protected":false},"excerpt":{"rendered":"<p>Hakimiyy\u0259t Qaraba\u011fdan g\u0259l\u0259n sakinl\u0259rin status m\u0259s\u0259l\u0259sini m\u00fczakir\u0259 edir &#8220;Kavkazski uzel&#8221;in &#8230; <\/p>\n<p class=\"read-more-container\"><a title=\"Erm\u0259nistana qa\u00e7q\u0131nlar\u0131n ax\u0131n\u0131 n\u0259tic\u0259sind\u0259 \u00f6lk\u0259d\u0259 evl\u0259rin kiray\u0259si xeyli art\u0131b\" class=\"read-more button\" href=\"https:\/\/www.meydan.tv\/az\/article\/ermenistana-qacqinlarin-axini-neticesinde-olkede-evlerin-kirayesi-xeyli-artib\/#more-287144\" aria-label=\"Read more about Erm\u0259nistana qa\u00e7q\u0131nlar\u0131n ax\u0131n\u0131 n\u0259tic\u0259sind\u0259 \u00f6lk\u0259d\u0259 evl\u0259rin kiray\u0259si xeyli art\u0131b\">Davam\u0131<\/a><\/p>\n","protected":false},"author":16,"featured_media":287142,"comment_status":"closed","ping_status":"closed","sticky":false,"template":"","format":"standard","meta":{"_acf_changed":false,"_sitemap_exclude":false,"_sitemap_priority":"","_sitemap_frequency":"","footnotes":""},"categories":[62,56],"tags":[],"class_list":["post-287144","post","type-post","status-publish","format-standard","has-post-thumbnail","hentry","category-sosial","category-xeberler","infinite-scroll-item","generate-columns","tablet-grid-50","mobile-grid-100","grid-parent","grid-33","no-featured-image-padding"],"acf":[],"yoast_head":"<!-- This site is optimized with the Yoast SEO plugin v27.5 - https:\/\/yoast.com\/product\/yoast-seo-wordpress\/ -->\n<title>Erm\u0259nistana qa\u00e7q\u0131nlar\u0131n ax\u0131n\u0131 n\u0259tic\u0259sind\u0259 \u00f6lk\u0259d\u0259 evl\u0259rin kiray\u0259si xeyli art\u0131b - MEYDAN.TV<\/title>\n<meta name=\"robots\" content=\"index, follow, max-snippet:-1, max-image-preview:large, max-video-preview:-1\" \/>\n<link rel=\"canonical\" href=\"https:\/\/www.meydan.tv\/az\/article\/ermenistana-qacqinlarin-axini-neticesinde-olkede-evlerin-kirayesi-xeyli-artib\/\" \/>\n<meta property=\"og:locale\" content=\"az_AZ\" \/>\n<meta property=\"og:type\" content=\"article\" \/>\n<meta property=\"og:title\" content=\"Erm\u0259nistana qa\u00e7q\u0131nlar\u0131n ax\u0131n\u0131 n\u0259tic\u0259sind\u0259 \u00f6lk\u0259d\u0259 evl\u0259rin kiray\u0259si xeyli art\u0131b - MEYDAN.TV\" \/>\n<meta property=\"og:description\" content=\"Hakimiyy\u0259t Qaraba\u011fdan g\u0259l\u0259n sakinl\u0259rin status m\u0259s\u0259l\u0259sini m\u00fczakir\u0259 edir &#8220;Kavkazski uzel&#8221;in ... Davam\u0131\" \/>\n<meta property=\"og:url\" content=\"https:\/\/www.meydan.tv\/az\/article\/ermenistana-qacqinlarin-axini-neticesinde-olkede-evlerin-kirayesi-xeyli-artib\/\" \/>\n<meta property=\"og:site_name\" content=\"MEYDAN.TV\" \/>\n<meta property=\"article:published_time\" content=\"2023-10-06T08:25:21+00:00\" \/>\n<meta property=\"article:modified_time\" content=\"2023-10-06T08:26:29+00:00\" \/>\n<meta property=\"og:image\" content=\"https:\/\/www.meydan.tv\/wp-content\/uploads\/view_applicationframehost_9ol4tijm0x1.jpg\" \/>\n\t<meta property=\"og:image:width\" content=\"500\" \/>\n\t<meta property=\"og:image:height\" content=\"257\" \/>\n\t<meta property=\"og:image:type\" content=\"image\/jpeg\" \/>\n<meta name=\"author\" content=\"sevda\" \/>\n<meta name=\"twitter:card\" content=\"summary_large_image\" \/>\n<script type=\"application\/ld+json\" class=\"yoast-schema-graph\">{\"@context\":\"https:\\\/\\\/schema.org\",\"@graph\":[{\"@type\":\"Article\",\"@id\":\"https:\\\/\\\/www.meydan.tv\\\/az\\\/article\\\/ermenistana-qacqinlarin-axini-neticesinde-olkede-evlerin-kirayesi-xeyli-artib\\\/#article\",\"isPartOf\":{\"@id\":\"https:\\\/\\\/www.meydan.tv\\\/az\\\/article\\\/ermenistana-qacqinlarin-axini-neticesinde-olkede-evlerin-kirayesi-xeyli-artib\\\/\"},\"author\":{\"name\":\"sevda\",\"@id\":\"https:\\\/\\\/www.meydan.tv\\\/az\\\/#\\\/schema\\\/person\\\/49b5f2bad5b126bb8ea9320eeb3e4dc9\"},\"headline\":\"Erm\u0259nistana qa\u00e7q\u0131nlar\u0131n ax\u0131n\u0131 n\u0259tic\u0259sind\u0259 \u00f6lk\u0259d\u0259 evl\u0259rin kiray\u0259si xeyli art\u0131b\",\"datePublished\":\"2023-10-06T08:25:21+00:00\",\"dateModified\":\"2023-10-06T08:26:29+00:00\",\"mainEntityOfPage\":{\"@id\":\"https:\\\/\\\/www.meydan.tv\\\/az\\\/article\\\/ermenistana-qacqinlarin-axini-neticesinde-olkede-evlerin-kirayesi-xeyli-artib\\\/\"},\"wordCount\":1064,\"publisher\":{\"@id\":\"https:\\\/\\\/www.meydan.tv\\\/az\\\/#organization\"},\"image\":{\"@id\":\"https:\\\/\\\/www.meydan.tv\\\/az\\\/article\\\/ermenistana-qacqinlarin-axini-neticesinde-olkede-evlerin-kirayesi-xeyli-artib\\\/#primaryimage\"},\"thumbnailUrl\":\"https:\\\/\\\/www.meydan.tv\\\/wp-content\\\/uploads\\\/view_applicationframehost_9ol4tijm0x1.jpg\",\"articleSection\":[\"Sosial\",\"X\u0259b\u0259rl\u0259r\"],\"inLanguage\":\"az\"},{\"@type\":\"WebPage\",\"@id\":\"https:\\\/\\\/www.meydan.tv\\\/az\\\/article\\\/ermenistana-qacqinlarin-axini-neticesinde-olkede-evlerin-kirayesi-xeyli-artib\\\/\",\"url\":\"https:\\\/\\\/www.meydan.tv\\\/az\\\/article\\\/ermenistana-qacqinlarin-axini-neticesinde-olkede-evlerin-kirayesi-xeyli-artib\\\/\",\"name\":\"Erm\u0259nistana qa\u00e7q\u0131nlar\u0131n ax\u0131n\u0131 n\u0259tic\u0259sind\u0259 \u00f6lk\u0259d\u0259 evl\u0259rin kiray\u0259si xeyli art\u0131b - MEYDAN.TV\",\"isPartOf\":{\"@id\":\"https:\\\/\\\/www.meydan.tv\\\/az\\\/#website\"},\"primaryImageOfPage\":{\"@id\":\"https:\\\/\\\/www.meydan.tv\\\/az\\\/article\\\/ermenistana-qacqinlarin-axini-neticesinde-olkede-evlerin-kirayesi-xeyli-artib\\\/#primaryimage\"},\"image\":{\"@id\":\"https:\\\/\\\/www.meydan.tv\\\/az\\\/article\\\/ermenistana-qacqinlarin-axini-neticesinde-olkede-evlerin-kirayesi-xeyli-artib\\\/#primaryimage\"},\"thumbnailUrl\":\"https:\\\/\\\/www.meydan.tv\\\/wp-content\\\/uploads\\\/view_applicationframehost_9ol4tijm0x1.jpg\",\"datePublished\":\"2023-10-06T08:25:21+00:00\",\"dateModified\":\"2023-10-06T08:26:29+00:00\",\"breadcrumb\":{\"@id\":\"https:\\\/\\\/www.meydan.tv\\\/az\\\/article\\\/ermenistana-qacqinlarin-axini-neticesinde-olkede-evlerin-kirayesi-xeyli-artib\\\/#breadcrumb\"},\"inLanguage\":\"az\",\"potentialAction\":[{\"@type\":\"ReadAction\",\"target\":[\"https:\\\/\\\/www.meydan.tv\\\/az\\\/article\\\/ermenistana-qacqinlarin-axini-neticesinde-olkede-evlerin-kirayesi-xeyli-artib\\\/\"]}]},{\"@type\":\"ImageObject\",\"inLanguage\":\"az\",\"@id\":\"https:\\\/\\\/www.meydan.tv\\\/az\\\/article\\\/ermenistana-qacqinlarin-axini-neticesinde-olkede-evlerin-kirayesi-xeyli-artib\\\/#primaryimage\",\"url\":\"https:\\\/\\\/www.meydan.tv\\\/wp-content\\\/uploads\\\/view_applicationframehost_9ol4tijm0x1.jpg\",\"contentUrl\":\"https:\\\/\\\/www.meydan.tv\\\/wp-content\\\/uploads\\\/view_applicationframehost_9ol4tijm0x1.jpg\",\"width\":500,\"height\":257,\"caption\":\"Qaraba\u011fdan k\u00f6\u00e7\u0259nl\u0259r. Foto: Alvard Qriqoryan\"},{\"@type\":\"BreadcrumbList\",\"@id\":\"https:\\\/\\\/www.meydan.tv\\\/az\\\/article\\\/ermenistana-qacqinlarin-axini-neticesinde-olkede-evlerin-kirayesi-xeyli-artib\\\/#breadcrumb\",\"itemListElement\":[{\"@type\":\"ListItem\",\"position\":1,\"name\":\"Ana s\u0259hif\u0259\",\"item\":\"https:\\\/\\\/www.meydan.tv\\\/az\\\/\"},{\"@type\":\"ListItem\",\"position\":2,\"name\":\"Sosial\",\"item\":\"https:\\\/\\\/www.meydan.tv\\\/az\\\/section\\\/sosial\\\/\"},{\"@type\":\"ListItem\",\"position\":3,\"name\":\"Erm\u0259nistana qa\u00e7q\u0131nlar\u0131n ax\u0131n\u0131 n\u0259tic\u0259sind\u0259 \u00f6lk\u0259d\u0259 evl\u0259rin kiray\u0259si xeyli art\u0131b\"}]},{\"@type\":\"WebSite\",\"@id\":\"https:\\\/\\\/www.meydan.tv\\\/az\\\/#website\",\"url\":\"https:\\\/\\\/www.meydan.tv\\\/az\\\/\",\"name\":\"MEYDAN.TV\",\"description\":\"Meydan TV Az\u0259rbaycan\u0131n media m\u0259kan\u0131ndak\u0131 alternativ s\u0259sidir\",\"publisher\":{\"@id\":\"https:\\\/\\\/www.meydan.tv\\\/az\\\/#organization\"},\"potentialAction\":[{\"@type\":\"SearchAction\",\"target\":{\"@type\":\"EntryPoint\",\"urlTemplate\":\"https:\\\/\\\/www.meydan.tv\\\/az\\\/?s={search_term_string}\"},\"query-input\":{\"@type\":\"PropertyValueSpecification\",\"valueRequired\":true,\"valueName\":\"search_term_string\"}}],\"inLanguage\":\"az\"},{\"@type\":\"Organization\",\"@id\":\"https:\\\/\\\/www.meydan.tv\\\/az\\\/#organization\",\"name\":\"Meydan TV\",\"url\":\"https:\\\/\\\/www.meydan.tv\\\/az\\\/\",\"logo\":{\"@type\":\"ImageObject\",\"inLanguage\":\"az\",\"@id\":\"https:\\\/\\\/www.meydan.tv\\\/az\\\/#\\\/schema\\\/logo\\\/image\\\/\",\"url\":\"https:\\\/\\\/www.meydan.tv\\\/wp-content\\\/uploads\\\/2021\\\/07\\\/meydan-logo.svg\",\"contentUrl\":\"https:\\\/\\\/www.meydan.tv\\\/wp-content\\\/uploads\\\/2021\\\/07\\\/meydan-logo.svg\",\"width\":195,\"height\":46,\"caption\":\"Meydan TV\"},\"image\":{\"@id\":\"https:\\\/\\\/www.meydan.tv\\\/az\\\/#\\\/schema\\\/logo\\\/image\\\/\"}},{\"@type\":\"Person\",\"@id\":\"https:\\\/\\\/www.meydan.tv\\\/az\\\/#\\\/schema\\\/person\\\/49b5f2bad5b126bb8ea9320eeb3e4dc9\",\"name\":\"sevda\"}]}<\/script>\n<!-- \/ Yoast SEO plugin. -->","yoast_head_json":{"title":"Erm\u0259nistana qa\u00e7q\u0131nlar\u0131n ax\u0131n\u0131 n\u0259tic\u0259sind\u0259 \u00f6lk\u0259d\u0259 evl\u0259rin kiray\u0259si xeyli art\u0131b - MEYDAN.TV","robots":{"index":"index","follow":"follow","max-snippet":"max-snippet:-1","max-image-preview":"max-image-preview:large","max-video-preview":"max-video-preview:-1"},"canonical":"https:\/\/www.meydan.tv\/az\/article\/ermenistana-qacqinlarin-axini-neticesinde-olkede-evlerin-kirayesi-xeyli-artib\/","og_locale":"az_AZ","og_type":"article","og_title":"Erm\u0259nistana qa\u00e7q\u0131nlar\u0131n ax\u0131n\u0131 n\u0259tic\u0259sind\u0259 \u00f6lk\u0259d\u0259 evl\u0259rin kiray\u0259si xeyli art\u0131b - MEYDAN.TV","og_description":"Hakimiyy\u0259t Qaraba\u011fdan g\u0259l\u0259n sakinl\u0259rin status m\u0259s\u0259l\u0259sini m\u00fczakir\u0259 edir &#8220;Kavkazski uzel&#8221;in ... Davam\u0131","og_url":"https:\/\/www.meydan.tv\/az\/article\/ermenistana-qacqinlarin-axini-neticesinde-olkede-evlerin-kirayesi-xeyli-artib\/","og_site_name":"MEYDAN.TV","article_published_time":"2023-10-06T08:25:21+00:00","article_modified_time":"2023-10-06T08:26:29+00:00","og_image":[{"width":500,"height":257,"url":"https:\/\/www.meydan.tv\/wp-content\/uploads\/view_applicationframehost_9ol4tijm0x1.jpg","type":"image\/jpeg"}],"author":"sevda","twitter_card":"summary_large_image","schema":{"@context":"https:\/\/schema.org","@graph":[{"@type":"Article","@id":"https:\/\/www.meydan.tv\/az\/article\/ermenistana-qacqinlarin-axini-neticesinde-olkede-evlerin-kirayesi-xeyli-artib\/#article","isPartOf":{"@id":"https:\/\/www.meydan.tv\/az\/article\/ermenistana-qacqinlarin-axini-neticesinde-olkede-evlerin-kirayesi-xeyli-artib\/"},"author":{"name":"sevda","@id":"https:\/\/www.meydan.tv\/az\/#\/schema\/person\/49b5f2bad5b126bb8ea9320eeb3e4dc9"},"headline":"Erm\u0259nistana qa\u00e7q\u0131nlar\u0131n ax\u0131n\u0131 n\u0259tic\u0259sind\u0259 \u00f6lk\u0259d\u0259 evl\u0259rin kiray\u0259si xeyli art\u0131b","datePublished":"2023-10-06T08:25:21+00:00","dateModified":"2023-10-06T08:26:29+00:00","mainEntityOfPage":{"@id":"https:\/\/www.meydan.tv\/az\/article\/ermenistana-qacqinlarin-axini-neticesinde-olkede-evlerin-kirayesi-xeyli-artib\/"},"wordCount":1064,"publisher":{"@id":"https:\/\/www.meydan.tv\/az\/#organization"},"image":{"@id":"https:\/\/www.meydan.tv\/az\/article\/ermenistana-qacqinlarin-axini-neticesinde-olkede-evlerin-kirayesi-xeyli-artib\/#primaryimage"},"thumbnailUrl":"https:\/\/www.meydan.tv\/wp-content\/uploads\/view_applicationframehost_9ol4tijm0x1.jpg","articleSection":["Sosial","X\u0259b\u0259rl\u0259r"],"inLanguage":"az"},{"@type":"WebPage","@id":"https:\/\/www.meydan.tv\/az\/article\/ermenistana-qacqinlarin-axini-neticesinde-olkede-evlerin-kirayesi-xeyli-artib\/","url":"https:\/\/www.meydan.tv\/az\/article\/ermenistana-qacqinlarin-axini-neticesinde-olkede-evlerin-kirayesi-xeyli-artib\/","name":"Erm\u0259nistana qa\u00e7q\u0131nlar\u0131n ax\u0131n\u0131 n\u0259tic\u0259sind\u0259 \u00f6lk\u0259d\u0259 evl\u0259rin kiray\u0259si xeyli art\u0131b - MEYDAN.TV","isPartOf":{"@id":"https:\/\/www.meydan.tv\/az\/#website"},"primaryImageOfPage":{"@id":"https:\/\/www.meydan.tv\/az\/article\/ermenistana-qacqinlarin-axini-neticesinde-olkede-evlerin-kirayesi-xeyli-artib\/#primaryimage"},"image":{"@id":"https:\/\/www.meydan.tv\/az\/article\/ermenistana-qacqinlarin-axini-neticesinde-olkede-evlerin-kirayesi-xeyli-artib\/#primaryimage"},"thumbnailUrl":"https:\/\/www.meydan.tv\/wp-content\/uploads\/view_applicationframehost_9ol4tijm0x1.jpg","datePublished":"2023-10-06T08:25:21+00:00","dateModified":"2023-10-06T08:26:29+00:00","breadcrumb":{"@id":"https:\/\/www.meydan.tv\/az\/article\/ermenistana-qacqinlarin-axini-neticesinde-olkede-evlerin-kirayesi-xeyli-artib\/#breadcrumb"},"inLanguage":"az","potentialAction":[{"@type":"ReadAction","target":["https:\/\/www.meydan.tv\/az\/article\/ermenistana-qacqinlarin-axini-neticesinde-olkede-evlerin-kirayesi-xeyli-artib\/"]}]},{"@type":"ImageObject","inLanguage":"az","@id":"https:\/\/www.meydan.tv\/az\/article\/ermenistana-qacqinlarin-axini-neticesinde-olkede-evlerin-kirayesi-xeyli-artib\/#primaryimage","url":"https:\/\/www.meydan.tv\/wp-content\/uploads\/view_applicationframehost_9ol4tijm0x1.jpg","contentUrl":"https:\/\/www.meydan.tv\/wp-content\/uploads\/view_applicationframehost_9ol4tijm0x1.jpg","width":500,"height":257,"caption":"Qaraba\u011fdan k\u00f6\u00e7\u0259nl\u0259r. Foto: Alvard Qriqoryan"},{"@type":"BreadcrumbList","@id":"https:\/\/www.meydan.tv\/az\/article\/ermenistana-qacqinlarin-axini-neticesinde-olkede-evlerin-kirayesi-xeyli-artib\/#breadcrumb","itemListElement":[{"@type":"ListItem","position":1,"name":"Ana s\u0259hif\u0259","item":"https:\/\/www.meydan.tv\/az\/"},{"@type":"ListItem","position":2,"name":"Sosial","item":"https:\/\/www.meydan.tv\/az\/section\/sosial\/"},{"@type":"ListItem","position":3,"name":"Erm\u0259nistana qa\u00e7q\u0131nlar\u0131n ax\u0131n\u0131 n\u0259tic\u0259sind\u0259 \u00f6lk\u0259d\u0259 evl\u0259rin kiray\u0259si xeyli art\u0131b"}]},{"@type":"WebSite","@id":"https:\/\/www.meydan.tv\/az\/#website","url":"https:\/\/www.meydan.tv\/az\/","name":"MEYDAN.TV","description":"Meydan TV Az\u0259rbaycan\u0131n media m\u0259kan\u0131ndak\u0131 alternativ s\u0259sidir","publisher":{"@id":"https:\/\/www.meydan.tv\/az\/#organization"},"potentialAction":[{"@type":"SearchAction","target":{"@type":"EntryPoint","urlTemplate":"https:\/\/www.meydan.tv\/az\/?s={search_term_string}"},"query-input":{"@type":"PropertyValueSpecification","valueRequired":true,"valueName":"search_term_string"}}],"inLanguage":"az"},{"@type":"Organization","@id":"https:\/\/www.meydan.tv\/az\/#organization","name":"Meydan TV","url":"https:\/\/www.meydan.tv\/az\/","logo":{"@type":"ImageObject","inLanguage":"az","@id":"https:\/\/www.meydan.tv\/az\/#\/schema\/logo\/image\/","url":"https:\/\/www.meydan.tv\/wp-content\/uploads\/2021\/07\/meydan-logo.svg","contentUrl":"https:\/\/www.meydan.tv\/wp-content\/uploads\/2021\/07\/meydan-logo.svg","width":195,"height":46,"caption":"Meydan TV"},"image":{"@id":"https:\/\/www.meydan.tv\/az\/#\/schema\/logo\/image\/"}},{"@type":"Person","@id":"https:\/\/www.meydan.tv\/az\/#\/schema\/person\/49b5f2bad5b126bb8ea9320eeb3e4dc9","name":"sevda"}]}},"_links":{"self":[{"href":"https:\/\/www.meydan.tv\/az\/wp-json\/wp\/v2\/posts\/287144","targetHints":{"allow":["GET"]}}],"collection":[{"href":"https:\/\/www.meydan.tv\/az\/wp-json\/wp\/v2\/posts"}],"about":[{"href":"https:\/\/www.meydan.tv\/az\/wp-json\/wp\/v2\/types\/post"}],"author":[{"embeddable":true,"href":"https:\/\/www.meydan.tv\/az\/wp-json\/wp\/v2\/users\/16"}],"replies":[{"embeddable":true,"href":"https:\/\/www.meydan.tv\/az\/wp-json\/wp\/v2\/comments?post=287144"}],"version-history":[{"count":6,"href":"https:\/\/www.meydan.tv\/az\/wp-json\/wp\/v2\/posts\/287144\/revisions"}],"predecessor-version":[{"id":287240,"href":"https:\/\/www.meydan.tv\/az\/wp-json\/wp\/v2\/posts\/287144\/revisions\/287240"}],"wp:featuredmedia":[{"embeddable":true,"href":"https:\/\/www.meydan.tv\/az\/wp-json\/wp\/v2\/media\/287142"}],"wp:attachment":[{"href":"https:\/\/www.meydan.tv\/az\/wp-json\/wp\/v2\/media?parent=287144"}],"wp:term":[{"taxonomy":"category","embeddable":true,"href":"https:\/\/www.meydan.tv\/az\/wp-json\/wp\/v2\/categories?post=287144"},{"taxonomy":"post_tag","embeddable":true,"href":"https:\/\/www.meydan.tv\/az\/wp-json\/wp\/v2\/tags?post=287144"}],"curies":[{"name":"wp","href":"https:\/\/api.w.org\/{rel}","templated":true}]}}