{"id":287095,"date":"2023-10-05T18:29:51","date_gmt":"2023-10-05T14:29:51","guid":{"rendered":"https:\/\/www.meydan.tv\/?p=287095"},"modified":"2023-10-05T18:29:54","modified_gmt":"2023-10-05T14:29:54","slug":"isden-cixarilan-muellim-ne-edim-gedib-dilenim","status":"publish","type":"post","link":"https:\/\/www.meydan.tv\/az\/article\/isden-cixarilan-muellim-ne-edim-gedib-dilenim\/","title":{"rendered":"\u0130\u015fd\u0259n \u00e7\u0131xar\u0131lan m\u00fc\u0259llim: \u201cN\u0259 edim, gedib dil\u0259nim?\u201d"},"content":{"rendered":"\n<p><\/p>\n\n\n\n<p><em><strong>T\u0259hsil eksperti deyir ki, h\u0259r iki m\u00fc\u0259llim direktoru m\u0259hk\u0259m\u0259y\u0259 verm\u0259lidir<\/strong><\/em><\/p>\n\n\n\n<p>Bak\u0131da yerl\u0259\u015f\u0259n 285 sayl\u0131 orta m\u0259kt\u0259bin iki m\u00fc\u0259llimi &#8211; T\u0259ran\u0259 Yusifova v\u0259 T\u0259ran\u0259 Rzayeva direktordan \u015fikay\u0259t\u00e7idirl\u0259r.<\/p>\n\n\n\n<p>Onlar deyirl\u0259r ki, m\u0259kt\u0259bd\u0259 g\u00fcn\u00fcuzad\u0131lm\u0131\u015f qrupun m\u00fc\u0259llimi olublar.<\/p>\n\n\n\n<p>Amma m\u0259kt\u0259bin direktoru Nuran\u0259 Y\u0259hyayeva t\u0259r\u0259find\u0259n qanunsuz olaraq i\u015fd\u0259n \u00e7\u0131xar\u0131l\u0131blar.<\/p>\n\n\n\n<p>T\u0259ran\u0259 Yusifova Meydan TV-y\u0259 deyir ki, direktor m\u00fc\u0259lliml\u0259r\u0259 i\u015fd\u0259n \u00e7\u0131xar\u0131lmalar\u0131 il\u0259 ba\u011fl\u0131 \u00f6nc\u0259d\u0259n he\u00e7 bir x\u0259b\u0259rdarl\u0131q etm\u0259yib:<\/p>\n\n\n\n<p><em>\u201cNuran\u0259 Y\u0259hyayeva x\u0259b\u0259rimiz olmadan 2023-c\u00fc il oktyabr\u0131n 2-d\u0259 bizi i\u015fd\u0259n \u00e7\u0131xar\u0131b. Sentyabr\u0131n 15-d\u0259n, d\u0259rsl\u0259r ba\u015flayandan m\u0259n v\u0259 dig\u0259r h\u0259mkar\u0131m m\u0259kt\u0259bin koridorlar\u0131nda qalm\u0131\u015fd\u0131q. Direktora dedik ki, biz\u0259 otaq verin, n\u0259 vaxta q\u0259d\u0259r bel\u0259 olacaq? Dedi ki, siz h\u0259l\u0259 gedin, u\u015faqlar\u0131n\u0131z\u0131 y\u0131\u011f\u0131n, sonra otaq ist\u0259y\u0259rsiniz\u201d.<\/em><\/p>\n\n\n\n<p>M\u00fc\u0259llim deyir ki, g\u00fcn\u00fcuzad\u0131lm\u0131\u015f qruplara \u015fagirdl\u0259r t\u0259dris ilinin \u0259vv\u0259lind\u0259 q\u0259bul edilir.<\/p>\n\n\n\n<p>I-IV sinifl\u0259ri \u0259hat\u0259 ed\u0259n \u015fagirdl\u0259ri is\u0259 m\u00fc\u0259lliml\u0259r \u00f6zl\u0259ri toplay\u0131r:<\/p>\n\n\n\n<p>\u201c<em>H\u0259r qrupda iyirmi n\u0259f\u0259r olur. \u0130ll\u0259rdir, valideynl\u0259r m\u0259kt\u0259b\u0259 g\u0259lib, \u0259riz\u0259 il\u0259 m\u00fcraci\u0259t edirl\u0259r. M\u00fc\u0259lliml\u0259r d\u0259 \u0259riz\u0259l\u0259ri toplay\u0131b, direktora t\u0259qdim edirl\u0259r, o da t\u0259sdiql\u0259yir. Bu, h\u0259r il bel\u0259 olur. Yoxsa, direktor \u00f6z\u00fc valideynl\u0259 dan\u0131\u015fs\u0131n, aqitasiya apars\u0131n, bel\u0259 hal indiy\u0259d\u0259k ba\u015f verm\u0259yib\u201d.<\/em><\/p>\n\n\n\n<p><em>\u201cDirektor n\u0259y\u0259 g\u00f6r\u0259 valideynl\u0259 dan\u0131\u015f\u0131b, ona u\u015fa\u011f\u0131n\u0131 qrupa qoymama\u011fa m\u0259cbur etm\u0259lidir?! Direktor valideyn\u0259 deyir ki, niy\u0259 u\u015fa\u011f\u0131 qrupa qoyursan? \u201cYorulur, u\u015faqd\u0131r, qoyma\u201d deyir\u201d, &#8211; <\/em>m\u00fc\u0259llim qeyd edib.<\/p>\n\n\n\n<p>\u0130\u015fsiz qalan T\u0259ran\u0259 Yusifova bank kreditl\u0259rini nec\u0259 \u00f6d\u0259y\u0259c\u0259yi haqq\u0131nda d\u00fc\u015f\u00fcn\u00fcr.<\/p>\n\n\n\n<p>Deyir ki, i\u015f\u0259 yenid\u0259n b\u0259rpa olunmas\u0131 \u00fc\u00e7\u00fcn Elm v\u0259 T\u0259hsil Nazirliyind\u0259 olub, \u015fikay\u0259t \u0259riz\u0259si d\u0259 yaz\u0131b:<\/p>\n\n\n\n<p><em>\u201cNazirlikd\u0259 m\u0259n\u0259 dedil\u0259r ki, narahat olmay\u0131n, m\u0259s\u0259l\u0259ni ara\u015fd\u0131r\u0131b, siz\u0259 m\u0259lumat ver\u0259c\u0259yik. M\u0259kt\u0259bd\u0259n 458 manat maa\u015f al\u0131rd\u0131m. Bu pul he\u00e7 \u0259lim\u0259 g\u0259lmirdi, banklar borcuma tuturdu. \u00dcz\u00fcm\u0259 g\u00fcl\u0259-g\u00fcl\u0259 i\u015fd\u0259n k\u0259narla\u015fd\u0131rd\u0131. \u0130\u015fd\u0259n \u00e7\u0131xar\u0131b, indi d\u0259 deyir ki, get, hara ist\u0259yirs\u0259n, \u015fikay\u0259t el\u0259. \u018fvv\u0259ld\u0259n ona demi\u015fdim ki, t\u0259k ya\u015fay\u0131ram, banklara borcum var, ba\u015fqa yerd\u0259n d\u0259 g\u0259lirim yoxdur. M\u0259n n\u0259 edim, bilmir\u0259m? Dil\u0259nim? Neyniyim?\u201d<\/em>.<\/p>\n\n\n\n<p>\u0130\u015fini itir\u0259n dig\u0259r m\u00fc\u0259llim T\u0259ran\u0259 Rzayeva deyir ki, 1991-ci ild\u0259n m\u0259kt\u0259b\u0259 ibtidai sinif m\u00fc\u0259llimi kimi q\u0259bul olub.<\/p>\n\n\n\n<p>Son ill\u0259rd\u0259 is\u0259 g\u00fcn\u00fcuzad\u0131lm\u0131\u015f qrup m\u00fc\u0259llimi kimi f\u0259aliyy\u0259tini davam etdirib:<\/p>\n\n\n\n<p>\u201c<em>Qrup m\u00fc\u0259llimi i\u015fl\u0259diyim d\u00f6rd il \u0259rzind\u0259 bel\u0259 bir problem ya\u015fanmay\u0131b. H\u0259mi\u015f\u0259 valideynl\u0259rd\u0259n \u0259riz\u0259l\u0259ri biz toplam\u0131\u015f\u0131q. Apar\u0131b, direktora t\u0259qdim etmi\u015fik. O da qol \u00e7\u0259kib, qruplar a\u00e7\u0131l\u0131b. Amma bu il yeni g\u0259l\u0259n direktor Nuran\u0259 Y\u0259hyayeva biziml\u0259 \u00e7ox s\u0259rt dan\u0131\u015fma\u011fa ba\u015flad\u0131. Dedi ki, \u00fc\u00e7 qrup var, u\u015faq y\u0131\u011f\u0131lmasa, ikisini ba\u011flayaca\u011fam. Biz\u0259 d\u0259 imkan verm\u0259di ki, valideynl\u0259rl\u0259 dan\u0131\u015f\u0131b, qrup toplayaq\u201d.<\/em><\/p>\n\n\n\n<p>\u201c<em>\u00d6z\u00fc valideynl\u0259ri \u00e7a\u011f\u0131r\u0131rd\u0131. \u0130yirmi d\u0259qiq\u0259, yar\u0131m saat vaxt ay\u0131r\u0131b, aqitasiya apar\u0131rd\u0131 ki, valideynl\u0259r u\u015faqlar\u0131n\u0131 qrupa qoymas\u0131nlar. Bel\u0259likl\u0259 d\u0259, az u\u015faq topland\u0131. \u00dc\u00e7 qrupda h\u0259r\u0259si 20 u\u015faq olmal\u0131 idi. \u00dcmumilikd\u0259 60 \u0259v\u0259zin\u0259 36 \u015fagird topland\u0131. Bel\u0259 b\u0259han\u0259l\u0259rl\u0259 iki qrupu ba\u011flad\u0131\u201d.<\/em><\/p>\n\n\n\n<p>T\u0259ran\u0259 Rzayeva maddi v\u0259ziyy\u0259tinin a\u011f\u0131r oldu\u011funu deyir:<\/p>\n\n\n\n<p>\u201c<em>Ali t\u0259hsilli m\u00fc\u0259llim\u0259m. Diaqnostik qiym\u0259tl\u0259ndirm\u0259m y\u00fcks\u0259kdir. B\u00fct\u00fcn kurslardan ke\u00e7mi\u015f\u0259m. \u00d6z\u00fcm onkoloji x\u0259st\u0259y\u0259m, h\u0259yat yolda\u015f\u0131m, m\u00fcharib\u0259 i\u015ftirak\u00e7\u0131s\u0131d\u0131r, d\u00f6y\u00fc\u015fl\u0259r zaman\u0131 z\u0259d\u0259 al\u0131b. B\u00fct\u00fcn bunlar\u0131n he\u00e7 birini n\u0259z\u0259r\u0259 almad\u0131\u201d.<\/em><\/p>\n\n\n\n<p>\u201c<em>1991-ci ild\u0259n bu yana ondan \u00e7ox direktorla i\u015fl\u0259mi\u015f\u0259m. Amma bel\u0259 halla rastla\u015fmam\u0131\u015fam. M\u0259n 59, dig\u0259r h\u0259mkar\u0131m is\u0259 63 ya\u015f\u0131ndad\u0131r. Bu ya\u015fdan sonra biz harda i\u015f tapaca\u011f\u0131q? H\u0259r yer\u0259 m\u00fcraci\u0259t edir\u0259m. Direktora dedim ki, m\u0259n\u0259 lap bir-iki saat d\u0259rs ver, i\u015fd\u0259n \u00e7\u0131xarma. He\u00e7 olmasa, pensiya ya\u015f\u0131na \u00e7at\u0131m. 59 ya\u015f\u0131nda kim m\u0259ni i\u015f\u0259 g\u00f6t\u00fcr\u0259r? He\u00e7 n\u0259y\u0259 m\u0259h\u0259l qoymad\u0131\u201d<\/em>, &#8211; dey\u0259 o qeyd edib.<\/p>\n\n\n\n<p>Meydan TV 285 sayl\u0131 orta m\u0259kt\u0259bin direktoru Nuran\u0259 Y\u0259hyayeva il\u0259 \u0259laq\u0259 saxlay\u0131b.<\/p>\n\n\n\n<p>\u015eikay\u0259t\u00e7il\u0259rl\u0259 ba\u011fl\u0131 sual\u0131 \u00fcnvanlay\u0131b.<\/p>\n\n\n\n<p>Qar\u015f\u0131 t\u0259r\u0259f sual\u0131 cavabland\u0131rmadan telefonu ba\u011flay\u0131b.<\/p>\n\n\n\n<p>T\u0259krar y\u0131\u011fan zaman is\u0259 direktorun n\u00f6mr\u0259ni bloklad\u0131\u011f\u0131 m\u0259lum olub.<\/p>\n\n\n\n<p>Daha sonra Meydan TV \u0259m\u0259kda\u015f\u0131 ard-arda bir ne\u00e7\u0259 g\u00fcn 285 sayl\u0131 orta m\u0259kt\u0259b\u0259 z\u0259ng ed\u0259r\u0259k daxil olan \u015fikay\u0259tl\u0259 ba\u011fl\u0131 m\u0259lumat verib, m\u0259s\u0259l\u0259 il\u0259 \u0259laq\u0259dar Nuran\u0259 Y\u0259hyayevan\u0131n m\u00f6vqeyini \u00f6yr\u0259nm\u0259y\u0259 \u00e7al\u0131\u015f\u0131b. Lakin h\u0259r d\u0259f\u0259 m\u0259kt\u0259bd\u0259n direktorun ya i\u015fd\u0259 olmad\u0131\u011f\u0131, ya da iclasda oldu\u011fu bildirilib.<\/p>\n\n\n\n<p>Bak\u0131 \u015e\u0259h\u0259ri \u00fczr\u0259 T\u0259hsil \u0130dar\u0259sinin (B\u015eT\u0130) Media v\u0259 ictimaiyy\u0259tl\u0259 \u0259laq\u0259l\u0259r sektorunun m\u00fcdiri B\u0259\u015far\u0259t M\u0259mm\u0259dov Meydan TV-y\u0259 m\u0259s\u0259l\u0259nin ara\u015fd\u0131r\u0131laca\u011f\u0131n\u0131 bildirib.<\/p>\n\n\n\n<p>T\u0259hsil eksperti Nabat\u0259li Qulamo\u011flu is\u0259 hesab edir ki, h\u0259r iki m\u00fc\u0259llim m\u0259kt\u0259b direktorunu m\u0259hk\u0259m\u0259y\u0259 verm\u0259lidir:<\/p>\n\n\n\n<p>\u201c<em>Direktorun bel\u0259 i\u015f g\u00f6rm\u0259yi qanunsuzdur. M\u00fc\u0259lliml\u0259r faktiki s\u00fcni \u201coffsayt\u201d v\u0259ziyy\u0259tin\u0259 sal\u0131n\u0131b. M\u00fc\u0259lliml\u0259r ilk olaraq administrativ qaydada Elm v\u0259 T\u0259hsil Nazirliyin\u0259 m\u00fcraci\u0259t etsinl\u0259r. \u018fg\u0259r nazirlik direktoru m\u00fcdafi\u0259 ets\u0259, m\u0259hk\u0259m\u0259y\u0259 m\u00fcraci\u0259t etsinl\u0259r\u201d.<\/em><\/p>\n","protected":false},"excerpt":{"rendered":"<p>T\u0259hsil eksperti deyir ki, h\u0259r iki m\u00fc\u0259llim direktoru m\u0259hk\u0259m\u0259y\u0259 verm\u0259lidir &#8230; <\/p>\n<p class=\"read-more-container\"><a title=\"\u0130\u015fd\u0259n \u00e7\u0131xar\u0131lan m\u00fc\u0259llim: \u201cN\u0259 edim, gedib dil\u0259nim?\u201d\" class=\"read-more button\" href=\"https:\/\/www.meydan.tv\/az\/article\/isden-cixarilan-muellim-ne-edim-gedib-dilenim\/#more-287095\" aria-label=\"Read more about \u0130\u015fd\u0259n \u00e7\u0131xar\u0131lan m\u00fc\u0259llim: \u201cN\u0259 edim, gedib dil\u0259nim?\u201d\">Davam\u0131<\/a><\/p>\n","protected":false},"author":8,"featured_media":121530,"comment_status":"closed","ping_status":"closed","sticky":false,"template":"","format":"standard","meta":{"_acf_changed":false,"_sitemap_exclude":false,"_sitemap_priority":"","_sitemap_frequency":"","footnotes":""},"categories":[62,56],"tags":[],"class_list":["post-287095","post","type-post","status-publish","format-standard","has-post-thumbnail","hentry","category-sosial","category-xeberler","infinite-scroll-item","generate-columns","tablet-grid-50","mobile-grid-100","grid-parent","grid-33","no-featured-image-padding"],"acf":[],"yoast_head":"<!-- This site is optimized with the Yoast SEO plugin v27.5 - https:\/\/yoast.com\/product\/yoast-seo-wordpress\/ -->\n<title>\u0130\u015fd\u0259n \u00e7\u0131xar\u0131lan m\u00fc\u0259llim: \u201cN\u0259 edim, gedib dil\u0259nim?\u201d - MEYDAN.TV<\/title>\n<meta name=\"robots\" content=\"index, follow, max-snippet:-1, max-image-preview:large, max-video-preview:-1\" \/>\n<link rel=\"canonical\" href=\"https:\/\/www.meydan.tv\/az\/article\/isden-cixarilan-muellim-ne-edim-gedib-dilenim\/\" \/>\n<meta property=\"og:locale\" content=\"az_AZ\" \/>\n<meta property=\"og:type\" content=\"article\" \/>\n<meta property=\"og:title\" content=\"\u0130\u015fd\u0259n \u00e7\u0131xar\u0131lan m\u00fc\u0259llim: \u201cN\u0259 edim, gedib dil\u0259nim?\u201d - MEYDAN.TV\" \/>\n<meta property=\"og:description\" content=\"T\u0259hsil eksperti deyir ki, h\u0259r iki m\u00fc\u0259llim direktoru m\u0259hk\u0259m\u0259y\u0259 verm\u0259lidir ... Davam\u0131\" \/>\n<meta property=\"og:url\" content=\"https:\/\/www.meydan.tv\/az\/article\/isden-cixarilan-muellim-ne-edim-gedib-dilenim\/\" \/>\n<meta property=\"og:site_name\" content=\"MEYDAN.TV\" \/>\n<meta property=\"article:published_time\" content=\"2023-10-05T14:29:51+00:00\" \/>\n<meta property=\"article:modified_time\" content=\"2023-10-05T14:29:54+00:00\" \/>\n<meta property=\"og:image\" content=\"https:\/\/www.meydan.tv\/wp-content\/uploads\/mktb.jpg\" \/>\n\t<meta property=\"og:image:width\" content=\"1000\" \/>\n\t<meta property=\"og:image:height\" content=\"697\" \/>\n\t<meta property=\"og:image:type\" content=\"image\/jpeg\" \/>\n<meta name=\"author\" content=\"elli\" \/>\n<meta name=\"twitter:card\" content=\"summary_large_image\" \/>\n<meta name=\"twitter:creator\" content=\"@elli\" \/>\n<script type=\"application\/ld+json\" class=\"yoast-schema-graph\">{\"@context\":\"https:\\\/\\\/schema.org\",\"@graph\":[{\"@type\":\"Article\",\"@id\":\"https:\\\/\\\/www.meydan.tv\\\/az\\\/article\\\/isden-cixarilan-muellim-ne-edim-gedib-dilenim\\\/#article\",\"isPartOf\":{\"@id\":\"https:\\\/\\\/www.meydan.tv\\\/az\\\/article\\\/isden-cixarilan-muellim-ne-edim-gedib-dilenim\\\/\"},\"author\":{\"name\":\"elli\",\"@id\":\"https:\\\/\\\/www.meydan.tv\\\/az\\\/#\\\/schema\\\/person\\\/9cdbecf90d17180ce1dfbd95b08dcf47\"},\"headline\":\"\u0130\u015fd\u0259n \u00e7\u0131xar\u0131lan m\u00fc\u0259llim: \u201cN\u0259 edim, gedib dil\u0259nim?\u201d\",\"datePublished\":\"2023-10-05T14:29:51+00:00\",\"dateModified\":\"2023-10-05T14:29:54+00:00\",\"mainEntityOfPage\":{\"@id\":\"https:\\\/\\\/www.meydan.tv\\\/az\\\/article\\\/isden-cixarilan-muellim-ne-edim-gedib-dilenim\\\/\"},\"wordCount\":1054,\"publisher\":{\"@id\":\"https:\\\/\\\/www.meydan.tv\\\/az\\\/#organization\"},\"image\":{\"@id\":\"https:\\\/\\\/www.meydan.tv\\\/az\\\/article\\\/isden-cixarilan-muellim-ne-edim-gedib-dilenim\\\/#primaryimage\"},\"thumbnailUrl\":\"https:\\\/\\\/www.meydan.tv\\\/wp-content\\\/uploads\\\/mktb.jpg\",\"articleSection\":[\"Sosial\",\"X\u0259b\u0259rl\u0259r\"],\"inLanguage\":\"az\"},{\"@type\":\"WebPage\",\"@id\":\"https:\\\/\\\/www.meydan.tv\\\/az\\\/article\\\/isden-cixarilan-muellim-ne-edim-gedib-dilenim\\\/\",\"url\":\"https:\\\/\\\/www.meydan.tv\\\/az\\\/article\\\/isden-cixarilan-muellim-ne-edim-gedib-dilenim\\\/\",\"name\":\"\u0130\u015fd\u0259n \u00e7\u0131xar\u0131lan m\u00fc\u0259llim: \u201cN\u0259 edim, gedib dil\u0259nim?\u201d - MEYDAN.TV\",\"isPartOf\":{\"@id\":\"https:\\\/\\\/www.meydan.tv\\\/az\\\/#website\"},\"primaryImageOfPage\":{\"@id\":\"https:\\\/\\\/www.meydan.tv\\\/az\\\/article\\\/isden-cixarilan-muellim-ne-edim-gedib-dilenim\\\/#primaryimage\"},\"image\":{\"@id\":\"https:\\\/\\\/www.meydan.tv\\\/az\\\/article\\\/isden-cixarilan-muellim-ne-edim-gedib-dilenim\\\/#primaryimage\"},\"thumbnailUrl\":\"https:\\\/\\\/www.meydan.tv\\\/wp-content\\\/uploads\\\/mktb.jpg\",\"datePublished\":\"2023-10-05T14:29:51+00:00\",\"dateModified\":\"2023-10-05T14:29:54+00:00\",\"breadcrumb\":{\"@id\":\"https:\\\/\\\/www.meydan.tv\\\/az\\\/article\\\/isden-cixarilan-muellim-ne-edim-gedib-dilenim\\\/#breadcrumb\"},\"inLanguage\":\"az\",\"potentialAction\":[{\"@type\":\"ReadAction\",\"target\":[\"https:\\\/\\\/www.meydan.tv\\\/az\\\/article\\\/isden-cixarilan-muellim-ne-edim-gedib-dilenim\\\/\"]}]},{\"@type\":\"ImageObject\",\"inLanguage\":\"az\",\"@id\":\"https:\\\/\\\/www.meydan.tv\\\/az\\\/article\\\/isden-cixarilan-muellim-ne-edim-gedib-dilenim\\\/#primaryimage\",\"url\":\"https:\\\/\\\/www.meydan.tv\\\/wp-content\\\/uploads\\\/mktb.jpg\",\"contentUrl\":\"https:\\\/\\\/www.meydan.tv\\\/wp-content\\\/uploads\\\/mktb.jpg\",\"width\":1000,\"height\":697,\"caption\":\"\u015e\u0259rti \u015f\u0259kil. Foto: arxiv\"},{\"@type\":\"BreadcrumbList\",\"@id\":\"https:\\\/\\\/www.meydan.tv\\\/az\\\/article\\\/isden-cixarilan-muellim-ne-edim-gedib-dilenim\\\/#breadcrumb\",\"itemListElement\":[{\"@type\":\"ListItem\",\"position\":1,\"name\":\"Ana s\u0259hif\u0259\",\"item\":\"https:\\\/\\\/www.meydan.tv\\\/az\\\/\"},{\"@type\":\"ListItem\",\"position\":2,\"name\":\"Sosial\",\"item\":\"https:\\\/\\\/www.meydan.tv\\\/az\\\/section\\\/sosial\\\/\"},{\"@type\":\"ListItem\",\"position\":3,\"name\":\"\u0130\u015fd\u0259n \u00e7\u0131xar\u0131lan m\u00fc\u0259llim: \u201cN\u0259 edim, gedib dil\u0259nim?\u201d\"}]},{\"@type\":\"WebSite\",\"@id\":\"https:\\\/\\\/www.meydan.tv\\\/az\\\/#website\",\"url\":\"https:\\\/\\\/www.meydan.tv\\\/az\\\/\",\"name\":\"MEYDAN.TV\",\"description\":\"Meydan TV Az\u0259rbaycan\u0131n media m\u0259kan\u0131ndak\u0131 alternativ s\u0259sidir\",\"publisher\":{\"@id\":\"https:\\\/\\\/www.meydan.tv\\\/az\\\/#organization\"},\"potentialAction\":[{\"@type\":\"SearchAction\",\"target\":{\"@type\":\"EntryPoint\",\"urlTemplate\":\"https:\\\/\\\/www.meydan.tv\\\/az\\\/?s={search_term_string}\"},\"query-input\":{\"@type\":\"PropertyValueSpecification\",\"valueRequired\":true,\"valueName\":\"search_term_string\"}}],\"inLanguage\":\"az\"},{\"@type\":\"Organization\",\"@id\":\"https:\\\/\\\/www.meydan.tv\\\/az\\\/#organization\",\"name\":\"Meydan TV\",\"url\":\"https:\\\/\\\/www.meydan.tv\\\/az\\\/\",\"logo\":{\"@type\":\"ImageObject\",\"inLanguage\":\"az\",\"@id\":\"https:\\\/\\\/www.meydan.tv\\\/az\\\/#\\\/schema\\\/logo\\\/image\\\/\",\"url\":\"https:\\\/\\\/www.meydan.tv\\\/wp-content\\\/uploads\\\/2021\\\/07\\\/meydan-logo.svg\",\"contentUrl\":\"https:\\\/\\\/www.meydan.tv\\\/wp-content\\\/uploads\\\/2021\\\/07\\\/meydan-logo.svg\",\"width\":195,\"height\":46,\"caption\":\"Meydan TV\"},\"image\":{\"@id\":\"https:\\\/\\\/www.meydan.tv\\\/az\\\/#\\\/schema\\\/logo\\\/image\\\/\"}},{\"@type\":\"Person\",\"@id\":\"https:\\\/\\\/www.meydan.tv\\\/az\\\/#\\\/schema\\\/person\\\/9cdbecf90d17180ce1dfbd95b08dcf47\",\"name\":\"elli\",\"sameAs\":[\"https:\\\/\\\/x.com\\\/elli\"]}]}<\/script>\n<!-- \/ Yoast SEO plugin. -->","yoast_head_json":{"title":"\u0130\u015fd\u0259n \u00e7\u0131xar\u0131lan m\u00fc\u0259llim: \u201cN\u0259 edim, gedib dil\u0259nim?\u201d - MEYDAN.TV","robots":{"index":"index","follow":"follow","max-snippet":"max-snippet:-1","max-image-preview":"max-image-preview:large","max-video-preview":"max-video-preview:-1"},"canonical":"https:\/\/www.meydan.tv\/az\/article\/isden-cixarilan-muellim-ne-edim-gedib-dilenim\/","og_locale":"az_AZ","og_type":"article","og_title":"\u0130\u015fd\u0259n \u00e7\u0131xar\u0131lan m\u00fc\u0259llim: \u201cN\u0259 edim, gedib dil\u0259nim?\u201d - MEYDAN.TV","og_description":"T\u0259hsil eksperti deyir ki, h\u0259r iki m\u00fc\u0259llim direktoru m\u0259hk\u0259m\u0259y\u0259 verm\u0259lidir ... Davam\u0131","og_url":"https:\/\/www.meydan.tv\/az\/article\/isden-cixarilan-muellim-ne-edim-gedib-dilenim\/","og_site_name":"MEYDAN.TV","article_published_time":"2023-10-05T14:29:51+00:00","article_modified_time":"2023-10-05T14:29:54+00:00","og_image":[{"width":1000,"height":697,"url":"https:\/\/www.meydan.tv\/wp-content\/uploads\/mktb.jpg","type":"image\/jpeg"}],"author":"elli","twitter_card":"summary_large_image","twitter_creator":"@elli","schema":{"@context":"https:\/\/schema.org","@graph":[{"@type":"Article","@id":"https:\/\/www.meydan.tv\/az\/article\/isden-cixarilan-muellim-ne-edim-gedib-dilenim\/#article","isPartOf":{"@id":"https:\/\/www.meydan.tv\/az\/article\/isden-cixarilan-muellim-ne-edim-gedib-dilenim\/"},"author":{"name":"elli","@id":"https:\/\/www.meydan.tv\/az\/#\/schema\/person\/9cdbecf90d17180ce1dfbd95b08dcf47"},"headline":"\u0130\u015fd\u0259n \u00e7\u0131xar\u0131lan m\u00fc\u0259llim: \u201cN\u0259 edim, gedib dil\u0259nim?\u201d","datePublished":"2023-10-05T14:29:51+00:00","dateModified":"2023-10-05T14:29:54+00:00","mainEntityOfPage":{"@id":"https:\/\/www.meydan.tv\/az\/article\/isden-cixarilan-muellim-ne-edim-gedib-dilenim\/"},"wordCount":1054,"publisher":{"@id":"https:\/\/www.meydan.tv\/az\/#organization"},"image":{"@id":"https:\/\/www.meydan.tv\/az\/article\/isden-cixarilan-muellim-ne-edim-gedib-dilenim\/#primaryimage"},"thumbnailUrl":"https:\/\/www.meydan.tv\/wp-content\/uploads\/mktb.jpg","articleSection":["Sosial","X\u0259b\u0259rl\u0259r"],"inLanguage":"az"},{"@type":"WebPage","@id":"https:\/\/www.meydan.tv\/az\/article\/isden-cixarilan-muellim-ne-edim-gedib-dilenim\/","url":"https:\/\/www.meydan.tv\/az\/article\/isden-cixarilan-muellim-ne-edim-gedib-dilenim\/","name":"\u0130\u015fd\u0259n \u00e7\u0131xar\u0131lan m\u00fc\u0259llim: \u201cN\u0259 edim, gedib dil\u0259nim?\u201d - MEYDAN.TV","isPartOf":{"@id":"https:\/\/www.meydan.tv\/az\/#website"},"primaryImageOfPage":{"@id":"https:\/\/www.meydan.tv\/az\/article\/isden-cixarilan-muellim-ne-edim-gedib-dilenim\/#primaryimage"},"image":{"@id":"https:\/\/www.meydan.tv\/az\/article\/isden-cixarilan-muellim-ne-edim-gedib-dilenim\/#primaryimage"},"thumbnailUrl":"https:\/\/www.meydan.tv\/wp-content\/uploads\/mktb.jpg","datePublished":"2023-10-05T14:29:51+00:00","dateModified":"2023-10-05T14:29:54+00:00","breadcrumb":{"@id":"https:\/\/www.meydan.tv\/az\/article\/isden-cixarilan-muellim-ne-edim-gedib-dilenim\/#breadcrumb"},"inLanguage":"az","potentialAction":[{"@type":"ReadAction","target":["https:\/\/www.meydan.tv\/az\/article\/isden-cixarilan-muellim-ne-edim-gedib-dilenim\/"]}]},{"@type":"ImageObject","inLanguage":"az","@id":"https:\/\/www.meydan.tv\/az\/article\/isden-cixarilan-muellim-ne-edim-gedib-dilenim\/#primaryimage","url":"https:\/\/www.meydan.tv\/wp-content\/uploads\/mktb.jpg","contentUrl":"https:\/\/www.meydan.tv\/wp-content\/uploads\/mktb.jpg","width":1000,"height":697,"caption":"\u015e\u0259rti \u015f\u0259kil. Foto: arxiv"},{"@type":"BreadcrumbList","@id":"https:\/\/www.meydan.tv\/az\/article\/isden-cixarilan-muellim-ne-edim-gedib-dilenim\/#breadcrumb","itemListElement":[{"@type":"ListItem","position":1,"name":"Ana s\u0259hif\u0259","item":"https:\/\/www.meydan.tv\/az\/"},{"@type":"ListItem","position":2,"name":"Sosial","item":"https:\/\/www.meydan.tv\/az\/section\/sosial\/"},{"@type":"ListItem","position":3,"name":"\u0130\u015fd\u0259n \u00e7\u0131xar\u0131lan m\u00fc\u0259llim: \u201cN\u0259 edim, gedib dil\u0259nim?\u201d"}]},{"@type":"WebSite","@id":"https:\/\/www.meydan.tv\/az\/#website","url":"https:\/\/www.meydan.tv\/az\/","name":"MEYDAN.TV","description":"Meydan TV Az\u0259rbaycan\u0131n media m\u0259kan\u0131ndak\u0131 alternativ s\u0259sidir","publisher":{"@id":"https:\/\/www.meydan.tv\/az\/#organization"},"potentialAction":[{"@type":"SearchAction","target":{"@type":"EntryPoint","urlTemplate":"https:\/\/www.meydan.tv\/az\/?s={search_term_string}"},"query-input":{"@type":"PropertyValueSpecification","valueRequired":true,"valueName":"search_term_string"}}],"inLanguage":"az"},{"@type":"Organization","@id":"https:\/\/www.meydan.tv\/az\/#organization","name":"Meydan TV","url":"https:\/\/www.meydan.tv\/az\/","logo":{"@type":"ImageObject","inLanguage":"az","@id":"https:\/\/www.meydan.tv\/az\/#\/schema\/logo\/image\/","url":"https:\/\/www.meydan.tv\/wp-content\/uploads\/2021\/07\/meydan-logo.svg","contentUrl":"https:\/\/www.meydan.tv\/wp-content\/uploads\/2021\/07\/meydan-logo.svg","width":195,"height":46,"caption":"Meydan TV"},"image":{"@id":"https:\/\/www.meydan.tv\/az\/#\/schema\/logo\/image\/"}},{"@type":"Person","@id":"https:\/\/www.meydan.tv\/az\/#\/schema\/person\/9cdbecf90d17180ce1dfbd95b08dcf47","name":"elli","sameAs":["https:\/\/x.com\/elli"]}]}},"_links":{"self":[{"href":"https:\/\/www.meydan.tv\/az\/wp-json\/wp\/v2\/posts\/287095","targetHints":{"allow":["GET"]}}],"collection":[{"href":"https:\/\/www.meydan.tv\/az\/wp-json\/wp\/v2\/posts"}],"about":[{"href":"https:\/\/www.meydan.tv\/az\/wp-json\/wp\/v2\/types\/post"}],"author":[{"embeddable":true,"href":"https:\/\/www.meydan.tv\/az\/wp-json\/wp\/v2\/users\/8"}],"replies":[{"embeddable":true,"href":"https:\/\/www.meydan.tv\/az\/wp-json\/wp\/v2\/comments?post=287095"}],"version-history":[{"count":3,"href":"https:\/\/www.meydan.tv\/az\/wp-json\/wp\/v2\/posts\/287095\/revisions"}],"predecessor-version":[{"id":287099,"href":"https:\/\/www.meydan.tv\/az\/wp-json\/wp\/v2\/posts\/287095\/revisions\/287099"}],"wp:featuredmedia":[{"embeddable":true,"href":"https:\/\/www.meydan.tv\/az\/wp-json\/wp\/v2\/media\/121530"}],"wp:attachment":[{"href":"https:\/\/www.meydan.tv\/az\/wp-json\/wp\/v2\/media?parent=287095"}],"wp:term":[{"taxonomy":"category","embeddable":true,"href":"https:\/\/www.meydan.tv\/az\/wp-json\/wp\/v2\/categories?post=287095"},{"taxonomy":"post_tag","embeddable":true,"href":"https:\/\/www.meydan.tv\/az\/wp-json\/wp\/v2\/tags?post=287095"}],"curies":[{"name":"wp","href":"https:\/\/api.w.org\/{rel}","templated":true}]}}