{"id":286946,"date":"2023-10-04T17:13:57","date_gmt":"2023-10-04T13:13:57","guid":{"rendered":"https:\/\/www.meydan.tv\/?p=286946"},"modified":"2023-10-04T17:13:59","modified_gmt":"2023-10-04T13:13:59","slug":"12-ci-imam-mehdinin-mehkeme-isi-prokurordan-13-il-hebs-cezasi-telebi","status":"publish","type":"post","link":"https:\/\/www.meydan.tv\/az\/article\/12-ci-imam-mehdinin-mehkeme-isi-prokurordan-13-il-hebs-cezasi-telebi\/","title":{"rendered":"\u201c12-ci \u0130mam Mehdi\u201dnin m\u0259hk\u0259m\u0259 i\u015fi: prokurordan 13 il h\u0259bs c\u0259zas\u0131 t\u0259l\u0259bi"},"content":{"rendered":"\n<p><\/p>\n\n\n\n<p><strong><em>1 ild\u0259n art\u0131q davam ed\u0259n m\u0259hk\u0259m\u0259 istintaq\u0131 yekunla\u015f\u0131b<\/em><\/strong><\/p>\n\n\n\n<p>\u00d6z\u00fcn\u00fc \u201cz\u00fchur etmi\u015f 12-ci \u0130mam Mehdi&#8221; kimi t\u0259qdim ed\u0259r\u0259k, z\u0259kat, yard\u0131m ad\u0131 alt\u0131nda ill\u0259rl\u0259 adamlardan pullar toplay\u0131b d\u0259l\u0259duzluq etm\u0259kd\u0259 ittiham olunan sahibkar Aqil Babayevin i\u015fi \u00fczr\u0259 m\u0259hk\u0259m\u0259 istintaq\u0131 tamamlan\u0131b. Bu i\u015f\u0259 1 il 3 ayd\u0131r ki, Bak\u0131 A\u011f\u0131r Cinay\u0259tl\u0259r M\u0259hk\u0259m\u0259sind\u0259 Eldar \u0130smay\u0131lovun s\u0259drlik etdiyi hakiml\u0259r kollegiyas\u0131 bax\u0131r.<\/p>\n\n\n\n<p>Oktyabr\u0131n 4-d\u0259 ke\u00e7iril\u0259n iclasda m\u0259hk\u0259m\u0259 istintaq\u0131n\u0131n yekunla\u015fd\u0131\u011f\u0131 elan olunub v\u0259 \u00e7\u0131x\u0131\u015flar m\u0259rh\u0259l\u0259si ba\u015flay\u0131b. Prokuror \u00e7\u0131x\u0131\u015f ed\u0259r\u0259k, Aqil Babayevin 13 il azadl\u0131qdan m\u0259hrum edilm\u0259sini ist\u0259yib.<\/p>\n\n\n\n<p>Prokuror bildirib ki, Aqil Babayev\u0259 qar\u015f\u0131 ittiham &#8211; onun \u00f6z\u00fcn\u00fc z\u00fchur etmi\u015f \u201c12-ci \u0130mam Mehdi\u201d kimi t\u0259qdim ed\u0259r\u0259k, insanlar\u0131 aldad\u0131b, onlar\u0131n pullar\u0131n\u0131, \u0259mlaklar\u0131n\u0131 \u0259l\u0259 ke\u00e7irm\u0259si m\u0259hk\u0259m\u0259 istintaq\u0131 zaman\u0131 t\u0259sdiqini tap\u0131b.<\/p>\n\n\n\n<p>M\u0259hk\u0259m\u0259 prosesi oktyabr\u0131n 18-d\u0259 v\u0259kill\u0259rin \u00e7\u0131x\u0131\u015f\u0131yla davam ed\u0259c\u0259k. Ard\u0131nca Aqil Babayev \u00f6z\u00fc son s\u00f6z\u00fcn\u00fc dey\u0259c\u0259k. Daha sonra h\u00f6km oxunacaq.<\/p>\n\n\n\n<p>Aqil Babayev Cinay\u0259t M\u0259c\u0259ll\u0259sinin 178.4-c\u00fc (d\u0259l\u0259duzluq &#8211; x\u00fcsusil\u0259 k\u00fclli miqdarda ziyan vurmaqla t\u00f6r\u0259dildikd\u0259) madd\u0259si il\u0259 ittiham olunur. Bu madd\u0259d\u0259 10 ild\u0259n 14 il\u0259 q\u0259d\u0259r azadl\u0131qdan m\u0259hrumetm\u0259 c\u0259zas\u0131 n\u0259z\u0259rd\u0259 tutulub.<\/p>\n\n\n\n<p>Lakin o, ittiham\u0131 q\u0259bul etmir. Aqil Babayev bildirib ki, \u201cShaurma N1\u201d restoranlar \u015f\u0259b\u0259k\u0259sinin \u015f\u0259rikl\u0259rind\u0259n biri olub v\u0259 oradak\u0131 pay\u0131n\u0131, pullar\u0131n\u0131 \u0259l\u0259 ke\u00e7irm\u0259k \u00fc\u00e7\u00fcn absurd ittihamla h\u0259bs olunub.<\/p>\n\n\n\n<p>Onun s\u00f6zl\u0259rin\u0259 g\u00f6r\u0259, 2021-ci il iyulun 8-d\u0259 ba\u011f evind\u0259 bir qrup \u015f\u0259xs t\u0259r\u0259find\u0259n d\u00f6y\u00fcl\u00fcb, \u0259l-qolunu ba\u011flay\u0131b, ondan pullar\u0131n\u0131 v\u0259 pay\u0131n\u0131 t\u0259l\u0259b edibl\u0259r. Daha sonra h\u0259min \u015f\u0259xsl\u0259r \u018fhm\u0259dli q\u0259s\u0259b\u0259sind\u0259 yerl\u0259\u015f\u0259n ev\u0259 g\u0259l\u0259r\u0259k, oradan t\u0259xmin\u0259n 9 milyon manata yax\u0131n pul v\u0259 2 milyon d\u0259y\u0259ri olan q\u0131z\u0131l k\u00fcl\u00e7\u0259l\u0259ri g\u00f6t\u00fcr\u00fcb apar\u0131blar. Ert\u0259si g\u00fcn Aqil Babayev ba\u015f ver\u0259nl\u0259rl\u0259 \u0259laq\u0259dar polis\u0259 \u015fikay\u0259t edib:<\/p>\n\n\n\n<p><em>\u201cM\u0259nim \u015fikay\u0259timi ara\u015fd\u0131rmaq \u0259v\u0259zin\u0259 \u00f6z\u00fcm haqq\u0131nda absurd cinay\u0259t i\u015fi ba\u015flad\u0131lar\u201d.<\/em><\/p>\n","protected":false},"excerpt":{"rendered":"<p>1 ild\u0259n art\u0131q davam ed\u0259n m\u0259hk\u0259m\u0259 istintaq\u0131 yekunla\u015f\u0131b \u00d6z\u00fcn\u00fc \u201cz\u00fchur &#8230; <\/p>\n<p class=\"read-more-container\"><a title=\"\u201c12-ci \u0130mam Mehdi\u201dnin m\u0259hk\u0259m\u0259 i\u015fi: prokurordan 13 il h\u0259bs c\u0259zas\u0131 t\u0259l\u0259bi\" class=\"read-more button\" href=\"https:\/\/www.meydan.tv\/az\/article\/12-ci-imam-mehdinin-mehkeme-isi-prokurordan-13-il-hebs-cezasi-telebi\/#more-286946\" aria-label=\"Read more about \u201c12-ci \u0130mam Mehdi\u201dnin m\u0259hk\u0259m\u0259 i\u015fi: prokurordan 13 il h\u0259bs c\u0259zas\u0131 t\u0259l\u0259bi\">Davam\u0131<\/a><\/p>\n","protected":false},"author":8,"featured_media":0,"comment_status":"closed","ping_status":"closed","sticky":false,"template":"","format":"standard","meta":{"_acf_changed":false,"_sitemap_exclude":false,"_sitemap_priority":"","_sitemap_frequency":"","footnotes":""},"categories":[62,56],"tags":[],"class_list":["post-286946","post","type-post","status-publish","format-standard","hentry","category-sosial","category-xeberler","infinite-scroll-item","generate-columns","tablet-grid-50","mobile-grid-100","grid-parent","grid-33","no-featured-image-padding"],"acf":[],"yoast_head":"<!-- This site is optimized with the Yoast SEO plugin v27.5 - https:\/\/yoast.com\/product\/yoast-seo-wordpress\/ -->\n<title>\u201c12-ci \u0130mam Mehdi\u201dnin m\u0259hk\u0259m\u0259 i\u015fi: prokurordan 13 il h\u0259bs c\u0259zas\u0131 t\u0259l\u0259bi - MEYDAN.TV<\/title>\n<meta name=\"robots\" content=\"index, follow, max-snippet:-1, max-image-preview:large, max-video-preview:-1\" \/>\n<link rel=\"canonical\" href=\"https:\/\/www.meydan.tv\/az\/article\/12-ci-imam-mehdinin-mehkeme-isi-prokurordan-13-il-hebs-cezasi-telebi\/\" \/>\n<meta property=\"og:locale\" content=\"az_AZ\" \/>\n<meta property=\"og:type\" content=\"article\" \/>\n<meta property=\"og:title\" content=\"\u201c12-ci \u0130mam Mehdi\u201dnin m\u0259hk\u0259m\u0259 i\u015fi: prokurordan 13 il h\u0259bs c\u0259zas\u0131 t\u0259l\u0259bi - MEYDAN.TV\" \/>\n<meta property=\"og:description\" content=\"1 ild\u0259n art\u0131q davam ed\u0259n m\u0259hk\u0259m\u0259 istintaq\u0131 yekunla\u015f\u0131b \u00d6z\u00fcn\u00fc \u201cz\u00fchur ... Davam\u0131\" \/>\n<meta property=\"og:url\" content=\"https:\/\/www.meydan.tv\/az\/article\/12-ci-imam-mehdinin-mehkeme-isi-prokurordan-13-il-hebs-cezasi-telebi\/\" \/>\n<meta property=\"og:site_name\" content=\"MEYDAN.TV\" \/>\n<meta property=\"article:published_time\" content=\"2023-10-04T13:13:57+00:00\" \/>\n<meta property=\"article:modified_time\" content=\"2023-10-04T13:13:59+00:00\" \/>\n<meta property=\"og:image\" content=\"https:\/\/www.meydan.tv\/wp-content\/uploads\/1055579-e1661273767429.jpg\" \/>\n\t<meta property=\"og:image:width\" content=\"1200\" \/>\n\t<meta property=\"og:image:height\" content=\"513\" \/>\n\t<meta property=\"og:image:type\" content=\"image\/jpeg\" \/>\n<meta name=\"author\" content=\"elli\" \/>\n<meta name=\"twitter:card\" content=\"summary_large_image\" \/>\n<meta name=\"twitter:creator\" content=\"@elli\" \/>\n<script type=\"application\/ld+json\" class=\"yoast-schema-graph\">{\"@context\":\"https:\\\/\\\/schema.org\",\"@graph\":[{\"@type\":\"Article\",\"@id\":\"https:\\\/\\\/www.meydan.tv\\\/az\\\/article\\\/12-ci-imam-mehdinin-mehkeme-isi-prokurordan-13-il-hebs-cezasi-telebi\\\/#article\",\"isPartOf\":{\"@id\":\"https:\\\/\\\/www.meydan.tv\\\/az\\\/article\\\/12-ci-imam-mehdinin-mehkeme-isi-prokurordan-13-il-hebs-cezasi-telebi\\\/\"},\"author\":{\"name\":\"elli\",\"@id\":\"https:\\\/\\\/www.meydan.tv\\\/az\\\/#\\\/schema\\\/person\\\/9cdbecf90d17180ce1dfbd95b08dcf47\"},\"headline\":\"\u201c12-ci \u0130mam Mehdi\u201dnin m\u0259hk\u0259m\u0259 i\u015fi: prokurordan 13 il h\u0259bs c\u0259zas\u0131 t\u0259l\u0259bi\",\"datePublished\":\"2023-10-04T13:13:57+00:00\",\"dateModified\":\"2023-10-04T13:13:59+00:00\",\"mainEntityOfPage\":{\"@id\":\"https:\\\/\\\/www.meydan.tv\\\/az\\\/article\\\/12-ci-imam-mehdinin-mehkeme-isi-prokurordan-13-il-hebs-cezasi-telebi\\\/\"},\"wordCount\":431,\"publisher\":{\"@id\":\"https:\\\/\\\/www.meydan.tv\\\/az\\\/#organization\"},\"articleSection\":[\"Sosial\",\"X\u0259b\u0259rl\u0259r\"],\"inLanguage\":\"az\"},{\"@type\":\"WebPage\",\"@id\":\"https:\\\/\\\/www.meydan.tv\\\/az\\\/article\\\/12-ci-imam-mehdinin-mehkeme-isi-prokurordan-13-il-hebs-cezasi-telebi\\\/\",\"url\":\"https:\\\/\\\/www.meydan.tv\\\/az\\\/article\\\/12-ci-imam-mehdinin-mehkeme-isi-prokurordan-13-il-hebs-cezasi-telebi\\\/\",\"name\":\"\u201c12-ci \u0130mam Mehdi\u201dnin m\u0259hk\u0259m\u0259 i\u015fi: prokurordan 13 il h\u0259bs c\u0259zas\u0131 t\u0259l\u0259bi - MEYDAN.TV\",\"isPartOf\":{\"@id\":\"https:\\\/\\\/www.meydan.tv\\\/az\\\/#website\"},\"datePublished\":\"2023-10-04T13:13:57+00:00\",\"dateModified\":\"2023-10-04T13:13:59+00:00\",\"breadcrumb\":{\"@id\":\"https:\\\/\\\/www.meydan.tv\\\/az\\\/article\\\/12-ci-imam-mehdinin-mehkeme-isi-prokurordan-13-il-hebs-cezasi-telebi\\\/#breadcrumb\"},\"inLanguage\":\"az\",\"potentialAction\":[{\"@type\":\"ReadAction\",\"target\":[\"https:\\\/\\\/www.meydan.tv\\\/az\\\/article\\\/12-ci-imam-mehdinin-mehkeme-isi-prokurordan-13-il-hebs-cezasi-telebi\\\/\"]}]},{\"@type\":\"BreadcrumbList\",\"@id\":\"https:\\\/\\\/www.meydan.tv\\\/az\\\/article\\\/12-ci-imam-mehdinin-mehkeme-isi-prokurordan-13-il-hebs-cezasi-telebi\\\/#breadcrumb\",\"itemListElement\":[{\"@type\":\"ListItem\",\"position\":1,\"name\":\"Ana s\u0259hif\u0259\",\"item\":\"https:\\\/\\\/www.meydan.tv\\\/az\\\/\"},{\"@type\":\"ListItem\",\"position\":2,\"name\":\"Sosial\",\"item\":\"https:\\\/\\\/www.meydan.tv\\\/az\\\/section\\\/sosial\\\/\"},{\"@type\":\"ListItem\",\"position\":3,\"name\":\"\u201c12-ci \u0130mam Mehdi\u201dnin m\u0259hk\u0259m\u0259 i\u015fi: prokurordan 13 il h\u0259bs c\u0259zas\u0131 t\u0259l\u0259bi\"}]},{\"@type\":\"WebSite\",\"@id\":\"https:\\\/\\\/www.meydan.tv\\\/az\\\/#website\",\"url\":\"https:\\\/\\\/www.meydan.tv\\\/az\\\/\",\"name\":\"MEYDAN.TV\",\"description\":\"Meydan TV Az\u0259rbaycan\u0131n media m\u0259kan\u0131ndak\u0131 alternativ s\u0259sidir\",\"publisher\":{\"@id\":\"https:\\\/\\\/www.meydan.tv\\\/az\\\/#organization\"},\"potentialAction\":[{\"@type\":\"SearchAction\",\"target\":{\"@type\":\"EntryPoint\",\"urlTemplate\":\"https:\\\/\\\/www.meydan.tv\\\/az\\\/?s={search_term_string}\"},\"query-input\":{\"@type\":\"PropertyValueSpecification\",\"valueRequired\":true,\"valueName\":\"search_term_string\"}}],\"inLanguage\":\"az\"},{\"@type\":\"Organization\",\"@id\":\"https:\\\/\\\/www.meydan.tv\\\/az\\\/#organization\",\"name\":\"Meydan TV\",\"url\":\"https:\\\/\\\/www.meydan.tv\\\/az\\\/\",\"logo\":{\"@type\":\"ImageObject\",\"inLanguage\":\"az\",\"@id\":\"https:\\\/\\\/www.meydan.tv\\\/az\\\/#\\\/schema\\\/logo\\\/image\\\/\",\"url\":\"https:\\\/\\\/www.meydan.tv\\\/wp-content\\\/uploads\\\/2021\\\/07\\\/meydan-logo.svg\",\"contentUrl\":\"https:\\\/\\\/www.meydan.tv\\\/wp-content\\\/uploads\\\/2021\\\/07\\\/meydan-logo.svg\",\"width\":195,\"height\":46,\"caption\":\"Meydan TV\"},\"image\":{\"@id\":\"https:\\\/\\\/www.meydan.tv\\\/az\\\/#\\\/schema\\\/logo\\\/image\\\/\"}},{\"@type\":\"Person\",\"@id\":\"https:\\\/\\\/www.meydan.tv\\\/az\\\/#\\\/schema\\\/person\\\/9cdbecf90d17180ce1dfbd95b08dcf47\",\"name\":\"elli\",\"sameAs\":[\"https:\\\/\\\/x.com\\\/elli\"]}]}<\/script>\n<!-- \/ Yoast SEO plugin. -->","yoast_head_json":{"title":"\u201c12-ci \u0130mam Mehdi\u201dnin m\u0259hk\u0259m\u0259 i\u015fi: prokurordan 13 il h\u0259bs c\u0259zas\u0131 t\u0259l\u0259bi - MEYDAN.TV","robots":{"index":"index","follow":"follow","max-snippet":"max-snippet:-1","max-image-preview":"max-image-preview:large","max-video-preview":"max-video-preview:-1"},"canonical":"https:\/\/www.meydan.tv\/az\/article\/12-ci-imam-mehdinin-mehkeme-isi-prokurordan-13-il-hebs-cezasi-telebi\/","og_locale":"az_AZ","og_type":"article","og_title":"\u201c12-ci \u0130mam Mehdi\u201dnin m\u0259hk\u0259m\u0259 i\u015fi: prokurordan 13 il h\u0259bs c\u0259zas\u0131 t\u0259l\u0259bi - MEYDAN.TV","og_description":"1 ild\u0259n art\u0131q davam ed\u0259n m\u0259hk\u0259m\u0259 istintaq\u0131 yekunla\u015f\u0131b \u00d6z\u00fcn\u00fc \u201cz\u00fchur ... Davam\u0131","og_url":"https:\/\/www.meydan.tv\/az\/article\/12-ci-imam-mehdinin-mehkeme-isi-prokurordan-13-il-hebs-cezasi-telebi\/","og_site_name":"MEYDAN.TV","article_published_time":"2023-10-04T13:13:57+00:00","article_modified_time":"2023-10-04T13:13:59+00:00","og_image":[{"width":1200,"height":513,"url":"https:\/\/www.meydan.tv\/wp-content\/uploads\/1055579-e1661273767429.jpg","type":"image\/jpeg"}],"author":"elli","twitter_card":"summary_large_image","twitter_creator":"@elli","schema":{"@context":"https:\/\/schema.org","@graph":[{"@type":"Article","@id":"https:\/\/www.meydan.tv\/az\/article\/12-ci-imam-mehdinin-mehkeme-isi-prokurordan-13-il-hebs-cezasi-telebi\/#article","isPartOf":{"@id":"https:\/\/www.meydan.tv\/az\/article\/12-ci-imam-mehdinin-mehkeme-isi-prokurordan-13-il-hebs-cezasi-telebi\/"},"author":{"name":"elli","@id":"https:\/\/www.meydan.tv\/az\/#\/schema\/person\/9cdbecf90d17180ce1dfbd95b08dcf47"},"headline":"\u201c12-ci \u0130mam Mehdi\u201dnin m\u0259hk\u0259m\u0259 i\u015fi: prokurordan 13 il h\u0259bs c\u0259zas\u0131 t\u0259l\u0259bi","datePublished":"2023-10-04T13:13:57+00:00","dateModified":"2023-10-04T13:13:59+00:00","mainEntityOfPage":{"@id":"https:\/\/www.meydan.tv\/az\/article\/12-ci-imam-mehdinin-mehkeme-isi-prokurordan-13-il-hebs-cezasi-telebi\/"},"wordCount":431,"publisher":{"@id":"https:\/\/www.meydan.tv\/az\/#organization"},"articleSection":["Sosial","X\u0259b\u0259rl\u0259r"],"inLanguage":"az"},{"@type":"WebPage","@id":"https:\/\/www.meydan.tv\/az\/article\/12-ci-imam-mehdinin-mehkeme-isi-prokurordan-13-il-hebs-cezasi-telebi\/","url":"https:\/\/www.meydan.tv\/az\/article\/12-ci-imam-mehdinin-mehkeme-isi-prokurordan-13-il-hebs-cezasi-telebi\/","name":"\u201c12-ci \u0130mam Mehdi\u201dnin m\u0259hk\u0259m\u0259 i\u015fi: prokurordan 13 il h\u0259bs c\u0259zas\u0131 t\u0259l\u0259bi - MEYDAN.TV","isPartOf":{"@id":"https:\/\/www.meydan.tv\/az\/#website"},"datePublished":"2023-10-04T13:13:57+00:00","dateModified":"2023-10-04T13:13:59+00:00","breadcrumb":{"@id":"https:\/\/www.meydan.tv\/az\/article\/12-ci-imam-mehdinin-mehkeme-isi-prokurordan-13-il-hebs-cezasi-telebi\/#breadcrumb"},"inLanguage":"az","potentialAction":[{"@type":"ReadAction","target":["https:\/\/www.meydan.tv\/az\/article\/12-ci-imam-mehdinin-mehkeme-isi-prokurordan-13-il-hebs-cezasi-telebi\/"]}]},{"@type":"BreadcrumbList","@id":"https:\/\/www.meydan.tv\/az\/article\/12-ci-imam-mehdinin-mehkeme-isi-prokurordan-13-il-hebs-cezasi-telebi\/#breadcrumb","itemListElement":[{"@type":"ListItem","position":1,"name":"Ana s\u0259hif\u0259","item":"https:\/\/www.meydan.tv\/az\/"},{"@type":"ListItem","position":2,"name":"Sosial","item":"https:\/\/www.meydan.tv\/az\/section\/sosial\/"},{"@type":"ListItem","position":3,"name":"\u201c12-ci \u0130mam Mehdi\u201dnin m\u0259hk\u0259m\u0259 i\u015fi: prokurordan 13 il h\u0259bs c\u0259zas\u0131 t\u0259l\u0259bi"}]},{"@type":"WebSite","@id":"https:\/\/www.meydan.tv\/az\/#website","url":"https:\/\/www.meydan.tv\/az\/","name":"MEYDAN.TV","description":"Meydan TV Az\u0259rbaycan\u0131n media m\u0259kan\u0131ndak\u0131 alternativ s\u0259sidir","publisher":{"@id":"https:\/\/www.meydan.tv\/az\/#organization"},"potentialAction":[{"@type":"SearchAction","target":{"@type":"EntryPoint","urlTemplate":"https:\/\/www.meydan.tv\/az\/?s={search_term_string}"},"query-input":{"@type":"PropertyValueSpecification","valueRequired":true,"valueName":"search_term_string"}}],"inLanguage":"az"},{"@type":"Organization","@id":"https:\/\/www.meydan.tv\/az\/#organization","name":"Meydan TV","url":"https:\/\/www.meydan.tv\/az\/","logo":{"@type":"ImageObject","inLanguage":"az","@id":"https:\/\/www.meydan.tv\/az\/#\/schema\/logo\/image\/","url":"https:\/\/www.meydan.tv\/wp-content\/uploads\/2021\/07\/meydan-logo.svg","contentUrl":"https:\/\/www.meydan.tv\/wp-content\/uploads\/2021\/07\/meydan-logo.svg","width":195,"height":46,"caption":"Meydan TV"},"image":{"@id":"https:\/\/www.meydan.tv\/az\/#\/schema\/logo\/image\/"}},{"@type":"Person","@id":"https:\/\/www.meydan.tv\/az\/#\/schema\/person\/9cdbecf90d17180ce1dfbd95b08dcf47","name":"elli","sameAs":["https:\/\/x.com\/elli"]}]}},"_links":{"self":[{"href":"https:\/\/www.meydan.tv\/az\/wp-json\/wp\/v2\/posts\/286946","targetHints":{"allow":["GET"]}}],"collection":[{"href":"https:\/\/www.meydan.tv\/az\/wp-json\/wp\/v2\/posts"}],"about":[{"href":"https:\/\/www.meydan.tv\/az\/wp-json\/wp\/v2\/types\/post"}],"author":[{"embeddable":true,"href":"https:\/\/www.meydan.tv\/az\/wp-json\/wp\/v2\/users\/8"}],"replies":[{"embeddable":true,"href":"https:\/\/www.meydan.tv\/az\/wp-json\/wp\/v2\/comments?post=286946"}],"version-history":[{"count":3,"href":"https:\/\/www.meydan.tv\/az\/wp-json\/wp\/v2\/posts\/286946\/revisions"}],"predecessor-version":[{"id":286949,"href":"https:\/\/www.meydan.tv\/az\/wp-json\/wp\/v2\/posts\/286946\/revisions\/286949"}],"wp:attachment":[{"href":"https:\/\/www.meydan.tv\/az\/wp-json\/wp\/v2\/media?parent=286946"}],"wp:term":[{"taxonomy":"category","embeddable":true,"href":"https:\/\/www.meydan.tv\/az\/wp-json\/wp\/v2\/categories?post=286946"},{"taxonomy":"post_tag","embeddable":true,"href":"https:\/\/www.meydan.tv\/az\/wp-json\/wp\/v2\/tags?post=286946"}],"curies":[{"name":"wp","href":"https:\/\/api.w.org\/{rel}","templated":true}]}}