{"id":286944,"date":"2023-10-04T17:04:22","date_gmt":"2023-10-04T13:04:22","guid":{"rendered":"https:\/\/www.meydan.tv\/?p=286944"},"modified":"2023-10-04T17:18:46","modified_gmt":"2023-10-04T13:18:46","slug":"nermin-isinde-hakime-siz-ozunuz-de-o-zaman-ilkinin-bedenindeki-isgence-izlerini-gormusdunuz","status":"publish","type":"post","link":"https:\/\/www.meydan.tv\/az\/article\/nermin-isinde-hakime-siz-ozunuz-de-o-zaman-ilkinin-bedenindeki-isgence-izlerini-gormusdunuz\/","title":{"rendered":"&#8220;N\u0259rmin i\u015fi&#8221;nd\u0259 hakim\u0259: &#8220;Siz \u00f6z\u00fcn\u00fcz d\u0259 o zaman \u0130lkinin b\u0259d\u0259nind\u0259ki i\u015fg\u0259nc\u0259 izl\u0259rini g\u00f6rm\u00fc\u015fd\u00fcn\u00fcz&#8230;&#8221;"},"content":{"rendered":"\n<p><\/p>\n\n\n\n<p><strong><em>Qanunda z\u0259r\u0259r\u00e7\u0259kmi\u015fin d\u00f6vl\u0259t hesab\u0131na v\u0259kill\u0259 t\u0259min olunmas\u0131 n\u0259z\u0259rd\u0259 tutulmasa da, hakim \u015e\u0259rif Quliyev\u0259 s\u00f6z verdi<\/em><\/strong><\/p>\n\n\n\n<p>Tovuz rayonunun Dondar Qu\u015f\u00e7u k\u0259ndind\u0259 2019-cu il noyabr\u0131n 21-d\u0259 11 ya\u015fl\u0131 N\u0259rmin Quliyevan\u0131n itkin d\u00fc\u015fm\u0259si, 47 g\u00fcn sonra k\u0259ndd\u0259 yand\u0131r\u0131lm\u0131\u015f meyitin tap\u0131lmas\u0131yla ba\u011fl\u0131 cinay\u0259t i\u015fi haz\u0131rda G\u0259nc\u0259 Apelyasiya M\u0259hk\u0259m\u0259sinin icraat\u0131ndad\u0131r. Azya\u015fl\u0131n\u0131 o\u011furlay\u0131b \u00f6ld\u00fcrm\u0259kd\u0259, meyiti is\u0259 yand\u0131rmaqda ittiham olunaraq, 18 il azadl\u0131qdan m\u0259hrum edilmi\u015f \u0130lkin S\u00fcleymanov v\u0259 onun v\u0259kill\u0259ri ist\u0259yir ki, onlar\u0131n h\u00f6kmd\u0259n verdiyi apelyasiya \u015fikay\u0259tin\u0259 m\u0259hk\u0259m\u0259 istintaq\u0131 apar\u0131lmaqla bax\u0131ls\u0131n &#8211; \u015fahidl\u0259r dindirilsin, s\u00fcbutlar ara\u015fd\u0131r\u0131ls\u0131n. \u00dcst\u0259lik, jurnalistl\u0259r\u0259 d\u0259 Apelyasiya m\u0259hk\u0259m\u0259sind\u0259 audio v\u0259 video yaz\u0131 aparmaq imkan\u0131 yarad\u0131ls\u0131n. <\/p>\n\n\n\n<p>V\u0259kil \u018flibaba Rzayev oktyabr\u0131n 3-d\u0259 G\u0259nc\u0259 Apelyasiya M\u0259hk\u0259m\u0259sind\u0259 bu bar\u0259d\u0259 v\u0259sat\u0259tl\u0259r qald\u0131r\u0131b.<\/p>\n\n\n\n<p>&#8220;<em>Demirl\u0259r ki, \u0130lkin S\u00fcleymanov cinay\u0259tkard\u0131r, bu i\u015fi g\u00f6r\u00fcb, faktlarla, s\u00fcbutlarla ortaya qoyulsun, m\u0259hk\u0259m\u0259d\u0259n g\u00f6r\u00fcnt\u00fcl\u0259rl\u0259 verilsin. \u0130ctimaiyy\u0259t bilsin ki, n\u0259 oldu bu m\u0259hk\u0259m\u0259d\u0259. \u0130lkinin g\u00fcnah\u0131 var, yoxsa yox. G\u0259nc\u0259 A\u011f\u0131r Cinay\u0259tl\u0259r M\u0259hk\u0259m\u0259sind\u0259 h\u00f6km\u00fc al\u0131b oxuyanda, protokollarla tan\u0131\u015f olanda m\u0259lum olur ki, \u015fahidl\u0259rin ifad\u0259l\u0259ri saxtala\u015fd\u0131r\u0131l\u0131b, adamlar\u0131n dedikl\u0259ri fikirl\u0259r t\u0259hrif olunub&#8221;, &#8211; <\/em>v\u0259kil \u018flibaba Rzayev bildirib.<\/p>\n\n\n\n<p>Z\u0259r\u0259r\u00e7\u0259kmi\u015fin h\u00fcquqi varisi &#8211; N\u0259rminin atas\u0131 \u015e\u0259rif Quliyev d\u0259, prokuror da jurnalistl\u0259rin audio yaz\u0131 aparmas\u0131na, \u00e7\u0259kili\u015f etm\u0259sin\u0259 etiraz edib. Teyyub Muxtarovun s\u0259drlik etdiyi hakiml\u0259r kollegiyas\u0131n\u0131n \u00fczvl\u0259ri d\u0259 bu cinay\u0259t i\u015fi \u00fczr\u0259 birinci instansiya m\u0259hk\u0259m\u0259sind\u0259 ara\u015fd\u0131rmalar\u0131n iki il \u00e7\u0259km\u0259sind\u0259 median\u0131 ittiham edib.<\/p>\n\n\n<div class=\"wp-block-image\">\n<figure class=\"aligncenter size-full\"><img decoding=\"async\" width=\"1200\" height=\"718\" data-src=\"https:\/\/www.meydan.tv\/wp-content\/uploads\/photo-2023-05-04-11-57-37.jpg\" alt=\"\" class=\"wp-image-274275 lazyload\" src=\"data:image\/svg+xml;base64,PHN2ZyB3aWR0aD0iMSIgaGVpZ2h0PSIxIiB4bWxucz0iaHR0cDovL3d3dy53My5vcmcvMjAwMC9zdmciPjwvc3ZnPg==\" style=\"--smush-placeholder-width: 1200px; --smush-placeholder-aspect-ratio: 1200\/718;\" \/><figcaption class=\"wp-element-caption\">\u018flibaba Rzayev. Foto: Meydan TV<\/figcaption><\/figure>\n<\/div>\n\n\n<p>Video\u00e7\u0259kili\u015fin z\u0259ruriliyi m\u0259s\u0259l\u0259sini v\u0259kil bir d\u0259 bel\u0259 \u0259sasland\u0131r\u0131b:<\/p>\n\n\n\n<p><em>&#8220;Biz 2020-ci ilin yanvar\u0131nda \u0130lkin S\u00fcleymanov haqq\u0131nda h\u0259bs q\u0259rar\u0131ndan apelyasiya \u015fikay\u0259ti ver\u0259nd\u0259 h\u0259min \u015fikay\u0259t\u0259 Bak\u0131da Sabun\u00e7u Rayon M\u0259hk\u0259m\u0259sinin binas\u0131nda siz bax\u0131rd\u0131n\u0131z. H\u0259min vaxt \u0130lkin S\u00fcleymanov bu cinay\u0259tin onun boynuna i\u015fg\u0259nc\u0259 yoluyla qoyuldu\u011funu bildirdi v\u0259 b\u0259d\u0259nind\u0259ki i\u015fg\u0259nc\u0259 izl\u0259rini d\u0259 g\u00f6st\u0259rdi. Siz \u00f6z\u00fcn\u00fcz d\u0259 o zaman g\u00f6rd\u00fcn\u00fcz. Amma sonradan biz m\u0259hk\u0259m\u0259d\u0259n o g\u00f6r\u00fcnt\u00fcl\u0259ri ala bilm\u0259dik. Prokurorlu\u011fa i\u015fg\u0259nc\u0259d\u0259n \u015fikay\u0259t ver\u0259nd\u0259 Sabun\u00e7u Rayon M\u0259hk\u0259m\u0259sin\u0259 m\u00fcraci\u0259t etdik ki, biz\u0259 h\u0259min g\u00fcn o zalda olan videog\u00f6r\u00fcnt\u00fcl\u0259r verilsin. Dedil\u0259r ki, yoxdur, olmay\u0131b. Bu m\u0259hk\u0259m\u0259d\u0259 olanlar\u0131 sabah biz nec\u0259 s\u00fcbut ed\u0259c\u0259yik?&#8221;<\/em>.<\/p>\n\n\n\n<p>V\u0259kilin arqumentl\u0259rin\u0259 baxmayaraq, m\u0259hk\u0259m\u0259 q\u0259rar\u0131n\u0131 d\u0259yi\u015fm\u0259yib &#8211; audio v\u0259 video yaz\u0131ya icaz\u0259 verm\u0259yib.<\/p>\n\n\n\n<p>\u015e\u0259rif Quliyev is\u0259 m\u0259hk\u0259m\u0259d\u0259n ona d\u00f6vl\u0259t hesab\u0131na v\u0259kil t\u0259yin olunmas\u0131n\u0131 ist\u0259yib. Ona bu m\u0259s\u0259l\u0259nin m\u00fcsb\u0259t h\u0259ll olunaca\u011f\u0131 bildirilib.<\/p>\n\n\n<div class=\"wp-block-image\">\n<figure class=\"aligncenter size-full\"><img decoding=\"async\" width=\"1200\" height=\"800\" data-src=\"https:\/\/www.meydan.tv\/wp-content\/uploads\/untitled-design-2-2.gif\" alt=\"\" class=\"wp-image-227379 lazyload\" src=\"data:image\/svg+xml;base64,PHN2ZyB3aWR0aD0iMSIgaGVpZ2h0PSIxIiB4bWxucz0iaHR0cDovL3d3dy53My5vcmcvMjAwMC9zdmciPjwvc3ZnPg==\" style=\"--smush-placeholder-width: 1200px; --smush-placeholder-aspect-ratio: 1200\/800;\" \/><figcaption class=\"wp-element-caption\">N\u0259rmin Quliyevan\u0131n atas\u0131 \u015e\u0259rif Quliyev, Foto: Meydan TV<\/figcaption><\/figure>\n<\/div>\n\n\n<p>H\u0259r\u00e7\u0259nd, qanunda z\u0259r\u0259r\u00e7\u0259kmi\u015fin d\u00f6vl\u0259t hesab\u0131na v\u0259kill\u0259 t\u0259min olunmas\u0131 n\u0259z\u0259rd\u0259 tutulmay\u0131b.<br>\u0130lkin S\u00fcleymanovun v\u0259kill\u0259ri hakiml\u0259rin q\u0259r\u0259zli m\u00f6vqe tutduqlar\u0131n\u0131, a\u00e7\u0131q-a\u015fkar i\u015f\u0259 birt\u0259r\u0259fli yana\u015fd\u0131qlar\u0131n\u0131 vur\u011fulayaraq, onlar\u0131n bu i\u015f\u0259 baxmas\u0131na yaz\u0131l\u0131 \u015f\u0259kild\u0259 etiraz edibl\u0259r. Lakin etiraz bax\u0131lmam\u0131\u015f saxlan\u0131l\u0131b.<\/p>\n\n\n\n<p>Bu i\u015f \u00fczr\u0259 m\u0259hk\u0259m\u0259 bax\u0131\u015f\u0131 oktyabr\u0131n 17-n\u0259 t\u0259yin olunub.<\/p>\n\n\n\n<p>M\u0259hk\u0259m\u0259d\u0259n sonra \u0130lkin S\u00fcleymanovun qarda\u015f\u0131 Adil S\u00fcleymanov jurnalistl\u0259r\u0259 a\u00e7\u0131qlamas\u0131nda bildirib ki, Apelyasiya m\u0259hk\u0259m\u0259sind\u0259n q\u0259tiyy\u0259n \u0259dal\u0259tli n\u0259tic\u0259 g\u00f6zl\u0259mirl\u0259r:<\/p>\n\n\n\n<p>&#8220;<em>H\u0259r \u015fey g\u00f6z \u00f6n\u00fcnd\u0259dir &#8211; v\u0259kill\u0259r\u0259 qar\u015f\u0131 aqressiv m\u00fcnasib\u0259t, \u0259sasl\u0131 v\u0259sat\u0259tl\u0259rin he\u00e7 birinin t\u0259min olunmamas\u0131, qar\u015f\u0131 t\u0259r\u0259fin is\u0259 \u0259sass\u0131z m\u00f6vqeyinin can-ba\u015fla m\u00fcdafi\u0259 edilm\u0259si. M\u0259hk\u0259m\u0259 a\u00e7\u0131q-a\u015fkar t\u0259r\u0259f tutur. \u015e\u0259rif Quliyevin apelyasiya \u015fikay\u0259ti verm\u0259k \u00fc\u00e7\u00fcn kifay\u0259t q\u0259d\u0259r vaxt\u0131 vard\u0131, amma \u00f6z\u00fc verm\u0259mi\u015fdi. He\u00e7 bir \u0259sas olmadan vaxt\u0131 \u00f6t\u00fcr\u00fcb. Sonra ona g\u00f6st\u0259ri\u015f verildi ki, &#8220;apelyasiya \u015fikay\u0259ti verm\u0259lis\u0259n&#8221;. \u015eikay\u0259t verm\u0259k \u00fc\u00e7\u00fcn 20 g\u00fcnl\u00fck m\u00fcdd\u0259t ke\u00e7mi\u015fdi. He\u00e7 bir \u00fczrl\u00fc s\u0259b\u0259b ortada olmasa da, m\u00fcdd\u0259ti b\u0259rpa el\u0259yib, \u015fikay\u0259ti q\u0259bul el\u0259dil\u0259r. Arzumuz budur ki, bu \u0259dal\u0259tsizliyi ed\u0259n hakiml\u0259ri g\u00fcn\u00fcn birind\u0259 el\u0259 \u00f6zl\u0259ri kimi hakiml\u0259r m\u00fchakim\u0259 el\u0259sin&#8221;.<\/em><\/p>\n\n\n<div class=\"wp-block-image\">\n<figure class=\"aligncenter size-large\"><img decoding=\"async\" width=\"1095\" height=\"821\" data-src=\"https:\/\/www.meydan.tv\/wp-content\/uploads\/photo-2022-04-07-13-20-08-1095x821.jpg\" alt=\"\" class=\"wp-image-241012 lazyload\" src=\"data:image\/svg+xml;base64,PHN2ZyB3aWR0aD0iMSIgaGVpZ2h0PSIxIiB4bWxucz0iaHR0cDovL3d3dy53My5vcmcvMjAwMC9zdmciPjwvc3ZnPg==\" style=\"--smush-placeholder-width: 1095px; --smush-placeholder-aspect-ratio: 1095\/821;\" \/><figcaption class=\"wp-element-caption\">Adil S\u00fcleymanov. Foto: Meydan TV<\/figcaption><\/figure>\n<\/div>\n\n\n<p>2009-cu il t\u0259v\u0259ll\u00fcdl\u00fc N\u0259rmin Quliyeva 2019-cu il noyabr\u0131n 21-d\u0259 ya\u015fad\u0131\u011f\u0131 Tovuz rayonunun Dondar Qu\u015f\u00e7u k\u0259ndind\u0259 itkin d\u00fc\u015f\u00fcb. 2020-ci il yanvar\u0131n 6-da k\u0259ndd\u0259 \u0130lkin S\u00fcleymanovgilin evinin qar\u015f\u0131s\u0131nda yand\u0131r\u0131lm\u0131\u015f meyit tap\u0131l\u0131b.<\/p>\n\n\n\n<p>1973-c\u00fc il t\u0259v\u0259ll\u00fcdl\u00fc \u0130lkin S\u00fcleymanov Cinay\u0259t M\u0259c\u0259ll\u0259sinin 120.2.4 (x\u00fcsusi amans\u0131zl\u0131qla q\u0259sd\u0259n adam \u00f6ld\u00fcrm\u0259), 120.2.9 (t\u0259qsirkar \u015f\u0259xs \u00fc\u00e7\u00fcn a\u015fkar sur\u0259td\u0259 k\u00f6m\u0259ksiz v\u0259ziyy\u0259td\u0259 olan adam\u0131 q\u0259sd\u0259n \u00f6ld\u00fcrm\u0259), 133.2.1 (o\u011furlanm\u0131\u015f \u015f\u0259xs\u0259 \u0259zab verm\u0259), 133.2.4 (yetkinlik ya\u015f\u0131na \u00e7atmayan, k\u00f6m\u0259ksiz v\u0259ziyy\u0259td\u0259 olan \u015f\u0259xs\u0259 \u0259zab verm\u0259), 144-c\u00fc (adam o\u011furlu\u011fu) madd\u0259l\u0259ril\u0259 ittiham olunur.<\/p>\n\n\n\n<p>\u0130ttihama \u0259sas\u0259n, o, sinif yolda\u015f\u0131 \u015e\u0259rif Quliyevin ail\u0259si, u\u015faqlar\u0131 oldu\u011funa g\u00f6r\u0259 onu q\u0131sqan\u0131b, buna g\u00f6r\u0259 d\u0259 onun q\u0131z\u0131 N\u0259rmini \u00f6vladl\u0131\u011fa g\u00f6t\u00fcrm\u0259k m\u0259qs\u0259dil\u0259 o\u011furlay\u0131b. Daha sonra q\u0259tl\u0259 yetir\u0259r\u0259k meyiti evl\u0259rinin yax\u0131nl\u0131\u011f\u0131nda yand\u0131r\u0131b.<\/p>\n\n\n\n<p>\u0130lkin S\u00fcleymanov is\u0259 azya\u015fl\u0131n\u0131n \u00f6l\u00fcm\u00fcn\u0259 aidiyy\u0259ti olmad\u0131\u011f\u0131n\u0131, i\u015fg\u0259nc\u0259 n\u0259tic\u0259sind\u0259 cinay\u0259ti \u00fcz\u0259rin\u0259 g\u00f6t\u00fcrd\u00fcyun\u00fc deyir. Onun s\u00f6zl\u0259rin\u0259 g\u00f6r\u0259, cinay\u0259t i\u015finin materiallar\u0131nda tutuldu\u011fu g\u00fcn yanvar\u0131n 10-u g\u00f6st\u0259rils\u0259 d\u0259, \u0259slind\u0259 onu yanvar\u0131n 6-da saxlay\u0131blar. 4 g\u00fcn \u0259rzind\u0259 &#8211; yanvar\u0131n 10-na q\u0259d\u0259r i\u015fg\u0259nc\u0259l\u0259r\u0259 m\u0259ruz qal\u0131b. Bu \u00fczd\u0259n d\u00f6z\u0259 bilm\u0259yib v\u0259 d\u00f6rd g\u00fcn sonra cinay\u0259ti \u00fcz\u0259rin\u0259 g\u00f6t\u00fcr\u00fcb.<\/p>\n\n\n\n<p>Ba\u015f Prokurorluq is\u0259 i\u015fg\u0259nc\u0259 iddialar\u0131n\u0131 t\u0259kzib edib.<\/p>\n\n\n\n<p>G\u0259nc\u0259 A\u011f\u0131r Cinay\u0259tl\u0259r M\u0259hk\u0259m\u0259sind\u0259 iki il davam ed\u0259n m\u0259hk\u0259m\u0259 prosesinin n\u0259tic\u0259sind\u0259 \u0130lkin S\u00fcleymanov 18 il azadl\u0131qdan m\u0259hrum edilib. Bu n\u0259tic\u0259d\u0259n t\u0259r\u0259fl\u0259r naraz\u0131 qal\u0131b.<\/p>\n\n\n\n<p>\u0130lkin S\u00fcleymanov v\u0259 yax\u0131nlar\u0131 h\u00f6km\u00fcn sifari\u015fli oldu\u011funu hesab edir. Onlar iddia edir ki, azya\u015fl\u0131n\u0131n ba\u015f\u0131na g\u0259l\u0259nl\u0259rin arxas\u0131nda dayanan v\u0259 cinay\u0259tin a\u00e7\u0131lmas\u0131 haqda Prezident\u0259 yalan m\u0259lumat ver\u0259n q\u00fcvv\u0259l\u0259r var. Onlar m\u0259hk\u0259m\u0259y\u0259 t\u0259sir g\u00f6st\u0259r\u0259r\u0259k, bu i\u015f \u00fczr\u0259 obyektiv v\u0259 \u0259dal\u0259tli q\u0259rar q\u0259bul olunmas\u0131na imkan verm\u0259dil\u0259r.<\/p>\n\n\n\n<p>Z\u0259r\u0259r\u00e7\u0259kmi\u015f t\u0259r\u0259f is\u0259 \u0130lkin S\u00fcleymanova \u00f6m\u00fcrl\u00fck h\u0259bs c\u0259zas\u0131 verilm\u0259sini ist\u0259yir.<\/p>\n","protected":false},"excerpt":{"rendered":"<p>Qanunda z\u0259r\u0259r\u00e7\u0259kmi\u015fin d\u00f6vl\u0259t hesab\u0131na v\u0259kill\u0259 t\u0259min olunmas\u0131 n\u0259z\u0259rd\u0259 tutulmasa da, &#8230; <\/p>\n<p class=\"read-more-container\"><a title=\"&#8220;N\u0259rmin i\u015fi&#8221;nd\u0259 hakim\u0259: &#8220;Siz \u00f6z\u00fcn\u00fcz d\u0259 o zaman \u0130lkinin b\u0259d\u0259nind\u0259ki i\u015fg\u0259nc\u0259 izl\u0259rini g\u00f6rm\u00fc\u015fd\u00fcn\u00fcz&#8230;&#8221;\" class=\"read-more button\" href=\"https:\/\/www.meydan.tv\/az\/article\/nermin-isinde-hakime-siz-ozunuz-de-o-zaman-ilkinin-bedenindeki-isgence-izlerini-gormusdunuz\/#more-286944\" aria-label=\"Read more about &#8220;N\u0259rmin i\u015fi&#8221;nd\u0259 hakim\u0259: &#8220;Siz \u00f6z\u00fcn\u00fcz d\u0259 o zaman \u0130lkinin b\u0259d\u0259nind\u0259ki i\u015fg\u0259nc\u0259 izl\u0259rini g\u00f6rm\u00fc\u015fd\u00fcn\u00fcz&#8230;&#8221;\">Davam\u0131<\/a><\/p>\n","protected":false},"author":8,"featured_media":255098,"comment_status":"closed","ping_status":"closed","sticky":false,"template":"","format":"standard","meta":{"_acf_changed":false,"_sitemap_exclude":false,"_sitemap_priority":"","_sitemap_frequency":"","footnotes":""},"categories":[60,88,56],"tags":[],"class_list":["post-286944","post","type-post","status-publish","format-standard","has-post-thumbnail","hentry","category-bolge","category-redaktor-secimi","category-xeberler","infinite-scroll-item","generate-columns","tablet-grid-50","mobile-grid-100","grid-parent","grid-33","no-featured-image-padding"],"acf":[],"yoast_head":"<!-- This site is optimized with the Yoast SEO plugin v27.4 - https:\/\/yoast.com\/product\/yoast-seo-wordpress\/ -->\n<title>&quot;N\u0259rmin i\u015fi&quot;nd\u0259 hakim\u0259: &quot;Siz \u00f6z\u00fcn\u00fcz d\u0259 o zaman \u0130lkinin b\u0259d\u0259nind\u0259ki i\u015fg\u0259nc\u0259 izl\u0259rini g\u00f6rm\u00fc\u015fd\u00fcn\u00fcz...&quot; - MEYDAN.TV<\/title>\n<meta name=\"robots\" content=\"index, follow, max-snippet:-1, max-image-preview:large, max-video-preview:-1\" \/>\n<link rel=\"canonical\" href=\"https:\/\/www.meydan.tv\/az\/article\/nermin-isinde-hakime-siz-ozunuz-de-o-zaman-ilkinin-bedenindeki-isgence-izlerini-gormusdunuz\/\" \/>\n<meta property=\"og:locale\" content=\"az_AZ\" \/>\n<meta property=\"og:type\" content=\"article\" \/>\n<meta property=\"og:title\" content=\"&quot;N\u0259rmin i\u015fi&quot;nd\u0259 hakim\u0259: &quot;Siz \u00f6z\u00fcn\u00fcz d\u0259 o zaman \u0130lkinin b\u0259d\u0259nind\u0259ki i\u015fg\u0259nc\u0259 izl\u0259rini g\u00f6rm\u00fc\u015fd\u00fcn\u00fcz...&quot; - MEYDAN.TV\" \/>\n<meta property=\"og:description\" content=\"Qanunda z\u0259r\u0259r\u00e7\u0259kmi\u015fin d\u00f6vl\u0259t hesab\u0131na v\u0259kill\u0259 t\u0259min olunmas\u0131 n\u0259z\u0259rd\u0259 tutulmasa da, ... Davam\u0131\" \/>\n<meta property=\"og:url\" content=\"https:\/\/www.meydan.tv\/az\/article\/nermin-isinde-hakime-siz-ozunuz-de-o-zaman-ilkinin-bedenindeki-isgence-izlerini-gormusdunuz\/\" \/>\n<meta property=\"og:site_name\" content=\"MEYDAN.TV\" \/>\n<meta property=\"article:published_time\" content=\"2023-10-04T13:04:22+00:00\" \/>\n<meta property=\"article:modified_time\" content=\"2023-10-04T13:18:46+00:00\" \/>\n<meta property=\"og:image\" content=\"https:\/\/www.meydan.tv\/wp-content\/uploads\/photo-2022-09-07-17-11-47.jpg\" \/>\n\t<meta property=\"og:image:width\" content=\"1200\" \/>\n\t<meta property=\"og:image:height\" content=\"675\" \/>\n\t<meta property=\"og:image:type\" content=\"image\/jpeg\" \/>\n<meta name=\"author\" content=\"elli\" \/>\n<meta name=\"twitter:card\" content=\"summary_large_image\" \/>\n<meta name=\"twitter:creator\" content=\"@elli\" \/>\n<script type=\"application\/ld+json\" class=\"yoast-schema-graph\">{\"@context\":\"https:\\\/\\\/schema.org\",\"@graph\":[{\"@type\":\"Article\",\"@id\":\"https:\\\/\\\/www.meydan.tv\\\/az\\\/article\\\/nermin-isinde-hakime-siz-ozunuz-de-o-zaman-ilkinin-bedenindeki-isgence-izlerini-gormusdunuz\\\/#article\",\"isPartOf\":{\"@id\":\"https:\\\/\\\/www.meydan.tv\\\/az\\\/article\\\/nermin-isinde-hakime-siz-ozunuz-de-o-zaman-ilkinin-bedenindeki-isgence-izlerini-gormusdunuz\\\/\"},\"author\":{\"name\":\"elli\",\"@id\":\"https:\\\/\\\/www.meydan.tv\\\/az\\\/#\\\/schema\\\/person\\\/9cdbecf90d17180ce1dfbd95b08dcf47\"},\"headline\":\"&#8220;N\u0259rmin i\u015fi&#8221;nd\u0259 hakim\u0259: &#8220;Siz \u00f6z\u00fcn\u00fcz d\u0259 o zaman \u0130lkinin b\u0259d\u0259nind\u0259ki i\u015fg\u0259nc\u0259 izl\u0259rini g\u00f6rm\u00fc\u015fd\u00fcn\u00fcz&#8230;&#8221;\",\"datePublished\":\"2023-10-04T13:04:22+00:00\",\"dateModified\":\"2023-10-04T13:18:46+00:00\",\"mainEntityOfPage\":{\"@id\":\"https:\\\/\\\/www.meydan.tv\\\/az\\\/article\\\/nermin-isinde-hakime-siz-ozunuz-de-o-zaman-ilkinin-bedenindeki-isgence-izlerini-gormusdunuz\\\/\"},\"wordCount\":1335,\"publisher\":{\"@id\":\"https:\\\/\\\/www.meydan.tv\\\/az\\\/#organization\"},\"image\":{\"@id\":\"https:\\\/\\\/www.meydan.tv\\\/az\\\/article\\\/nermin-isinde-hakime-siz-ozunuz-de-o-zaman-ilkinin-bedenindeki-isgence-izlerini-gormusdunuz\\\/#primaryimage\"},\"thumbnailUrl\":\"https:\\\/\\\/www.meydan.tv\\\/wp-content\\\/uploads\\\/photo-2022-09-07-17-11-47.jpg\",\"articleSection\":[\"B\u00f6lg\u0259\",\"Redaktor se\u00e7imi\",\"X\u0259b\u0259rl\u0259r\"],\"inLanguage\":\"az\"},{\"@type\":\"WebPage\",\"@id\":\"https:\\\/\\\/www.meydan.tv\\\/az\\\/article\\\/nermin-isinde-hakime-siz-ozunuz-de-o-zaman-ilkinin-bedenindeki-isgence-izlerini-gormusdunuz\\\/\",\"url\":\"https:\\\/\\\/www.meydan.tv\\\/az\\\/article\\\/nermin-isinde-hakime-siz-ozunuz-de-o-zaman-ilkinin-bedenindeki-isgence-izlerini-gormusdunuz\\\/\",\"name\":\"\\\"N\u0259rmin i\u015fi\\\"nd\u0259 hakim\u0259: \\\"Siz \u00f6z\u00fcn\u00fcz d\u0259 o zaman \u0130lkinin b\u0259d\u0259nind\u0259ki i\u015fg\u0259nc\u0259 izl\u0259rini g\u00f6rm\u00fc\u015fd\u00fcn\u00fcz...\\\" - MEYDAN.TV\",\"isPartOf\":{\"@id\":\"https:\\\/\\\/www.meydan.tv\\\/az\\\/#website\"},\"primaryImageOfPage\":{\"@id\":\"https:\\\/\\\/www.meydan.tv\\\/az\\\/article\\\/nermin-isinde-hakime-siz-ozunuz-de-o-zaman-ilkinin-bedenindeki-isgence-izlerini-gormusdunuz\\\/#primaryimage\"},\"image\":{\"@id\":\"https:\\\/\\\/www.meydan.tv\\\/az\\\/article\\\/nermin-isinde-hakime-siz-ozunuz-de-o-zaman-ilkinin-bedenindeki-isgence-izlerini-gormusdunuz\\\/#primaryimage\"},\"thumbnailUrl\":\"https:\\\/\\\/www.meydan.tv\\\/wp-content\\\/uploads\\\/photo-2022-09-07-17-11-47.jpg\",\"datePublished\":\"2023-10-04T13:04:22+00:00\",\"dateModified\":\"2023-10-04T13:18:46+00:00\",\"breadcrumb\":{\"@id\":\"https:\\\/\\\/www.meydan.tv\\\/az\\\/article\\\/nermin-isinde-hakime-siz-ozunuz-de-o-zaman-ilkinin-bedenindeki-isgence-izlerini-gormusdunuz\\\/#breadcrumb\"},\"inLanguage\":\"az\",\"potentialAction\":[{\"@type\":\"ReadAction\",\"target\":[\"https:\\\/\\\/www.meydan.tv\\\/az\\\/article\\\/nermin-isinde-hakime-siz-ozunuz-de-o-zaman-ilkinin-bedenindeki-isgence-izlerini-gormusdunuz\\\/\"]}]},{\"@type\":\"ImageObject\",\"inLanguage\":\"az\",\"@id\":\"https:\\\/\\\/www.meydan.tv\\\/az\\\/article\\\/nermin-isinde-hakime-siz-ozunuz-de-o-zaman-ilkinin-bedenindeki-isgence-izlerini-gormusdunuz\\\/#primaryimage\",\"url\":\"https:\\\/\\\/www.meydan.tv\\\/wp-content\\\/uploads\\\/photo-2022-09-07-17-11-47.jpg\",\"contentUrl\":\"https:\\\/\\\/www.meydan.tv\\\/wp-content\\\/uploads\\\/photo-2022-09-07-17-11-47.jpg\",\"width\":1200,\"height\":675,\"caption\":\"\u0130lkin S\u00fcleymanov. Foto: Meydan TV\"},{\"@type\":\"BreadcrumbList\",\"@id\":\"https:\\\/\\\/www.meydan.tv\\\/az\\\/article\\\/nermin-isinde-hakime-siz-ozunuz-de-o-zaman-ilkinin-bedenindeki-isgence-izlerini-gormusdunuz\\\/#breadcrumb\",\"itemListElement\":[{\"@type\":\"ListItem\",\"position\":1,\"name\":\"Ana s\u0259hif\u0259\",\"item\":\"https:\\\/\\\/www.meydan.tv\\\/az\\\/\"},{\"@type\":\"ListItem\",\"position\":2,\"name\":\"Redaktor se\u00e7imi\",\"item\":\"https:\\\/\\\/www.meydan.tv\\\/az\\\/section\\\/redaktor-secimi\\\/\"},{\"@type\":\"ListItem\",\"position\":3,\"name\":\"&#8220;N\u0259rmin i\u015fi&#8221;nd\u0259 hakim\u0259: &#8220;Siz \u00f6z\u00fcn\u00fcz d\u0259 o zaman \u0130lkinin b\u0259d\u0259nind\u0259ki i\u015fg\u0259nc\u0259 izl\u0259rini g\u00f6rm\u00fc\u015fd\u00fcn\u00fcz&#8230;&#8221;\"}]},{\"@type\":\"WebSite\",\"@id\":\"https:\\\/\\\/www.meydan.tv\\\/az\\\/#website\",\"url\":\"https:\\\/\\\/www.meydan.tv\\\/az\\\/\",\"name\":\"MEYDAN.TV\",\"description\":\"Meydan TV Az\u0259rbaycan\u0131n media m\u0259kan\u0131ndak\u0131 alternativ s\u0259sidir\",\"publisher\":{\"@id\":\"https:\\\/\\\/www.meydan.tv\\\/az\\\/#organization\"},\"potentialAction\":[{\"@type\":\"SearchAction\",\"target\":{\"@type\":\"EntryPoint\",\"urlTemplate\":\"https:\\\/\\\/www.meydan.tv\\\/az\\\/?s={search_term_string}\"},\"query-input\":{\"@type\":\"PropertyValueSpecification\",\"valueRequired\":true,\"valueName\":\"search_term_string\"}}],\"inLanguage\":\"az\"},{\"@type\":\"Organization\",\"@id\":\"https:\\\/\\\/www.meydan.tv\\\/az\\\/#organization\",\"name\":\"Meydan TV\",\"url\":\"https:\\\/\\\/www.meydan.tv\\\/az\\\/\",\"logo\":{\"@type\":\"ImageObject\",\"inLanguage\":\"az\",\"@id\":\"https:\\\/\\\/www.meydan.tv\\\/az\\\/#\\\/schema\\\/logo\\\/image\\\/\",\"url\":\"https:\\\/\\\/www.meydan.tv\\\/wp-content\\\/uploads\\\/2021\\\/07\\\/meydan-logo.svg\",\"contentUrl\":\"https:\\\/\\\/www.meydan.tv\\\/wp-content\\\/uploads\\\/2021\\\/07\\\/meydan-logo.svg\",\"width\":195,\"height\":46,\"caption\":\"Meydan TV\"},\"image\":{\"@id\":\"https:\\\/\\\/www.meydan.tv\\\/az\\\/#\\\/schema\\\/logo\\\/image\\\/\"}},{\"@type\":\"Person\",\"@id\":\"https:\\\/\\\/www.meydan.tv\\\/az\\\/#\\\/schema\\\/person\\\/9cdbecf90d17180ce1dfbd95b08dcf47\",\"name\":\"elli\",\"sameAs\":[\"https:\\\/\\\/x.com\\\/elli\"]}]}<\/script>\n<!-- \/ Yoast SEO plugin. -->","yoast_head_json":{"title":"\"N\u0259rmin i\u015fi\"nd\u0259 hakim\u0259: \"Siz \u00f6z\u00fcn\u00fcz d\u0259 o zaman \u0130lkinin b\u0259d\u0259nind\u0259ki i\u015fg\u0259nc\u0259 izl\u0259rini g\u00f6rm\u00fc\u015fd\u00fcn\u00fcz...\" - MEYDAN.TV","robots":{"index":"index","follow":"follow","max-snippet":"max-snippet:-1","max-image-preview":"max-image-preview:large","max-video-preview":"max-video-preview:-1"},"canonical":"https:\/\/www.meydan.tv\/az\/article\/nermin-isinde-hakime-siz-ozunuz-de-o-zaman-ilkinin-bedenindeki-isgence-izlerini-gormusdunuz\/","og_locale":"az_AZ","og_type":"article","og_title":"\"N\u0259rmin i\u015fi\"nd\u0259 hakim\u0259: \"Siz \u00f6z\u00fcn\u00fcz d\u0259 o zaman \u0130lkinin b\u0259d\u0259nind\u0259ki i\u015fg\u0259nc\u0259 izl\u0259rini g\u00f6rm\u00fc\u015fd\u00fcn\u00fcz...\" - MEYDAN.TV","og_description":"Qanunda z\u0259r\u0259r\u00e7\u0259kmi\u015fin d\u00f6vl\u0259t hesab\u0131na v\u0259kill\u0259 t\u0259min olunmas\u0131 n\u0259z\u0259rd\u0259 tutulmasa da, ... Davam\u0131","og_url":"https:\/\/www.meydan.tv\/az\/article\/nermin-isinde-hakime-siz-ozunuz-de-o-zaman-ilkinin-bedenindeki-isgence-izlerini-gormusdunuz\/","og_site_name":"MEYDAN.TV","article_published_time":"2023-10-04T13:04:22+00:00","article_modified_time":"2023-10-04T13:18:46+00:00","og_image":[{"width":1200,"height":675,"url":"https:\/\/www.meydan.tv\/wp-content\/uploads\/photo-2022-09-07-17-11-47.jpg","type":"image\/jpeg"}],"author":"elli","twitter_card":"summary_large_image","twitter_creator":"@elli","schema":{"@context":"https:\/\/schema.org","@graph":[{"@type":"Article","@id":"https:\/\/www.meydan.tv\/az\/article\/nermin-isinde-hakime-siz-ozunuz-de-o-zaman-ilkinin-bedenindeki-isgence-izlerini-gormusdunuz\/#article","isPartOf":{"@id":"https:\/\/www.meydan.tv\/az\/article\/nermin-isinde-hakime-siz-ozunuz-de-o-zaman-ilkinin-bedenindeki-isgence-izlerini-gormusdunuz\/"},"author":{"name":"elli","@id":"https:\/\/www.meydan.tv\/az\/#\/schema\/person\/9cdbecf90d17180ce1dfbd95b08dcf47"},"headline":"&#8220;N\u0259rmin i\u015fi&#8221;nd\u0259 hakim\u0259: &#8220;Siz \u00f6z\u00fcn\u00fcz d\u0259 o zaman \u0130lkinin b\u0259d\u0259nind\u0259ki i\u015fg\u0259nc\u0259 izl\u0259rini g\u00f6rm\u00fc\u015fd\u00fcn\u00fcz&#8230;&#8221;","datePublished":"2023-10-04T13:04:22+00:00","dateModified":"2023-10-04T13:18:46+00:00","mainEntityOfPage":{"@id":"https:\/\/www.meydan.tv\/az\/article\/nermin-isinde-hakime-siz-ozunuz-de-o-zaman-ilkinin-bedenindeki-isgence-izlerini-gormusdunuz\/"},"wordCount":1335,"publisher":{"@id":"https:\/\/www.meydan.tv\/az\/#organization"},"image":{"@id":"https:\/\/www.meydan.tv\/az\/article\/nermin-isinde-hakime-siz-ozunuz-de-o-zaman-ilkinin-bedenindeki-isgence-izlerini-gormusdunuz\/#primaryimage"},"thumbnailUrl":"https:\/\/www.meydan.tv\/wp-content\/uploads\/photo-2022-09-07-17-11-47.jpg","articleSection":["B\u00f6lg\u0259","Redaktor se\u00e7imi","X\u0259b\u0259rl\u0259r"],"inLanguage":"az"},{"@type":"WebPage","@id":"https:\/\/www.meydan.tv\/az\/article\/nermin-isinde-hakime-siz-ozunuz-de-o-zaman-ilkinin-bedenindeki-isgence-izlerini-gormusdunuz\/","url":"https:\/\/www.meydan.tv\/az\/article\/nermin-isinde-hakime-siz-ozunuz-de-o-zaman-ilkinin-bedenindeki-isgence-izlerini-gormusdunuz\/","name":"\"N\u0259rmin i\u015fi\"nd\u0259 hakim\u0259: \"Siz \u00f6z\u00fcn\u00fcz d\u0259 o zaman \u0130lkinin b\u0259d\u0259nind\u0259ki i\u015fg\u0259nc\u0259 izl\u0259rini g\u00f6rm\u00fc\u015fd\u00fcn\u00fcz...\" - MEYDAN.TV","isPartOf":{"@id":"https:\/\/www.meydan.tv\/az\/#website"},"primaryImageOfPage":{"@id":"https:\/\/www.meydan.tv\/az\/article\/nermin-isinde-hakime-siz-ozunuz-de-o-zaman-ilkinin-bedenindeki-isgence-izlerini-gormusdunuz\/#primaryimage"},"image":{"@id":"https:\/\/www.meydan.tv\/az\/article\/nermin-isinde-hakime-siz-ozunuz-de-o-zaman-ilkinin-bedenindeki-isgence-izlerini-gormusdunuz\/#primaryimage"},"thumbnailUrl":"https:\/\/www.meydan.tv\/wp-content\/uploads\/photo-2022-09-07-17-11-47.jpg","datePublished":"2023-10-04T13:04:22+00:00","dateModified":"2023-10-04T13:18:46+00:00","breadcrumb":{"@id":"https:\/\/www.meydan.tv\/az\/article\/nermin-isinde-hakime-siz-ozunuz-de-o-zaman-ilkinin-bedenindeki-isgence-izlerini-gormusdunuz\/#breadcrumb"},"inLanguage":"az","potentialAction":[{"@type":"ReadAction","target":["https:\/\/www.meydan.tv\/az\/article\/nermin-isinde-hakime-siz-ozunuz-de-o-zaman-ilkinin-bedenindeki-isgence-izlerini-gormusdunuz\/"]}]},{"@type":"ImageObject","inLanguage":"az","@id":"https:\/\/www.meydan.tv\/az\/article\/nermin-isinde-hakime-siz-ozunuz-de-o-zaman-ilkinin-bedenindeki-isgence-izlerini-gormusdunuz\/#primaryimage","url":"https:\/\/www.meydan.tv\/wp-content\/uploads\/photo-2022-09-07-17-11-47.jpg","contentUrl":"https:\/\/www.meydan.tv\/wp-content\/uploads\/photo-2022-09-07-17-11-47.jpg","width":1200,"height":675,"caption":"\u0130lkin S\u00fcleymanov. Foto: Meydan TV"},{"@type":"BreadcrumbList","@id":"https:\/\/www.meydan.tv\/az\/article\/nermin-isinde-hakime-siz-ozunuz-de-o-zaman-ilkinin-bedenindeki-isgence-izlerini-gormusdunuz\/#breadcrumb","itemListElement":[{"@type":"ListItem","position":1,"name":"Ana s\u0259hif\u0259","item":"https:\/\/www.meydan.tv\/az\/"},{"@type":"ListItem","position":2,"name":"Redaktor se\u00e7imi","item":"https:\/\/www.meydan.tv\/az\/section\/redaktor-secimi\/"},{"@type":"ListItem","position":3,"name":"&#8220;N\u0259rmin i\u015fi&#8221;nd\u0259 hakim\u0259: &#8220;Siz \u00f6z\u00fcn\u00fcz d\u0259 o zaman \u0130lkinin b\u0259d\u0259nind\u0259ki i\u015fg\u0259nc\u0259 izl\u0259rini g\u00f6rm\u00fc\u015fd\u00fcn\u00fcz&#8230;&#8221;"}]},{"@type":"WebSite","@id":"https:\/\/www.meydan.tv\/az\/#website","url":"https:\/\/www.meydan.tv\/az\/","name":"MEYDAN.TV","description":"Meydan TV Az\u0259rbaycan\u0131n media m\u0259kan\u0131ndak\u0131 alternativ s\u0259sidir","publisher":{"@id":"https:\/\/www.meydan.tv\/az\/#organization"},"potentialAction":[{"@type":"SearchAction","target":{"@type":"EntryPoint","urlTemplate":"https:\/\/www.meydan.tv\/az\/?s={search_term_string}"},"query-input":{"@type":"PropertyValueSpecification","valueRequired":true,"valueName":"search_term_string"}}],"inLanguage":"az"},{"@type":"Organization","@id":"https:\/\/www.meydan.tv\/az\/#organization","name":"Meydan TV","url":"https:\/\/www.meydan.tv\/az\/","logo":{"@type":"ImageObject","inLanguage":"az","@id":"https:\/\/www.meydan.tv\/az\/#\/schema\/logo\/image\/","url":"https:\/\/www.meydan.tv\/wp-content\/uploads\/2021\/07\/meydan-logo.svg","contentUrl":"https:\/\/www.meydan.tv\/wp-content\/uploads\/2021\/07\/meydan-logo.svg","width":195,"height":46,"caption":"Meydan TV"},"image":{"@id":"https:\/\/www.meydan.tv\/az\/#\/schema\/logo\/image\/"}},{"@type":"Person","@id":"https:\/\/www.meydan.tv\/az\/#\/schema\/person\/9cdbecf90d17180ce1dfbd95b08dcf47","name":"elli","sameAs":["https:\/\/x.com\/elli"]}]}},"_links":{"self":[{"href":"https:\/\/www.meydan.tv\/az\/wp-json\/wp\/v2\/posts\/286944","targetHints":{"allow":["GET"]}}],"collection":[{"href":"https:\/\/www.meydan.tv\/az\/wp-json\/wp\/v2\/posts"}],"about":[{"href":"https:\/\/www.meydan.tv\/az\/wp-json\/wp\/v2\/types\/post"}],"author":[{"embeddable":true,"href":"https:\/\/www.meydan.tv\/az\/wp-json\/wp\/v2\/users\/8"}],"replies":[{"embeddable":true,"href":"https:\/\/www.meydan.tv\/az\/wp-json\/wp\/v2\/comments?post=286944"}],"version-history":[{"count":3,"href":"https:\/\/www.meydan.tv\/az\/wp-json\/wp\/v2\/posts\/286944\/revisions"}],"predecessor-version":[{"id":286951,"href":"https:\/\/www.meydan.tv\/az\/wp-json\/wp\/v2\/posts\/286944\/revisions\/286951"}],"wp:featuredmedia":[{"embeddable":true,"href":"https:\/\/www.meydan.tv\/az\/wp-json\/wp\/v2\/media\/255098"}],"wp:attachment":[{"href":"https:\/\/www.meydan.tv\/az\/wp-json\/wp\/v2\/media?parent=286944"}],"wp:term":[{"taxonomy":"category","embeddable":true,"href":"https:\/\/www.meydan.tv\/az\/wp-json\/wp\/v2\/categories?post=286944"},{"taxonomy":"post_tag","embeddable":true,"href":"https:\/\/www.meydan.tv\/az\/wp-json\/wp\/v2\/tags?post=286944"}],"curies":[{"name":"wp","href":"https:\/\/api.w.org\/{rel}","templated":true}]}}