{"id":286804,"date":"2023-10-03T20:44:39","date_gmt":"2023-10-03T16:44:39","guid":{"rendered":"https:\/\/www.meydan.tv\/?p=286804"},"modified":"2023-10-03T21:02:22","modified_gmt":"2023-10-03T17:02:22","slug":"qukasyan-saakyan-isxanyan-ve-arutyunyanin-saxlanildigi-bildirilir","status":"publish","type":"post","link":"https:\/\/www.meydan.tv\/az\/article\/qukasyan-saakyan-isxanyan-ve-arutyunyanin-saxlanildigi-bildirilir\/","title":{"rendered":"Separat\u00e7\u0131 DQR-in 3 ke\u00e7mi\u015f \u201cprezident\u201di v\u0259 \u201cparlament s\u0259dri\u201dnin saxlan\u0131ld\u0131\u011f\u0131 bildirilir"},"content":{"rendered":"\n<p><\/p>\n\n\n\n<p><strong><em>Onlar\u0131n Bak\u0131ya g\u0259tirildiyi deyilir<\/em><\/strong><\/p>\n\n\n\n<p>Separat\u00e7\u0131 &#8220;Da\u011fl\u0131q Qaraba\u011f Respublikas\u0131&#8221;n\u0131n ke\u00e7mi\u015f \u201cprezident\u201dl\u0259ri Arkadi Qukasyan (1997-2007), Bako Saakyan (2007-2020), Araik Arutyunyan (2020-2023) v\u0259 \u201cDa\u015fnakasutyun\u201d Partiyas\u0131n\u0131n t\u0259msil\u00e7isi, h\u0259m\u00e7inin separat\u00e7\u0131 rejimin ke\u00e7mi\u015f \u201cparlament s\u0259dri\u201d David \u0130\u015fxanyan\u0131n saxlan\u0131ld\u0131\u011f\u0131 bildirilir.<\/p>\n\n\n\n<p>APA h\u0259min \u015f\u0259xsl\u0259rin Az\u0259rbaycan D\u00f6vl\u0259t T\u0259hl\u00fck\u0259sizliyi Xidm\u0259ti t\u0259r\u0259find\u0259n saxlan\u0131ld\u0131\u011f\u0131 bar\u0259d\u0259 m\u0259lumat <a href=\"https:\/\/apa.az\/hadise\/bako-saakyan-arkadi-qukasyan-ve-david-isxanyan-saxlanilaraq-bakiya-getirilib-788735\">yay\u0131b.<\/a><\/p>\n\n\n\n<p>Bildirilir ki, bu \u015f\u0259xsl\u0259r bar\u0259l\u0259rind\u0259 apar\u0131lan cinay\u0259t i\u015fl\u0259ri \u00fczr\u0259 saxlan\u0131laraq Bak\u0131ya g\u0259tirilib.<\/p>\n\n\n\n<p><em>&#8220;H\u0259min \u015f\u0259xsl\u0259r ill\u0259rl\u0259 t\u00f6r\u0259tdikl\u0259ri v\u0259 r\u0259hb\u0259rlik etdikl\u0259ri cinay\u0259t \u0259m\u0259ll\u0259rin\u0259 g\u00f6r\u0259 qanun qar\u015f\u0131s\u0131nda cavab ver\u0259c\u0259kl\u0259r&#8221;, <\/em>&#8211; dey\u0259 m\u0259lumatda qeyd olunur.<\/p>\n\n\n\n<p><strong>Qaraba\u011fda h\u0259bsl\u0259r<\/strong><\/p>\n\n\n\n<p>Sentyabr\u0131n 27-d\u0259 separat\u00e7\u0131 \u201cDa\u011fl\u0131q Qaraba\u011f\u201d\u0131n ke\u00e7mi\u015f \u201cd\u00f6vl\u0259t naziri\u201d Ruben Vardanyan h\u0259bs olunub.<\/p>\n\n\n\n<p>Sentyabr\u0131n 30-da Ba\u015f Prokurorluq saxlan\u0131lm\u0131\u015f separat\u00e7\u0131 qurumun \u201cprezident aparat\u0131 r\u0259hb\u0259rinin m\u00fcavini\u201d Davit Klimovi\u00e7 Babayana v\u0259 rejimin sabiq \u201cm\u00fcdafi\u0259 naziri\u201d Lyova Mnatsakanyana ittihamlar\u0131 elan edib.<\/p>\n\n\n\n<p>Sentyabr\u0131n 28-d\u0259 separat\u00e7\u0131 \u201cDa\u011fl\u0131q Qaraba\u011f\u0131n (Artsax) Prezidenti\u201d Samvel \u015eahramanyan \u201crespublika\u201dn\u0131n burax\u0131lmas\u0131 bar\u0259d\u0259 f\u0259rman imzalay\u0131b.<\/p>\n\n\n\n<p>O, f\u0259rman\u0131 19 sentyabr 2023-c\u00fc ild\u0259n sonra yaranm\u0131\u015f v\u0259ziyy\u0259tl\u0259 \u0259laq\u0259l\u0259ndirib.<\/p>\n\n\n\n<p><strong>Separat\u00e7\u0131 respublika n\u0259 vaxt yaran\u0131b?<\/strong><\/p>\n\n\n\n<p>1991-ci il dekabr\u0131n 10-da az\u0259rbaycanl\u0131lar\u0131n boykot etdiyi v\u0259 yaln\u0131z erm\u0259nil\u0259rin qat\u0131ld\u0131\u011f\u0131 referendum ke\u00e7irilib.<\/p>\n\n\n\n<p>Referendumun n\u0259tic\u0259sin\u0259 g\u00f6r\u0259, 6 yanvar 1992-ci ild\u0259 \u201cDa\u011fl\u0131q Qaraba\u011f Respublikas\u0131\u201d r\u0259sm\u0259n elan olunub. Lakin Erm\u0259nistan da daxil olmaqla, he\u00e7 bir \u00f6lk\u0259 v\u0259 ya beyn\u0259lxalq qurum rejimin m\u00fcst\u0259qilliyini tan\u0131may\u0131b.<\/p>\n\n\n\n<p>Da\u011fl\u0131q Qaraba\u011f v\u0259 dig\u0259r i\u015f\u011fal edilmi\u015f \u0259razil\u0259r BMT-d\u0259 daxil olmaqla, b\u00fct\u00fcn d\u00fcnya d\u00f6vl\u0259tl\u0259ri t\u0259r\u0259find\u0259n Az\u0259rbaycan\u0131n suveren \u0259razisi kimi tan\u0131n\u0131b.<\/p>\n\n\n\n<p><strong>Qaraba\u011fda son \u0259m\u0259liyyatlar<\/strong><\/p>\n\n\n\n<p>Az\u0259rbaycan M\u00fcdafi\u0259 Nazirliyi sentyabr\u0131n 19-da Qaraba\u011fda lokal h\u0259rbi \u0259m\u0259liyyatlara ba\u015flad\u0131\u011f\u0131n\u0131 a\u00e7\u0131qlay\u0131b.<\/p>\n\n\n\n<p>Qurumun yayd\u0131\u011f\u0131 r\u0259smi m\u0259lumatda deyilir ki, buna s\u0259b\u0259b t\u00f6r\u0259dil\u0259n geni\u015fmiqyasl\u0131 t\u0259xribatlar\u0131n qar\u015f\u0131s\u0131n\u0131n al\u0131nmas\u0131, Erm\u0259nistan silahl\u0131 q\u00fcvv\u0259l\u0259rinin birl\u0259\u015fm\u0259l\u0259rinin t\u0259rksilah edil\u0259r\u0259k \u0259razid\u0259n \u00e7\u0131xar\u0131lmas\u0131, onlar\u0131n h\u0259rbi infrastrukturunun z\u0259r\u0259rsizl\u0259\u015fdirilm\u0259sidir.<\/p>\n\n\n\n<p>\u018fm\u0259liyyatlar sentyabr\u0131n 19-da s\u0259h\u0259r\u0259 yax\u0131n saat 4:30 rad\u0259l\u0259rind\u0259 Xocav\u0259ndin Ta\u011faverd k\u0259ndi \u0259razisind\u0259 yeni in\u015fa olunan tunel yolunda polis \u0259m\u0259kda\u015flar\u0131n\u0131n oldu\u011fu \u201cKamaz\u201d\u0131n minaya d\u00fc\u015fm\u0259si v\u0259 n\u0259tic\u0259d\u0259 4 polisin, h\u0259m\u00e7inin \u201cAz\u0259rbaycan Avtomobil Yollar\u0131\u201d D\u00f6vl\u0259t Agentliyinin iki \u0259m\u0259kda\u015f\u0131n\u0131n hadis\u0259 yerind\u0259 h\u0259lak olmas\u0131 il\u0259 \u0259sasland\u0131r\u0131l\u0131r.<\/p>\n\n\n\n<p><strong>\u0130kinci Qaraba\u011f m\u00fcnaqi\u015f\u0259nin q\u0131sa xronikas\u0131<\/strong><\/p>\n\n\n\n<p>2020-ci ilin sentyabr\u0131nda Az\u0259rbaycan v\u0259 Erm\u0259nistan silahl\u0131 q\u00fcvv\u0259l\u0259ri aras\u0131nda ba\u015f vermi\u015f 44 g\u00fcnl\u00fck \u0130kinci Qaraba\u011f m\u00fcharib\u0259si n\u0259tic\u0259sind\u0259 is\u0259 Az\u0259rbaycan Qaraba\u011f\u0131n bir hiss\u0259sin\u0259 v\u0259 \u0259traf 7 rayona n\u0259zar\u0259ti b\u0259rpa edib.<\/p>\n\n\n\n<p>Az\u0259rbaycan, Erm\u0259nistan v\u0259 Rusiya r\u0259hb\u0259rliyinin imzalad\u0131\u011f\u0131 \u00fc\u00e7t\u0259r\u0259fli birg\u0259 b\u0259yanatla d\u00f6y\u00fc\u015fl\u0259r dayand\u0131r\u0131landan sonra La\u00e7\u0131n d\u0259hlizind\u0259 v\u0259 Qaraba\u011fdak\u0131 t\u0259mas x\u0259ttind\u0259 Rusiya s\u00fclhm\u0259raml\u0131lar\u0131 yerl\u0259\u015fdirilib.<\/p>\n\n\n\n<p>T\u0259r\u0259fl\u0259r aras\u0131nda indiy\u0259 kimi s\u00fclh sazi\u015fi imzalanmay\u0131b.<\/p>\n\n\n\n<p>Az\u0259rbaycan Xank\u0259ndi v\u0259 dig\u0259r \u0259razil\u0259rd\u0259 qanunsuz erm\u0259ni silahl\u0131 birl\u0259\u015fm\u0259l\u0259rinin oldu\u011funu iddia edirdi.<\/p>\n","protected":false},"excerpt":{"rendered":"<p>Onlar\u0131n Bak\u0131ya g\u0259tirildiyi deyilir Separat\u00e7\u0131 &#8220;Da\u011fl\u0131q Qaraba\u011f Respublikas\u0131&#8221;n\u0131n ke\u00e7mi\u015f \u201cprezident\u201dl\u0259ri &#8230; <\/p>\n<p class=\"read-more-container\"><a title=\"Separat\u00e7\u0131 DQR-in 3 ke\u00e7mi\u015f \u201cprezident\u201di v\u0259 \u201cparlament s\u0259dri\u201dnin saxlan\u0131ld\u0131\u011f\u0131 bildirilir\" class=\"read-more button\" href=\"https:\/\/www.meydan.tv\/az\/article\/qukasyan-saakyan-isxanyan-ve-arutyunyanin-saxlanildigi-bildirilir\/#more-286804\" aria-label=\"Read more about Separat\u00e7\u0131 DQR-in 3 ke\u00e7mi\u015f \u201cprezident\u201di v\u0259 \u201cparlament s\u0259dri\u201dnin saxlan\u0131ld\u0131\u011f\u0131 bildirilir\">Davam\u0131<\/a><\/p>\n","protected":false},"author":8,"featured_media":286808,"comment_status":"closed","ping_status":"closed","sticky":false,"template":"","format":"standard","meta":{"_acf_changed":false,"_sitemap_exclude":false,"_sitemap_priority":"","_sitemap_frequency":"","footnotes":""},"categories":[59,79,56],"tags":[],"class_list":["post-286804","post","type-post","status-publish","format-standard","has-post-thumbnail","hentry","category-siyaset","category-featured","category-xeberler","infinite-scroll-item","generate-columns","tablet-grid-50","mobile-grid-100","grid-parent","grid-33","no-featured-image-padding"],"acf":[],"yoast_head":"<!-- This site is optimized with the Yoast SEO plugin v27.4 - https:\/\/yoast.com\/product\/yoast-seo-wordpress\/ -->\n<title>Separat\u00e7\u0131 DQR-in 3 ke\u00e7mi\u015f \u201cprezident\u201di v\u0259 \u201cparlament s\u0259dri\u201dnin saxlan\u0131ld\u0131\u011f\u0131 bildirilir - MEYDAN.TV<\/title>\n<meta name=\"robots\" content=\"index, follow, max-snippet:-1, max-image-preview:large, max-video-preview:-1\" \/>\n<link rel=\"canonical\" href=\"https:\/\/www.meydan.tv\/az\/article\/qukasyan-saakyan-isxanyan-ve-arutyunyanin-saxlanildigi-bildirilir\/\" \/>\n<meta property=\"og:locale\" content=\"az_AZ\" \/>\n<meta property=\"og:type\" content=\"article\" \/>\n<meta property=\"og:title\" content=\"Separat\u00e7\u0131 DQR-in 3 ke\u00e7mi\u015f \u201cprezident\u201di v\u0259 \u201cparlament s\u0259dri\u201dnin saxlan\u0131ld\u0131\u011f\u0131 bildirilir - MEYDAN.TV\" \/>\n<meta property=\"og:description\" content=\"Onlar\u0131n Bak\u0131ya g\u0259tirildiyi deyilir Separat\u00e7\u0131 &#8220;Da\u011fl\u0131q Qaraba\u011f Respublikas\u0131&#8221;n\u0131n ke\u00e7mi\u015f \u201cprezident\u201dl\u0259ri ... Davam\u0131\" \/>\n<meta property=\"og:url\" content=\"https:\/\/www.meydan.tv\/az\/article\/qukasyan-saakyan-isxanyan-ve-arutyunyanin-saxlanildigi-bildirilir\/\" \/>\n<meta property=\"og:site_name\" content=\"MEYDAN.TV\" \/>\n<meta property=\"article:published_time\" content=\"2023-10-03T16:44:39+00:00\" \/>\n<meta property=\"article:modified_time\" content=\"2023-10-03T17:02:22+00:00\" \/>\n<meta property=\"og:image\" content=\"https:\/\/www.meydan.tv\/wp-content\/uploads\/912c0f3d7dca0725ded2c23f0a44ac5f-e1696352526495.jpg\" \/>\n\t<meta property=\"og:image:width\" content=\"1200\" \/>\n\t<meta property=\"og:image:height\" content=\"406\" \/>\n\t<meta property=\"og:image:type\" content=\"image\/jpeg\" \/>\n<meta name=\"author\" content=\"elli\" \/>\n<meta name=\"twitter:card\" content=\"summary_large_image\" \/>\n<meta name=\"twitter:creator\" content=\"@elli\" \/>\n<script type=\"application\/ld+json\" class=\"yoast-schema-graph\">{\"@context\":\"https:\\\/\\\/schema.org\",\"@graph\":[{\"@type\":\"Article\",\"@id\":\"https:\\\/\\\/www.meydan.tv\\\/az\\\/article\\\/qukasyan-saakyan-isxanyan-ve-arutyunyanin-saxlanildigi-bildirilir\\\/#article\",\"isPartOf\":{\"@id\":\"https:\\\/\\\/www.meydan.tv\\\/az\\\/article\\\/qukasyan-saakyan-isxanyan-ve-arutyunyanin-saxlanildigi-bildirilir\\\/\"},\"author\":{\"name\":\"elli\",\"@id\":\"https:\\\/\\\/www.meydan.tv\\\/az\\\/#\\\/schema\\\/person\\\/9cdbecf90d17180ce1dfbd95b08dcf47\"},\"headline\":\"Separat\u00e7\u0131 DQR-in 3 ke\u00e7mi\u015f \u201cprezident\u201di v\u0259 \u201cparlament s\u0259dri\u201dnin saxlan\u0131ld\u0131\u011f\u0131 bildirilir\",\"datePublished\":\"2023-10-03T16:44:39+00:00\",\"dateModified\":\"2023-10-03T17:02:22+00:00\",\"mainEntityOfPage\":{\"@id\":\"https:\\\/\\\/www.meydan.tv\\\/az\\\/article\\\/qukasyan-saakyan-isxanyan-ve-arutyunyanin-saxlanildigi-bildirilir\\\/\"},\"wordCount\":641,\"publisher\":{\"@id\":\"https:\\\/\\\/www.meydan.tv\\\/az\\\/#organization\"},\"image\":{\"@id\":\"https:\\\/\\\/www.meydan.tv\\\/az\\\/article\\\/qukasyan-saakyan-isxanyan-ve-arutyunyanin-saxlanildigi-bildirilir\\\/#primaryimage\"},\"thumbnailUrl\":\"https:\\\/\\\/www.meydan.tv\\\/wp-content\\\/uploads\\\/912c0f3d7dca0725ded2c23f0a44ac5f-e1696352526495.jpg\",\"articleSection\":[\"Siyas\u0259t\",\"T\u00f6vsiy\u0259\",\"X\u0259b\u0259rl\u0259r\"],\"inLanguage\":\"az\"},{\"@type\":\"WebPage\",\"@id\":\"https:\\\/\\\/www.meydan.tv\\\/az\\\/article\\\/qukasyan-saakyan-isxanyan-ve-arutyunyanin-saxlanildigi-bildirilir\\\/\",\"url\":\"https:\\\/\\\/www.meydan.tv\\\/az\\\/article\\\/qukasyan-saakyan-isxanyan-ve-arutyunyanin-saxlanildigi-bildirilir\\\/\",\"name\":\"Separat\u00e7\u0131 DQR-in 3 ke\u00e7mi\u015f \u201cprezident\u201di v\u0259 \u201cparlament s\u0259dri\u201dnin saxlan\u0131ld\u0131\u011f\u0131 bildirilir - MEYDAN.TV\",\"isPartOf\":{\"@id\":\"https:\\\/\\\/www.meydan.tv\\\/az\\\/#website\"},\"primaryImageOfPage\":{\"@id\":\"https:\\\/\\\/www.meydan.tv\\\/az\\\/article\\\/qukasyan-saakyan-isxanyan-ve-arutyunyanin-saxlanildigi-bildirilir\\\/#primaryimage\"},\"image\":{\"@id\":\"https:\\\/\\\/www.meydan.tv\\\/az\\\/article\\\/qukasyan-saakyan-isxanyan-ve-arutyunyanin-saxlanildigi-bildirilir\\\/#primaryimage\"},\"thumbnailUrl\":\"https:\\\/\\\/www.meydan.tv\\\/wp-content\\\/uploads\\\/912c0f3d7dca0725ded2c23f0a44ac5f-e1696352526495.jpg\",\"datePublished\":\"2023-10-03T16:44:39+00:00\",\"dateModified\":\"2023-10-03T17:02:22+00:00\",\"breadcrumb\":{\"@id\":\"https:\\\/\\\/www.meydan.tv\\\/az\\\/article\\\/qukasyan-saakyan-isxanyan-ve-arutyunyanin-saxlanildigi-bildirilir\\\/#breadcrumb\"},\"inLanguage\":\"az\",\"potentialAction\":[{\"@type\":\"ReadAction\",\"target\":[\"https:\\\/\\\/www.meydan.tv\\\/az\\\/article\\\/qukasyan-saakyan-isxanyan-ve-arutyunyanin-saxlanildigi-bildirilir\\\/\"]}]},{\"@type\":\"ImageObject\",\"inLanguage\":\"az\",\"@id\":\"https:\\\/\\\/www.meydan.tv\\\/az\\\/article\\\/qukasyan-saakyan-isxanyan-ve-arutyunyanin-saxlanildigi-bildirilir\\\/#primaryimage\",\"url\":\"https:\\\/\\\/www.meydan.tv\\\/wp-content\\\/uploads\\\/912c0f3d7dca0725ded2c23f0a44ac5f-e1696352526495.jpg\",\"contentUrl\":\"https:\\\/\\\/www.meydan.tv\\\/wp-content\\\/uploads\\\/912c0f3d7dca0725ded2c23f0a44ac5f-e1696352526495.jpg\",\"width\":1200,\"height\":406,\"caption\":\"Foto: arxiv\"},{\"@type\":\"BreadcrumbList\",\"@id\":\"https:\\\/\\\/www.meydan.tv\\\/az\\\/article\\\/qukasyan-saakyan-isxanyan-ve-arutyunyanin-saxlanildigi-bildirilir\\\/#breadcrumb\",\"itemListElement\":[{\"@type\":\"ListItem\",\"position\":1,\"name\":\"Ana s\u0259hif\u0259\",\"item\":\"https:\\\/\\\/www.meydan.tv\\\/az\\\/\"},{\"@type\":\"ListItem\",\"position\":2,\"name\":\"Siyas\u0259t\",\"item\":\"https:\\\/\\\/www.meydan.tv\\\/az\\\/section\\\/siyaset\\\/\"},{\"@type\":\"ListItem\",\"position\":3,\"name\":\"Separat\u00e7\u0131 DQR-in 3 ke\u00e7mi\u015f \u201cprezident\u201di v\u0259 \u201cparlament s\u0259dri\u201dnin saxlan\u0131ld\u0131\u011f\u0131 bildirilir\"}]},{\"@type\":\"WebSite\",\"@id\":\"https:\\\/\\\/www.meydan.tv\\\/az\\\/#website\",\"url\":\"https:\\\/\\\/www.meydan.tv\\\/az\\\/\",\"name\":\"MEYDAN.TV\",\"description\":\"Meydan TV Az\u0259rbaycan\u0131n media m\u0259kan\u0131ndak\u0131 alternativ s\u0259sidir\",\"publisher\":{\"@id\":\"https:\\\/\\\/www.meydan.tv\\\/az\\\/#organization\"},\"potentialAction\":[{\"@type\":\"SearchAction\",\"target\":{\"@type\":\"EntryPoint\",\"urlTemplate\":\"https:\\\/\\\/www.meydan.tv\\\/az\\\/?s={search_term_string}\"},\"query-input\":{\"@type\":\"PropertyValueSpecification\",\"valueRequired\":true,\"valueName\":\"search_term_string\"}}],\"inLanguage\":\"az\"},{\"@type\":\"Organization\",\"@id\":\"https:\\\/\\\/www.meydan.tv\\\/az\\\/#organization\",\"name\":\"Meydan TV\",\"url\":\"https:\\\/\\\/www.meydan.tv\\\/az\\\/\",\"logo\":{\"@type\":\"ImageObject\",\"inLanguage\":\"az\",\"@id\":\"https:\\\/\\\/www.meydan.tv\\\/az\\\/#\\\/schema\\\/logo\\\/image\\\/\",\"url\":\"https:\\\/\\\/www.meydan.tv\\\/wp-content\\\/uploads\\\/2021\\\/07\\\/meydan-logo.svg\",\"contentUrl\":\"https:\\\/\\\/www.meydan.tv\\\/wp-content\\\/uploads\\\/2021\\\/07\\\/meydan-logo.svg\",\"width\":195,\"height\":46,\"caption\":\"Meydan TV\"},\"image\":{\"@id\":\"https:\\\/\\\/www.meydan.tv\\\/az\\\/#\\\/schema\\\/logo\\\/image\\\/\"}},{\"@type\":\"Person\",\"@id\":\"https:\\\/\\\/www.meydan.tv\\\/az\\\/#\\\/schema\\\/person\\\/9cdbecf90d17180ce1dfbd95b08dcf47\",\"name\":\"elli\",\"sameAs\":[\"https:\\\/\\\/x.com\\\/elli\"]}]}<\/script>\n<!-- \/ Yoast SEO plugin. -->","yoast_head_json":{"title":"Separat\u00e7\u0131 DQR-in 3 ke\u00e7mi\u015f \u201cprezident\u201di v\u0259 \u201cparlament s\u0259dri\u201dnin saxlan\u0131ld\u0131\u011f\u0131 bildirilir - MEYDAN.TV","robots":{"index":"index","follow":"follow","max-snippet":"max-snippet:-1","max-image-preview":"max-image-preview:large","max-video-preview":"max-video-preview:-1"},"canonical":"https:\/\/www.meydan.tv\/az\/article\/qukasyan-saakyan-isxanyan-ve-arutyunyanin-saxlanildigi-bildirilir\/","og_locale":"az_AZ","og_type":"article","og_title":"Separat\u00e7\u0131 DQR-in 3 ke\u00e7mi\u015f \u201cprezident\u201di v\u0259 \u201cparlament s\u0259dri\u201dnin saxlan\u0131ld\u0131\u011f\u0131 bildirilir - MEYDAN.TV","og_description":"Onlar\u0131n Bak\u0131ya g\u0259tirildiyi deyilir Separat\u00e7\u0131 &#8220;Da\u011fl\u0131q Qaraba\u011f Respublikas\u0131&#8221;n\u0131n ke\u00e7mi\u015f \u201cprezident\u201dl\u0259ri ... Davam\u0131","og_url":"https:\/\/www.meydan.tv\/az\/article\/qukasyan-saakyan-isxanyan-ve-arutyunyanin-saxlanildigi-bildirilir\/","og_site_name":"MEYDAN.TV","article_published_time":"2023-10-03T16:44:39+00:00","article_modified_time":"2023-10-03T17:02:22+00:00","og_image":[{"width":1200,"height":406,"url":"https:\/\/www.meydan.tv\/wp-content\/uploads\/912c0f3d7dca0725ded2c23f0a44ac5f-e1696352526495.jpg","type":"image\/jpeg"}],"author":"elli","twitter_card":"summary_large_image","twitter_creator":"@elli","schema":{"@context":"https:\/\/schema.org","@graph":[{"@type":"Article","@id":"https:\/\/www.meydan.tv\/az\/article\/qukasyan-saakyan-isxanyan-ve-arutyunyanin-saxlanildigi-bildirilir\/#article","isPartOf":{"@id":"https:\/\/www.meydan.tv\/az\/article\/qukasyan-saakyan-isxanyan-ve-arutyunyanin-saxlanildigi-bildirilir\/"},"author":{"name":"elli","@id":"https:\/\/www.meydan.tv\/az\/#\/schema\/person\/9cdbecf90d17180ce1dfbd95b08dcf47"},"headline":"Separat\u00e7\u0131 DQR-in 3 ke\u00e7mi\u015f \u201cprezident\u201di v\u0259 \u201cparlament s\u0259dri\u201dnin saxlan\u0131ld\u0131\u011f\u0131 bildirilir","datePublished":"2023-10-03T16:44:39+00:00","dateModified":"2023-10-03T17:02:22+00:00","mainEntityOfPage":{"@id":"https:\/\/www.meydan.tv\/az\/article\/qukasyan-saakyan-isxanyan-ve-arutyunyanin-saxlanildigi-bildirilir\/"},"wordCount":641,"publisher":{"@id":"https:\/\/www.meydan.tv\/az\/#organization"},"image":{"@id":"https:\/\/www.meydan.tv\/az\/article\/qukasyan-saakyan-isxanyan-ve-arutyunyanin-saxlanildigi-bildirilir\/#primaryimage"},"thumbnailUrl":"https:\/\/www.meydan.tv\/wp-content\/uploads\/912c0f3d7dca0725ded2c23f0a44ac5f-e1696352526495.jpg","articleSection":["Siyas\u0259t","T\u00f6vsiy\u0259","X\u0259b\u0259rl\u0259r"],"inLanguage":"az"},{"@type":"WebPage","@id":"https:\/\/www.meydan.tv\/az\/article\/qukasyan-saakyan-isxanyan-ve-arutyunyanin-saxlanildigi-bildirilir\/","url":"https:\/\/www.meydan.tv\/az\/article\/qukasyan-saakyan-isxanyan-ve-arutyunyanin-saxlanildigi-bildirilir\/","name":"Separat\u00e7\u0131 DQR-in 3 ke\u00e7mi\u015f \u201cprezident\u201di v\u0259 \u201cparlament s\u0259dri\u201dnin saxlan\u0131ld\u0131\u011f\u0131 bildirilir - MEYDAN.TV","isPartOf":{"@id":"https:\/\/www.meydan.tv\/az\/#website"},"primaryImageOfPage":{"@id":"https:\/\/www.meydan.tv\/az\/article\/qukasyan-saakyan-isxanyan-ve-arutyunyanin-saxlanildigi-bildirilir\/#primaryimage"},"image":{"@id":"https:\/\/www.meydan.tv\/az\/article\/qukasyan-saakyan-isxanyan-ve-arutyunyanin-saxlanildigi-bildirilir\/#primaryimage"},"thumbnailUrl":"https:\/\/www.meydan.tv\/wp-content\/uploads\/912c0f3d7dca0725ded2c23f0a44ac5f-e1696352526495.jpg","datePublished":"2023-10-03T16:44:39+00:00","dateModified":"2023-10-03T17:02:22+00:00","breadcrumb":{"@id":"https:\/\/www.meydan.tv\/az\/article\/qukasyan-saakyan-isxanyan-ve-arutyunyanin-saxlanildigi-bildirilir\/#breadcrumb"},"inLanguage":"az","potentialAction":[{"@type":"ReadAction","target":["https:\/\/www.meydan.tv\/az\/article\/qukasyan-saakyan-isxanyan-ve-arutyunyanin-saxlanildigi-bildirilir\/"]}]},{"@type":"ImageObject","inLanguage":"az","@id":"https:\/\/www.meydan.tv\/az\/article\/qukasyan-saakyan-isxanyan-ve-arutyunyanin-saxlanildigi-bildirilir\/#primaryimage","url":"https:\/\/www.meydan.tv\/wp-content\/uploads\/912c0f3d7dca0725ded2c23f0a44ac5f-e1696352526495.jpg","contentUrl":"https:\/\/www.meydan.tv\/wp-content\/uploads\/912c0f3d7dca0725ded2c23f0a44ac5f-e1696352526495.jpg","width":1200,"height":406,"caption":"Foto: arxiv"},{"@type":"BreadcrumbList","@id":"https:\/\/www.meydan.tv\/az\/article\/qukasyan-saakyan-isxanyan-ve-arutyunyanin-saxlanildigi-bildirilir\/#breadcrumb","itemListElement":[{"@type":"ListItem","position":1,"name":"Ana s\u0259hif\u0259","item":"https:\/\/www.meydan.tv\/az\/"},{"@type":"ListItem","position":2,"name":"Siyas\u0259t","item":"https:\/\/www.meydan.tv\/az\/section\/siyaset\/"},{"@type":"ListItem","position":3,"name":"Separat\u00e7\u0131 DQR-in 3 ke\u00e7mi\u015f \u201cprezident\u201di v\u0259 \u201cparlament s\u0259dri\u201dnin saxlan\u0131ld\u0131\u011f\u0131 bildirilir"}]},{"@type":"WebSite","@id":"https:\/\/www.meydan.tv\/az\/#website","url":"https:\/\/www.meydan.tv\/az\/","name":"MEYDAN.TV","description":"Meydan TV Az\u0259rbaycan\u0131n media m\u0259kan\u0131ndak\u0131 alternativ s\u0259sidir","publisher":{"@id":"https:\/\/www.meydan.tv\/az\/#organization"},"potentialAction":[{"@type":"SearchAction","target":{"@type":"EntryPoint","urlTemplate":"https:\/\/www.meydan.tv\/az\/?s={search_term_string}"},"query-input":{"@type":"PropertyValueSpecification","valueRequired":true,"valueName":"search_term_string"}}],"inLanguage":"az"},{"@type":"Organization","@id":"https:\/\/www.meydan.tv\/az\/#organization","name":"Meydan TV","url":"https:\/\/www.meydan.tv\/az\/","logo":{"@type":"ImageObject","inLanguage":"az","@id":"https:\/\/www.meydan.tv\/az\/#\/schema\/logo\/image\/","url":"https:\/\/www.meydan.tv\/wp-content\/uploads\/2021\/07\/meydan-logo.svg","contentUrl":"https:\/\/www.meydan.tv\/wp-content\/uploads\/2021\/07\/meydan-logo.svg","width":195,"height":46,"caption":"Meydan TV"},"image":{"@id":"https:\/\/www.meydan.tv\/az\/#\/schema\/logo\/image\/"}},{"@type":"Person","@id":"https:\/\/www.meydan.tv\/az\/#\/schema\/person\/9cdbecf90d17180ce1dfbd95b08dcf47","name":"elli","sameAs":["https:\/\/x.com\/elli"]}]}},"_links":{"self":[{"href":"https:\/\/www.meydan.tv\/az\/wp-json\/wp\/v2\/posts\/286804","targetHints":{"allow":["GET"]}}],"collection":[{"href":"https:\/\/www.meydan.tv\/az\/wp-json\/wp\/v2\/posts"}],"about":[{"href":"https:\/\/www.meydan.tv\/az\/wp-json\/wp\/v2\/types\/post"}],"author":[{"embeddable":true,"href":"https:\/\/www.meydan.tv\/az\/wp-json\/wp\/v2\/users\/8"}],"replies":[{"embeddable":true,"href":"https:\/\/www.meydan.tv\/az\/wp-json\/wp\/v2\/comments?post=286804"}],"version-history":[{"count":6,"href":"https:\/\/www.meydan.tv\/az\/wp-json\/wp\/v2\/posts\/286804\/revisions"}],"predecessor-version":[{"id":286817,"href":"https:\/\/www.meydan.tv\/az\/wp-json\/wp\/v2\/posts\/286804\/revisions\/286817"}],"wp:featuredmedia":[{"embeddable":true,"href":"https:\/\/www.meydan.tv\/az\/wp-json\/wp\/v2\/media\/286808"}],"wp:attachment":[{"href":"https:\/\/www.meydan.tv\/az\/wp-json\/wp\/v2\/media?parent=286804"}],"wp:term":[{"taxonomy":"category","embeddable":true,"href":"https:\/\/www.meydan.tv\/az\/wp-json\/wp\/v2\/categories?post=286804"},{"taxonomy":"post_tag","embeddable":true,"href":"https:\/\/www.meydan.tv\/az\/wp-json\/wp\/v2\/tags?post=286804"}],"curies":[{"name":"wp","href":"https:\/\/api.w.org\/{rel}","templated":true}]}}