{"id":286796,"date":"2023-10-03T20:47:50","date_gmt":"2023-10-03T16:47:50","guid":{"rendered":"https:\/\/www.meydan.tv\/?p=286796"},"modified":"2023-10-03T20:47:54","modified_gmt":"2023-10-03T16:47:54","slug":"ramzan-kadirov-qizina-cecenistanin-xalq-artisti-adini-verib","status":"publish","type":"post","link":"https:\/\/www.meydan.tv\/az\/article\/ramzan-kadirov-qizina-cecenistanin-xalq-artisti-adini-verib\/","title":{"rendered":"Ramzan Kad\u0131rov q\u0131z\u0131na \u00c7e\u00e7enistan\u0131n Xalq artisti ad\u0131n\u0131 verib"},"content":{"rendered":"\n<p><\/p>\n\n\n\n<p><em><strong>Kremld\u0259n deyibl\u0259r ki, bu, Kad\u0131rovun m\u00fcst\u0259sna s\u0259lahiyy\u0259tidir<\/strong><\/em><\/p>\n\n\n\n<p>\u00c7e\u00e7enistan r\u0259hb\u0259ri Ramzan Kad\u0131rovun 24 ya\u015fl\u0131 q\u0131z\u0131 Ay\u015fat\u0131n \u201c\u00c7e\u00e7enistan\u0131n Xalq artisti\u201d ad\u0131na layiq g\u00f6r\u00fcld\u00fcy\u00fc bildirilir.<\/p>\n\n\n\n<p>Bu bar\u0259d\u0259 Ramzan Kad\u0131rov &#8220;Telegram&#8221; kanal\u0131nda m\u0259lumat yay\u0131b.<\/p>\n\n\n\n<p>Bildirilir ki, m\u00fckafatland\u0131rma m\u0259rasimi oktyabr\u0131n 2-si ax\u015fam ba\u015f tutub.<\/p>\n\n\n\n<p>M\u0259rasim zaman\u0131 Ay\u015fata h\u0259m\u00e7inin \u201cV\u0259t\u0259n\u0259 xidm\u0259tl\u0259rin\u0259 g\u00f6r\u0259\u201d ikinci d\u0259r\u0259c\u0259li orden t\u0259qdim edilib.<\/p>\n\n\n\n<p>O, bu m\u00fckafata Rusiya Pezidentinin sentyabr\u0131n \u0259vv\u0259li imzalad\u0131\u011f\u0131 f\u0259rmanla layiq g\u00f6r\u00fcl\u00fcb.<\/p>\n\n\n\n<p>\u201cPodyom\u201d n\u0259\u015frinin jurnalistl\u0259ri Putinin m\u0259tbuat katibi Dmitri Peskovdan Kad\u0131rov\u0131n q\u0131z\u0131na \u00c7e\u00e7enistan Xalq artisti ad\u0131 verilm\u0259sin\u0259 \u015f\u0259rh verm\u0259sini xahi\u015f edibl\u0259r.<\/p>\n\n\n\n<p>\u201c<em>Bu, b\u00f6lg\u0259 daxilind\u0259 kadr t\u0259yinat\u0131d\u0131r, b\u00f6lg\u0259 r\u0259hb\u0259rinin m\u00fcst\u0259sna s\u0259lahiyy\u0259tidir v\u0259 haz\u0131rda Kad\u0131rov \u00f6z s\u0259lahiyy\u0259tind\u0259n istifad\u0259 edir<\/em>\u201d, \u2013 Peskov b\u0259yan edib.<\/p>\n\n\n\n<p>Oktyabr\u0131n 2-si Ramzan Kad\u0131rov m\u0259lumat yay\u0131b ki, q\u0131z\u0131 Ay\u015fat\u0131n ba\u015f nazirin sosial m\u0259s\u0259l\u0259l\u0259r \u00fczr\u0259 m\u00fcavini v\u0259zif\u0259sin\u0259 namiz\u0259dliyini h\u00f6kum\u0259t \u00fczvl\u0259ri t\u0259klif edib.<\/p>\n\n\n\n<p>Kad\u0131rov bu t\u0259klifi d\u0259st\u0259kl\u0259diyini yaz\u0131b v\u0259 \u0259lav\u0259 edib ki, 24 ya\u015fl\u0131 Ay\u015fat M\u0259d\u0259niyy\u0259t Nazirliyinin f\u0259aliyy\u0259tinin yax\u015f\u0131la\u015fmas\u0131na b\u00f6y\u00fck t\u00f6hf\u0259l\u0259r verib v\u0259 bu sah\u0259d\u0259 i\u015f t\u0259cr\u00fcb\u0259si y\u0131\u011f\u0131b.<\/p>\n\n\n\n<p>Ay\u015fat Kad\u0131rova 2021-ci ilin oktyabr\u0131ndan \u00c7e\u00e7enistan m\u0259d\u0259niyy\u0259t naziri v\u0259zif\u0259sini tutub.<\/p>\n\n\n\n<p>O, bundan \u0259vv\u0259l \u00c7e\u00e7enistan m\u0259d\u0259niyy\u0259t nazirinin birinci m\u00fcavini olub.<\/p>\n\n\n\n<p>Respublika r\u0259hb\u0259rinin q\u0131z\u0131 d\u00f6vl\u0259t xidm\u0259tin\u0259d\u0259k \u00fc\u00e7 il &#8220;Firdaws&#8221; islam moda evini idar\u0259 edib<\/p>\n","protected":false},"excerpt":{"rendered":"<p>Kremld\u0259n deyibl\u0259r ki, bu, Kad\u0131rovun m\u00fcst\u0259sna s\u0259lahiyy\u0259tidir \u00c7e\u00e7enistan r\u0259hb\u0259ri Ramzan &#8230; <\/p>\n<p class=\"read-more-container\"><a title=\"Ramzan Kad\u0131rov q\u0131z\u0131na \u00c7e\u00e7enistan\u0131n Xalq artisti ad\u0131n\u0131 verib\" class=\"read-more button\" href=\"https:\/\/www.meydan.tv\/az\/article\/ramzan-kadirov-qizina-cecenistanin-xalq-artisti-adini-verib\/#more-286796\" aria-label=\"Read more about Ramzan Kad\u0131rov q\u0131z\u0131na \u00c7e\u00e7enistan\u0131n Xalq artisti ad\u0131n\u0131 verib\">Davam\u0131<\/a><\/p>\n","protected":false},"author":13,"featured_media":286805,"comment_status":"closed","ping_status":"closed","sticky":false,"template":"","format":"standard","meta":{"_acf_changed":false,"_sitemap_exclude":false,"_sitemap_priority":"","_sitemap_frequency":"","footnotes":""},"categories":[64,52,56],"tags":[],"class_list":["post-286796","post","type-post","status-publish","format-standard","has-post-thumbnail","hentry","category-dunya","category-medeniyyet","category-xeberler","infinite-scroll-item","generate-columns","tablet-grid-50","mobile-grid-100","grid-parent","grid-33","no-featured-image-padding"],"acf":[],"yoast_head":"<!-- This site is optimized with the Yoast SEO plugin v27.4 - https:\/\/yoast.com\/product\/yoast-seo-wordpress\/ -->\n<title>Ramzan Kad\u0131rov q\u0131z\u0131na \u00c7e\u00e7enistan\u0131n Xalq artisti ad\u0131n\u0131 verib - MEYDAN.TV<\/title>\n<meta name=\"robots\" content=\"index, follow, max-snippet:-1, max-image-preview:large, max-video-preview:-1\" \/>\n<link rel=\"canonical\" href=\"https:\/\/www.meydan.tv\/az\/article\/ramzan-kadirov-qizina-cecenistanin-xalq-artisti-adini-verib\/\" \/>\n<meta property=\"og:locale\" content=\"az_AZ\" \/>\n<meta property=\"og:type\" content=\"article\" \/>\n<meta property=\"og:title\" content=\"Ramzan Kad\u0131rov q\u0131z\u0131na \u00c7e\u00e7enistan\u0131n Xalq artisti ad\u0131n\u0131 verib - MEYDAN.TV\" \/>\n<meta property=\"og:description\" content=\"Kremld\u0259n deyibl\u0259r ki, bu, Kad\u0131rovun m\u00fcst\u0259sna s\u0259lahiyy\u0259tidir \u00c7e\u00e7enistan r\u0259hb\u0259ri Ramzan ... Davam\u0131\" \/>\n<meta property=\"og:url\" content=\"https:\/\/www.meydan.tv\/az\/article\/ramzan-kadirov-qizina-cecenistanin-xalq-artisti-adini-verib\/\" \/>\n<meta property=\"og:site_name\" content=\"MEYDAN.TV\" \/>\n<meta property=\"article:published_time\" content=\"2023-10-03T16:47:50+00:00\" \/>\n<meta property=\"article:modified_time\" content=\"2023-10-03T16:47:54+00:00\" \/>\n<meta property=\"og:image\" content=\"https:\/\/www.meydan.tv\/wp-content\/uploads\/view_ayshat2.jpg\" \/>\n\t<meta property=\"og:image:width\" content=\"500\" \/>\n\t<meta property=\"og:image:height\" content=\"269\" \/>\n\t<meta property=\"og:image:type\" content=\"image\/jpeg\" \/>\n<meta name=\"author\" content=\"meri\" \/>\n<meta name=\"twitter:card\" content=\"summary_large_image\" \/>\n<script type=\"application\/ld+json\" class=\"yoast-schema-graph\">{\"@context\":\"https:\\\/\\\/schema.org\",\"@graph\":[{\"@type\":\"Article\",\"@id\":\"https:\\\/\\\/www.meydan.tv\\\/az\\\/article\\\/ramzan-kadirov-qizina-cecenistanin-xalq-artisti-adini-verib\\\/#article\",\"isPartOf\":{\"@id\":\"https:\\\/\\\/www.meydan.tv\\\/az\\\/article\\\/ramzan-kadirov-qizina-cecenistanin-xalq-artisti-adini-verib\\\/\"},\"author\":{\"name\":\"meri\",\"@id\":\"https:\\\/\\\/www.meydan.tv\\\/az\\\/#\\\/schema\\\/person\\\/f5399057f0b7fa223fa6c9b7c3321968\"},\"headline\":\"Ramzan Kad\u0131rov q\u0131z\u0131na \u00c7e\u00e7enistan\u0131n Xalq artisti ad\u0131n\u0131 verib\",\"datePublished\":\"2023-10-03T16:47:50+00:00\",\"dateModified\":\"2023-10-03T16:47:54+00:00\",\"mainEntityOfPage\":{\"@id\":\"https:\\\/\\\/www.meydan.tv\\\/az\\\/article\\\/ramzan-kadirov-qizina-cecenistanin-xalq-artisti-adini-verib\\\/\"},\"wordCount\":336,\"publisher\":{\"@id\":\"https:\\\/\\\/www.meydan.tv\\\/az\\\/#organization\"},\"image\":{\"@id\":\"https:\\\/\\\/www.meydan.tv\\\/az\\\/article\\\/ramzan-kadirov-qizina-cecenistanin-xalq-artisti-adini-verib\\\/#primaryimage\"},\"thumbnailUrl\":\"https:\\\/\\\/www.meydan.tv\\\/wp-content\\\/uploads\\\/view_ayshat2.jpg\",\"articleSection\":[\"D\u00fcnya\",\"M\u0259d\u0259niyy\u0259t\",\"X\u0259b\u0259rl\u0259r\"],\"inLanguage\":\"az\"},{\"@type\":\"WebPage\",\"@id\":\"https:\\\/\\\/www.meydan.tv\\\/az\\\/article\\\/ramzan-kadirov-qizina-cecenistanin-xalq-artisti-adini-verib\\\/\",\"url\":\"https:\\\/\\\/www.meydan.tv\\\/az\\\/article\\\/ramzan-kadirov-qizina-cecenistanin-xalq-artisti-adini-verib\\\/\",\"name\":\"Ramzan Kad\u0131rov q\u0131z\u0131na \u00c7e\u00e7enistan\u0131n Xalq artisti ad\u0131n\u0131 verib - MEYDAN.TV\",\"isPartOf\":{\"@id\":\"https:\\\/\\\/www.meydan.tv\\\/az\\\/#website\"},\"primaryImageOfPage\":{\"@id\":\"https:\\\/\\\/www.meydan.tv\\\/az\\\/article\\\/ramzan-kadirov-qizina-cecenistanin-xalq-artisti-adini-verib\\\/#primaryimage\"},\"image\":{\"@id\":\"https:\\\/\\\/www.meydan.tv\\\/az\\\/article\\\/ramzan-kadirov-qizina-cecenistanin-xalq-artisti-adini-verib\\\/#primaryimage\"},\"thumbnailUrl\":\"https:\\\/\\\/www.meydan.tv\\\/wp-content\\\/uploads\\\/view_ayshat2.jpg\",\"datePublished\":\"2023-10-03T16:47:50+00:00\",\"dateModified\":\"2023-10-03T16:47:54+00:00\",\"breadcrumb\":{\"@id\":\"https:\\\/\\\/www.meydan.tv\\\/az\\\/article\\\/ramzan-kadirov-qizina-cecenistanin-xalq-artisti-adini-verib\\\/#breadcrumb\"},\"inLanguage\":\"az\",\"potentialAction\":[{\"@type\":\"ReadAction\",\"target\":[\"https:\\\/\\\/www.meydan.tv\\\/az\\\/article\\\/ramzan-kadirov-qizina-cecenistanin-xalq-artisti-adini-verib\\\/\"]}]},{\"@type\":\"ImageObject\",\"inLanguage\":\"az\",\"@id\":\"https:\\\/\\\/www.meydan.tv\\\/az\\\/article\\\/ramzan-kadirov-qizina-cecenistanin-xalq-artisti-adini-verib\\\/#primaryimage\",\"url\":\"https:\\\/\\\/www.meydan.tv\\\/wp-content\\\/uploads\\\/view_ayshat2.jpg\",\"contentUrl\":\"https:\\\/\\\/www.meydan.tv\\\/wp-content\\\/uploads\\\/view_ayshat2.jpg\",\"width\":500,\"height\":269,\"caption\":\"Ay\u015fat Kad\u0131rova, Foto: kavkaz-uzel.eu\"},{\"@type\":\"BreadcrumbList\",\"@id\":\"https:\\\/\\\/www.meydan.tv\\\/az\\\/article\\\/ramzan-kadirov-qizina-cecenistanin-xalq-artisti-adini-verib\\\/#breadcrumb\",\"itemListElement\":[{\"@type\":\"ListItem\",\"position\":1,\"name\":\"Ana s\u0259hif\u0259\",\"item\":\"https:\\\/\\\/www.meydan.tv\\\/az\\\/\"},{\"@type\":\"ListItem\",\"position\":2,\"name\":\"D\u00fcnya\",\"item\":\"https:\\\/\\\/www.meydan.tv\\\/az\\\/section\\\/dunya\\\/\"},{\"@type\":\"ListItem\",\"position\":3,\"name\":\"Ramzan Kad\u0131rov q\u0131z\u0131na \u00c7e\u00e7enistan\u0131n Xalq artisti ad\u0131n\u0131 verib\"}]},{\"@type\":\"WebSite\",\"@id\":\"https:\\\/\\\/www.meydan.tv\\\/az\\\/#website\",\"url\":\"https:\\\/\\\/www.meydan.tv\\\/az\\\/\",\"name\":\"MEYDAN.TV\",\"description\":\"Meydan TV Az\u0259rbaycan\u0131n media m\u0259kan\u0131ndak\u0131 alternativ s\u0259sidir\",\"publisher\":{\"@id\":\"https:\\\/\\\/www.meydan.tv\\\/az\\\/#organization\"},\"potentialAction\":[{\"@type\":\"SearchAction\",\"target\":{\"@type\":\"EntryPoint\",\"urlTemplate\":\"https:\\\/\\\/www.meydan.tv\\\/az\\\/?s={search_term_string}\"},\"query-input\":{\"@type\":\"PropertyValueSpecification\",\"valueRequired\":true,\"valueName\":\"search_term_string\"}}],\"inLanguage\":\"az\"},{\"@type\":\"Organization\",\"@id\":\"https:\\\/\\\/www.meydan.tv\\\/az\\\/#organization\",\"name\":\"Meydan TV\",\"url\":\"https:\\\/\\\/www.meydan.tv\\\/az\\\/\",\"logo\":{\"@type\":\"ImageObject\",\"inLanguage\":\"az\",\"@id\":\"https:\\\/\\\/www.meydan.tv\\\/az\\\/#\\\/schema\\\/logo\\\/image\\\/\",\"url\":\"https:\\\/\\\/www.meydan.tv\\\/wp-content\\\/uploads\\\/2021\\\/07\\\/meydan-logo.svg\",\"contentUrl\":\"https:\\\/\\\/www.meydan.tv\\\/wp-content\\\/uploads\\\/2021\\\/07\\\/meydan-logo.svg\",\"width\":195,\"height\":46,\"caption\":\"Meydan TV\"},\"image\":{\"@id\":\"https:\\\/\\\/www.meydan.tv\\\/az\\\/#\\\/schema\\\/logo\\\/image\\\/\"}},{\"@type\":\"Person\",\"@id\":\"https:\\\/\\\/www.meydan.tv\\\/az\\\/#\\\/schema\\\/person\\\/f5399057f0b7fa223fa6c9b7c3321968\",\"name\":\"meri\"}]}<\/script>\n<!-- \/ Yoast SEO plugin. -->","yoast_head_json":{"title":"Ramzan Kad\u0131rov q\u0131z\u0131na \u00c7e\u00e7enistan\u0131n Xalq artisti ad\u0131n\u0131 verib - MEYDAN.TV","robots":{"index":"index","follow":"follow","max-snippet":"max-snippet:-1","max-image-preview":"max-image-preview:large","max-video-preview":"max-video-preview:-1"},"canonical":"https:\/\/www.meydan.tv\/az\/article\/ramzan-kadirov-qizina-cecenistanin-xalq-artisti-adini-verib\/","og_locale":"az_AZ","og_type":"article","og_title":"Ramzan Kad\u0131rov q\u0131z\u0131na \u00c7e\u00e7enistan\u0131n Xalq artisti ad\u0131n\u0131 verib - MEYDAN.TV","og_description":"Kremld\u0259n deyibl\u0259r ki, bu, Kad\u0131rovun m\u00fcst\u0259sna s\u0259lahiyy\u0259tidir \u00c7e\u00e7enistan r\u0259hb\u0259ri Ramzan ... Davam\u0131","og_url":"https:\/\/www.meydan.tv\/az\/article\/ramzan-kadirov-qizina-cecenistanin-xalq-artisti-adini-verib\/","og_site_name":"MEYDAN.TV","article_published_time":"2023-10-03T16:47:50+00:00","article_modified_time":"2023-10-03T16:47:54+00:00","og_image":[{"width":500,"height":269,"url":"https:\/\/www.meydan.tv\/wp-content\/uploads\/view_ayshat2.jpg","type":"image\/jpeg"}],"author":"meri","twitter_card":"summary_large_image","schema":{"@context":"https:\/\/schema.org","@graph":[{"@type":"Article","@id":"https:\/\/www.meydan.tv\/az\/article\/ramzan-kadirov-qizina-cecenistanin-xalq-artisti-adini-verib\/#article","isPartOf":{"@id":"https:\/\/www.meydan.tv\/az\/article\/ramzan-kadirov-qizina-cecenistanin-xalq-artisti-adini-verib\/"},"author":{"name":"meri","@id":"https:\/\/www.meydan.tv\/az\/#\/schema\/person\/f5399057f0b7fa223fa6c9b7c3321968"},"headline":"Ramzan Kad\u0131rov q\u0131z\u0131na \u00c7e\u00e7enistan\u0131n Xalq artisti ad\u0131n\u0131 verib","datePublished":"2023-10-03T16:47:50+00:00","dateModified":"2023-10-03T16:47:54+00:00","mainEntityOfPage":{"@id":"https:\/\/www.meydan.tv\/az\/article\/ramzan-kadirov-qizina-cecenistanin-xalq-artisti-adini-verib\/"},"wordCount":336,"publisher":{"@id":"https:\/\/www.meydan.tv\/az\/#organization"},"image":{"@id":"https:\/\/www.meydan.tv\/az\/article\/ramzan-kadirov-qizina-cecenistanin-xalq-artisti-adini-verib\/#primaryimage"},"thumbnailUrl":"https:\/\/www.meydan.tv\/wp-content\/uploads\/view_ayshat2.jpg","articleSection":["D\u00fcnya","M\u0259d\u0259niyy\u0259t","X\u0259b\u0259rl\u0259r"],"inLanguage":"az"},{"@type":"WebPage","@id":"https:\/\/www.meydan.tv\/az\/article\/ramzan-kadirov-qizina-cecenistanin-xalq-artisti-adini-verib\/","url":"https:\/\/www.meydan.tv\/az\/article\/ramzan-kadirov-qizina-cecenistanin-xalq-artisti-adini-verib\/","name":"Ramzan Kad\u0131rov q\u0131z\u0131na \u00c7e\u00e7enistan\u0131n Xalq artisti ad\u0131n\u0131 verib - MEYDAN.TV","isPartOf":{"@id":"https:\/\/www.meydan.tv\/az\/#website"},"primaryImageOfPage":{"@id":"https:\/\/www.meydan.tv\/az\/article\/ramzan-kadirov-qizina-cecenistanin-xalq-artisti-adini-verib\/#primaryimage"},"image":{"@id":"https:\/\/www.meydan.tv\/az\/article\/ramzan-kadirov-qizina-cecenistanin-xalq-artisti-adini-verib\/#primaryimage"},"thumbnailUrl":"https:\/\/www.meydan.tv\/wp-content\/uploads\/view_ayshat2.jpg","datePublished":"2023-10-03T16:47:50+00:00","dateModified":"2023-10-03T16:47:54+00:00","breadcrumb":{"@id":"https:\/\/www.meydan.tv\/az\/article\/ramzan-kadirov-qizina-cecenistanin-xalq-artisti-adini-verib\/#breadcrumb"},"inLanguage":"az","potentialAction":[{"@type":"ReadAction","target":["https:\/\/www.meydan.tv\/az\/article\/ramzan-kadirov-qizina-cecenistanin-xalq-artisti-adini-verib\/"]}]},{"@type":"ImageObject","inLanguage":"az","@id":"https:\/\/www.meydan.tv\/az\/article\/ramzan-kadirov-qizina-cecenistanin-xalq-artisti-adini-verib\/#primaryimage","url":"https:\/\/www.meydan.tv\/wp-content\/uploads\/view_ayshat2.jpg","contentUrl":"https:\/\/www.meydan.tv\/wp-content\/uploads\/view_ayshat2.jpg","width":500,"height":269,"caption":"Ay\u015fat Kad\u0131rova, Foto: kavkaz-uzel.eu"},{"@type":"BreadcrumbList","@id":"https:\/\/www.meydan.tv\/az\/article\/ramzan-kadirov-qizina-cecenistanin-xalq-artisti-adini-verib\/#breadcrumb","itemListElement":[{"@type":"ListItem","position":1,"name":"Ana s\u0259hif\u0259","item":"https:\/\/www.meydan.tv\/az\/"},{"@type":"ListItem","position":2,"name":"D\u00fcnya","item":"https:\/\/www.meydan.tv\/az\/section\/dunya\/"},{"@type":"ListItem","position":3,"name":"Ramzan Kad\u0131rov q\u0131z\u0131na \u00c7e\u00e7enistan\u0131n Xalq artisti ad\u0131n\u0131 verib"}]},{"@type":"WebSite","@id":"https:\/\/www.meydan.tv\/az\/#website","url":"https:\/\/www.meydan.tv\/az\/","name":"MEYDAN.TV","description":"Meydan TV Az\u0259rbaycan\u0131n media m\u0259kan\u0131ndak\u0131 alternativ s\u0259sidir","publisher":{"@id":"https:\/\/www.meydan.tv\/az\/#organization"},"potentialAction":[{"@type":"SearchAction","target":{"@type":"EntryPoint","urlTemplate":"https:\/\/www.meydan.tv\/az\/?s={search_term_string}"},"query-input":{"@type":"PropertyValueSpecification","valueRequired":true,"valueName":"search_term_string"}}],"inLanguage":"az"},{"@type":"Organization","@id":"https:\/\/www.meydan.tv\/az\/#organization","name":"Meydan TV","url":"https:\/\/www.meydan.tv\/az\/","logo":{"@type":"ImageObject","inLanguage":"az","@id":"https:\/\/www.meydan.tv\/az\/#\/schema\/logo\/image\/","url":"https:\/\/www.meydan.tv\/wp-content\/uploads\/2021\/07\/meydan-logo.svg","contentUrl":"https:\/\/www.meydan.tv\/wp-content\/uploads\/2021\/07\/meydan-logo.svg","width":195,"height":46,"caption":"Meydan TV"},"image":{"@id":"https:\/\/www.meydan.tv\/az\/#\/schema\/logo\/image\/"}},{"@type":"Person","@id":"https:\/\/www.meydan.tv\/az\/#\/schema\/person\/f5399057f0b7fa223fa6c9b7c3321968","name":"meri"}]}},"_links":{"self":[{"href":"https:\/\/www.meydan.tv\/az\/wp-json\/wp\/v2\/posts\/286796","targetHints":{"allow":["GET"]}}],"collection":[{"href":"https:\/\/www.meydan.tv\/az\/wp-json\/wp\/v2\/posts"}],"about":[{"href":"https:\/\/www.meydan.tv\/az\/wp-json\/wp\/v2\/types\/post"}],"author":[{"embeddable":true,"href":"https:\/\/www.meydan.tv\/az\/wp-json\/wp\/v2\/users\/13"}],"replies":[{"embeddable":true,"href":"https:\/\/www.meydan.tv\/az\/wp-json\/wp\/v2\/comments?post=286796"}],"version-history":[{"count":3,"href":"https:\/\/www.meydan.tv\/az\/wp-json\/wp\/v2\/posts\/286796\/revisions"}],"predecessor-version":[{"id":286812,"href":"https:\/\/www.meydan.tv\/az\/wp-json\/wp\/v2\/posts\/286796\/revisions\/286812"}],"wp:featuredmedia":[{"embeddable":true,"href":"https:\/\/www.meydan.tv\/az\/wp-json\/wp\/v2\/media\/286805"}],"wp:attachment":[{"href":"https:\/\/www.meydan.tv\/az\/wp-json\/wp\/v2\/media?parent=286796"}],"wp:term":[{"taxonomy":"category","embeddable":true,"href":"https:\/\/www.meydan.tv\/az\/wp-json\/wp\/v2\/categories?post=286796"},{"taxonomy":"post_tag","embeddable":true,"href":"https:\/\/www.meydan.tv\/az\/wp-json\/wp\/v2\/tags?post=286796"}],"curies":[{"name":"wp","href":"https:\/\/api.w.org\/{rel}","templated":true}]}}