{"id":286708,"date":"2023-10-03T13:16:37","date_gmt":"2023-10-03T09:16:37","guid":{"rendered":"https:\/\/www.meydan.tv\/?p=286708"},"modified":"2023-10-03T13:16:41","modified_gmt":"2023-10-03T09:16:41","slug":"qarabagdaki-emeliyyatlarda-helak-olanlarin-sayi-200-u-kecdi","status":"publish","type":"post","link":"https:\/\/www.meydan.tv\/az\/article\/qarabagdaki-emeliyyatlarda-helak-olanlarin-sayi-200-u-kecdi\/","title":{"rendered":"Qaraba\u011fdak\u0131 \u0259m\u0259liyyatlarda h\u0259lak olanlar\u0131n say\u0131 200-\u00fc ke\u00e7di"},"content":{"rendered":"\n<p><\/p>\n\n\n\n<p><strong><em>Nazirlik daha 5 h\u0259rb\u00e7inin ad\u0131n\u0131 a\u00e7\u0131qlad\u0131<\/em><\/strong><\/p>\n\n\n\n<p>M\u00fcdafi\u0259 Nazirliyi 19-20 sentyabr tarixl\u0259rind\u0259 Qaraba\u011fdak\u0131 h\u0259rbi \u0259m\u0259liyyatlarda h\u0259yat\u0131n\u0131 itir\u0259n daha 5 h\u0259rb\u00e7inin kimliyini a\u00e7\u0131qlay\u0131b.<\/p>\n\n\n\n<p>Nazirlik onlar\u0131n adlar\u0131n\u0131 t\u0259qdim etdiyi siyah\u0131ya \u0259lav\u0259 <a href=\"https:\/\/mod.gov.az\/\/images\/pdf\/b19adf559d4d4616b42e4d69b169166e.pdf\">edib<\/a>.<\/p>\n\n\n\n<p>Bununla da \u0259m\u0259liyyatlarda h\u0259lak olanlar\u0131n r\u0259smi say\u0131 \u00fcmumilikd\u0259 204 n\u0259f\u0259r\u0259 \u00e7at\u0131b.<\/p>\n\n\n\n<p>\u0130lkin yay\u0131lan siyah\u0131da M\u00fcdafi\u0259 Nazirliyinin 180 h\u0259rb\u00e7isinin, Daxili \u0130\u015fl\u0259r Nazirliyinin 12 \u0259m\u0259kda\u015f\u0131n\u0131n v\u0259 bir m\u00fclki \u015f\u0259xsin (\u00fcmumilikd\u0259 193 n\u0259f\u0259r) h\u0259lak oldu\u011fu <a href=\"https:\/\/www.meydan.tv\/az\/article\/mudafie-nazirliyi-helak-olan-herbcilerin-siyahisini-aciqladi\/\">bildirilirdi.<\/a><\/p>\n\n\n\n<p>Lokal \u0259m\u0259liyyatlar n\u0259tic\u0259sind\u0259 Az\u0259rbaycan\u0131n 511 h\u0259rbi qulluq\u00e7usunun v\u0259 1 m\u00fclki \u015f\u0259xsin yaraland\u0131\u011f\u0131 da a\u00e7\u0131qlanm\u0131\u015fd\u0131.<\/p>\n\n\n\n<p>Meydan TV-nin yayd\u0131\u011f\u0131 siyah\u0131da is\u0259 h\u0259lak olanlar\u0131n say\u0131 200 n\u0259f\u0259r idi.<\/p>\n\n\n\n<p><strong>Qaraba\u011fda son \u0259m\u0259liyyatlar<\/strong><\/p>\n\n\n\n<p>Az\u0259rbaycan M\u00fcdafi\u0259 Nazirliyi sentyabr\u0131n 19-da Qaraba\u011fda lokal h\u0259rbi \u0259m\u0259liyyatlara ba\u015flad\u0131\u011f\u0131n\u0131 a\u00e7\u0131qlay\u0131b.<\/p>\n\n\n\n<p>Qurumun yayd\u0131\u011f\u0131 r\u0259smi m\u0259lumatda deyilir ki, buna s\u0259b\u0259b t\u00f6r\u0259dil\u0259n geni\u015fmiqyasl\u0131 t\u0259xribatlar\u0131n qar\u015f\u0131s\u0131n\u0131n al\u0131nmas\u0131, Erm\u0259nistan silahl\u0131 q\u00fcvv\u0259l\u0259rinin birl\u0259\u015fm\u0259l\u0259rinin t\u0259rksilah edil\u0259r\u0259k \u0259razid\u0259n \u00e7\u0131xar\u0131lmas\u0131, onlar\u0131n h\u0259rbi infrastrukturunun z\u0259r\u0259rsizl\u0259\u015fdirilm\u0259sidir.<\/p>\n\n\n\n<p>\u018fm\u0259liyyatlar sentyabr\u0131n 19-da s\u0259h\u0259r\u0259 yax\u0131n saat 4:30 rad\u0259l\u0259rind\u0259 Xocav\u0259ndin Ta\u011faverd k\u0259ndi \u0259razisind\u0259 yeni in\u015fa olunan tunel yolunda polis \u0259m\u0259kda\u015flar\u0131n\u0131n oldu\u011fu \u201cKamaz\u201d\u0131n minaya d\u00fc\u015fm\u0259si v\u0259 n\u0259tic\u0259d\u0259 4 polisin, h\u0259m\u00e7inin \u201cAz\u0259rbaycan Avtomobil Yollar\u0131\u201d D\u00f6vl\u0259t Agentliyinin iki \u0259m\u0259kda\u015f\u0131n\u0131n hadis\u0259 yerind\u0259 h\u0259lak olmas\u0131 il\u0259 \u0259sasland\u0131r\u0131l\u0131r.<\/p>\n\n\n\n<p><strong>\u0130kinci Qaraba\u011f m\u00fcnaqi\u015f\u0259nin q\u0131sa xronikas\u0131<\/strong><\/p>\n\n\n\n<p>2020-ci ilin sentyabr\u0131nda Az\u0259rbaycan v\u0259 Erm\u0259nistan silahl\u0131 q\u00fcvv\u0259l\u0259ri aras\u0131nda ba\u015f vermi\u015f 44 g\u00fcnl\u00fck \u0130kinci Qaraba\u011f m\u00fcharib\u0259si n\u0259tic\u0259sind\u0259 is\u0259 Az\u0259rbaycan Qaraba\u011f\u0131n bir hiss\u0259sin\u0259 v\u0259 \u0259traf 7 rayona n\u0259zar\u0259ti b\u0259rpa edib.<\/p>\n\n\n\n<p>Az\u0259rbaycan, Erm\u0259nistan v\u0259 Rusiya r\u0259hb\u0259rliyinin imzalad\u0131\u011f\u0131 \u00fc\u00e7t\u0259r\u0259fli birg\u0259 b\u0259yanatla d\u00f6y\u00fc\u015fl\u0259r dayand\u0131r\u0131landan sonra La\u00e7\u0131n d\u0259hlizind\u0259 v\u0259 Qaraba\u011fdak\u0131 t\u0259mas x\u0259ttind\u0259 Rusiya s\u00fclhm\u0259raml\u0131lar\u0131 yerl\u0259\u015fdirilib.<\/p>\n\n\n\n<p>T\u0259r\u0259fl\u0259r aras\u0131nda indiy\u0259 kimi s\u00fclh sazi\u015fi imzalanmay\u0131b.<\/p>\n\n\n\n<p>Az\u0259rbaycan Xank\u0259ndi v\u0259 dig\u0259r \u0259razil\u0259rd\u0259 qanunsuz erm\u0259ni silahl\u0131 birl\u0259\u015fm\u0259l\u0259rinin oldu\u011funu iddia edirdi.<\/p>\n","protected":false},"excerpt":{"rendered":"<p>Nazirlik daha 5 h\u0259rb\u00e7inin ad\u0131n\u0131 a\u00e7\u0131qlad\u0131 M\u00fcdafi\u0259 Nazirliyi 19-20 sentyabr &#8230; <\/p>\n<p class=\"read-more-container\"><a title=\"Qaraba\u011fdak\u0131 \u0259m\u0259liyyatlarda h\u0259lak olanlar\u0131n say\u0131 200-\u00fc ke\u00e7di\" class=\"read-more button\" href=\"https:\/\/www.meydan.tv\/az\/article\/qarabagdaki-emeliyyatlarda-helak-olanlarin-sayi-200-u-kecdi\/#more-286708\" aria-label=\"Read more about Qaraba\u011fdak\u0131 \u0259m\u0259liyyatlarda h\u0259lak olanlar\u0131n say\u0131 200-\u00fc ke\u00e7di\">Davam\u0131<\/a><\/p>\n","protected":false},"author":8,"featured_media":2944,"comment_status":"closed","ping_status":"closed","sticky":false,"template":"","format":"standard","meta":{"_acf_changed":false,"_sitemap_exclude":false,"_sitemap_priority":"","_sitemap_frequency":"","footnotes":""},"categories":[59,79,56],"tags":[],"class_list":["post-286708","post","type-post","status-publish","format-standard","has-post-thumbnail","hentry","category-siyaset","category-featured","category-xeberler","infinite-scroll-item","generate-columns","tablet-grid-50","mobile-grid-100","grid-parent","grid-33","no-featured-image-padding"],"acf":[],"yoast_head":"<!-- This site is optimized with the Yoast SEO plugin v27.4 - https:\/\/yoast.com\/product\/yoast-seo-wordpress\/ -->\n<title>Qaraba\u011fdak\u0131 \u0259m\u0259liyyatlarda h\u0259lak olanlar\u0131n say\u0131 200-\u00fc ke\u00e7di - MEYDAN.TV<\/title>\n<meta name=\"robots\" content=\"index, follow, max-snippet:-1, max-image-preview:large, max-video-preview:-1\" \/>\n<link rel=\"canonical\" href=\"https:\/\/www.meydan.tv\/az\/article\/qarabagdaki-emeliyyatlarda-helak-olanlarin-sayi-200-u-kecdi\/\" \/>\n<meta property=\"og:locale\" content=\"az_AZ\" \/>\n<meta property=\"og:type\" content=\"article\" \/>\n<meta property=\"og:title\" content=\"Qaraba\u011fdak\u0131 \u0259m\u0259liyyatlarda h\u0259lak olanlar\u0131n say\u0131 200-\u00fc ke\u00e7di - MEYDAN.TV\" \/>\n<meta property=\"og:description\" content=\"Nazirlik daha 5 h\u0259rb\u00e7inin ad\u0131n\u0131 a\u00e7\u0131qlad\u0131 M\u00fcdafi\u0259 Nazirliyi 19-20 sentyabr ... Davam\u0131\" \/>\n<meta property=\"og:url\" content=\"https:\/\/www.meydan.tv\/az\/article\/qarabagdaki-emeliyyatlarda-helak-olanlarin-sayi-200-u-kecdi\/\" \/>\n<meta property=\"og:site_name\" content=\"MEYDAN.TV\" \/>\n<meta property=\"article:published_time\" content=\"2023-10-03T09:16:37+00:00\" \/>\n<meta property=\"article:modified_time\" content=\"2023-10-03T09:16:41+00:00\" \/>\n<meta property=\"og:image\" content=\"https:\/\/www.meydan.tv\/wp-content\/uploads\/ro0ll.jpeg\" \/>\n\t<meta property=\"og:image:width\" content=\"2048\" \/>\n\t<meta property=\"og:image:height\" content=\"888\" \/>\n\t<meta property=\"og:image:type\" content=\"image\/jpeg\" \/>\n<meta name=\"author\" content=\"elli\" \/>\n<meta name=\"twitter:card\" content=\"summary_large_image\" \/>\n<meta name=\"twitter:creator\" content=\"@elli\" \/>\n<script type=\"application\/ld+json\" class=\"yoast-schema-graph\">{\"@context\":\"https:\\\/\\\/schema.org\",\"@graph\":[{\"@type\":\"Article\",\"@id\":\"https:\\\/\\\/www.meydan.tv\\\/az\\\/article\\\/qarabagdaki-emeliyyatlarda-helak-olanlarin-sayi-200-u-kecdi\\\/#article\",\"isPartOf\":{\"@id\":\"https:\\\/\\\/www.meydan.tv\\\/az\\\/article\\\/qarabagdaki-emeliyyatlarda-helak-olanlarin-sayi-200-u-kecdi\\\/\"},\"author\":{\"name\":\"elli\",\"@id\":\"https:\\\/\\\/www.meydan.tv\\\/az\\\/#\\\/schema\\\/person\\\/9cdbecf90d17180ce1dfbd95b08dcf47\"},\"headline\":\"Qaraba\u011fdak\u0131 \u0259m\u0259liyyatlarda h\u0259lak olanlar\u0131n say\u0131 200-\u00fc ke\u00e7di\",\"datePublished\":\"2023-10-03T09:16:37+00:00\",\"dateModified\":\"2023-10-03T09:16:41+00:00\",\"mainEntityOfPage\":{\"@id\":\"https:\\\/\\\/www.meydan.tv\\\/az\\\/article\\\/qarabagdaki-emeliyyatlarda-helak-olanlarin-sayi-200-u-kecdi\\\/\"},\"wordCount\":432,\"publisher\":{\"@id\":\"https:\\\/\\\/www.meydan.tv\\\/az\\\/#organization\"},\"image\":{\"@id\":\"https:\\\/\\\/www.meydan.tv\\\/az\\\/article\\\/qarabagdaki-emeliyyatlarda-helak-olanlarin-sayi-200-u-kecdi\\\/#primaryimage\"},\"thumbnailUrl\":\"https:\\\/\\\/www.meydan.tv\\\/wp-content\\\/uploads\\\/ro0ll.jpeg\",\"articleSection\":[\"Siyas\u0259t\",\"T\u00f6vsiy\u0259\",\"X\u0259b\u0259rl\u0259r\"],\"inLanguage\":\"az\"},{\"@type\":\"WebPage\",\"@id\":\"https:\\\/\\\/www.meydan.tv\\\/az\\\/article\\\/qarabagdaki-emeliyyatlarda-helak-olanlarin-sayi-200-u-kecdi\\\/\",\"url\":\"https:\\\/\\\/www.meydan.tv\\\/az\\\/article\\\/qarabagdaki-emeliyyatlarda-helak-olanlarin-sayi-200-u-kecdi\\\/\",\"name\":\"Qaraba\u011fdak\u0131 \u0259m\u0259liyyatlarda h\u0259lak olanlar\u0131n say\u0131 200-\u00fc ke\u00e7di - MEYDAN.TV\",\"isPartOf\":{\"@id\":\"https:\\\/\\\/www.meydan.tv\\\/az\\\/#website\"},\"primaryImageOfPage\":{\"@id\":\"https:\\\/\\\/www.meydan.tv\\\/az\\\/article\\\/qarabagdaki-emeliyyatlarda-helak-olanlarin-sayi-200-u-kecdi\\\/#primaryimage\"},\"image\":{\"@id\":\"https:\\\/\\\/www.meydan.tv\\\/az\\\/article\\\/qarabagdaki-emeliyyatlarda-helak-olanlarin-sayi-200-u-kecdi\\\/#primaryimage\"},\"thumbnailUrl\":\"https:\\\/\\\/www.meydan.tv\\\/wp-content\\\/uploads\\\/ro0ll.jpeg\",\"datePublished\":\"2023-10-03T09:16:37+00:00\",\"dateModified\":\"2023-10-03T09:16:41+00:00\",\"breadcrumb\":{\"@id\":\"https:\\\/\\\/www.meydan.tv\\\/az\\\/article\\\/qarabagdaki-emeliyyatlarda-helak-olanlarin-sayi-200-u-kecdi\\\/#breadcrumb\"},\"inLanguage\":\"az\",\"potentialAction\":[{\"@type\":\"ReadAction\",\"target\":[\"https:\\\/\\\/www.meydan.tv\\\/az\\\/article\\\/qarabagdaki-emeliyyatlarda-helak-olanlarin-sayi-200-u-kecdi\\\/\"]}]},{\"@type\":\"ImageObject\",\"inLanguage\":\"az\",\"@id\":\"https:\\\/\\\/www.meydan.tv\\\/az\\\/article\\\/qarabagdaki-emeliyyatlarda-helak-olanlarin-sayi-200-u-kecdi\\\/#primaryimage\",\"url\":\"https:\\\/\\\/www.meydan.tv\\\/wp-content\\\/uploads\\\/ro0ll.jpeg\",\"contentUrl\":\"https:\\\/\\\/www.meydan.tv\\\/wp-content\\\/uploads\\\/ro0ll.jpeg\",\"width\":2048,\"height\":888,\"caption\":\"Foto: Meydan Tv\"},{\"@type\":\"BreadcrumbList\",\"@id\":\"https:\\\/\\\/www.meydan.tv\\\/az\\\/article\\\/qarabagdaki-emeliyyatlarda-helak-olanlarin-sayi-200-u-kecdi\\\/#breadcrumb\",\"itemListElement\":[{\"@type\":\"ListItem\",\"position\":1,\"name\":\"Ana s\u0259hif\u0259\",\"item\":\"https:\\\/\\\/www.meydan.tv\\\/az\\\/\"},{\"@type\":\"ListItem\",\"position\":2,\"name\":\"Siyas\u0259t\",\"item\":\"https:\\\/\\\/www.meydan.tv\\\/az\\\/section\\\/siyaset\\\/\"},{\"@type\":\"ListItem\",\"position\":3,\"name\":\"Qaraba\u011fdak\u0131 \u0259m\u0259liyyatlarda h\u0259lak olanlar\u0131n say\u0131 200-\u00fc ke\u00e7di\"}]},{\"@type\":\"WebSite\",\"@id\":\"https:\\\/\\\/www.meydan.tv\\\/az\\\/#website\",\"url\":\"https:\\\/\\\/www.meydan.tv\\\/az\\\/\",\"name\":\"MEYDAN.TV\",\"description\":\"Meydan TV Az\u0259rbaycan\u0131n media m\u0259kan\u0131ndak\u0131 alternativ s\u0259sidir\",\"publisher\":{\"@id\":\"https:\\\/\\\/www.meydan.tv\\\/az\\\/#organization\"},\"potentialAction\":[{\"@type\":\"SearchAction\",\"target\":{\"@type\":\"EntryPoint\",\"urlTemplate\":\"https:\\\/\\\/www.meydan.tv\\\/az\\\/?s={search_term_string}\"},\"query-input\":{\"@type\":\"PropertyValueSpecification\",\"valueRequired\":true,\"valueName\":\"search_term_string\"}}],\"inLanguage\":\"az\"},{\"@type\":\"Organization\",\"@id\":\"https:\\\/\\\/www.meydan.tv\\\/az\\\/#organization\",\"name\":\"Meydan TV\",\"url\":\"https:\\\/\\\/www.meydan.tv\\\/az\\\/\",\"logo\":{\"@type\":\"ImageObject\",\"inLanguage\":\"az\",\"@id\":\"https:\\\/\\\/www.meydan.tv\\\/az\\\/#\\\/schema\\\/logo\\\/image\\\/\",\"url\":\"https:\\\/\\\/www.meydan.tv\\\/wp-content\\\/uploads\\\/2021\\\/07\\\/meydan-logo.svg\",\"contentUrl\":\"https:\\\/\\\/www.meydan.tv\\\/wp-content\\\/uploads\\\/2021\\\/07\\\/meydan-logo.svg\",\"width\":195,\"height\":46,\"caption\":\"Meydan TV\"},\"image\":{\"@id\":\"https:\\\/\\\/www.meydan.tv\\\/az\\\/#\\\/schema\\\/logo\\\/image\\\/\"}},{\"@type\":\"Person\",\"@id\":\"https:\\\/\\\/www.meydan.tv\\\/az\\\/#\\\/schema\\\/person\\\/9cdbecf90d17180ce1dfbd95b08dcf47\",\"name\":\"elli\",\"sameAs\":[\"https:\\\/\\\/x.com\\\/elli\"]}]}<\/script>\n<!-- \/ Yoast SEO plugin. -->","yoast_head_json":{"title":"Qaraba\u011fdak\u0131 \u0259m\u0259liyyatlarda h\u0259lak olanlar\u0131n say\u0131 200-\u00fc ke\u00e7di - MEYDAN.TV","robots":{"index":"index","follow":"follow","max-snippet":"max-snippet:-1","max-image-preview":"max-image-preview:large","max-video-preview":"max-video-preview:-1"},"canonical":"https:\/\/www.meydan.tv\/az\/article\/qarabagdaki-emeliyyatlarda-helak-olanlarin-sayi-200-u-kecdi\/","og_locale":"az_AZ","og_type":"article","og_title":"Qaraba\u011fdak\u0131 \u0259m\u0259liyyatlarda h\u0259lak olanlar\u0131n say\u0131 200-\u00fc ke\u00e7di - MEYDAN.TV","og_description":"Nazirlik daha 5 h\u0259rb\u00e7inin ad\u0131n\u0131 a\u00e7\u0131qlad\u0131 M\u00fcdafi\u0259 Nazirliyi 19-20 sentyabr ... Davam\u0131","og_url":"https:\/\/www.meydan.tv\/az\/article\/qarabagdaki-emeliyyatlarda-helak-olanlarin-sayi-200-u-kecdi\/","og_site_name":"MEYDAN.TV","article_published_time":"2023-10-03T09:16:37+00:00","article_modified_time":"2023-10-03T09:16:41+00:00","og_image":[{"width":2048,"height":888,"url":"https:\/\/www.meydan.tv\/wp-content\/uploads\/ro0ll.jpeg","type":"image\/jpeg"}],"author":"elli","twitter_card":"summary_large_image","twitter_creator":"@elli","schema":{"@context":"https:\/\/schema.org","@graph":[{"@type":"Article","@id":"https:\/\/www.meydan.tv\/az\/article\/qarabagdaki-emeliyyatlarda-helak-olanlarin-sayi-200-u-kecdi\/#article","isPartOf":{"@id":"https:\/\/www.meydan.tv\/az\/article\/qarabagdaki-emeliyyatlarda-helak-olanlarin-sayi-200-u-kecdi\/"},"author":{"name":"elli","@id":"https:\/\/www.meydan.tv\/az\/#\/schema\/person\/9cdbecf90d17180ce1dfbd95b08dcf47"},"headline":"Qaraba\u011fdak\u0131 \u0259m\u0259liyyatlarda h\u0259lak olanlar\u0131n say\u0131 200-\u00fc ke\u00e7di","datePublished":"2023-10-03T09:16:37+00:00","dateModified":"2023-10-03T09:16:41+00:00","mainEntityOfPage":{"@id":"https:\/\/www.meydan.tv\/az\/article\/qarabagdaki-emeliyyatlarda-helak-olanlarin-sayi-200-u-kecdi\/"},"wordCount":432,"publisher":{"@id":"https:\/\/www.meydan.tv\/az\/#organization"},"image":{"@id":"https:\/\/www.meydan.tv\/az\/article\/qarabagdaki-emeliyyatlarda-helak-olanlarin-sayi-200-u-kecdi\/#primaryimage"},"thumbnailUrl":"https:\/\/www.meydan.tv\/wp-content\/uploads\/ro0ll.jpeg","articleSection":["Siyas\u0259t","T\u00f6vsiy\u0259","X\u0259b\u0259rl\u0259r"],"inLanguage":"az"},{"@type":"WebPage","@id":"https:\/\/www.meydan.tv\/az\/article\/qarabagdaki-emeliyyatlarda-helak-olanlarin-sayi-200-u-kecdi\/","url":"https:\/\/www.meydan.tv\/az\/article\/qarabagdaki-emeliyyatlarda-helak-olanlarin-sayi-200-u-kecdi\/","name":"Qaraba\u011fdak\u0131 \u0259m\u0259liyyatlarda h\u0259lak olanlar\u0131n say\u0131 200-\u00fc ke\u00e7di - MEYDAN.TV","isPartOf":{"@id":"https:\/\/www.meydan.tv\/az\/#website"},"primaryImageOfPage":{"@id":"https:\/\/www.meydan.tv\/az\/article\/qarabagdaki-emeliyyatlarda-helak-olanlarin-sayi-200-u-kecdi\/#primaryimage"},"image":{"@id":"https:\/\/www.meydan.tv\/az\/article\/qarabagdaki-emeliyyatlarda-helak-olanlarin-sayi-200-u-kecdi\/#primaryimage"},"thumbnailUrl":"https:\/\/www.meydan.tv\/wp-content\/uploads\/ro0ll.jpeg","datePublished":"2023-10-03T09:16:37+00:00","dateModified":"2023-10-03T09:16:41+00:00","breadcrumb":{"@id":"https:\/\/www.meydan.tv\/az\/article\/qarabagdaki-emeliyyatlarda-helak-olanlarin-sayi-200-u-kecdi\/#breadcrumb"},"inLanguage":"az","potentialAction":[{"@type":"ReadAction","target":["https:\/\/www.meydan.tv\/az\/article\/qarabagdaki-emeliyyatlarda-helak-olanlarin-sayi-200-u-kecdi\/"]}]},{"@type":"ImageObject","inLanguage":"az","@id":"https:\/\/www.meydan.tv\/az\/article\/qarabagdaki-emeliyyatlarda-helak-olanlarin-sayi-200-u-kecdi\/#primaryimage","url":"https:\/\/www.meydan.tv\/wp-content\/uploads\/ro0ll.jpeg","contentUrl":"https:\/\/www.meydan.tv\/wp-content\/uploads\/ro0ll.jpeg","width":2048,"height":888,"caption":"Foto: Meydan Tv"},{"@type":"BreadcrumbList","@id":"https:\/\/www.meydan.tv\/az\/article\/qarabagdaki-emeliyyatlarda-helak-olanlarin-sayi-200-u-kecdi\/#breadcrumb","itemListElement":[{"@type":"ListItem","position":1,"name":"Ana s\u0259hif\u0259","item":"https:\/\/www.meydan.tv\/az\/"},{"@type":"ListItem","position":2,"name":"Siyas\u0259t","item":"https:\/\/www.meydan.tv\/az\/section\/siyaset\/"},{"@type":"ListItem","position":3,"name":"Qaraba\u011fdak\u0131 \u0259m\u0259liyyatlarda h\u0259lak olanlar\u0131n say\u0131 200-\u00fc ke\u00e7di"}]},{"@type":"WebSite","@id":"https:\/\/www.meydan.tv\/az\/#website","url":"https:\/\/www.meydan.tv\/az\/","name":"MEYDAN.TV","description":"Meydan TV Az\u0259rbaycan\u0131n media m\u0259kan\u0131ndak\u0131 alternativ s\u0259sidir","publisher":{"@id":"https:\/\/www.meydan.tv\/az\/#organization"},"potentialAction":[{"@type":"SearchAction","target":{"@type":"EntryPoint","urlTemplate":"https:\/\/www.meydan.tv\/az\/?s={search_term_string}"},"query-input":{"@type":"PropertyValueSpecification","valueRequired":true,"valueName":"search_term_string"}}],"inLanguage":"az"},{"@type":"Organization","@id":"https:\/\/www.meydan.tv\/az\/#organization","name":"Meydan TV","url":"https:\/\/www.meydan.tv\/az\/","logo":{"@type":"ImageObject","inLanguage":"az","@id":"https:\/\/www.meydan.tv\/az\/#\/schema\/logo\/image\/","url":"https:\/\/www.meydan.tv\/wp-content\/uploads\/2021\/07\/meydan-logo.svg","contentUrl":"https:\/\/www.meydan.tv\/wp-content\/uploads\/2021\/07\/meydan-logo.svg","width":195,"height":46,"caption":"Meydan TV"},"image":{"@id":"https:\/\/www.meydan.tv\/az\/#\/schema\/logo\/image\/"}},{"@type":"Person","@id":"https:\/\/www.meydan.tv\/az\/#\/schema\/person\/9cdbecf90d17180ce1dfbd95b08dcf47","name":"elli","sameAs":["https:\/\/x.com\/elli"]}]}},"_links":{"self":[{"href":"https:\/\/www.meydan.tv\/az\/wp-json\/wp\/v2\/posts\/286708","targetHints":{"allow":["GET"]}}],"collection":[{"href":"https:\/\/www.meydan.tv\/az\/wp-json\/wp\/v2\/posts"}],"about":[{"href":"https:\/\/www.meydan.tv\/az\/wp-json\/wp\/v2\/types\/post"}],"author":[{"embeddable":true,"href":"https:\/\/www.meydan.tv\/az\/wp-json\/wp\/v2\/users\/8"}],"replies":[{"embeddable":true,"href":"https:\/\/www.meydan.tv\/az\/wp-json\/wp\/v2\/comments?post=286708"}],"version-history":[{"count":3,"href":"https:\/\/www.meydan.tv\/az\/wp-json\/wp\/v2\/posts\/286708\/revisions"}],"predecessor-version":[{"id":286711,"href":"https:\/\/www.meydan.tv\/az\/wp-json\/wp\/v2\/posts\/286708\/revisions\/286711"}],"wp:featuredmedia":[{"embeddable":true,"href":"https:\/\/www.meydan.tv\/az\/wp-json\/wp\/v2\/media\/2944"}],"wp:attachment":[{"href":"https:\/\/www.meydan.tv\/az\/wp-json\/wp\/v2\/media?parent=286708"}],"wp:term":[{"taxonomy":"category","embeddable":true,"href":"https:\/\/www.meydan.tv\/az\/wp-json\/wp\/v2\/categories?post=286708"},{"taxonomy":"post_tag","embeddable":true,"href":"https:\/\/www.meydan.tv\/az\/wp-json\/wp\/v2\/tags?post=286708"}],"curies":[{"name":"wp","href":"https:\/\/api.w.org\/{rel}","templated":true}]}}