{"id":286645,"date":"2023-10-02T18:02:40","date_gmt":"2023-10-02T14:02:40","guid":{"rendered":"https:\/\/www.meydan.tv\/?p=286645"},"modified":"2023-10-02T18:02:43","modified_gmt":"2023-10-02T14:02:43","slug":"xirdalanda-menzilde-er-arvadin-meyiti-askarlanib","status":"publish","type":"post","link":"https:\/\/www.meydan.tv\/az\/article\/xirdalanda-menzilde-er-arvadin-meyiti-askarlanib\/","title":{"rendered":"X\u0131rdalanda m\u0259nzild\u0259 \u0259r-arvad\u0131n meyiti a\u015fkarlan\u0131b"},"content":{"rendered":"\n<p><\/p>\n\n\n\n<p><strong><em>H\u0259r ikisinin odlu silahla vuruldu\u011fu m\u0259lum olub<\/em><\/strong><\/p>\n\n\n\n<p>Oktyabr\u0131n 2-d\u0259 g\u00fcnorta saat 14.00 rad\u0259l\u0259rind\u0259 Ab\u015feron rayonu, X\u0131rdalan \u015f\u0259h\u0259rind\u0259ki m\u0259nzill\u0259rd\u0259n birind\u0259 \u0259r v\u0259 arvad\u0131n meyiti tap\u0131l\u0131b. Onlar\u0131n odlu silahdan a\u00e7\u0131lan at\u0259\u015fd\u0259n \u00f6ld\u00fcy\u00fc m\u0259lum olub.<\/p>\n\n\n\n<p>\u00d6l\u0259nl\u0259rin kimliyi d\u0259 m\u0259lumdur. Bunlar 1962-ci il t\u0259v\u0259ll\u00fcdl\u00fc X\u0259lif\u0259 S\u0259rk\u0259rov v\u0259 1967-ci il t\u0259v\u0259ll\u00fcdl\u00fc G\u00fclnar\u0259 S\u0259rk\u0259rovad\u0131r.<\/p>\n\n\n\n<p>Daxili \u0130\u015fl\u0259r Nazirliyinin bu hadis\u0259 bar\u0259d\u0259 yayd\u0131\u011f\u0131 m\u0259lumatda bildirilir ki, X\u0259lif\u0259 S\u0259rk\u0259rov \u00f6nc\u0259 h\u0259yat yolda\u015f\u0131n\u0131 ov t\u00fcf\u0259ngi il\u0259 q\u0259tl\u0259 yetirib, daha sonra \u00f6z\u00fc intihar edib:<\/p>\n\n\n\n<p><em>\u201c\u0130lkin m\u0259lumata g\u00f6r\u0259, hadis\u0259 ail\u0259 m\u00fcnaqi\u015f\u0259si z\u0259minind\u0259 ba\u015f verib\u201d.<\/em><\/p>\n\n\n\n<p>Hadis\u0259 il\u0259 \u0259laq\u0259dar Ab\u015feron rayon Prokurorlu\u011funda Cinay\u0259t M\u0259c\u0259ll\u0259sinin 120.1 (q\u0259sd\u0259n adam \u00f6ld\u00fcrm\u0259) v\u0259 125-ci (\u00f6z\u00fcn\u00fc \u00f6ld\u00fcrm\u0259 h\u0259ddin\u0259 \u00e7atd\u0131rma) madd\u0259l\u0259ril\u0259 cinay\u0259t i\u015fi ba\u015flan\u0131b.<\/p>\n","protected":false},"excerpt":{"rendered":"<p>H\u0259r ikisinin odlu silahla vuruldu\u011fu m\u0259lum olub Oktyabr\u0131n 2-d\u0259 g\u00fcnorta &#8230; <\/p>\n<p class=\"read-more-container\"><a title=\"X\u0131rdalanda m\u0259nzild\u0259 \u0259r-arvad\u0131n meyiti a\u015fkarlan\u0131b\" class=\"read-more button\" href=\"https:\/\/www.meydan.tv\/az\/article\/xirdalanda-menzilde-er-arvadin-meyiti-askarlanib\/#more-286645\" aria-label=\"Read more about X\u0131rdalanda m\u0259nzild\u0259 \u0259r-arvad\u0131n meyiti a\u015fkarlan\u0131b\">Davam\u0131<\/a><\/p>\n","protected":false},"author":8,"featured_media":150491,"comment_status":"closed","ping_status":"closed","sticky":false,"template":"","format":"standard","meta":{"_acf_changed":false,"_sitemap_exclude":false,"_sitemap_priority":"","_sitemap_frequency":"","footnotes":""},"categories":[62,56],"tags":[],"class_list":["post-286645","post","type-post","status-publish","format-standard","has-post-thumbnail","hentry","category-sosial","category-xeberler","infinite-scroll-item","generate-columns","tablet-grid-50","mobile-grid-100","grid-parent","grid-33","no-featured-image-padding"],"acf":[],"yoast_head":"<!-- This site is optimized with the Yoast SEO plugin v27.5 - https:\/\/yoast.com\/product\/yoast-seo-wordpress\/ -->\n<title>X\u0131rdalanda m\u0259nzild\u0259 \u0259r-arvad\u0131n meyiti a\u015fkarlan\u0131b - MEYDAN.TV<\/title>\n<meta name=\"robots\" content=\"index, follow, max-snippet:-1, max-image-preview:large, max-video-preview:-1\" \/>\n<link rel=\"canonical\" href=\"https:\/\/www.meydan.tv\/az\/article\/xirdalanda-menzilde-er-arvadin-meyiti-askarlanib\/\" \/>\n<meta property=\"og:locale\" content=\"az_AZ\" \/>\n<meta property=\"og:type\" content=\"article\" \/>\n<meta property=\"og:title\" content=\"X\u0131rdalanda m\u0259nzild\u0259 \u0259r-arvad\u0131n meyiti a\u015fkarlan\u0131b - MEYDAN.TV\" \/>\n<meta property=\"og:description\" content=\"H\u0259r ikisinin odlu silahla vuruldu\u011fu m\u0259lum olub Oktyabr\u0131n 2-d\u0259 g\u00fcnorta ... Davam\u0131\" \/>\n<meta property=\"og:url\" content=\"https:\/\/www.meydan.tv\/az\/article\/xirdalanda-menzilde-er-arvadin-meyiti-askarlanib\/\" \/>\n<meta property=\"og:site_name\" content=\"MEYDAN.TV\" \/>\n<meta property=\"article:published_time\" content=\"2023-10-02T14:02:40+00:00\" \/>\n<meta property=\"article:modified_time\" content=\"2023-10-02T14:02:43+00:00\" \/>\n<meta property=\"og:image\" content=\"https:\/\/www.meydan.tv\/wp-content\/uploads\/15830576272370116797_1000x669.jpg\" \/>\n\t<meta property=\"og:image:width\" content=\"1000\" \/>\n\t<meta property=\"og:image:height\" content=\"665\" \/>\n\t<meta property=\"og:image:type\" content=\"image\/jpeg\" \/>\n<meta name=\"author\" content=\"elli\" \/>\n<meta name=\"twitter:card\" content=\"summary_large_image\" \/>\n<meta name=\"twitter:creator\" content=\"@elli\" \/>\n<script type=\"application\/ld+json\" class=\"yoast-schema-graph\">{\"@context\":\"https:\\\/\\\/schema.org\",\"@graph\":[{\"@type\":\"Article\",\"@id\":\"https:\\\/\\\/www.meydan.tv\\\/az\\\/article\\\/xirdalanda-menzilde-er-arvadin-meyiti-askarlanib\\\/#article\",\"isPartOf\":{\"@id\":\"https:\\\/\\\/www.meydan.tv\\\/az\\\/article\\\/xirdalanda-menzilde-er-arvadin-meyiti-askarlanib\\\/\"},\"author\":{\"name\":\"elli\",\"@id\":\"https:\\\/\\\/www.meydan.tv\\\/az\\\/#\\\/schema\\\/person\\\/9cdbecf90d17180ce1dfbd95b08dcf47\"},\"headline\":\"X\u0131rdalanda m\u0259nzild\u0259 \u0259r-arvad\u0131n meyiti a\u015fkarlan\u0131b\",\"datePublished\":\"2023-10-02T14:02:40+00:00\",\"dateModified\":\"2023-10-02T14:02:43+00:00\",\"mainEntityOfPage\":{\"@id\":\"https:\\\/\\\/www.meydan.tv\\\/az\\\/article\\\/xirdalanda-menzilde-er-arvadin-meyiti-askarlanib\\\/\"},\"wordCount\":187,\"publisher\":{\"@id\":\"https:\\\/\\\/www.meydan.tv\\\/az\\\/#organization\"},\"image\":{\"@id\":\"https:\\\/\\\/www.meydan.tv\\\/az\\\/article\\\/xirdalanda-menzilde-er-arvadin-meyiti-askarlanib\\\/#primaryimage\"},\"thumbnailUrl\":\"https:\\\/\\\/www.meydan.tv\\\/wp-content\\\/uploads\\\/15830576272370116797_1000x669.jpg\",\"articleSection\":[\"Sosial\",\"X\u0259b\u0259rl\u0259r\"],\"inLanguage\":\"az\"},{\"@type\":\"WebPage\",\"@id\":\"https:\\\/\\\/www.meydan.tv\\\/az\\\/article\\\/xirdalanda-menzilde-er-arvadin-meyiti-askarlanib\\\/\",\"url\":\"https:\\\/\\\/www.meydan.tv\\\/az\\\/article\\\/xirdalanda-menzilde-er-arvadin-meyiti-askarlanib\\\/\",\"name\":\"X\u0131rdalanda m\u0259nzild\u0259 \u0259r-arvad\u0131n meyiti a\u015fkarlan\u0131b - MEYDAN.TV\",\"isPartOf\":{\"@id\":\"https:\\\/\\\/www.meydan.tv\\\/az\\\/#website\"},\"primaryImageOfPage\":{\"@id\":\"https:\\\/\\\/www.meydan.tv\\\/az\\\/article\\\/xirdalanda-menzilde-er-arvadin-meyiti-askarlanib\\\/#primaryimage\"},\"image\":{\"@id\":\"https:\\\/\\\/www.meydan.tv\\\/az\\\/article\\\/xirdalanda-menzilde-er-arvadin-meyiti-askarlanib\\\/#primaryimage\"},\"thumbnailUrl\":\"https:\\\/\\\/www.meydan.tv\\\/wp-content\\\/uploads\\\/15830576272370116797_1000x669.jpg\",\"datePublished\":\"2023-10-02T14:02:40+00:00\",\"dateModified\":\"2023-10-02T14:02:43+00:00\",\"breadcrumb\":{\"@id\":\"https:\\\/\\\/www.meydan.tv\\\/az\\\/article\\\/xirdalanda-menzilde-er-arvadin-meyiti-askarlanib\\\/#breadcrumb\"},\"inLanguage\":\"az\",\"potentialAction\":[{\"@type\":\"ReadAction\",\"target\":[\"https:\\\/\\\/www.meydan.tv\\\/az\\\/article\\\/xirdalanda-menzilde-er-arvadin-meyiti-askarlanib\\\/\"]}]},{\"@type\":\"ImageObject\",\"inLanguage\":\"az\",\"@id\":\"https:\\\/\\\/www.meydan.tv\\\/az\\\/article\\\/xirdalanda-menzilde-er-arvadin-meyiti-askarlanib\\\/#primaryimage\",\"url\":\"https:\\\/\\\/www.meydan.tv\\\/wp-content\\\/uploads\\\/15830576272370116797_1000x669.jpg\",\"contentUrl\":\"https:\\\/\\\/www.meydan.tv\\\/wp-content\\\/uploads\\\/15830576272370116797_1000x669.jpg\",\"width\":1000,\"height\":665,\"caption\":\"Foto: Meydan TV\"},{\"@type\":\"BreadcrumbList\",\"@id\":\"https:\\\/\\\/www.meydan.tv\\\/az\\\/article\\\/xirdalanda-menzilde-er-arvadin-meyiti-askarlanib\\\/#breadcrumb\",\"itemListElement\":[{\"@type\":\"ListItem\",\"position\":1,\"name\":\"Ana s\u0259hif\u0259\",\"item\":\"https:\\\/\\\/www.meydan.tv\\\/az\\\/\"},{\"@type\":\"ListItem\",\"position\":2,\"name\":\"Sosial\",\"item\":\"https:\\\/\\\/www.meydan.tv\\\/az\\\/section\\\/sosial\\\/\"},{\"@type\":\"ListItem\",\"position\":3,\"name\":\"X\u0131rdalanda m\u0259nzild\u0259 \u0259r-arvad\u0131n meyiti a\u015fkarlan\u0131b\"}]},{\"@type\":\"WebSite\",\"@id\":\"https:\\\/\\\/www.meydan.tv\\\/az\\\/#website\",\"url\":\"https:\\\/\\\/www.meydan.tv\\\/az\\\/\",\"name\":\"MEYDAN.TV\",\"description\":\"Meydan TV Az\u0259rbaycan\u0131n media m\u0259kan\u0131ndak\u0131 alternativ s\u0259sidir\",\"publisher\":{\"@id\":\"https:\\\/\\\/www.meydan.tv\\\/az\\\/#organization\"},\"potentialAction\":[{\"@type\":\"SearchAction\",\"target\":{\"@type\":\"EntryPoint\",\"urlTemplate\":\"https:\\\/\\\/www.meydan.tv\\\/az\\\/?s={search_term_string}\"},\"query-input\":{\"@type\":\"PropertyValueSpecification\",\"valueRequired\":true,\"valueName\":\"search_term_string\"}}],\"inLanguage\":\"az\"},{\"@type\":\"Organization\",\"@id\":\"https:\\\/\\\/www.meydan.tv\\\/az\\\/#organization\",\"name\":\"Meydan TV\",\"url\":\"https:\\\/\\\/www.meydan.tv\\\/az\\\/\",\"logo\":{\"@type\":\"ImageObject\",\"inLanguage\":\"az\",\"@id\":\"https:\\\/\\\/www.meydan.tv\\\/az\\\/#\\\/schema\\\/logo\\\/image\\\/\",\"url\":\"https:\\\/\\\/www.meydan.tv\\\/wp-content\\\/uploads\\\/2021\\\/07\\\/meydan-logo.svg\",\"contentUrl\":\"https:\\\/\\\/www.meydan.tv\\\/wp-content\\\/uploads\\\/2021\\\/07\\\/meydan-logo.svg\",\"width\":195,\"height\":46,\"caption\":\"Meydan TV\"},\"image\":{\"@id\":\"https:\\\/\\\/www.meydan.tv\\\/az\\\/#\\\/schema\\\/logo\\\/image\\\/\"}},{\"@type\":\"Person\",\"@id\":\"https:\\\/\\\/www.meydan.tv\\\/az\\\/#\\\/schema\\\/person\\\/9cdbecf90d17180ce1dfbd95b08dcf47\",\"name\":\"elli\",\"sameAs\":[\"https:\\\/\\\/x.com\\\/elli\"]}]}<\/script>\n<!-- \/ Yoast SEO plugin. -->","yoast_head_json":{"title":"X\u0131rdalanda m\u0259nzild\u0259 \u0259r-arvad\u0131n meyiti a\u015fkarlan\u0131b - MEYDAN.TV","robots":{"index":"index","follow":"follow","max-snippet":"max-snippet:-1","max-image-preview":"max-image-preview:large","max-video-preview":"max-video-preview:-1"},"canonical":"https:\/\/www.meydan.tv\/az\/article\/xirdalanda-menzilde-er-arvadin-meyiti-askarlanib\/","og_locale":"az_AZ","og_type":"article","og_title":"X\u0131rdalanda m\u0259nzild\u0259 \u0259r-arvad\u0131n meyiti a\u015fkarlan\u0131b - MEYDAN.TV","og_description":"H\u0259r ikisinin odlu silahla vuruldu\u011fu m\u0259lum olub Oktyabr\u0131n 2-d\u0259 g\u00fcnorta ... Davam\u0131","og_url":"https:\/\/www.meydan.tv\/az\/article\/xirdalanda-menzilde-er-arvadin-meyiti-askarlanib\/","og_site_name":"MEYDAN.TV","article_published_time":"2023-10-02T14:02:40+00:00","article_modified_time":"2023-10-02T14:02:43+00:00","og_image":[{"width":1000,"height":665,"url":"https:\/\/www.meydan.tv\/wp-content\/uploads\/15830576272370116797_1000x669.jpg","type":"image\/jpeg"}],"author":"elli","twitter_card":"summary_large_image","twitter_creator":"@elli","schema":{"@context":"https:\/\/schema.org","@graph":[{"@type":"Article","@id":"https:\/\/www.meydan.tv\/az\/article\/xirdalanda-menzilde-er-arvadin-meyiti-askarlanib\/#article","isPartOf":{"@id":"https:\/\/www.meydan.tv\/az\/article\/xirdalanda-menzilde-er-arvadin-meyiti-askarlanib\/"},"author":{"name":"elli","@id":"https:\/\/www.meydan.tv\/az\/#\/schema\/person\/9cdbecf90d17180ce1dfbd95b08dcf47"},"headline":"X\u0131rdalanda m\u0259nzild\u0259 \u0259r-arvad\u0131n meyiti a\u015fkarlan\u0131b","datePublished":"2023-10-02T14:02:40+00:00","dateModified":"2023-10-02T14:02:43+00:00","mainEntityOfPage":{"@id":"https:\/\/www.meydan.tv\/az\/article\/xirdalanda-menzilde-er-arvadin-meyiti-askarlanib\/"},"wordCount":187,"publisher":{"@id":"https:\/\/www.meydan.tv\/az\/#organization"},"image":{"@id":"https:\/\/www.meydan.tv\/az\/article\/xirdalanda-menzilde-er-arvadin-meyiti-askarlanib\/#primaryimage"},"thumbnailUrl":"https:\/\/www.meydan.tv\/wp-content\/uploads\/15830576272370116797_1000x669.jpg","articleSection":["Sosial","X\u0259b\u0259rl\u0259r"],"inLanguage":"az"},{"@type":"WebPage","@id":"https:\/\/www.meydan.tv\/az\/article\/xirdalanda-menzilde-er-arvadin-meyiti-askarlanib\/","url":"https:\/\/www.meydan.tv\/az\/article\/xirdalanda-menzilde-er-arvadin-meyiti-askarlanib\/","name":"X\u0131rdalanda m\u0259nzild\u0259 \u0259r-arvad\u0131n meyiti a\u015fkarlan\u0131b - MEYDAN.TV","isPartOf":{"@id":"https:\/\/www.meydan.tv\/az\/#website"},"primaryImageOfPage":{"@id":"https:\/\/www.meydan.tv\/az\/article\/xirdalanda-menzilde-er-arvadin-meyiti-askarlanib\/#primaryimage"},"image":{"@id":"https:\/\/www.meydan.tv\/az\/article\/xirdalanda-menzilde-er-arvadin-meyiti-askarlanib\/#primaryimage"},"thumbnailUrl":"https:\/\/www.meydan.tv\/wp-content\/uploads\/15830576272370116797_1000x669.jpg","datePublished":"2023-10-02T14:02:40+00:00","dateModified":"2023-10-02T14:02:43+00:00","breadcrumb":{"@id":"https:\/\/www.meydan.tv\/az\/article\/xirdalanda-menzilde-er-arvadin-meyiti-askarlanib\/#breadcrumb"},"inLanguage":"az","potentialAction":[{"@type":"ReadAction","target":["https:\/\/www.meydan.tv\/az\/article\/xirdalanda-menzilde-er-arvadin-meyiti-askarlanib\/"]}]},{"@type":"ImageObject","inLanguage":"az","@id":"https:\/\/www.meydan.tv\/az\/article\/xirdalanda-menzilde-er-arvadin-meyiti-askarlanib\/#primaryimage","url":"https:\/\/www.meydan.tv\/wp-content\/uploads\/15830576272370116797_1000x669.jpg","contentUrl":"https:\/\/www.meydan.tv\/wp-content\/uploads\/15830576272370116797_1000x669.jpg","width":1000,"height":665,"caption":"Foto: Meydan TV"},{"@type":"BreadcrumbList","@id":"https:\/\/www.meydan.tv\/az\/article\/xirdalanda-menzilde-er-arvadin-meyiti-askarlanib\/#breadcrumb","itemListElement":[{"@type":"ListItem","position":1,"name":"Ana s\u0259hif\u0259","item":"https:\/\/www.meydan.tv\/az\/"},{"@type":"ListItem","position":2,"name":"Sosial","item":"https:\/\/www.meydan.tv\/az\/section\/sosial\/"},{"@type":"ListItem","position":3,"name":"X\u0131rdalanda m\u0259nzild\u0259 \u0259r-arvad\u0131n meyiti a\u015fkarlan\u0131b"}]},{"@type":"WebSite","@id":"https:\/\/www.meydan.tv\/az\/#website","url":"https:\/\/www.meydan.tv\/az\/","name":"MEYDAN.TV","description":"Meydan TV Az\u0259rbaycan\u0131n media m\u0259kan\u0131ndak\u0131 alternativ s\u0259sidir","publisher":{"@id":"https:\/\/www.meydan.tv\/az\/#organization"},"potentialAction":[{"@type":"SearchAction","target":{"@type":"EntryPoint","urlTemplate":"https:\/\/www.meydan.tv\/az\/?s={search_term_string}"},"query-input":{"@type":"PropertyValueSpecification","valueRequired":true,"valueName":"search_term_string"}}],"inLanguage":"az"},{"@type":"Organization","@id":"https:\/\/www.meydan.tv\/az\/#organization","name":"Meydan TV","url":"https:\/\/www.meydan.tv\/az\/","logo":{"@type":"ImageObject","inLanguage":"az","@id":"https:\/\/www.meydan.tv\/az\/#\/schema\/logo\/image\/","url":"https:\/\/www.meydan.tv\/wp-content\/uploads\/2021\/07\/meydan-logo.svg","contentUrl":"https:\/\/www.meydan.tv\/wp-content\/uploads\/2021\/07\/meydan-logo.svg","width":195,"height":46,"caption":"Meydan TV"},"image":{"@id":"https:\/\/www.meydan.tv\/az\/#\/schema\/logo\/image\/"}},{"@type":"Person","@id":"https:\/\/www.meydan.tv\/az\/#\/schema\/person\/9cdbecf90d17180ce1dfbd95b08dcf47","name":"elli","sameAs":["https:\/\/x.com\/elli"]}]}},"_links":{"self":[{"href":"https:\/\/www.meydan.tv\/az\/wp-json\/wp\/v2\/posts\/286645","targetHints":{"allow":["GET"]}}],"collection":[{"href":"https:\/\/www.meydan.tv\/az\/wp-json\/wp\/v2\/posts"}],"about":[{"href":"https:\/\/www.meydan.tv\/az\/wp-json\/wp\/v2\/types\/post"}],"author":[{"embeddable":true,"href":"https:\/\/www.meydan.tv\/az\/wp-json\/wp\/v2\/users\/8"}],"replies":[{"embeddable":true,"href":"https:\/\/www.meydan.tv\/az\/wp-json\/wp\/v2\/comments?post=286645"}],"version-history":[{"count":1,"href":"https:\/\/www.meydan.tv\/az\/wp-json\/wp\/v2\/posts\/286645\/revisions"}],"predecessor-version":[{"id":286646,"href":"https:\/\/www.meydan.tv\/az\/wp-json\/wp\/v2\/posts\/286645\/revisions\/286646"}],"wp:featuredmedia":[{"embeddable":true,"href":"https:\/\/www.meydan.tv\/az\/wp-json\/wp\/v2\/media\/150491"}],"wp:attachment":[{"href":"https:\/\/www.meydan.tv\/az\/wp-json\/wp\/v2\/media?parent=286645"}],"wp:term":[{"taxonomy":"category","embeddable":true,"href":"https:\/\/www.meydan.tv\/az\/wp-json\/wp\/v2\/categories?post=286645"},{"taxonomy":"post_tag","embeddable":true,"href":"https:\/\/www.meydan.tv\/az\/wp-json\/wp\/v2\/tags?post=286645"}],"curies":[{"name":"wp","href":"https:\/\/api.w.org\/{rel}","templated":true}]}}