{"id":286585,"date":"2023-10-01T15:53:25","date_gmt":"2023-10-01T11:53:25","guid":{"rendered":"https:\/\/www.meydan.tv\/?p=286585"},"modified":"2023-10-01T17:03:19","modified_gmt":"2023-10-01T13:03:19","slug":"balsiz-qalan-aricilar-yemsiz-qalan-arilar-artan-qiymetler","status":"publish","type":"post","link":"https:\/\/www.meydan.tv\/az\/article\/balsiz-qalan-aricilar-yemsiz-qalan-arilar-artan-qiymetler\/","title":{"rendered":"Bals\u0131z qalan ar\u0131\u00e7\u0131lar, yemsiz qalan ar\u0131lar, artan qiym\u0259tl\u0259r"},"content":{"rendered":"\n<p><\/p>\n\n\n\n<p><strong><em>Ar\u0131\u00e7\u0131lar hava \u015f\u0259raitini, nazirlik ar\u0131\u00e7\u0131lar\u0131, m\u00fct\u0259x\u0259ssis \u00f6lk\u0259d\u0259 yem bazas\u0131n\u0131n olmamas\u0131n\u0131 s\u0259b\u0259b g\u00f6st\u0259rir<\/em><\/strong><\/p>\n\n\n\n<p><strong>&#8220;Ton yar\u0131m \u0259v\u0259zin\u0259 250 kq bal toplad\u0131m&#8221;<\/strong><\/p>\n\n\n\n<p>&#8220;<em>25 ilin ar\u0131\u00e7\u0131s\u0131yam. 100 ar\u0131 t\u0259hn\u0259m var. \u00d6t\u0259n il h\u0259r t\u0259hn\u0259d\u0259n 15 kq bal al\u0131rd\u0131msa, bu il 2-3 kq bal oldu. \u0130yul ay\u0131nda ton yar\u0131m \u0259v\u0259zin\u0259 250 kq bal toplad\u0131m, onu da 5 ildir ki, davaml\u0131 i\u015ftirak etdiyim bal yarmarkas\u0131na aparacam. Art\u0131q 500 manat x\u0259rcim laboratoriya v\u0259 yer haqq\u0131na \u00e7\u0131x\u0131b. Kiloqram\u0131n\u0131 30 manatdan sat\u0131m ki, s\u0259rf etsin. K\u0259ndimizd\u0259, rayonda \u00e7ox ar\u0131\u00e7\u0131 m\u0259hsuldarl\u0131qda itirdi. Subsidiyan\u0131 is\u0259 be\u015f il ald\u0131m v\u0259 \u00f6t\u0259n il bitdi, art\u0131q d\u00f6vl\u0259td\u0259n d\u0259st\u0259k yoxdur. Yazda bu d\u0259st\u0259k b\u0259rpa olsa, yax\u015f\u0131 olar&#8221;, <\/em>&#8211; ar\u0131\u00e7\u0131 Mansur Orucov deyir.<\/p>\n\n\n\n<p>Mansur Orucov \u00f6lk\u0259d\u0259ki 32933 ar\u0131\u00e7\u0131 t\u0259s\u0259rr\u00fcfat sahibl\u0259rind\u0259n biridir. Balak\u0259nin Talalar k\u0259ndind\u0259 ill\u0259rdir ki, ar\u0131\u00e7\u0131l\u0131qla m\u0259\u015f\u011ful olub, f\u0259rdi dolan\u0131\u015f\u0131\u011f\u0131n\u0131 baldan g\u0259l\u0259n g\u0259lir il\u0259 t\u0259min edir. Onun kimi \u00f6lk\u0259nin \u0259ks\u0259r ar\u0131\u00e7\u0131lar\u0131 builki hava \u015f\u0259raitinin \u0259lveri\u015fsiz ke\u00e7m\u0259sind\u0259n, yazda ya\u011f\u0131nt\u0131lar\u0131n bol olmas\u0131ndan dolay\u0131 ar\u0131lar\u0131na yem tapmaqda \u00e7\u0259tinlik \u00e7\u0259kib. N\u0259tic\u0259d\u0259 b\u0259zil\u0259ri az, b\u0259zil\u0259ri he\u00e7 bal g\u00f6t\u00fcr\u0259 bilm\u0259yib. Bu is\u0259 bal\u0131n qiym\u0259tl\u0259rind\u0259 5-10 manat miqdar\u0131nda art\u0131ma s\u0259b\u0259b olub.<\/p>\n\n\n\n<figure class=\"wp-block-image size-full\"><img decoding=\"async\" width=\"1200\" height=\"800\" data-src=\"https:\/\/www.meydan.tv\/wp-content\/uploads\/untitled-design-1-134.jpg\" alt=\"\" class=\"wp-image-286576 lazyload\" src=\"data:image\/svg+xml;base64,PHN2ZyB3aWR0aD0iMSIgaGVpZ2h0PSIxIiB4bWxucz0iaHR0cDovL3d3dy53My5vcmcvMjAwMC9zdmciPjwvc3ZnPg==\" style=\"--smush-placeholder-width: 1200px; --smush-placeholder-aspect-ratio: 1200\/800;\" \/><\/figure>\n\n\n\n<p>Ar\u0131\u00e7\u0131 V\u00fcsal Bodurovun s\u00f6zl\u0259rin\u0259 g\u00f6r\u0259 bel\u0259 hava \u015f\u0259raiti, \u00fcmumiyy\u0259tl\u0259 region boz Qafqaz cinsind\u0259n f\u0259rqli olaraq q\u0259rbd\u0259n g\u0259tiril\u0259n ar\u0131 cinsl\u0259ri \u00fc\u00e7\u00fcn uy\u011fun deyil. Yerli cins is\u0259 bir ne\u00e7\u0259 ildir ki, s\u0131radan \u00e7\u0131x\u0131r.<\/p>\n\n\n\n<p>&#8220;<strong>\u00d6t\u0259n il 20 manat idis\u0259, bu il 30 manatd\u0131r<\/strong><\/p>\n\n\n\n<p>&#8220;<em>X\u0259st\u0259likl\u0259rd\u0259n d\u0259 q\u0131r\u0131l\u0131rlar. 18 t\u0259hn\u0259md\u0259n d\u00f6rd t\u0259hn\u0259m qald\u0131, ham\u0131s\u0131 q\u0131r\u0131ld\u0131. Onu da art\u0131r\u0131b 9 t\u0259hn\u0259y\u0259 \u00e7atd\u0131rd\u0131m, \u00fcmumi 18 kiloqram bal toplaya bildim. Ya\u011f\u0131\u015fdan dolay\u0131 ar\u0131 b\u00f6y\u00fcrtk\u0259n meyv\u0259si il\u0259 qidaland\u0131, h\u0259r\u0259k\u0259t ed\u0259 bilm\u0259di, yer d\u0259yi\u015fm\u0259k m\u00fcmk\u00fcn olmad\u0131. Odur ki, r\u0259ngi qarad\u0131r bal\u0131m\u0131n. R\u0259ngin\u0259 g\u00f6r\u0259 h\u0259l\u0259 ucuz satacam. \u00d6t\u0259n il 20 manat idis\u0259, bu il 30 manatd\u0131r\u201d,<\/em> &#8211; ar\u0131\u00e7\u0131 dan\u0131\u015f\u0131r.<\/p>\n\n\n\n<p>\u201c<em>El\u0259 ar\u0131\u00e7\u0131lar var idi ki, bal\u0131 \u00e7ox olanda rayon daxilind\u0259 13-15 manatdan da sat\u0131rd\u0131. \u0130ndi onlar da 20-25 manata nizamlay\u0131b qiym\u0259tl\u0259ri. Sat\u0131\u015f \u00fc\u00e7\u00fcn uzaq m\u0259saf\u0259, bal yarmarkas\u0131n\u0131n x\u0259rcl\u0259ri s\u0259rf etmir, yax\u015f\u0131s\u0131 rayon daxilind\u0259 m\u00fcnasib qiym\u0259t\u0259 satmaqd\u0131r. M\u00fct\u0259x\u0259ssisl\u0259r, \u015f\u0259rait d\u0259 yoxdur ki, g\u00fccl\u00fc m\u0259sl\u0259h\u0259tl\u0259r alasan, d\u0259st\u0259k g\u00f6r\u0259s\u0259n. Ona g\u00f6r\u0259 baha da olsa, yazda cins ana t\u0259kini 25-30 manata al\u0131b, ar\u0131 t\u00f6hn\u0259l\u0259rinin say\u0131n\u0131 art\u0131rma\u011f\u0131 d\u00fc\u015f\u00fcn\u00fcr\u0259m&#8221;,<\/em> &#8211; V\u00fcsal Bodurov deyir.<\/p>\n\n\n\n<p>&#8220;<strong>Baldansa t\u0259hn\u0259ni satmaq s\u0259rf edir&#8221;<\/strong><\/p>\n\n\n\n<p>Balak\u0259nli Soltan Bodurov adl\u0131 ar\u0131\u00e7\u0131 is\u0259 m\u00f6vcud v\u0259ziyy\u0259td\u0259n \u00e7\u0131x\u0131\u015f yolu kimi t\u0259hn\u0259l\u0259rini satmaq m\u0259cburiyy\u0259tind\u0259 qal\u0131b. Bir t\u0259hn\u0259 on kiloqram bal\u0131n pulu edir. O n\u00f6vb\u0259ti ill\u0259rd\u0259 d\u0259 damazl\u0131q ar\u0131 cinsl\u0259ri alaraq t\u0259hn\u0259l\u0259rinin say\u0131n\u0131 art\u0131r\u0131b satma\u011f\u0131 d\u00fc\u015f\u00fcn\u00fcr.<\/p>\n\n\n\n<figure class=\"wp-block-image size-full\"><img decoding=\"async\" width=\"1200\" height=\"800\" data-src=\"https:\/\/www.meydan.tv\/wp-content\/uploads\/untitled-design-196.jpg\" alt=\"\" class=\"wp-image-286567 lazyload\" src=\"data:image\/svg+xml;base64,PHN2ZyB3aWR0aD0iMSIgaGVpZ2h0PSIxIiB4bWxucz0iaHR0cDovL3d3dy53My5vcmcvMjAwMC9zdmciPjwvc3ZnPg==\" style=\"--smush-placeholder-width: 1200px; --smush-placeholder-aspect-ratio: 1200\/800;\" \/><\/figure>\n\n\n\n<p>&#8220;<em>M\u0259hsuldarl\u0131q s\u0131f\u0131r, \u00e7ox z\u0259if oldu. Bir t\u0259hn\u0259d\u0259n 15-20 kq m\u0259hsul g\u00f6t\u00fcr\u0259n m\u0259n bu il&nbsp; \u0259n yax\u015f\u0131 halda \u00fc\u00e7 kiloqram ala bildim. Bir ton bal satd\u0131\u011f\u0131m il olurdu. Ona g\u00f6r\u0259 t\u0259hn\u0259l\u0259rimin \u00e7oxunu Qaraba\u011f regionundan g\u0259l\u0259nl\u0259r\u0259 satd\u0131m. Baldansa t\u0259hn\u0259ni satmaq s\u0259rf edir. Bir t\u0259hn\u0259d\u0259n \u00fc\u00e7 \u015fan\u0131 100-150 manata, h\u0259tta 170 manata, t\u0259hn\u0259 qar\u0131\u015f\u0131q is\u0259 250-300 manata satd\u0131q. 12 t\u0259hn\u0259 saxlad\u0131m. G\u00f6rd\u00fcm ya\u011f\u0131nt\u0131 \u00e7oxdur, m\u0259hsul olmayacaq, buna da \u015f\u0259k\u0259r yedizdir\u0259si olsaq, he\u00e7 s\u0259rf etmir, odur ki, ar\u0131 t\u00f6hn\u0259l\u0259rinin say\u0131n\u0131 art\u0131r\u0131b regionlara satma\u011f\u0131 d\u00fc\u015f\u00fcn\u00fcr\u0259m&#8221;.<\/em><\/p>\n\n\n\n<p>Statistikaya g\u00f6r\u0259, \u00f6t\u0259n il \u00f6lk\u0259d\u0259 656,1 min ar\u0131 ail\u0259sind\u0259n \u00fcmumi 445,9 ton bal istehsal olunub ki, bu, 2021-ci ill\u0259 m\u00fcqayis\u0259d\u0259 9,45 % \u00e7oxdur. Bu il is\u0259 m\u00fct\u0259x\u0259ssisl\u0259r hava \u015f\u0259raiti il\u0259 \u0259laq\u0259dar bal istehsal\u0131n\u0131n 2-3 d\u0259f\u0259 az olaca\u011f\u0131n\u0131 d\u00fc\u015f\u00fcn\u00fcr. K\u0259nd T\u0259s\u0259rr\u00fcfat\u0131 Nazirliyi d\u0259qiq g\u00f6st\u0259ricil\u0259rin g\u0259l\u0259n il \u0259rzind\u0259 a\u00e7\u0131qlanaca\u011f\u0131n\u0131 deyir.<\/p>\n\n\n\n<p><strong>&#8220;Ar\u0131ya d\u0259y\u0259n ziyan ar\u0131\u00e7\u0131lardan as\u0131l\u0131d\u0131r&#8221;<\/strong><\/p>\n\n\n\n<p>K\u0259nd T\u0259s\u0259rr\u00fcfat\u0131 Nazirliyinin m\u0259tbuat xidm\u0259tinin r\u0259hb\u0259ri V\u00fcqar H\u00fcseynov bildirir ki, \u00f6lk\u0259d\u0259 bu il hava \u015f\u0259raiti il\u0259 \u0259laq\u0259dar bal\u0131n miqdar\u0131nda azalma olsa da, sat\u0131\u015f qiym\u0259tinin m\u00fc\u0259yy\u0259nl\u0259\u015fdirilm\u0259si ar\u0131\u00e7\u0131lardan as\u0131l\u0131d\u0131r.<\/p>\n\n\n\n<p>O, \u00f6lk\u0259d\u0259 bal\u0131n k\u00fctl\u0259vi sat\u0131\u015f\u0131 il\u0259 ba\u011fl\u0131 ild\u0259 bir d\u0259f\u0259 yarmarkan\u0131n ke\u00e7irilm\u0259si il\u0259 yana\u015f\u0131, xarici bazarlara ixrac\u0131n ar\u0131\u00e7\u0131lar\u0131n f\u0259rdi t\u0259\u015f\u0259bb\u00fcsl\u0259rind\u0259n as\u0131l\u0131 oldu\u011funu \u0259lav\u0259 etdi:<\/p>\n\n\n\n<figure class=\"wp-block-image size-full\"><img decoding=\"async\" width=\"1179\" height=\"657\" data-src=\"https:\/\/www.meydan.tv\/wp-content\/uploads\/img-20230927-wa0135.jpg\" alt=\"\" class=\"wp-image-286582 lazyload\" src=\"data:image\/svg+xml;base64,PHN2ZyB3aWR0aD0iMSIgaGVpZ2h0PSIxIiB4bWxucz0iaHR0cDovL3d3dy53My5vcmcvMjAwMC9zdmciPjwvc3ZnPg==\" style=\"--smush-placeholder-width: 1179px; --smush-placeholder-aspect-ratio: 1179\/657;\" \/><\/figure>\n\n\n\n<p>&#8220;<em>Bal\u0131n \u00f6lk\u0259d\u0259 m\u00fcxt\u0259lif qiym\u0259ti var, kiloqram\u0131 5 manatdan tutmu\u015f 60 manat q\u0259d\u0259r. Qiym\u0259ti ar\u0131\u00e7\u0131lar \u00f6zl\u0259ri m\u00fc\u0259yy\u0259n edir. Ar\u0131\u00e7\u0131lar qiym\u0259tin baha olmas\u0131ndan dolay\u0131 sat\u0131\u015fda problem ya\u015faya bil\u0259r. Ar\u0131ya d\u0259y\u0259n ziyan ar\u0131\u00e7\u0131lardan as\u0131l\u0131d\u0131r. Biri yax\u015f\u0131 bax\u0131r, dig\u0259ri yax\u015f\u0131 baxa bilmirs\u0259, t\u0259s\u0259rr\u00fcfatda q\u0131r\u0131lma olur. Bizim apard\u0131\u011f\u0131m\u0131z ara\u015fd\u0131rma da g\u00f6st\u0259rdi ki, ya\u011f\u0131nt\u0131lar\u0131n bol miqdar\u0131 bal istehsal\u0131na m\u0259nfi t\u0259sir etdi. Ancaq regionlara g\u00f6r\u0259 f\u0259rqlidir. Nazirlik bunun monitorinqi il\u0259 m\u0259\u015f\u011ful deyil dey\u0259, regionlarda n\u0259 q\u0259d\u0259r ar\u0131\u00e7\u0131ya hava \u015f\u0259raiti ziyan vurub, bunu bilmirik. Ad\u0259t\u0259n pe\u015f\u0259kar ar\u0131\u00e7\u0131lar aktiv yerd\u0259yi\u015fm\u0259 apard\u0131\u011f\u0131na g\u00f6r\u0259 onlar\u0131n yax\u015f\u0131 m\u0259hsulu olur. El\u0259 ar\u0131\u00e7\u0131lar var ki, m\u0259hz ya\u011f\u0131nt\u0131lardan dolay\u0131 m\u0259hsul g\u00f6t\u00fcr\u0259 bilm\u0259yib\u201d.<\/em><\/p>\n\n\n\n<p>\u201c<em>Bu il d\u0259 oktyabrdan iqtisadi zonalar \u00fczr\u0259 bal yarmarkas\u0131 ke\u00e7irilir v\u0259 250 ar\u0131\u00e7\u0131 400 kq bal, 60 \u015fan sat\u0131\u015fa \u00e7\u0131xara bil\u0259r. Ar\u0131\u00e7\u0131 var 100 kq, ar\u0131\u00e7\u0131 var 400 kq g\u0259tirir. Ancaq keyfiyy\u0259t m\u0259s\u0259l\u0259si var. Sertifikat g\u00f6st\u0259ricil\u0259ri uy\u011fun g\u0259lm\u0259y\u0259nl\u0259r yarmarkaya burax\u0131lm\u0131r. Yarmarka bit\u0259nd\u0259n sonra m\u0259lumatlar payla\u015f\u0131l\u0131r. Xarici bazar haz\u0131rda f\u0259rdi t\u0259\u015f\u0259bb\u00fcskarlardan as\u0131l\u0131d\u0131r. F\u0259rdi \u015f\u0259kild\u0259 sahibkar L\u0259tif Biny\u0259to\u011flu t\u0259r\u0259find\u0259n Yaponiyaya bel\u0259 m\u0259hsul g\u00f6nd\u0259rildi. Sahibkarlar \u00f6zl\u0259ri axtar\u0131b, xaricd\u0259 \u00f6zl\u0259rin\u0259 bazar tap\u0131b sata bil\u0259r&#8221;, &#8211;<\/em> V\u00fcqar H\u00fcseynov deyir.<\/p>\n\n\n\n<figure class=\"wp-block-image size-large is-resized\"><img decoding=\"async\" data-src=\"https:\/\/www.meydan.tv\/wp-content\/uploads\/img-20220808-wa0098-1-462x821.jpg\" alt=\"\" class=\"wp-image-286579 lazyload\" style=\"--smush-placeholder-width: 798px; --smush-placeholder-aspect-ratio: 798\/1418;width:798px;height:1418px\" width=\"798\" height=\"1418\" src=\"data:image\/svg+xml;base64,PHN2ZyB3aWR0aD0iMSIgaGVpZ2h0PSIxIiB4bWxucz0iaHR0cDovL3d3dy53My5vcmcvMjAwMC9zdmciPjwvc3ZnPg==\" \/><\/figure>\n\n\n\n<p>Ar\u0131\u00e7\u0131lar\u0131n subsidiya il\u0259 ba\u011fl\u0131 naraz\u0131l\u0131\u011f\u0131na g\u0259linc\u0259, nazirlik r\u0259smisi bildirib ki, subsidiya be\u015f il n\u0259z\u0259rd\u0259 tutulub v\u0259 \u00f6t\u0259n il\u0259 q\u0259d\u0259r verilib:<em> \u201c2018-ci ild\u0259 Nazirl\u0259r Kabinetinin q\u0259rar\u0131 vard\u0131 ki, be\u015f il veril\u0259c\u0259k v\u0259 bit\u0259c\u0259k. \u00d6t\u0259n il bitdi v\u0259 be\u015f il d\u0259 d\u00f6vl\u0259t ar\u0131\u00e7\u0131lara \u00f6z d\u0259st\u0259yini g\u00f6st\u0259rdi. Biz icra\u00e7\u0131 qurumuq bu m\u0259s\u0259l\u0259d\u0259&#8221;.<\/em><\/p>\n\n\n\n<p>\u00d6lk\u0259d\u0259 adamba\u015f\u0131na d\u00fc\u015f\u0259n illik istehlak s\u0259b\u0259tind\u0259 bal\u0131n miqdar\u0131 500 qram t\u0259\u015fkil edir. Bu, d\u00fcnyada orta istehlak g\u00f6st\u0259ricil\u0259ri il\u0259 m\u00fcqayis\u0259d\u0259 a\u015fa\u011f\u0131d\u0131r. T\u00fcrkiy\u0259 v\u0259 b\u0259zi q\u0259rb \u00f6lk\u0259l\u0259rind\u0259 h\u0259min g\u00f6st\u0259rici 1-1.5 kqd\u0131r. \u00c7in, Kanada kimi iri \u00f6lk\u0259l\u0259rd\u0259 bir ar\u0131 t\u0259hn\u0259sind\u0259n 48-55 kq aras\u0131 bal g\u00f6t\u00fcrm\u0259k olur ki, k\u0259nd t\u0259s\u0259rr\u00fcfat\u0131 \u00fczr\u0259 m\u00fct\u0259x\u0259ssis bunun Az\u0259rbaycanda da m\u00fcmk\u00fcn say\u0131r.<\/p>\n\n\n\n<p><strong>&#8220;Ar\u0131\u00e7\u0131l\u0131\u011f\u0131n inki\u015faf\u0131 \u00fc\u00e7\u00fcn m\u00fct\u0259x\u0259ssisl\u0259r i\u015fl\u0259m\u0259lidir&#8221;<\/strong><\/p>\n\n\n\n<p>K\u0259nd t\u0259s\u0259rr\u00fcfat\u0131 m\u0259s\u0259l\u0259l\u0259ri \u00fczr\u0259 m\u00fct\u0259x\u0259ssis Vahid M\u0259h\u0259rr\u0259mli Meydan TV-y\u0259 bildirib ki, ar\u0131 ail\u0259l\u0259rinin say\u0131n\u0131 v\u0259 m\u0259hsuldarl\u0131\u011f\u0131n\u0131 art\u0131rmaq \u00fc\u00e7\u00fcn \u00f6nc\u0259 \u00f6lk\u0259d\u0259 yem bazas\u0131n\u0131 g\u00fccl\u0259ndirm\u0259k, bitki\u00e7iliyi inki\u015faf etdirm\u0259k, me\u015f\u0259 ehtiyat\u0131n\u0131 art\u0131rmaq istiqam\u0259tind\u0259 d\u00f6vl\u0259t kompleks t\u0259dbirl\u0259r g\u00f6rm\u0259lidir:<\/p>\n\n\n\n<p><em>&#8220;Az\u0259rbaycanda ar\u0131\u00e7\u0131l\u0131\u011f\u0131n inki\u015faf\u0131 \u00fc\u00e7\u00fcn bitki\u00e7ilik inki\u015faf etm\u0259yib. Bitki\u00e7iliyin inki\u015faf\u0131 il\u0259 ar\u0131lar\u0131n yem\u0259 olan bazas\u0131 t\u0259min olunmal\u0131d\u0131r. Ar\u0131\u00e7\u0131lar\u0131n yem \u00fc\u00e7\u00fcn m\u00fcxt\u0259lif region d\u0259yi\u015fm\u0259si h\u0259m vaxt itirir, h\u0259m m\u0259hsuldarl\u0131\u011fa t\u0259sir g\u00f6st\u0259rir, h\u0259m d\u0259 x\u0259rci art\u0131r\u0131r. \u0130qlim d\u0259yi\u015fm\u0259sinin yaratd\u0131\u011f\u0131 probleml\u0259r d\u0259 bir t\u0259r\u0259fd\u0259n. \u0130ntensiv ya\u011f\u0131nt\u0131lar, sel, dolu da\u011f\u0131nt\u0131lara s\u0259b\u0259b olur. H\u0259r iki problem ar\u0131\u00e7\u0131lar\u0131n i\u015fin\u0259 t\u0259sir edir, h\u0259m d\u0259 m\u0259hsuldarl\u0131\u011fa. Yem azl\u0131\u011f\u0131 ar\u0131lar ars\u0131nda x\u0259st\u0259liyi d\u0259 art\u0131r\u0131r. Z\u0259if olanda x\u0259st\u0259lik \u00e7oxal\u0131r. H\u00f6kum\u0259t m\u0259sl\u0259y\u0259 kompleks yana\u015fmal\u0131d\u0131r, bunun \u00fc\u00e7\u00fcn d\u0259 pe\u015f\u0259kar m\u00fct\u0259x\u0259ssisl\u0259r olmal\u0131d\u0131r\u201d.<\/em><\/p>\n\n\n\n<p>Vahid M\u0259h\u0259rr\u0259mli deyir ki, problemin h\u0259lli, m\u0259hsuldarl\u0131\u011f\u0131n art\u0131m\u0131, ar\u0131\u00e7\u0131l\u0131\u011f\u0131n inki\u015faf\u0131 \u00fc\u00e7\u00fcn m\u00fct\u0259x\u0259ssisl\u0259r i\u015fl\u0259m\u0259lidir. Nec\u0259 etm\u0259k olar ki, heyvandarl\u0131q, ar\u0131\u00e7\u0131l\u0131q v\u0259 bitki\u00e7ilik inki\u015faf etsin dey\u0259 kompleks t\u0259dbirl\u0259r h\u0259yata ke\u00e7irilm\u0259lidir:<\/p>\n\n\n<div class=\"wp-block-image\">\n<figure class=\"aligncenter size-full\"><img decoding=\"async\" width=\"960\" height=\"506\" data-src=\"https:\/\/www.meydan.tv\/wp-content\/uploads\/45447-e1687097833687.jpg\" alt=\"Vahid M\u0259h\u0259rr\u0259mli\" class=\"wp-image-114069 lazyload\" src=\"data:image\/svg+xml;base64,PHN2ZyB3aWR0aD0iMSIgaGVpZ2h0PSIxIiB4bWxucz0iaHR0cDovL3d3dy53My5vcmcvMjAwMC9zdmciPjwvc3ZnPg==\" style=\"--smush-placeholder-width: 960px; --smush-placeholder-aspect-ratio: 960\/506;\" \/><figcaption class=\"wp-element-caption\">Vahid M\u0259h\u0259rr\u0259mli. Foto: Meydan TV<\/figcaption><\/figure>\n<\/div>\n\n\n<p><em>\u2018Bel\u0259 oldu\u011fu t\u0259qdird\u0259 ar\u0131\u00e7\u0131lar yerd\u0259yi\u015fm\u0259 v\u0259ziyy\u0259tind\u0259n azad olar. Me\u015f\u0259 ehtiyat\u0131 bizd\u0259 azd\u0131r v\u0259 h\u0259min ehtiyatlar\u0131 m\u00fc\u0259yy\u0259n adamlar qoruyur, ancaq inhisara al\u0131n\u0131r. Ar\u0131\u00e7\u0131l\u0131\u011f\u0131 h\u0259m d\u0259 me\u015f\u0259l\u0259rd\u0259 art\u0131rmaq olur. A\u011faclar seyr\u0259kdir, t\u0259bii yan\u011f\u0131nlar art\u0131r, bu da t\u0259sir edir. \u0130ndiki \u015f\u0259raitd\u0259 ar\u0131\u00e7\u0131lar z\u00fcl\u00fcml\u0259 o t\u0259s\u0259rr\u00fcfat\u0131 \u0259ld\u0259 edib qoruyur, \u0259ziyy\u0259t \u00e7\u0259kir. 6-7 d\u0259f\u0259 il \u0259rzind\u0259 ar\u0131n\u0131n yerini d\u0259yi\u015fir ki, bu a\u011f\u0131r bir prosedurdur. \u018flav\u0259 i\u015f\u00e7i q\u00fcvv\u0259si, yol x\u0259rci, yer icaz\u0259si v\u0259 s. t\u0259l\u0259b olunur. H\u00f6kum\u0259t bu istiqam\u0259td\u0259 i\u015f g\u00f6rm\u00fcr&#8221;.<\/em><\/p>\n\n\n\n<p>&#8220;<strong>T\u00fcrkiy\u0259 il\u0259 birg\u0259 t\u0259s\u0259rr\u00fcfat\u0131n inki\u015faf\u0131 \u00fc\u00e7\u00fcn institut yarad\u0131la bil\u0259r&#8221;<\/strong><\/p>\n\n\n\n<p>M\u00fct\u0259x\u0259ssis damazl\u0131q ar\u0131 cinsl\u0259rind\u0259n yerli m\u00fchit\u0259 uy\u011fun olan\u0131n\u0131n xarici \u00f6lk\u0259d\u0259n g\u0259tirilm\u0259sini \u0259sas say\u0131r. H\u0259m\u00e7inin T\u00fcrkiy\u0259 il\u0259 birg\u0259 bu sah\u0259d\u0259 institut yarad\u0131b ar\u0131\u00e7\u0131l\u0131\u011f\u0131n inki\u015faf\u0131na t\u00f6hf\u0259 verilm\u0259sini \u0259n uy\u011fun h\u0259ll yolu hesab edir. Birlik v\u0259 yarmarkalar\u0131n is\u0259 regionlarda olmas\u0131n\u0131 monopoliyadan xilas kimi qa\u00e7\u0131lmaz g\u00f6r\u00fcr. Qon\u015fu \u00f6lk\u0259l\u0259rl\u0259 m\u00fcqayis\u0259d\u0259 bal\u0131n qiym\u0259tinin baha olmas\u0131n\u0131 bal\u0131n maya d\u0259y\u0259rinin baha olmas\u0131 il\u0259 \u0259laq\u0259l\u0259ndirir:<\/p>\n\n\n\n<p><em>&#8220;Bunlarla x\u00fcsusi institutlar m\u0259\u015f\u011ful olmal\u0131, ar\u0131\u00e7\u0131l\u0131\u011f\u0131n inki\u015faf\u0131, m\u0259hsuldarl\u0131\u011f\u0131, damazl\u0131q t\u0259s\u0259rr\u00fcfat\u0131n\u0131n inki\u015faf\u0131 \u00fc\u00e7\u00fcn xaricd\u0259n uy\u011fun \u00f6lk\u0259l\u0259rin ar\u0131 cinsl\u0259ri g\u0259tirilm\u0259lidir. T\u00fcrkiy\u0259d\u0259 yeti\u015fdiril\u0259n cinsl\u0259r bura daha uy\u011fundur. H\u00f6kum\u0259t t\u0259\u015f\u0259bb\u00fcs g\u00f6st\u0259rm\u0259li, nazirlik \u00e7al\u0131\u015fmal\u0131d\u0131r. Formal xarakterli i\u015fl\u0259rl\u0259 olmur\u201d.<\/em><\/p>\n\n\n\n<p>Vahid M\u0259h\u0259rr\u0259mli deyir ki, ar\u0131\u00e7\u0131lar \u00f6zl\u0259ri birl\u0259\u015fib, regional qurumlarla \u00e7al\u0131\u015f\u0131b, bal yarmarkalar\u0131 t\u0259\u015fkil ed\u0259 bil\u0259r. Hesab edir ki, rayon s\u0259viyy\u0259sind\u0259 bal\u0131n qabla\u015fd\u0131r\u0131lmas\u0131 \u00fc\u00e7\u00fcn m\u00fc\u0259ssis\u0259 yarad\u0131lmal\u0131d\u0131r.<\/p>\n\n\n\n<p><em>\u201cBunun \u00fc\u00e7\u00fcn y\u00fcks\u0259k v\u0259sait\u0259 ehtiyac yoxdur. H\u0259r rayonda da bu m\u00fc\u0259ssis\u0259 olmal\u0131d\u0131r. Bal\u0131n keyfiyy\u0259tini yoxlay\u0131b sertifikat verm\u0259lidir. \u0130st\u0259nil\u0259n bazara \u00e7\u0131x\u0131\u015f \u0259ld\u0259 edim\u0259lidir. Bal\u0131n qiym\u0259ti baha ba\u015fa g\u0259lir ki, m\u0259hsuldarl\u0131q a\u015fa\u011f\u0131d\u0131r. M\u0259hsuldarl\u0131q artd\u0131\u011f\u0131 t\u0259qdird\u0259 qiym\u0259t d\u0259 a\u015fa\u011f\u0131 olar. \u00d6t\u0259n il ortalama 26-27 manat idi, bu il bahala\u015fma var. \u0130randa 5 manat, T\u00fcrkiy\u0259d\u0259 17 manatd\u0131r. Bu da bizd\u0259ki bal\u0131n maya d\u0259y\u0259rinin baha oldu\u011funu g\u00f6st\u0259r, \u00e7\u00fcnki m\u0259hsuldarl\u0131q a\u015fa\u011f\u0131d\u0131r. \u00c7ox bal istehsal edils\u0259, cins ar\u0131lar\u0131n baha qiym\u0259t\u0259 sat\u0131lmas\u0131 da g\u00f6z\u0259 g\u00f6r\u00fcnm\u0259z&#8221;,<\/em> &#8211; m\u00fct\u0259x\u0259ssis vur\u011fulay\u0131b.<\/p>\n","protected":false},"excerpt":{"rendered":"<p>Ar\u0131\u00e7\u0131lar hava \u015f\u0259raitini, nazirlik ar\u0131\u00e7\u0131lar\u0131, m\u00fct\u0259x\u0259ssis \u00f6lk\u0259d\u0259 yem bazas\u0131n\u0131n olmamas\u0131n\u0131 &#8230; <\/p>\n<p class=\"read-more-container\"><a title=\"Bals\u0131z qalan ar\u0131\u00e7\u0131lar, yemsiz qalan ar\u0131lar, artan qiym\u0259tl\u0259r\" class=\"read-more button\" href=\"https:\/\/www.meydan.tv\/az\/article\/balsiz-qalan-aricilar-yemsiz-qalan-arilar-artan-qiymetler\/#more-286585\" aria-label=\"Read more about Bals\u0131z qalan ar\u0131\u00e7\u0131lar, yemsiz qalan ar\u0131lar, artan qiym\u0259tl\u0259r\">Davam\u0131<\/a><\/p>\n","protected":false},"author":8,"featured_media":286570,"comment_status":"closed","ping_status":"closed","sticky":false,"template":"","format":"standard","meta":{"_acf_changed":false,"_sitemap_exclude":false,"_sitemap_priority":"","_sitemap_frequency":"","footnotes":""},"categories":[60,79,56],"tags":[],"class_list":["post-286585","post","type-post","status-publish","format-standard","has-post-thumbnail","hentry","category-bolge","category-featured","category-xeberler","infinite-scroll-item","generate-columns","tablet-grid-50","mobile-grid-100","grid-parent","grid-33","no-featured-image-padding"],"acf":[],"yoast_head":"<!-- This site is optimized with the Yoast SEO plugin v27.4 - https:\/\/yoast.com\/product\/yoast-seo-wordpress\/ -->\n<title>Bals\u0131z qalan ar\u0131\u00e7\u0131lar, yemsiz qalan ar\u0131lar, artan qiym\u0259tl\u0259r - MEYDAN.TV<\/title>\n<meta name=\"robots\" content=\"index, follow, max-snippet:-1, max-image-preview:large, max-video-preview:-1\" \/>\n<link rel=\"canonical\" href=\"https:\/\/www.meydan.tv\/az\/article\/balsiz-qalan-aricilar-yemsiz-qalan-arilar-artan-qiymetler\/\" \/>\n<meta property=\"og:locale\" content=\"az_AZ\" \/>\n<meta property=\"og:type\" content=\"article\" \/>\n<meta property=\"og:title\" content=\"Bals\u0131z qalan ar\u0131\u00e7\u0131lar, yemsiz qalan ar\u0131lar, artan qiym\u0259tl\u0259r - MEYDAN.TV\" \/>\n<meta property=\"og:description\" content=\"Ar\u0131\u00e7\u0131lar hava \u015f\u0259raitini, nazirlik ar\u0131\u00e7\u0131lar\u0131, m\u00fct\u0259x\u0259ssis \u00f6lk\u0259d\u0259 yem bazas\u0131n\u0131n olmamas\u0131n\u0131 ... Davam\u0131\" \/>\n<meta property=\"og:url\" content=\"https:\/\/www.meydan.tv\/az\/article\/balsiz-qalan-aricilar-yemsiz-qalan-arilar-artan-qiymetler\/\" \/>\n<meta property=\"og:site_name\" content=\"MEYDAN.TV\" \/>\n<meta property=\"article:published_time\" content=\"2023-10-01T11:53:25+00:00\" \/>\n<meta property=\"article:modified_time\" content=\"2023-10-01T13:03:19+00:00\" \/>\n<meta property=\"og:image\" content=\"https:\/\/www.meydan.tv\/wp-content\/uploads\/img-20230927-wa0133.jpg\" \/>\n\t<meta property=\"og:image:width\" content=\"1280\" \/>\n\t<meta property=\"og:image:height\" content=\"960\" \/>\n\t<meta property=\"og:image:type\" content=\"image\/jpeg\" \/>\n<meta name=\"author\" content=\"elli\" \/>\n<meta name=\"twitter:card\" content=\"summary_large_image\" \/>\n<meta name=\"twitter:creator\" content=\"@elli\" \/>\n<script type=\"application\/ld+json\" class=\"yoast-schema-graph\">{\"@context\":\"https:\\\/\\\/schema.org\",\"@graph\":[{\"@type\":\"Article\",\"@id\":\"https:\\\/\\\/www.meydan.tv\\\/az\\\/article\\\/balsiz-qalan-aricilar-yemsiz-qalan-arilar-artan-qiymetler\\\/#article\",\"isPartOf\":{\"@id\":\"https:\\\/\\\/www.meydan.tv\\\/az\\\/article\\\/balsiz-qalan-aricilar-yemsiz-qalan-arilar-artan-qiymetler\\\/\"},\"author\":{\"name\":\"elli\",\"@id\":\"https:\\\/\\\/www.meydan.tv\\\/az\\\/#\\\/schema\\\/person\\\/9cdbecf90d17180ce1dfbd95b08dcf47\"},\"headline\":\"Bals\u0131z qalan ar\u0131\u00e7\u0131lar, yemsiz qalan ar\u0131lar, artan qiym\u0259tl\u0259r\",\"datePublished\":\"2023-10-01T11:53:25+00:00\",\"dateModified\":\"2023-10-01T13:03:19+00:00\",\"mainEntityOfPage\":{\"@id\":\"https:\\\/\\\/www.meydan.tv\\\/az\\\/article\\\/balsiz-qalan-aricilar-yemsiz-qalan-arilar-artan-qiymetler\\\/\"},\"wordCount\":2165,\"publisher\":{\"@id\":\"https:\\\/\\\/www.meydan.tv\\\/az\\\/#organization\"},\"image\":{\"@id\":\"https:\\\/\\\/www.meydan.tv\\\/az\\\/article\\\/balsiz-qalan-aricilar-yemsiz-qalan-arilar-artan-qiymetler\\\/#primaryimage\"},\"thumbnailUrl\":\"https:\\\/\\\/www.meydan.tv\\\/wp-content\\\/uploads\\\/img-20230927-wa0133.jpg\",\"articleSection\":[\"B\u00f6lg\u0259\",\"T\u00f6vsiy\u0259\",\"X\u0259b\u0259rl\u0259r\"],\"inLanguage\":\"az\"},{\"@type\":\"WebPage\",\"@id\":\"https:\\\/\\\/www.meydan.tv\\\/az\\\/article\\\/balsiz-qalan-aricilar-yemsiz-qalan-arilar-artan-qiymetler\\\/\",\"url\":\"https:\\\/\\\/www.meydan.tv\\\/az\\\/article\\\/balsiz-qalan-aricilar-yemsiz-qalan-arilar-artan-qiymetler\\\/\",\"name\":\"Bals\u0131z qalan ar\u0131\u00e7\u0131lar, yemsiz qalan ar\u0131lar, artan qiym\u0259tl\u0259r - MEYDAN.TV\",\"isPartOf\":{\"@id\":\"https:\\\/\\\/www.meydan.tv\\\/az\\\/#website\"},\"primaryImageOfPage\":{\"@id\":\"https:\\\/\\\/www.meydan.tv\\\/az\\\/article\\\/balsiz-qalan-aricilar-yemsiz-qalan-arilar-artan-qiymetler\\\/#primaryimage\"},\"image\":{\"@id\":\"https:\\\/\\\/www.meydan.tv\\\/az\\\/article\\\/balsiz-qalan-aricilar-yemsiz-qalan-arilar-artan-qiymetler\\\/#primaryimage\"},\"thumbnailUrl\":\"https:\\\/\\\/www.meydan.tv\\\/wp-content\\\/uploads\\\/img-20230927-wa0133.jpg\",\"datePublished\":\"2023-10-01T11:53:25+00:00\",\"dateModified\":\"2023-10-01T13:03:19+00:00\",\"breadcrumb\":{\"@id\":\"https:\\\/\\\/www.meydan.tv\\\/az\\\/article\\\/balsiz-qalan-aricilar-yemsiz-qalan-arilar-artan-qiymetler\\\/#breadcrumb\"},\"inLanguage\":\"az\",\"potentialAction\":[{\"@type\":\"ReadAction\",\"target\":[\"https:\\\/\\\/www.meydan.tv\\\/az\\\/article\\\/balsiz-qalan-aricilar-yemsiz-qalan-arilar-artan-qiymetler\\\/\"]}]},{\"@type\":\"ImageObject\",\"inLanguage\":\"az\",\"@id\":\"https:\\\/\\\/www.meydan.tv\\\/az\\\/article\\\/balsiz-qalan-aricilar-yemsiz-qalan-arilar-artan-qiymetler\\\/#primaryimage\",\"url\":\"https:\\\/\\\/www.meydan.tv\\\/wp-content\\\/uploads\\\/img-20230927-wa0133.jpg\",\"contentUrl\":\"https:\\\/\\\/www.meydan.tv\\\/wp-content\\\/uploads\\\/img-20230927-wa0133.jpg\",\"width\":1280,\"height\":960,\"caption\":\"Fotolar: Meydan TV\"},{\"@type\":\"BreadcrumbList\",\"@id\":\"https:\\\/\\\/www.meydan.tv\\\/az\\\/article\\\/balsiz-qalan-aricilar-yemsiz-qalan-arilar-artan-qiymetler\\\/#breadcrumb\",\"itemListElement\":[{\"@type\":\"ListItem\",\"position\":1,\"name\":\"Ana s\u0259hif\u0259\",\"item\":\"https:\\\/\\\/www.meydan.tv\\\/az\\\/\"},{\"@type\":\"ListItem\",\"position\":2,\"name\":\"B\u00f6lg\u0259\",\"item\":\"https:\\\/\\\/www.meydan.tv\\\/az\\\/section\\\/bolge\\\/\"},{\"@type\":\"ListItem\",\"position\":3,\"name\":\"Bals\u0131z qalan ar\u0131\u00e7\u0131lar, yemsiz qalan ar\u0131lar, artan qiym\u0259tl\u0259r\"}]},{\"@type\":\"WebSite\",\"@id\":\"https:\\\/\\\/www.meydan.tv\\\/az\\\/#website\",\"url\":\"https:\\\/\\\/www.meydan.tv\\\/az\\\/\",\"name\":\"MEYDAN.TV\",\"description\":\"Meydan TV Az\u0259rbaycan\u0131n media m\u0259kan\u0131ndak\u0131 alternativ s\u0259sidir\",\"publisher\":{\"@id\":\"https:\\\/\\\/www.meydan.tv\\\/az\\\/#organization\"},\"potentialAction\":[{\"@type\":\"SearchAction\",\"target\":{\"@type\":\"EntryPoint\",\"urlTemplate\":\"https:\\\/\\\/www.meydan.tv\\\/az\\\/?s={search_term_string}\"},\"query-input\":{\"@type\":\"PropertyValueSpecification\",\"valueRequired\":true,\"valueName\":\"search_term_string\"}}],\"inLanguage\":\"az\"},{\"@type\":\"Organization\",\"@id\":\"https:\\\/\\\/www.meydan.tv\\\/az\\\/#organization\",\"name\":\"Meydan TV\",\"url\":\"https:\\\/\\\/www.meydan.tv\\\/az\\\/\",\"logo\":{\"@type\":\"ImageObject\",\"inLanguage\":\"az\",\"@id\":\"https:\\\/\\\/www.meydan.tv\\\/az\\\/#\\\/schema\\\/logo\\\/image\\\/\",\"url\":\"https:\\\/\\\/www.meydan.tv\\\/wp-content\\\/uploads\\\/2021\\\/07\\\/meydan-logo.svg\",\"contentUrl\":\"https:\\\/\\\/www.meydan.tv\\\/wp-content\\\/uploads\\\/2021\\\/07\\\/meydan-logo.svg\",\"width\":195,\"height\":46,\"caption\":\"Meydan TV\"},\"image\":{\"@id\":\"https:\\\/\\\/www.meydan.tv\\\/az\\\/#\\\/schema\\\/logo\\\/image\\\/\"}},{\"@type\":\"Person\",\"@id\":\"https:\\\/\\\/www.meydan.tv\\\/az\\\/#\\\/schema\\\/person\\\/9cdbecf90d17180ce1dfbd95b08dcf47\",\"name\":\"elli\",\"sameAs\":[\"https:\\\/\\\/x.com\\\/elli\"]}]}<\/script>\n<!-- \/ Yoast SEO plugin. -->","yoast_head_json":{"title":"Bals\u0131z qalan ar\u0131\u00e7\u0131lar, yemsiz qalan ar\u0131lar, artan qiym\u0259tl\u0259r - MEYDAN.TV","robots":{"index":"index","follow":"follow","max-snippet":"max-snippet:-1","max-image-preview":"max-image-preview:large","max-video-preview":"max-video-preview:-1"},"canonical":"https:\/\/www.meydan.tv\/az\/article\/balsiz-qalan-aricilar-yemsiz-qalan-arilar-artan-qiymetler\/","og_locale":"az_AZ","og_type":"article","og_title":"Bals\u0131z qalan ar\u0131\u00e7\u0131lar, yemsiz qalan ar\u0131lar, artan qiym\u0259tl\u0259r - MEYDAN.TV","og_description":"Ar\u0131\u00e7\u0131lar hava \u015f\u0259raitini, nazirlik ar\u0131\u00e7\u0131lar\u0131, m\u00fct\u0259x\u0259ssis \u00f6lk\u0259d\u0259 yem bazas\u0131n\u0131n olmamas\u0131n\u0131 ... Davam\u0131","og_url":"https:\/\/www.meydan.tv\/az\/article\/balsiz-qalan-aricilar-yemsiz-qalan-arilar-artan-qiymetler\/","og_site_name":"MEYDAN.TV","article_published_time":"2023-10-01T11:53:25+00:00","article_modified_time":"2023-10-01T13:03:19+00:00","og_image":[{"width":1280,"height":960,"url":"https:\/\/www.meydan.tv\/wp-content\/uploads\/img-20230927-wa0133.jpg","type":"image\/jpeg"}],"author":"elli","twitter_card":"summary_large_image","twitter_creator":"@elli","schema":{"@context":"https:\/\/schema.org","@graph":[{"@type":"Article","@id":"https:\/\/www.meydan.tv\/az\/article\/balsiz-qalan-aricilar-yemsiz-qalan-arilar-artan-qiymetler\/#article","isPartOf":{"@id":"https:\/\/www.meydan.tv\/az\/article\/balsiz-qalan-aricilar-yemsiz-qalan-arilar-artan-qiymetler\/"},"author":{"name":"elli","@id":"https:\/\/www.meydan.tv\/az\/#\/schema\/person\/9cdbecf90d17180ce1dfbd95b08dcf47"},"headline":"Bals\u0131z qalan ar\u0131\u00e7\u0131lar, yemsiz qalan ar\u0131lar, artan qiym\u0259tl\u0259r","datePublished":"2023-10-01T11:53:25+00:00","dateModified":"2023-10-01T13:03:19+00:00","mainEntityOfPage":{"@id":"https:\/\/www.meydan.tv\/az\/article\/balsiz-qalan-aricilar-yemsiz-qalan-arilar-artan-qiymetler\/"},"wordCount":2165,"publisher":{"@id":"https:\/\/www.meydan.tv\/az\/#organization"},"image":{"@id":"https:\/\/www.meydan.tv\/az\/article\/balsiz-qalan-aricilar-yemsiz-qalan-arilar-artan-qiymetler\/#primaryimage"},"thumbnailUrl":"https:\/\/www.meydan.tv\/wp-content\/uploads\/img-20230927-wa0133.jpg","articleSection":["B\u00f6lg\u0259","T\u00f6vsiy\u0259","X\u0259b\u0259rl\u0259r"],"inLanguage":"az"},{"@type":"WebPage","@id":"https:\/\/www.meydan.tv\/az\/article\/balsiz-qalan-aricilar-yemsiz-qalan-arilar-artan-qiymetler\/","url":"https:\/\/www.meydan.tv\/az\/article\/balsiz-qalan-aricilar-yemsiz-qalan-arilar-artan-qiymetler\/","name":"Bals\u0131z qalan ar\u0131\u00e7\u0131lar, yemsiz qalan ar\u0131lar, artan qiym\u0259tl\u0259r - MEYDAN.TV","isPartOf":{"@id":"https:\/\/www.meydan.tv\/az\/#website"},"primaryImageOfPage":{"@id":"https:\/\/www.meydan.tv\/az\/article\/balsiz-qalan-aricilar-yemsiz-qalan-arilar-artan-qiymetler\/#primaryimage"},"image":{"@id":"https:\/\/www.meydan.tv\/az\/article\/balsiz-qalan-aricilar-yemsiz-qalan-arilar-artan-qiymetler\/#primaryimage"},"thumbnailUrl":"https:\/\/www.meydan.tv\/wp-content\/uploads\/img-20230927-wa0133.jpg","datePublished":"2023-10-01T11:53:25+00:00","dateModified":"2023-10-01T13:03:19+00:00","breadcrumb":{"@id":"https:\/\/www.meydan.tv\/az\/article\/balsiz-qalan-aricilar-yemsiz-qalan-arilar-artan-qiymetler\/#breadcrumb"},"inLanguage":"az","potentialAction":[{"@type":"ReadAction","target":["https:\/\/www.meydan.tv\/az\/article\/balsiz-qalan-aricilar-yemsiz-qalan-arilar-artan-qiymetler\/"]}]},{"@type":"ImageObject","inLanguage":"az","@id":"https:\/\/www.meydan.tv\/az\/article\/balsiz-qalan-aricilar-yemsiz-qalan-arilar-artan-qiymetler\/#primaryimage","url":"https:\/\/www.meydan.tv\/wp-content\/uploads\/img-20230927-wa0133.jpg","contentUrl":"https:\/\/www.meydan.tv\/wp-content\/uploads\/img-20230927-wa0133.jpg","width":1280,"height":960,"caption":"Fotolar: Meydan TV"},{"@type":"BreadcrumbList","@id":"https:\/\/www.meydan.tv\/az\/article\/balsiz-qalan-aricilar-yemsiz-qalan-arilar-artan-qiymetler\/#breadcrumb","itemListElement":[{"@type":"ListItem","position":1,"name":"Ana s\u0259hif\u0259","item":"https:\/\/www.meydan.tv\/az\/"},{"@type":"ListItem","position":2,"name":"B\u00f6lg\u0259","item":"https:\/\/www.meydan.tv\/az\/section\/bolge\/"},{"@type":"ListItem","position":3,"name":"Bals\u0131z qalan ar\u0131\u00e7\u0131lar, yemsiz qalan ar\u0131lar, artan qiym\u0259tl\u0259r"}]},{"@type":"WebSite","@id":"https:\/\/www.meydan.tv\/az\/#website","url":"https:\/\/www.meydan.tv\/az\/","name":"MEYDAN.TV","description":"Meydan TV Az\u0259rbaycan\u0131n media m\u0259kan\u0131ndak\u0131 alternativ s\u0259sidir","publisher":{"@id":"https:\/\/www.meydan.tv\/az\/#organization"},"potentialAction":[{"@type":"SearchAction","target":{"@type":"EntryPoint","urlTemplate":"https:\/\/www.meydan.tv\/az\/?s={search_term_string}"},"query-input":{"@type":"PropertyValueSpecification","valueRequired":true,"valueName":"search_term_string"}}],"inLanguage":"az"},{"@type":"Organization","@id":"https:\/\/www.meydan.tv\/az\/#organization","name":"Meydan TV","url":"https:\/\/www.meydan.tv\/az\/","logo":{"@type":"ImageObject","inLanguage":"az","@id":"https:\/\/www.meydan.tv\/az\/#\/schema\/logo\/image\/","url":"https:\/\/www.meydan.tv\/wp-content\/uploads\/2021\/07\/meydan-logo.svg","contentUrl":"https:\/\/www.meydan.tv\/wp-content\/uploads\/2021\/07\/meydan-logo.svg","width":195,"height":46,"caption":"Meydan TV"},"image":{"@id":"https:\/\/www.meydan.tv\/az\/#\/schema\/logo\/image\/"}},{"@type":"Person","@id":"https:\/\/www.meydan.tv\/az\/#\/schema\/person\/9cdbecf90d17180ce1dfbd95b08dcf47","name":"elli","sameAs":["https:\/\/x.com\/elli"]}]}},"_links":{"self":[{"href":"https:\/\/www.meydan.tv\/az\/wp-json\/wp\/v2\/posts\/286585","targetHints":{"allow":["GET"]}}],"collection":[{"href":"https:\/\/www.meydan.tv\/az\/wp-json\/wp\/v2\/posts"}],"about":[{"href":"https:\/\/www.meydan.tv\/az\/wp-json\/wp\/v2\/types\/post"}],"author":[{"embeddable":true,"href":"https:\/\/www.meydan.tv\/az\/wp-json\/wp\/v2\/users\/8"}],"replies":[{"embeddable":true,"href":"https:\/\/www.meydan.tv\/az\/wp-json\/wp\/v2\/comments?post=286585"}],"version-history":[{"count":3,"href":"https:\/\/www.meydan.tv\/az\/wp-json\/wp\/v2\/posts\/286585\/revisions"}],"predecessor-version":[{"id":286588,"href":"https:\/\/www.meydan.tv\/az\/wp-json\/wp\/v2\/posts\/286585\/revisions\/286588"}],"wp:featuredmedia":[{"embeddable":true,"href":"https:\/\/www.meydan.tv\/az\/wp-json\/wp\/v2\/media\/286570"}],"wp:attachment":[{"href":"https:\/\/www.meydan.tv\/az\/wp-json\/wp\/v2\/media?parent=286585"}],"wp:term":[{"taxonomy":"category","embeddable":true,"href":"https:\/\/www.meydan.tv\/az\/wp-json\/wp\/v2\/categories?post=286585"},{"taxonomy":"post_tag","embeddable":true,"href":"https:\/\/www.meydan.tv\/az\/wp-json\/wp\/v2\/tags?post=286585"}],"curies":[{"name":"wp","href":"https:\/\/api.w.org\/{rel}","templated":true}]}}