{"id":286520,"date":"2023-09-30T23:59:27","date_gmt":"2023-09-30T19:59:27","guid":{"rendered":"https:\/\/www.meydan.tv\/?p=286520"},"modified":"2023-10-01T00:07:19","modified_gmt":"2023-09-30T20:07:19","slug":"erinin-serlendiyini-deyen-pineci-qadin-ve-atasinin-yolunu-gozleyen-3-ogul","status":"publish","type":"post","link":"https:\/\/www.meydan.tv\/az\/article\/erinin-serlendiyini-deyen-pineci-qadin-ve-atasinin-yolunu-gozleyen-3-ogul\/","title":{"rendered":"\u018frinin \u015f\u0259rl\u0259ndiyini dey\u0259n pin\u0259\u00e7i qad\u0131n v\u0259 atas\u0131n\u0131n yolunu g\u00f6zl\u0259y\u0259n 3 o\u011ful"},"content":{"rendered":"\n<p><\/p>\n\n\n\n<p><strong><em>Mollayevl\u0259r \u00f6z z\u0259hm\u0259tl\u0259ri il\u0259 dolan\u0131r v\u0259 \u0259dal\u0259t ist\u0259yirl\u0259r<\/em><\/strong><\/p>\n\n\n\n<p><em>&#8220;Bir g\u00fcn ayaqqab\u0131m\u0131n daban\u0131 d\u00fc\u015fd\u00fc, \u00e7\u0259km\u0259\u00e7iy\u0259 apard\u0131m. T\u0259mir etdi v\u0259 h\u0259yat yolda\u015f\u0131m\u0131n bir ayl\u0131q pensiyas\u0131n\u0131 ona verdim. G\u0259tirib geyin\u0259nd\u0259 daban t\u0259krar d\u00fc\u015fd\u00fc. H\u0259yat yolda\u015f\u0131m g\u00fcl\u00fcb dedi ki, material\u0131m olsa, bundan yax\u015f\u0131 \u00e7\u0259km\u0259\u00e7ilik ed\u0259r\u0259m. \u00c7\u00fcnki o, zaman\u0131nda atas\u0131ndan \u00f6yr\u0259nmi\u015fdi, ancaq davam etdirm\u0259mi\u015fdi. M\u0259n t\u0259kid etdim v\u0259 laz\u0131m\u0131 material\u0131 g\u00fccl\u0259 al\u0131b evd\u0259c\u0259 bu i\u015f\u0259 ba\u015flad\u0131q. \u00d6nc\u0259 m\u0259ni qoymad\u0131 ki, a\u011f\u0131r, s\u0259br t\u0259l\u0259b ed\u0259n i\u015fdir, \u0259lin yaralanacaq. Dedim ki, qoy \u00f6yr\u0259nim, h\u0259yat\u0131n i\u015fini bilm\u0259k olmaz. Zaman g\u0259l\u0259r s\u0259n\u0259t h\u0259yat\u0131m\u0131 xilas ed\u0259r, \u0259limd\u0259n tutar&#8221;.<\/em><br>Bunu Meydan TV-y\u0259 pin\u0259\u00e7i K\u00fctahi Mollayeva deyir.<\/p>\n\n\n<div class=\"wp-block-image\">\n<figure class=\"aligncenter size-large\"><img decoding=\"async\" width=\"1200\" height=\"675\" data-src=\"https:\/\/www.meydan.tv\/wp-content\/uploads\/img-20230922-wa0220-1200x675.jpg\" alt=\"\" class=\"wp-image-286543 lazyload\" src=\"data:image\/svg+xml;base64,PHN2ZyB3aWR0aD0iMSIgaGVpZ2h0PSIxIiB4bWxucz0iaHR0cDovL3d3dy53My5vcmcvMjAwMC9zdmciPjwvc3ZnPg==\" style=\"--smush-placeholder-width: 1200px; --smush-placeholder-aspect-ratio: 1200\/675;\" \/><\/figure>\n<\/div>\n\n\n<p>H\u0259yat\u0131n a\u011f\u0131r s\u0131naqlar\u0131, ya\u015fan\u0131lan \u00e7\u0259tinlik v\u0259 m\u00fcbariz\u0259l\u0259r pin\u0259\u00e7i K\u00fctahinin \u00fcz cizgil\u0259rind\u0259 d\u0259 h\u0259kk olunub. Amma h\u0259yat\u0131 ke\u015fm\u0259ke\u015fli olsa da, q\u00fcrur v\u0259 \u0259zmi onu ya\u015fad\u0131r.<br>G\u00f6y\u00e7ay\u0131n m\u0259rk\u0259zind\u0259 balaca pin\u0259\u00e7i d\u00fckan\u0131nda \u00e7al\u0131\u015fan K\u00fctahini \u00e7ox adam tan\u0131y\u0131r.<\/p>\n\n\n\n<p><strong>&#8220;He\u00e7 bir \u00e7\u0259tinlik m\u0259ni pe\u015f\u0259md\u0259n uzaqla\u015fd\u0131ra bilm\u0259di&#8230;&#8221;<\/strong><\/p>\n\n\n\n<p>H\u0259yat yolda\u015f\u0131ndan \u00fc\u00e7 aya \u00f6yr\u0259ndiyi pe\u015f\u0259ni 24 ildir ki, davam etdirir.<br>S\u0259h\u0259r erk\u0259nd\u0259n g\u00fcn batana q\u0259d\u0259r bu i\u015f onun t\u0259s\u0259lli, \u00e7\u00f6r\u0259k m\u0259nb\u0259yidir, h\u0259m tikir, h\u0259m d\u0259 t\u0259mir edir.<br><\/p>\n\n\n\n<p>&#8220;Qad\u0131ndan \u00e7\u0259km\u0259\u00e7i olmaz&#8221; deyib i\u015fin\u0259 k\u0259m baxanlara zamanla pe\u015f\u0259karl\u0131\u011f\u0131n\u0131 s\u00fcbut etdir\u0259r\u0259k \u00e7oxlu sifari\u015f\u00e7i toplay\u0131b. \u0130ndi n\u0259inki \u0259traf rayonlardan, paytaxtdan bel\u0259 sifari\u015fl\u0259ri var:<br><\/p>\n\n\n\n<p><em>&#8220;\u00dc\u00e7 ay \u00e7\u0259tinlikl\u0259rim oldu. \u018flim\u0259 biz batd\u0131, \u00e7\u0259kic d\u0259ydi, b\u0131\u00e7aq da k\u0259sdi, ancaq he\u00e7 bir \u00e7\u0259tinlik m\u0259ni pe\u015f\u0259md\u0259n uzaqla\u015fd\u0131ra bilm\u0259di. G\u00fcn \u0259rzind\u0259 8-9 c\u00fct ayaqqab\u0131 tikirdik. \u00d6nc\u0259 qon\u015fulara getdim ki, daha ba\u015fqa \u00e7\u0259km\u0259\u00e7i axtarmay\u0131n, biz\u0259 m\u00fcraci\u0259t edin. Bel\u0259c\u0259 tan\u0131nd\u0131q, sifari\u015fl\u0259r ald\u0131q. \u0130ndi is\u0259 \u0259lim tam \u00f6yr\u0259\u015fib. G\u00fcn \u0259rzind\u0259 50 c\u00fct ayaqqab\u0131 tik\u0259r\u0259m. \u00c7\u00fcnki yeni ayaqqab\u0131 haz\u0131rlamaq, dabanl\u0131q vurmaqdansa, tikm\u0259k daha rahatd\u0131r&#8221;.<br><\/em><\/p>\n\n\n<div class=\"wp-block-image\">\n<figure class=\"aligncenter size-large\"><img decoding=\"async\" width=\"1200\" height=\"675\" data-src=\"https:\/\/www.meydan.tv\/wp-content\/uploads\/img-20230922-wa0280-1200x675.jpg\" alt=\"\" class=\"wp-image-286527 lazyload\" src=\"data:image\/svg+xml;base64,PHN2ZyB3aWR0aD0iMSIgaGVpZ2h0PSIxIiB4bWxucz0iaHR0cDovL3d3dy53My5vcmcvMjAwMC9zdmciPjwvc3ZnPg==\" style=\"--smush-placeholder-width: 1200px; --smush-placeholder-aspect-ratio: 1200\/675;\" \/><\/figure>\n<\/div>\n\n\n<p><em>&#8220;Bir m\u00fcdd\u0259t evd\u0259n \u00e7al\u0131\u015fd\u0131q, sonra xahi\u015fl\u0259 bir balaca yer ald\u0131q, burada pin\u0259\u00e7i d\u00fckan\u0131 d\u00fcz\u0259ldik. K\u00f6hn\u0259, nimda\u015f olsa da, bu m\u0259kan m\u0259n\u0259 v\u0259 ail\u0259m\u0259 do\u011fmad\u0131r. S\u0259h\u0259r tezd\u0259n durub b\u0259zi i\u015fl\u0259rimi g\u00f6r\u00fcr\u0259m, \u00fc\u00e7 o\u011flumun qay\u011f\u0131s\u0131na qal\u0131ram v\u0259 i\u015f\u0259 ba\u015flay\u0131ram. Yoldan \u00f6t\u0259n, yolda qalan, ayaqqab\u0131s\u0131 s\u00f6k\u00fcl\u0259n bir d\u0259 g\u00f6rd\u00fcn d\u00f6y\u00fcr qap\u0131n\u0131 ki, tez bunu t\u0259mir el\u0259. S\u0259n\u0259tkar\u0131n g\u00fcnortaya q\u0259d\u0259r \u00e7\u00f6r\u0259yi olmaz, ondan sonra \u00e7\u00f6r\u0259ksiz qalmaz. \u0130ndi \u0259sas qazanc v\u0259 g\u0259lirimiz bu s\u0259n\u0259td\u0259ndir&#8221;, &#8211;<\/em> deyir K\u00fctahi Mollayeva.<\/p>\n\n\n\n<p><strong>&#8220;Qad\u0131n ayaqqab\u0131lar\u0131 vaxt al\u0131r v\u0259 \u00e7ox detal laz\u0131m olur&#8221;<\/strong><\/p>\n\n\n\n<p>\u018fvv\u0259l\u0259r sifari\u015fl\u0259rin az, \u00e7\u0259km\u0259\u00e7il\u0259rin \u00e7ox oldu\u011funu bildir\u0259n pin\u0259\u00e7i indi v\u0259ziyy\u0259tin nisb\u0259t\u0259n d\u0259yi\u015fdiyini deyir.<br><\/p>\n\n\n\n<p>Dediyin\u0259 g\u00f6r\u0259, sifari\u015fl\u0259r art\u0131b, qeyri-pe\u015f\u0259karlar is\u0259 art\u0131q s\u0259n\u0259td\u0259n uzaqla\u015f\u0131b. H\u0259m\u00e7inin sat\u0131\u015fda artan keyfiyy\u0259tsiz ayaqqab\u0131lar\u0131n t\u0259mir\u0259 ehtiyac duymas\u0131 tikil\u0259n \u00e7\u0259km\u0259l\u0259r\u0259 ehtiyac yarad\u0131b.<br>Deyir ki, onu yoran v\u0259 simic sifari\u015f\u00e7il\u0259rl\u0259 i\u015fl\u0259mir, kas\u0131ba is\u0259 imkan\u0131 daxilind\u0259 \u0259l tutur. Qad\u0131n ayaqqab\u0131lar\u0131 onu yorur dey\u0259 ki\u015fi \u00e7\u0259km\u0259l\u0259rin\u0259 \u00fcst\u00fcnl\u00fck verir.<br>\u0130\u015f ba\u015f\u0131nda maraql\u0131 hadis\u0259l\u0259r d\u0259 \u00e7ox ya\u015fay\u0131r:<br><\/p>\n\n\n\n<figure class=\"wp-block-image size-large\"><img decoding=\"async\" width=\"1200\" height=\"675\" data-src=\"https:\/\/www.meydan.tv\/wp-content\/uploads\/img-20230922-wa0250-1-1200x675.jpg\" alt=\"\" class=\"wp-image-286530 lazyload\" src=\"data:image\/svg+xml;base64,PHN2ZyB3aWR0aD0iMSIgaGVpZ2h0PSIxIiB4bWxucz0iaHR0cDovL3d3dy53My5vcmcvMjAwMC9zdmciPjwvc3ZnPg==\" style=\"--smush-placeholder-width: 1200px; --smush-placeholder-aspect-ratio: 1200\/675;\" \/><\/figure>\n\n\n\n<p><em>&#8220;Ma\u011fazalarda sat\u0131lan ayaqqab\u0131larda biz tikdiyimiz, s\u0259liq\u0259li v\u0259 yonulmu\u015f altl\u0131qlar vurdu\u011fumuz, istifad\u0259 etdiyimiz d\u0259ri material\u0131n keyfiyy\u0259ti kimi keyfiyy\u0259t yoxdur. Sat\u0131\u015fda olan ayaqqab\u0131larda altl\u0131q s\u0259liq\u0259li \u00e7\u0259kilmir, nec\u0259 g\u0259ldi vurulur. T\u0259mir d\u0259 edirik, altl\u0131qlar\u0131 da d\u0259yi\u015firik, daban da vururuq, yenisini tikib d\u0259 sat\u0131r\u0131q. T\u0259mir bir g\u00fcn, bir ne\u00e7\u0259 saat \u00e7\u0259kir, ancaq yenisini 4-5 g\u00fcn\u0259 haz\u0131rlay\u0131r\u0131q. Q\u0259lib\u0259 \u00e7\u0259kili\u015fi, \u00fcz hamarl\u0131\u011f\u0131, qurumas\u0131, eskiz haz\u0131rlanmas\u0131, r\u0259ngl\u0259nm\u0259si vaxt t\u0259l\u0259b edir. Odur ki, d\u0259ri ayaqqab\u0131n\u0131 45 manata, kas\u0131b v\u0259 imkans\u0131z insanlar \u00fc\u00e7\u00fcns\u0259 35 manata tikirik&#8221;.<\/em><\/p>\n\n\n\n<p>&#8220;<strong>\u018flimd\u0259n biz d\u00fc\u015f\u0259n\u0259 q\u0259d\u0259r i\u015fl\u0259y\u0259r\u0259m&#8221;<\/strong><br><\/p>\n\n\n\n<p>Mollayevl\u0259r ail\u0259si deyir ki, art\u0131q n\u0259inki G\u00f6y\u00e7ayda Ming\u0259\u00e7evird\u0259 d\u0259 pin\u0259\u00e7i sexi a\u00e7\u0131b kas\u0131b, \u00e7oxk\u00fclf\u0259tli bir ail\u0259ni orada i\u015fl\u0259 t\u0259min edibl\u0259r.<br>\u00dcst\u0259lik, pin\u0259\u00e7iy\u0259 laz\u0131ml\u0131 b\u00fct\u00fcn l\u0259vazimatlar\u0131 ordan g\u0259tir\u0259r\u0259k onlara da k\u00f6m\u0259k edirl\u0259r.<br>K\u00fctahi deyir ki, s\u0259n\u0259ti \u00f6yr\u0259nm\u0259k ist\u0259y\u0259nl\u0259r\u0259 ustad d\u0259rsi ke\u00e7m\u0259y\u0259 haz\u0131r olsa da, g\u0259ncl\u0259r bu pe\u015f\u0259y\u0259 meyilli deyill\u0259r:<\/p>\n\n\n<div class=\"wp-block-image\">\n<figure class=\"aligncenter size-large\"><img decoding=\"async\" width=\"1200\" height=\"675\" data-src=\"https:\/\/www.meydan.tv\/wp-content\/uploads\/img-20230922-wa0324-1200x675.jpg\" alt=\"\" class=\"wp-image-286534 lazyload\" src=\"data:image\/svg+xml;base64,PHN2ZyB3aWR0aD0iMSIgaGVpZ2h0PSIxIiB4bWxucz0iaHR0cDovL3d3dy53My5vcmcvMjAwMC9zdmciPjwvc3ZnPg==\" style=\"--smush-placeholder-width: 1200px; --smush-placeholder-aspect-ratio: 1200\/675;\" \/><\/figure>\n<\/div>\n\n\n<p><em>&#8220;G\u0259ncl\u0259r g\u0259ls\u0259l\u0259r, \u00f6yr\u0259d\u0259r\u0259m, onlara s\u0259n\u0259t laz\u0131md\u0131r, telefon, \u00e7ayxana yox. \u00d6z o\u011fullar\u0131ma \u00f6yr\u0259tdim, b\u00f6y\u00fck o\u011flum art\u0131q s\u0259n\u0259tkard\u0131r v\u0259 onun daha \u00e7ox sevgisi, mara\u011f\u0131 var. Deyir\u0259m ki, d\u00fckan\u0131m\u0131z olmasa bel\u0259, bir biz, qay\u00e7\u0131, mismar v\u0259 yol k\u0259nar\u0131 yet\u0259c\u0259k siz\u0259. Bir t\u0259l\u0259b\u0259 g\u0259ldi, aya\u011f\u0131 q\u0259lib\u0259 toxundu v\u0259 d\u0259miri ke\u00e7di aya\u011f\u0131na. Qorxub qa\u00e7d\u0131 v\u0259 bir daha g\u0259lm\u0259di. Kley, mismar, dabanl\u0131q, altl\u0131q, d\u0259ri, sap, i\u00e7lik, q\u0259libl\u0259r, bunlar\u0131n ham\u0131s\u0131n\u0131 pulla xaricd\u0259n al\u0131r\u0131q. \u018fsas\u0259n d\u0259, T\u00fcrkiy\u0259 v\u0259 \u0130randan&#8221;.<\/em><\/p>\n\n\n\n<p><strong>&#8220;\u0130\u015fi \u00e7oxu g\u00f6r\u0259r, amma ham\u0131da keyfiyy\u0259t olmaz&#8221;<\/strong><\/p>\n\n\n\n<p>Pin\u0259\u00e7i s\u0259n\u0259tind\u0259n m\u0259mnundur. O, \u00f6vladlar\u0131na da bu pe\u015f\u0259ni \u00f6yr\u0259d\u0259 bilib.<br>O\u011flu Teymur Mollayev d\u0259 i\u015f ba\u015f\u0131nda anas\u0131na k\u00f6m\u0259k edir. Anas\u0131 t\u0259mir\u0259, o is\u0259 \u0259sas\u0259n tiki\u015f i\u015fin\u0259 bax\u0131r.<br>G\u0259nc pin\u0259\u00e7i deyir ki, 24 ya\u015f\u0131n\u0131n 12 ilini bu i\u015fl\u0259 m\u0259\u015f\u011fuldur. \u00d6nc\u0259 atas\u0131ndan, daha sonra anas\u0131ndan \u00f6yr\u0259nib. Art\u0131q ayaqqab\u0131lar\u0131n model dizayn\u0131n\u0131 \u00f6z\u00fc c\u0131z\u0131r, \u00f6z\u00fc d\u0259 tikir.<br>Sosial \u015f\u0259b\u0259k\u0259 \u00fcz\u0259rind\u0259n yaratd\u0131\u011f\u0131 platforma ona \u00e7oxlu sifari\u015f\u00e7il\u0259r qazand\u0131r\u0131b.<br>Pe\u015f\u0259kar \u00e7\u0259km\u0259\u00e7i kimi k\u00f6hn\u0259 model ayaqqab\u0131lar\u0131 yeni modeld\u0259 t\u0259mir edib sahibl\u0259rini sevindirir.<\/p>\n\n\n<div class=\"wp-block-image\">\n<figure class=\"aligncenter size-large\"><img decoding=\"async\" width=\"1200\" height=\"675\" data-src=\"https:\/\/www.meydan.tv\/wp-content\/uploads\/img-20230922-wa0305-1200x675.jpg\" alt=\"\" class=\"wp-image-286540 lazyload\" src=\"data:image\/svg+xml;base64,PHN2ZyB3aWR0aD0iMSIgaGVpZ2h0PSIxIiB4bWxucz0iaHR0cDovL3d3dy53My5vcmcvMjAwMC9zdmciPjwvc3ZnPg==\" style=\"--smush-placeholder-width: 1200px; --smush-placeholder-aspect-ratio: 1200\/675;\" \/><\/figure>\n<\/div>\n\n\n<p><em>&#8220;10 rayondan v\u0259 Bak\u0131n\u0131n 25 faizind\u0259n sifari\u015fl\u0259rim olur. Son bir ayda Bak\u0131dan 8 c\u00fct ayaqqab\u0131 sifari\u015fi g\u0259lib. 1993 v\u0259 2002-ci ilin qad\u0131n ayaqqab\u0131s\u0131n\u0131 g\u00f6nd\u0259rdil\u0259r, 2023 d\u0259bin\u0259 sal\u0131b t\u0259mir etdim, \u00e7ox b\u0259y\u0259ndil\u0259r, \u0259lav\u0259 sifari\u015fl\u0259r ald\u0131m. \u0130\u015fimi sevir\u0259m, can yand\u0131r\u0131ram. Atam deyirdi ki, pul x\u0259trin\u0259 i\u015f g\u00f6rs\u0259n, sabah keyfiyy\u0259tsiz i\u015fin haqq\u0131nda dan\u0131\u015facaqlar. Bir c\u00fct ayaqqab\u0131n\u0131n keyfiyy\u0259tli tiki\u015fi bir h\u0259ft\u0259 t\u0259l\u0259b edir. \u0130nc\u0259 detallar var v\u0259 tikdiyim ayaqqab\u0131ya bir il z\u0259man\u0259t verir\u0259m. \u0130\u015fi \u00e7oxu g\u00f6r\u0259r, amma ham\u0131da keyfiyy\u0259t olmaz. Alt\u0131 il \u00f6nc\u0259 atam d\u0259ri, m\u0259n t\u0259miz zamu\u015f ald\u0131q. Dedi ki, ayaqqab\u0131lar\u0131n \u0259lind\u0259 qalacaq. 8 c\u00fct ayaqqab\u0131 tikdim, ham\u0131s\u0131 tez al\u0131nd\u0131. Atam\u0131n d\u0259ri ayaqqab\u0131lar\u0131 uzun m\u00fcdd\u0259t vitrind\u0259 qald\u0131. Ondan sonra atam dedi kki, \u0259sl s\u0259n\u0259tkarsan&#8221;.<br><\/em><\/p>\n\n\n\n<p><strong>&#8220;\u0130deya v\u0259 planlar\u0131m var&#8230;&#8221;<\/strong><br><\/p>\n\n\n\n<p>Teymur Mollayev deyir ki, g\u0259l\u0259c\u0259k \u00fc\u00e7\u00fcn b\u00f6y\u00fck planlar\u0131 v\u0259 maraql\u0131 ideyas\u0131 var. H\u0259tta bununla ba\u011fl\u0131 brend ad\u0131 da d\u00fc\u015f\u00fcn\u00fcb:<\/p>\n\n\n\n<p><em>&#8220;Yax\u0131n g\u0259l\u0259c\u0259kd\u0259 Bak\u0131da &#8221; T\u0130MOV&#8221; brend il\u0259 \u015f\u0259xsi ma\u011faza a\u00e7maq ist\u0259yir\u0259m. Ad s\u0259b\u0259bsiz deyil. \u0130lk h\u0259rf \u00f6z ad\u0131m\u0131n, M soyad\u0131m\u0131z\u0131n, V is\u0259 atam\u0131n ad\u0131n\u0131n ilk h\u0259rfidir. \u0130stehsal\u00e7\u0131 kimi xan\u0131mlar \u00fc\u00e7\u00fcn idman \u00fcslubunda ayaqqab\u0131lar tikm\u0259k ist\u0259yir\u0259m. T\u0259l\u0259bat var, xaricd\u0259n baha g\u0259tirilir, m\u0259n is\u0259 yerli d\u0259b dizayn\u0131nda yenilik edir\u0259m. Dig\u0259r layih\u0259m is\u0259 ortopedik ayaqqab\u0131 istehsal\u0131d\u0131r ki, bir \u00e7ox insanlar\u0131n, x\u00fcsusil\u0259 \u015f\u0259k\u0259r x\u0259st\u0259l\u0259rinin ehtiyac\u0131 var. Dabanlar\u0131 k\u0259silmi\u015f bir insana bel\u0259 ayaqqab\u0131 haz\u0131rlad\u0131m, ham\u0131 kimi normal yeridi. Ham\u0131 t\u0259\u0259cc\u00fcbl\u0259ndi&#8221;.<\/em><\/p>\n\n\n<div class=\"wp-block-image\">\n<figure class=\"aligncenter size-large\"><img decoding=\"async\" width=\"1200\" height=\"675\" data-src=\"https:\/\/www.meydan.tv\/wp-content\/uploads\/img-20230922-wa0205-1200x675.jpg\" alt=\"\" class=\"wp-image-286546 lazyload\" src=\"data:image\/svg+xml;base64,PHN2ZyB3aWR0aD0iMSIgaGVpZ2h0PSIxIiB4bWxucz0iaHR0cDovL3d3dy53My5vcmcvMjAwMC9zdmciPjwvc3ZnPg==\" style=\"--smush-placeholder-width: 1200px; --smush-placeholder-aspect-ratio: 1200\/675;\" \/><\/figure>\n<\/div>\n\n\n<p>&#8220;<em>B\u0259zi xan\u0131mlar, g\u0259ncl\u0259r var ki, ciddi problem ya\u015fay\u0131r, anadang\u0259lm\u0259 iki aya\u011f\u0131 eynidir. Onu da haqq\u0131d\u0131r ki, ham\u0131 kimi olsun, f\u0259rql\u0259nm\u0259sin. M\u0259n el\u0259 ayaqlar \u00fc\u00e7\u00fcn i\u00e7d\u0259n ayaqqab\u0131lara ortopedik dizayn verir\u0259m ki, he\u00e7 bilinmir. Bak\u0131dan bir m\u00fc\u015ft\u0259rimiz vard\u0131. \u0130ki aya\u011f\u0131 sol idi. \u0130ki c\u00fct ayaqqab\u0131 al\u0131rd\u0131, ancaq solun geyinirdi. Atam ona el\u0259 bir ayaqqab\u0131 haz\u0131rlad\u0131 ki, i\u00e7 t\u0259r\u0259fd\u0259n sol, \u00e7\u00f6l t\u0259r\u0259fd\u0259n sa\u011f oldu. \u0130ndi h\u0259min q\u0131z xaricd\u0259 t\u0259hsil al\u0131r. Onu da atamdan \u00f6yr\u0259ndim v\u0259 \u00f6z\u00fcm d\u0259 haz\u0131rlay\u0131ram. Bu pe\u015f\u0259y\u0259 olan sevgimd\u0259n, ideyalar\u0131ndan dolay\u0131 ali t\u0259hsil alma\u011fa getm\u0259dim&#8221;, &#8211; <\/em>dey\u0259 o vur\u011fulay\u0131r.<br><\/p>\n\n\n\n<p><strong>&#8220;Bu \u00f6lk\u0259d\u0259 kims\u0259 h\u0259bsd\u0259n s\u0131\u011fortalanmay\u0131b&#8221;<\/strong><br><\/p>\n\n\n\n<p>\u00c7\u0259km\u0259\u00e7i ana \u00fc\u00e7 \u00f6vlad\u0131 il\u0259 q\u00fcrur duyur, amma deyir ki, atas\u0131zl\u0131q \u00f6vladlar\u0131 \u00fc\u00e7\u00fcn olduqca \u00e7\u0259tindir.<\/p>\n\n\n\n<p>K\u00fctahi Mollayeva h\u0259yat yolda\u015f\u0131n\u0131n iki d\u0259f\u0259 \u015f\u0259rl\u0259n\u0259r\u0259k h\u0259bs olundu\u011funu deyir. Bu \u00fczd\u0259n \u00fcz\u0259rind\u0259 m\u0259suliyy\u0259t v\u0259 \u00f6hd\u0259lik \u00e7oxdur. Ona g\u00f6r\u0259 d\u0259 pe\u015f\u0259si \u00fcz\u0259rind\u0259 m\u00f6hk\u0259m dayan\u0131b, g\u00fccl\u00fc olma\u011fa \u00e7al\u0131\u015f\u0131b. O t\u0259k s\u0259n\u0259t u\u011frunda deyil, h\u0259m d\u0259 h\u0259yat yolda\u015f\u0131na qar\u015f\u0131 edil\u0259n haqs\u0131zl\u0131\u011fa qar\u015f\u0131 m\u00fcbariz\u0259 apar\u0131r.<\/p>\n\n\n\n<p>H\u0259yat yolda\u015f\u0131 azadl\u0131\u011fa \u00e7\u0131xarsa, \u00f6vladlar\u0131na bu s\u0259n\u0259td\u0259 arzular\u0131na \u00e7atmaq daha rahat olar dey\u0259 d\u00fc\u015f\u00fcn\u00fcr:<\/p>\n\n\n\n<figure class=\"wp-block-image size-large\"><img decoding=\"async\" width=\"1200\" height=\"675\" data-src=\"https:\/\/www.meydan.tv\/wp-content\/uploads\/img-20230922-wa0216-1200x675.jpg\" alt=\"\" class=\"wp-image-286549 lazyload\" src=\"data:image\/svg+xml;base64,PHN2ZyB3aWR0aD0iMSIgaGVpZ2h0PSIxIiB4bWxucz0iaHR0cDovL3d3dy53My5vcmcvMjAwMC9zdmciPjwvc3ZnPg==\" style=\"--smush-placeholder-width: 1200px; --smush-placeholder-aspect-ratio: 1200\/675;\" \/><\/figure>\n\n\n\n<p><em>&#8220;H\u0259yat yolda\u015f\u0131m ba\u015f\u0131m\u0131n tac\u0131d\u0131r. Pis v\u0259rdi\u015fi olan adam olmay\u0131b. 63 ya\u015f\u0131 var, onu yax\u015f\u0131 tan\u0131y\u0131ram. H\u0259r d\u0259f\u0259 \u00fcz\u00fcm\u00fcz\u0259 onun h\u0259bsd\u0259 olma\u011f\u0131n\u0131 vuranda pis oluruq. Deyir\u0259m ki, bu \u00f6lk\u0259d\u0259 kims\u0259 h\u0259bsd\u0259n s\u0131\u011fortalanmay\u0131b. Onun ilk h\u0259bsi 2011-ci ilin 23 noyabr\u0131nda oldu. Bir n\u0259f\u0259r narkotik istifad\u0259\u00e7isi il\u0259 ayaqqab\u0131 \u00fcst\u00fcnd\u0259 davas\u0131 d\u00fc\u015fd\u00fc v\u0259 tan\u0131mad\u0131\u011f\u0131m\u0131z iki adamla \u015f\u0259rl\u0259y\u0259r\u0259k \u00fc\u00e7 il h\u0259bs etdil\u0259r. \u0130kinci h\u0259bsi 2019-cu ilin 19 noyabr\u0131nda oldu ki, h\u0259yat yolda\u015f\u0131m o\u011flumuz Seymuru h\u0259kim\u0259 apar\u0131rd\u0131, h\u0259tta bac\u0131s\u0131 da ma\u015f\u0131nda olub. Yolda ona nam\u0259lum \u015f\u0259xs z\u0259ng edib ki, filan yerl\u0259rd\u0259n ke\u00e7 Yasamala, 3 sayl\u0131 ASAN Xidm\u0259tin yan\u0131na g\u0259l. Orada da d\u0259rhal h\u0259bs edibl\u0259r. 206-c\u0131 madd\u0259 il\u0259 ittham etdil\u0259r ki, guya s\u0259rh\u0259di qanunsuz ke\u00e7ib, qa\u00e7aqmal\u00e7\u0131l\u0131qla m\u0259\u015f\u011ful olub. Ona 9 il i\u015f k\u0259sibl\u0259r. Yasamalda s\u0259rh\u0259d var? Ona kimin z\u0259ng etdiyi a\u00e7\u0131qlanmad\u0131, guya tap\u0131lmad\u0131. Halbuki \u0259razid\u0259 \u00fc\u00e7 t\u0259hl\u00fck\u0259sizlik kameras\u0131 vard\u0131, guya he\u00e7 birin\u0259 d\u00fc\u015fm\u0259yib&#8221;.<br>&#8220;M\u0259hk\u0259m\u0259l\u0259rd\u0259 yalan\u00e7\u0131 \u015fahidl\u0259rin ifad\u0259l\u0259ri \u00fcst-\u00fcst\u0259 d\u00fc\u015fm\u0259di, d\u0259lil, s\u00fcbut olmadan kimins\u0259 yerin\u0259 h\u0259bs etdil\u0259r. G\u00fcl\u00fcnc durum yarand\u0131. O\u011flumu dubinka il\u0259 d\u00f6y\u00fcbl\u0259r ki, atas\u0131n\u0131n \u00fcz\u00fcn\u0259 dursun, desin ki, atam Bak\u0131ya n\u0259s\u0259 g\u00f6t\u00fcrm\u0259k \u00fc\u00e7\u00fcn g\u0259lirdi. Ma\u015f\u0131nda da xurma, nar olub. Onlar\u0131 h\u0259kim\u0259 pay apar\u0131rd\u0131. \u0130ll\u0259rdir ki, bir \u0259limd\u0259 biz, bir \u0259limd\u0259 s\u0259n\u0259d, s\u00fcbut \u0259dal\u0259t ist\u0259yir\u0259m, ancaq yoxdur&#8221;, &#8211; <\/em>bel\u0259 deyir K\u00fctahi Mollayeva.<\/p>\n\n\n\n<figure class=\"wp-block-image size-large\"><img decoding=\"async\" width=\"1200\" height=\"675\" data-src=\"https:\/\/www.meydan.tv\/wp-content\/uploads\/img-20230922-wa0133-1200x675.jpg\" alt=\"\" class=\"wp-image-286555 lazyload\" src=\"data:image\/svg+xml;base64,PHN2ZyB3aWR0aD0iMSIgaGVpZ2h0PSIxIiB4bWxucz0iaHR0cDovL3d3dy53My5vcmcvMjAwMC9zdmciPjwvc3ZnPg==\" style=\"--smush-placeholder-width: 1200px; --smush-placeholder-aspect-ratio: 1200\/675;\" \/><\/figure>\n\n\n\n<p>O h\u0259tta Prezident Admintrasiyas\u0131n\u0131n qar\u015f\u0131s\u0131nda aksiya ke\u00e7irdiyini d\u0259 deyir:<\/p>\n\n\n\n<p><em>&#8220;T\u0259kadaml\u0131q aksiya ke\u00e7irdim, h\u0259r yer\u0259 m\u00fcraci\u0259t etdim, d\u0259f\u0259l\u0259rl\u0259 prezidentd\u0259n \u0259dal\u0259t ist\u0259dim, ist\u0259yir\u0259m d\u0259. Ancaq s\u0259sim \u00e7atm\u0131r, e\u015fidilmir. H\u0259r ay onun yan\u0131na gedir\u0259m, \u00e7\u0259km\u0259\u00e7ilik s\u0259n\u0259tind\u0259n qazand\u0131\u011f\u0131m\u0131z, onun pensiyas\u0131 ora gedir. Adam\u0131n g\u00fcnah\u0131 yoxdur. \u0130st\u0259yirik ki, \u00e7\u0131xs\u0131n v\u0259 biz\u0259 h\u0259yan olsun, \u00f6vlad\u0131m\u0131n arzular\u0131na d\u0259st\u0259k versin. \u00dc\u00e7 o\u011flumun g\u0259l\u0259c\u0259yi, h\u0259yat\u0131, arzular\u0131 var. M\u0259nim d\u0259 bu \u00e7\u0259km\u0259\u00e7ilik s\u0259n\u0259ti il\u0259 ba\u011fl\u0131 b\u00f6y\u00fck arzular\u0131m var. \u00dcmid edir\u0259m ki, \u00f6vladlar\u0131mla, h\u0259yat yolda\u015f\u0131mla birg\u0259 nail olaca\u011f\u0131q&#8221;.<\/em><\/p>\n\n\n\n<p><\/p>\n","protected":false},"excerpt":{"rendered":"<p>Mollayevl\u0259r \u00f6z z\u0259hm\u0259tl\u0259ri il\u0259 dolan\u0131r v\u0259 \u0259dal\u0259t ist\u0259yirl\u0259r &#8220;Bir g\u00fcn &#8230; <\/p>\n<p class=\"read-more-container\"><a title=\"\u018frinin \u015f\u0259rl\u0259ndiyini dey\u0259n pin\u0259\u00e7i qad\u0131n v\u0259 atas\u0131n\u0131n yolunu g\u00f6zl\u0259y\u0259n 3 o\u011ful\" class=\"read-more button\" href=\"https:\/\/www.meydan.tv\/az\/article\/erinin-serlendiyini-deyen-pineci-qadin-ve-atasinin-yolunu-gozleyen-3-ogul\/#more-286520\" aria-label=\"Read more about \u018frinin \u015f\u0259rl\u0259ndiyini dey\u0259n pin\u0259\u00e7i qad\u0131n v\u0259 atas\u0131n\u0131n yolunu g\u00f6zl\u0259y\u0259n 3 o\u011ful\">Davam\u0131<\/a><\/p>\n","protected":false},"author":8,"featured_media":286521,"comment_status":"closed","ping_status":"closed","sticky":false,"template":"","format":"standard","meta":{"_acf_changed":false,"_sitemap_exclude":false,"_sitemap_priority":"","_sitemap_frequency":"","footnotes":""},"categories":[60,56],"tags":[],"class_list":["post-286520","post","type-post","status-publish","format-standard","has-post-thumbnail","hentry","category-bolge","category-xeberler","infinite-scroll-item","generate-columns","tablet-grid-50","mobile-grid-100","grid-parent","grid-33","no-featured-image-padding"],"acf":[],"yoast_head":"<!-- This site is optimized with the Yoast SEO plugin v27.4 - https:\/\/yoast.com\/product\/yoast-seo-wordpress\/ -->\n<title>\u018frinin \u015f\u0259rl\u0259ndiyini dey\u0259n pin\u0259\u00e7i qad\u0131n v\u0259 atas\u0131n\u0131n yolunu g\u00f6zl\u0259y\u0259n 3 o\u011ful - MEYDAN.TV<\/title>\n<meta name=\"robots\" content=\"index, follow, max-snippet:-1, max-image-preview:large, max-video-preview:-1\" \/>\n<link rel=\"canonical\" href=\"https:\/\/www.meydan.tv\/az\/article\/erinin-serlendiyini-deyen-pineci-qadin-ve-atasinin-yolunu-gozleyen-3-ogul\/\" \/>\n<meta property=\"og:locale\" content=\"az_AZ\" \/>\n<meta property=\"og:type\" content=\"article\" \/>\n<meta property=\"og:title\" content=\"\u018frinin \u015f\u0259rl\u0259ndiyini dey\u0259n pin\u0259\u00e7i qad\u0131n v\u0259 atas\u0131n\u0131n yolunu g\u00f6zl\u0259y\u0259n 3 o\u011ful - MEYDAN.TV\" \/>\n<meta property=\"og:description\" content=\"Mollayevl\u0259r \u00f6z z\u0259hm\u0259tl\u0259ri il\u0259 dolan\u0131r v\u0259 \u0259dal\u0259t ist\u0259yirl\u0259r &#8220;Bir g\u00fcn ... Davam\u0131\" \/>\n<meta property=\"og:url\" content=\"https:\/\/www.meydan.tv\/az\/article\/erinin-serlendiyini-deyen-pineci-qadin-ve-atasinin-yolunu-gozleyen-3-ogul\/\" \/>\n<meta property=\"og:site_name\" content=\"MEYDAN.TV\" \/>\n<meta property=\"article:published_time\" content=\"2023-09-30T19:59:27+00:00\" \/>\n<meta property=\"article:modified_time\" content=\"2023-09-30T20:07:19+00:00\" \/>\n<meta property=\"og:image\" content=\"https:\/\/www.meydan.tv\/wp-content\/uploads\/img-20230922-wa0334.jpg\" \/>\n\t<meta property=\"og:image:width\" content=\"1280\" \/>\n\t<meta property=\"og:image:height\" content=\"720\" \/>\n\t<meta property=\"og:image:type\" content=\"image\/jpeg\" \/>\n<meta name=\"author\" content=\"elli\" \/>\n<meta name=\"twitter:card\" content=\"summary_large_image\" \/>\n<meta name=\"twitter:creator\" content=\"@elli\" \/>\n<script type=\"application\/ld+json\" class=\"yoast-schema-graph\">{\"@context\":\"https:\\\/\\\/schema.org\",\"@graph\":[{\"@type\":\"Article\",\"@id\":\"https:\\\/\\\/www.meydan.tv\\\/az\\\/article\\\/erinin-serlendiyini-deyen-pineci-qadin-ve-atasinin-yolunu-gozleyen-3-ogul\\\/#article\",\"isPartOf\":{\"@id\":\"https:\\\/\\\/www.meydan.tv\\\/az\\\/article\\\/erinin-serlendiyini-deyen-pineci-qadin-ve-atasinin-yolunu-gozleyen-3-ogul\\\/\"},\"author\":{\"name\":\"elli\",\"@id\":\"https:\\\/\\\/www.meydan.tv\\\/az\\\/#\\\/schema\\\/person\\\/9cdbecf90d17180ce1dfbd95b08dcf47\"},\"headline\":\"\u018frinin \u015f\u0259rl\u0259ndiyini dey\u0259n pin\u0259\u00e7i qad\u0131n v\u0259 atas\u0131n\u0131n yolunu g\u00f6zl\u0259y\u0259n 3 o\u011ful\",\"datePublished\":\"2023-09-30T19:59:27+00:00\",\"dateModified\":\"2023-09-30T20:07:19+00:00\",\"mainEntityOfPage\":{\"@id\":\"https:\\\/\\\/www.meydan.tv\\\/az\\\/article\\\/erinin-serlendiyini-deyen-pineci-qadin-ve-atasinin-yolunu-gozleyen-3-ogul\\\/\"},\"wordCount\":2198,\"publisher\":{\"@id\":\"https:\\\/\\\/www.meydan.tv\\\/az\\\/#organization\"},\"image\":{\"@id\":\"https:\\\/\\\/www.meydan.tv\\\/az\\\/article\\\/erinin-serlendiyini-deyen-pineci-qadin-ve-atasinin-yolunu-gozleyen-3-ogul\\\/#primaryimage\"},\"thumbnailUrl\":\"https:\\\/\\\/www.meydan.tv\\\/wp-content\\\/uploads\\\/img-20230922-wa0334.jpg\",\"articleSection\":[\"B\u00f6lg\u0259\",\"X\u0259b\u0259rl\u0259r\"],\"inLanguage\":\"az\"},{\"@type\":\"WebPage\",\"@id\":\"https:\\\/\\\/www.meydan.tv\\\/az\\\/article\\\/erinin-serlendiyini-deyen-pineci-qadin-ve-atasinin-yolunu-gozleyen-3-ogul\\\/\",\"url\":\"https:\\\/\\\/www.meydan.tv\\\/az\\\/article\\\/erinin-serlendiyini-deyen-pineci-qadin-ve-atasinin-yolunu-gozleyen-3-ogul\\\/\",\"name\":\"\u018frinin \u015f\u0259rl\u0259ndiyini dey\u0259n pin\u0259\u00e7i qad\u0131n v\u0259 atas\u0131n\u0131n yolunu g\u00f6zl\u0259y\u0259n 3 o\u011ful - MEYDAN.TV\",\"isPartOf\":{\"@id\":\"https:\\\/\\\/www.meydan.tv\\\/az\\\/#website\"},\"primaryImageOfPage\":{\"@id\":\"https:\\\/\\\/www.meydan.tv\\\/az\\\/article\\\/erinin-serlendiyini-deyen-pineci-qadin-ve-atasinin-yolunu-gozleyen-3-ogul\\\/#primaryimage\"},\"image\":{\"@id\":\"https:\\\/\\\/www.meydan.tv\\\/az\\\/article\\\/erinin-serlendiyini-deyen-pineci-qadin-ve-atasinin-yolunu-gozleyen-3-ogul\\\/#primaryimage\"},\"thumbnailUrl\":\"https:\\\/\\\/www.meydan.tv\\\/wp-content\\\/uploads\\\/img-20230922-wa0334.jpg\",\"datePublished\":\"2023-09-30T19:59:27+00:00\",\"dateModified\":\"2023-09-30T20:07:19+00:00\",\"breadcrumb\":{\"@id\":\"https:\\\/\\\/www.meydan.tv\\\/az\\\/article\\\/erinin-serlendiyini-deyen-pineci-qadin-ve-atasinin-yolunu-gozleyen-3-ogul\\\/#breadcrumb\"},\"inLanguage\":\"az\",\"potentialAction\":[{\"@type\":\"ReadAction\",\"target\":[\"https:\\\/\\\/www.meydan.tv\\\/az\\\/article\\\/erinin-serlendiyini-deyen-pineci-qadin-ve-atasinin-yolunu-gozleyen-3-ogul\\\/\"]}]},{\"@type\":\"ImageObject\",\"inLanguage\":\"az\",\"@id\":\"https:\\\/\\\/www.meydan.tv\\\/az\\\/article\\\/erinin-serlendiyini-deyen-pineci-qadin-ve-atasinin-yolunu-gozleyen-3-ogul\\\/#primaryimage\",\"url\":\"https:\\\/\\\/www.meydan.tv\\\/wp-content\\\/uploads\\\/img-20230922-wa0334.jpg\",\"contentUrl\":\"https:\\\/\\\/www.meydan.tv\\\/wp-content\\\/uploads\\\/img-20230922-wa0334.jpg\",\"width\":1280,\"height\":720,\"caption\":\"K\u00fctahi Mollayeva. Fotolar: Meydan TV\"},{\"@type\":\"BreadcrumbList\",\"@id\":\"https:\\\/\\\/www.meydan.tv\\\/az\\\/article\\\/erinin-serlendiyini-deyen-pineci-qadin-ve-atasinin-yolunu-gozleyen-3-ogul\\\/#breadcrumb\",\"itemListElement\":[{\"@type\":\"ListItem\",\"position\":1,\"name\":\"Ana s\u0259hif\u0259\",\"item\":\"https:\\\/\\\/www.meydan.tv\\\/az\\\/\"},{\"@type\":\"ListItem\",\"position\":2,\"name\":\"B\u00f6lg\u0259\",\"item\":\"https:\\\/\\\/www.meydan.tv\\\/az\\\/section\\\/bolge\\\/\"},{\"@type\":\"ListItem\",\"position\":3,\"name\":\"\u018frinin \u015f\u0259rl\u0259ndiyini dey\u0259n pin\u0259\u00e7i qad\u0131n v\u0259 atas\u0131n\u0131n yolunu g\u00f6zl\u0259y\u0259n 3 o\u011ful\"}]},{\"@type\":\"WebSite\",\"@id\":\"https:\\\/\\\/www.meydan.tv\\\/az\\\/#website\",\"url\":\"https:\\\/\\\/www.meydan.tv\\\/az\\\/\",\"name\":\"MEYDAN.TV\",\"description\":\"Meydan TV Az\u0259rbaycan\u0131n media m\u0259kan\u0131ndak\u0131 alternativ s\u0259sidir\",\"publisher\":{\"@id\":\"https:\\\/\\\/www.meydan.tv\\\/az\\\/#organization\"},\"potentialAction\":[{\"@type\":\"SearchAction\",\"target\":{\"@type\":\"EntryPoint\",\"urlTemplate\":\"https:\\\/\\\/www.meydan.tv\\\/az\\\/?s={search_term_string}\"},\"query-input\":{\"@type\":\"PropertyValueSpecification\",\"valueRequired\":true,\"valueName\":\"search_term_string\"}}],\"inLanguage\":\"az\"},{\"@type\":\"Organization\",\"@id\":\"https:\\\/\\\/www.meydan.tv\\\/az\\\/#organization\",\"name\":\"Meydan TV\",\"url\":\"https:\\\/\\\/www.meydan.tv\\\/az\\\/\",\"logo\":{\"@type\":\"ImageObject\",\"inLanguage\":\"az\",\"@id\":\"https:\\\/\\\/www.meydan.tv\\\/az\\\/#\\\/schema\\\/logo\\\/image\\\/\",\"url\":\"https:\\\/\\\/www.meydan.tv\\\/wp-content\\\/uploads\\\/2021\\\/07\\\/meydan-logo.svg\",\"contentUrl\":\"https:\\\/\\\/www.meydan.tv\\\/wp-content\\\/uploads\\\/2021\\\/07\\\/meydan-logo.svg\",\"width\":195,\"height\":46,\"caption\":\"Meydan TV\"},\"image\":{\"@id\":\"https:\\\/\\\/www.meydan.tv\\\/az\\\/#\\\/schema\\\/logo\\\/image\\\/\"}},{\"@type\":\"Person\",\"@id\":\"https:\\\/\\\/www.meydan.tv\\\/az\\\/#\\\/schema\\\/person\\\/9cdbecf90d17180ce1dfbd95b08dcf47\",\"name\":\"elli\",\"sameAs\":[\"https:\\\/\\\/x.com\\\/elli\"]}]}<\/script>\n<!-- \/ Yoast SEO plugin. -->","yoast_head_json":{"title":"\u018frinin \u015f\u0259rl\u0259ndiyini dey\u0259n pin\u0259\u00e7i qad\u0131n v\u0259 atas\u0131n\u0131n yolunu g\u00f6zl\u0259y\u0259n 3 o\u011ful - MEYDAN.TV","robots":{"index":"index","follow":"follow","max-snippet":"max-snippet:-1","max-image-preview":"max-image-preview:large","max-video-preview":"max-video-preview:-1"},"canonical":"https:\/\/www.meydan.tv\/az\/article\/erinin-serlendiyini-deyen-pineci-qadin-ve-atasinin-yolunu-gozleyen-3-ogul\/","og_locale":"az_AZ","og_type":"article","og_title":"\u018frinin \u015f\u0259rl\u0259ndiyini dey\u0259n pin\u0259\u00e7i qad\u0131n v\u0259 atas\u0131n\u0131n yolunu g\u00f6zl\u0259y\u0259n 3 o\u011ful - MEYDAN.TV","og_description":"Mollayevl\u0259r \u00f6z z\u0259hm\u0259tl\u0259ri il\u0259 dolan\u0131r v\u0259 \u0259dal\u0259t ist\u0259yirl\u0259r &#8220;Bir g\u00fcn ... Davam\u0131","og_url":"https:\/\/www.meydan.tv\/az\/article\/erinin-serlendiyini-deyen-pineci-qadin-ve-atasinin-yolunu-gozleyen-3-ogul\/","og_site_name":"MEYDAN.TV","article_published_time":"2023-09-30T19:59:27+00:00","article_modified_time":"2023-09-30T20:07:19+00:00","og_image":[{"width":1280,"height":720,"url":"https:\/\/www.meydan.tv\/wp-content\/uploads\/img-20230922-wa0334.jpg","type":"image\/jpeg"}],"author":"elli","twitter_card":"summary_large_image","twitter_creator":"@elli","schema":{"@context":"https:\/\/schema.org","@graph":[{"@type":"Article","@id":"https:\/\/www.meydan.tv\/az\/article\/erinin-serlendiyini-deyen-pineci-qadin-ve-atasinin-yolunu-gozleyen-3-ogul\/#article","isPartOf":{"@id":"https:\/\/www.meydan.tv\/az\/article\/erinin-serlendiyini-deyen-pineci-qadin-ve-atasinin-yolunu-gozleyen-3-ogul\/"},"author":{"name":"elli","@id":"https:\/\/www.meydan.tv\/az\/#\/schema\/person\/9cdbecf90d17180ce1dfbd95b08dcf47"},"headline":"\u018frinin \u015f\u0259rl\u0259ndiyini dey\u0259n pin\u0259\u00e7i qad\u0131n v\u0259 atas\u0131n\u0131n yolunu g\u00f6zl\u0259y\u0259n 3 o\u011ful","datePublished":"2023-09-30T19:59:27+00:00","dateModified":"2023-09-30T20:07:19+00:00","mainEntityOfPage":{"@id":"https:\/\/www.meydan.tv\/az\/article\/erinin-serlendiyini-deyen-pineci-qadin-ve-atasinin-yolunu-gozleyen-3-ogul\/"},"wordCount":2198,"publisher":{"@id":"https:\/\/www.meydan.tv\/az\/#organization"},"image":{"@id":"https:\/\/www.meydan.tv\/az\/article\/erinin-serlendiyini-deyen-pineci-qadin-ve-atasinin-yolunu-gozleyen-3-ogul\/#primaryimage"},"thumbnailUrl":"https:\/\/www.meydan.tv\/wp-content\/uploads\/img-20230922-wa0334.jpg","articleSection":["B\u00f6lg\u0259","X\u0259b\u0259rl\u0259r"],"inLanguage":"az"},{"@type":"WebPage","@id":"https:\/\/www.meydan.tv\/az\/article\/erinin-serlendiyini-deyen-pineci-qadin-ve-atasinin-yolunu-gozleyen-3-ogul\/","url":"https:\/\/www.meydan.tv\/az\/article\/erinin-serlendiyini-deyen-pineci-qadin-ve-atasinin-yolunu-gozleyen-3-ogul\/","name":"\u018frinin \u015f\u0259rl\u0259ndiyini dey\u0259n pin\u0259\u00e7i qad\u0131n v\u0259 atas\u0131n\u0131n yolunu g\u00f6zl\u0259y\u0259n 3 o\u011ful - MEYDAN.TV","isPartOf":{"@id":"https:\/\/www.meydan.tv\/az\/#website"},"primaryImageOfPage":{"@id":"https:\/\/www.meydan.tv\/az\/article\/erinin-serlendiyini-deyen-pineci-qadin-ve-atasinin-yolunu-gozleyen-3-ogul\/#primaryimage"},"image":{"@id":"https:\/\/www.meydan.tv\/az\/article\/erinin-serlendiyini-deyen-pineci-qadin-ve-atasinin-yolunu-gozleyen-3-ogul\/#primaryimage"},"thumbnailUrl":"https:\/\/www.meydan.tv\/wp-content\/uploads\/img-20230922-wa0334.jpg","datePublished":"2023-09-30T19:59:27+00:00","dateModified":"2023-09-30T20:07:19+00:00","breadcrumb":{"@id":"https:\/\/www.meydan.tv\/az\/article\/erinin-serlendiyini-deyen-pineci-qadin-ve-atasinin-yolunu-gozleyen-3-ogul\/#breadcrumb"},"inLanguage":"az","potentialAction":[{"@type":"ReadAction","target":["https:\/\/www.meydan.tv\/az\/article\/erinin-serlendiyini-deyen-pineci-qadin-ve-atasinin-yolunu-gozleyen-3-ogul\/"]}]},{"@type":"ImageObject","inLanguage":"az","@id":"https:\/\/www.meydan.tv\/az\/article\/erinin-serlendiyini-deyen-pineci-qadin-ve-atasinin-yolunu-gozleyen-3-ogul\/#primaryimage","url":"https:\/\/www.meydan.tv\/wp-content\/uploads\/img-20230922-wa0334.jpg","contentUrl":"https:\/\/www.meydan.tv\/wp-content\/uploads\/img-20230922-wa0334.jpg","width":1280,"height":720,"caption":"K\u00fctahi Mollayeva. Fotolar: Meydan TV"},{"@type":"BreadcrumbList","@id":"https:\/\/www.meydan.tv\/az\/article\/erinin-serlendiyini-deyen-pineci-qadin-ve-atasinin-yolunu-gozleyen-3-ogul\/#breadcrumb","itemListElement":[{"@type":"ListItem","position":1,"name":"Ana s\u0259hif\u0259","item":"https:\/\/www.meydan.tv\/az\/"},{"@type":"ListItem","position":2,"name":"B\u00f6lg\u0259","item":"https:\/\/www.meydan.tv\/az\/section\/bolge\/"},{"@type":"ListItem","position":3,"name":"\u018frinin \u015f\u0259rl\u0259ndiyini dey\u0259n pin\u0259\u00e7i qad\u0131n v\u0259 atas\u0131n\u0131n yolunu g\u00f6zl\u0259y\u0259n 3 o\u011ful"}]},{"@type":"WebSite","@id":"https:\/\/www.meydan.tv\/az\/#website","url":"https:\/\/www.meydan.tv\/az\/","name":"MEYDAN.TV","description":"Meydan TV Az\u0259rbaycan\u0131n media m\u0259kan\u0131ndak\u0131 alternativ s\u0259sidir","publisher":{"@id":"https:\/\/www.meydan.tv\/az\/#organization"},"potentialAction":[{"@type":"SearchAction","target":{"@type":"EntryPoint","urlTemplate":"https:\/\/www.meydan.tv\/az\/?s={search_term_string}"},"query-input":{"@type":"PropertyValueSpecification","valueRequired":true,"valueName":"search_term_string"}}],"inLanguage":"az"},{"@type":"Organization","@id":"https:\/\/www.meydan.tv\/az\/#organization","name":"Meydan TV","url":"https:\/\/www.meydan.tv\/az\/","logo":{"@type":"ImageObject","inLanguage":"az","@id":"https:\/\/www.meydan.tv\/az\/#\/schema\/logo\/image\/","url":"https:\/\/www.meydan.tv\/wp-content\/uploads\/2021\/07\/meydan-logo.svg","contentUrl":"https:\/\/www.meydan.tv\/wp-content\/uploads\/2021\/07\/meydan-logo.svg","width":195,"height":46,"caption":"Meydan TV"},"image":{"@id":"https:\/\/www.meydan.tv\/az\/#\/schema\/logo\/image\/"}},{"@type":"Person","@id":"https:\/\/www.meydan.tv\/az\/#\/schema\/person\/9cdbecf90d17180ce1dfbd95b08dcf47","name":"elli","sameAs":["https:\/\/x.com\/elli"]}]}},"_links":{"self":[{"href":"https:\/\/www.meydan.tv\/az\/wp-json\/wp\/v2\/posts\/286520","targetHints":{"allow":["GET"]}}],"collection":[{"href":"https:\/\/www.meydan.tv\/az\/wp-json\/wp\/v2\/posts"}],"about":[{"href":"https:\/\/www.meydan.tv\/az\/wp-json\/wp\/v2\/types\/post"}],"author":[{"embeddable":true,"href":"https:\/\/www.meydan.tv\/az\/wp-json\/wp\/v2\/users\/8"}],"replies":[{"embeddable":true,"href":"https:\/\/www.meydan.tv\/az\/wp-json\/wp\/v2\/comments?post=286520"}],"version-history":[{"count":5,"href":"https:\/\/www.meydan.tv\/az\/wp-json\/wp\/v2\/posts\/286520\/revisions"}],"predecessor-version":[{"id":286558,"href":"https:\/\/www.meydan.tv\/az\/wp-json\/wp\/v2\/posts\/286520\/revisions\/286558"}],"wp:featuredmedia":[{"embeddable":true,"href":"https:\/\/www.meydan.tv\/az\/wp-json\/wp\/v2\/media\/286521"}],"wp:attachment":[{"href":"https:\/\/www.meydan.tv\/az\/wp-json\/wp\/v2\/media?parent=286520"}],"wp:term":[{"taxonomy":"category","embeddable":true,"href":"https:\/\/www.meydan.tv\/az\/wp-json\/wp\/v2\/categories?post=286520"},{"taxonomy":"post_tag","embeddable":true,"href":"https:\/\/www.meydan.tv\/az\/wp-json\/wp\/v2\/tags?post=286520"}],"curies":[{"name":"wp","href":"https:\/\/api.w.org\/{rel}","templated":true}]}}