{"id":286518,"date":"2023-09-30T23:54:43","date_gmt":"2023-09-30T19:54:43","guid":{"rendered":"https:\/\/www.meydan.tv\/?p=286518"},"modified":"2023-09-30T23:54:46","modified_gmt":"2023-09-30T19:54:46","slug":"yagislar-kendlilerin-coxunu-azuqesiz-qoyub","status":"publish","type":"post","link":"https:\/\/www.meydan.tv\/az\/article\/yagislar-kendlilerin-coxunu-azuqesiz-qoyub\/","title":{"rendered":"Ya\u011f\u0131\u015flar k\u0259ndlil\u0259rin \u00e7oxunu azuq\u0259siz qoyub"},"content":{"rendered":"\n<p><\/p>\n\n\n\n<p><strong><em>Ekspert: \u201cB\u00fct\u00fcn sah\u0259l\u0259rd\u0259 m\u0259hsuldarl\u0131q a\u015fa\u011f\u0131 d\u00fc\u015f\u00fcb\u201d<\/em><\/strong><\/p>\n\n\n\n<p>\u201c<em>Sitrus ba\u011flar\u0131m su alt\u0131nda qald\u0131, limon a\u011faclar\u0131m\u0131n bir hiss\u0259si m\u0259hv oldu. G\u0259lib baxd\u0131lar, yaz\u0131b-pozub getdil\u0259r. S\u0131\u011fortam olmad\u0131\u011f\u0131 \u00fc\u00e7\u00fcn pul verm\u0259y\u0259c\u0259kl\u0259r. F\u0259hl\u0259liyi d\u0259 bacarm\u0131ram, q\u0131\u015f\u0131 nec\u0259 yola ver\u0259c\u0259m, bilmir\u0259m<\/em>\u201d.<\/p>\n\n\n\n<p>Bunu Meydan TV-y\u0259 astaral\u0131 fermer Xamis M\u0259mm\u0259dov bildirib. Onun s\u00f6zl\u0259rin\u0259 g\u00f6r\u0259, bu il g\u00fccl\u00fc ya\u011f\u0131\u015f v\u0259 sel t\u0259kc\u0259 t\u0259s\u0259rr\u00fcfatlara deyil, evl\u0259r\u0259 d\u0259 z\u0259r\u0259r vurub. Q\u0131\u015f \u00fc\u00e7\u00fcn y\u0131\u011f\u0131lan aquz\u0259 su alt\u0131nda qal\u0131b.<\/p>\n\n\n\n<p>Zaqatalada is\u0259 f\u0131nd\u0131q ba\u011flar\u0131na z\u0259r\u0259r d\u0259yib. Rayonun Yolayr\u0131c\u0131, Tala v\u0259 dig\u0259r k\u0259ndl\u0259rd\u0259 onlarla fermerin ba\u011f\u0131 su alt\u0131nda qal\u0131b. K\u0259ndlil\u0259r deyirl\u0259r ki, bir t\u0259r\u0259fd\u0259n d\u0259 toplanm\u0131\u015f f\u0131nd\u0131\u011f\u0131n qiym\u0259ti \u0259ziyy\u0259tl\u0259rinin qar\u015f\u0131s\u0131nda ucuzdur. K\u0259ndlil\u0259rd\u0259n biri dan\u0131\u015f\u0131b ki, son iki ildir f\u0131nd\u0131q qazanc g\u0259tirmir, sat\u0131b borclar\u0131n\u0131 \u00f6d\u0259y\u0259 bildikl\u0259rin\u0259 \u015f\u00fck\u00fcr edirl\u0259r.<\/p>\n\n\n\n<p>K\u0259nd t\u0259s\u0259rr\u00fcfat\u0131 \u00fczr\u0259 ekspert Vahid M\u0259h\u0259rr\u0259mli deyir ki, t\u0259kc\u0259 intensiv ya\u011f\u0131\u015flar, dolu v\u0259 sel deyil, havalar\u0131n quraql\u0131q ke\u00e7m\u0259si d\u0259 k\u0259nd t\u0259s\u0259rr\u00fcfat\u0131na ciddi ziyan vurub, b\u00fct\u00fcn sah\u0259l\u0259rd\u0259 m\u0259hsuldarl\u0131q a\u015fa\u011f\u0131 d\u00fc\u015f\u00fcb.<\/p>\n\n\n\n<p>\u201c<em>Havalar\u0131n isti ke\u00e7m\u0259si n\u0259tic\u0259sind\u0259 bitki\u00e7ilikd\u0259 suya t\u0259l\u0259bat art\u0131b. Az\u0259rbaycanda su ehtiyat kifay\u0259t q\u0259d\u0259r olsa da, davaml\u0131 su t\u0259minat\u0131 \u00fczr\u0259 sistem qurulmay\u0131b. Son zamanlar is\u0259 havalar\u0131n k\u0259skin d\u0259yi\u015fm\u0259si, dolu, intensiv ya\u011f\u0131\u015flar\u0131n ya\u011fmas\u0131, sel sular\u0131n\u0131n \u0259m\u0259l\u0259 g\u0259lm\u0259si k\u0259ndlil\u0259rin ya\u015fay\u0131\u015f\u0131na, t\u0259s\u0259rr\u00fcfat i\u015fl\u0259rin\u0259 ciddi t\u0259sir edib<\/em>\u201d,-ekspert deyib.<\/p>\n\n\n\n<p>O bildirib ki, qlobal iqlim d\u0259yi\u015fikliyinin k\u0259nd t\u0259s\u0259rr\u00fcfat\u0131na t\u0259siri il\u0259 ba\u011fl\u0131 ara\u015fd\u0131rma apar\u0131b. Ara\u015fd\u0131rmalar g\u00f6st\u0259rib ki,&nbsp; b\u00fct\u00fcn m\u0259hsullarda m\u0259hsuldarl\u0131q ciddi \u015f\u0259kild\u0259 a\u015fa\u011f\u0131 d\u00fc\u015f\u00fcb. Lakin \u00f6lk\u0259 \u00fczr\u0259 statistikan\u0131 d\u0259yi\u015fm\u0259kl\u0259 bunu gizl\u0259tm\u0259y\u0259 \u00e7al\u0131\u015f\u0131rlar:<\/p>\n\n\n\n<p>\u201c<em>\u00d6t\u0259n ilin sonunda bu il \u00fc\u00e7\u00fcn pay\u0131zl\u0131q bu\u011fda \u0259kini h\u0259yata ke\u00e7irilmi\u015fdi. \u018fkin \u0259razisini 1 milyon 58 min hektar g\u00f6st\u0259rimi\u015fdil\u0259r. Amma tax\u0131l y\u0131\u011f\u0131m\u0131nda D\u00f6vl\u0259t Statistika Komit\u0259si r\u0259q\u0259mi a\u015fa\u011f\u0131 sal\u0131b, t\u0259xmin\u0259n 160 min hektar azald\u0131l\u0131b. \u00c7\u00fcnki h\u0259min \u0259razil\u0259rd\u0259 bir kiloqram olsa bel\u0259 m\u0259hsul \u0259ld\u0259 edilm\u0259yib. H\u0259min 160 min hektar m\u0259hsuldarl\u0131qda g\u00f6r\u00fcn\u0259c\u0259kdi, m\u0259hsuldarl\u0131qla ba\u011fl\u0131 g\u00f6st\u0259ricil\u0259r\u0259 t\u0259sir ed\u0259c\u0259kdi dey\u0259, \u0259razi statistikadan \u00e7\u0131xar\u0131l\u0131b<\/em>\u201d.<\/p>\n\n\n\n<p>Vahid M\u0259h\u0259rr\u0259mlinin s\u00f6zl\u0259rin\u0259 g\u00f6r\u0259, kartof \u0259kini azal\u0131b, kartof istehsal\u0131nda da azalma m\u00fc\u015fahid\u0259 edilir. Nar, xurmada da m\u0259hsuldarl\u0131q y\u00fcks\u0259k olmay\u0131b.&nbsp; Bundan sonra n\u0259 ba\u015f ver\u0259c\u0259yi d\u0259 b\u0259lli deyil, \u00e7\u00fcnki intensiv ya\u011f\u0131\u015flar davam ed\u0259c\u0259k.<\/p>\n","protected":false},"excerpt":{"rendered":"<p>Ekspert: \u201cB\u00fct\u00fcn sah\u0259l\u0259rd\u0259 m\u0259hsuldarl\u0131q a\u015fa\u011f\u0131 d\u00fc\u015f\u00fcb\u201d \u201cSitrus ba\u011flar\u0131m su alt\u0131nda &#8230; <\/p>\n<p class=\"read-more-container\"><a title=\"Ya\u011f\u0131\u015flar k\u0259ndlil\u0259rin \u00e7oxunu azuq\u0259siz qoyub\" class=\"read-more button\" href=\"https:\/\/www.meydan.tv\/az\/article\/yagislar-kendlilerin-coxunu-azuqesiz-qoyub\/#more-286518\" aria-label=\"Read more about Ya\u011f\u0131\u015flar k\u0259ndlil\u0259rin \u00e7oxunu azuq\u0259siz qoyub\">Davam\u0131<\/a><\/p>\n","protected":false},"author":13,"featured_media":276585,"comment_status":"closed","ping_status":"closed","sticky":false,"template":"","format":"standard","meta":{"_acf_changed":false,"_sitemap_exclude":false,"_sitemap_priority":"","_sitemap_frequency":"","footnotes":""},"categories":[60,56],"tags":[],"class_list":["post-286518","post","type-post","status-publish","format-standard","has-post-thumbnail","hentry","category-bolge","category-xeberler","infinite-scroll-item","generate-columns","tablet-grid-50","mobile-grid-100","grid-parent","grid-33","no-featured-image-padding"],"acf":[],"yoast_head":"<!-- This site is optimized with the Yoast SEO plugin v27.4 - https:\/\/yoast.com\/product\/yoast-seo-wordpress\/ -->\n<title>Ya\u011f\u0131\u015flar k\u0259ndlil\u0259rin \u00e7oxunu azuq\u0259siz qoyub - MEYDAN.TV<\/title>\n<meta name=\"robots\" content=\"index, follow, max-snippet:-1, max-image-preview:large, max-video-preview:-1\" \/>\n<link rel=\"canonical\" href=\"https:\/\/www.meydan.tv\/az\/article\/yagislar-kendlilerin-coxunu-azuqesiz-qoyub\/\" \/>\n<meta property=\"og:locale\" content=\"az_AZ\" \/>\n<meta property=\"og:type\" content=\"article\" \/>\n<meta property=\"og:title\" content=\"Ya\u011f\u0131\u015flar k\u0259ndlil\u0259rin \u00e7oxunu azuq\u0259siz qoyub - MEYDAN.TV\" \/>\n<meta property=\"og:description\" content=\"Ekspert: \u201cB\u00fct\u00fcn sah\u0259l\u0259rd\u0259 m\u0259hsuldarl\u0131q a\u015fa\u011f\u0131 d\u00fc\u015f\u00fcb\u201d \u201cSitrus ba\u011flar\u0131m su alt\u0131nda ... Davam\u0131\" \/>\n<meta property=\"og:url\" content=\"https:\/\/www.meydan.tv\/az\/article\/yagislar-kendlilerin-coxunu-azuqesiz-qoyub\/\" \/>\n<meta property=\"og:site_name\" content=\"MEYDAN.TV\" \/>\n<meta property=\"article:published_time\" content=\"2023-09-30T19:54:43+00:00\" \/>\n<meta property=\"article:modified_time\" content=\"2023-09-30T19:54:46+00:00\" \/>\n<meta property=\"og:image\" content=\"https:\/\/www.meydan.tv\/wp-content\/uploads\/437996685_0_0_1439_1079_1920x0_80_0_0_53f377472b7c6e34693495938b3212aa.jpg\" \/>\n\t<meta property=\"og:image:width\" content=\"1200\" \/>\n\t<meta property=\"og:image:height\" content=\"899\" \/>\n\t<meta property=\"og:image:type\" content=\"image\/jpeg\" \/>\n<meta name=\"author\" content=\"meri\" \/>\n<meta name=\"twitter:card\" content=\"summary_large_image\" \/>\n<script type=\"application\/ld+json\" class=\"yoast-schema-graph\">{\"@context\":\"https:\\\/\\\/schema.org\",\"@graph\":[{\"@type\":\"Article\",\"@id\":\"https:\\\/\\\/www.meydan.tv\\\/az\\\/article\\\/yagislar-kendlilerin-coxunu-azuqesiz-qoyub\\\/#article\",\"isPartOf\":{\"@id\":\"https:\\\/\\\/www.meydan.tv\\\/az\\\/article\\\/yagislar-kendlilerin-coxunu-azuqesiz-qoyub\\\/\"},\"author\":{\"name\":\"meri\",\"@id\":\"https:\\\/\\\/www.meydan.tv\\\/az\\\/#\\\/schema\\\/person\\\/f5399057f0b7fa223fa6c9b7c3321968\"},\"headline\":\"Ya\u011f\u0131\u015flar k\u0259ndlil\u0259rin \u00e7oxunu azuq\u0259siz qoyub\",\"datePublished\":\"2023-09-30T19:54:43+00:00\",\"dateModified\":\"2023-09-30T19:54:46+00:00\",\"mainEntityOfPage\":{\"@id\":\"https:\\\/\\\/www.meydan.tv\\\/az\\\/article\\\/yagislar-kendlilerin-coxunu-azuqesiz-qoyub\\\/\"},\"wordCount\":558,\"publisher\":{\"@id\":\"https:\\\/\\\/www.meydan.tv\\\/az\\\/#organization\"},\"image\":{\"@id\":\"https:\\\/\\\/www.meydan.tv\\\/az\\\/article\\\/yagislar-kendlilerin-coxunu-azuqesiz-qoyub\\\/#primaryimage\"},\"thumbnailUrl\":\"https:\\\/\\\/www.meydan.tv\\\/wp-content\\\/uploads\\\/437996685_0_0_1439_1079_1920x0_80_0_0_53f377472b7c6e34693495938b3212aa.jpg\",\"articleSection\":[\"B\u00f6lg\u0259\",\"X\u0259b\u0259rl\u0259r\"],\"inLanguage\":\"az\"},{\"@type\":\"WebPage\",\"@id\":\"https:\\\/\\\/www.meydan.tv\\\/az\\\/article\\\/yagislar-kendlilerin-coxunu-azuqesiz-qoyub\\\/\",\"url\":\"https:\\\/\\\/www.meydan.tv\\\/az\\\/article\\\/yagislar-kendlilerin-coxunu-azuqesiz-qoyub\\\/\",\"name\":\"Ya\u011f\u0131\u015flar k\u0259ndlil\u0259rin \u00e7oxunu azuq\u0259siz qoyub - MEYDAN.TV\",\"isPartOf\":{\"@id\":\"https:\\\/\\\/www.meydan.tv\\\/az\\\/#website\"},\"primaryImageOfPage\":{\"@id\":\"https:\\\/\\\/www.meydan.tv\\\/az\\\/article\\\/yagislar-kendlilerin-coxunu-azuqesiz-qoyub\\\/#primaryimage\"},\"image\":{\"@id\":\"https:\\\/\\\/www.meydan.tv\\\/az\\\/article\\\/yagislar-kendlilerin-coxunu-azuqesiz-qoyub\\\/#primaryimage\"},\"thumbnailUrl\":\"https:\\\/\\\/www.meydan.tv\\\/wp-content\\\/uploads\\\/437996685_0_0_1439_1079_1920x0_80_0_0_53f377472b7c6e34693495938b3212aa.jpg\",\"datePublished\":\"2023-09-30T19:54:43+00:00\",\"dateModified\":\"2023-09-30T19:54:46+00:00\",\"breadcrumb\":{\"@id\":\"https:\\\/\\\/www.meydan.tv\\\/az\\\/article\\\/yagislar-kendlilerin-coxunu-azuqesiz-qoyub\\\/#breadcrumb\"},\"inLanguage\":\"az\",\"potentialAction\":[{\"@type\":\"ReadAction\",\"target\":[\"https:\\\/\\\/www.meydan.tv\\\/az\\\/article\\\/yagislar-kendlilerin-coxunu-azuqesiz-qoyub\\\/\"]}]},{\"@type\":\"ImageObject\",\"inLanguage\":\"az\",\"@id\":\"https:\\\/\\\/www.meydan.tv\\\/az\\\/article\\\/yagislar-kendlilerin-coxunu-azuqesiz-qoyub\\\/#primaryimage\",\"url\":\"https:\\\/\\\/www.meydan.tv\\\/wp-content\\\/uploads\\\/437996685_0_0_1439_1079_1920x0_80_0_0_53f377472b7c6e34693495938b3212aa.jpg\",\"contentUrl\":\"https:\\\/\\\/www.meydan.tv\\\/wp-content\\\/uploads\\\/437996685_0_0_1439_1079_1920x0_80_0_0_53f377472b7c6e34693495938b3212aa.jpg\",\"width\":1200,\"height\":899,\"caption\":\"\u018fkin sah\u0259si.Foto: arxiv\"},{\"@type\":\"BreadcrumbList\",\"@id\":\"https:\\\/\\\/www.meydan.tv\\\/az\\\/article\\\/yagislar-kendlilerin-coxunu-azuqesiz-qoyub\\\/#breadcrumb\",\"itemListElement\":[{\"@type\":\"ListItem\",\"position\":1,\"name\":\"Ana s\u0259hif\u0259\",\"item\":\"https:\\\/\\\/www.meydan.tv\\\/az\\\/\"},{\"@type\":\"ListItem\",\"position\":2,\"name\":\"B\u00f6lg\u0259\",\"item\":\"https:\\\/\\\/www.meydan.tv\\\/az\\\/section\\\/bolge\\\/\"},{\"@type\":\"ListItem\",\"position\":3,\"name\":\"Ya\u011f\u0131\u015flar k\u0259ndlil\u0259rin \u00e7oxunu azuq\u0259siz qoyub\"}]},{\"@type\":\"WebSite\",\"@id\":\"https:\\\/\\\/www.meydan.tv\\\/az\\\/#website\",\"url\":\"https:\\\/\\\/www.meydan.tv\\\/az\\\/\",\"name\":\"MEYDAN.TV\",\"description\":\"Meydan TV Az\u0259rbaycan\u0131n media m\u0259kan\u0131ndak\u0131 alternativ s\u0259sidir\",\"publisher\":{\"@id\":\"https:\\\/\\\/www.meydan.tv\\\/az\\\/#organization\"},\"potentialAction\":[{\"@type\":\"SearchAction\",\"target\":{\"@type\":\"EntryPoint\",\"urlTemplate\":\"https:\\\/\\\/www.meydan.tv\\\/az\\\/?s={search_term_string}\"},\"query-input\":{\"@type\":\"PropertyValueSpecification\",\"valueRequired\":true,\"valueName\":\"search_term_string\"}}],\"inLanguage\":\"az\"},{\"@type\":\"Organization\",\"@id\":\"https:\\\/\\\/www.meydan.tv\\\/az\\\/#organization\",\"name\":\"Meydan TV\",\"url\":\"https:\\\/\\\/www.meydan.tv\\\/az\\\/\",\"logo\":{\"@type\":\"ImageObject\",\"inLanguage\":\"az\",\"@id\":\"https:\\\/\\\/www.meydan.tv\\\/az\\\/#\\\/schema\\\/logo\\\/image\\\/\",\"url\":\"https:\\\/\\\/www.meydan.tv\\\/wp-content\\\/uploads\\\/2021\\\/07\\\/meydan-logo.svg\",\"contentUrl\":\"https:\\\/\\\/www.meydan.tv\\\/wp-content\\\/uploads\\\/2021\\\/07\\\/meydan-logo.svg\",\"width\":195,\"height\":46,\"caption\":\"Meydan TV\"},\"image\":{\"@id\":\"https:\\\/\\\/www.meydan.tv\\\/az\\\/#\\\/schema\\\/logo\\\/image\\\/\"}},{\"@type\":\"Person\",\"@id\":\"https:\\\/\\\/www.meydan.tv\\\/az\\\/#\\\/schema\\\/person\\\/f5399057f0b7fa223fa6c9b7c3321968\",\"name\":\"meri\"}]}<\/script>\n<!-- \/ Yoast SEO plugin. -->","yoast_head_json":{"title":"Ya\u011f\u0131\u015flar k\u0259ndlil\u0259rin \u00e7oxunu azuq\u0259siz qoyub - MEYDAN.TV","robots":{"index":"index","follow":"follow","max-snippet":"max-snippet:-1","max-image-preview":"max-image-preview:large","max-video-preview":"max-video-preview:-1"},"canonical":"https:\/\/www.meydan.tv\/az\/article\/yagislar-kendlilerin-coxunu-azuqesiz-qoyub\/","og_locale":"az_AZ","og_type":"article","og_title":"Ya\u011f\u0131\u015flar k\u0259ndlil\u0259rin \u00e7oxunu azuq\u0259siz qoyub - MEYDAN.TV","og_description":"Ekspert: \u201cB\u00fct\u00fcn sah\u0259l\u0259rd\u0259 m\u0259hsuldarl\u0131q a\u015fa\u011f\u0131 d\u00fc\u015f\u00fcb\u201d \u201cSitrus ba\u011flar\u0131m su alt\u0131nda ... Davam\u0131","og_url":"https:\/\/www.meydan.tv\/az\/article\/yagislar-kendlilerin-coxunu-azuqesiz-qoyub\/","og_site_name":"MEYDAN.TV","article_published_time":"2023-09-30T19:54:43+00:00","article_modified_time":"2023-09-30T19:54:46+00:00","og_image":[{"width":1200,"height":899,"url":"https:\/\/www.meydan.tv\/wp-content\/uploads\/437996685_0_0_1439_1079_1920x0_80_0_0_53f377472b7c6e34693495938b3212aa.jpg","type":"image\/jpeg"}],"author":"meri","twitter_card":"summary_large_image","schema":{"@context":"https:\/\/schema.org","@graph":[{"@type":"Article","@id":"https:\/\/www.meydan.tv\/az\/article\/yagislar-kendlilerin-coxunu-azuqesiz-qoyub\/#article","isPartOf":{"@id":"https:\/\/www.meydan.tv\/az\/article\/yagislar-kendlilerin-coxunu-azuqesiz-qoyub\/"},"author":{"name":"meri","@id":"https:\/\/www.meydan.tv\/az\/#\/schema\/person\/f5399057f0b7fa223fa6c9b7c3321968"},"headline":"Ya\u011f\u0131\u015flar k\u0259ndlil\u0259rin \u00e7oxunu azuq\u0259siz qoyub","datePublished":"2023-09-30T19:54:43+00:00","dateModified":"2023-09-30T19:54:46+00:00","mainEntityOfPage":{"@id":"https:\/\/www.meydan.tv\/az\/article\/yagislar-kendlilerin-coxunu-azuqesiz-qoyub\/"},"wordCount":558,"publisher":{"@id":"https:\/\/www.meydan.tv\/az\/#organization"},"image":{"@id":"https:\/\/www.meydan.tv\/az\/article\/yagislar-kendlilerin-coxunu-azuqesiz-qoyub\/#primaryimage"},"thumbnailUrl":"https:\/\/www.meydan.tv\/wp-content\/uploads\/437996685_0_0_1439_1079_1920x0_80_0_0_53f377472b7c6e34693495938b3212aa.jpg","articleSection":["B\u00f6lg\u0259","X\u0259b\u0259rl\u0259r"],"inLanguage":"az"},{"@type":"WebPage","@id":"https:\/\/www.meydan.tv\/az\/article\/yagislar-kendlilerin-coxunu-azuqesiz-qoyub\/","url":"https:\/\/www.meydan.tv\/az\/article\/yagislar-kendlilerin-coxunu-azuqesiz-qoyub\/","name":"Ya\u011f\u0131\u015flar k\u0259ndlil\u0259rin \u00e7oxunu azuq\u0259siz qoyub - MEYDAN.TV","isPartOf":{"@id":"https:\/\/www.meydan.tv\/az\/#website"},"primaryImageOfPage":{"@id":"https:\/\/www.meydan.tv\/az\/article\/yagislar-kendlilerin-coxunu-azuqesiz-qoyub\/#primaryimage"},"image":{"@id":"https:\/\/www.meydan.tv\/az\/article\/yagislar-kendlilerin-coxunu-azuqesiz-qoyub\/#primaryimage"},"thumbnailUrl":"https:\/\/www.meydan.tv\/wp-content\/uploads\/437996685_0_0_1439_1079_1920x0_80_0_0_53f377472b7c6e34693495938b3212aa.jpg","datePublished":"2023-09-30T19:54:43+00:00","dateModified":"2023-09-30T19:54:46+00:00","breadcrumb":{"@id":"https:\/\/www.meydan.tv\/az\/article\/yagislar-kendlilerin-coxunu-azuqesiz-qoyub\/#breadcrumb"},"inLanguage":"az","potentialAction":[{"@type":"ReadAction","target":["https:\/\/www.meydan.tv\/az\/article\/yagislar-kendlilerin-coxunu-azuqesiz-qoyub\/"]}]},{"@type":"ImageObject","inLanguage":"az","@id":"https:\/\/www.meydan.tv\/az\/article\/yagislar-kendlilerin-coxunu-azuqesiz-qoyub\/#primaryimage","url":"https:\/\/www.meydan.tv\/wp-content\/uploads\/437996685_0_0_1439_1079_1920x0_80_0_0_53f377472b7c6e34693495938b3212aa.jpg","contentUrl":"https:\/\/www.meydan.tv\/wp-content\/uploads\/437996685_0_0_1439_1079_1920x0_80_0_0_53f377472b7c6e34693495938b3212aa.jpg","width":1200,"height":899,"caption":"\u018fkin sah\u0259si.Foto: arxiv"},{"@type":"BreadcrumbList","@id":"https:\/\/www.meydan.tv\/az\/article\/yagislar-kendlilerin-coxunu-azuqesiz-qoyub\/#breadcrumb","itemListElement":[{"@type":"ListItem","position":1,"name":"Ana s\u0259hif\u0259","item":"https:\/\/www.meydan.tv\/az\/"},{"@type":"ListItem","position":2,"name":"B\u00f6lg\u0259","item":"https:\/\/www.meydan.tv\/az\/section\/bolge\/"},{"@type":"ListItem","position":3,"name":"Ya\u011f\u0131\u015flar k\u0259ndlil\u0259rin \u00e7oxunu azuq\u0259siz qoyub"}]},{"@type":"WebSite","@id":"https:\/\/www.meydan.tv\/az\/#website","url":"https:\/\/www.meydan.tv\/az\/","name":"MEYDAN.TV","description":"Meydan TV Az\u0259rbaycan\u0131n media m\u0259kan\u0131ndak\u0131 alternativ s\u0259sidir","publisher":{"@id":"https:\/\/www.meydan.tv\/az\/#organization"},"potentialAction":[{"@type":"SearchAction","target":{"@type":"EntryPoint","urlTemplate":"https:\/\/www.meydan.tv\/az\/?s={search_term_string}"},"query-input":{"@type":"PropertyValueSpecification","valueRequired":true,"valueName":"search_term_string"}}],"inLanguage":"az"},{"@type":"Organization","@id":"https:\/\/www.meydan.tv\/az\/#organization","name":"Meydan TV","url":"https:\/\/www.meydan.tv\/az\/","logo":{"@type":"ImageObject","inLanguage":"az","@id":"https:\/\/www.meydan.tv\/az\/#\/schema\/logo\/image\/","url":"https:\/\/www.meydan.tv\/wp-content\/uploads\/2021\/07\/meydan-logo.svg","contentUrl":"https:\/\/www.meydan.tv\/wp-content\/uploads\/2021\/07\/meydan-logo.svg","width":195,"height":46,"caption":"Meydan TV"},"image":{"@id":"https:\/\/www.meydan.tv\/az\/#\/schema\/logo\/image\/"}},{"@type":"Person","@id":"https:\/\/www.meydan.tv\/az\/#\/schema\/person\/f5399057f0b7fa223fa6c9b7c3321968","name":"meri"}]}},"_links":{"self":[{"href":"https:\/\/www.meydan.tv\/az\/wp-json\/wp\/v2\/posts\/286518","targetHints":{"allow":["GET"]}}],"collection":[{"href":"https:\/\/www.meydan.tv\/az\/wp-json\/wp\/v2\/posts"}],"about":[{"href":"https:\/\/www.meydan.tv\/az\/wp-json\/wp\/v2\/types\/post"}],"author":[{"embeddable":true,"href":"https:\/\/www.meydan.tv\/az\/wp-json\/wp\/v2\/users\/13"}],"replies":[{"embeddable":true,"href":"https:\/\/www.meydan.tv\/az\/wp-json\/wp\/v2\/comments?post=286518"}],"version-history":[{"count":1,"href":"https:\/\/www.meydan.tv\/az\/wp-json\/wp\/v2\/posts\/286518\/revisions"}],"predecessor-version":[{"id":286519,"href":"https:\/\/www.meydan.tv\/az\/wp-json\/wp\/v2\/posts\/286518\/revisions\/286519"}],"wp:featuredmedia":[{"embeddable":true,"href":"https:\/\/www.meydan.tv\/az\/wp-json\/wp\/v2\/media\/276585"}],"wp:attachment":[{"href":"https:\/\/www.meydan.tv\/az\/wp-json\/wp\/v2\/media?parent=286518"}],"wp:term":[{"taxonomy":"category","embeddable":true,"href":"https:\/\/www.meydan.tv\/az\/wp-json\/wp\/v2\/categories?post=286518"},{"taxonomy":"post_tag","embeddable":true,"href":"https:\/\/www.meydan.tv\/az\/wp-json\/wp\/v2\/tags?post=286518"}],"curies":[{"name":"wp","href":"https:\/\/api.w.org\/{rel}","templated":true}]}}