{"id":286473,"date":"2023-09-30T09:40:58","date_gmt":"2023-09-30T05:40:58","guid":{"rendered":"https:\/\/www.meydan.tv\/?p=286473"},"modified":"2023-09-30T09:45:02","modified_gmt":"2023-09-30T05:45:02","slug":"bir-il-once-cekilmis-xankendi-lacin-yolunun-cokduyu-bildirilir","status":"publish","type":"post","link":"https:\/\/www.meydan.tv\/az\/article\/bir-il-once-cekilmis-xankendi-lacin-yolunun-cokduyu-bildirilir\/","title":{"rendered":"Bir il \u00f6nc\u0259 \u00e7\u0259kilmi\u015f Xank\u0259ndi-La\u00e7\u0131n yolunun \u00e7\u00f6kd\u00fcy\u00fc bildirilir"},"content":{"rendered":"\n<p><\/p>\n\n\n\n<p><strong><em>Yolun sifari\u015f\u00e7isi \u0259raziy\u0259 n\u0259zar\u0259tinin olmad\u0131\u011f\u0131 \u00fc\u00e7\u00fcn d\u0259qiq he\u00e7 n\u0259 dey\u0259 bilmir<\/em><\/strong><\/p>\n\n\n\n<p>Bir ildir istifad\u0259y\u0259 veril\u0259n Xank\u0259ndi-La\u00e7\u0131n yolunun \u00e7\u00f6kd\u00fcy\u00fc bildirilir. Sosial \u015f\u0259b\u0259k\u0259l\u0259rd\u0259 v\u0259 Erm\u0259nistan medias\u0131nda yolun da\u011f\u0131ld\u0131\u011f\u0131n\u0131 \u0259ks etdir\u0259n fotolar da yay\u0131l\u0131b.<\/p>\n\n\n\n<p><a href=\"https:\/\/www.golosarmenii.am\/article\/191755\/asfalt-potreskalsya-v-ra-vexalo-bolee-50-000-deportirovannyx-s-rodiny--arcaxcev\">Bildirilir ki,<\/a> da\u011f\u0131lan yol Xank\u0259ndid\u0259n (Stepanakert) Qoris\u0259 ged\u0259n istiqam\u0259td\u0259dir. Yol q\u0131sa olmas\u0131na baxmayaraq, son g\u00fcnl\u0259r burada Qaraba\u011fdan \u00e7\u0131xan avtomobill\u0259rin t\u0131xac\u0131 yaran\u0131b v\u0259 insanlar 30 saatlarad\u0259k yolda qalmal\u0131 olub.<\/p>\n\n\n\n<p>Sentyabr\u0131n 19-da Az\u0259rbaycan h\u0259yata ke\u00e7irdiyi 24 saatl\u0131q h\u0259rbi \u0259m\u0259liyyat\u0131 il\u0259 \u201cDa\u011fl\u0131q Qaraba\u011f\u201da n\u0259zar\u0259ti \u0259l\u0259 al\u0131b.<\/p>\n\n\n\n<p>Bundan sonra b\u00f6lg\u0259d\u0259 ya\u015fayan erm\u0259nil\u0259rin k\u00f6\u00e7\u00fc ba\u015flay\u0131b. \u018fn son a\u00e7\u0131qlanan m\u0259lumata g\u00f6r\u0259, Qaraba\u011fdan \u00e7\u0131xanlar\u0131n say\u0131 70 min n\u0259f\u0259ri \u00f6t\u00fcb.<br><\/p>\n\n\n\n<p><strong>Bir il\u0259 sal\u0131nan yol<\/strong><\/p>\n\n\n\n<p>Tikintisin\u0259 2021-ci ilin iyulunda ba\u015flanan La\u00e7\u0131n \u015f\u0259h\u0259rinin k\u0259nar\u0131ndan \u00e7\u0259kil\u0259n avtomobil yolunun Az\u0259rbaycan hiss\u0259sinin haz\u0131r olmas\u0131 il\u0259 ba\u011fl\u0131 a\u00e7\u0131qlama 2022-ci ilin avqustunda verilib.<br>Uzunlu\u011fu 32 km olan yolun 10 km-i Erm\u0259nistan \u0259razisind\u0259n ke\u00e7ir.<br><\/p>\n\n\n\n<p><strong>Qaraba\u011fa \u00e7\u0259kil\u0259n yollar<\/strong><\/p>\n\n\n\n<p>2021-ci ilin 9 ay\u0131 \u0259rzind\u0259 d\u00f6vl\u0259t b\u00fcdc\u0259sinin icras\u0131na dair aray\u0131\u015fda bildirilir ki, Qaraba\u011fda yollar\u0131n tikintisin\u0259 1 milyard manata yax\u0131n v\u0259sait <a href=\"https:\/\/abzas.org\/2022\/7\/milyonlarla-vergi-borcu-olan-scbfa8cd4-e\/\">x\u0259rcl\u0259nib<\/a>:<\/p>\n\n\n\n<p>La\u00e7\u0131n \u015f\u0259h\u0259rin\u0259 daxil olmadan yeni alternativ avtomobil yolunun layih\u0259l\u0259ndirilm\u0259si v\u0259 tikintisin\u0259 ayr\u0131lan v\u0259sait is\u0259 5 milyon manatd\u0131r.<br><\/p>\n\n\n\n<p><strong>Hesabat verilmir<\/strong><br><\/p>\n\n\n\n<p>Hesablama Palatas\u0131n\u0131n 2021-ci ilin d\u00f6vl\u0259t b\u00fcdc\u0259sinin icras\u0131 haqq\u0131nda r\u0259yind\u0259 bildirilir ki, i\u015f\u011faldan azad olmu\u015f \u0259razil\u0259rin yenid\u0259n qurulmas\u0131 v\u0259 b\u0259rpas\u0131 \u00fc\u00e7\u00fcn 2178,4 mln. manat v\u0259sait <a href=\"https:\/\/sai.gov.az\/rey\/94\">x\u0259rcl\u0259nib<\/a>.<\/p>\n\n\n\n<p>H\u0259min v\u0259saitin 85 faizi avtomobil yollar\u0131n\u0131n v\u0259 d\u0259mir yolu x\u0259tl\u0259rinin layih\u0259l\u0259ndirilm\u0259si v\u0259 tikintisin\u0259 y\u00f6n\u0259ldilib. Sifari\u015f\u00e7i t\u0259\u015fkilatlara ayr\u0131lm\u0131\u015f v\u0259sait 71 layih\u0259 \u00fczr\u0259 b\u00f6l\u00fc\u015fd\u00fcr\u00fcl\u00fcb, lakin bu bar\u0259d\u0259 illik hesabata rast g\u0259linmir.<br><\/p>\n\n\n\n<p><strong>Yollar\u0131 in\u015fa ed\u0259n \u015firk\u0259tl\u0259r<\/strong><\/p>\n\n\n\n<p>Qaraba\u011fda yollar\u0131n \u00e7\u0259kilm\u0259sini hans\u0131 \u015firk\u0259tl\u0259rin h\u0259yata ke\u00e7irm\u0259sin\u0259 g\u0259linc\u0259, in\u015faat\u0131n ba\u015f\u0131nda daha \u00e7ox t\u00fcrk \u015firk\u0259tl\u0259ri <a href=\"https:\/\/abzas.org\/2022\/7\/milyonlarla-vergi-borcu-olan-s27c4cc70-7\/\">dayan\u0131r<\/a>: \u201cKolin Group\u201d (v\u0259 ya Kolo\u011flu Holdinq), \u201cCengiz Holdinq\u201d v\u0259 \u201cKalyon Group\u201d.<\/p>\n\n\n\n<p>Bu \u015firk\u0259tl\u0259r d\u00fcnyada \u0259n \u00e7ox d\u00f6vl\u0259t tenderl\u0259rini qazanan \u015firk\u0259tl\u0259r aras\u0131nda ilk onluqdad\u0131rlar. \u015eirk\u0259tl\u0259r \u018frdo\u011fan ail\u0259sin\u0259 yax\u0131nl\u0131qlar\u0131 il\u0259 diqq\u0259t \u00e7\u0259kir.<\/p>\n\n\n\n<p>Dig\u0259r t\u00fcrk \u015firk\u0259ti \u201cPolat Yol Yap\u0131 Sanaye v\u0259 Ticaret\u201d, Az\u0259rbaycan \u015firk\u0259ti olan \u201cAzVirt\u201d, &#8220;K\u00f6rp\u00fc-Bina-Tikinti&#8221; MMC v\u0259 ba\u015fqalar\u0131d\u0131r.<br><\/p>\n\n\n\n<p><strong>R\u0259smi: \u201cYola n\u0259zar\u0259timiz yoxdur\u201d<\/strong><\/p>\n\n\n\n<p>Meydan TV bir il \u0259vv\u0259l istifad\u0259y\u0259 verilmi\u015f yolun \u201ctezlikl\u0259 \u00e7\u00f6km\u0259sinin s\u0259b\u0259bi n\u0259dir?\u201d sual\u0131 il\u0259 Az\u0259rbaycan Avtomobil Yollar\u0131 D\u00f6vl\u0259t Agentliyin\u0259 m\u00fcraci\u0259t edib.<\/p>\n\n\n\n<p>Agentliyin m\u0259tbuat xidm\u0259tinin r\u0259hb\u0259ri Anar N\u0259c\u0259fli bildirib ki, yay\u0131lan fotolar onlar\u0131n da qar\u015f\u0131s\u0131na \u00e7\u0131x\u0131b. \u00dcst\u0259lik, o yol Az\u0259rbaycan Avtomobil Yollar\u0131 D\u00f6vl\u0259t Agentliyinin sifari\u015fi il\u0259 \u00e7\u0259kilib:<\/p>\n\n\n\n<p><em>\u201cLakin h\u0259l\u0259 ki, h\u0259min yola n\u0259zar\u0259timiz olmad\u0131\u011f\u0131 \u00fc\u00e7\u00fcn tam ara\u015fd\u0131rma apara bilm\u0259mi\u015fik da\u011f\u0131nt\u0131lar\u0131n yolun konkret hans\u0131 hiss\u0259sind\u0259 olmas\u0131 il\u0259 ba\u011fl\u0131. Odur ki, tam a\u00e7\u0131qlama ver\u0259 bilm\u0259y\u0259c\u0259y\u0259m\u201d.<\/em><br><\/p>\n\n\n\n<p><strong>Bir yolun tarixi<\/strong><\/p>\n\n\n\n<p>2020-ci il noyabr\u0131n 10-da Az\u0259rbaycan, Rusiya prezidentl\u0259rinin v\u0259 Erm\u0259nistan ba\u015f nazirinin imzalad\u0131\u011f\u0131 \u00fc\u00e7t\u0259r\u0259fli b\u0259yanatda La\u00e7\u0131n d\u0259hlizin\u0259 alternativ yolun \u00e7\u0259kilm\u0259si n\u0259z\u0259rd\u0259 tutulmu\u015fdu.<\/p>\n\n\n\n<p>B\u0259yanat\u0131n 6-c\u0131 b\u0259ndin\u0259 \u0259sas\u0259n, 3 il \u0259rzind\u0259 La\u00e7\u0131n d\u0259hlizi boyunca Xank\u0259ndi il\u0259 Erm\u0259nistan aras\u0131nda rabit\u0259ni t\u0259min ed\u0259n yeni bir n\u0259qliyyat mar\u015frutunun in\u015fas\u0131 \u00fc\u00e7\u00fcn bir plan haz\u0131rlanmal\u0131 idi.<\/p>\n","protected":false},"excerpt":{"rendered":"<p>Yolun sifari\u015f\u00e7isi \u0259raziy\u0259 n\u0259zar\u0259tinin olmad\u0131\u011f\u0131 \u00fc\u00e7\u00fcn d\u0259qiq he\u00e7 n\u0259 dey\u0259 &#8230; <\/p>\n<p class=\"read-more-container\"><a title=\"Bir il \u00f6nc\u0259 \u00e7\u0259kilmi\u015f Xank\u0259ndi-La\u00e7\u0131n yolunun \u00e7\u00f6kd\u00fcy\u00fc bildirilir\" class=\"read-more button\" href=\"https:\/\/www.meydan.tv\/az\/article\/bir-il-once-cekilmis-xankendi-lacin-yolunun-cokduyu-bildirilir\/#more-286473\" aria-label=\"Read more about Bir il \u00f6nc\u0259 \u00e7\u0259kilmi\u015f Xank\u0259ndi-La\u00e7\u0131n yolunun \u00e7\u00f6kd\u00fcy\u00fc bildirilir\">Davam\u0131<\/a><\/p>\n","protected":false},"author":8,"featured_media":286470,"comment_status":"closed","ping_status":"closed","sticky":false,"template":"","format":"standard","meta":{"_acf_changed":false,"_sitemap_exclude":false,"_sitemap_priority":"","_sitemap_frequency":"","footnotes":""},"categories":[60,56],"tags":[],"class_list":["post-286473","post","type-post","status-publish","format-standard","has-post-thumbnail","hentry","category-bolge","category-xeberler","infinite-scroll-item","generate-columns","tablet-grid-50","mobile-grid-100","grid-parent","grid-33","no-featured-image-padding"],"acf":[],"yoast_head":"<!-- This site is optimized with the Yoast SEO plugin v27.4 - https:\/\/yoast.com\/product\/yoast-seo-wordpress\/ -->\n<title>Bir il \u00f6nc\u0259 \u00e7\u0259kilmi\u015f Xank\u0259ndi-La\u00e7\u0131n yolunun \u00e7\u00f6kd\u00fcy\u00fc bildirilir - MEYDAN.TV<\/title>\n<meta name=\"robots\" content=\"index, follow, max-snippet:-1, max-image-preview:large, max-video-preview:-1\" \/>\n<link rel=\"canonical\" href=\"https:\/\/www.meydan.tv\/az\/article\/bir-il-once-cekilmis-xankendi-lacin-yolunun-cokduyu-bildirilir\/\" \/>\n<meta property=\"og:locale\" content=\"az_AZ\" \/>\n<meta property=\"og:type\" content=\"article\" \/>\n<meta property=\"og:title\" content=\"Bir il \u00f6nc\u0259 \u00e7\u0259kilmi\u015f Xank\u0259ndi-La\u00e7\u0131n yolunun \u00e7\u00f6kd\u00fcy\u00fc bildirilir - MEYDAN.TV\" \/>\n<meta property=\"og:description\" content=\"Yolun sifari\u015f\u00e7isi \u0259raziy\u0259 n\u0259zar\u0259tinin olmad\u0131\u011f\u0131 \u00fc\u00e7\u00fcn d\u0259qiq he\u00e7 n\u0259 dey\u0259 ... Davam\u0131\" \/>\n<meta property=\"og:url\" content=\"https:\/\/www.meydan.tv\/az\/article\/bir-il-once-cekilmis-xankendi-lacin-yolunun-cokduyu-bildirilir\/\" \/>\n<meta property=\"og:site_name\" content=\"MEYDAN.TV\" \/>\n<meta property=\"article:published_time\" content=\"2023-09-30T05:40:58+00:00\" \/>\n<meta property=\"article:modified_time\" content=\"2023-09-30T05:45:02+00:00\" \/>\n<meta property=\"og:image\" content=\"https:\/\/www.meydan.tv\/wp-content\/uploads\/untitled-1500-x-1000-px-9.jpg\" \/>\n\t<meta property=\"og:image:width\" content=\"1500\" \/>\n\t<meta property=\"og:image:height\" content=\"1000\" \/>\n\t<meta property=\"og:image:type\" content=\"image\/jpeg\" \/>\n<meta name=\"author\" content=\"elli\" \/>\n<meta name=\"twitter:card\" content=\"summary_large_image\" \/>\n<meta name=\"twitter:creator\" content=\"@elli\" \/>\n<script type=\"application\/ld+json\" class=\"yoast-schema-graph\">{\"@context\":\"https:\\\/\\\/schema.org\",\"@graph\":[{\"@type\":\"Article\",\"@id\":\"https:\\\/\\\/www.meydan.tv\\\/az\\\/article\\\/bir-il-once-cekilmis-xankendi-lacin-yolunun-cokduyu-bildirilir\\\/#article\",\"isPartOf\":{\"@id\":\"https:\\\/\\\/www.meydan.tv\\\/az\\\/article\\\/bir-il-once-cekilmis-xankendi-lacin-yolunun-cokduyu-bildirilir\\\/\"},\"author\":{\"name\":\"elli\",\"@id\":\"https:\\\/\\\/www.meydan.tv\\\/az\\\/#\\\/schema\\\/person\\\/9cdbecf90d17180ce1dfbd95b08dcf47\"},\"headline\":\"Bir il \u00f6nc\u0259 \u00e7\u0259kilmi\u015f Xank\u0259ndi-La\u00e7\u0131n yolunun \u00e7\u00f6kd\u00fcy\u00fc bildirilir\",\"datePublished\":\"2023-09-30T05:40:58+00:00\",\"dateModified\":\"2023-09-30T05:45:02+00:00\",\"mainEntityOfPage\":{\"@id\":\"https:\\\/\\\/www.meydan.tv\\\/az\\\/article\\\/bir-il-once-cekilmis-xankendi-lacin-yolunun-cokduyu-bildirilir\\\/\"},\"wordCount\":681,\"publisher\":{\"@id\":\"https:\\\/\\\/www.meydan.tv\\\/az\\\/#organization\"},\"image\":{\"@id\":\"https:\\\/\\\/www.meydan.tv\\\/az\\\/article\\\/bir-il-once-cekilmis-xankendi-lacin-yolunun-cokduyu-bildirilir\\\/#primaryimage\"},\"thumbnailUrl\":\"https:\\\/\\\/www.meydan.tv\\\/wp-content\\\/uploads\\\/untitled-1500-x-1000-px-9.jpg\",\"articleSection\":[\"B\u00f6lg\u0259\",\"X\u0259b\u0259rl\u0259r\"],\"inLanguage\":\"az\"},{\"@type\":\"WebPage\",\"@id\":\"https:\\\/\\\/www.meydan.tv\\\/az\\\/article\\\/bir-il-once-cekilmis-xankendi-lacin-yolunun-cokduyu-bildirilir\\\/\",\"url\":\"https:\\\/\\\/www.meydan.tv\\\/az\\\/article\\\/bir-il-once-cekilmis-xankendi-lacin-yolunun-cokduyu-bildirilir\\\/\",\"name\":\"Bir il \u00f6nc\u0259 \u00e7\u0259kilmi\u015f Xank\u0259ndi-La\u00e7\u0131n yolunun \u00e7\u00f6kd\u00fcy\u00fc bildirilir - MEYDAN.TV\",\"isPartOf\":{\"@id\":\"https:\\\/\\\/www.meydan.tv\\\/az\\\/#website\"},\"primaryImageOfPage\":{\"@id\":\"https:\\\/\\\/www.meydan.tv\\\/az\\\/article\\\/bir-il-once-cekilmis-xankendi-lacin-yolunun-cokduyu-bildirilir\\\/#primaryimage\"},\"image\":{\"@id\":\"https:\\\/\\\/www.meydan.tv\\\/az\\\/article\\\/bir-il-once-cekilmis-xankendi-lacin-yolunun-cokduyu-bildirilir\\\/#primaryimage\"},\"thumbnailUrl\":\"https:\\\/\\\/www.meydan.tv\\\/wp-content\\\/uploads\\\/untitled-1500-x-1000-px-9.jpg\",\"datePublished\":\"2023-09-30T05:40:58+00:00\",\"dateModified\":\"2023-09-30T05:45:02+00:00\",\"breadcrumb\":{\"@id\":\"https:\\\/\\\/www.meydan.tv\\\/az\\\/article\\\/bir-il-once-cekilmis-xankendi-lacin-yolunun-cokduyu-bildirilir\\\/#breadcrumb\"},\"inLanguage\":\"az\",\"potentialAction\":[{\"@type\":\"ReadAction\",\"target\":[\"https:\\\/\\\/www.meydan.tv\\\/az\\\/article\\\/bir-il-once-cekilmis-xankendi-lacin-yolunun-cokduyu-bildirilir\\\/\"]}]},{\"@type\":\"ImageObject\",\"inLanguage\":\"az\",\"@id\":\"https:\\\/\\\/www.meydan.tv\\\/az\\\/article\\\/bir-il-once-cekilmis-xankendi-lacin-yolunun-cokduyu-bildirilir\\\/#primaryimage\",\"url\":\"https:\\\/\\\/www.meydan.tv\\\/wp-content\\\/uploads\\\/untitled-1500-x-1000-px-9.jpg\",\"contentUrl\":\"https:\\\/\\\/www.meydan.tv\\\/wp-content\\\/uploads\\\/untitled-1500-x-1000-px-9.jpg\",\"width\":1500,\"height\":1000,\"caption\":\"Foto: sosial \u015f\u0259b\u0259k\u0259\"},{\"@type\":\"BreadcrumbList\",\"@id\":\"https:\\\/\\\/www.meydan.tv\\\/az\\\/article\\\/bir-il-once-cekilmis-xankendi-lacin-yolunun-cokduyu-bildirilir\\\/#breadcrumb\",\"itemListElement\":[{\"@type\":\"ListItem\",\"position\":1,\"name\":\"Ana s\u0259hif\u0259\",\"item\":\"https:\\\/\\\/www.meydan.tv\\\/az\\\/\"},{\"@type\":\"ListItem\",\"position\":2,\"name\":\"B\u00f6lg\u0259\",\"item\":\"https:\\\/\\\/www.meydan.tv\\\/az\\\/section\\\/bolge\\\/\"},{\"@type\":\"ListItem\",\"position\":3,\"name\":\"Bir il \u00f6nc\u0259 \u00e7\u0259kilmi\u015f Xank\u0259ndi-La\u00e7\u0131n yolunun \u00e7\u00f6kd\u00fcy\u00fc bildirilir\"}]},{\"@type\":\"WebSite\",\"@id\":\"https:\\\/\\\/www.meydan.tv\\\/az\\\/#website\",\"url\":\"https:\\\/\\\/www.meydan.tv\\\/az\\\/\",\"name\":\"MEYDAN.TV\",\"description\":\"Meydan TV Az\u0259rbaycan\u0131n media m\u0259kan\u0131ndak\u0131 alternativ s\u0259sidir\",\"publisher\":{\"@id\":\"https:\\\/\\\/www.meydan.tv\\\/az\\\/#organization\"},\"potentialAction\":[{\"@type\":\"SearchAction\",\"target\":{\"@type\":\"EntryPoint\",\"urlTemplate\":\"https:\\\/\\\/www.meydan.tv\\\/az\\\/?s={search_term_string}\"},\"query-input\":{\"@type\":\"PropertyValueSpecification\",\"valueRequired\":true,\"valueName\":\"search_term_string\"}}],\"inLanguage\":\"az\"},{\"@type\":\"Organization\",\"@id\":\"https:\\\/\\\/www.meydan.tv\\\/az\\\/#organization\",\"name\":\"Meydan TV\",\"url\":\"https:\\\/\\\/www.meydan.tv\\\/az\\\/\",\"logo\":{\"@type\":\"ImageObject\",\"inLanguage\":\"az\",\"@id\":\"https:\\\/\\\/www.meydan.tv\\\/az\\\/#\\\/schema\\\/logo\\\/image\\\/\",\"url\":\"https:\\\/\\\/www.meydan.tv\\\/wp-content\\\/uploads\\\/2021\\\/07\\\/meydan-logo.svg\",\"contentUrl\":\"https:\\\/\\\/www.meydan.tv\\\/wp-content\\\/uploads\\\/2021\\\/07\\\/meydan-logo.svg\",\"width\":195,\"height\":46,\"caption\":\"Meydan TV\"},\"image\":{\"@id\":\"https:\\\/\\\/www.meydan.tv\\\/az\\\/#\\\/schema\\\/logo\\\/image\\\/\"}},{\"@type\":\"Person\",\"@id\":\"https:\\\/\\\/www.meydan.tv\\\/az\\\/#\\\/schema\\\/person\\\/9cdbecf90d17180ce1dfbd95b08dcf47\",\"name\":\"elli\",\"sameAs\":[\"https:\\\/\\\/x.com\\\/elli\"]}]}<\/script>\n<!-- \/ Yoast SEO plugin. -->","yoast_head_json":{"title":"Bir il \u00f6nc\u0259 \u00e7\u0259kilmi\u015f Xank\u0259ndi-La\u00e7\u0131n yolunun \u00e7\u00f6kd\u00fcy\u00fc bildirilir - MEYDAN.TV","robots":{"index":"index","follow":"follow","max-snippet":"max-snippet:-1","max-image-preview":"max-image-preview:large","max-video-preview":"max-video-preview:-1"},"canonical":"https:\/\/www.meydan.tv\/az\/article\/bir-il-once-cekilmis-xankendi-lacin-yolunun-cokduyu-bildirilir\/","og_locale":"az_AZ","og_type":"article","og_title":"Bir il \u00f6nc\u0259 \u00e7\u0259kilmi\u015f Xank\u0259ndi-La\u00e7\u0131n yolunun \u00e7\u00f6kd\u00fcy\u00fc bildirilir - MEYDAN.TV","og_description":"Yolun sifari\u015f\u00e7isi \u0259raziy\u0259 n\u0259zar\u0259tinin olmad\u0131\u011f\u0131 \u00fc\u00e7\u00fcn d\u0259qiq he\u00e7 n\u0259 dey\u0259 ... Davam\u0131","og_url":"https:\/\/www.meydan.tv\/az\/article\/bir-il-once-cekilmis-xankendi-lacin-yolunun-cokduyu-bildirilir\/","og_site_name":"MEYDAN.TV","article_published_time":"2023-09-30T05:40:58+00:00","article_modified_time":"2023-09-30T05:45:02+00:00","og_image":[{"width":1500,"height":1000,"url":"https:\/\/www.meydan.tv\/wp-content\/uploads\/untitled-1500-x-1000-px-9.jpg","type":"image\/jpeg"}],"author":"elli","twitter_card":"summary_large_image","twitter_creator":"@elli","schema":{"@context":"https:\/\/schema.org","@graph":[{"@type":"Article","@id":"https:\/\/www.meydan.tv\/az\/article\/bir-il-once-cekilmis-xankendi-lacin-yolunun-cokduyu-bildirilir\/#article","isPartOf":{"@id":"https:\/\/www.meydan.tv\/az\/article\/bir-il-once-cekilmis-xankendi-lacin-yolunun-cokduyu-bildirilir\/"},"author":{"name":"elli","@id":"https:\/\/www.meydan.tv\/az\/#\/schema\/person\/9cdbecf90d17180ce1dfbd95b08dcf47"},"headline":"Bir il \u00f6nc\u0259 \u00e7\u0259kilmi\u015f Xank\u0259ndi-La\u00e7\u0131n yolunun \u00e7\u00f6kd\u00fcy\u00fc bildirilir","datePublished":"2023-09-30T05:40:58+00:00","dateModified":"2023-09-30T05:45:02+00:00","mainEntityOfPage":{"@id":"https:\/\/www.meydan.tv\/az\/article\/bir-il-once-cekilmis-xankendi-lacin-yolunun-cokduyu-bildirilir\/"},"wordCount":681,"publisher":{"@id":"https:\/\/www.meydan.tv\/az\/#organization"},"image":{"@id":"https:\/\/www.meydan.tv\/az\/article\/bir-il-once-cekilmis-xankendi-lacin-yolunun-cokduyu-bildirilir\/#primaryimage"},"thumbnailUrl":"https:\/\/www.meydan.tv\/wp-content\/uploads\/untitled-1500-x-1000-px-9.jpg","articleSection":["B\u00f6lg\u0259","X\u0259b\u0259rl\u0259r"],"inLanguage":"az"},{"@type":"WebPage","@id":"https:\/\/www.meydan.tv\/az\/article\/bir-il-once-cekilmis-xankendi-lacin-yolunun-cokduyu-bildirilir\/","url":"https:\/\/www.meydan.tv\/az\/article\/bir-il-once-cekilmis-xankendi-lacin-yolunun-cokduyu-bildirilir\/","name":"Bir il \u00f6nc\u0259 \u00e7\u0259kilmi\u015f Xank\u0259ndi-La\u00e7\u0131n yolunun \u00e7\u00f6kd\u00fcy\u00fc bildirilir - MEYDAN.TV","isPartOf":{"@id":"https:\/\/www.meydan.tv\/az\/#website"},"primaryImageOfPage":{"@id":"https:\/\/www.meydan.tv\/az\/article\/bir-il-once-cekilmis-xankendi-lacin-yolunun-cokduyu-bildirilir\/#primaryimage"},"image":{"@id":"https:\/\/www.meydan.tv\/az\/article\/bir-il-once-cekilmis-xankendi-lacin-yolunun-cokduyu-bildirilir\/#primaryimage"},"thumbnailUrl":"https:\/\/www.meydan.tv\/wp-content\/uploads\/untitled-1500-x-1000-px-9.jpg","datePublished":"2023-09-30T05:40:58+00:00","dateModified":"2023-09-30T05:45:02+00:00","breadcrumb":{"@id":"https:\/\/www.meydan.tv\/az\/article\/bir-il-once-cekilmis-xankendi-lacin-yolunun-cokduyu-bildirilir\/#breadcrumb"},"inLanguage":"az","potentialAction":[{"@type":"ReadAction","target":["https:\/\/www.meydan.tv\/az\/article\/bir-il-once-cekilmis-xankendi-lacin-yolunun-cokduyu-bildirilir\/"]}]},{"@type":"ImageObject","inLanguage":"az","@id":"https:\/\/www.meydan.tv\/az\/article\/bir-il-once-cekilmis-xankendi-lacin-yolunun-cokduyu-bildirilir\/#primaryimage","url":"https:\/\/www.meydan.tv\/wp-content\/uploads\/untitled-1500-x-1000-px-9.jpg","contentUrl":"https:\/\/www.meydan.tv\/wp-content\/uploads\/untitled-1500-x-1000-px-9.jpg","width":1500,"height":1000,"caption":"Foto: sosial \u015f\u0259b\u0259k\u0259"},{"@type":"BreadcrumbList","@id":"https:\/\/www.meydan.tv\/az\/article\/bir-il-once-cekilmis-xankendi-lacin-yolunun-cokduyu-bildirilir\/#breadcrumb","itemListElement":[{"@type":"ListItem","position":1,"name":"Ana s\u0259hif\u0259","item":"https:\/\/www.meydan.tv\/az\/"},{"@type":"ListItem","position":2,"name":"B\u00f6lg\u0259","item":"https:\/\/www.meydan.tv\/az\/section\/bolge\/"},{"@type":"ListItem","position":3,"name":"Bir il \u00f6nc\u0259 \u00e7\u0259kilmi\u015f Xank\u0259ndi-La\u00e7\u0131n yolunun \u00e7\u00f6kd\u00fcy\u00fc bildirilir"}]},{"@type":"WebSite","@id":"https:\/\/www.meydan.tv\/az\/#website","url":"https:\/\/www.meydan.tv\/az\/","name":"MEYDAN.TV","description":"Meydan TV Az\u0259rbaycan\u0131n media m\u0259kan\u0131ndak\u0131 alternativ s\u0259sidir","publisher":{"@id":"https:\/\/www.meydan.tv\/az\/#organization"},"potentialAction":[{"@type":"SearchAction","target":{"@type":"EntryPoint","urlTemplate":"https:\/\/www.meydan.tv\/az\/?s={search_term_string}"},"query-input":{"@type":"PropertyValueSpecification","valueRequired":true,"valueName":"search_term_string"}}],"inLanguage":"az"},{"@type":"Organization","@id":"https:\/\/www.meydan.tv\/az\/#organization","name":"Meydan TV","url":"https:\/\/www.meydan.tv\/az\/","logo":{"@type":"ImageObject","inLanguage":"az","@id":"https:\/\/www.meydan.tv\/az\/#\/schema\/logo\/image\/","url":"https:\/\/www.meydan.tv\/wp-content\/uploads\/2021\/07\/meydan-logo.svg","contentUrl":"https:\/\/www.meydan.tv\/wp-content\/uploads\/2021\/07\/meydan-logo.svg","width":195,"height":46,"caption":"Meydan TV"},"image":{"@id":"https:\/\/www.meydan.tv\/az\/#\/schema\/logo\/image\/"}},{"@type":"Person","@id":"https:\/\/www.meydan.tv\/az\/#\/schema\/person\/9cdbecf90d17180ce1dfbd95b08dcf47","name":"elli","sameAs":["https:\/\/x.com\/elli"]}]}},"_links":{"self":[{"href":"https:\/\/www.meydan.tv\/az\/wp-json\/wp\/v2\/posts\/286473","targetHints":{"allow":["GET"]}}],"collection":[{"href":"https:\/\/www.meydan.tv\/az\/wp-json\/wp\/v2\/posts"}],"about":[{"href":"https:\/\/www.meydan.tv\/az\/wp-json\/wp\/v2\/types\/post"}],"author":[{"embeddable":true,"href":"https:\/\/www.meydan.tv\/az\/wp-json\/wp\/v2\/users\/8"}],"replies":[{"embeddable":true,"href":"https:\/\/www.meydan.tv\/az\/wp-json\/wp\/v2\/comments?post=286473"}],"version-history":[{"count":1,"href":"https:\/\/www.meydan.tv\/az\/wp-json\/wp\/v2\/posts\/286473\/revisions"}],"predecessor-version":[{"id":286474,"href":"https:\/\/www.meydan.tv\/az\/wp-json\/wp\/v2\/posts\/286473\/revisions\/286474"}],"wp:featuredmedia":[{"embeddable":true,"href":"https:\/\/www.meydan.tv\/az\/wp-json\/wp\/v2\/media\/286470"}],"wp:attachment":[{"href":"https:\/\/www.meydan.tv\/az\/wp-json\/wp\/v2\/media?parent=286473"}],"wp:term":[{"taxonomy":"category","embeddable":true,"href":"https:\/\/www.meydan.tv\/az\/wp-json\/wp\/v2\/categories?post=286473"},{"taxonomy":"post_tag","embeddable":true,"href":"https:\/\/www.meydan.tv\/az\/wp-json\/wp\/v2\/tags?post=286473"}],"curies":[{"name":"wp","href":"https:\/\/api.w.org\/{rel}","templated":true}]}}