{"id":286451,"date":"2023-09-29T21:23:12","date_gmt":"2023-09-29T17:23:12","guid":{"rendered":"https:\/\/www.meydan.tv\/?p=286451"},"modified":"2023-09-29T21:23:15","modified_gmt":"2023-09-29T17:23:15","slug":"azerbaycan-serseng-su-anbarina-nezaret-etdiyini-aciqlayib","status":"publish","type":"post","link":"https:\/\/www.meydan.tv\/az\/article\/azerbaycan-serseng-su-anbarina-nezaret-etdiyini-aciqlayib\/","title":{"rendered":"Az\u0259rbaycan S\u0259rs\u0259ng su anbar\u0131na n\u0259zar\u0259t etdiyini a\u00e7\u0131qlay\u0131b"},"content":{"rendered":"\n<p><\/p>\n\n\n\n<p><em><strong>D\u00f6vl\u0259t Su Ehtiyatlar\u0131 Agentliyinin \u0259m\u0259kda\u015flar\u0131 \u0259razid\u0259dir<\/strong><\/em><\/p>\n\n\n\n<p>S\u0259rs\u0259ng su anbar\u0131 Az\u0259rbaycan\u0131n n\u0259zar\u0259tin\u0259 ke\u00e7ib.<\/p>\n\n\n\n<p>Bu bar\u0259d\u0259 m\u0259lumat\u0131 Az\u0259rbaycan D\u00f6vl\u0259t Su Ehtiyatlar\u0131 Agentliyi <a href=\"https:\/\/azertag.az\/xeber\/azerbaycan_dovlet_su_ehtiyatlari_agentliyinin_emekdaslari_artiq_serseng_su_anbarina_nezaret_edir-2768293\">yay\u0131b<\/a>.<\/p>\n\n\n\n<p>M\u0259lumatda bildirilir ki, art\u0131q S\u0259rs\u0259ng su anbar\u0131na onlar\u0131n \u0259m\u0259kda\u015flar\u0131 n\u0259zar\u0259t edir.<\/p>\n\n\n\n<p>Sah\u0259nin m\u00fct\u0259x\u0259ssisl\u0259ri hesab edir ki, bu su anbar\u0131 haz\u0131rda su \u00e7at\u0131\u015fmazl\u0131\u011f\u0131ndan ciddi \u0259ziyy\u0259t \u00e7\u0259k\u0259n Az\u0259rbaycan \u00fc\u00e7\u00fcn \u00e7ox \u00f6n\u0259mlidir.<\/p>\n\n\n\n<p>S\u0259rs\u0259ng su anbar\u0131 Qaraba\u011fdak\u0131 strateji obyektl\u0259rd\u0259n biridir.<\/p>\n\n\n\n<p>1976-c\u0131 ild\u0259 T\u0259rt\u0259r\u00e7ay\u0131n \u00fcz\u0259rind\u0259 tikilmi\u015f S\u0259rs\u0259ng su anbar\u0131n\u0131n \u00fcmumi h\u0259cmi 565 milyon kubmetr, faydal\u0131 h\u0259cmi 500 milyon kubmetrdir.<\/p>\n\n\n\n<p>S\u0259rs\u0259ng su anbar\u0131nda toplanan su il\u0259 T\u0259rt\u0259r, A\u011fd\u0259r\u0259, A\u011fdam, A\u011fcab\u0259di, Yevlax, B\u0259rd\u0259, Goranboy rayonlar\u0131n\u0131n \u00fcmumilikd\u0259 95 min hektar \u0259kin sah\u0259si suvarma suyu il\u0259 t\u0259min olunacaq.<\/p>\n","protected":false},"excerpt":{"rendered":"<p>D\u00f6vl\u0259t Su Ehtiyatlar\u0131 Agentliyinin \u0259m\u0259kda\u015flar\u0131 \u0259razid\u0259dir S\u0259rs\u0259ng su anbar\u0131 Az\u0259rbaycan\u0131n &#8230; <\/p>\n<p class=\"read-more-container\"><a title=\"Az\u0259rbaycan S\u0259rs\u0259ng su anbar\u0131na n\u0259zar\u0259t etdiyini a\u00e7\u0131qlay\u0131b\" class=\"read-more button\" href=\"https:\/\/www.meydan.tv\/az\/article\/azerbaycan-serseng-su-anbarina-nezaret-etdiyini-aciqlayib\/#more-286451\" aria-label=\"Read more about Az\u0259rbaycan S\u0259rs\u0259ng su anbar\u0131na n\u0259zar\u0259t etdiyini a\u00e7\u0131qlay\u0131b\">Davam\u0131<\/a><\/p>\n","protected":false},"author":8,"featured_media":283232,"comment_status":"closed","ping_status":"closed","sticky":false,"template":"","format":"standard","meta":{"_acf_changed":false,"_sitemap_exclude":false,"_sitemap_priority":"","_sitemap_frequency":"","footnotes":""},"categories":[60,56],"tags":[],"class_list":["post-286451","post","type-post","status-publish","format-standard","has-post-thumbnail","hentry","category-bolge","category-xeberler","infinite-scroll-item","generate-columns","tablet-grid-50","mobile-grid-100","grid-parent","grid-33","no-featured-image-padding"],"acf":[],"yoast_head":"<!-- This site is optimized with the Yoast SEO plugin v27.4 - https:\/\/yoast.com\/product\/yoast-seo-wordpress\/ -->\n<title>Az\u0259rbaycan S\u0259rs\u0259ng su anbar\u0131na n\u0259zar\u0259t etdiyini a\u00e7\u0131qlay\u0131b - MEYDAN.TV<\/title>\n<meta name=\"robots\" content=\"index, follow, max-snippet:-1, max-image-preview:large, max-video-preview:-1\" \/>\n<link rel=\"canonical\" href=\"https:\/\/www.meydan.tv\/az\/article\/azerbaycan-serseng-su-anbarina-nezaret-etdiyini-aciqlayib\/\" \/>\n<meta property=\"og:locale\" content=\"az_AZ\" \/>\n<meta property=\"og:type\" content=\"article\" \/>\n<meta property=\"og:title\" content=\"Az\u0259rbaycan S\u0259rs\u0259ng su anbar\u0131na n\u0259zar\u0259t etdiyini a\u00e7\u0131qlay\u0131b - MEYDAN.TV\" \/>\n<meta property=\"og:description\" content=\"D\u00f6vl\u0259t Su Ehtiyatlar\u0131 Agentliyinin \u0259m\u0259kda\u015flar\u0131 \u0259razid\u0259dir S\u0259rs\u0259ng su anbar\u0131 Az\u0259rbaycan\u0131n ... Davam\u0131\" \/>\n<meta property=\"og:url\" content=\"https:\/\/www.meydan.tv\/az\/article\/azerbaycan-serseng-su-anbarina-nezaret-etdiyini-aciqlayib\/\" \/>\n<meta property=\"og:site_name\" content=\"MEYDAN.TV\" \/>\n<meta property=\"article:published_time\" content=\"2023-09-29T17:23:12+00:00\" \/>\n<meta property=\"article:modified_time\" content=\"2023-09-29T17:23:15+00:00\" \/>\n<meta property=\"og:image\" content=\"https:\/\/www.meydan.tv\/wp-content\/uploads\/16929582713893743169_1200x630.jpg\" \/>\n\t<meta property=\"og:image:width\" content=\"1200\" \/>\n\t<meta property=\"og:image:height\" content=\"819\" \/>\n\t<meta property=\"og:image:type\" content=\"image\/jpeg\" \/>\n<meta name=\"author\" content=\"elli\" \/>\n<meta name=\"twitter:card\" content=\"summary_large_image\" \/>\n<meta name=\"twitter:creator\" content=\"@elli\" \/>\n<script type=\"application\/ld+json\" class=\"yoast-schema-graph\">{\"@context\":\"https:\\\/\\\/schema.org\",\"@graph\":[{\"@type\":\"Article\",\"@id\":\"https:\\\/\\\/www.meydan.tv\\\/az\\\/article\\\/azerbaycan-serseng-su-anbarina-nezaret-etdiyini-aciqlayib\\\/#article\",\"isPartOf\":{\"@id\":\"https:\\\/\\\/www.meydan.tv\\\/az\\\/article\\\/azerbaycan-serseng-su-anbarina-nezaret-etdiyini-aciqlayib\\\/\"},\"author\":{\"name\":\"elli\",\"@id\":\"https:\\\/\\\/www.meydan.tv\\\/az\\\/#\\\/schema\\\/person\\\/9cdbecf90d17180ce1dfbd95b08dcf47\"},\"headline\":\"Az\u0259rbaycan S\u0259rs\u0259ng su anbar\u0131na n\u0259zar\u0259t etdiyini a\u00e7\u0131qlay\u0131b\",\"datePublished\":\"2023-09-29T17:23:12+00:00\",\"dateModified\":\"2023-09-29T17:23:15+00:00\",\"mainEntityOfPage\":{\"@id\":\"https:\\\/\\\/www.meydan.tv\\\/az\\\/article\\\/azerbaycan-serseng-su-anbarina-nezaret-etdiyini-aciqlayib\\\/\"},\"wordCount\":183,\"publisher\":{\"@id\":\"https:\\\/\\\/www.meydan.tv\\\/az\\\/#organization\"},\"image\":{\"@id\":\"https:\\\/\\\/www.meydan.tv\\\/az\\\/article\\\/azerbaycan-serseng-su-anbarina-nezaret-etdiyini-aciqlayib\\\/#primaryimage\"},\"thumbnailUrl\":\"https:\\\/\\\/www.meydan.tv\\\/wp-content\\\/uploads\\\/16929582713893743169_1200x630.jpg\",\"articleSection\":[\"B\u00f6lg\u0259\",\"X\u0259b\u0259rl\u0259r\"],\"inLanguage\":\"az\"},{\"@type\":\"WebPage\",\"@id\":\"https:\\\/\\\/www.meydan.tv\\\/az\\\/article\\\/azerbaycan-serseng-su-anbarina-nezaret-etdiyini-aciqlayib\\\/\",\"url\":\"https:\\\/\\\/www.meydan.tv\\\/az\\\/article\\\/azerbaycan-serseng-su-anbarina-nezaret-etdiyini-aciqlayib\\\/\",\"name\":\"Az\u0259rbaycan S\u0259rs\u0259ng su anbar\u0131na n\u0259zar\u0259t etdiyini a\u00e7\u0131qlay\u0131b - MEYDAN.TV\",\"isPartOf\":{\"@id\":\"https:\\\/\\\/www.meydan.tv\\\/az\\\/#website\"},\"primaryImageOfPage\":{\"@id\":\"https:\\\/\\\/www.meydan.tv\\\/az\\\/article\\\/azerbaycan-serseng-su-anbarina-nezaret-etdiyini-aciqlayib\\\/#primaryimage\"},\"image\":{\"@id\":\"https:\\\/\\\/www.meydan.tv\\\/az\\\/article\\\/azerbaycan-serseng-su-anbarina-nezaret-etdiyini-aciqlayib\\\/#primaryimage\"},\"thumbnailUrl\":\"https:\\\/\\\/www.meydan.tv\\\/wp-content\\\/uploads\\\/16929582713893743169_1200x630.jpg\",\"datePublished\":\"2023-09-29T17:23:12+00:00\",\"dateModified\":\"2023-09-29T17:23:15+00:00\",\"breadcrumb\":{\"@id\":\"https:\\\/\\\/www.meydan.tv\\\/az\\\/article\\\/azerbaycan-serseng-su-anbarina-nezaret-etdiyini-aciqlayib\\\/#breadcrumb\"},\"inLanguage\":\"az\",\"potentialAction\":[{\"@type\":\"ReadAction\",\"target\":[\"https:\\\/\\\/www.meydan.tv\\\/az\\\/article\\\/azerbaycan-serseng-su-anbarina-nezaret-etdiyini-aciqlayib\\\/\"]}]},{\"@type\":\"ImageObject\",\"inLanguage\":\"az\",\"@id\":\"https:\\\/\\\/www.meydan.tv\\\/az\\\/article\\\/azerbaycan-serseng-su-anbarina-nezaret-etdiyini-aciqlayib\\\/#primaryimage\",\"url\":\"https:\\\/\\\/www.meydan.tv\\\/wp-content\\\/uploads\\\/16929582713893743169_1200x630.jpg\",\"contentUrl\":\"https:\\\/\\\/www.meydan.tv\\\/wp-content\\\/uploads\\\/16929582713893743169_1200x630.jpg\",\"width\":1200,\"height\":819,\"caption\":\"S\u0259rs\u0259ng su anbar\u0131. Foto: Wiki\"},{\"@type\":\"BreadcrumbList\",\"@id\":\"https:\\\/\\\/www.meydan.tv\\\/az\\\/article\\\/azerbaycan-serseng-su-anbarina-nezaret-etdiyini-aciqlayib\\\/#breadcrumb\",\"itemListElement\":[{\"@type\":\"ListItem\",\"position\":1,\"name\":\"Ana s\u0259hif\u0259\",\"item\":\"https:\\\/\\\/www.meydan.tv\\\/az\\\/\"},{\"@type\":\"ListItem\",\"position\":2,\"name\":\"B\u00f6lg\u0259\",\"item\":\"https:\\\/\\\/www.meydan.tv\\\/az\\\/section\\\/bolge\\\/\"},{\"@type\":\"ListItem\",\"position\":3,\"name\":\"Az\u0259rbaycan S\u0259rs\u0259ng su anbar\u0131na n\u0259zar\u0259t etdiyini a\u00e7\u0131qlay\u0131b\"}]},{\"@type\":\"WebSite\",\"@id\":\"https:\\\/\\\/www.meydan.tv\\\/az\\\/#website\",\"url\":\"https:\\\/\\\/www.meydan.tv\\\/az\\\/\",\"name\":\"MEYDAN.TV\",\"description\":\"Meydan TV Az\u0259rbaycan\u0131n media m\u0259kan\u0131ndak\u0131 alternativ s\u0259sidir\",\"publisher\":{\"@id\":\"https:\\\/\\\/www.meydan.tv\\\/az\\\/#organization\"},\"potentialAction\":[{\"@type\":\"SearchAction\",\"target\":{\"@type\":\"EntryPoint\",\"urlTemplate\":\"https:\\\/\\\/www.meydan.tv\\\/az\\\/?s={search_term_string}\"},\"query-input\":{\"@type\":\"PropertyValueSpecification\",\"valueRequired\":true,\"valueName\":\"search_term_string\"}}],\"inLanguage\":\"az\"},{\"@type\":\"Organization\",\"@id\":\"https:\\\/\\\/www.meydan.tv\\\/az\\\/#organization\",\"name\":\"Meydan TV\",\"url\":\"https:\\\/\\\/www.meydan.tv\\\/az\\\/\",\"logo\":{\"@type\":\"ImageObject\",\"inLanguage\":\"az\",\"@id\":\"https:\\\/\\\/www.meydan.tv\\\/az\\\/#\\\/schema\\\/logo\\\/image\\\/\",\"url\":\"https:\\\/\\\/www.meydan.tv\\\/wp-content\\\/uploads\\\/2021\\\/07\\\/meydan-logo.svg\",\"contentUrl\":\"https:\\\/\\\/www.meydan.tv\\\/wp-content\\\/uploads\\\/2021\\\/07\\\/meydan-logo.svg\",\"width\":195,\"height\":46,\"caption\":\"Meydan TV\"},\"image\":{\"@id\":\"https:\\\/\\\/www.meydan.tv\\\/az\\\/#\\\/schema\\\/logo\\\/image\\\/\"}},{\"@type\":\"Person\",\"@id\":\"https:\\\/\\\/www.meydan.tv\\\/az\\\/#\\\/schema\\\/person\\\/9cdbecf90d17180ce1dfbd95b08dcf47\",\"name\":\"elli\",\"sameAs\":[\"https:\\\/\\\/x.com\\\/elli\"]}]}<\/script>\n<!-- \/ Yoast SEO plugin. -->","yoast_head_json":{"title":"Az\u0259rbaycan S\u0259rs\u0259ng su anbar\u0131na n\u0259zar\u0259t etdiyini a\u00e7\u0131qlay\u0131b - MEYDAN.TV","robots":{"index":"index","follow":"follow","max-snippet":"max-snippet:-1","max-image-preview":"max-image-preview:large","max-video-preview":"max-video-preview:-1"},"canonical":"https:\/\/www.meydan.tv\/az\/article\/azerbaycan-serseng-su-anbarina-nezaret-etdiyini-aciqlayib\/","og_locale":"az_AZ","og_type":"article","og_title":"Az\u0259rbaycan S\u0259rs\u0259ng su anbar\u0131na n\u0259zar\u0259t etdiyini a\u00e7\u0131qlay\u0131b - MEYDAN.TV","og_description":"D\u00f6vl\u0259t Su Ehtiyatlar\u0131 Agentliyinin \u0259m\u0259kda\u015flar\u0131 \u0259razid\u0259dir S\u0259rs\u0259ng su anbar\u0131 Az\u0259rbaycan\u0131n ... Davam\u0131","og_url":"https:\/\/www.meydan.tv\/az\/article\/azerbaycan-serseng-su-anbarina-nezaret-etdiyini-aciqlayib\/","og_site_name":"MEYDAN.TV","article_published_time":"2023-09-29T17:23:12+00:00","article_modified_time":"2023-09-29T17:23:15+00:00","og_image":[{"width":1200,"height":819,"url":"https:\/\/www.meydan.tv\/wp-content\/uploads\/16929582713893743169_1200x630.jpg","type":"image\/jpeg"}],"author":"elli","twitter_card":"summary_large_image","twitter_creator":"@elli","schema":{"@context":"https:\/\/schema.org","@graph":[{"@type":"Article","@id":"https:\/\/www.meydan.tv\/az\/article\/azerbaycan-serseng-su-anbarina-nezaret-etdiyini-aciqlayib\/#article","isPartOf":{"@id":"https:\/\/www.meydan.tv\/az\/article\/azerbaycan-serseng-su-anbarina-nezaret-etdiyini-aciqlayib\/"},"author":{"name":"elli","@id":"https:\/\/www.meydan.tv\/az\/#\/schema\/person\/9cdbecf90d17180ce1dfbd95b08dcf47"},"headline":"Az\u0259rbaycan S\u0259rs\u0259ng su anbar\u0131na n\u0259zar\u0259t etdiyini a\u00e7\u0131qlay\u0131b","datePublished":"2023-09-29T17:23:12+00:00","dateModified":"2023-09-29T17:23:15+00:00","mainEntityOfPage":{"@id":"https:\/\/www.meydan.tv\/az\/article\/azerbaycan-serseng-su-anbarina-nezaret-etdiyini-aciqlayib\/"},"wordCount":183,"publisher":{"@id":"https:\/\/www.meydan.tv\/az\/#organization"},"image":{"@id":"https:\/\/www.meydan.tv\/az\/article\/azerbaycan-serseng-su-anbarina-nezaret-etdiyini-aciqlayib\/#primaryimage"},"thumbnailUrl":"https:\/\/www.meydan.tv\/wp-content\/uploads\/16929582713893743169_1200x630.jpg","articleSection":["B\u00f6lg\u0259","X\u0259b\u0259rl\u0259r"],"inLanguage":"az"},{"@type":"WebPage","@id":"https:\/\/www.meydan.tv\/az\/article\/azerbaycan-serseng-su-anbarina-nezaret-etdiyini-aciqlayib\/","url":"https:\/\/www.meydan.tv\/az\/article\/azerbaycan-serseng-su-anbarina-nezaret-etdiyini-aciqlayib\/","name":"Az\u0259rbaycan S\u0259rs\u0259ng su anbar\u0131na n\u0259zar\u0259t etdiyini a\u00e7\u0131qlay\u0131b - MEYDAN.TV","isPartOf":{"@id":"https:\/\/www.meydan.tv\/az\/#website"},"primaryImageOfPage":{"@id":"https:\/\/www.meydan.tv\/az\/article\/azerbaycan-serseng-su-anbarina-nezaret-etdiyini-aciqlayib\/#primaryimage"},"image":{"@id":"https:\/\/www.meydan.tv\/az\/article\/azerbaycan-serseng-su-anbarina-nezaret-etdiyini-aciqlayib\/#primaryimage"},"thumbnailUrl":"https:\/\/www.meydan.tv\/wp-content\/uploads\/16929582713893743169_1200x630.jpg","datePublished":"2023-09-29T17:23:12+00:00","dateModified":"2023-09-29T17:23:15+00:00","breadcrumb":{"@id":"https:\/\/www.meydan.tv\/az\/article\/azerbaycan-serseng-su-anbarina-nezaret-etdiyini-aciqlayib\/#breadcrumb"},"inLanguage":"az","potentialAction":[{"@type":"ReadAction","target":["https:\/\/www.meydan.tv\/az\/article\/azerbaycan-serseng-su-anbarina-nezaret-etdiyini-aciqlayib\/"]}]},{"@type":"ImageObject","inLanguage":"az","@id":"https:\/\/www.meydan.tv\/az\/article\/azerbaycan-serseng-su-anbarina-nezaret-etdiyini-aciqlayib\/#primaryimage","url":"https:\/\/www.meydan.tv\/wp-content\/uploads\/16929582713893743169_1200x630.jpg","contentUrl":"https:\/\/www.meydan.tv\/wp-content\/uploads\/16929582713893743169_1200x630.jpg","width":1200,"height":819,"caption":"S\u0259rs\u0259ng su anbar\u0131. Foto: Wiki"},{"@type":"BreadcrumbList","@id":"https:\/\/www.meydan.tv\/az\/article\/azerbaycan-serseng-su-anbarina-nezaret-etdiyini-aciqlayib\/#breadcrumb","itemListElement":[{"@type":"ListItem","position":1,"name":"Ana s\u0259hif\u0259","item":"https:\/\/www.meydan.tv\/az\/"},{"@type":"ListItem","position":2,"name":"B\u00f6lg\u0259","item":"https:\/\/www.meydan.tv\/az\/section\/bolge\/"},{"@type":"ListItem","position":3,"name":"Az\u0259rbaycan S\u0259rs\u0259ng su anbar\u0131na n\u0259zar\u0259t etdiyini a\u00e7\u0131qlay\u0131b"}]},{"@type":"WebSite","@id":"https:\/\/www.meydan.tv\/az\/#website","url":"https:\/\/www.meydan.tv\/az\/","name":"MEYDAN.TV","description":"Meydan TV Az\u0259rbaycan\u0131n media m\u0259kan\u0131ndak\u0131 alternativ s\u0259sidir","publisher":{"@id":"https:\/\/www.meydan.tv\/az\/#organization"},"potentialAction":[{"@type":"SearchAction","target":{"@type":"EntryPoint","urlTemplate":"https:\/\/www.meydan.tv\/az\/?s={search_term_string}"},"query-input":{"@type":"PropertyValueSpecification","valueRequired":true,"valueName":"search_term_string"}}],"inLanguage":"az"},{"@type":"Organization","@id":"https:\/\/www.meydan.tv\/az\/#organization","name":"Meydan TV","url":"https:\/\/www.meydan.tv\/az\/","logo":{"@type":"ImageObject","inLanguage":"az","@id":"https:\/\/www.meydan.tv\/az\/#\/schema\/logo\/image\/","url":"https:\/\/www.meydan.tv\/wp-content\/uploads\/2021\/07\/meydan-logo.svg","contentUrl":"https:\/\/www.meydan.tv\/wp-content\/uploads\/2021\/07\/meydan-logo.svg","width":195,"height":46,"caption":"Meydan TV"},"image":{"@id":"https:\/\/www.meydan.tv\/az\/#\/schema\/logo\/image\/"}},{"@type":"Person","@id":"https:\/\/www.meydan.tv\/az\/#\/schema\/person\/9cdbecf90d17180ce1dfbd95b08dcf47","name":"elli","sameAs":["https:\/\/x.com\/elli"]}]}},"_links":{"self":[{"href":"https:\/\/www.meydan.tv\/az\/wp-json\/wp\/v2\/posts\/286451","targetHints":{"allow":["GET"]}}],"collection":[{"href":"https:\/\/www.meydan.tv\/az\/wp-json\/wp\/v2\/posts"}],"about":[{"href":"https:\/\/www.meydan.tv\/az\/wp-json\/wp\/v2\/types\/post"}],"author":[{"embeddable":true,"href":"https:\/\/www.meydan.tv\/az\/wp-json\/wp\/v2\/users\/8"}],"replies":[{"embeddable":true,"href":"https:\/\/www.meydan.tv\/az\/wp-json\/wp\/v2\/comments?post=286451"}],"version-history":[{"count":1,"href":"https:\/\/www.meydan.tv\/az\/wp-json\/wp\/v2\/posts\/286451\/revisions"}],"predecessor-version":[{"id":286453,"href":"https:\/\/www.meydan.tv\/az\/wp-json\/wp\/v2\/posts\/286451\/revisions\/286453"}],"wp:featuredmedia":[{"embeddable":true,"href":"https:\/\/www.meydan.tv\/az\/wp-json\/wp\/v2\/media\/283232"}],"wp:attachment":[{"href":"https:\/\/www.meydan.tv\/az\/wp-json\/wp\/v2\/media?parent=286451"}],"wp:term":[{"taxonomy":"category","embeddable":true,"href":"https:\/\/www.meydan.tv\/az\/wp-json\/wp\/v2\/categories?post=286451"},{"taxonomy":"post_tag","embeddable":true,"href":"https:\/\/www.meydan.tv\/az\/wp-json\/wp\/v2\/tags?post=286451"}],"curies":[{"name":"wp","href":"https:\/\/api.w.org\/{rel}","templated":true}]}}