{"id":286410,"date":"2023-09-29T16:22:32","date_gmt":"2023-09-29T12:22:32","guid":{"rendered":"https:\/\/www.meydan.tv\/?p=286410"},"modified":"2023-09-29T16:22:35","modified_gmt":"2023-09-29T12:22:35","slug":"o-usagi-ne-zulmle-boyudub-esger-yola-salmisdim-qanini-nece-batirirlar","status":"publish","type":"post","link":"https:\/\/www.meydan.tv\/az\/article\/o-usagi-ne-zulmle-boyudub-esger-yola-salmisdim-qanini-nece-batirirlar\/","title":{"rendered":"\u201cO u\u015fa\u011f\u0131 n\u0259 z\u00fclml\u0259 b\u00f6y\u00fcd\u00fcb \u0259sg\u0259r yola salm\u0131\u015fd\u0131m, qan\u0131n\u0131 nec\u0259 bat\u0131r\u0131rlar?\u201d"},"content":{"rendered":"\n<p><\/p>\n\n\n\n<p><strong><em>S\u0259riyy\u0259 Z\u00f6hrabova: \u201cEvin\u0259 g\u0259lm\u0259yin\u0259 bir h\u0259ft\u0259 qalm\u0131\u015f \u0259sg\u0259r niy\u0259 \u00f6z\u00fcn\u00fc \u00f6ld\u00fcrm\u0259liydi? Versinl\u0259r m\u0259nim \u00f6vlad\u0131m\u0131&#8230;\u201d<\/em><\/strong><\/p>\n\n\n\n<p>Masall\u0131 rayonunun \u018frkivan k\u0259nd sakini S\u0259riyy\u0259 Z\u00f6hrabova K\u0259lb\u0259c\u0259rd\u0259 h\u0259rbi xidm\u0259tini ba\u015fa vurmas\u0131na 10 g\u00fcnd\u0259n d\u0259 az qalm\u0131\u015f o\u011flunun \u00f6l\u00fcm\u00fcyl\u0259 ba\u011fl\u0131 m\u0259hk\u0259m\u0259 ara\u015fd\u0131rmas\u0131ndan naraz\u0131d\u0131r. \u0130lkin Z\u00f6hrabovun \u00f6l\u00fcm\u00fcn\u0259 g\u00f6r\u0259 h\u0259bs olunan gizir M\u0259tl\u0259b Hac\u0131yev\u0259 d\u0259 bug\u00fcnl\u0259rd\u0259 b\u0259ra\u0259t verilib v\u0259 o, T\u0259rt\u0259r H\u0259rbi M\u0259hk\u0259m\u0259sind\u0259 zaldan azadl\u0131\u011fa burax\u0131l\u0131b.<\/p>\n\n\n\n<p><strong>\u201cBir m\u0259murun \u00f6vlad\u0131n\u0131n burnu qanam\u0131r\u201d<\/strong><\/p>\n\n\n\n<p>Hadis\u0259 2021-ci il mart\u0131n 22-d\u0259 ba\u015f verib. \u0130ddia olunur ki, 2001-ci il t\u0259v\u0259ll\u00fcdl\u00fc \u0130lkin Z\u00f6hrabov avtomatla \u00f6z\u00fcn\u00fc g\u00fcll\u0259l\u0259y\u0259r\u0259k intihar edib.<\/p>\n\n\n\n<p>Hadis\u0259d\u0259n sonra onun xidm\u0259t etdiyi h\u0259rbi hiss\u0259nin giziri M\u0259tl\u0259b Hac\u0131yev h\u0259bs olunub.<br>Lakin anas\u0131 S\u0259riyy\u0259 Z\u00f6hrabova Meydan TV-y\u0259 dan\u0131\u015f\u0131r ki, he\u00e7 onun \u00f6z\u00fc d\u0259 M\u0259tl\u0259b Hac\u0131yevi o\u011flunun \u00f6l\u00fcm\u00fcnd\u0259 g\u00fcnahkar saym\u0131r. Hesab edir ki, onu sakitl\u0259\u015fdirm\u0259k \u00fc\u00e7\u00fcn bu giziri \u201cqurban\u201d se\u00e7mi\u015fdil\u0259r:<\/p>\n\n\n\n<p><em>\u201cM\u0259tl\u0259b sad\u0259c\u0259, qurban idi ki, m\u0259nim g\u00f6z\u00fcmd\u0259n p\u0259rd\u0259 as\u0131ls\u0131n. M\u0259n kas\u0131b adamam, bu ne\u00e7\u0259 vaxtda Masall\u0131dan m\u0259hk\u0259m\u0259y\u0259 gedib-g\u0259ldim. Ba\u015fqa i\u015fl\u0259rd\u0259 adamlar\u0131n ba\u015f\u0131na oyun a\u00e7an hakim \u0130lqar Quliyev (onun ad\u0131 daha \u00e7ox T\u0259rt\u0259r hadis\u0259l\u0259rind\u0259 \u00e7\u0131xard\u0131\u011f\u0131 h\u00f6kml\u0259rd\u0259 g\u00fcnd\u0259md\u0259 olub-red.) eyni \u015f\u0259kild\u0259 m\u0259ni d\u0259 aldatd\u0131. H\u0259r d\u0259f\u0259 dan\u0131\u015fmaq ist\u0259y\u0259nd\u0259 dedi ki, ax\u0131r\u0131 g\u00f6zl\u0259, g\u00f6r\u0259c\u0259ks\u0259n ki, \u0259dal\u0259tli ara\u015fd\u0131r\u0131ld\u0131. Budur \u0259dal\u0259t? Guya o\u011flum \u00f6z\u00fc-\u00f6z\u00fcn\u00fc \u00f6ld\u00fcr\u00fcb. Evin\u0259 g\u0259lm\u0259yin\u0259 bir h\u0259ft\u0259 qalm\u0131\u015f \u0259sg\u0259r niy\u0259 \u00f6z\u00fcn\u00fc \u00f6ld\u00fcrm\u0259liydi? M\u0259n sa\u011flam u\u015fa\u011f\u0131m\u0131 g\u00f6nd\u0259rmi\u015f\u0259m, indi d\u0259 geri t\u0259l\u0259b el\u0259yir\u0259m. Versinl\u0259r m\u0259nim \u00f6vlad\u0131m\u0131\u201d.<\/em><\/p>\n\n\n\n<p><strong>\u018fsg\u0259rin \u00f6l\u00fcm\u00fcnd\u0259 ittiham olunan gizir b\u0259ra\u0259t al\u0131b<\/strong><\/p>\n\n\n\n<p>Gizir M\u0259tl\u0259b Hac\u0131yev tabeliyind\u0259 olan \u0259sg\u0259rl\u0259ri incitm\u0259kd\u0259, o c\u00fcml\u0259d\u0259n \u0130lkin Z\u00f6hrabovu da intihar h\u0259ddin\u0259 \u00e7atd\u0131rmaqda ittiham olunurdu. \u0130lkin Z\u00f6hrabovun \u00f6l\u00fcm\u00fcn\u0259 g\u00f6r\u0259 ona Cinay\u0259t M\u0259c\u0259ll\u0259sinin 125-ci (intihar h\u0259ddin\u0259 \u00e7atd\u0131rma) madd\u0259sil\u0259 ittiham verilib.<\/p>\n\n\n\n<p>T\u0259rt\u0259r H\u0259rbi M\u0259hk\u0259m\u0259si bel\u0259 n\u0259tic\u0259y\u0259 g\u0259lib ki, \u0259sg\u0259rin \u00f6l\u00fcm\u00fcnd\u0259 onun t\u0259qsiri yoxdur. Bu madd\u0259 il\u0259 ona b\u0259ra\u0259t verils\u0259 d\u0259, dig\u0259r \u0259sg\u0259rl\u0259r\u0259 qar\u015f\u0131 nizamnam\u0259d\u0259n k\u0259nar h\u0259r\u0259k\u0259tl\u0259r\u0259 g\u00f6r\u0259 M\u0259tl\u0259b Hac\u0131yev\u0259 2 il azadl\u0131qdan m\u0259hrumetm\u0259 c\u0259zas\u0131 t\u0259yin edilib. Bu m\u00fcdd\u0259ti d\u0259 art\u0131q \u00e7\u0259kib qurtard\u0131\u011f\u0131na g\u00f6r\u0259 o, m\u0259hk\u0259m\u0259 zal\u0131ndan azadl\u0131\u011fa burax\u0131l\u0131b.<\/p>\n\n\n\n<p><em>\u201c\u0130ttihamda yazm\u0131\u015fd\u0131lar ki, guya gizir u\u015fa\u011f\u0131m\u0131 incidib, o da \u00f6z\u00fcn\u00fc \u00f6ld\u00fcr\u00fcb. M\u0259tl\u0259b Hac\u0131yev m\u0259hk\u0259m\u0259d\u0259 dedi ki, bel\u0259 \u015fey olmay\u0131b. Ba\u015fqa s\u00fcbut da yox idi. \u018fn \u0259sas\u0131, i\u015fg\u0259nc\u0259 veril\u0259n adam\u0131n b\u0259d\u0259nind\u0259 i\u015fg\u0259nc\u0259nin izi olar. M\u0259nim u\u015fa\u011f\u0131m\u0131n b\u0259d\u0259ni g\u00fcl kimi idi. Ancaq g\u00fcll\u0259 yeri vard\u0131. G\u00fcll\u0259 d\u0259 k\u00fcr\u0259yind\u0259n girib. Adam \u00f6z\u00fcn\u00fc k\u00fcr\u0259yind\u0259n vurur? \u00d6z\u00fc d\u0259 o g\u00fcll\u0259 uzaq m\u0259saf\u0259d\u0259n at\u0131lm\u0131\u015f g\u00fcll\u0259 olub. Yax\u0131n m\u0259saf\u0259d\u0259n a\u00e7\u0131lm\u0131\u015f olsayd\u0131, sin\u0259sini da\u011f\u0131dard\u0131. M\u0259hk\u0259m\u0259 d\u0259 M\u0259tl\u0259b\u0259 b\u0259ra\u0259t verdi, dedi ki, o da incitm\u0259yib \u0130lkini. \u0130ndi bu suala cavab versinl\u0259r g\u00f6r\u00fcm, m\u0259nim u\u015fa\u011f\u0131m niy\u0259 \u00f6l\u00fcb?\u201d,<\/em> &#8211; S\u0259riyy\u0259 Z\u00f6hrabova bel\u0259 deyir.<\/p>\n\n\n\n<p><strong>\u201cO\u011flumun meyiti ne\u00e7\u0259 g\u00fcn qar\u0131n i\u00e7ind\u0259 qal\u0131b\u201d<\/strong><\/p>\n\n\n\n<p>Onun s\u00f6zl\u0259rin\u0259 g\u00f6r\u0259, hadis\u0259 K\u0259lb\u0259c\u0259r \u0259razisind\u0259 d\u0259niz s\u0259viyy\u0259sind\u0259n t\u0259xmin\u0259n 2700-2800 metr y\u00fcks\u0259klikd\u0259 ba\u015f verib. S\u0259riyy\u0259 Z\u00f6hrabova dan\u0131\u015f\u0131r ki, h\u0259min vaxt o\u011flu postda imi\u015f. Yax\u0131nl\u0131qda qurulmu\u015f \u00e7ad\u0131rda da h\u0259rb\u00e7i yolda\u015flar\u0131 olub:<\/p>\n\n\n\n<p><em>\u201cNec\u0259 olub ki, bu adam \u00f6z\u00fcn\u00fc vurub, amma \u00e7ad\u0131rdak\u0131lar silah s\u0259sini e\u015fitm\u0259yib? Onu silah \u00e7iynind\u0259 \u00f6l\u00fc tap\u0131blar. Silahda \u0259l izi yoxdur. Bar\u0131t izi t\u0259yin olunmay\u0131b. He\u00e7 bir d\u0259lil-s\u00fcbut yoxdur. M\u0259nim u\u015fa\u011f\u0131m\u0131n meyiti ne\u00e7\u0259 g\u00fcn orada qar\u0131n i\u00e7ind\u0259 qal\u0131b. Bir ne\u00e7\u0259 g\u00fcn sonra M\u0259tl\u0259b Hac\u0131yevgil tap\u0131b s\u00fcr\u00fcy\u0259-s\u00fcr\u00fcy\u0259 d\u00fc\u015f\u00fcr\u00fcbl\u0259r. H\u0259tta M\u0259tl\u0259b\u0259 deyilib ki, \u201cqoy qals\u0131n, \u00f6z\u00fcn d\u00fc\u015f a\u015fa\u011f\u0131\u201d. Qeyr\u0259ti g\u00f6t\u00fcrm\u0259yib, n\u0259 h\u00fcnd\u00fcrl\u00fcy\u00fcnd\u0259 qarda s\u00fcr\u00fcy\u0259-s\u00fcr\u00fcy\u0259 d\u00fc\u015f\u00fcr\u00fcbl\u0259r meyiti. M\u0259nd\u0259 videosu da var. 2020-ci ild\u0259 44 g\u00fcnl\u00fck m\u00fcharib\u0259d\u0259n 4 ay sonra &#8211; at\u0259\u015fk\u0259s d\u00f6vr\u00fcnd\u0259 olub bu hadis\u0259. O \u0259razid\u0259 yax\u0131nl\u0131qda erm\u0259nil\u0259r olub. M\u0259tl\u0259b Hac\u0131yev m\u0259hk\u0259m\u0259d\u0259 d\u0259 dedi ki, ola bilsin, k\u0259\u015ffiyyat vurub\u201d.<\/em><\/p>\n\n\n\n<p><strong>\u201cM\u0259n bu yolda \u00f6l\u0259c\u0259m, amma geri \u00e7\u0259kilm\u0259y\u0259c\u0259m\u201d<\/strong><\/p>\n\n\n\n<p>S\u0259riyy\u0259 Z\u00f6hrabova T\u0259rt\u0259r H\u0259rbi M\u0259hk\u0259m\u0259sinin h\u00f6km\u00fcnd\u0259n apelyasiya \u015fikay\u0259ti ver\u0259c\u0259yini deyir. Bu i\u015f\u0259 G\u0259nc\u0259 Apelyasiya M\u0259hk\u0259m\u0259sind\u0259 bax\u0131lacaq.<br>Ana dan\u0131\u015f\u0131r ki, maddi durumu a\u011f\u0131rd\u0131r, v\u0259kil tutmaq, bundan sonra Masall\u0131dan G\u0259nc\u0259y\u0259 m\u0259hk\u0259m\u0259y\u0259 gedib-g\u0259lm\u0259k onun \u00fc\u00e7\u00fcn \u00e7ox \u00e7\u0259tindir. Buna baxmayaraq, bu yoldan geri \u00e7\u0259kilm\u0259k niyy\u0259tind\u0259 deyil:<\/p>\n\n\n\n<p><em>\u201cBir Allah bilir ki, m\u0259n \u0130lkini n\u0259 z\u00fclml\u0259 b\u00f6y\u00fcd\u00fcb \u0259sg\u0259r yola salm\u0131\u015fd\u0131m. Bel\u0259 \u0259zabla b\u00f6y\u00fcy\u0259n u\u015fa\u011f\u0131n qan\u0131n\u0131 bat\u0131rma\u011f\u0131 insaflar\u0131, vicdanlar\u0131 nec\u0259 g\u00f6t\u00fcr\u00fcr? O u\u015fa\u011f\u0131n ayaqqab\u0131s\u0131 su burax\u0131rd\u0131 dey\u0259, ya\u011f\u0131\u015fda \u00fcst\u00fcnd\u0259n sellofan ke\u00e7irib g\u0259zirdi. M\u0259n bu yolda \u00f6l\u0259c\u0259m, amma geri \u00e7\u0259kilm\u0259y\u0259c\u0259m. M\u0259ni H\u0259rbi Prokurorluqda h\u0259d\u0259l\u0259yibl\u0259r d\u0259. H\u0259tta deyibl\u0259r d\u0259 ki, n\u0259 ist\u0259yirs\u0259ns\u0259, el\u0259y\u0259k. M\u0259n\u0259 laz\u0131m olan o\u011flumla ba\u011fl\u0131 \u0259dal\u0259tin yerini tapmas\u0131d\u0131r. Onun meyitini bayra\u011fa b\u00fck\u00fcb g\u0259tirmi\u015fdil\u0259r. \u015e\u0259hidl\u0259rin yan\u0131nda d\u0259fn el\u0259dil\u0259r. B\u0259s sonra n\u0259 oldu? Bunlar\u0131n n\u0259s\u0259 gizl\u0259tdikl\u0259ri bir \u015fey var, onun \u00fcz\u0259 \u00e7\u0131xmas\u0131n\u0131 ist\u0259mirl\u0259r. Laz\u0131m olsa, m\u0259zar\u0131 a\u00e7d\u0131racam, amma dayanmayacam\u201d.<\/em><\/p>\n\n\n\n<p>\u0130lkin Z\u00f6hrabov 2020-ci ild\u0259 44 g\u00fcnl\u00fck \u0130kinci Qaraba\u011f d\u00f6y\u00fc\u015fl\u0259rind\u0259 i\u015ftirak etdiyi \u00fc\u00e7\u00fcn \u201cK\u0259lb\u0259c\u0259rin azad olunmas\u0131na g\u00f6r\u0259\u201d medal\u0131yla t\u0259ltif olunub.<\/p>\n","protected":false},"excerpt":{"rendered":"<p>S\u0259riyy\u0259 Z\u00f6hrabova: \u201cEvin\u0259 g\u0259lm\u0259yin\u0259 bir h\u0259ft\u0259 qalm\u0131\u015f \u0259sg\u0259r niy\u0259 \u00f6z\u00fcn\u00fc &#8230; <\/p>\n<p class=\"read-more-container\"><a title=\"\u201cO u\u015fa\u011f\u0131 n\u0259 z\u00fclml\u0259 b\u00f6y\u00fcd\u00fcb \u0259sg\u0259r yola salm\u0131\u015fd\u0131m, qan\u0131n\u0131 nec\u0259 bat\u0131r\u0131rlar?\u201d\" class=\"read-more button\" href=\"https:\/\/www.meydan.tv\/az\/article\/o-usagi-ne-zulmle-boyudub-esger-yola-salmisdim-qanini-nece-batirirlar\/#more-286410\" aria-label=\"Read more about \u201cO u\u015fa\u011f\u0131 n\u0259 z\u00fclml\u0259 b\u00f6y\u00fcd\u00fcb \u0259sg\u0259r yola salm\u0131\u015fd\u0131m, qan\u0131n\u0131 nec\u0259 bat\u0131r\u0131rlar?\u201d\">Davam\u0131<\/a><\/p>\n","protected":false},"author":8,"featured_media":286407,"comment_status":"closed","ping_status":"closed","sticky":false,"template":"","format":"standard","meta":{"_acf_changed":false,"_sitemap_exclude":false,"_sitemap_priority":"","_sitemap_frequency":"","footnotes":""},"categories":[60,79,56],"tags":[],"class_list":["post-286410","post","type-post","status-publish","format-standard","has-post-thumbnail","hentry","category-bolge","category-featured","category-xeberler","infinite-scroll-item","generate-columns","tablet-grid-50","mobile-grid-100","grid-parent","grid-33","no-featured-image-padding"],"acf":[],"yoast_head":"<!-- This site is optimized with the Yoast SEO plugin v27.4 - https:\/\/yoast.com\/product\/yoast-seo-wordpress\/ -->\n<title>\u201cO u\u015fa\u011f\u0131 n\u0259 z\u00fclml\u0259 b\u00f6y\u00fcd\u00fcb \u0259sg\u0259r yola salm\u0131\u015fd\u0131m, qan\u0131n\u0131 nec\u0259 bat\u0131r\u0131rlar?\u201d - MEYDAN.TV<\/title>\n<meta name=\"robots\" content=\"index, follow, max-snippet:-1, max-image-preview:large, max-video-preview:-1\" \/>\n<link rel=\"canonical\" href=\"https:\/\/www.meydan.tv\/az\/article\/o-usagi-ne-zulmle-boyudub-esger-yola-salmisdim-qanini-nece-batirirlar\/\" \/>\n<meta property=\"og:locale\" content=\"az_AZ\" \/>\n<meta property=\"og:type\" content=\"article\" \/>\n<meta property=\"og:title\" content=\"\u201cO u\u015fa\u011f\u0131 n\u0259 z\u00fclml\u0259 b\u00f6y\u00fcd\u00fcb \u0259sg\u0259r yola salm\u0131\u015fd\u0131m, qan\u0131n\u0131 nec\u0259 bat\u0131r\u0131rlar?\u201d - MEYDAN.TV\" \/>\n<meta property=\"og:description\" content=\"S\u0259riyy\u0259 Z\u00f6hrabova: \u201cEvin\u0259 g\u0259lm\u0259yin\u0259 bir h\u0259ft\u0259 qalm\u0131\u015f \u0259sg\u0259r niy\u0259 \u00f6z\u00fcn\u00fc ... Davam\u0131\" \/>\n<meta property=\"og:url\" content=\"https:\/\/www.meydan.tv\/az\/article\/o-usagi-ne-zulmle-boyudub-esger-yola-salmisdim-qanini-nece-batirirlar\/\" \/>\n<meta property=\"og:site_name\" content=\"MEYDAN.TV\" \/>\n<meta property=\"article:published_time\" content=\"2023-09-29T12:22:32+00:00\" \/>\n<meta property=\"article:modified_time\" content=\"2023-09-29T12:22:35+00:00\" \/>\n<meta property=\"og:image\" content=\"https:\/\/www.meydan.tv\/wp-content\/uploads\/untitled-1500-x-1000-px-8-e1695989782532.jpg\" \/>\n\t<meta property=\"og:image:width\" content=\"1500\" \/>\n\t<meta property=\"og:image:height\" content=\"672\" \/>\n\t<meta property=\"og:image:type\" content=\"image\/jpeg\" \/>\n<meta name=\"author\" content=\"elli\" \/>\n<meta name=\"twitter:card\" content=\"summary_large_image\" \/>\n<meta name=\"twitter:creator\" content=\"@elli\" \/>\n<script type=\"application\/ld+json\" class=\"yoast-schema-graph\">{\"@context\":\"https:\\\/\\\/schema.org\",\"@graph\":[{\"@type\":\"Article\",\"@id\":\"https:\\\/\\\/www.meydan.tv\\\/az\\\/article\\\/o-usagi-ne-zulmle-boyudub-esger-yola-salmisdim-qanini-nece-batirirlar\\\/#article\",\"isPartOf\":{\"@id\":\"https:\\\/\\\/www.meydan.tv\\\/az\\\/article\\\/o-usagi-ne-zulmle-boyudub-esger-yola-salmisdim-qanini-nece-batirirlar\\\/\"},\"author\":{\"name\":\"elli\",\"@id\":\"https:\\\/\\\/www.meydan.tv\\\/az\\\/#\\\/schema\\\/person\\\/9cdbecf90d17180ce1dfbd95b08dcf47\"},\"headline\":\"\u201cO u\u015fa\u011f\u0131 n\u0259 z\u00fclml\u0259 b\u00f6y\u00fcd\u00fcb \u0259sg\u0259r yola salm\u0131\u015fd\u0131m, qan\u0131n\u0131 nec\u0259 bat\u0131r\u0131rlar?\u201d\",\"datePublished\":\"2023-09-29T12:22:32+00:00\",\"dateModified\":\"2023-09-29T12:22:35+00:00\",\"mainEntityOfPage\":{\"@id\":\"https:\\\/\\\/www.meydan.tv\\\/az\\\/article\\\/o-usagi-ne-zulmle-boyudub-esger-yola-salmisdim-qanini-nece-batirirlar\\\/\"},\"wordCount\":1237,\"publisher\":{\"@id\":\"https:\\\/\\\/www.meydan.tv\\\/az\\\/#organization\"},\"image\":{\"@id\":\"https:\\\/\\\/www.meydan.tv\\\/az\\\/article\\\/o-usagi-ne-zulmle-boyudub-esger-yola-salmisdim-qanini-nece-batirirlar\\\/#primaryimage\"},\"thumbnailUrl\":\"https:\\\/\\\/www.meydan.tv\\\/wp-content\\\/uploads\\\/untitled-1500-x-1000-px-8-e1695989782532.jpg\",\"articleSection\":[\"B\u00f6lg\u0259\",\"T\u00f6vsiy\u0259\",\"X\u0259b\u0259rl\u0259r\"],\"inLanguage\":\"az\"},{\"@type\":\"WebPage\",\"@id\":\"https:\\\/\\\/www.meydan.tv\\\/az\\\/article\\\/o-usagi-ne-zulmle-boyudub-esger-yola-salmisdim-qanini-nece-batirirlar\\\/\",\"url\":\"https:\\\/\\\/www.meydan.tv\\\/az\\\/article\\\/o-usagi-ne-zulmle-boyudub-esger-yola-salmisdim-qanini-nece-batirirlar\\\/\",\"name\":\"\u201cO u\u015fa\u011f\u0131 n\u0259 z\u00fclml\u0259 b\u00f6y\u00fcd\u00fcb \u0259sg\u0259r yola salm\u0131\u015fd\u0131m, qan\u0131n\u0131 nec\u0259 bat\u0131r\u0131rlar?\u201d - MEYDAN.TV\",\"isPartOf\":{\"@id\":\"https:\\\/\\\/www.meydan.tv\\\/az\\\/#website\"},\"primaryImageOfPage\":{\"@id\":\"https:\\\/\\\/www.meydan.tv\\\/az\\\/article\\\/o-usagi-ne-zulmle-boyudub-esger-yola-salmisdim-qanini-nece-batirirlar\\\/#primaryimage\"},\"image\":{\"@id\":\"https:\\\/\\\/www.meydan.tv\\\/az\\\/article\\\/o-usagi-ne-zulmle-boyudub-esger-yola-salmisdim-qanini-nece-batirirlar\\\/#primaryimage\"},\"thumbnailUrl\":\"https:\\\/\\\/www.meydan.tv\\\/wp-content\\\/uploads\\\/untitled-1500-x-1000-px-8-e1695989782532.jpg\",\"datePublished\":\"2023-09-29T12:22:32+00:00\",\"dateModified\":\"2023-09-29T12:22:35+00:00\",\"breadcrumb\":{\"@id\":\"https:\\\/\\\/www.meydan.tv\\\/az\\\/article\\\/o-usagi-ne-zulmle-boyudub-esger-yola-salmisdim-qanini-nece-batirirlar\\\/#breadcrumb\"},\"inLanguage\":\"az\",\"potentialAction\":[{\"@type\":\"ReadAction\",\"target\":[\"https:\\\/\\\/www.meydan.tv\\\/az\\\/article\\\/o-usagi-ne-zulmle-boyudub-esger-yola-salmisdim-qanini-nece-batirirlar\\\/\"]}]},{\"@type\":\"ImageObject\",\"inLanguage\":\"az\",\"@id\":\"https:\\\/\\\/www.meydan.tv\\\/az\\\/article\\\/o-usagi-ne-zulmle-boyudub-esger-yola-salmisdim-qanini-nece-batirirlar\\\/#primaryimage\",\"url\":\"https:\\\/\\\/www.meydan.tv\\\/wp-content\\\/uploads\\\/untitled-1500-x-1000-px-8-e1695989782532.jpg\",\"contentUrl\":\"https:\\\/\\\/www.meydan.tv\\\/wp-content\\\/uploads\\\/untitled-1500-x-1000-px-8-e1695989782532.jpg\",\"width\":1500,\"height\":672,\"caption\":\"Foto: Meydan TV\"},{\"@type\":\"BreadcrumbList\",\"@id\":\"https:\\\/\\\/www.meydan.tv\\\/az\\\/article\\\/o-usagi-ne-zulmle-boyudub-esger-yola-salmisdim-qanini-nece-batirirlar\\\/#breadcrumb\",\"itemListElement\":[{\"@type\":\"ListItem\",\"position\":1,\"name\":\"Ana s\u0259hif\u0259\",\"item\":\"https:\\\/\\\/www.meydan.tv\\\/az\\\/\"},{\"@type\":\"ListItem\",\"position\":2,\"name\":\"B\u00f6lg\u0259\",\"item\":\"https:\\\/\\\/www.meydan.tv\\\/az\\\/section\\\/bolge\\\/\"},{\"@type\":\"ListItem\",\"position\":3,\"name\":\"\u201cO u\u015fa\u011f\u0131 n\u0259 z\u00fclml\u0259 b\u00f6y\u00fcd\u00fcb \u0259sg\u0259r yola salm\u0131\u015fd\u0131m, qan\u0131n\u0131 nec\u0259 bat\u0131r\u0131rlar?\u201d\"}]},{\"@type\":\"WebSite\",\"@id\":\"https:\\\/\\\/www.meydan.tv\\\/az\\\/#website\",\"url\":\"https:\\\/\\\/www.meydan.tv\\\/az\\\/\",\"name\":\"MEYDAN.TV\",\"description\":\"Meydan TV Az\u0259rbaycan\u0131n media m\u0259kan\u0131ndak\u0131 alternativ s\u0259sidir\",\"publisher\":{\"@id\":\"https:\\\/\\\/www.meydan.tv\\\/az\\\/#organization\"},\"potentialAction\":[{\"@type\":\"SearchAction\",\"target\":{\"@type\":\"EntryPoint\",\"urlTemplate\":\"https:\\\/\\\/www.meydan.tv\\\/az\\\/?s={search_term_string}\"},\"query-input\":{\"@type\":\"PropertyValueSpecification\",\"valueRequired\":true,\"valueName\":\"search_term_string\"}}],\"inLanguage\":\"az\"},{\"@type\":\"Organization\",\"@id\":\"https:\\\/\\\/www.meydan.tv\\\/az\\\/#organization\",\"name\":\"Meydan TV\",\"url\":\"https:\\\/\\\/www.meydan.tv\\\/az\\\/\",\"logo\":{\"@type\":\"ImageObject\",\"inLanguage\":\"az\",\"@id\":\"https:\\\/\\\/www.meydan.tv\\\/az\\\/#\\\/schema\\\/logo\\\/image\\\/\",\"url\":\"https:\\\/\\\/www.meydan.tv\\\/wp-content\\\/uploads\\\/2021\\\/07\\\/meydan-logo.svg\",\"contentUrl\":\"https:\\\/\\\/www.meydan.tv\\\/wp-content\\\/uploads\\\/2021\\\/07\\\/meydan-logo.svg\",\"width\":195,\"height\":46,\"caption\":\"Meydan TV\"},\"image\":{\"@id\":\"https:\\\/\\\/www.meydan.tv\\\/az\\\/#\\\/schema\\\/logo\\\/image\\\/\"}},{\"@type\":\"Person\",\"@id\":\"https:\\\/\\\/www.meydan.tv\\\/az\\\/#\\\/schema\\\/person\\\/9cdbecf90d17180ce1dfbd95b08dcf47\",\"name\":\"elli\",\"sameAs\":[\"https:\\\/\\\/x.com\\\/elli\"]}]}<\/script>\n<!-- \/ Yoast SEO plugin. -->","yoast_head_json":{"title":"\u201cO u\u015fa\u011f\u0131 n\u0259 z\u00fclml\u0259 b\u00f6y\u00fcd\u00fcb \u0259sg\u0259r yola salm\u0131\u015fd\u0131m, qan\u0131n\u0131 nec\u0259 bat\u0131r\u0131rlar?\u201d - MEYDAN.TV","robots":{"index":"index","follow":"follow","max-snippet":"max-snippet:-1","max-image-preview":"max-image-preview:large","max-video-preview":"max-video-preview:-1"},"canonical":"https:\/\/www.meydan.tv\/az\/article\/o-usagi-ne-zulmle-boyudub-esger-yola-salmisdim-qanini-nece-batirirlar\/","og_locale":"az_AZ","og_type":"article","og_title":"\u201cO u\u015fa\u011f\u0131 n\u0259 z\u00fclml\u0259 b\u00f6y\u00fcd\u00fcb \u0259sg\u0259r yola salm\u0131\u015fd\u0131m, qan\u0131n\u0131 nec\u0259 bat\u0131r\u0131rlar?\u201d - MEYDAN.TV","og_description":"S\u0259riyy\u0259 Z\u00f6hrabova: \u201cEvin\u0259 g\u0259lm\u0259yin\u0259 bir h\u0259ft\u0259 qalm\u0131\u015f \u0259sg\u0259r niy\u0259 \u00f6z\u00fcn\u00fc ... Davam\u0131","og_url":"https:\/\/www.meydan.tv\/az\/article\/o-usagi-ne-zulmle-boyudub-esger-yola-salmisdim-qanini-nece-batirirlar\/","og_site_name":"MEYDAN.TV","article_published_time":"2023-09-29T12:22:32+00:00","article_modified_time":"2023-09-29T12:22:35+00:00","og_image":[{"width":1500,"height":672,"url":"https:\/\/www.meydan.tv\/wp-content\/uploads\/untitled-1500-x-1000-px-8-e1695989782532.jpg","type":"image\/jpeg"}],"author":"elli","twitter_card":"summary_large_image","twitter_creator":"@elli","schema":{"@context":"https:\/\/schema.org","@graph":[{"@type":"Article","@id":"https:\/\/www.meydan.tv\/az\/article\/o-usagi-ne-zulmle-boyudub-esger-yola-salmisdim-qanini-nece-batirirlar\/#article","isPartOf":{"@id":"https:\/\/www.meydan.tv\/az\/article\/o-usagi-ne-zulmle-boyudub-esger-yola-salmisdim-qanini-nece-batirirlar\/"},"author":{"name":"elli","@id":"https:\/\/www.meydan.tv\/az\/#\/schema\/person\/9cdbecf90d17180ce1dfbd95b08dcf47"},"headline":"\u201cO u\u015fa\u011f\u0131 n\u0259 z\u00fclml\u0259 b\u00f6y\u00fcd\u00fcb \u0259sg\u0259r yola salm\u0131\u015fd\u0131m, qan\u0131n\u0131 nec\u0259 bat\u0131r\u0131rlar?\u201d","datePublished":"2023-09-29T12:22:32+00:00","dateModified":"2023-09-29T12:22:35+00:00","mainEntityOfPage":{"@id":"https:\/\/www.meydan.tv\/az\/article\/o-usagi-ne-zulmle-boyudub-esger-yola-salmisdim-qanini-nece-batirirlar\/"},"wordCount":1237,"publisher":{"@id":"https:\/\/www.meydan.tv\/az\/#organization"},"image":{"@id":"https:\/\/www.meydan.tv\/az\/article\/o-usagi-ne-zulmle-boyudub-esger-yola-salmisdim-qanini-nece-batirirlar\/#primaryimage"},"thumbnailUrl":"https:\/\/www.meydan.tv\/wp-content\/uploads\/untitled-1500-x-1000-px-8-e1695989782532.jpg","articleSection":["B\u00f6lg\u0259","T\u00f6vsiy\u0259","X\u0259b\u0259rl\u0259r"],"inLanguage":"az"},{"@type":"WebPage","@id":"https:\/\/www.meydan.tv\/az\/article\/o-usagi-ne-zulmle-boyudub-esger-yola-salmisdim-qanini-nece-batirirlar\/","url":"https:\/\/www.meydan.tv\/az\/article\/o-usagi-ne-zulmle-boyudub-esger-yola-salmisdim-qanini-nece-batirirlar\/","name":"\u201cO u\u015fa\u011f\u0131 n\u0259 z\u00fclml\u0259 b\u00f6y\u00fcd\u00fcb \u0259sg\u0259r yola salm\u0131\u015fd\u0131m, qan\u0131n\u0131 nec\u0259 bat\u0131r\u0131rlar?\u201d - MEYDAN.TV","isPartOf":{"@id":"https:\/\/www.meydan.tv\/az\/#website"},"primaryImageOfPage":{"@id":"https:\/\/www.meydan.tv\/az\/article\/o-usagi-ne-zulmle-boyudub-esger-yola-salmisdim-qanini-nece-batirirlar\/#primaryimage"},"image":{"@id":"https:\/\/www.meydan.tv\/az\/article\/o-usagi-ne-zulmle-boyudub-esger-yola-salmisdim-qanini-nece-batirirlar\/#primaryimage"},"thumbnailUrl":"https:\/\/www.meydan.tv\/wp-content\/uploads\/untitled-1500-x-1000-px-8-e1695989782532.jpg","datePublished":"2023-09-29T12:22:32+00:00","dateModified":"2023-09-29T12:22:35+00:00","breadcrumb":{"@id":"https:\/\/www.meydan.tv\/az\/article\/o-usagi-ne-zulmle-boyudub-esger-yola-salmisdim-qanini-nece-batirirlar\/#breadcrumb"},"inLanguage":"az","potentialAction":[{"@type":"ReadAction","target":["https:\/\/www.meydan.tv\/az\/article\/o-usagi-ne-zulmle-boyudub-esger-yola-salmisdim-qanini-nece-batirirlar\/"]}]},{"@type":"ImageObject","inLanguage":"az","@id":"https:\/\/www.meydan.tv\/az\/article\/o-usagi-ne-zulmle-boyudub-esger-yola-salmisdim-qanini-nece-batirirlar\/#primaryimage","url":"https:\/\/www.meydan.tv\/wp-content\/uploads\/untitled-1500-x-1000-px-8-e1695989782532.jpg","contentUrl":"https:\/\/www.meydan.tv\/wp-content\/uploads\/untitled-1500-x-1000-px-8-e1695989782532.jpg","width":1500,"height":672,"caption":"Foto: Meydan TV"},{"@type":"BreadcrumbList","@id":"https:\/\/www.meydan.tv\/az\/article\/o-usagi-ne-zulmle-boyudub-esger-yola-salmisdim-qanini-nece-batirirlar\/#breadcrumb","itemListElement":[{"@type":"ListItem","position":1,"name":"Ana s\u0259hif\u0259","item":"https:\/\/www.meydan.tv\/az\/"},{"@type":"ListItem","position":2,"name":"B\u00f6lg\u0259","item":"https:\/\/www.meydan.tv\/az\/section\/bolge\/"},{"@type":"ListItem","position":3,"name":"\u201cO u\u015fa\u011f\u0131 n\u0259 z\u00fclml\u0259 b\u00f6y\u00fcd\u00fcb \u0259sg\u0259r yola salm\u0131\u015fd\u0131m, qan\u0131n\u0131 nec\u0259 bat\u0131r\u0131rlar?\u201d"}]},{"@type":"WebSite","@id":"https:\/\/www.meydan.tv\/az\/#website","url":"https:\/\/www.meydan.tv\/az\/","name":"MEYDAN.TV","description":"Meydan TV Az\u0259rbaycan\u0131n media m\u0259kan\u0131ndak\u0131 alternativ s\u0259sidir","publisher":{"@id":"https:\/\/www.meydan.tv\/az\/#organization"},"potentialAction":[{"@type":"SearchAction","target":{"@type":"EntryPoint","urlTemplate":"https:\/\/www.meydan.tv\/az\/?s={search_term_string}"},"query-input":{"@type":"PropertyValueSpecification","valueRequired":true,"valueName":"search_term_string"}}],"inLanguage":"az"},{"@type":"Organization","@id":"https:\/\/www.meydan.tv\/az\/#organization","name":"Meydan TV","url":"https:\/\/www.meydan.tv\/az\/","logo":{"@type":"ImageObject","inLanguage":"az","@id":"https:\/\/www.meydan.tv\/az\/#\/schema\/logo\/image\/","url":"https:\/\/www.meydan.tv\/wp-content\/uploads\/2021\/07\/meydan-logo.svg","contentUrl":"https:\/\/www.meydan.tv\/wp-content\/uploads\/2021\/07\/meydan-logo.svg","width":195,"height":46,"caption":"Meydan TV"},"image":{"@id":"https:\/\/www.meydan.tv\/az\/#\/schema\/logo\/image\/"}},{"@type":"Person","@id":"https:\/\/www.meydan.tv\/az\/#\/schema\/person\/9cdbecf90d17180ce1dfbd95b08dcf47","name":"elli","sameAs":["https:\/\/x.com\/elli"]}]}},"_links":{"self":[{"href":"https:\/\/www.meydan.tv\/az\/wp-json\/wp\/v2\/posts\/286410","targetHints":{"allow":["GET"]}}],"collection":[{"href":"https:\/\/www.meydan.tv\/az\/wp-json\/wp\/v2\/posts"}],"about":[{"href":"https:\/\/www.meydan.tv\/az\/wp-json\/wp\/v2\/types\/post"}],"author":[{"embeddable":true,"href":"https:\/\/www.meydan.tv\/az\/wp-json\/wp\/v2\/users\/8"}],"replies":[{"embeddable":true,"href":"https:\/\/www.meydan.tv\/az\/wp-json\/wp\/v2\/comments?post=286410"}],"version-history":[{"count":1,"href":"https:\/\/www.meydan.tv\/az\/wp-json\/wp\/v2\/posts\/286410\/revisions"}],"predecessor-version":[{"id":286411,"href":"https:\/\/www.meydan.tv\/az\/wp-json\/wp\/v2\/posts\/286410\/revisions\/286411"}],"wp:featuredmedia":[{"embeddable":true,"href":"https:\/\/www.meydan.tv\/az\/wp-json\/wp\/v2\/media\/286407"}],"wp:attachment":[{"href":"https:\/\/www.meydan.tv\/az\/wp-json\/wp\/v2\/media?parent=286410"}],"wp:term":[{"taxonomy":"category","embeddable":true,"href":"https:\/\/www.meydan.tv\/az\/wp-json\/wp\/v2\/categories?post=286410"},{"taxonomy":"post_tag","embeddable":true,"href":"https:\/\/www.meydan.tv\/az\/wp-json\/wp\/v2\/tags?post=286410"}],"curies":[{"name":"wp","href":"https:\/\/api.w.org\/{rel}","templated":true}]}}