{"id":286371,"date":"2023-09-29T14:47:38","date_gmt":"2023-09-29T10:47:38","guid":{"rendered":"https:\/\/www.meydan.tv\/?p=286371"},"modified":"2023-09-29T14:47:46","modified_gmt":"2023-09-29T10:47:46","slug":"muharibe-istirakcisi-nisan-uzuyumu-satdim-ki-kiraye-pulunu-odeyim","status":"publish","type":"post","link":"https:\/\/www.meydan.tv\/az\/article\/muharibe-istirakcisi-nisan-uzuyumu-satdim-ki-kiraye-pulunu-odeyim\/","title":{"rendered":"M\u00fcharib\u0259 i\u015ftirak\u00e7\u0131s\u0131: \u201cNi\u015fan \u00fcz\u00fcy\u00fcm\u00fc satd\u0131m ki, kiray\u0259 pulunu \u00f6d\u0259yim\u201d"},"content":{"rendered":"\n<p><\/p>\n\n\n\n<p><strong><em>Tural Xanki\u015fiyev: \u201cM\u0259n t\u0259s\u0259vv\u00fcr el\u0259mir\u0259m ki, g\u0259l\u0259c\u0259yim nec\u0259 olacaq, bu haqda d\u00fc\u015f\u00fcnm\u0259k olmur&#8230;\u201d<\/em><\/strong><\/p>\n\n\n\n<p>Qobustan sakini Tural Xanki\u015fiyev 2020-ci ild\u0259 44 g\u00fcnl\u00fck \u0130kinci Qaraba\u011f M\u00fcharib\u0259sinin i\u015ftirak\u00e7\u0131s\u0131 olub. Meydan TV-y\u0259 dan\u0131\u015f\u0131r ki, A\u011fd\u0259r\u0259 d\u00f6y\u00fc\u015fl\u0259rind\u0259 yaralan\u0131b. M\u00fcalic\u0259 alandan sonra da evin\u0259 yox, d\u00f6y\u00fc\u015f\u0259 qay\u0131d\u0131b.<\/p>\n\n\n\n<p>Haz\u0131rda s\u0259hh\u0259tind\u0259 ciddi probleml\u0259r var. \u00dcst\u0259lik, evsizlik, sosial qay\u011f\u0131lar da durumunu dig\u0259r t\u0259r\u0259fd\u0259n a\u011f\u0131rla\u015fd\u0131r\u0131r.<\/p>\n\n\n\n<p><strong>\u201cG\u00f6z\u00fcm\u00fc anam\u0131n maa\u015f\u0131na dikm\u0259k a\u011f\u0131r g\u0259lir\u201d<\/strong><\/p>\n\n\n\n<p>Tural Xanki\u015fiyev dan\u0131\u015fanda k\u0259k\u0259l\u0259yir. Fikrini fasil\u0259l\u0259rl\u0259, rabit\u0259siz ifad\u0259 edir. O, \u00e7\u0259tinlikl\u0259rl\u0259 ya\u015fad\u0131\u011f\u0131n\u0131 izah etm\u0259y\u0259 \u00e7al\u0131\u015f\u0131r:<br><\/p>\n\n\n\n<p><em>\u201cKimd\u0259ns\u0259 daha \u00e7ox \u0259ziyy\u0259t \u00e7\u0259kdiyimi dem\u0259k ist\u0259mir\u0259m. Ail\u0259ml\u0259 pis v\u0259ziyy\u0259td\u0259yik d\u0259&#8230; Evimiz yoxdur, kiray\u0259d\u0259 ya\u015fay\u0131r\u0131q. \u00c7\u0259tinlikl\u0259rim \u00e7ox olub. H\u0259tta yaralananda da yolda\u015flar\u0131m\u0131 t\u0259k qoymamaq, onlar\u0131n yan\u0131na qay\u0131tmaq haqda fikirl\u0259\u015firdim. \u0130ndi is\u0259 \u0259n adi qay\u011f\u0131lar\u0131n \u00f6hd\u0259sind\u0259n g\u0259l\u0259 bilmir\u0259m. Anamla, qarda\u015f\u0131mla ya\u015fay\u0131ram. N\u0259 m\u0259n i\u015f tapa bilir\u0259m, n\u0259 d\u0259 qarda\u015f\u0131m\u201d.<\/em><\/p>\n\n\n\n<p>M\u00fcharib\u0259 i\u015ftirak\u00e7\u0131s\u0131 deyir ki, Qobustan Rayon \u0130cra Hakimiyy\u0259ti ona torpaq sah\u0259si ay\u0131r\u0131b. <\/p>\n\n\n<div class=\"wp-block-image\">\n<figure class=\"aligncenter size-large\"><img decoding=\"async\" width=\"1095\" height=\"821\" data-src=\"https:\/\/www.meydan.tv\/wp-content\/uploads\/photo-2023-09-28-11-56-23-1-1095x821.jpg\" alt=\"\" class=\"wp-image-286365 lazyload\" src=\"data:image\/svg+xml;base64,PHN2ZyB3aWR0aD0iMSIgaGVpZ2h0PSIxIiB4bWxucz0iaHR0cDovL3d3dy53My5vcmcvMjAwMC9zdmciPjwvc3ZnPg==\" style=\"--smush-placeholder-width: 1095px; --smush-placeholder-aspect-ratio: 1095\/821;\" \/><\/figure>\n<\/div>\n\n\n<p>Amma ev tikm\u0259y\u0259 maddi imkan yoxdur.<\/p>\n\n\n\n<p><em>\u201cAnam xadim\u0259 i\u015fl\u0259yir. G\u00f6z\u00fcn\u00fc onun maa\u015f\u0131na dikm\u0259k adama a\u011f\u0131r g\u0259lir. Qarda\u015f\u0131mla i\u015f tapmaq \u00fc\u00e7\u00fcn \u00e7ox yer\u0259 \u00fcz tutmu\u015fuq. \u0130\u015f olanda g\u00fcn\u0259muzd i\u015fl\u0259mi\u015fik. T\u0259s\u0259vv\u00fcr edin ki, m\u0259n bu v\u0259ziyy\u0259td\u0259 f\u0259hl\u0259lik el\u0259mi\u015f\u0259m. M\u00fcharib\u0259 i\u015ftirak\u00e7\u0131s\u0131 kimi 80 manat m\u00fcavin\u0259t al\u0131ram. Nec\u0259 ya\u015fay\u0131m bu pulla?! \u018fslind\u0259, biz anam\u0131za baxmal\u0131y\u0131q. Amma \u00e7ox \u00e7ar\u0259siz v\u0259ziyy\u0259t\u0259 d\u00fc\u015fm\u00fc\u015f\u00fck\u201d, &#8211; <\/em>Tural Xanki\u015fiyevin s\u00f6zl\u0259ridir.<\/p>\n\n\n\n<p><strong>\u201c\u00c7ox pis hallara qal\u0131ram\u201d<\/strong><\/p>\n\n\n\n<p>27 ya\u015fl\u0131 Qobustan sakini g\u00fccl\u00fc a\u011fr\u0131lardan d\u00fcz-\u0259m\u0259lli yata bilm\u0259diyini deyir. Onun s\u00f6zl\u0259rin\u0259 g\u00f6r\u0259, pulsuzluqdan uzun m\u00fcdd\u0259tdir m\u00fcalic\u0259 oluna bilmir. Maddi s\u0131x\u0131nt\u0131lar o q\u0259d\u0259r \u00e7oxdur ki, indi buna \u0259sas m\u0259s\u0259l\u0259 kimi d\u0259 baxa bilm\u0259diyini d\u0259 x\u00fcsusi vur\u011fulay\u0131r:<\/p>\n\n\n\n<p><em>\u201cAyda 4-5 d\u0259f\u0259 tutmalar olur. \u00d6z\u00fcmd\u0259n gedir\u0259m. \u00c7ox pis hallara qal\u0131ram. \u00c7al\u0131\u015f\u0131ram, k\u00fc\u00e7\u0259d\u0259 t\u0259k g\u0259zm\u0259yim. He\u00e7 kimin g\u00f6rm\u0259diyi yerd\u0259 y\u0131x\u0131l\u0131b qala bil\u0259r\u0259m. \u00d6ls\u0259m, anam bu y\u00fck\u00fc qald\u0131ra bilm\u0259z. \u018fslind\u0259, ciddi m\u00fcalic\u0259y\u0259 ehtiyac\u0131m var. Amma indi o bar\u0259d\u0259 d\u00fc\u015f\u00fcn\u0259 bilmir\u0259m. Yegan\u0259 fikrim odur ki, ev m\u0259s\u0259l\u0259si h\u0259llini taps\u0131n\u201d.<\/em><\/p>\n\n\n\n<p><strong>\u201cKommunal x\u0259rcl\u0259ri g\u00fccl\u0259 \u00f6d\u0259yirik\u201d<\/strong><\/p>\n\n\n\n<p>Anas\u0131 M\u0259lah\u0259t Bax\u0131\u015fova da s\u00f6hb\u0259t\u0259 qo\u015fulur. \u00d6vladlar\u0131n\u0131n \u00e7ox \u0259ziyy\u0259t \u00e7\u0259kdiyini, \u00e7ar\u0259siz v\u0259ziyy\u0259td\u0259 olduqlar\u0131n\u0131 bildirir.<\/p>\n\n\n\n<p><em>\u201cU\u015faqlar\u0131n evl\u0259nm\u0259k vaxt\u0131 \u00e7at\u0131b. Amma he\u00e7 bir add\u0131m ata bilmirik. Bel\u0259 \u015f\u0259raitda ail\u0259 geni\u015fl\u0259n\u0259 bilm\u0259z. Evsizlik \u00e7ox mane olur\u201d.<\/em><\/p>\n\n\n<div class=\"wp-block-image\">\n<figure class=\"aligncenter size-large\"><img decoding=\"async\" width=\"1095\" height=\"821\" data-src=\"https:\/\/www.meydan.tv\/wp-content\/uploads\/photo-2023-09-28-11-56-23-1095x821.jpg\" alt=\"\" class=\"wp-image-286368 lazyload\" src=\"data:image\/svg+xml;base64,PHN2ZyB3aWR0aD0iMSIgaGVpZ2h0PSIxIiB4bWxucz0iaHR0cDovL3d3dy53My5vcmcvMjAwMC9zdmciPjwvc3ZnPg==\" style=\"--smush-placeholder-width: 1095px; --smush-placeholder-aspect-ratio: 1095\/821;\" \/><\/figure>\n<\/div>\n\n\n<p>Tural Xanki\u015fiyev \u0259lav\u0259 edir ki, evi olmadan h\u0259r q\u0131z onunla evl\u0259nm\u0259y\u0259 raz\u0131 olmaz. M\u00fcharib\u0259 i\u015ftirak\u00e7\u0131s\u0131 ail\u0259nin g\u0259lirl\u0259ril\u0259 yaln\u0131z \u0259rzaq alma\u011f\u0131n m\u00fcmk\u00fcn oldu\u011funu bildirir:<\/p>\n\n\n\n<p>\u201c<em>\u00c7ox \u00e7\u0259tinlikl\u0259 \u00fczl\u0259\u015firik. Kommunal x\u0259rcl\u0259ri g\u00fccl\u0259 \u00f6d\u0259yirik. S\u00f6zl\u0259 ifad\u0259 edil\u0259si deyil\u201d.<\/em><\/p>\n\n\n\n<p><strong>\u201cH\u0259l\u0259 d\u0259 kiray\u0259y\u0259 borcum var\u201d<\/strong><\/p>\n\n\n\n<p>Tural Xanki\u015fiyev yaln\u0131z 2023-c\u00fc ilin \u0259vv\u0259lind\u0259n 80 manat m\u00fcavin\u0259t alma\u011fa nail olub. Dediyin\u0259 g\u00f6r\u0259, bunun \u00fc\u00e7\u00fcn d\u0259 xeyli m\u00fcbariz\u0259 aparmaq laz\u0131m g\u0259lib. \u0130ki ild\u0259n \u00e7ox g\u00f6zl\u0259yib. Probleml\u0259rini \u00e7atd\u0131rmaq \u00fc\u00e7\u00fcn d\u0259f\u0259l\u0259rl\u0259 Bak\u0131ya &#8211; \u018fm\u0259k v\u0259 \u018fhalinin Sosial M\u00fcdafi\u0259si Nazirliyin\u0259 gedib-g\u0259lib. Gileyl\u0259nir ki, nazirlikd\u0259 d\u0259 ona bigan\u0259 yana\u015f\u0131blar. M\u0259sl\u0259h\u0259t g\u00f6r\u00fcbl\u0259r ki, d\u0259rdini yerli icra orqan\u0131na desin. <em>\u201cS\u0259nin problemin bizlik deyil\u201d <\/em>&#8211; ifad\u0259sini e\u015fidib.<\/p>\n\n\n\n<p>Tural Xanki\u015fiyev Qobustan Rayon \u0130cra Hakimiyy\u0259tind\u0259n \u015fikay\u0259tl\u0259nm\u0259k ist\u0259mir. Ona torpaq sah\u0259si ayr\u0131ld\u0131\u011f\u0131n\u0131 unutmur:<\/p>\n\n\n\n<p><em>\u201cM\u0259n t\u0259s\u0259vv\u00fcr el\u0259mir\u0259m ki, g\u0259l\u0259c\u0259yim nec\u0259 olacaq. Bu haqda d\u00fc\u015f\u00fcnm\u0259k olmur. T\u0259kc\u0259 onu fikirl\u0259\u015firs\u0259n ki, bu g\u00fcn\u00fcn y\u00fck\u00fcn\u00fc nec\u0259 \u00e7\u0259kim? H\u0259r \u015fey \u00e7ox \u00e7\u0259tin g\u00f6r\u00fcn\u00fcr. H\u0259yat\u0131 davam etdirm\u0259k \u00fc\u00e7\u00fcn, he\u00e7 olmasa, ev olmal\u0131d\u0131r. Kiray\u0259 pulunu \u00f6d\u0259y\u0259 bilmirik. Bel\u0259 davam ed\u0259 bilm\u0259z\u201d.<\/em><\/p>\n\n\n<div class=\"wp-block-image\">\n<figure class=\"aligncenter size-large\"><img decoding=\"async\" width=\"1095\" height=\"821\" data-src=\"https:\/\/www.meydan.tv\/wp-content\/uploads\/photo-2023-09-28-11-56-22-1095x821.jpg\" alt=\"\" class=\"wp-image-286362 lazyload\" src=\"data:image\/svg+xml;base64,PHN2ZyB3aWR0aD0iMSIgaGVpZ2h0PSIxIiB4bWxucz0iaHR0cDovL3d3dy53My5vcmcvMjAwMC9zdmciPjwvc3ZnPg==\" style=\"--smush-placeholder-width: 1095px; --smush-placeholder-aspect-ratio: 1095\/821;\" \/><\/figure>\n<\/div>\n\n\n<p>M\u00fcharib\u0259 i\u015ftirak\u00e7\u0131s\u0131 kiray\u0259 pulunu \u00f6d\u0259y\u0259 bilm\u0259dikl\u0259rini dil\u0259 g\u0259tirir. Ev sahibi uzun m\u00fcdd\u0259t d\u00f6z\u00fcml\u00fc yana\u015f\u0131b. H\u0259rd\u0259n pulunu t\u0259l\u0259b etm\u0259li olur.<\/p>\n\n\n\n<p><em>\u201cNi\u015fan \u00fcz\u00fcy\u00fcm\u00fc satd\u0131m ki, kiray\u0259 pulunu \u00f6d\u0259yim. Evin sahibi oktyabr\u0131n sonuna q\u0259d\u0259r vaxt vermi\u015fdi. H\u0259l\u0259 d\u0259 300 manat borclu qalm\u0131\u015fam\u201d,<\/em> &#8211; m\u00fcharib\u0259 i\u015ftirak\u00e7\u0131s\u0131 \u0259lav\u0259 edib.<\/p>\n\n\n\n<p><strong>\u0130cra hakimiyy\u0259ti n\u0259 deyir?<\/strong><\/p>\n\n\n\n<p>Qobustan Rayon \u0130cra Hakimiyy\u0259tind\u0259n Meydan TV-y\u0259 bildiribl\u0259r ki, indiy\u0259 q\u0259d\u0259r Tural Xanki\u015fiyev\u0259 m\u00fcmk\u00fcn q\u0259d\u0259r diqq\u0259t g\u00f6st\u0259rm\u0259y\u0259 \u00e7al\u0131\u015f\u0131blar:<\/p>\n\n\n\n<p><em>\u201cOna bir ne\u00e7\u0259 yerd\u0259n torpaq sah\u0259si t\u0259klif olunub. H\u0259tta b\u0259y\u0259nm\u0259diyi yer d\u0259yi\u015fdirilib. Bundan sonra da diqq\u0259timizd\u0259 olacaq\u201d.<\/em><\/p>\n","protected":false},"excerpt":{"rendered":"<p>Tural Xanki\u015fiyev: \u201cM\u0259n t\u0259s\u0259vv\u00fcr el\u0259mir\u0259m ki, g\u0259l\u0259c\u0259yim nec\u0259 olacaq, bu &#8230; <\/p>\n<p class=\"read-more-container\"><a title=\"M\u00fcharib\u0259 i\u015ftirak\u00e7\u0131s\u0131: \u201cNi\u015fan \u00fcz\u00fcy\u00fcm\u00fc satd\u0131m ki, kiray\u0259 pulunu \u00f6d\u0259yim\u201d\" class=\"read-more button\" href=\"https:\/\/www.meydan.tv\/az\/article\/muharibe-istirakcisi-nisan-uzuyumu-satdim-ki-kiraye-pulunu-odeyim\/#more-286371\" aria-label=\"Read more about M\u00fcharib\u0259 i\u015ftirak\u00e7\u0131s\u0131: \u201cNi\u015fan \u00fcz\u00fcy\u00fcm\u00fc satd\u0131m ki, kiray\u0259 pulunu \u00f6d\u0259yim\u201d\">Davam\u0131<\/a><\/p>\n","protected":false},"author":8,"featured_media":286359,"comment_status":"closed","ping_status":"closed","sticky":false,"template":"","format":"standard","meta":{"_acf_changed":false,"_sitemap_exclude":false,"_sitemap_priority":"","_sitemap_frequency":"","footnotes":""},"categories":[60,56],"tags":[],"class_list":["post-286371","post","type-post","status-publish","format-standard","has-post-thumbnail","hentry","category-bolge","category-xeberler","infinite-scroll-item","generate-columns","tablet-grid-50","mobile-grid-100","grid-parent","grid-33","no-featured-image-padding"],"acf":[],"yoast_head":"<!-- This site is optimized with the Yoast SEO plugin v27.4 - https:\/\/yoast.com\/product\/yoast-seo-wordpress\/ -->\n<title>M\u00fcharib\u0259 i\u015ftirak\u00e7\u0131s\u0131: \u201cNi\u015fan \u00fcz\u00fcy\u00fcm\u00fc satd\u0131m ki, kiray\u0259 pulunu \u00f6d\u0259yim\u201d - MEYDAN.TV<\/title>\n<meta name=\"robots\" content=\"index, follow, max-snippet:-1, max-image-preview:large, max-video-preview:-1\" \/>\n<link rel=\"canonical\" href=\"https:\/\/www.meydan.tv\/az\/article\/muharibe-istirakcisi-nisan-uzuyumu-satdim-ki-kiraye-pulunu-odeyim\/\" \/>\n<meta property=\"og:locale\" content=\"az_AZ\" \/>\n<meta property=\"og:type\" content=\"article\" \/>\n<meta property=\"og:title\" content=\"M\u00fcharib\u0259 i\u015ftirak\u00e7\u0131s\u0131: \u201cNi\u015fan \u00fcz\u00fcy\u00fcm\u00fc satd\u0131m ki, kiray\u0259 pulunu \u00f6d\u0259yim\u201d - MEYDAN.TV\" \/>\n<meta property=\"og:description\" content=\"Tural Xanki\u015fiyev: \u201cM\u0259n t\u0259s\u0259vv\u00fcr el\u0259mir\u0259m ki, g\u0259l\u0259c\u0259yim nec\u0259 olacaq, bu ... Davam\u0131\" \/>\n<meta property=\"og:url\" content=\"https:\/\/www.meydan.tv\/az\/article\/muharibe-istirakcisi-nisan-uzuyumu-satdim-ki-kiraye-pulunu-odeyim\/\" \/>\n<meta property=\"og:site_name\" content=\"MEYDAN.TV\" \/>\n<meta property=\"article:published_time\" content=\"2023-09-29T10:47:38+00:00\" \/>\n<meta property=\"article:modified_time\" content=\"2023-09-29T10:47:46+00:00\" \/>\n<meta property=\"og:image\" content=\"https:\/\/www.meydan.tv\/wp-content\/uploads\/photo-2023-09-28-11-56-19.jpg\" \/>\n\t<meta property=\"og:image:width\" content=\"1200\" \/>\n\t<meta property=\"og:image:height\" content=\"900\" \/>\n\t<meta property=\"og:image:type\" content=\"image\/jpeg\" \/>\n<meta name=\"author\" content=\"elli\" \/>\n<meta name=\"twitter:card\" content=\"summary_large_image\" \/>\n<meta name=\"twitter:creator\" content=\"@elli\" \/>\n<script type=\"application\/ld+json\" class=\"yoast-schema-graph\">{\"@context\":\"https:\\\/\\\/schema.org\",\"@graph\":[{\"@type\":\"Article\",\"@id\":\"https:\\\/\\\/www.meydan.tv\\\/az\\\/article\\\/muharibe-istirakcisi-nisan-uzuyumu-satdim-ki-kiraye-pulunu-odeyim\\\/#article\",\"isPartOf\":{\"@id\":\"https:\\\/\\\/www.meydan.tv\\\/az\\\/article\\\/muharibe-istirakcisi-nisan-uzuyumu-satdim-ki-kiraye-pulunu-odeyim\\\/\"},\"author\":{\"name\":\"elli\",\"@id\":\"https:\\\/\\\/www.meydan.tv\\\/az\\\/#\\\/schema\\\/person\\\/9cdbecf90d17180ce1dfbd95b08dcf47\"},\"headline\":\"M\u00fcharib\u0259 i\u015ftirak\u00e7\u0131s\u0131: \u201cNi\u015fan \u00fcz\u00fcy\u00fcm\u00fc satd\u0131m ki, kiray\u0259 pulunu \u00f6d\u0259yim\u201d\",\"datePublished\":\"2023-09-29T10:47:38+00:00\",\"dateModified\":\"2023-09-29T10:47:46+00:00\",\"mainEntityOfPage\":{\"@id\":\"https:\\\/\\\/www.meydan.tv\\\/az\\\/article\\\/muharibe-istirakcisi-nisan-uzuyumu-satdim-ki-kiraye-pulunu-odeyim\\\/\"},\"wordCount\":958,\"publisher\":{\"@id\":\"https:\\\/\\\/www.meydan.tv\\\/az\\\/#organization\"},\"image\":{\"@id\":\"https:\\\/\\\/www.meydan.tv\\\/az\\\/article\\\/muharibe-istirakcisi-nisan-uzuyumu-satdim-ki-kiraye-pulunu-odeyim\\\/#primaryimage\"},\"thumbnailUrl\":\"https:\\\/\\\/www.meydan.tv\\\/wp-content\\\/uploads\\\/photo-2023-09-28-11-56-19.jpg\",\"articleSection\":[\"B\u00f6lg\u0259\",\"X\u0259b\u0259rl\u0259r\"],\"inLanguage\":\"az\"},{\"@type\":\"WebPage\",\"@id\":\"https:\\\/\\\/www.meydan.tv\\\/az\\\/article\\\/muharibe-istirakcisi-nisan-uzuyumu-satdim-ki-kiraye-pulunu-odeyim\\\/\",\"url\":\"https:\\\/\\\/www.meydan.tv\\\/az\\\/article\\\/muharibe-istirakcisi-nisan-uzuyumu-satdim-ki-kiraye-pulunu-odeyim\\\/\",\"name\":\"M\u00fcharib\u0259 i\u015ftirak\u00e7\u0131s\u0131: \u201cNi\u015fan \u00fcz\u00fcy\u00fcm\u00fc satd\u0131m ki, kiray\u0259 pulunu \u00f6d\u0259yim\u201d - MEYDAN.TV\",\"isPartOf\":{\"@id\":\"https:\\\/\\\/www.meydan.tv\\\/az\\\/#website\"},\"primaryImageOfPage\":{\"@id\":\"https:\\\/\\\/www.meydan.tv\\\/az\\\/article\\\/muharibe-istirakcisi-nisan-uzuyumu-satdim-ki-kiraye-pulunu-odeyim\\\/#primaryimage\"},\"image\":{\"@id\":\"https:\\\/\\\/www.meydan.tv\\\/az\\\/article\\\/muharibe-istirakcisi-nisan-uzuyumu-satdim-ki-kiraye-pulunu-odeyim\\\/#primaryimage\"},\"thumbnailUrl\":\"https:\\\/\\\/www.meydan.tv\\\/wp-content\\\/uploads\\\/photo-2023-09-28-11-56-19.jpg\",\"datePublished\":\"2023-09-29T10:47:38+00:00\",\"dateModified\":\"2023-09-29T10:47:46+00:00\",\"breadcrumb\":{\"@id\":\"https:\\\/\\\/www.meydan.tv\\\/az\\\/article\\\/muharibe-istirakcisi-nisan-uzuyumu-satdim-ki-kiraye-pulunu-odeyim\\\/#breadcrumb\"},\"inLanguage\":\"az\",\"potentialAction\":[{\"@type\":\"ReadAction\",\"target\":[\"https:\\\/\\\/www.meydan.tv\\\/az\\\/article\\\/muharibe-istirakcisi-nisan-uzuyumu-satdim-ki-kiraye-pulunu-odeyim\\\/\"]}]},{\"@type\":\"ImageObject\",\"inLanguage\":\"az\",\"@id\":\"https:\\\/\\\/www.meydan.tv\\\/az\\\/article\\\/muharibe-istirakcisi-nisan-uzuyumu-satdim-ki-kiraye-pulunu-odeyim\\\/#primaryimage\",\"url\":\"https:\\\/\\\/www.meydan.tv\\\/wp-content\\\/uploads\\\/photo-2023-09-28-11-56-19.jpg\",\"contentUrl\":\"https:\\\/\\\/www.meydan.tv\\\/wp-content\\\/uploads\\\/photo-2023-09-28-11-56-19.jpg\",\"width\":1200,\"height\":900,\"caption\":\"Fotolar: Meydan TV\"},{\"@type\":\"BreadcrumbList\",\"@id\":\"https:\\\/\\\/www.meydan.tv\\\/az\\\/article\\\/muharibe-istirakcisi-nisan-uzuyumu-satdim-ki-kiraye-pulunu-odeyim\\\/#breadcrumb\",\"itemListElement\":[{\"@type\":\"ListItem\",\"position\":1,\"name\":\"Ana s\u0259hif\u0259\",\"item\":\"https:\\\/\\\/www.meydan.tv\\\/az\\\/\"},{\"@type\":\"ListItem\",\"position\":2,\"name\":\"B\u00f6lg\u0259\",\"item\":\"https:\\\/\\\/www.meydan.tv\\\/az\\\/section\\\/bolge\\\/\"},{\"@type\":\"ListItem\",\"position\":3,\"name\":\"M\u00fcharib\u0259 i\u015ftirak\u00e7\u0131s\u0131: \u201cNi\u015fan \u00fcz\u00fcy\u00fcm\u00fc satd\u0131m ki, kiray\u0259 pulunu \u00f6d\u0259yim\u201d\"}]},{\"@type\":\"WebSite\",\"@id\":\"https:\\\/\\\/www.meydan.tv\\\/az\\\/#website\",\"url\":\"https:\\\/\\\/www.meydan.tv\\\/az\\\/\",\"name\":\"MEYDAN.TV\",\"description\":\"Meydan TV Az\u0259rbaycan\u0131n media m\u0259kan\u0131ndak\u0131 alternativ s\u0259sidir\",\"publisher\":{\"@id\":\"https:\\\/\\\/www.meydan.tv\\\/az\\\/#organization\"},\"potentialAction\":[{\"@type\":\"SearchAction\",\"target\":{\"@type\":\"EntryPoint\",\"urlTemplate\":\"https:\\\/\\\/www.meydan.tv\\\/az\\\/?s={search_term_string}\"},\"query-input\":{\"@type\":\"PropertyValueSpecification\",\"valueRequired\":true,\"valueName\":\"search_term_string\"}}],\"inLanguage\":\"az\"},{\"@type\":\"Organization\",\"@id\":\"https:\\\/\\\/www.meydan.tv\\\/az\\\/#organization\",\"name\":\"Meydan TV\",\"url\":\"https:\\\/\\\/www.meydan.tv\\\/az\\\/\",\"logo\":{\"@type\":\"ImageObject\",\"inLanguage\":\"az\",\"@id\":\"https:\\\/\\\/www.meydan.tv\\\/az\\\/#\\\/schema\\\/logo\\\/image\\\/\",\"url\":\"https:\\\/\\\/www.meydan.tv\\\/wp-content\\\/uploads\\\/2021\\\/07\\\/meydan-logo.svg\",\"contentUrl\":\"https:\\\/\\\/www.meydan.tv\\\/wp-content\\\/uploads\\\/2021\\\/07\\\/meydan-logo.svg\",\"width\":195,\"height\":46,\"caption\":\"Meydan TV\"},\"image\":{\"@id\":\"https:\\\/\\\/www.meydan.tv\\\/az\\\/#\\\/schema\\\/logo\\\/image\\\/\"}},{\"@type\":\"Person\",\"@id\":\"https:\\\/\\\/www.meydan.tv\\\/az\\\/#\\\/schema\\\/person\\\/9cdbecf90d17180ce1dfbd95b08dcf47\",\"name\":\"elli\",\"sameAs\":[\"https:\\\/\\\/x.com\\\/elli\"]}]}<\/script>\n<!-- \/ Yoast SEO plugin. -->","yoast_head_json":{"title":"M\u00fcharib\u0259 i\u015ftirak\u00e7\u0131s\u0131: \u201cNi\u015fan \u00fcz\u00fcy\u00fcm\u00fc satd\u0131m ki, kiray\u0259 pulunu \u00f6d\u0259yim\u201d - MEYDAN.TV","robots":{"index":"index","follow":"follow","max-snippet":"max-snippet:-1","max-image-preview":"max-image-preview:large","max-video-preview":"max-video-preview:-1"},"canonical":"https:\/\/www.meydan.tv\/az\/article\/muharibe-istirakcisi-nisan-uzuyumu-satdim-ki-kiraye-pulunu-odeyim\/","og_locale":"az_AZ","og_type":"article","og_title":"M\u00fcharib\u0259 i\u015ftirak\u00e7\u0131s\u0131: \u201cNi\u015fan \u00fcz\u00fcy\u00fcm\u00fc satd\u0131m ki, kiray\u0259 pulunu \u00f6d\u0259yim\u201d - MEYDAN.TV","og_description":"Tural Xanki\u015fiyev: \u201cM\u0259n t\u0259s\u0259vv\u00fcr el\u0259mir\u0259m ki, g\u0259l\u0259c\u0259yim nec\u0259 olacaq, bu ... Davam\u0131","og_url":"https:\/\/www.meydan.tv\/az\/article\/muharibe-istirakcisi-nisan-uzuyumu-satdim-ki-kiraye-pulunu-odeyim\/","og_site_name":"MEYDAN.TV","article_published_time":"2023-09-29T10:47:38+00:00","article_modified_time":"2023-09-29T10:47:46+00:00","og_image":[{"width":1200,"height":900,"url":"https:\/\/www.meydan.tv\/wp-content\/uploads\/photo-2023-09-28-11-56-19.jpg","type":"image\/jpeg"}],"author":"elli","twitter_card":"summary_large_image","twitter_creator":"@elli","schema":{"@context":"https:\/\/schema.org","@graph":[{"@type":"Article","@id":"https:\/\/www.meydan.tv\/az\/article\/muharibe-istirakcisi-nisan-uzuyumu-satdim-ki-kiraye-pulunu-odeyim\/#article","isPartOf":{"@id":"https:\/\/www.meydan.tv\/az\/article\/muharibe-istirakcisi-nisan-uzuyumu-satdim-ki-kiraye-pulunu-odeyim\/"},"author":{"name":"elli","@id":"https:\/\/www.meydan.tv\/az\/#\/schema\/person\/9cdbecf90d17180ce1dfbd95b08dcf47"},"headline":"M\u00fcharib\u0259 i\u015ftirak\u00e7\u0131s\u0131: \u201cNi\u015fan \u00fcz\u00fcy\u00fcm\u00fc satd\u0131m ki, kiray\u0259 pulunu \u00f6d\u0259yim\u201d","datePublished":"2023-09-29T10:47:38+00:00","dateModified":"2023-09-29T10:47:46+00:00","mainEntityOfPage":{"@id":"https:\/\/www.meydan.tv\/az\/article\/muharibe-istirakcisi-nisan-uzuyumu-satdim-ki-kiraye-pulunu-odeyim\/"},"wordCount":958,"publisher":{"@id":"https:\/\/www.meydan.tv\/az\/#organization"},"image":{"@id":"https:\/\/www.meydan.tv\/az\/article\/muharibe-istirakcisi-nisan-uzuyumu-satdim-ki-kiraye-pulunu-odeyim\/#primaryimage"},"thumbnailUrl":"https:\/\/www.meydan.tv\/wp-content\/uploads\/photo-2023-09-28-11-56-19.jpg","articleSection":["B\u00f6lg\u0259","X\u0259b\u0259rl\u0259r"],"inLanguage":"az"},{"@type":"WebPage","@id":"https:\/\/www.meydan.tv\/az\/article\/muharibe-istirakcisi-nisan-uzuyumu-satdim-ki-kiraye-pulunu-odeyim\/","url":"https:\/\/www.meydan.tv\/az\/article\/muharibe-istirakcisi-nisan-uzuyumu-satdim-ki-kiraye-pulunu-odeyim\/","name":"M\u00fcharib\u0259 i\u015ftirak\u00e7\u0131s\u0131: \u201cNi\u015fan \u00fcz\u00fcy\u00fcm\u00fc satd\u0131m ki, kiray\u0259 pulunu \u00f6d\u0259yim\u201d - MEYDAN.TV","isPartOf":{"@id":"https:\/\/www.meydan.tv\/az\/#website"},"primaryImageOfPage":{"@id":"https:\/\/www.meydan.tv\/az\/article\/muharibe-istirakcisi-nisan-uzuyumu-satdim-ki-kiraye-pulunu-odeyim\/#primaryimage"},"image":{"@id":"https:\/\/www.meydan.tv\/az\/article\/muharibe-istirakcisi-nisan-uzuyumu-satdim-ki-kiraye-pulunu-odeyim\/#primaryimage"},"thumbnailUrl":"https:\/\/www.meydan.tv\/wp-content\/uploads\/photo-2023-09-28-11-56-19.jpg","datePublished":"2023-09-29T10:47:38+00:00","dateModified":"2023-09-29T10:47:46+00:00","breadcrumb":{"@id":"https:\/\/www.meydan.tv\/az\/article\/muharibe-istirakcisi-nisan-uzuyumu-satdim-ki-kiraye-pulunu-odeyim\/#breadcrumb"},"inLanguage":"az","potentialAction":[{"@type":"ReadAction","target":["https:\/\/www.meydan.tv\/az\/article\/muharibe-istirakcisi-nisan-uzuyumu-satdim-ki-kiraye-pulunu-odeyim\/"]}]},{"@type":"ImageObject","inLanguage":"az","@id":"https:\/\/www.meydan.tv\/az\/article\/muharibe-istirakcisi-nisan-uzuyumu-satdim-ki-kiraye-pulunu-odeyim\/#primaryimage","url":"https:\/\/www.meydan.tv\/wp-content\/uploads\/photo-2023-09-28-11-56-19.jpg","contentUrl":"https:\/\/www.meydan.tv\/wp-content\/uploads\/photo-2023-09-28-11-56-19.jpg","width":1200,"height":900,"caption":"Fotolar: Meydan TV"},{"@type":"BreadcrumbList","@id":"https:\/\/www.meydan.tv\/az\/article\/muharibe-istirakcisi-nisan-uzuyumu-satdim-ki-kiraye-pulunu-odeyim\/#breadcrumb","itemListElement":[{"@type":"ListItem","position":1,"name":"Ana s\u0259hif\u0259","item":"https:\/\/www.meydan.tv\/az\/"},{"@type":"ListItem","position":2,"name":"B\u00f6lg\u0259","item":"https:\/\/www.meydan.tv\/az\/section\/bolge\/"},{"@type":"ListItem","position":3,"name":"M\u00fcharib\u0259 i\u015ftirak\u00e7\u0131s\u0131: \u201cNi\u015fan \u00fcz\u00fcy\u00fcm\u00fc satd\u0131m ki, kiray\u0259 pulunu \u00f6d\u0259yim\u201d"}]},{"@type":"WebSite","@id":"https:\/\/www.meydan.tv\/az\/#website","url":"https:\/\/www.meydan.tv\/az\/","name":"MEYDAN.TV","description":"Meydan TV Az\u0259rbaycan\u0131n media m\u0259kan\u0131ndak\u0131 alternativ s\u0259sidir","publisher":{"@id":"https:\/\/www.meydan.tv\/az\/#organization"},"potentialAction":[{"@type":"SearchAction","target":{"@type":"EntryPoint","urlTemplate":"https:\/\/www.meydan.tv\/az\/?s={search_term_string}"},"query-input":{"@type":"PropertyValueSpecification","valueRequired":true,"valueName":"search_term_string"}}],"inLanguage":"az"},{"@type":"Organization","@id":"https:\/\/www.meydan.tv\/az\/#organization","name":"Meydan TV","url":"https:\/\/www.meydan.tv\/az\/","logo":{"@type":"ImageObject","inLanguage":"az","@id":"https:\/\/www.meydan.tv\/az\/#\/schema\/logo\/image\/","url":"https:\/\/www.meydan.tv\/wp-content\/uploads\/2021\/07\/meydan-logo.svg","contentUrl":"https:\/\/www.meydan.tv\/wp-content\/uploads\/2021\/07\/meydan-logo.svg","width":195,"height":46,"caption":"Meydan TV"},"image":{"@id":"https:\/\/www.meydan.tv\/az\/#\/schema\/logo\/image\/"}},{"@type":"Person","@id":"https:\/\/www.meydan.tv\/az\/#\/schema\/person\/9cdbecf90d17180ce1dfbd95b08dcf47","name":"elli","sameAs":["https:\/\/x.com\/elli"]}]}},"_links":{"self":[{"href":"https:\/\/www.meydan.tv\/az\/wp-json\/wp\/v2\/posts\/286371","targetHints":{"allow":["GET"]}}],"collection":[{"href":"https:\/\/www.meydan.tv\/az\/wp-json\/wp\/v2\/posts"}],"about":[{"href":"https:\/\/www.meydan.tv\/az\/wp-json\/wp\/v2\/types\/post"}],"author":[{"embeddable":true,"href":"https:\/\/www.meydan.tv\/az\/wp-json\/wp\/v2\/users\/8"}],"replies":[{"embeddable":true,"href":"https:\/\/www.meydan.tv\/az\/wp-json\/wp\/v2\/comments?post=286371"}],"version-history":[{"count":3,"href":"https:\/\/www.meydan.tv\/az\/wp-json\/wp\/v2\/posts\/286371\/revisions"}],"predecessor-version":[{"id":286374,"href":"https:\/\/www.meydan.tv\/az\/wp-json\/wp\/v2\/posts\/286371\/revisions\/286374"}],"wp:featuredmedia":[{"embeddable":true,"href":"https:\/\/www.meydan.tv\/az\/wp-json\/wp\/v2\/media\/286359"}],"wp:attachment":[{"href":"https:\/\/www.meydan.tv\/az\/wp-json\/wp\/v2\/media?parent=286371"}],"wp:term":[{"taxonomy":"category","embeddable":true,"href":"https:\/\/www.meydan.tv\/az\/wp-json\/wp\/v2\/categories?post=286371"},{"taxonomy":"post_tag","embeddable":true,"href":"https:\/\/www.meydan.tv\/az\/wp-json\/wp\/v2\/tags?post=286371"}],"curies":[{"name":"wp","href":"https:\/\/api.w.org\/{rel}","templated":true}]}}