{"id":286303,"date":"2023-09-28T17:36:11","date_gmt":"2023-09-28T13:36:11","guid":{"rendered":"https:\/\/www.meydan.tv\/?p=286303"},"modified":"2023-09-28T17:43:54","modified_gmt":"2023-09-28T13:43:54","slug":"britaniya-sirketi-soyudluden-cixmayacagini-deyir","status":"publish","type":"post","link":"https:\/\/www.meydan.tv\/az\/article\/britaniya-sirketi-soyudluden-cixmayacagini-deyir\/","title":{"rendered":"Britaniya \u015firk\u0259ti S\u00f6y\u00fcdl\u00fcd\u0259n \u00e7\u0131xmayaca\u011f\u0131n\u0131 deyir"},"content":{"rendered":"\n<p><\/p>\n\n\n\n<p><strong><em>Reza V\u0259ziri hadis\u0259l\u0259rin \u015firk\u0259t\u0259 b\u00f6y\u00fck ziyan vurdu\u011funu a\u00e7\u0131qlad\u0131<\/em><\/strong><\/p>\n\n\n\n<p>B\u00f6y\u00fck Britaniyan\u0131n \u201cAnglo Asian Mining PLC\u201d \u015firk\u0259tinin ba\u015f direktoru Reza V\u0259ziri S\u00f6y\u00fcdl\u00fcd\u0259 ba\u015f ver\u0259n hadis\u0259l\u0259rin \u015firk\u0259t\u0259 b\u00f6y\u00fck ziyan vurdu\u011funu bildirib.<\/p>\n\n\n\n<p>Bu bar\u0259d\u0259 Reza V\u0259ziri sentyabr\u0131n 28-d\u0259 G\u0259d\u0259b\u0259yd\u0259 ke\u00e7iril\u0259n brifinqd\u0259 deyib.<\/p>\n\n\n\n<p><em>&#8220;Biz y\u00fcks\u0259li\u015f d\u00f6vr\u00fc ya\u015fay\u0131rd\u0131q v\u0259 hadis\u0259l\u0259r s\u0259hml\u0259rin artd\u0131\u011f\u0131 d\u00f6vr\u0259 t\u0259sad\u00fcf etdi. H\u0259min m\u0259s\u0259l\u0259l\u0259rd\u0259n sonra bazarda qiym\u0259tl\u0259r 80 faiz endi. Bu, t\u0259bii ki, b\u00f6y\u00fck ziyand\u0131r. Lakin olanlar \u015firk\u0259ti bazardan \u00e7\u0131xarmayacaq&#8221;, &#8211; <\/em>dey\u0259 o bildirib.<\/p>\n\n\n\n<p>R.V\u0259ziri qeyd edib ki, Ekologiya v\u0259 T\u0259bii S\u0259rv\u0259tl\u0259r Nazirliyi il\u0259 \u0259m\u0259kda\u015fl\u0131q davam ed\u0259c\u0259k, m\u00f6vcud q\u00fcsurlar aradan qald\u0131r\u0131lacaq.<\/p>\n\n\n\n<p><em>&#8220;Biz g\u0259r\u0259k tullant\u0131larla ba\u011fl\u0131 m\u0259s\u0259l\u0259l\u0259rd\u0259 S\u00f6y\u00fcdl\u00fc sakinl\u0259rini \u00f6nc\u0259d\u0259n m\u0259lumatland\u0131rayd\u0131q. Bu n\u00f6qsan\u0131m\u0131z\u0131 q\u0259bul edirik&#8221;.<\/em><\/p>\n\n\n\n<p>&#8220;<em>B\u0259lk\u0259 d\u0259, \u0259halini vaxt\u0131nda m\u0259lumatland\u0131rsayd\u0131q, bu sah\u0259d\u0259 maarifl\u0259ndirs\u0259ydik, d\u00fczg\u00fcn i\u015f qursayd\u0131q, v\u0259ziyy\u0259t bu h\u0259dd\u0259 g\u0259lib \u00e7atmazd\u0131. T\u0259\u0259ss\u00fcf edir\u0259m ki, bu i\u015fi g\u00f6rm\u0259mi\u015fik. Bu, bizim s\u0259hvimizdir. Bunu etiraf edir\u0259m&#8221;, <\/em>&#8211; o qeyd edib.<\/p>\n\n\n\n<p>\u015eirk\u0259tin insan resurslar\u0131n\u0131n idar\u0259 edilm\u0259si v\u0259 inzibati i\u015fl\u0259r \u00fczr\u0259 meneceri Rahib Rzayev is\u0259 bildirib ki, oktyabrda i\u015f\u00e7il\u0259r \u00fc\u00e7\u00fcnc\u00fc t\u0259r\u0259f yoxlamas\u0131 il\u0259 t\u0259krar tibbi m\u00fcayin\u0259d\u0259n ke\u00e7iril\u0259c\u0259k.<\/p>\n\n\n\n<p>Onun s\u00f6zl\u0259rin\u0259 g\u00f6r\u0259, 2008-ci ild\u0259n 2019-cu il\u0259 q\u0259d\u0259r h\u0259r il \u015firk\u0259tin i\u015f\u00e7il\u0259rini tibbi m\u00fcayin\u0259d\u0259n ke\u00e7iribl\u0259r:<\/p>\n\n\n\n<p><em>&#8220;\u0130ndiy\u0259 kimi pe\u015f\u0259 x\u0259st\u0259liyi il\u0259 ba\u011fl\u0131 hans\u0131sa neqativ hal a\u015fkarlanmay\u0131b&#8221;.<\/em><\/p>\n\n\n\n<p>Sentyabr\u0131n 26-da G\u0259d\u0259b\u0259yin S\u00f6y\u00fcdl\u00fc k\u0259ndind\u0259ki v\u0259ziyy\u0259ti ara\u015fd\u0131rmaq \u00fc\u00e7\u00fcn yarad\u0131lan komissiya a\u00e7\u0131qlama yay\u0131b.<\/p>\n\n\n\n<p>Komissiya zavod \u0259razisind\u0259ki \u00fc\u00e7 m\u00fc\u015fahid\u0259 quyusunun suyunda ki\u00e7ik miqdarlarda sianidin a\u015fkarland\u0131\u011f\u0131n\u0131 qeyd edib.<\/p>\n\n\n\n<p>H\u0259min m\u0259lumatda bildirilir ki, n\u00fcmun\u0259l\u0259rin t\u0259hlili zaman\u0131 su obyektl\u0259rind\u0259 v\u0259 torpaqda bir s\u0131ra g\u00f6st\u0259ricil\u0259rin normadan art\u0131q oldu\u011fu a\u015fkarlan\u0131b.<\/p>\n\n\n\n<p>\u0130yunun 20-d\u0259 S\u00f6y\u00fcdl\u00fc sakinl\u0259ri \u201cG\u0259d\u0259b\u0259y\u201d yata\u011f\u0131ndan q\u0131z\u0131l hasilat\u0131 v\u0259 emal\u0131 \u015firk\u0259tinin \u00e7irkab sular\u0131 \u00fc\u00e7\u00fcn ikinci s\u00fcni g\u00f6l\u00fcn qurulmas\u0131na etiraz edibl\u0259r.<\/p>\n\n\n\n<p>Polis etirazlara m\u00fcdaxil\u0259 edib. H\u0259min vaxt 10 n\u0259f\u0259r\u0259 yax\u0131n \u015f\u0259xsin x\u0259sar\u0259t ald\u0131\u011f\u0131 v\u0259 r\u0259smi olaraq be\u015f n\u0259f\u0259rin inzibati h\u0259bs olundu\u011fu a\u00e7\u0131qlan\u0131b.<\/p>\n\n\n\n<p>Sakinl\u0259r h\u0259min s\u00fcni g\u00f6l\u00fcn suyunda sianid oldu\u011funu v\u0259 k\u0259ndin i\u00e7m\u0259li suyuna qar\u0131\u015fd\u0131\u011f\u0131n\u0131, n\u0259tic\u0259sind\u0259 d\u0259 insanlar\u0131n sa\u011flaml\u0131\u011f\u0131na m\u0259nfi t\u0259sir etdiyini bildirirdil\u0259r.<\/p>\n\n\n\n<p>Etiraza s\u0259b\u0259b olan s\u00fcni g\u00f6l k\u0259ndd\u0259ki ikinci ox\u015far su h\u00f6vz\u0259si olacaqd\u0131.<\/p>\n\n\n\n<p>S\u00f6y\u00fcdl\u00fc sakinl\u0259ri daha \u00f6nc\u0259 d\u0259 eyni \u015fikay\u0259tl\u0259rl\u0259 etiraz etmi\u015fdil\u0259r.<\/p>\n\n\n\n<p>Sakinl\u0259r bildirirl\u0259r ki, 2012-ci ild\u0259 k\u0259ndl\u0259rinin yax\u0131nl\u0131\u011f\u0131nda q\u0131z\u0131l m\u0259d\u0259ninin tullant\u0131lar\u0131ndan yaranan g\u00f6l sal\u0131n\u0131b.<\/p>\n\n\n\n<p>Onlar bundan sonra ba\u011flar\u0131nda meyv\u0259 qalmad\u0131\u011f\u0131n\u0131, ar\u0131 t\u0259s\u0259rr\u00fcfatlar\u0131n\u0131n da\u011f\u0131ld\u0131\u011f\u0131n\u0131 deyibl\u0259r.<\/p>\n\n\n\n<p>\u0130yulun 11-d\u0259 Prezident \u0130lham \u018fliyev h\u00f6kum\u0259tin m\u00fc\u015favir\u0259sind\u0259 S\u00f6y\u00fcdl\u00fcd\u0259ki etirazlardan dan\u0131\u015fark\u0259n polisin davran\u0131\u015f\u0131n\u0131 m\u00fcdafi\u0259 edib, kims\u0259nin polis\u0259 l\u0259k\u0259 vurmas\u0131na imkan verm\u0259y\u0259c\u0259yini deyib.<\/p>\n\n\n\n<p>O, v\u0259t\u0259nda\u015flar\u0131n qanuna tabe olmal\u0131 oldu\u011funu vur\u011fulay\u0131b.<\/p>\n\n\n\n<p>Prezident habel\u0259, Ekologiya v\u0259 T\u0259bii S\u0259rv\u0259tl\u0259r Nazirliyinin \u0259traf m\u00fchitl\u0259 ba\u011fl\u0131 m\u0259s\u0259l\u0259d\u0259 s\u0259hl\u0259nkarl\u0131q etdiyini deyib.<\/p>\n\n\n\n<p>\u0130yulun 4-d\u0259 Daxili \u0130\u015fl\u0259r Nazirliyinin M\u00fct\u0259\u015f\u0259kkil Cinay\u0259tkarl\u0131qla M\u00fcbariz\u0259 Ba\u015f \u0130dar\u0259si t\u0259r\u0259find\u0259n saxlan\u0131lan&nbsp; ke\u00e7mi\u015f deputat Nazim B\u0259yd\u0259mirli bar\u0259sind\u0259 4 ayl\u0131q h\u0259bs q\u0259rar\u0131 \u00e7\u0131xar\u0131l\u0131b.<\/p>\n\n\n\n<p>Nazim B\u0259yd\u0259mirli v\u0259 v\u0259kill\u0259ri onun iyunun 20-21-d\u0259 G\u0259d\u0259b\u0259yin S\u00f6y\u00fcdl\u00fc k\u0259ndind\u0259 ba\u015f ver\u0259n polis zorak\u0131l\u0131\u011f\u0131na qar\u015f\u0131 etiraz etdiyind\u0259n h\u0259bs olundu\u011funu d\u00fc\u015f\u00fcn\u00fcr, eks deputat \u00f6z\u00fcn\u00fc \u201cekologiya m\u0259hbusu\u201d say\u0131r.<\/p>\n\n\n\n<p>R\u0259smi a\u00e7\u0131qlamada is\u0259 bildirilir ki, o, Cinay\u0259t M\u0259c\u0259ll\u0259sinin 182.2.4 madd\u0259si \u2013 z\u0259r\u0259r\u00e7\u0259kmi\u015f \u015f\u0259xs\u0259 xeyli miqdarda ziyan vurmaqla h\u0259d\u0259-qorxu il\u0259 t\u0259l\u0259b etm\u0259 ittiham\u0131 il\u0259 h\u0259bs edilib. Bu madd\u0259 il\u0259 5 ild\u0259n 10 il\u0259 q\u0259d\u0259r azadl\u0131qdan m\u0259hrumetm\u0259 n\u0259z\u0259rd\u0259 tutulub.<\/p>\n","protected":false},"excerpt":{"rendered":"<p>Reza V\u0259ziri hadis\u0259l\u0259rin \u015firk\u0259t\u0259 b\u00f6y\u00fck ziyan vurdu\u011funu a\u00e7\u0131qlad\u0131 B\u00f6y\u00fck Britaniyan\u0131n &#8230; <\/p>\n<p class=\"read-more-container\"><a title=\"Britaniya \u015firk\u0259ti S\u00f6y\u00fcdl\u00fcd\u0259n \u00e7\u0131xmayaca\u011f\u0131n\u0131 deyir\" class=\"read-more button\" href=\"https:\/\/www.meydan.tv\/az\/article\/britaniya-sirketi-soyudluden-cixmayacagini-deyir\/#more-286303\" aria-label=\"Read more about Britaniya \u015firk\u0259ti S\u00f6y\u00fcdl\u00fcd\u0259n \u00e7\u0131xmayaca\u011f\u0131n\u0131 deyir\">Davam\u0131<\/a><\/p>\n","protected":false},"author":8,"featured_media":286304,"comment_status":"closed","ping_status":"closed","sticky":false,"template":"","format":"standard","meta":{"_acf_changed":false,"_sitemap_exclude":false,"_sitemap_priority":"","_sitemap_frequency":"","footnotes":""},"categories":[60,56],"tags":[],"class_list":["post-286303","post","type-post","status-publish","format-standard","has-post-thumbnail","hentry","category-bolge","category-xeberler","infinite-scroll-item","generate-columns","tablet-grid-50","mobile-grid-100","grid-parent","grid-33","no-featured-image-padding"],"acf":[],"yoast_head":"<!-- This site is optimized with the Yoast SEO plugin v27.4 - https:\/\/yoast.com\/product\/yoast-seo-wordpress\/ -->\n<title>Britaniya \u015firk\u0259ti S\u00f6y\u00fcdl\u00fcd\u0259n \u00e7\u0131xmayaca\u011f\u0131n\u0131 deyir - MEYDAN.TV<\/title>\n<meta name=\"robots\" content=\"index, follow, max-snippet:-1, max-image-preview:large, max-video-preview:-1\" \/>\n<link rel=\"canonical\" href=\"https:\/\/www.meydan.tv\/az\/article\/britaniya-sirketi-soyudluden-cixmayacagini-deyir\/\" \/>\n<meta property=\"og:locale\" content=\"az_AZ\" \/>\n<meta property=\"og:type\" content=\"article\" \/>\n<meta property=\"og:title\" content=\"Britaniya \u015firk\u0259ti S\u00f6y\u00fcdl\u00fcd\u0259n \u00e7\u0131xmayaca\u011f\u0131n\u0131 deyir - MEYDAN.TV\" \/>\n<meta property=\"og:description\" content=\"Reza V\u0259ziri hadis\u0259l\u0259rin \u015firk\u0259t\u0259 b\u00f6y\u00fck ziyan vurdu\u011funu a\u00e7\u0131qlad\u0131 B\u00f6y\u00fck Britaniyan\u0131n ... Davam\u0131\" \/>\n<meta property=\"og:url\" content=\"https:\/\/www.meydan.tv\/az\/article\/britaniya-sirketi-soyudluden-cixmayacagini-deyir\/\" \/>\n<meta property=\"og:site_name\" content=\"MEYDAN.TV\" \/>\n<meta property=\"article:published_time\" content=\"2023-09-28T13:36:11+00:00\" \/>\n<meta property=\"article:modified_time\" content=\"2023-09-28T13:43:54+00:00\" \/>\n<meta property=\"og:image\" content=\"https:\/\/www.meydan.tv\/wp-content\/uploads\/16959031554811416347_1200x630.jpg\" \/>\n\t<meta property=\"og:image:width\" content=\"1200\" \/>\n\t<meta property=\"og:image:height\" content=\"819\" \/>\n\t<meta property=\"og:image:type\" content=\"image\/jpeg\" \/>\n<meta name=\"author\" content=\"elli\" \/>\n<meta name=\"twitter:card\" content=\"summary_large_image\" \/>\n<meta name=\"twitter:creator\" content=\"@elli\" \/>\n<script type=\"application\/ld+json\" class=\"yoast-schema-graph\">{\"@context\":\"https:\\\/\\\/schema.org\",\"@graph\":[{\"@type\":\"Article\",\"@id\":\"https:\\\/\\\/www.meydan.tv\\\/az\\\/article\\\/britaniya-sirketi-soyudluden-cixmayacagini-deyir\\\/#article\",\"isPartOf\":{\"@id\":\"https:\\\/\\\/www.meydan.tv\\\/az\\\/article\\\/britaniya-sirketi-soyudluden-cixmayacagini-deyir\\\/\"},\"author\":{\"name\":\"elli\",\"@id\":\"https:\\\/\\\/www.meydan.tv\\\/az\\\/#\\\/schema\\\/person\\\/9cdbecf90d17180ce1dfbd95b08dcf47\"},\"headline\":\"Britaniya \u015firk\u0259ti S\u00f6y\u00fcdl\u00fcd\u0259n \u00e7\u0131xmayaca\u011f\u0131n\u0131 deyir\",\"datePublished\":\"2023-09-28T13:36:11+00:00\",\"dateModified\":\"2023-09-28T13:43:54+00:00\",\"mainEntityOfPage\":{\"@id\":\"https:\\\/\\\/www.meydan.tv\\\/az\\\/article\\\/britaniya-sirketi-soyudluden-cixmayacagini-deyir\\\/\"},\"wordCount\":841,\"publisher\":{\"@id\":\"https:\\\/\\\/www.meydan.tv\\\/az\\\/#organization\"},\"image\":{\"@id\":\"https:\\\/\\\/www.meydan.tv\\\/az\\\/article\\\/britaniya-sirketi-soyudluden-cixmayacagini-deyir\\\/#primaryimage\"},\"thumbnailUrl\":\"https:\\\/\\\/www.meydan.tv\\\/wp-content\\\/uploads\\\/16959031554811416347_1200x630.jpg\",\"articleSection\":[\"B\u00f6lg\u0259\",\"X\u0259b\u0259rl\u0259r\"],\"inLanguage\":\"az\"},{\"@type\":\"WebPage\",\"@id\":\"https:\\\/\\\/www.meydan.tv\\\/az\\\/article\\\/britaniya-sirketi-soyudluden-cixmayacagini-deyir\\\/\",\"url\":\"https:\\\/\\\/www.meydan.tv\\\/az\\\/article\\\/britaniya-sirketi-soyudluden-cixmayacagini-deyir\\\/\",\"name\":\"Britaniya \u015firk\u0259ti S\u00f6y\u00fcdl\u00fcd\u0259n \u00e7\u0131xmayaca\u011f\u0131n\u0131 deyir - MEYDAN.TV\",\"isPartOf\":{\"@id\":\"https:\\\/\\\/www.meydan.tv\\\/az\\\/#website\"},\"primaryImageOfPage\":{\"@id\":\"https:\\\/\\\/www.meydan.tv\\\/az\\\/article\\\/britaniya-sirketi-soyudluden-cixmayacagini-deyir\\\/#primaryimage\"},\"image\":{\"@id\":\"https:\\\/\\\/www.meydan.tv\\\/az\\\/article\\\/britaniya-sirketi-soyudluden-cixmayacagini-deyir\\\/#primaryimage\"},\"thumbnailUrl\":\"https:\\\/\\\/www.meydan.tv\\\/wp-content\\\/uploads\\\/16959031554811416347_1200x630.jpg\",\"datePublished\":\"2023-09-28T13:36:11+00:00\",\"dateModified\":\"2023-09-28T13:43:54+00:00\",\"breadcrumb\":{\"@id\":\"https:\\\/\\\/www.meydan.tv\\\/az\\\/article\\\/britaniya-sirketi-soyudluden-cixmayacagini-deyir\\\/#breadcrumb\"},\"inLanguage\":\"az\",\"potentialAction\":[{\"@type\":\"ReadAction\",\"target\":[\"https:\\\/\\\/www.meydan.tv\\\/az\\\/article\\\/britaniya-sirketi-soyudluden-cixmayacagini-deyir\\\/\"]}]},{\"@type\":\"ImageObject\",\"inLanguage\":\"az\",\"@id\":\"https:\\\/\\\/www.meydan.tv\\\/az\\\/article\\\/britaniya-sirketi-soyudluden-cixmayacagini-deyir\\\/#primaryimage\",\"url\":\"https:\\\/\\\/www.meydan.tv\\\/wp-content\\\/uploads\\\/16959031554811416347_1200x630.jpg\",\"contentUrl\":\"https:\\\/\\\/www.meydan.tv\\\/wp-content\\\/uploads\\\/16959031554811416347_1200x630.jpg\",\"width\":1200,\"height\":819,\"caption\":\"Foto: \\\"Az\u0259rtac\\\"\"},{\"@type\":\"BreadcrumbList\",\"@id\":\"https:\\\/\\\/www.meydan.tv\\\/az\\\/article\\\/britaniya-sirketi-soyudluden-cixmayacagini-deyir\\\/#breadcrumb\",\"itemListElement\":[{\"@type\":\"ListItem\",\"position\":1,\"name\":\"Ana s\u0259hif\u0259\",\"item\":\"https:\\\/\\\/www.meydan.tv\\\/az\\\/\"},{\"@type\":\"ListItem\",\"position\":2,\"name\":\"B\u00f6lg\u0259\",\"item\":\"https:\\\/\\\/www.meydan.tv\\\/az\\\/section\\\/bolge\\\/\"},{\"@type\":\"ListItem\",\"position\":3,\"name\":\"Britaniya \u015firk\u0259ti S\u00f6y\u00fcdl\u00fcd\u0259n \u00e7\u0131xmayaca\u011f\u0131n\u0131 deyir\"}]},{\"@type\":\"WebSite\",\"@id\":\"https:\\\/\\\/www.meydan.tv\\\/az\\\/#website\",\"url\":\"https:\\\/\\\/www.meydan.tv\\\/az\\\/\",\"name\":\"MEYDAN.TV\",\"description\":\"Meydan TV Az\u0259rbaycan\u0131n media m\u0259kan\u0131ndak\u0131 alternativ s\u0259sidir\",\"publisher\":{\"@id\":\"https:\\\/\\\/www.meydan.tv\\\/az\\\/#organization\"},\"potentialAction\":[{\"@type\":\"SearchAction\",\"target\":{\"@type\":\"EntryPoint\",\"urlTemplate\":\"https:\\\/\\\/www.meydan.tv\\\/az\\\/?s={search_term_string}\"},\"query-input\":{\"@type\":\"PropertyValueSpecification\",\"valueRequired\":true,\"valueName\":\"search_term_string\"}}],\"inLanguage\":\"az\"},{\"@type\":\"Organization\",\"@id\":\"https:\\\/\\\/www.meydan.tv\\\/az\\\/#organization\",\"name\":\"Meydan TV\",\"url\":\"https:\\\/\\\/www.meydan.tv\\\/az\\\/\",\"logo\":{\"@type\":\"ImageObject\",\"inLanguage\":\"az\",\"@id\":\"https:\\\/\\\/www.meydan.tv\\\/az\\\/#\\\/schema\\\/logo\\\/image\\\/\",\"url\":\"https:\\\/\\\/www.meydan.tv\\\/wp-content\\\/uploads\\\/2021\\\/07\\\/meydan-logo.svg\",\"contentUrl\":\"https:\\\/\\\/www.meydan.tv\\\/wp-content\\\/uploads\\\/2021\\\/07\\\/meydan-logo.svg\",\"width\":195,\"height\":46,\"caption\":\"Meydan TV\"},\"image\":{\"@id\":\"https:\\\/\\\/www.meydan.tv\\\/az\\\/#\\\/schema\\\/logo\\\/image\\\/\"}},{\"@type\":\"Person\",\"@id\":\"https:\\\/\\\/www.meydan.tv\\\/az\\\/#\\\/schema\\\/person\\\/9cdbecf90d17180ce1dfbd95b08dcf47\",\"name\":\"elli\",\"sameAs\":[\"https:\\\/\\\/x.com\\\/elli\"]}]}<\/script>\n<!-- \/ Yoast SEO plugin. -->","yoast_head_json":{"title":"Britaniya \u015firk\u0259ti S\u00f6y\u00fcdl\u00fcd\u0259n \u00e7\u0131xmayaca\u011f\u0131n\u0131 deyir - MEYDAN.TV","robots":{"index":"index","follow":"follow","max-snippet":"max-snippet:-1","max-image-preview":"max-image-preview:large","max-video-preview":"max-video-preview:-1"},"canonical":"https:\/\/www.meydan.tv\/az\/article\/britaniya-sirketi-soyudluden-cixmayacagini-deyir\/","og_locale":"az_AZ","og_type":"article","og_title":"Britaniya \u015firk\u0259ti S\u00f6y\u00fcdl\u00fcd\u0259n \u00e7\u0131xmayaca\u011f\u0131n\u0131 deyir - MEYDAN.TV","og_description":"Reza V\u0259ziri hadis\u0259l\u0259rin \u015firk\u0259t\u0259 b\u00f6y\u00fck ziyan vurdu\u011funu a\u00e7\u0131qlad\u0131 B\u00f6y\u00fck Britaniyan\u0131n ... Davam\u0131","og_url":"https:\/\/www.meydan.tv\/az\/article\/britaniya-sirketi-soyudluden-cixmayacagini-deyir\/","og_site_name":"MEYDAN.TV","article_published_time":"2023-09-28T13:36:11+00:00","article_modified_time":"2023-09-28T13:43:54+00:00","og_image":[{"width":1200,"height":819,"url":"https:\/\/www.meydan.tv\/wp-content\/uploads\/16959031554811416347_1200x630.jpg","type":"image\/jpeg"}],"author":"elli","twitter_card":"summary_large_image","twitter_creator":"@elli","schema":{"@context":"https:\/\/schema.org","@graph":[{"@type":"Article","@id":"https:\/\/www.meydan.tv\/az\/article\/britaniya-sirketi-soyudluden-cixmayacagini-deyir\/#article","isPartOf":{"@id":"https:\/\/www.meydan.tv\/az\/article\/britaniya-sirketi-soyudluden-cixmayacagini-deyir\/"},"author":{"name":"elli","@id":"https:\/\/www.meydan.tv\/az\/#\/schema\/person\/9cdbecf90d17180ce1dfbd95b08dcf47"},"headline":"Britaniya \u015firk\u0259ti S\u00f6y\u00fcdl\u00fcd\u0259n \u00e7\u0131xmayaca\u011f\u0131n\u0131 deyir","datePublished":"2023-09-28T13:36:11+00:00","dateModified":"2023-09-28T13:43:54+00:00","mainEntityOfPage":{"@id":"https:\/\/www.meydan.tv\/az\/article\/britaniya-sirketi-soyudluden-cixmayacagini-deyir\/"},"wordCount":841,"publisher":{"@id":"https:\/\/www.meydan.tv\/az\/#organization"},"image":{"@id":"https:\/\/www.meydan.tv\/az\/article\/britaniya-sirketi-soyudluden-cixmayacagini-deyir\/#primaryimage"},"thumbnailUrl":"https:\/\/www.meydan.tv\/wp-content\/uploads\/16959031554811416347_1200x630.jpg","articleSection":["B\u00f6lg\u0259","X\u0259b\u0259rl\u0259r"],"inLanguage":"az"},{"@type":"WebPage","@id":"https:\/\/www.meydan.tv\/az\/article\/britaniya-sirketi-soyudluden-cixmayacagini-deyir\/","url":"https:\/\/www.meydan.tv\/az\/article\/britaniya-sirketi-soyudluden-cixmayacagini-deyir\/","name":"Britaniya \u015firk\u0259ti S\u00f6y\u00fcdl\u00fcd\u0259n \u00e7\u0131xmayaca\u011f\u0131n\u0131 deyir - MEYDAN.TV","isPartOf":{"@id":"https:\/\/www.meydan.tv\/az\/#website"},"primaryImageOfPage":{"@id":"https:\/\/www.meydan.tv\/az\/article\/britaniya-sirketi-soyudluden-cixmayacagini-deyir\/#primaryimage"},"image":{"@id":"https:\/\/www.meydan.tv\/az\/article\/britaniya-sirketi-soyudluden-cixmayacagini-deyir\/#primaryimage"},"thumbnailUrl":"https:\/\/www.meydan.tv\/wp-content\/uploads\/16959031554811416347_1200x630.jpg","datePublished":"2023-09-28T13:36:11+00:00","dateModified":"2023-09-28T13:43:54+00:00","breadcrumb":{"@id":"https:\/\/www.meydan.tv\/az\/article\/britaniya-sirketi-soyudluden-cixmayacagini-deyir\/#breadcrumb"},"inLanguage":"az","potentialAction":[{"@type":"ReadAction","target":["https:\/\/www.meydan.tv\/az\/article\/britaniya-sirketi-soyudluden-cixmayacagini-deyir\/"]}]},{"@type":"ImageObject","inLanguage":"az","@id":"https:\/\/www.meydan.tv\/az\/article\/britaniya-sirketi-soyudluden-cixmayacagini-deyir\/#primaryimage","url":"https:\/\/www.meydan.tv\/wp-content\/uploads\/16959031554811416347_1200x630.jpg","contentUrl":"https:\/\/www.meydan.tv\/wp-content\/uploads\/16959031554811416347_1200x630.jpg","width":1200,"height":819,"caption":"Foto: \"Az\u0259rtac\""},{"@type":"BreadcrumbList","@id":"https:\/\/www.meydan.tv\/az\/article\/britaniya-sirketi-soyudluden-cixmayacagini-deyir\/#breadcrumb","itemListElement":[{"@type":"ListItem","position":1,"name":"Ana s\u0259hif\u0259","item":"https:\/\/www.meydan.tv\/az\/"},{"@type":"ListItem","position":2,"name":"B\u00f6lg\u0259","item":"https:\/\/www.meydan.tv\/az\/section\/bolge\/"},{"@type":"ListItem","position":3,"name":"Britaniya \u015firk\u0259ti S\u00f6y\u00fcdl\u00fcd\u0259n \u00e7\u0131xmayaca\u011f\u0131n\u0131 deyir"}]},{"@type":"WebSite","@id":"https:\/\/www.meydan.tv\/az\/#website","url":"https:\/\/www.meydan.tv\/az\/","name":"MEYDAN.TV","description":"Meydan TV Az\u0259rbaycan\u0131n media m\u0259kan\u0131ndak\u0131 alternativ s\u0259sidir","publisher":{"@id":"https:\/\/www.meydan.tv\/az\/#organization"},"potentialAction":[{"@type":"SearchAction","target":{"@type":"EntryPoint","urlTemplate":"https:\/\/www.meydan.tv\/az\/?s={search_term_string}"},"query-input":{"@type":"PropertyValueSpecification","valueRequired":true,"valueName":"search_term_string"}}],"inLanguage":"az"},{"@type":"Organization","@id":"https:\/\/www.meydan.tv\/az\/#organization","name":"Meydan TV","url":"https:\/\/www.meydan.tv\/az\/","logo":{"@type":"ImageObject","inLanguage":"az","@id":"https:\/\/www.meydan.tv\/az\/#\/schema\/logo\/image\/","url":"https:\/\/www.meydan.tv\/wp-content\/uploads\/2021\/07\/meydan-logo.svg","contentUrl":"https:\/\/www.meydan.tv\/wp-content\/uploads\/2021\/07\/meydan-logo.svg","width":195,"height":46,"caption":"Meydan TV"},"image":{"@id":"https:\/\/www.meydan.tv\/az\/#\/schema\/logo\/image\/"}},{"@type":"Person","@id":"https:\/\/www.meydan.tv\/az\/#\/schema\/person\/9cdbecf90d17180ce1dfbd95b08dcf47","name":"elli","sameAs":["https:\/\/x.com\/elli"]}]}},"_links":{"self":[{"href":"https:\/\/www.meydan.tv\/az\/wp-json\/wp\/v2\/posts\/286303","targetHints":{"allow":["GET"]}}],"collection":[{"href":"https:\/\/www.meydan.tv\/az\/wp-json\/wp\/v2\/posts"}],"about":[{"href":"https:\/\/www.meydan.tv\/az\/wp-json\/wp\/v2\/types\/post"}],"author":[{"embeddable":true,"href":"https:\/\/www.meydan.tv\/az\/wp-json\/wp\/v2\/users\/8"}],"replies":[{"embeddable":true,"href":"https:\/\/www.meydan.tv\/az\/wp-json\/wp\/v2\/comments?post=286303"}],"version-history":[{"count":4,"href":"https:\/\/www.meydan.tv\/az\/wp-json\/wp\/v2\/posts\/286303\/revisions"}],"predecessor-version":[{"id":286316,"href":"https:\/\/www.meydan.tv\/az\/wp-json\/wp\/v2\/posts\/286303\/revisions\/286316"}],"wp:featuredmedia":[{"embeddable":true,"href":"https:\/\/www.meydan.tv\/az\/wp-json\/wp\/v2\/media\/286304"}],"wp:attachment":[{"href":"https:\/\/www.meydan.tv\/az\/wp-json\/wp\/v2\/media?parent=286303"}],"wp:term":[{"taxonomy":"category","embeddable":true,"href":"https:\/\/www.meydan.tv\/az\/wp-json\/wp\/v2\/categories?post=286303"},{"taxonomy":"post_tag","embeddable":true,"href":"https:\/\/www.meydan.tv\/az\/wp-json\/wp\/v2\/tags?post=286303"}],"curies":[{"name":"wp","href":"https:\/\/api.w.org\/{rel}","templated":true}]}}