{"id":286287,"date":"2023-09-28T17:07:20","date_gmt":"2023-09-28T13:07:20","guid":{"rendered":"https:\/\/www.meydan.tv\/?p=286287"},"modified":"2023-09-28T17:42:44","modified_gmt":"2023-09-28T13:42:44","slug":"herbi-emeliyyatda-helak-olanlarin-bank-borclari-silinecek","status":"publish","type":"post","link":"https:\/\/www.meydan.tv\/az\/article\/herbi-emeliyyatda-helak-olanlarin-bank-borclari-silinecek\/","title":{"rendered":"H\u0259rbi \u0259m\u0259liyyatda   h\u0259lak olanlar\u0131n bank borclar\u0131 silin\u0259c\u0259k"},"content":{"rendered":"\n<p><\/p>\n\n\n\n<p><strong><em>Yaralanm\u0131\u015f \u015f\u0259xsl\u0259r\u0259 is\u0259 banklar g\u00fcz\u0259\u015ft ed\u0259c\u0259k<\/em><\/strong><\/p>\n\n\n\n<p>Anti-terror \u0259m\u0259liyyat\u0131 zaman\u0131 h\u0259yat\u0131n\u0131 itirmi\u015f \u015f\u0259xsl\u0259rin banklara olan borcu silinir. \u018fm\u0259liyyatlarda yaralanm\u0131\u015f insanlara is\u0259 m\u00fc\u0259yy\u0259n g\u00fcz\u0259\u015ftl\u0259r edil\u0259c\u0259k. Bu bar\u0259d\u0259 Az\u0259rbaycan Banklar Assosiasiyas\u0131n\u0131n (ABA) <a href=\"https:\/\/aba.az\/az%c9%99rbaycan-banklar-assosiasiyasinin-b%c9%99yanati-8\/\">a\u00e7\u0131qlama<\/a>s\u0131nda bildirilir.<\/p>\n\n\n\n<p>ABA qeyd edir ki, sentyabr\u0131n 19-da ba\u015flam\u0131\u015f v\u0259 bir g\u00fcn davam etmi\u015f anti-terror \u0259m\u0259liyyat\u0131 n\u0259tic\u0259sind\u0259 h\u0259lak olmu\u015f \u015f\u0259xsl\u0259rin banklarda olan b\u00fct\u00fcn n\u00f6v kredit \u00f6hd\u0259likl\u0259ri, onlara hesablanm\u0131\u015f faizl\u0259r v\u0259 dig\u0259r \u00f6d\u0259m\u0259l\u0259r silin\u0259c\u0259k:<\/p>\n\n\n\n<p><em>\u201cYaralanm\u0131\u015f h\u0259rb\u00e7il\u0259rimizin d\u0259 banklara olan kredit \u00f6hd\u0259likl\u0259rin\u0259 19 sentyabr 2023-c\u00fc il tarixind\u0259n 31 dekabr 2023-c\u00fc il tarixin\u0259 olan d\u00f6vr \u0259rzind\u0259 hesablanan faizl\u0259r v\u0259 dig\u0259r \u00f6d\u0259m\u0259l\u0259r banklar\u0131n hesab\u0131na silin\u0259c\u0259k\u201d.<\/em><\/p>\n\n\n\n<p>Q\u0259rar ABA-n\u0131n sentyabr\u0131n 27-d\u0259 ke\u00e7irdiyi iclas\u0131nda q\u0259bul edilib.<\/p>\n\n\n\n<p>Sentyabr\u0131n 18-d\u0259n Qaraba\u011fdan \u00f6l\u00fcm x\u0259b\u0259rl\u0259ri g\u0259lm\u0259y\u0259 ba\u015flay\u0131b.<\/p>\n\n\n\n<p>Tank \u0259leyhin\u0259 minaya d\u00fc\u015f\u0259n iki b\u00f6y\u00fck y\u00fck avtomobilinin i\u00e7ind\u0259 14 n\u0259f\u0259r h\u0259yat\u0131n\u0131 itirib. Bunlardan yeddisi polis, qalan\u0131 m\u00fclki \u015f\u0259xs olub.<\/p>\n\n\n\n<p>Az\u0259rbaycan h\u0259min minalar\u0131n erm\u0259ni diversiya qruplar\u0131 t\u0259r\u0259find\u0259n yeni basd\u0131r\u0131ld\u0131\u011f\u0131n\u0131 a\u00e7\u0131qlay\u0131b.<\/p>\n\n\n\n<p>Bir g\u00fcn sonra Az\u0259rbaycan Qaraba\u011fda lokal anti-terror t\u0259dbirl\u0259rin\u0259 ba\u015flad\u0131\u011f\u0131n\u0131 elan edib. T\u0259l\u0259bi erm\u0259ni silahl\u0131 q\u00fcvv\u0259l\u0259rinin regiondan \u00e7\u0131xar\u0131lmas\u0131 olub.<\/p>\n\n\n\n<p>Erm\u0259nistan is\u0259 a\u00e7\u0131qlama ver\u0259r\u0259k bildirib ki, <em>\u201cQaraba\u011fda erm\u0259ni q\u00fcvv\u0259l\u0259ri yoxdur v\u0259 Az\u0259rbaycan\u0131n etdiyi irimiqyasl\u0131 t\u0259cav\u00fczd\u00fcr\u201d.<\/em><\/p>\n\n\n\n<p>Sentyabr\u0131n 20-d\u0259 h\u0259rbi \u0259m\u0259liyyatlar\u0131n dayand\u0131r\u0131lmas\u0131 bar\u0259d\u0259 raz\u0131l\u0131q \u0259ld\u0259 olundu\u011fu a\u00e7\u0131qlan\u0131b. Raz\u0131l\u0131\u011fa \u0259sas\u0259n, Erm\u0259nistan silahl\u0131 q\u00fcvv\u0259l\u0259rinin birl\u0259\u015fm\u0259l\u0259ri Az\u0259rbaycan \u0259razil\u0259rini t\u0259rk edir, qeyri-qanuni erm\u0259ni silahl\u0131 d\u0259st\u0259l\u0259ri burax\u0131l\u0131r.<\/p>\n\n\n\n<p>Sonra Az\u0259rbaycan\u0131n Yevlax rayonunda Qaraba\u011f\u0131n erm\u0259ni icmas\u0131n\u0131n n\u00fcmay\u0259nd\u0259l\u0259ri il\u0259 g\u00f6r\u00fc\u015f bar\u0259d\u0259 raz\u0131l\u0131\u011fa g\u0259linib.<\/p>\n\n\n\n<p>\u0130lkin a\u00e7\u0131qlamada Qaraba\u011fdak\u0131 silahl\u0131lar\u0131n t\u0259slim oldu\u011fu bildirils\u0259 d\u0259, sonradan onlardan b\u0259zil\u0259rinin dir\u0259ndiyi il\u0259 ba\u011fl\u0131 fikirl\u0259r s\u0259sl\u0259ndirilib.<\/p>\n\n\n\n<p>Sentyabr\u0131n 28-d\u0259 is\u0259 separat\u00e7\u0131 &#8220;Da\u011fl\u0131q Qaraba\u011f\u0131n (Artsax) Prezidenti\u201d Samvel \u015eahramanyan &#8220;respublika&#8221;n\u0131n burax\u0131lmas\u0131 bar\u0259d\u0259 f\u0259rman <a href=\"https:\/\/www.meydan.tv\/az\/article\/separatci-dagliq-qarabagin-artsak-prezidenti-samvel-sahramanyan-respublikanin-buraxilmasi-barede-ferman-imzalayib\/\">imzalay\u0131b<\/a>. Bunu sentyabr\u0131n 19-da yaranm\u0131\u015f v\u0259ziyy\u0259tl\u0259 \u0259laq\u0259l\u0259ndirib.<\/p>\n","protected":false},"excerpt":{"rendered":"<p>Yaralanm\u0131\u015f \u015f\u0259xsl\u0259r\u0259 is\u0259 banklar g\u00fcz\u0259\u015ft ed\u0259c\u0259k Anti-terror \u0259m\u0259liyyat\u0131 zaman\u0131 h\u0259yat\u0131n\u0131 &#8230; <\/p>\n<p class=\"read-more-container\"><a title=\"H\u0259rbi \u0259m\u0259liyyatda   h\u0259lak olanlar\u0131n bank borclar\u0131 silin\u0259c\u0259k\" class=\"read-more button\" href=\"https:\/\/www.meydan.tv\/az\/article\/herbi-emeliyyatda-helak-olanlarin-bank-borclari-silinecek\/#more-286287\" aria-label=\"Read more about H\u0259rbi \u0259m\u0259liyyatda   h\u0259lak olanlar\u0131n bank borclar\u0131 silin\u0259c\u0259k\">Davam\u0131<\/a><\/p>\n","protected":false},"author":8,"featured_media":147500,"comment_status":"closed","ping_status":"closed","sticky":false,"template":"","format":"standard","meta":{"_acf_changed":false,"_sitemap_exclude":false,"_sitemap_priority":"","_sitemap_frequency":"","footnotes":""},"categories":[62,56],"tags":[],"class_list":["post-286287","post","type-post","status-publish","format-standard","has-post-thumbnail","hentry","category-sosial","category-xeberler","infinite-scroll-item","generate-columns","tablet-grid-50","mobile-grid-100","grid-parent","grid-33","no-featured-image-padding"],"acf":[],"yoast_head":"<!-- This site is optimized with the Yoast SEO plugin v27.5 - https:\/\/yoast.com\/product\/yoast-seo-wordpress\/ -->\n<title>H\u0259rbi \u0259m\u0259liyyatda  h\u0259lak olanlar\u0131n bank borclar\u0131 silin\u0259c\u0259k - MEYDAN.TV<\/title>\n<meta name=\"robots\" content=\"index, follow, max-snippet:-1, max-image-preview:large, max-video-preview:-1\" \/>\n<link rel=\"canonical\" href=\"https:\/\/www.meydan.tv\/az\/article\/herbi-emeliyyatda-helak-olanlarin-bank-borclari-silinecek\/\" \/>\n<meta property=\"og:locale\" content=\"az_AZ\" \/>\n<meta property=\"og:type\" content=\"article\" \/>\n<meta property=\"og:title\" content=\"H\u0259rbi \u0259m\u0259liyyatda  h\u0259lak olanlar\u0131n bank borclar\u0131 silin\u0259c\u0259k - MEYDAN.TV\" \/>\n<meta property=\"og:description\" content=\"Yaralanm\u0131\u015f \u015f\u0259xsl\u0259r\u0259 is\u0259 banklar g\u00fcz\u0259\u015ft ed\u0259c\u0259k Anti-terror \u0259m\u0259liyyat\u0131 zaman\u0131 h\u0259yat\u0131n\u0131 ... Davam\u0131\" \/>\n<meta property=\"og:url\" content=\"https:\/\/www.meydan.tv\/az\/article\/herbi-emeliyyatda-helak-olanlarin-bank-borclari-silinecek\/\" \/>\n<meta property=\"og:site_name\" content=\"MEYDAN.TV\" \/>\n<meta property=\"article:published_time\" content=\"2023-09-28T13:07:20+00:00\" \/>\n<meta property=\"article:modified_time\" content=\"2023-09-28T13:42:44+00:00\" \/>\n<meta property=\"og:image\" content=\"https:\/\/www.meydan.tv\/wp-content\/uploads\/manat-1.jpg\" \/>\n\t<meta property=\"og:image:width\" content=\"1024\" \/>\n\t<meta property=\"og:image:height\" content=\"639\" \/>\n\t<meta property=\"og:image:type\" content=\"image\/jpeg\" \/>\n<meta name=\"author\" content=\"elli\" \/>\n<meta name=\"twitter:card\" content=\"summary_large_image\" \/>\n<meta name=\"twitter:creator\" content=\"@elli\" \/>\n<script type=\"application\/ld+json\" class=\"yoast-schema-graph\">{\"@context\":\"https:\\\/\\\/schema.org\",\"@graph\":[{\"@type\":\"Article\",\"@id\":\"https:\\\/\\\/www.meydan.tv\\\/az\\\/article\\\/herbi-emeliyyatda-helak-olanlarin-bank-borclari-silinecek\\\/#article\",\"isPartOf\":{\"@id\":\"https:\\\/\\\/www.meydan.tv\\\/az\\\/article\\\/herbi-emeliyyatda-helak-olanlarin-bank-borclari-silinecek\\\/\"},\"author\":{\"name\":\"elli\",\"@id\":\"https:\\\/\\\/www.meydan.tv\\\/az\\\/#\\\/schema\\\/person\\\/9cdbecf90d17180ce1dfbd95b08dcf47\"},\"headline\":\"H\u0259rbi \u0259m\u0259liyyatda h\u0259lak olanlar\u0131n bank borclar\u0131 silin\u0259c\u0259k\",\"datePublished\":\"2023-09-28T13:07:20+00:00\",\"dateModified\":\"2023-09-28T13:42:44+00:00\",\"mainEntityOfPage\":{\"@id\":\"https:\\\/\\\/www.meydan.tv\\\/az\\\/article\\\/herbi-emeliyyatda-helak-olanlarin-bank-borclari-silinecek\\\/\"},\"wordCount\":453,\"publisher\":{\"@id\":\"https:\\\/\\\/www.meydan.tv\\\/az\\\/#organization\"},\"image\":{\"@id\":\"https:\\\/\\\/www.meydan.tv\\\/az\\\/article\\\/herbi-emeliyyatda-helak-olanlarin-bank-borclari-silinecek\\\/#primaryimage\"},\"thumbnailUrl\":\"https:\\\/\\\/www.meydan.tv\\\/wp-content\\\/uploads\\\/manat-1.jpg\",\"articleSection\":[\"Sosial\",\"X\u0259b\u0259rl\u0259r\"],\"inLanguage\":\"az\"},{\"@type\":\"WebPage\",\"@id\":\"https:\\\/\\\/www.meydan.tv\\\/az\\\/article\\\/herbi-emeliyyatda-helak-olanlarin-bank-borclari-silinecek\\\/\",\"url\":\"https:\\\/\\\/www.meydan.tv\\\/az\\\/article\\\/herbi-emeliyyatda-helak-olanlarin-bank-borclari-silinecek\\\/\",\"name\":\"H\u0259rbi \u0259m\u0259liyyatda h\u0259lak olanlar\u0131n bank borclar\u0131 silin\u0259c\u0259k - MEYDAN.TV\",\"isPartOf\":{\"@id\":\"https:\\\/\\\/www.meydan.tv\\\/az\\\/#website\"},\"primaryImageOfPage\":{\"@id\":\"https:\\\/\\\/www.meydan.tv\\\/az\\\/article\\\/herbi-emeliyyatda-helak-olanlarin-bank-borclari-silinecek\\\/#primaryimage\"},\"image\":{\"@id\":\"https:\\\/\\\/www.meydan.tv\\\/az\\\/article\\\/herbi-emeliyyatda-helak-olanlarin-bank-borclari-silinecek\\\/#primaryimage\"},\"thumbnailUrl\":\"https:\\\/\\\/www.meydan.tv\\\/wp-content\\\/uploads\\\/manat-1.jpg\",\"datePublished\":\"2023-09-28T13:07:20+00:00\",\"dateModified\":\"2023-09-28T13:42:44+00:00\",\"breadcrumb\":{\"@id\":\"https:\\\/\\\/www.meydan.tv\\\/az\\\/article\\\/herbi-emeliyyatda-helak-olanlarin-bank-borclari-silinecek\\\/#breadcrumb\"},\"inLanguage\":\"az\",\"potentialAction\":[{\"@type\":\"ReadAction\",\"target\":[\"https:\\\/\\\/www.meydan.tv\\\/az\\\/article\\\/herbi-emeliyyatda-helak-olanlarin-bank-borclari-silinecek\\\/\"]}]},{\"@type\":\"ImageObject\",\"inLanguage\":\"az\",\"@id\":\"https:\\\/\\\/www.meydan.tv\\\/az\\\/article\\\/herbi-emeliyyatda-helak-olanlarin-bank-borclari-silinecek\\\/#primaryimage\",\"url\":\"https:\\\/\\\/www.meydan.tv\\\/wp-content\\\/uploads\\\/manat-1.jpg\",\"contentUrl\":\"https:\\\/\\\/www.meydan.tv\\\/wp-content\\\/uploads\\\/manat-1.jpg\",\"width\":1024,\"height\":639,\"caption\":\"M\u0259nb\u0259: M\u0259rk\u0259zi Bank\"},{\"@type\":\"BreadcrumbList\",\"@id\":\"https:\\\/\\\/www.meydan.tv\\\/az\\\/article\\\/herbi-emeliyyatda-helak-olanlarin-bank-borclari-silinecek\\\/#breadcrumb\",\"itemListElement\":[{\"@type\":\"ListItem\",\"position\":1,\"name\":\"Ana s\u0259hif\u0259\",\"item\":\"https:\\\/\\\/www.meydan.tv\\\/az\\\/\"},{\"@type\":\"ListItem\",\"position\":2,\"name\":\"Sosial\",\"item\":\"https:\\\/\\\/www.meydan.tv\\\/az\\\/section\\\/sosial\\\/\"},{\"@type\":\"ListItem\",\"position\":3,\"name\":\"H\u0259rbi \u0259m\u0259liyyatda h\u0259lak olanlar\u0131n bank borclar\u0131 silin\u0259c\u0259k\"}]},{\"@type\":\"WebSite\",\"@id\":\"https:\\\/\\\/www.meydan.tv\\\/az\\\/#website\",\"url\":\"https:\\\/\\\/www.meydan.tv\\\/az\\\/\",\"name\":\"MEYDAN.TV\",\"description\":\"Meydan TV Az\u0259rbaycan\u0131n media m\u0259kan\u0131ndak\u0131 alternativ s\u0259sidir\",\"publisher\":{\"@id\":\"https:\\\/\\\/www.meydan.tv\\\/az\\\/#organization\"},\"potentialAction\":[{\"@type\":\"SearchAction\",\"target\":{\"@type\":\"EntryPoint\",\"urlTemplate\":\"https:\\\/\\\/www.meydan.tv\\\/az\\\/?s={search_term_string}\"},\"query-input\":{\"@type\":\"PropertyValueSpecification\",\"valueRequired\":true,\"valueName\":\"search_term_string\"}}],\"inLanguage\":\"az\"},{\"@type\":\"Organization\",\"@id\":\"https:\\\/\\\/www.meydan.tv\\\/az\\\/#organization\",\"name\":\"Meydan TV\",\"url\":\"https:\\\/\\\/www.meydan.tv\\\/az\\\/\",\"logo\":{\"@type\":\"ImageObject\",\"inLanguage\":\"az\",\"@id\":\"https:\\\/\\\/www.meydan.tv\\\/az\\\/#\\\/schema\\\/logo\\\/image\\\/\",\"url\":\"https:\\\/\\\/www.meydan.tv\\\/wp-content\\\/uploads\\\/2021\\\/07\\\/meydan-logo.svg\",\"contentUrl\":\"https:\\\/\\\/www.meydan.tv\\\/wp-content\\\/uploads\\\/2021\\\/07\\\/meydan-logo.svg\",\"width\":195,\"height\":46,\"caption\":\"Meydan TV\"},\"image\":{\"@id\":\"https:\\\/\\\/www.meydan.tv\\\/az\\\/#\\\/schema\\\/logo\\\/image\\\/\"}},{\"@type\":\"Person\",\"@id\":\"https:\\\/\\\/www.meydan.tv\\\/az\\\/#\\\/schema\\\/person\\\/9cdbecf90d17180ce1dfbd95b08dcf47\",\"name\":\"elli\",\"sameAs\":[\"https:\\\/\\\/x.com\\\/elli\"]}]}<\/script>\n<!-- \/ Yoast SEO plugin. -->","yoast_head_json":{"title":"H\u0259rbi \u0259m\u0259liyyatda  h\u0259lak olanlar\u0131n bank borclar\u0131 silin\u0259c\u0259k - MEYDAN.TV","robots":{"index":"index","follow":"follow","max-snippet":"max-snippet:-1","max-image-preview":"max-image-preview:large","max-video-preview":"max-video-preview:-1"},"canonical":"https:\/\/www.meydan.tv\/az\/article\/herbi-emeliyyatda-helak-olanlarin-bank-borclari-silinecek\/","og_locale":"az_AZ","og_type":"article","og_title":"H\u0259rbi \u0259m\u0259liyyatda  h\u0259lak olanlar\u0131n bank borclar\u0131 silin\u0259c\u0259k - MEYDAN.TV","og_description":"Yaralanm\u0131\u015f \u015f\u0259xsl\u0259r\u0259 is\u0259 banklar g\u00fcz\u0259\u015ft ed\u0259c\u0259k Anti-terror \u0259m\u0259liyyat\u0131 zaman\u0131 h\u0259yat\u0131n\u0131 ... Davam\u0131","og_url":"https:\/\/www.meydan.tv\/az\/article\/herbi-emeliyyatda-helak-olanlarin-bank-borclari-silinecek\/","og_site_name":"MEYDAN.TV","article_published_time":"2023-09-28T13:07:20+00:00","article_modified_time":"2023-09-28T13:42:44+00:00","og_image":[{"width":1024,"height":639,"url":"https:\/\/www.meydan.tv\/wp-content\/uploads\/manat-1.jpg","type":"image\/jpeg"}],"author":"elli","twitter_card":"summary_large_image","twitter_creator":"@elli","schema":{"@context":"https:\/\/schema.org","@graph":[{"@type":"Article","@id":"https:\/\/www.meydan.tv\/az\/article\/herbi-emeliyyatda-helak-olanlarin-bank-borclari-silinecek\/#article","isPartOf":{"@id":"https:\/\/www.meydan.tv\/az\/article\/herbi-emeliyyatda-helak-olanlarin-bank-borclari-silinecek\/"},"author":{"name":"elli","@id":"https:\/\/www.meydan.tv\/az\/#\/schema\/person\/9cdbecf90d17180ce1dfbd95b08dcf47"},"headline":"H\u0259rbi \u0259m\u0259liyyatda h\u0259lak olanlar\u0131n bank borclar\u0131 silin\u0259c\u0259k","datePublished":"2023-09-28T13:07:20+00:00","dateModified":"2023-09-28T13:42:44+00:00","mainEntityOfPage":{"@id":"https:\/\/www.meydan.tv\/az\/article\/herbi-emeliyyatda-helak-olanlarin-bank-borclari-silinecek\/"},"wordCount":453,"publisher":{"@id":"https:\/\/www.meydan.tv\/az\/#organization"},"image":{"@id":"https:\/\/www.meydan.tv\/az\/article\/herbi-emeliyyatda-helak-olanlarin-bank-borclari-silinecek\/#primaryimage"},"thumbnailUrl":"https:\/\/www.meydan.tv\/wp-content\/uploads\/manat-1.jpg","articleSection":["Sosial","X\u0259b\u0259rl\u0259r"],"inLanguage":"az"},{"@type":"WebPage","@id":"https:\/\/www.meydan.tv\/az\/article\/herbi-emeliyyatda-helak-olanlarin-bank-borclari-silinecek\/","url":"https:\/\/www.meydan.tv\/az\/article\/herbi-emeliyyatda-helak-olanlarin-bank-borclari-silinecek\/","name":"H\u0259rbi \u0259m\u0259liyyatda h\u0259lak olanlar\u0131n bank borclar\u0131 silin\u0259c\u0259k - MEYDAN.TV","isPartOf":{"@id":"https:\/\/www.meydan.tv\/az\/#website"},"primaryImageOfPage":{"@id":"https:\/\/www.meydan.tv\/az\/article\/herbi-emeliyyatda-helak-olanlarin-bank-borclari-silinecek\/#primaryimage"},"image":{"@id":"https:\/\/www.meydan.tv\/az\/article\/herbi-emeliyyatda-helak-olanlarin-bank-borclari-silinecek\/#primaryimage"},"thumbnailUrl":"https:\/\/www.meydan.tv\/wp-content\/uploads\/manat-1.jpg","datePublished":"2023-09-28T13:07:20+00:00","dateModified":"2023-09-28T13:42:44+00:00","breadcrumb":{"@id":"https:\/\/www.meydan.tv\/az\/article\/herbi-emeliyyatda-helak-olanlarin-bank-borclari-silinecek\/#breadcrumb"},"inLanguage":"az","potentialAction":[{"@type":"ReadAction","target":["https:\/\/www.meydan.tv\/az\/article\/herbi-emeliyyatda-helak-olanlarin-bank-borclari-silinecek\/"]}]},{"@type":"ImageObject","inLanguage":"az","@id":"https:\/\/www.meydan.tv\/az\/article\/herbi-emeliyyatda-helak-olanlarin-bank-borclari-silinecek\/#primaryimage","url":"https:\/\/www.meydan.tv\/wp-content\/uploads\/manat-1.jpg","contentUrl":"https:\/\/www.meydan.tv\/wp-content\/uploads\/manat-1.jpg","width":1024,"height":639,"caption":"M\u0259nb\u0259: M\u0259rk\u0259zi Bank"},{"@type":"BreadcrumbList","@id":"https:\/\/www.meydan.tv\/az\/article\/herbi-emeliyyatda-helak-olanlarin-bank-borclari-silinecek\/#breadcrumb","itemListElement":[{"@type":"ListItem","position":1,"name":"Ana s\u0259hif\u0259","item":"https:\/\/www.meydan.tv\/az\/"},{"@type":"ListItem","position":2,"name":"Sosial","item":"https:\/\/www.meydan.tv\/az\/section\/sosial\/"},{"@type":"ListItem","position":3,"name":"H\u0259rbi \u0259m\u0259liyyatda h\u0259lak olanlar\u0131n bank borclar\u0131 silin\u0259c\u0259k"}]},{"@type":"WebSite","@id":"https:\/\/www.meydan.tv\/az\/#website","url":"https:\/\/www.meydan.tv\/az\/","name":"MEYDAN.TV","description":"Meydan TV Az\u0259rbaycan\u0131n media m\u0259kan\u0131ndak\u0131 alternativ s\u0259sidir","publisher":{"@id":"https:\/\/www.meydan.tv\/az\/#organization"},"potentialAction":[{"@type":"SearchAction","target":{"@type":"EntryPoint","urlTemplate":"https:\/\/www.meydan.tv\/az\/?s={search_term_string}"},"query-input":{"@type":"PropertyValueSpecification","valueRequired":true,"valueName":"search_term_string"}}],"inLanguage":"az"},{"@type":"Organization","@id":"https:\/\/www.meydan.tv\/az\/#organization","name":"Meydan TV","url":"https:\/\/www.meydan.tv\/az\/","logo":{"@type":"ImageObject","inLanguage":"az","@id":"https:\/\/www.meydan.tv\/az\/#\/schema\/logo\/image\/","url":"https:\/\/www.meydan.tv\/wp-content\/uploads\/2021\/07\/meydan-logo.svg","contentUrl":"https:\/\/www.meydan.tv\/wp-content\/uploads\/2021\/07\/meydan-logo.svg","width":195,"height":46,"caption":"Meydan TV"},"image":{"@id":"https:\/\/www.meydan.tv\/az\/#\/schema\/logo\/image\/"}},{"@type":"Person","@id":"https:\/\/www.meydan.tv\/az\/#\/schema\/person\/9cdbecf90d17180ce1dfbd95b08dcf47","name":"elli","sameAs":["https:\/\/x.com\/elli"]}]}},"_links":{"self":[{"href":"https:\/\/www.meydan.tv\/az\/wp-json\/wp\/v2\/posts\/286287","targetHints":{"allow":["GET"]}}],"collection":[{"href":"https:\/\/www.meydan.tv\/az\/wp-json\/wp\/v2\/posts"}],"about":[{"href":"https:\/\/www.meydan.tv\/az\/wp-json\/wp\/v2\/types\/post"}],"author":[{"embeddable":true,"href":"https:\/\/www.meydan.tv\/az\/wp-json\/wp\/v2\/users\/8"}],"replies":[{"embeddable":true,"href":"https:\/\/www.meydan.tv\/az\/wp-json\/wp\/v2\/comments?post=286287"}],"version-history":[{"count":5,"href":"https:\/\/www.meydan.tv\/az\/wp-json\/wp\/v2\/posts\/286287\/revisions"}],"predecessor-version":[{"id":286315,"href":"https:\/\/www.meydan.tv\/az\/wp-json\/wp\/v2\/posts\/286287\/revisions\/286315"}],"wp:featuredmedia":[{"embeddable":true,"href":"https:\/\/www.meydan.tv\/az\/wp-json\/wp\/v2\/media\/147500"}],"wp:attachment":[{"href":"https:\/\/www.meydan.tv\/az\/wp-json\/wp\/v2\/media?parent=286287"}],"wp:term":[{"taxonomy":"category","embeddable":true,"href":"https:\/\/www.meydan.tv\/az\/wp-json\/wp\/v2\/categories?post=286287"},{"taxonomy":"post_tag","embeddable":true,"href":"https:\/\/www.meydan.tv\/az\/wp-json\/wp\/v2\/tags?post=286287"}],"curies":[{"name":"wp","href":"https:\/\/api.w.org\/{rel}","templated":true}]}}