{"id":286213,"date":"2023-09-28T11:13:30","date_gmt":"2023-09-28T07:13:30","guid":{"rendered":"https:\/\/www.meydan.tv\/?p=286213"},"modified":"2023-09-28T11:13:33","modified_gmt":"2023-09-28T07:13:33","slug":"ermenilerin-qarabagdan-kutlevi-kocu-panika-ve-ya-etimadsizliq","status":"publish","type":"post","link":"https:\/\/www.meydan.tv\/az\/article\/ermenilerin-qarabagdan-kutlevi-kocu-panika-ve-ya-etimadsizliq\/","title":{"rendered":"Erm\u0259nil\u0259rin Qaraba\u011fdan k\u00fctl\u0259vi k\u00f6\u00e7\u00fc: panika v\u0259 ya etimads\u0131zl\u0131q"},"content":{"rendered":"\n<p><\/p>\n\n\n\n<p><strong><em><br>Rauf Mirq\u0259dirov: \u201cAz\u0259rbaycan g\u0259l\u0259c\u0259kd\u0259 etnik t\u0259mizl\u0259m\u0259 ittiham\u0131 il\u0259 qar\u015f\u0131la\u015fa bil\u0259r\u201d<\/em><\/strong><\/p>\n\n\n\n<p>Sentyabr\u0131n 19-20 Az\u0259rbaycan ordusunun h\u0259yata ke\u00e7irdiyi h\u0259rbi \u0259m\u0259liyyatdan sonra Qaraba\u011f\u0131n erm\u0259ni sakinl\u0259rinin Erm\u0259nistana k\u00fctl\u0259vi \u015f\u0259kild\u0259 k\u00f6\u00e7\u00fc bir s\u0131ra suallar yarad\u0131b.<\/p>\n\n\n\n<p>Erm\u0259nistan t\u0259r\u0259fi v\u0259 onun d\u0259st\u0259kl\u0259y\u0259nl\u0259r bunu etnik t\u0259mizl\u0259m\u0259 kimi qiym\u0259tl\u0259ndirs\u0259l\u0259r d\u0259, Az\u0259rbaycan t\u0259r\u0259fi buna \u0259ks-arqument olaraq he\u00e7 k\u0259sin k\u00f6\u00e7m\u0259y\u0259 m\u0259cbur edilm\u0259diyini bildirir. <\/p>\n\n\n\n<p>La\u00e7\u0131n burax\u0131l\u0131\u015f m\u0259nt\u0259q\u0259sind\u0259n yerli median\u0131n s\u00fcjetl\u0259rind\u0259 \u0259ks olunan kadrlara \u0259sas\u0259n, Qaraba\u011fdan k\u00f6\u00e7\u0259n erm\u0259nil\u0259r bunu \u00f6z ist\u0259kl\u0259ri il\u0259 etdikl\u0259rini qeyd edirl\u0259r.<\/p>\n\n\n\n<p>Erm\u0259nistanda f\u0259aliyy\u0259t g\u00f6st\u0259r\u0259n \u201cHraparak\u201d <a href=\"https:\/\/hraparak.am\/post\/fcafe1e0757004472edc6d1e4c3d7fc0\">n\u0259\u015fri\u00a0<\/a>\u00a0is\u0259 bildirib ki, Az\u0259rbaycan\u0131n Qaraba\u011fda separat\u00e7\u0131 qurumlar\u0131n \u00f6zl\u0259rini buraxmalar\u0131 bar\u0259d\u0259 t\u0259l\u0259bi fonunda \u015eu\u015fada erm\u0259ni icmas\u0131na r\u0259hb\u0259rlik ed\u0259n Samvel \u015eahramanyanla D\u00f6vl\u0259t T\u0259hl\u00fck\u0259sizlik Xidm\u0259tinin r\u0259hb\u0259ri \u018fli Na\u011f\u0131yev aras\u0131nda g\u00f6r\u00fc\u015f ke\u00e7irilib.<\/p>\n\n\n<div class=\"wp-block-image\">\n<figure class=\"aligncenter size-large\"><img decoding=\"async\" width=\"1200\" height=\"800\" data-src=\"https:\/\/www.meydan.tv\/wp-content\/uploads\/untitled-1500-x-1000-px-3-1200x800.jpg\" alt=\"\" class=\"wp-image-286214 lazyload\" src=\"data:image\/svg+xml;base64,PHN2ZyB3aWR0aD0iMSIgaGVpZ2h0PSIxIiB4bWxucz0iaHR0cDovL3d3dy53My5vcmcvMjAwMC9zdmciPjwvc3ZnPg==\" style=\"--smush-placeholder-width: 1200px; --smush-placeholder-aspect-ratio: 1200\/800;\" \/><figcaption class=\"wp-element-caption\">S.\u015eahmaranyan. Foto: Telegram. <\/figcaption><\/figure>\n<\/div>\n\n\n<p>Erm\u0259ni n\u0259\u015frinin m\u0259lumat\u0131na g\u00f6r\u0259, g\u00f6r\u00fc\u015fd\u0259 humanitar m\u0259s\u0259l\u0259l\u0259r m\u00fczakir\u0259 edilib v\u0259 \u015eahramanyan Az\u0259rbaycandan Xank\u0259din\u0259 daxil olma\u011fa t\u0259l\u0259sm\u0259m\u0259yi xahi\u015f edib.<\/p>\n\n\n\n<p>Onun s\u00f6zl\u0259rin\u0259 g\u00f6r\u0259, \u015f\u0259h\u0259rd\u0259 panik \u0259hval-ruhiyy\u0259 h\u0259dd\u0259n art\u0131q y\u00fcks\u0259kdir v\u0259 Az\u0259rbaycan qo\u015funlar\u0131n\u0131n oraya daxil olmas\u0131ndan sonra ba\u015f ver\u0259 bil\u0259c\u0259k hadis\u0259l\u0259ri proqnozla\u015fd\u0131rmaq \u00e7\u0259tindir.<\/p>\n\n\n\n<p>N\u0259\u015frin yazd\u0131\u011f\u0131na \u0259sas\u0259n, Samvel \u015eahramanyan deyib ki, k\u00f6\u00e7 m\u0259s\u0259l\u0259si qaydaya sal\u0131nd\u0131qdan sonra separat\u00e7\u0131 qurumlar\u0131n \u00f6z\u00fcn\u00fc buraxmas\u0131 elan edil\u0259c\u0259k.<\/p>\n\n\n\n<p>Sosial \u015f\u0259b\u0259k\u0259l\u0259rd\u0259 qeyd edirl\u0259r ki, k\u00f6\u00e7\u0259nl\u0259r aras\u0131nda az\u0259rbaycanl\u0131larla birg\u0259 ya\u015fay\u0131\u015f\u0131n \u0259leyhin\u0259 olanlarla b\u0259rab\u0259r, panikaya d\u00fc\u015f\u00fcb \u00fcmumi dal\u011fada evl\u0259rini t\u0259rk ed\u0259nl\u0259r d\u0259 var. Ekspertl\u0259rin fikrinc\u0259, haz\u0131rda k\u00f6\u00e7\u0259n erm\u0259nil\u0259rin bir qismi m\u00fc\u0259yy\u0259n zaman k\u0259siyind\u0259n sonra yenid\u0259n Qaraba\u011fa qay\u0131dacaq.<br><\/p>\n\n\n\n<p><strong>\u201cAz\u0259rbaycan \u00fc\u00e7\u00fcn Qaraba\u011fdan erm\u0259nil\u0259rin tamamil\u0259 getm\u0259sinin qar\u015f\u0131s\u0131n\u0131 almas\u0131 \u00e7ox \u00e7\u0259tindir\u201d<\/strong><br><\/p>\n\n\n\n<p>M\u0259s\u0259l\u0259ni Meydan TV \u00fc\u00e7\u00fcn \u015f\u0259rh ed\u0259n siyasi t\u0259hlil\u00e7i Rauf Mirq\u0259dirov erm\u0259nil\u0259rin Qaraba\u011fdan k\u00fctl\u0259vi \u015f\u0259kild\u0259 k\u00f6\u00e7 etm\u0259sinin b\u00fct\u00f6vl\u00fckd\u0259 xo\u015fag\u0259l\u0259n proses olmad\u0131\u011f\u0131n\u0131 v\u0259 b\u00fct\u00fcn hallarda Az\u0259rbaycan\u0131n maraqlar\u0131na zidd oldu\u011funu deyib.<\/p>\n\n\n\n<p>O xat\u0131rlad\u0131b ki, Az\u0259rbaycan d\u0259f\u0259l\u0259rl\u0259 Erm\u0259nistanda ya\u015fayan az\u0259rbaycanl\u0131lar\u0131n qaytar\u0131lmas\u0131n\u0131n t\u0259r\u0259fdar\u0131 oldu\u011funu bildirib, h\u0259tta d\u00f6vl\u0259t ba\u015f\u00e7\u0131s\u0131 d\u0259 bel\u0259 a\u00e7\u0131qlama verib.<\/p>\n\n\n\n<p><em>\u201c\u018fg\u0259r erm\u0259nil\u0259r Qaraba\u011f\u0131 tamamil\u0259 t\u0259rk ed\u0259c\u0259ks\u0259, bu, qa\u00e7q\u0131nlar problemini g\u00fcnd\u0259md\u0259n \u00e7\u0131xaracaq v\u0259 az\u0259rbaycanl\u0131lar\u0131n h\u0259min \u0259razil\u0259r\u0259 qay\u0131tmas\u0131 qeyri-m\u00fcmk\u00fcn olacaq. \u0130ndiki zamanda Az\u0259rbaycan t\u0259hdidl\u0259r\u0259 m\u0259ruz qalmasa da, g\u0259l\u0259c\u0259kd\u0259 etnik t\u0259mizl\u0259m\u0259 ittiham\u0131 il\u0259 qar\u015f\u0131la\u015fa bil\u0259r. D\u00fczd\u00fcr, Hikm\u0259t Hac\u0131yev bel\u0259 bir ittiham\u0131 Az\u0259rbaycan xalq\u0131 \u00fc\u00e7\u00fcn t\u0259hqir say\u0131r. Amma m\u0259s\u0259l\u0259 ondan ibar\u0259tdir ki, Az\u0259rbaycan \u00fc\u00e7\u00fcn Qaraba\u011fdan erm\u0259nil\u0259rin tamamil\u0259 getm\u0259sinin qar\u015f\u0131s\u0131n\u0131 almas\u0131 \u00e7ox \u00e7\u0259tindir\u201d, &#8211; <\/em>o deyib.<\/p>\n\n\n\n<p>Rauf Mirq\u0259dirovun fikrinc\u0259, erm\u0259nil\u0259rin k\u00fctl\u0259vi \u015f\u0259kild\u0259 k\u00f6\u00e7\u00fcn\u00fcn bir \u00e7ox s\u0259b\u0259bl\u0259ri var. O hesab edir ki, s\u0259b\u0259bl\u0259rd\u0259n biri panikad\u0131r. Ekspert xat\u0131rlad\u0131b ki, 90-c\u0131 ill\u0259rd\u0259ki h\u0259rbi \u0259m\u0259liyyatlar zaman\u0131 Erm\u0259nistan qo\u015funlar\u0131 h\u0259r hans\u0131 bir \u015f\u0259h\u0259r\u0259, ya\u015fay\u0131\u015f m\u0259nt\u0259q\u0259sin\u0259 yax\u0131nla\u015fark\u0259n insanlar panikada oran\u0131 t\u0259rk edirdil\u0259r. Onun fikrinc\u0259, haz\u0131rda da erm\u0259nil\u0259rd\u0259 eyni panika var.<\/p>\n\n\n<div class=\"wp-block-image\">\n<figure class=\"aligncenter size-full\"><img decoding=\"async\" width=\"1200\" height=\"800\" data-src=\"https:\/\/www.meydan.tv\/wp-content\/uploads\/untitled-design-78.jpg\" alt=\"\" class=\"wp-image-262578 lazyload\" src=\"data:image\/svg+xml;base64,PHN2ZyB3aWR0aD0iMSIgaGVpZ2h0PSIxIiB4bWxucz0iaHR0cDovL3d3dy53My5vcmcvMjAwMC9zdmciPjwvc3ZnPg==\" style=\"--smush-placeholder-width: 1200px; --smush-placeholder-aspect-ratio: 1200\/800;\" \/><figcaption class=\"wp-element-caption\">Foto: Rauf Mirq\u0259dirovun \u015f\u0259xsi arxivind\u0259n<\/figcaption><\/figure>\n<\/div>\n\n\n<p><em>\u201cH\u0259m 30 illik ayr\u0131 ya\u015fay\u0131\u015f, h\u0259m d\u0259 t\u0259bli\u011fat ma\u015f\u0131n\u0131n\u0131n m\u0259nfi t\u0259siri h\u0259r iki t\u0259r\u0259fd\u0259 d\u00fc\u015fm\u0259n obraz\u0131 yarad\u0131b. Y\u0259qin ki, \u015f\u0259kill\u0259rin alt\u0131ndak\u0131 \u015f\u0259rhl\u0259ri ham\u0131m\u0131z oxumu\u015fuq. M\u0259n panikan\u0131 v\u0259 \u015f\u0259rhl\u0259ri n\u0259 q\u0259d\u0259r m\u0259qbul saymasam da, t\u0259bii proses kimi g\u00f6r\u00fcr\u0259m. \u0130nsanlar\u0131n beynini bir g\u00fcnd\u0259 d\u0259yi\u015fm\u0259k m\u00fcmk\u00fcns\u00fczd\u00fcr\u201d, <\/em>&#8211; Rauf Mirq\u0259dirov vur\u011fulay\u0131b.<\/p>\n\n\n\n<p>Bununla bel\u0259, siyasi \u015f\u0259rh\u00e7i bu m\u0259s\u0259l\u0259d\u0259 Az\u0259rbaycan t\u0259r\u0259find\u0259n ham\u0131n\u0131n \u00e7\u0131x\u0131b getm\u0259sin\u0259 y\u00f6n\u0259l\u0259n d\u00fc\u015f\u00fcn\u00fclm\u00fc\u015f siyas\u0259t g\u00f6rm\u0259diyini b\u0259yan edib.<br>Haz\u0131rda k\u00f6\u00e7 ed\u0259n erm\u0259nil\u0259rin bir hiss\u0259sinin m\u00fc\u0259yy\u0259n d\u00f6vrd\u0259n sonra geri qay\u0131da bil\u0259c\u0259yini ehtimal ed\u0259n Rauf Mirq\u0259dirov vur\u011fulay\u0131b ki, qay\u0131d\u0131\u015f\u0131n miqyas\u0131 daha \u00e7ox s\u00fclh sazi\u015find\u0259ki m\u00fcdd\u0259aya ba\u011fl\u0131 olacaq.<\/p>\n\n\n\n<p>\u201c<em>H\u0259min m\u00fcdd\u0259an\u0131n da Bak\u0131 v\u0259 Yerevan t\u0259r\u0259find\u0259n n\u0259 d\u0259r\u0259c\u0259d\u0259 yerin\u0259 yetirilm\u0259sind\u0259n as\u0131l\u0131d\u0131r\u201d,<\/em> &#8211; siyasi t\u0259hlil\u00e7i deyib.<br><\/p>\n\n\n\n<p><strong>\u201cErm\u0259ni v\u0259 az\u0259rbaycanl\u0131lar\u0131n yenid\u0259n bir yerd\u0259 ya\u015famaq potensial\u0131 var\u201d<\/strong><br><\/p>\n\n\n\n<p>H\u00fcquq m\u00fcdafi\u0259\u00e7isi Arzu Abdullayeva is\u0259 erm\u0259nil\u0259rin k\u00fctl\u0259vi k\u00f6\u00e7\u00fc fonunda onlar\u0131n reinteqrasiyas\u0131n\u0131n t\u0259\u015fkilinin yaranacaq v\u0259ziyy\u0259td\u0259n as\u0131l\u0131 olaca\u011f\u0131n\u0131 deyib.<\/p>\n\n\n\n<p><em>\u201cH\u0259l\u0259 ki, erm\u0259nil\u0259r Qaraba\u011f\u0131 t\u0259rk edir. Yaln\u0131z yaranacaq v\u0259ziyy\u0259td\u0259n as\u0131l\u0131 olaraq t\u0259klifl\u0259r g\u00fcnd\u0259m\u0259 g\u0259l\u0259c\u0259k. \u0130lkin olaraq s\u00fclh m\u00fcqavil\u0259si, dan\u0131\u015f\u0131qlar\u0131n nec\u0259 getm\u0259si v\u0259 bunlar\u0131n fonunda m\u00fcnasib\u0259tl\u0259r yax\u015f\u0131la\u015facaq v\u0259 ya g\u0259rginl\u0259\u015f\u0259c\u0259k, bu suallara cavab olmal\u0131d\u0131r\u201d, &#8211; <\/em>o deyib.<\/p>\n\n\n\n<p>H\u00fcquq m\u00fcdafi\u0259\u00e7isi erm\u0259nil\u0259r median\u0131n geri qay\u0131tmaqlar\u0131 il\u0259 ba\u011fl\u0131 suallar\u0131na v\u0259ziyy\u0259t\u0259 baxacaqlar\u0131n\u0131 dedikl\u0259rini xat\u0131rlad\u0131b.<\/p>\n\n\n\n<p>\u201c<em>Ya\u015fl\u0131 insanlar qay\u0131tmaq ist\u0259dikl\u0259rini deyirl\u0259r. \u00d6z\u00fc d\u0259 Az\u0259rbaycan dilind\u0259 dan\u0131\u015f\u0131rlar. Bu, o dem\u0259kdir ki, onlar\u0131n yadda\u015f\u0131nda yax\u015f\u0131 hallar qal\u0131b. Ba\u015fa d\u00fc\u015f\u00fcrl\u0259r ki, iki xalq\u0131 d\u00fc\u015fm\u0259n edibl\u0259r, xalqlar\u0131n da buna m\u00fcqavim\u0259t g\u00f6st\u0259rm\u0259y\u0259 a\u011fl\u0131 v\u0259 m\u0259d\u0259niyy\u0259ti \u00e7atmay\u0131b\u201d, &#8211;<\/em> Arzu Abdullayeva bildirib.<\/p>\n\n\n\n<p>O hesab edir ki, xalqlar\u0131n yenid\u0259n bir yerd\u0259 ya\u015famaq potensial\u0131 var.<\/p>\n\n\n\n<p>\u201c<em>\u018fg\u0259r \u015f\u0259rait yax\u015f\u0131 olarsa, qay\u0131darlar, onda ba\u015fa d\u00fc\u015f\u0259rl\u0259r ki, inteqrasiya olunmal\u0131d\u0131rlar. B\u0259lk\u0259 bu s\u00f6z onlarda m\u0259nfi assosiasiya olunur. Amma bu, birg\u0259 ya\u015fay\u0131\u015f kimi t\u0259klif olunsa, q\u0259bul edil\u0259ndir\u201d, &#8211;<\/em> o deyib.<\/p>\n\n\n\n<figure class=\"wp-block-image size-full\"><img decoding=\"async\" width=\"1200\" height=\"800\" data-src=\"https:\/\/www.meydan.tv\/wp-content\/uploads\/untitled-design-2-89.jpg\" alt=\"\" class=\"wp-image-272213 lazyload\" src=\"data:image\/svg+xml;base64,PHN2ZyB3aWR0aD0iMSIgaGVpZ2h0PSIxIiB4bWxucz0iaHR0cDovL3d3dy53My5vcmcvMjAwMC9zdmciPjwvc3ZnPg==\" style=\"--smush-placeholder-width: 1200px; --smush-placeholder-aspect-ratio: 1200\/800;\" \/><figcaption class=\"wp-element-caption\">Arzu Abdullayeva. Foto: Meydan TV<\/figcaption><\/figure>\n\n\n\n<p>Arzu Abdullayevan\u0131n fikrinc\u0259, 30 illik m\u00fcnaqi\u015f\u0259d\u0259n sonra erm\u0259ni v\u0259 az\u0259rbaycanl\u0131lar aras\u0131nda birg\u0259 ya\u015fay\u0131\u015f\u0131 d\u00fczg\u00fcn siyas\u0259t v\u0259 yax\u015f\u0131 m\u00fcnasib\u0259tl\u0259 t\u0259min etm\u0259k olar.<\/p>\n\n\n\n<p>\u201c<em>\u018fg\u0259r normal atmosfer yarad\u0131lacaqsa, t\u0259klifl\u0259r m\u00fcsb\u0259t y\u00f6nd\u0259 t\u0259bli\u011f olunacaqsa, insanlar aras\u0131nda d\u00fc\u015fm\u0259n\u00e7iliyin art\u0131q arxada qald\u0131\u011f\u0131 istiqam\u0259tind\u0259 i\u015f apar\u0131lacaqsa, birg\u0259 ya\u015fay\u0131\u015f m\u00fcmk\u00fcnd\u00fcr. G\u0259l\u0259c\u0259k n\u0259sill\u0259r namin\u0259 d\u00fc\u015fm\u0259n\u00e7iliy\u0259 son qoyulmal\u0131d\u0131r. \u018fb\u0259di d\u00fc\u015fm\u0259n\u00e7ilik \u00e7ox pisdir\u201d, <\/em>&#8211; h\u00fcquq m\u00fcdafi\u0259\u00e7isi bildirib.<\/p>\n\n\n\n<p>O hesab edir ki, haz\u0131rda k\u00f6\u00e7 ed\u0259n erm\u0259nil\u0259rin m\u00fclkiyy\u0259t v\u0259 dig\u0259r h\u00fcquqlar\u0131 t\u0259klifl\u0259rin i\u00e7ind\u0259 olmal\u0131d\u0131r.<\/p>\n\n\n\n<p>\u201c<em>Y\u0259ni Az\u0259rbaycan v\u0259t\u0259nda\u015fl\u0131\u011f\u0131n\u0131 q\u0259bul ed\u0259nl\u0259rin m\u00fclkiyy\u0259t v\u0259 se\u00e7ilm\u0259k h\u00fcquqlar\u0131 da olmal\u0131d\u0131r. Ancaq onlar getm\u0259y\u0259 \u00fcst\u00fcnl\u00fck ver\u0259c\u0259kl\u0259rs\u0259, o zaman Az\u0259rbaycan h\u00f6kum\u0259ti evl\u0259rini ala bil\u0259r\u201d, <\/em>&#8211; Arzu Abdullayeva deyib.\u00a0<\/p>\n","protected":false},"excerpt":{"rendered":"<p>Rauf Mirq\u0259dirov: \u201cAz\u0259rbaycan g\u0259l\u0259c\u0259kd\u0259 etnik t\u0259mizl\u0259m\u0259 ittiham\u0131 il\u0259 qar\u015f\u0131la\u015fa bil\u0259r\u201d &#8230; <\/p>\n<p class=\"read-more-container\"><a title=\"Erm\u0259nil\u0259rin Qaraba\u011fdan k\u00fctl\u0259vi k\u00f6\u00e7\u00fc: panika v\u0259 ya etimads\u0131zl\u0131q\" class=\"read-more button\" href=\"https:\/\/www.meydan.tv\/az\/article\/ermenilerin-qarabagdan-kutlevi-kocu-panika-ve-ya-etimadsizliq\/#more-286213\" aria-label=\"Read more about Erm\u0259nil\u0259rin Qaraba\u011fdan k\u00fctl\u0259vi k\u00f6\u00e7\u00fc: panika v\u0259 ya etimads\u0131zl\u0131q\">Davam\u0131<\/a><\/p>\n","protected":false},"author":8,"featured_media":285864,"comment_status":"closed","ping_status":"closed","sticky":false,"template":"","format":"standard","meta":{"_acf_changed":false,"_sitemap_exclude":false,"_sitemap_priority":"","_sitemap_frequency":"","footnotes":""},"categories":[59,79,56],"tags":[],"class_list":["post-286213","post","type-post","status-publish","format-standard","has-post-thumbnail","hentry","category-siyaset","category-featured","category-xeberler","infinite-scroll-item","generate-columns","tablet-grid-50","mobile-grid-100","grid-parent","grid-33","no-featured-image-padding"],"acf":[],"yoast_head":"<!-- This site is optimized with the Yoast SEO plugin v27.4 - https:\/\/yoast.com\/product\/yoast-seo-wordpress\/ -->\n<title>Erm\u0259nil\u0259rin Qaraba\u011fdan k\u00fctl\u0259vi k\u00f6\u00e7\u00fc: panika v\u0259 ya etimads\u0131zl\u0131q - MEYDAN.TV<\/title>\n<meta name=\"robots\" content=\"index, follow, max-snippet:-1, max-image-preview:large, max-video-preview:-1\" \/>\n<link rel=\"canonical\" href=\"https:\/\/www.meydan.tv\/az\/article\/ermenilerin-qarabagdan-kutlevi-kocu-panika-ve-ya-etimadsizliq\/\" \/>\n<meta property=\"og:locale\" content=\"az_AZ\" \/>\n<meta property=\"og:type\" content=\"article\" \/>\n<meta property=\"og:title\" content=\"Erm\u0259nil\u0259rin Qaraba\u011fdan k\u00fctl\u0259vi k\u00f6\u00e7\u00fc: panika v\u0259 ya etimads\u0131zl\u0131q - MEYDAN.TV\" \/>\n<meta property=\"og:description\" content=\"Rauf Mirq\u0259dirov: \u201cAz\u0259rbaycan g\u0259l\u0259c\u0259kd\u0259 etnik t\u0259mizl\u0259m\u0259 ittiham\u0131 il\u0259 qar\u015f\u0131la\u015fa bil\u0259r\u201d ... Davam\u0131\" \/>\n<meta property=\"og:url\" content=\"https:\/\/www.meydan.tv\/az\/article\/ermenilerin-qarabagdan-kutlevi-kocu-panika-ve-ya-etimadsizliq\/\" \/>\n<meta property=\"og:site_name\" content=\"MEYDAN.TV\" \/>\n<meta property=\"article:published_time\" content=\"2023-09-28T07:13:30+00:00\" \/>\n<meta property=\"article:modified_time\" content=\"2023-09-28T07:13:33+00:00\" \/>\n<meta property=\"og:image\" content=\"https:\/\/www.meydan.tv\/wp-content\/uploads\/01000000-0aff-0242-9ecb-08dbbdbbda8b_w1597_n_r1_st_s.jpg\" \/>\n\t<meta property=\"og:image:width\" content=\"1200\" \/>\n\t<meta property=\"og:image:height\" content=\"675\" \/>\n\t<meta property=\"og:image:type\" content=\"image\/jpeg\" \/>\n<meta name=\"author\" content=\"elli\" \/>\n<meta name=\"twitter:card\" content=\"summary_large_image\" \/>\n<meta name=\"twitter:creator\" content=\"@elli\" \/>\n<script type=\"application\/ld+json\" class=\"yoast-schema-graph\">{\"@context\":\"https:\\\/\\\/schema.org\",\"@graph\":[{\"@type\":\"Article\",\"@id\":\"https:\\\/\\\/www.meydan.tv\\\/az\\\/article\\\/ermenilerin-qarabagdan-kutlevi-kocu-panika-ve-ya-etimadsizliq\\\/#article\",\"isPartOf\":{\"@id\":\"https:\\\/\\\/www.meydan.tv\\\/az\\\/article\\\/ermenilerin-qarabagdan-kutlevi-kocu-panika-ve-ya-etimadsizliq\\\/\"},\"author\":{\"name\":\"elli\",\"@id\":\"https:\\\/\\\/www.meydan.tv\\\/az\\\/#\\\/schema\\\/person\\\/9cdbecf90d17180ce1dfbd95b08dcf47\"},\"headline\":\"Erm\u0259nil\u0259rin Qaraba\u011fdan k\u00fctl\u0259vi k\u00f6\u00e7\u00fc: panika v\u0259 ya etimads\u0131zl\u0131q\",\"datePublished\":\"2023-09-28T07:13:30+00:00\",\"dateModified\":\"2023-09-28T07:13:33+00:00\",\"mainEntityOfPage\":{\"@id\":\"https:\\\/\\\/www.meydan.tv\\\/az\\\/article\\\/ermenilerin-qarabagdan-kutlevi-kocu-panika-ve-ya-etimadsizliq\\\/\"},\"wordCount\":1386,\"publisher\":{\"@id\":\"https:\\\/\\\/www.meydan.tv\\\/az\\\/#organization\"},\"image\":{\"@id\":\"https:\\\/\\\/www.meydan.tv\\\/az\\\/article\\\/ermenilerin-qarabagdan-kutlevi-kocu-panika-ve-ya-etimadsizliq\\\/#primaryimage\"},\"thumbnailUrl\":\"https:\\\/\\\/www.meydan.tv\\\/wp-content\\\/uploads\\\/01000000-0aff-0242-9ecb-08dbbdbbda8b_w1597_n_r1_st_s.jpg\",\"articleSection\":[\"Siyas\u0259t\",\"T\u00f6vsiy\u0259\",\"X\u0259b\u0259rl\u0259r\"],\"inLanguage\":\"az\"},{\"@type\":\"WebPage\",\"@id\":\"https:\\\/\\\/www.meydan.tv\\\/az\\\/article\\\/ermenilerin-qarabagdan-kutlevi-kocu-panika-ve-ya-etimadsizliq\\\/\",\"url\":\"https:\\\/\\\/www.meydan.tv\\\/az\\\/article\\\/ermenilerin-qarabagdan-kutlevi-kocu-panika-ve-ya-etimadsizliq\\\/\",\"name\":\"Erm\u0259nil\u0259rin Qaraba\u011fdan k\u00fctl\u0259vi k\u00f6\u00e7\u00fc: panika v\u0259 ya etimads\u0131zl\u0131q - MEYDAN.TV\",\"isPartOf\":{\"@id\":\"https:\\\/\\\/www.meydan.tv\\\/az\\\/#website\"},\"primaryImageOfPage\":{\"@id\":\"https:\\\/\\\/www.meydan.tv\\\/az\\\/article\\\/ermenilerin-qarabagdan-kutlevi-kocu-panika-ve-ya-etimadsizliq\\\/#primaryimage\"},\"image\":{\"@id\":\"https:\\\/\\\/www.meydan.tv\\\/az\\\/article\\\/ermenilerin-qarabagdan-kutlevi-kocu-panika-ve-ya-etimadsizliq\\\/#primaryimage\"},\"thumbnailUrl\":\"https:\\\/\\\/www.meydan.tv\\\/wp-content\\\/uploads\\\/01000000-0aff-0242-9ecb-08dbbdbbda8b_w1597_n_r1_st_s.jpg\",\"datePublished\":\"2023-09-28T07:13:30+00:00\",\"dateModified\":\"2023-09-28T07:13:33+00:00\",\"breadcrumb\":{\"@id\":\"https:\\\/\\\/www.meydan.tv\\\/az\\\/article\\\/ermenilerin-qarabagdan-kutlevi-kocu-panika-ve-ya-etimadsizliq\\\/#breadcrumb\"},\"inLanguage\":\"az\",\"potentialAction\":[{\"@type\":\"ReadAction\",\"target\":[\"https:\\\/\\\/www.meydan.tv\\\/az\\\/article\\\/ermenilerin-qarabagdan-kutlevi-kocu-panika-ve-ya-etimadsizliq\\\/\"]}]},{\"@type\":\"ImageObject\",\"inLanguage\":\"az\",\"@id\":\"https:\\\/\\\/www.meydan.tv\\\/az\\\/article\\\/ermenilerin-qarabagdan-kutlevi-kocu-panika-ve-ya-etimadsizliq\\\/#primaryimage\",\"url\":\"https:\\\/\\\/www.meydan.tv\\\/wp-content\\\/uploads\\\/01000000-0aff-0242-9ecb-08dbbdbbda8b_w1597_n_r1_st_s.jpg\",\"contentUrl\":\"https:\\\/\\\/www.meydan.tv\\\/wp-content\\\/uploads\\\/01000000-0aff-0242-9ecb-08dbbdbbda8b_w1597_n_r1_st_s.jpg\",\"width\":1200,\"height\":675,\"caption\":\"Foto: Reuters\"},{\"@type\":\"BreadcrumbList\",\"@id\":\"https:\\\/\\\/www.meydan.tv\\\/az\\\/article\\\/ermenilerin-qarabagdan-kutlevi-kocu-panika-ve-ya-etimadsizliq\\\/#breadcrumb\",\"itemListElement\":[{\"@type\":\"ListItem\",\"position\":1,\"name\":\"Ana s\u0259hif\u0259\",\"item\":\"https:\\\/\\\/www.meydan.tv\\\/az\\\/\"},{\"@type\":\"ListItem\",\"position\":2,\"name\":\"Siyas\u0259t\",\"item\":\"https:\\\/\\\/www.meydan.tv\\\/az\\\/section\\\/siyaset\\\/\"},{\"@type\":\"ListItem\",\"position\":3,\"name\":\"Erm\u0259nil\u0259rin Qaraba\u011fdan k\u00fctl\u0259vi k\u00f6\u00e7\u00fc: panika v\u0259 ya etimads\u0131zl\u0131q\"}]},{\"@type\":\"WebSite\",\"@id\":\"https:\\\/\\\/www.meydan.tv\\\/az\\\/#website\",\"url\":\"https:\\\/\\\/www.meydan.tv\\\/az\\\/\",\"name\":\"MEYDAN.TV\",\"description\":\"Meydan TV Az\u0259rbaycan\u0131n media m\u0259kan\u0131ndak\u0131 alternativ s\u0259sidir\",\"publisher\":{\"@id\":\"https:\\\/\\\/www.meydan.tv\\\/az\\\/#organization\"},\"potentialAction\":[{\"@type\":\"SearchAction\",\"target\":{\"@type\":\"EntryPoint\",\"urlTemplate\":\"https:\\\/\\\/www.meydan.tv\\\/az\\\/?s={search_term_string}\"},\"query-input\":{\"@type\":\"PropertyValueSpecification\",\"valueRequired\":true,\"valueName\":\"search_term_string\"}}],\"inLanguage\":\"az\"},{\"@type\":\"Organization\",\"@id\":\"https:\\\/\\\/www.meydan.tv\\\/az\\\/#organization\",\"name\":\"Meydan TV\",\"url\":\"https:\\\/\\\/www.meydan.tv\\\/az\\\/\",\"logo\":{\"@type\":\"ImageObject\",\"inLanguage\":\"az\",\"@id\":\"https:\\\/\\\/www.meydan.tv\\\/az\\\/#\\\/schema\\\/logo\\\/image\\\/\",\"url\":\"https:\\\/\\\/www.meydan.tv\\\/wp-content\\\/uploads\\\/2021\\\/07\\\/meydan-logo.svg\",\"contentUrl\":\"https:\\\/\\\/www.meydan.tv\\\/wp-content\\\/uploads\\\/2021\\\/07\\\/meydan-logo.svg\",\"width\":195,\"height\":46,\"caption\":\"Meydan TV\"},\"image\":{\"@id\":\"https:\\\/\\\/www.meydan.tv\\\/az\\\/#\\\/schema\\\/logo\\\/image\\\/\"}},{\"@type\":\"Person\",\"@id\":\"https:\\\/\\\/www.meydan.tv\\\/az\\\/#\\\/schema\\\/person\\\/9cdbecf90d17180ce1dfbd95b08dcf47\",\"name\":\"elli\",\"sameAs\":[\"https:\\\/\\\/x.com\\\/elli\"]}]}<\/script>\n<!-- \/ Yoast SEO plugin. -->","yoast_head_json":{"title":"Erm\u0259nil\u0259rin Qaraba\u011fdan k\u00fctl\u0259vi k\u00f6\u00e7\u00fc: panika v\u0259 ya etimads\u0131zl\u0131q - MEYDAN.TV","robots":{"index":"index","follow":"follow","max-snippet":"max-snippet:-1","max-image-preview":"max-image-preview:large","max-video-preview":"max-video-preview:-1"},"canonical":"https:\/\/www.meydan.tv\/az\/article\/ermenilerin-qarabagdan-kutlevi-kocu-panika-ve-ya-etimadsizliq\/","og_locale":"az_AZ","og_type":"article","og_title":"Erm\u0259nil\u0259rin Qaraba\u011fdan k\u00fctl\u0259vi k\u00f6\u00e7\u00fc: panika v\u0259 ya etimads\u0131zl\u0131q - MEYDAN.TV","og_description":"Rauf Mirq\u0259dirov: \u201cAz\u0259rbaycan g\u0259l\u0259c\u0259kd\u0259 etnik t\u0259mizl\u0259m\u0259 ittiham\u0131 il\u0259 qar\u015f\u0131la\u015fa bil\u0259r\u201d ... Davam\u0131","og_url":"https:\/\/www.meydan.tv\/az\/article\/ermenilerin-qarabagdan-kutlevi-kocu-panika-ve-ya-etimadsizliq\/","og_site_name":"MEYDAN.TV","article_published_time":"2023-09-28T07:13:30+00:00","article_modified_time":"2023-09-28T07:13:33+00:00","og_image":[{"width":1200,"height":675,"url":"https:\/\/www.meydan.tv\/wp-content\/uploads\/01000000-0aff-0242-9ecb-08dbbdbbda8b_w1597_n_r1_st_s.jpg","type":"image\/jpeg"}],"author":"elli","twitter_card":"summary_large_image","twitter_creator":"@elli","schema":{"@context":"https:\/\/schema.org","@graph":[{"@type":"Article","@id":"https:\/\/www.meydan.tv\/az\/article\/ermenilerin-qarabagdan-kutlevi-kocu-panika-ve-ya-etimadsizliq\/#article","isPartOf":{"@id":"https:\/\/www.meydan.tv\/az\/article\/ermenilerin-qarabagdan-kutlevi-kocu-panika-ve-ya-etimadsizliq\/"},"author":{"name":"elli","@id":"https:\/\/www.meydan.tv\/az\/#\/schema\/person\/9cdbecf90d17180ce1dfbd95b08dcf47"},"headline":"Erm\u0259nil\u0259rin Qaraba\u011fdan k\u00fctl\u0259vi k\u00f6\u00e7\u00fc: panika v\u0259 ya etimads\u0131zl\u0131q","datePublished":"2023-09-28T07:13:30+00:00","dateModified":"2023-09-28T07:13:33+00:00","mainEntityOfPage":{"@id":"https:\/\/www.meydan.tv\/az\/article\/ermenilerin-qarabagdan-kutlevi-kocu-panika-ve-ya-etimadsizliq\/"},"wordCount":1386,"publisher":{"@id":"https:\/\/www.meydan.tv\/az\/#organization"},"image":{"@id":"https:\/\/www.meydan.tv\/az\/article\/ermenilerin-qarabagdan-kutlevi-kocu-panika-ve-ya-etimadsizliq\/#primaryimage"},"thumbnailUrl":"https:\/\/www.meydan.tv\/wp-content\/uploads\/01000000-0aff-0242-9ecb-08dbbdbbda8b_w1597_n_r1_st_s.jpg","articleSection":["Siyas\u0259t","T\u00f6vsiy\u0259","X\u0259b\u0259rl\u0259r"],"inLanguage":"az"},{"@type":"WebPage","@id":"https:\/\/www.meydan.tv\/az\/article\/ermenilerin-qarabagdan-kutlevi-kocu-panika-ve-ya-etimadsizliq\/","url":"https:\/\/www.meydan.tv\/az\/article\/ermenilerin-qarabagdan-kutlevi-kocu-panika-ve-ya-etimadsizliq\/","name":"Erm\u0259nil\u0259rin Qaraba\u011fdan k\u00fctl\u0259vi k\u00f6\u00e7\u00fc: panika v\u0259 ya etimads\u0131zl\u0131q - MEYDAN.TV","isPartOf":{"@id":"https:\/\/www.meydan.tv\/az\/#website"},"primaryImageOfPage":{"@id":"https:\/\/www.meydan.tv\/az\/article\/ermenilerin-qarabagdan-kutlevi-kocu-panika-ve-ya-etimadsizliq\/#primaryimage"},"image":{"@id":"https:\/\/www.meydan.tv\/az\/article\/ermenilerin-qarabagdan-kutlevi-kocu-panika-ve-ya-etimadsizliq\/#primaryimage"},"thumbnailUrl":"https:\/\/www.meydan.tv\/wp-content\/uploads\/01000000-0aff-0242-9ecb-08dbbdbbda8b_w1597_n_r1_st_s.jpg","datePublished":"2023-09-28T07:13:30+00:00","dateModified":"2023-09-28T07:13:33+00:00","breadcrumb":{"@id":"https:\/\/www.meydan.tv\/az\/article\/ermenilerin-qarabagdan-kutlevi-kocu-panika-ve-ya-etimadsizliq\/#breadcrumb"},"inLanguage":"az","potentialAction":[{"@type":"ReadAction","target":["https:\/\/www.meydan.tv\/az\/article\/ermenilerin-qarabagdan-kutlevi-kocu-panika-ve-ya-etimadsizliq\/"]}]},{"@type":"ImageObject","inLanguage":"az","@id":"https:\/\/www.meydan.tv\/az\/article\/ermenilerin-qarabagdan-kutlevi-kocu-panika-ve-ya-etimadsizliq\/#primaryimage","url":"https:\/\/www.meydan.tv\/wp-content\/uploads\/01000000-0aff-0242-9ecb-08dbbdbbda8b_w1597_n_r1_st_s.jpg","contentUrl":"https:\/\/www.meydan.tv\/wp-content\/uploads\/01000000-0aff-0242-9ecb-08dbbdbbda8b_w1597_n_r1_st_s.jpg","width":1200,"height":675,"caption":"Foto: Reuters"},{"@type":"BreadcrumbList","@id":"https:\/\/www.meydan.tv\/az\/article\/ermenilerin-qarabagdan-kutlevi-kocu-panika-ve-ya-etimadsizliq\/#breadcrumb","itemListElement":[{"@type":"ListItem","position":1,"name":"Ana s\u0259hif\u0259","item":"https:\/\/www.meydan.tv\/az\/"},{"@type":"ListItem","position":2,"name":"Siyas\u0259t","item":"https:\/\/www.meydan.tv\/az\/section\/siyaset\/"},{"@type":"ListItem","position":3,"name":"Erm\u0259nil\u0259rin Qaraba\u011fdan k\u00fctl\u0259vi k\u00f6\u00e7\u00fc: panika v\u0259 ya etimads\u0131zl\u0131q"}]},{"@type":"WebSite","@id":"https:\/\/www.meydan.tv\/az\/#website","url":"https:\/\/www.meydan.tv\/az\/","name":"MEYDAN.TV","description":"Meydan TV Az\u0259rbaycan\u0131n media m\u0259kan\u0131ndak\u0131 alternativ s\u0259sidir","publisher":{"@id":"https:\/\/www.meydan.tv\/az\/#organization"},"potentialAction":[{"@type":"SearchAction","target":{"@type":"EntryPoint","urlTemplate":"https:\/\/www.meydan.tv\/az\/?s={search_term_string}"},"query-input":{"@type":"PropertyValueSpecification","valueRequired":true,"valueName":"search_term_string"}}],"inLanguage":"az"},{"@type":"Organization","@id":"https:\/\/www.meydan.tv\/az\/#organization","name":"Meydan TV","url":"https:\/\/www.meydan.tv\/az\/","logo":{"@type":"ImageObject","inLanguage":"az","@id":"https:\/\/www.meydan.tv\/az\/#\/schema\/logo\/image\/","url":"https:\/\/www.meydan.tv\/wp-content\/uploads\/2021\/07\/meydan-logo.svg","contentUrl":"https:\/\/www.meydan.tv\/wp-content\/uploads\/2021\/07\/meydan-logo.svg","width":195,"height":46,"caption":"Meydan TV"},"image":{"@id":"https:\/\/www.meydan.tv\/az\/#\/schema\/logo\/image\/"}},{"@type":"Person","@id":"https:\/\/www.meydan.tv\/az\/#\/schema\/person\/9cdbecf90d17180ce1dfbd95b08dcf47","name":"elli","sameAs":["https:\/\/x.com\/elli"]}]}},"_links":{"self":[{"href":"https:\/\/www.meydan.tv\/az\/wp-json\/wp\/v2\/posts\/286213","targetHints":{"allow":["GET"]}}],"collection":[{"href":"https:\/\/www.meydan.tv\/az\/wp-json\/wp\/v2\/posts"}],"about":[{"href":"https:\/\/www.meydan.tv\/az\/wp-json\/wp\/v2\/types\/post"}],"author":[{"embeddable":true,"href":"https:\/\/www.meydan.tv\/az\/wp-json\/wp\/v2\/users\/8"}],"replies":[{"embeddable":true,"href":"https:\/\/www.meydan.tv\/az\/wp-json\/wp\/v2\/comments?post=286213"}],"version-history":[{"count":1,"href":"https:\/\/www.meydan.tv\/az\/wp-json\/wp\/v2\/posts\/286213\/revisions"}],"predecessor-version":[{"id":286217,"href":"https:\/\/www.meydan.tv\/az\/wp-json\/wp\/v2\/posts\/286213\/revisions\/286217"}],"wp:featuredmedia":[{"embeddable":true,"href":"https:\/\/www.meydan.tv\/az\/wp-json\/wp\/v2\/media\/285864"}],"wp:attachment":[{"href":"https:\/\/www.meydan.tv\/az\/wp-json\/wp\/v2\/media?parent=286213"}],"wp:term":[{"taxonomy":"category","embeddable":true,"href":"https:\/\/www.meydan.tv\/az\/wp-json\/wp\/v2\/categories?post=286213"},{"taxonomy":"post_tag","embeddable":true,"href":"https:\/\/www.meydan.tv\/az\/wp-json\/wp\/v2\/tags?post=286213"}],"curies":[{"name":"wp","href":"https:\/\/api.w.org\/{rel}","templated":true}]}}