{"id":286199,"date":"2023-09-27T21:59:36","date_gmt":"2023-09-27T17:59:36","guid":{"rendered":"https:\/\/www.meydan.tv\/?p=286199"},"modified":"2023-09-28T09:43:58","modified_gmt":"2023-09-28T05:43:58","slug":"qorisde-butun-oteller-qarabagli-qacqinlarla-dolub","status":"publish","type":"post","link":"https:\/\/www.meydan.tv\/az\/article\/qorisde-butun-oteller-qarabagli-qacqinlarla-dolub\/","title":{"rendered":"Qorisd\u0259 b\u00fct\u00fcn otell\u0259r qaraba\u011fl\u0131 qa\u00e7q\u0131nlarla dolub"},"content":{"rendered":"\n<p><a href=\"https:\/\/www.kavkaz-uzel.eu\/articles\/392872\" target=\"_blank\" rel=\"noreferrer noopener\">&#8220;Kavkazski uzel&#8221;<\/a>-in material\u0131<\/p>\n\n\n\n<p>\u00d6z\u0259l y\u00fckda\u015f\u0131ma \u015firk\u0259tl\u0259ri qa\u00e7q\u0131nlar\u0131n Yerevana v\u0259 Erm\u0259nistan\u0131n m\u00fcxt\u0259lif rayonlar\u0131na pulsuz da\u015f\u0131nmas\u0131n\u0131 t\u0259\u015fkil edib<\/p>\n\n\n\n<p>Qorisd\u0259ki mehmanxanalar qaraba\u011fl\u0131 qa\u00e7q\u0131nlarla dolub. Bu s\u0259b\u0259bd\u0259n qa\u00e7q\u0131nlar m\u00fcv\u0259qq\u0259ti ya\u015fay\u0131\u015f yeri almaq \u00fc\u00e7\u00fcn uzun m\u00fcdd\u0259t g\u00f6zl\u0259m\u0259li olurlar, &#8211; \u201cKavkazski uzel\u201din m\u00fcxbiri x\u0259b\u0259r verir.<\/p>\n\n\n\n<p>\u201cKavkazski uzel\u201d yaz\u0131r ki, Beyn\u0259lxalq Q\u0131rm\u0131z\u0131 Xa\u00e7 Komit\u0259si yerli hakimiyy\u0259tin k\u00f6m\u0259yi il\u0259 Qorisd\u0259 qaraba\u011fl\u0131 qa\u00e7q\u0131nlara yard\u0131m m\u0259rk\u0259zi t\u0259\u015fkil edib. Bel\u0259 ki, Qorisd\u0259 onlara tibbi yard\u0131m g\u00f6st\u0259rilir, qa\u00e7q\u0131nlar h\u0259m\u00e7inin azuq\u0259, m\u00fcv\u0259qq\u0259ti ya\u015fay\u0131\u015f yeri v\u0259 z\u0259ruri \u0259\u015fyalarla t\u0259min olunurlar.<\/p>\n\n\n\n<figure class=\"wp-block-image size-large is-resized\"><img decoding=\"async\" data-src=\"https:\/\/www.kavkaz-uzel.eu\/system\/uploads\/article_image\/image\/0027\/278862\/probka6.jpg\" alt=\"\" style=\"--smush-placeholder-width: 799px; --smush-placeholder-aspect-ratio: 799\/411;width:799px;height:411px\" width=\"799\" height=\"411\" src=\"data:image\/svg+xml;base64,PHN2ZyB3aWR0aD0iMSIgaGVpZ2h0PSIxIiB4bWxucz0iaHR0cDovL3d3dy53My5vcmcvMjAwMC9zdmciPjwvc3ZnPg==\" class=\"lazyload\" \/><\/figure>\n\n\n\n<p>Sentyabr\u0131n 25-d\u0259 qaraba\u011fl\u0131 qa\u00e7q\u0131nlar \u201cKavkazski uzel\u201din m\u00fcxbirin\u0259 h\u0259rbi \u0259m\u0259liyyatlar n\u0259tic\u0259sind\u0259 evsiz-e\u015fiksiz qald\u0131qlar\u0131n\u0131 s\u00f6yl\u0259yibl\u0259r. Onlar\u0131n bir hiss\u0259si h\u0259min g\u00fcn art\u0131q yola d\u00fc\u015f\u00fcbl\u0259r. Qa\u00e7q\u0131nlar\u0131n b\u0259zil\u0259ri bundan sonra qohumlar\u0131n\u0131n ya\u015fad\u0131qlar\u0131 \u015f\u0259h\u0259rl\u0259r\u0259 getm\u0259yi planla\u015fd\u0131rd\u0131qlar\u0131n\u0131 deyibl\u0259r.<\/p>\n\n\n\n<p>\u201cDa\u011fl\u0131q Qaraba\u011f\u201ddan S\u00fcnik b\u00f6lg\u0259sinin Qoris \u015f\u0259h\u0259rin\u0259 h\u0259r g\u00fcn qa\u00e7q\u0131nlar g\u0259lir. Onlar yerli hakimiyy\u0259tin v\u0259 Q\u0131rm\u0131z\u0131 Xa\u00e7\u0131n yaratd\u0131\u011f\u0131 qa\u00e7q\u0131nlar \u00fc\u00e7\u00fcn m\u0259rk\u0259z\u0259 m\u00fcraci\u0259t edirl\u0259r. Qoris meriyas\u0131n\u0131n m\u0259lumat\u0131na g\u00f6r\u0259, b\u00fct\u00fcn yerli mehmanxanalar dolub. Bu s\u0259b\u0259bd\u0259n b\u0259zi qa\u00e7q\u0131n ail\u0259l\u0259ri, o c\u00fcml\u0259d\u0259n u\u015faql\u0131 ail\u0259l\u0259r m\u00fcv\u0259qq\u0259ti ya\u015fay\u0131\u015f yeri il\u0259 t\u0259min olunmaq \u00fc\u00e7\u00fcn saatlarla g\u00f6zl\u0259m\u0259li olur, &#8211; \u201cKavkazski uzel\u201din m\u00fcxbiri x\u0259b\u0259r verib.<\/p>\n\n\n\n<p>\u00d6z\u0259l y\u00fckda\u015f\u0131ma \u015firk\u0259tl\u0259ri qa\u00e7q\u0131nlar\u0131n Yerevana v\u0259 Erm\u0259nistan\u0131n m\u00fcxt\u0259lif rayonlar\u0131na pulsuz da\u015f\u0131nmas\u0131n\u0131 t\u0259\u015fkil edib. \u201cDa\u011fl\u0131q Qaraba\u011f\u201d sakinl\u0259ri bunun say\u0259sind\u0259 \u00f6z qohumlar\u0131n\u0131n yan\u0131na ged\u0259 bil\u0259rl\u0259r. Erm\u0259nistan\u0131n mobil \u0259laq\u0259 operatorlar\u0131 h\u0259m\u00e7inin onlara mobil n\u00f6mr\u0259l\u0259r t\u0259qdim edirl\u0259r, bel\u0259 ki, qa\u00e7q\u0131nlar\u0131n bundan \u0259vv\u0259l istifad\u0259 etdikl\u0259ri mobil \u0259laq\u0259 qeyri-sabit i\u015fl\u0259yir. Onlar \u201cDa\u011fl\u0131q Qaraba\u011f\u201ddak\u0131 qohumlar\u0131na z\u0259ng vura bilmirl\u0259r.<\/p>\n\n\n\n<p>A\u011fd\u0259r\u0259 (Mardakert) sakini Arpine Aruponyan \u201cKavkazski uzel\u201din m\u00fcxbirin\u0259 sentyabr\u0131n 7-d\u0259 \u00f6vlad d\u00fcnyaya g\u0259tirdiyini deyib. S\u00f6yl\u0259diyin\u0259 g\u00f6r\u0259, \u00f6z\u00fc il\u0259 yaln\u0131z bir ne\u00e7\u0259 \u0259\u015fya v\u0259 s\u0259n\u0259d g\u00f6t\u00fcr\u0259 bilib v\u0259 Qoris\u0259 bir ne\u00e7\u0259 avtobus d\u0259yi\u015f\u0259r\u0259k g\u0259lib. Aruponyan\u0131n s\u00f6yl\u0259diyin\u0259 g\u00f6r\u0259, o \u00f6z\u00fc il\u0259 u\u015faq arabas\u0131n\u0131 v\u0259 u\u015faq \u0259skil\u0259rini g\u00f6t\u00fcr\u0259 bilm\u0259yib. Qorisd\u0259 Q\u0131rm\u0131z\u0131 Xa\u00e7 \u0259m\u0259kda\u015flar\u0131 ona d\u0259rman, pampers v\u0259 \u0259dyal verib.<\/p>\n\n\n\n<figure class=\"wp-block-image size-large is-resized\"><img decoding=\"async\" data-src=\"https:\/\/www.kavkaz-uzel.eu\/system\/uploads\/article_image\/image\/0027\/278787\/view_ApplicationFrameHost_mic4M4Gf8B.png\" alt=\"\" style=\"--smush-placeholder-width: 800px; --smush-placeholder-aspect-ratio: 800\/411;width:800px;height:411px\" width=\"800\" height=\"411\" src=\"data:image\/svg+xml;base64,PHN2ZyB3aWR0aD0iMSIgaGVpZ2h0PSIxIiB4bWxucz0iaHR0cDovL3d3dy53My5vcmcvMjAwMC9zdmciPjwvc3ZnPg==\" class=\"lazyload\" \/><\/figure>\n\n\n\n<p>Qoris\u0259 A\u011fd\u0259r\u0259d\u0259n (Mardakert) c\u0259mi bir ne\u00e7\u0259 qa\u00e7q\u0131n ail\u0259si g\u0259lib. Onlardan birinin \u00fczv\u00fc \u201cKavkazski uzel\u201d\u0259 dan\u0131\u015f\u0131b ki, ail\u0259si \u201cDa\u011fl\u0131q Qaraba\u011f\u201ddan Erm\u0259nistana avtobusda g\u0259tirilib.<\/p>\n\n\n\n<p>Haz\u0131rda Qorisd\u0259 olan bu v\u0259 dig\u0259r qa\u00e7q\u0131n ail\u0259l\u0259ri saat 05.00-dan (Moskva vaxt\u0131 il\u0259 04.00) onlara n\u0259 vaxt m\u00fcv\u0259q\u0259tti ya\u015fay\u0131\u015f yeri ayr\u0131laca\u011f\u0131n\u0131 g\u00f6zl\u0259yirl\u0259r. Uzun m\u00fcdd\u0259t g\u00f6zl\u0259m\u0259 qa\u00e7q\u0131nlar \u00fc\u00e7\u00fcn ya\u015fay\u0131\u015f yerinin \u00e7at\u0131\u015fmazl\u0131\u011f\u0131 il\u0259 ba\u011fl\u0131d\u0131r, &#8211; \u201cKavkazski uzel\u201din m\u00fcxbiri x\u0259b\u0259r verir.<\/p>\n\n\n\n<p>2020-ci il m\u00fcharib\u0259sind\u0259n \u0259vv\u0259l Hadrutda ya\u015fay\u0131blar, sonra Xank\u0259ndiy\u0259 (Stepanakert\u0259) k\u00f6\u00e7m\u0259k m\u0259cburiyy\u0259tind\u0259 qal\u0131blar. Onlar d\u00fcn\u0259n Xank\u0259ndid\u0259n (Stepanakertd\u0259n) \u00e7\u0131x\u0131blar v\u0259 26 saatdan sonra Qoris\u0259 g\u0259lib \u00e7at\u0131blar. La\u00e7\u0131n d\u0259hlizind\u0259 t\u0131xaclar yarand\u0131\u011f\u0131ndan yol \u00e7ox uzun \u00e7\u0259kib. Yol dolu olub, n\u0259zar\u0259t-burax\u0131l\u0131\u015f m\u0259nt\u0259q\u0259sind\u0259 xeyli g\u00f6zl\u0259m\u0259k m\u0259cburiyy\u0259tind\u0259 qal\u0131blar. Ma\u015f\u0131nlar\u0131n y\u00fck yeri yoxlan\u0131l\u0131b. Dedikl\u0259rin\u0259 g\u00f6r\u0259, Xank\u0259ndid\u0259 (Stepanakertd\u0259) onlar\u0131n tan\u0131\u015flar\u0131ndan yaln\u0131z yanaca\u011f\u0131 v\u0259 avtomobili olmayanlar qal\u0131b. H\u0259min insanlar t\u0259xliy\u0259 \u00fc\u00e7\u00fcn avtobuslar g\u00f6zl\u0259yirl\u0259r.<\/p>\n\n\n\n<p>\u201cDa\u011fl\u0131q Qaraba\u011f\u201d sentyabr\u0131n 19-u ke\u00e7irilmi\u015f h\u0259rbi \u0259m\u0259liyyat n\u0259tic\u0259sind\u0259 Az\u0259rbaycan\u0131n n\u0259zar\u0259ti alt\u0131na ke\u00e7ib. Sentyabr\u0131n 20-d\u0259 h\u0259rbi \u0259m\u0259liyyat\u0131n dayand\u0131r\u0131lmas\u0131 v\u0259 \u201cDa\u011fl\u0131q Qaraba\u011f\u0131n M\u00fcdafi\u0259 Ordusu\u201dnun t\u0259rk-silah olunmas\u0131 bar\u0259d\u0259 raz\u0131l\u0131q \u0259ld\u0259 edilib. Az\u0259rbaycan Prezidenti \u0130lham \u018fliyev \u0259m\u0259liyyat\u0131n m\u0259qs\u0259din\u0259 \u00e7atd\u0131\u011f\u0131n\u0131 elan edib.<\/p>\n","protected":false},"excerpt":{"rendered":"<p>&#8220;Kavkazski uzel&#8221;-in material\u0131 \u00d6z\u0259l y\u00fckda\u015f\u0131ma \u015firk\u0259tl\u0259ri qa\u00e7q\u0131nlar\u0131n Yerevana v\u0259 Erm\u0259nistan\u0131n &#8230; <\/p>\n<p class=\"read-more-container\"><a title=\"Qorisd\u0259 b\u00fct\u00fcn otell\u0259r qaraba\u011fl\u0131 qa\u00e7q\u0131nlarla dolub\" class=\"read-more button\" href=\"https:\/\/www.meydan.tv\/az\/article\/qorisde-butun-oteller-qarabagli-qacqinlarla-dolub\/#more-286199\" aria-label=\"Read more about Qorisd\u0259 b\u00fct\u00fcn otell\u0259r qaraba\u011fl\u0131 qa\u00e7q\u0131nlarla dolub\">Davam\u0131<\/a><\/p>\n","protected":false},"author":16,"featured_media":286200,"comment_status":"closed","ping_status":"closed","sticky":false,"template":"","format":"standard","meta":{"_acf_changed":false,"_sitemap_exclude":false,"_sitemap_priority":"","_sitemap_frequency":"","footnotes":""},"categories":[62,56],"tags":[],"class_list":["post-286199","post","type-post","status-publish","format-standard","has-post-thumbnail","hentry","category-sosial","category-xeberler","infinite-scroll-item","generate-columns","tablet-grid-50","mobile-grid-100","grid-parent","grid-33","no-featured-image-padding"],"acf":[],"yoast_head":"<!-- This site is optimized with the Yoast SEO plugin v27.5 - https:\/\/yoast.com\/product\/yoast-seo-wordpress\/ -->\n<title>Qorisd\u0259 b\u00fct\u00fcn otell\u0259r qaraba\u011fl\u0131 qa\u00e7q\u0131nlarla dolub - MEYDAN.TV<\/title>\n<meta name=\"robots\" content=\"index, follow, max-snippet:-1, max-image-preview:large, max-video-preview:-1\" \/>\n<link rel=\"canonical\" href=\"https:\/\/www.meydan.tv\/az\/article\/qorisde-butun-oteller-qarabagli-qacqinlarla-dolub\/\" \/>\n<meta property=\"og:locale\" content=\"az_AZ\" \/>\n<meta property=\"og:type\" content=\"article\" \/>\n<meta property=\"og:title\" content=\"Qorisd\u0259 b\u00fct\u00fcn otell\u0259r qaraba\u011fl\u0131 qa\u00e7q\u0131nlarla dolub - MEYDAN.TV\" \/>\n<meta property=\"og:description\" content=\"&#8220;Kavkazski uzel&#8221;-in material\u0131 \u00d6z\u0259l y\u00fckda\u015f\u0131ma \u015firk\u0259tl\u0259ri qa\u00e7q\u0131nlar\u0131n Yerevana v\u0259 Erm\u0259nistan\u0131n ... Davam\u0131\" \/>\n<meta property=\"og:url\" content=\"https:\/\/www.meydan.tv\/az\/article\/qorisde-butun-oteller-qarabagli-qacqinlarla-dolub\/\" \/>\n<meta property=\"og:site_name\" content=\"MEYDAN.TV\" \/>\n<meta property=\"article:published_time\" content=\"2023-09-27T17:59:36+00:00\" \/>\n<meta property=\"article:modified_time\" content=\"2023-09-28T05:43:58+00:00\" \/>\n<meta property=\"og:image\" content=\"https:\/\/www.meydan.tv\/wp-content\/uploads\/bezhentsy21.jpg\" \/>\n\t<meta property=\"og:image:width\" content=\"500\" \/>\n\t<meta property=\"og:image:height\" content=\"257\" \/>\n\t<meta property=\"og:image:type\" content=\"image\/jpeg\" \/>\n<meta name=\"author\" content=\"sevda\" \/>\n<meta name=\"twitter:card\" content=\"summary_large_image\" \/>\n<script type=\"application\/ld+json\" class=\"yoast-schema-graph\">{\"@context\":\"https:\\\/\\\/schema.org\",\"@graph\":[{\"@type\":\"Article\",\"@id\":\"https:\\\/\\\/www.meydan.tv\\\/az\\\/article\\\/qorisde-butun-oteller-qarabagli-qacqinlarla-dolub\\\/#article\",\"isPartOf\":{\"@id\":\"https:\\\/\\\/www.meydan.tv\\\/az\\\/article\\\/qorisde-butun-oteller-qarabagli-qacqinlarla-dolub\\\/\"},\"author\":{\"name\":\"sevda\",\"@id\":\"https:\\\/\\\/www.meydan.tv\\\/az\\\/#\\\/schema\\\/person\\\/49b5f2bad5b126bb8ea9320eeb3e4dc9\"},\"headline\":\"Qorisd\u0259 b\u00fct\u00fcn otell\u0259r qaraba\u011fl\u0131 qa\u00e7q\u0131nlarla dolub\",\"datePublished\":\"2023-09-27T17:59:36+00:00\",\"dateModified\":\"2023-09-28T05:43:58+00:00\",\"mainEntityOfPage\":{\"@id\":\"https:\\\/\\\/www.meydan.tv\\\/az\\\/article\\\/qorisde-butun-oteller-qarabagli-qacqinlarla-dolub\\\/\"},\"wordCount\":819,\"publisher\":{\"@id\":\"https:\\\/\\\/www.meydan.tv\\\/az\\\/#organization\"},\"image\":{\"@id\":\"https:\\\/\\\/www.meydan.tv\\\/az\\\/article\\\/qorisde-butun-oteller-qarabagli-qacqinlarla-dolub\\\/#primaryimage\"},\"thumbnailUrl\":\"https:\\\/\\\/www.meydan.tv\\\/wp-content\\\/uploads\\\/bezhentsy21.jpg\",\"articleSection\":[\"Sosial\",\"X\u0259b\u0259rl\u0259r\"],\"inLanguage\":\"az\"},{\"@type\":\"WebPage\",\"@id\":\"https:\\\/\\\/www.meydan.tv\\\/az\\\/article\\\/qorisde-butun-oteller-qarabagli-qacqinlarla-dolub\\\/\",\"url\":\"https:\\\/\\\/www.meydan.tv\\\/az\\\/article\\\/qorisde-butun-oteller-qarabagli-qacqinlarla-dolub\\\/\",\"name\":\"Qorisd\u0259 b\u00fct\u00fcn otell\u0259r qaraba\u011fl\u0131 qa\u00e7q\u0131nlarla dolub - MEYDAN.TV\",\"isPartOf\":{\"@id\":\"https:\\\/\\\/www.meydan.tv\\\/az\\\/#website\"},\"primaryImageOfPage\":{\"@id\":\"https:\\\/\\\/www.meydan.tv\\\/az\\\/article\\\/qorisde-butun-oteller-qarabagli-qacqinlarla-dolub\\\/#primaryimage\"},\"image\":{\"@id\":\"https:\\\/\\\/www.meydan.tv\\\/az\\\/article\\\/qorisde-butun-oteller-qarabagli-qacqinlarla-dolub\\\/#primaryimage\"},\"thumbnailUrl\":\"https:\\\/\\\/www.meydan.tv\\\/wp-content\\\/uploads\\\/bezhentsy21.jpg\",\"datePublished\":\"2023-09-27T17:59:36+00:00\",\"dateModified\":\"2023-09-28T05:43:58+00:00\",\"breadcrumb\":{\"@id\":\"https:\\\/\\\/www.meydan.tv\\\/az\\\/article\\\/qorisde-butun-oteller-qarabagli-qacqinlarla-dolub\\\/#breadcrumb\"},\"inLanguage\":\"az\",\"potentialAction\":[{\"@type\":\"ReadAction\",\"target\":[\"https:\\\/\\\/www.meydan.tv\\\/az\\\/article\\\/qorisde-butun-oteller-qarabagli-qacqinlarla-dolub\\\/\"]}]},{\"@type\":\"ImageObject\",\"inLanguage\":\"az\",\"@id\":\"https:\\\/\\\/www.meydan.tv\\\/az\\\/article\\\/qorisde-butun-oteller-qarabagli-qacqinlarla-dolub\\\/#primaryimage\",\"url\":\"https:\\\/\\\/www.meydan.tv\\\/wp-content\\\/uploads\\\/bezhentsy21.jpg\",\"contentUrl\":\"https:\\\/\\\/www.meydan.tv\\\/wp-content\\\/uploads\\\/bezhentsy21.jpg\",\"width\":500,\"height\":257},{\"@type\":\"BreadcrumbList\",\"@id\":\"https:\\\/\\\/www.meydan.tv\\\/az\\\/article\\\/qorisde-butun-oteller-qarabagli-qacqinlarla-dolub\\\/#breadcrumb\",\"itemListElement\":[{\"@type\":\"ListItem\",\"position\":1,\"name\":\"Ana s\u0259hif\u0259\",\"item\":\"https:\\\/\\\/www.meydan.tv\\\/az\\\/\"},{\"@type\":\"ListItem\",\"position\":2,\"name\":\"X\u0259b\u0259rl\u0259r\",\"item\":\"https:\\\/\\\/www.meydan.tv\\\/az\\\/section\\\/xeberler\\\/\"},{\"@type\":\"ListItem\",\"position\":3,\"name\":\"Qorisd\u0259 b\u00fct\u00fcn otell\u0259r qaraba\u011fl\u0131 qa\u00e7q\u0131nlarla dolub\"}]},{\"@type\":\"WebSite\",\"@id\":\"https:\\\/\\\/www.meydan.tv\\\/az\\\/#website\",\"url\":\"https:\\\/\\\/www.meydan.tv\\\/az\\\/\",\"name\":\"MEYDAN.TV\",\"description\":\"Meydan TV Az\u0259rbaycan\u0131n media m\u0259kan\u0131ndak\u0131 alternativ s\u0259sidir\",\"publisher\":{\"@id\":\"https:\\\/\\\/www.meydan.tv\\\/az\\\/#organization\"},\"potentialAction\":[{\"@type\":\"SearchAction\",\"target\":{\"@type\":\"EntryPoint\",\"urlTemplate\":\"https:\\\/\\\/www.meydan.tv\\\/az\\\/?s={search_term_string}\"},\"query-input\":{\"@type\":\"PropertyValueSpecification\",\"valueRequired\":true,\"valueName\":\"search_term_string\"}}],\"inLanguage\":\"az\"},{\"@type\":\"Organization\",\"@id\":\"https:\\\/\\\/www.meydan.tv\\\/az\\\/#organization\",\"name\":\"Meydan TV\",\"url\":\"https:\\\/\\\/www.meydan.tv\\\/az\\\/\",\"logo\":{\"@type\":\"ImageObject\",\"inLanguage\":\"az\",\"@id\":\"https:\\\/\\\/www.meydan.tv\\\/az\\\/#\\\/schema\\\/logo\\\/image\\\/\",\"url\":\"https:\\\/\\\/www.meydan.tv\\\/wp-content\\\/uploads\\\/2021\\\/07\\\/meydan-logo.svg\",\"contentUrl\":\"https:\\\/\\\/www.meydan.tv\\\/wp-content\\\/uploads\\\/2021\\\/07\\\/meydan-logo.svg\",\"width\":195,\"height\":46,\"caption\":\"Meydan TV\"},\"image\":{\"@id\":\"https:\\\/\\\/www.meydan.tv\\\/az\\\/#\\\/schema\\\/logo\\\/image\\\/\"}},{\"@type\":\"Person\",\"@id\":\"https:\\\/\\\/www.meydan.tv\\\/az\\\/#\\\/schema\\\/person\\\/49b5f2bad5b126bb8ea9320eeb3e4dc9\",\"name\":\"sevda\"}]}<\/script>\n<!-- \/ Yoast SEO plugin. -->","yoast_head_json":{"title":"Qorisd\u0259 b\u00fct\u00fcn otell\u0259r qaraba\u011fl\u0131 qa\u00e7q\u0131nlarla dolub - MEYDAN.TV","robots":{"index":"index","follow":"follow","max-snippet":"max-snippet:-1","max-image-preview":"max-image-preview:large","max-video-preview":"max-video-preview:-1"},"canonical":"https:\/\/www.meydan.tv\/az\/article\/qorisde-butun-oteller-qarabagli-qacqinlarla-dolub\/","og_locale":"az_AZ","og_type":"article","og_title":"Qorisd\u0259 b\u00fct\u00fcn otell\u0259r qaraba\u011fl\u0131 qa\u00e7q\u0131nlarla dolub - MEYDAN.TV","og_description":"&#8220;Kavkazski uzel&#8221;-in material\u0131 \u00d6z\u0259l y\u00fckda\u015f\u0131ma \u015firk\u0259tl\u0259ri qa\u00e7q\u0131nlar\u0131n Yerevana v\u0259 Erm\u0259nistan\u0131n ... Davam\u0131","og_url":"https:\/\/www.meydan.tv\/az\/article\/qorisde-butun-oteller-qarabagli-qacqinlarla-dolub\/","og_site_name":"MEYDAN.TV","article_published_time":"2023-09-27T17:59:36+00:00","article_modified_time":"2023-09-28T05:43:58+00:00","og_image":[{"width":500,"height":257,"url":"https:\/\/www.meydan.tv\/wp-content\/uploads\/bezhentsy21.jpg","type":"image\/jpeg"}],"author":"sevda","twitter_card":"summary_large_image","schema":{"@context":"https:\/\/schema.org","@graph":[{"@type":"Article","@id":"https:\/\/www.meydan.tv\/az\/article\/qorisde-butun-oteller-qarabagli-qacqinlarla-dolub\/#article","isPartOf":{"@id":"https:\/\/www.meydan.tv\/az\/article\/qorisde-butun-oteller-qarabagli-qacqinlarla-dolub\/"},"author":{"name":"sevda","@id":"https:\/\/www.meydan.tv\/az\/#\/schema\/person\/49b5f2bad5b126bb8ea9320eeb3e4dc9"},"headline":"Qorisd\u0259 b\u00fct\u00fcn otell\u0259r qaraba\u011fl\u0131 qa\u00e7q\u0131nlarla dolub","datePublished":"2023-09-27T17:59:36+00:00","dateModified":"2023-09-28T05:43:58+00:00","mainEntityOfPage":{"@id":"https:\/\/www.meydan.tv\/az\/article\/qorisde-butun-oteller-qarabagli-qacqinlarla-dolub\/"},"wordCount":819,"publisher":{"@id":"https:\/\/www.meydan.tv\/az\/#organization"},"image":{"@id":"https:\/\/www.meydan.tv\/az\/article\/qorisde-butun-oteller-qarabagli-qacqinlarla-dolub\/#primaryimage"},"thumbnailUrl":"https:\/\/www.meydan.tv\/wp-content\/uploads\/bezhentsy21.jpg","articleSection":["Sosial","X\u0259b\u0259rl\u0259r"],"inLanguage":"az"},{"@type":"WebPage","@id":"https:\/\/www.meydan.tv\/az\/article\/qorisde-butun-oteller-qarabagli-qacqinlarla-dolub\/","url":"https:\/\/www.meydan.tv\/az\/article\/qorisde-butun-oteller-qarabagli-qacqinlarla-dolub\/","name":"Qorisd\u0259 b\u00fct\u00fcn otell\u0259r qaraba\u011fl\u0131 qa\u00e7q\u0131nlarla dolub - MEYDAN.TV","isPartOf":{"@id":"https:\/\/www.meydan.tv\/az\/#website"},"primaryImageOfPage":{"@id":"https:\/\/www.meydan.tv\/az\/article\/qorisde-butun-oteller-qarabagli-qacqinlarla-dolub\/#primaryimage"},"image":{"@id":"https:\/\/www.meydan.tv\/az\/article\/qorisde-butun-oteller-qarabagli-qacqinlarla-dolub\/#primaryimage"},"thumbnailUrl":"https:\/\/www.meydan.tv\/wp-content\/uploads\/bezhentsy21.jpg","datePublished":"2023-09-27T17:59:36+00:00","dateModified":"2023-09-28T05:43:58+00:00","breadcrumb":{"@id":"https:\/\/www.meydan.tv\/az\/article\/qorisde-butun-oteller-qarabagli-qacqinlarla-dolub\/#breadcrumb"},"inLanguage":"az","potentialAction":[{"@type":"ReadAction","target":["https:\/\/www.meydan.tv\/az\/article\/qorisde-butun-oteller-qarabagli-qacqinlarla-dolub\/"]}]},{"@type":"ImageObject","inLanguage":"az","@id":"https:\/\/www.meydan.tv\/az\/article\/qorisde-butun-oteller-qarabagli-qacqinlarla-dolub\/#primaryimage","url":"https:\/\/www.meydan.tv\/wp-content\/uploads\/bezhentsy21.jpg","contentUrl":"https:\/\/www.meydan.tv\/wp-content\/uploads\/bezhentsy21.jpg","width":500,"height":257},{"@type":"BreadcrumbList","@id":"https:\/\/www.meydan.tv\/az\/article\/qorisde-butun-oteller-qarabagli-qacqinlarla-dolub\/#breadcrumb","itemListElement":[{"@type":"ListItem","position":1,"name":"Ana s\u0259hif\u0259","item":"https:\/\/www.meydan.tv\/az\/"},{"@type":"ListItem","position":2,"name":"X\u0259b\u0259rl\u0259r","item":"https:\/\/www.meydan.tv\/az\/section\/xeberler\/"},{"@type":"ListItem","position":3,"name":"Qorisd\u0259 b\u00fct\u00fcn otell\u0259r qaraba\u011fl\u0131 qa\u00e7q\u0131nlarla dolub"}]},{"@type":"WebSite","@id":"https:\/\/www.meydan.tv\/az\/#website","url":"https:\/\/www.meydan.tv\/az\/","name":"MEYDAN.TV","description":"Meydan TV Az\u0259rbaycan\u0131n media m\u0259kan\u0131ndak\u0131 alternativ s\u0259sidir","publisher":{"@id":"https:\/\/www.meydan.tv\/az\/#organization"},"potentialAction":[{"@type":"SearchAction","target":{"@type":"EntryPoint","urlTemplate":"https:\/\/www.meydan.tv\/az\/?s={search_term_string}"},"query-input":{"@type":"PropertyValueSpecification","valueRequired":true,"valueName":"search_term_string"}}],"inLanguage":"az"},{"@type":"Organization","@id":"https:\/\/www.meydan.tv\/az\/#organization","name":"Meydan TV","url":"https:\/\/www.meydan.tv\/az\/","logo":{"@type":"ImageObject","inLanguage":"az","@id":"https:\/\/www.meydan.tv\/az\/#\/schema\/logo\/image\/","url":"https:\/\/www.meydan.tv\/wp-content\/uploads\/2021\/07\/meydan-logo.svg","contentUrl":"https:\/\/www.meydan.tv\/wp-content\/uploads\/2021\/07\/meydan-logo.svg","width":195,"height":46,"caption":"Meydan TV"},"image":{"@id":"https:\/\/www.meydan.tv\/az\/#\/schema\/logo\/image\/"}},{"@type":"Person","@id":"https:\/\/www.meydan.tv\/az\/#\/schema\/person\/49b5f2bad5b126bb8ea9320eeb3e4dc9","name":"sevda"}]}},"_links":{"self":[{"href":"https:\/\/www.meydan.tv\/az\/wp-json\/wp\/v2\/posts\/286199","targetHints":{"allow":["GET"]}}],"collection":[{"href":"https:\/\/www.meydan.tv\/az\/wp-json\/wp\/v2\/posts"}],"about":[{"href":"https:\/\/www.meydan.tv\/az\/wp-json\/wp\/v2\/types\/post"}],"author":[{"embeddable":true,"href":"https:\/\/www.meydan.tv\/az\/wp-json\/wp\/v2\/users\/16"}],"replies":[{"embeddable":true,"href":"https:\/\/www.meydan.tv\/az\/wp-json\/wp\/v2\/comments?post=286199"}],"version-history":[{"count":3,"href":"https:\/\/www.meydan.tv\/az\/wp-json\/wp\/v2\/posts\/286199\/revisions"}],"predecessor-version":[{"id":286205,"href":"https:\/\/www.meydan.tv\/az\/wp-json\/wp\/v2\/posts\/286199\/revisions\/286205"}],"wp:featuredmedia":[{"embeddable":true,"href":"https:\/\/www.meydan.tv\/az\/wp-json\/wp\/v2\/media\/286200"}],"wp:attachment":[{"href":"https:\/\/www.meydan.tv\/az\/wp-json\/wp\/v2\/media?parent=286199"}],"wp:term":[{"taxonomy":"category","embeddable":true,"href":"https:\/\/www.meydan.tv\/az\/wp-json\/wp\/v2\/categories?post=286199"},{"taxonomy":"post_tag","embeddable":true,"href":"https:\/\/www.meydan.tv\/az\/wp-json\/wp\/v2\/tags?post=286199"}],"curies":[{"name":"wp","href":"https:\/\/api.w.org\/{rel}","templated":true}]}}