{"id":286190,"date":"2023-09-27T21:37:40","date_gmt":"2023-09-27T17:37:40","guid":{"rendered":"https:\/\/www.meydan.tv\/?p=286190"},"modified":"2023-09-27T21:37:43","modified_gmt":"2023-09-27T17:37:43","slug":"isde-xesaret-alan-qazmaci-odenis-edilmemesinden-sikayetcidir","status":"publish","type":"post","link":"https:\/\/www.meydan.tv\/az\/article\/isde-xesaret-alan-qazmaci-odenis-edilmemesinden-sikayetcidir\/","title":{"rendered":"\u0130\u015fd\u0259 x\u0259sar\u0259t alan qazma\u00e7\u0131 \u00f6d\u0259ni\u015f edilm\u0259m\u0259sind\u0259n \u015fikay\u0259t\u00e7idir"},"content":{"rendered":"\n<p><\/p>\n\n\n\n<p><strong><em>\u201cFikirl\u0259\u015fmirl\u0259r ki, nec\u0259 dolan\u0131ram\u201d<\/em><\/strong><\/p>\n\n\n\n<p>\u015eirvan \u015f\u0259h\u0259r sakini \u0130lyas Mahmudov bu il, aprelin 7-d\u0259 i\u015fd\u0259 x\u0259sar\u0259t al\u0131b. Onun sol \u0259linin iki v\u0259 \u00fc\u00e7\u00fcnc\u00fc barmaqlar\u0131 1-ci bu\u011fundan, el\u0259c\u0259 d\u0259 sol aya\u011f\u0131n\u0131n b\u00fct\u00fcn barmaqlar\u0131 ambutasiya olunub.<\/p>\n\n\n\n<p>Ancaq deyir ki, x\u0259st\u0259lik v\u0259r\u0259qini \u00e7al\u0131\u015fd\u0131\u011f\u0131 \u201c\u015eirvan Oyl\u201d \u018fm\u0259liyyat \u015eirk\u0259tin\u0259 t\u0259qdim ets\u0259 d\u0259, bug\u00fcn\u0259 q\u0259d\u0259r \u00f6d\u0259ni\u015f olunmay\u0131b.<\/p>\n\n\n\n<p>\u201c<em>Fikirl\u0259\u015fmirl\u0259r ki, nec\u0259 dolan\u0131ram\u201d,<\/em> &#8211; dey\u0259n \u0130lyas Mahmudov s\u00f6z\u00fcged\u0259n \u015firk\u0259td\u0259 qazma\u00e7\u0131 kimi \u00e7al\u0131\u015f\u0131b.<\/p>\n\n\n\n<figure class=\"wp-block-image size-large\"><img decoding=\"async\" width=\"616\" height=\"821\" data-src=\"https:\/\/www.meydan.tv\/wp-content\/uploads\/94266557-2ab4-4b40-b98f-7d36dadb822f-616x821.jpg\" alt=\"\" class=\"wp-image-286191 lazyload\" src=\"data:image\/svg+xml;base64,PHN2ZyB3aWR0aD0iMSIgaGVpZ2h0PSIxIiB4bWxucz0iaHR0cDovL3d3dy53My5vcmcvMjAwMC9zdmciPjwvc3ZnPg==\" style=\"--smush-placeholder-width: 616px; --smush-placeholder-aspect-ratio: 616\/821;\" \/><\/figure>\n\n\n\n<p>Onun s\u00f6zl\u0259rin\u0259 g\u00f6r\u0259, m\u00fcalic\u0259si h\u0259l\u0259 d\u0259 davam edir:<\/p>\n\n\n\n<p>\u201c<em>M\u0259niml\u0259 ba\u011flanan \u0259m\u0259k m\u00fcqavil\u0259sinin m\u00fcdd\u0259ti g\u0259l\u0259n ay bitir. Do\u011frusu, \u015firk\u0259t i\u015fd\u0259n \u00e7\u0131xarmaqla ba\u011fl\u0131 he\u00e7 n\u0259 dem\u0259yib. Lakin m\u00fcvafiq komissiyadan ke\u00e7m\u0259k \u00fc\u00e7\u00fcn Bak\u0131ya g\u00f6nd\u0259rdil\u0259r. M\u00fcayin\u0259 ed\u0259n h\u0259kiml\u0259r dedil\u0259r ki, x\u0259sar\u0259tl\u0259r \u00e7oxdur, \u0259li h\u0259r\u0259k\u0259t etdirm\u0259k \u00e7\u0259tindir. H\u0259l\u0259lik \u0259lillik verilib-verilm\u0259y\u0259c\u0259yini d\u0259 bilmir\u0259m\u201d.<\/em><\/p>\n\n\n\n<p>\u201c<em>X\u0259st\u0259lik v\u0259r\u0259q\u0259sini avqustun 1-d\u0259 t\u0259qdim el\u0259mi\u015f\u0259m. \u015eirk\u0259t deyir ki, \u00f6d\u0259ni\u015fl\u0259 ba\u011fl\u0131 gecikm\u0259 onlarl\u0131q deyil. H\u0259yat yolda\u015f\u0131m evdar qad\u0131nd\u0131r, \u00fcst\u0259lik, himay\u0259md\u0259 yataq x\u0259st\u0259si olan anam var\u201d, &#8211;<\/em> \u015fikay\u0259t\u00e7i deyir.<\/p>\n\n\n\n<figure class=\"wp-block-image size-large\"><img decoding=\"async\" width=\"616\" height=\"821\" data-src=\"https:\/\/www.meydan.tv\/wp-content\/uploads\/a7aa56fd-88a1-47d7-bbcb-4ba07a9c8230-616x821.jpg\" alt=\"\" class=\"wp-image-286194 lazyload\" src=\"data:image\/svg+xml;base64,PHN2ZyB3aWR0aD0iMSIgaGVpZ2h0PSIxIiB4bWxucz0iaHR0cDovL3d3dy53My5vcmcvMjAwMC9zdmciPjwvc3ZnPg==\" style=\"--smush-placeholder-width: 616px; --smush-placeholder-aspect-ratio: 616\/821;\" \/><\/figure>\n\n\n\n<p>\u201c\u015eirvan Oyl\u201d \u018fm\u0259liyyat \u015eirk\u0259ti 3 fevral 2009-cu ild\u0259 imzalanm\u0131\u015f, 22 may 2009-cu ild\u0259 Parlament t\u0259r\u0259find\u0259n t\u0259sdiql\u0259nmi\u015f hasilat\u0131n pay b\u00f6lg\u00fcs\u00fc sazi\u015fi \u0259sas\u0131nda \u201cK\u00fcrovda\u011f\u201d yata\u011f\u0131n\u0131n istismar\u0131 il\u0259 m\u0259\u015f\u011fuldur. Az\u0259rbaycanda quruda neft hasilat\u0131 il\u0259 m\u0259\u015f\u011ful olan \u0259n b\u00f6y\u00fck xarici \u015firk\u0259t olan \u201cGlobal Energy Azerbaijan Group\u201dun (\u201cGEA\u201d) operatoru oldu\u011fu 5 Hasilat\u0131n Pay B\u00f6lg\u00fcs\u00fc Sazi\u015finin (PSA) i\u015ftirak\u00e7\u0131s\u0131d\u0131r . R\u0259hb\u0259ri Aleksandr Alekseevi\u00e7 Anoxindir.<\/p>\n\n\n\n<p>\u015eirk\u0259td\u0259n Meydan TV-y\u0259 bildiribl\u0259r ki, v\u0259saitin \u00f6d\u0259nilm\u0259si \u015firk\u0259tl\u0259 ba\u011fl\u0131 m\u0259s\u0259l\u0259 deyil. Qurumdan \u0259lav\u0259 m\u0259lumat verm\u0259k ist\u0259m\u0259yibl\u0259r.<\/p>\n\n\n\n<p>\u018fm\u0259k v\u0259 \u018fhalinin Sosial M\u00fcdafi\u0259si Nazirliyind\u0259n is\u0259 bildiribl\u0259r ki, m\u00fcraci\u0259ti ara\u015fd\u0131randan sonra a\u00e7\u0131qlama ver\u0259c\u0259kl\u0259r.<\/p>\n","protected":false},"excerpt":{"rendered":"<p>\u201cFikirl\u0259\u015fmirl\u0259r ki, nec\u0259 dolan\u0131ram\u201d \u015eirvan \u015f\u0259h\u0259r sakini \u0130lyas Mahmudov bu &#8230; <\/p>\n<p class=\"read-more-container\"><a title=\"\u0130\u015fd\u0259 x\u0259sar\u0259t alan qazma\u00e7\u0131 \u00f6d\u0259ni\u015f edilm\u0259m\u0259sind\u0259n \u015fikay\u0259t\u00e7idir\" class=\"read-more button\" href=\"https:\/\/www.meydan.tv\/az\/article\/isde-xesaret-alan-qazmaci-odenis-edilmemesinden-sikayetcidir\/#more-286190\" aria-label=\"Read more about \u0130\u015fd\u0259 x\u0259sar\u0259t alan qazma\u00e7\u0131 \u00f6d\u0259ni\u015f edilm\u0259m\u0259sind\u0259n \u015fikay\u0259t\u00e7idir\">Davam\u0131<\/a><\/p>\n","protected":false},"author":8,"featured_media":231939,"comment_status":"closed","ping_status":"closed","sticky":false,"template":"","format":"standard","meta":{"_acf_changed":false,"_sitemap_exclude":false,"_sitemap_priority":"","_sitemap_frequency":"","footnotes":""},"categories":[60,56],"tags":[],"class_list":["post-286190","post","type-post","status-publish","format-standard","has-post-thumbnail","hentry","category-bolge","category-xeberler","infinite-scroll-item","generate-columns","tablet-grid-50","mobile-grid-100","grid-parent","grid-33","no-featured-image-padding"],"acf":[],"yoast_head":"<!-- This site is optimized with the Yoast SEO plugin v27.4 - https:\/\/yoast.com\/product\/yoast-seo-wordpress\/ -->\n<title>\u0130\u015fd\u0259 x\u0259sar\u0259t alan qazma\u00e7\u0131 \u00f6d\u0259ni\u015f edilm\u0259m\u0259sind\u0259n \u015fikay\u0259t\u00e7idir - MEYDAN.TV<\/title>\n<meta name=\"robots\" content=\"index, follow, max-snippet:-1, max-image-preview:large, max-video-preview:-1\" \/>\n<link rel=\"canonical\" href=\"https:\/\/www.meydan.tv\/az\/article\/isde-xesaret-alan-qazmaci-odenis-edilmemesinden-sikayetcidir\/\" \/>\n<meta property=\"og:locale\" content=\"az_AZ\" \/>\n<meta property=\"og:type\" content=\"article\" \/>\n<meta property=\"og:title\" content=\"\u0130\u015fd\u0259 x\u0259sar\u0259t alan qazma\u00e7\u0131 \u00f6d\u0259ni\u015f edilm\u0259m\u0259sind\u0259n \u015fikay\u0259t\u00e7idir - MEYDAN.TV\" \/>\n<meta property=\"og:description\" content=\"\u201cFikirl\u0259\u015fmirl\u0259r ki, nec\u0259 dolan\u0131ram\u201d \u015eirvan \u015f\u0259h\u0259r sakini \u0130lyas Mahmudov bu ... Davam\u0131\" \/>\n<meta property=\"og:url\" content=\"https:\/\/www.meydan.tv\/az\/article\/isde-xesaret-alan-qazmaci-odenis-edilmemesinden-sikayetcidir\/\" \/>\n<meta property=\"og:site_name\" content=\"MEYDAN.TV\" \/>\n<meta property=\"article:published_time\" content=\"2023-09-27T17:37:40+00:00\" \/>\n<meta property=\"article:modified_time\" content=\"2023-09-27T17:37:43+00:00\" \/>\n<meta property=\"og:image\" content=\"https:\/\/www.meydan.tv\/wp-content\/uploads\/shutterstock_96031328-e1642412295624.jpg\" \/>\n\t<meta property=\"og:image:width\" content=\"1200\" \/>\n\t<meta property=\"og:image:height\" content=\"828\" \/>\n\t<meta property=\"og:image:type\" content=\"image\/jpeg\" \/>\n<meta name=\"author\" content=\"elli\" \/>\n<meta name=\"twitter:card\" content=\"summary_large_image\" \/>\n<meta name=\"twitter:creator\" content=\"@elli\" \/>\n<script type=\"application\/ld+json\" class=\"yoast-schema-graph\">{\"@context\":\"https:\\\/\\\/schema.org\",\"@graph\":[{\"@type\":\"Article\",\"@id\":\"https:\\\/\\\/www.meydan.tv\\\/az\\\/article\\\/isde-xesaret-alan-qazmaci-odenis-edilmemesinden-sikayetcidir\\\/#article\",\"isPartOf\":{\"@id\":\"https:\\\/\\\/www.meydan.tv\\\/az\\\/article\\\/isde-xesaret-alan-qazmaci-odenis-edilmemesinden-sikayetcidir\\\/\"},\"author\":{\"name\":\"elli\",\"@id\":\"https:\\\/\\\/www.meydan.tv\\\/az\\\/#\\\/schema\\\/person\\\/9cdbecf90d17180ce1dfbd95b08dcf47\"},\"headline\":\"\u0130\u015fd\u0259 x\u0259sar\u0259t alan qazma\u00e7\u0131 \u00f6d\u0259ni\u015f edilm\u0259m\u0259sind\u0259n \u015fikay\u0259t\u00e7idir\",\"datePublished\":\"2023-09-27T17:37:40+00:00\",\"dateModified\":\"2023-09-27T17:37:43+00:00\",\"mainEntityOfPage\":{\"@id\":\"https:\\\/\\\/www.meydan.tv\\\/az\\\/article\\\/isde-xesaret-alan-qazmaci-odenis-edilmemesinden-sikayetcidir\\\/\"},\"wordCount\":402,\"publisher\":{\"@id\":\"https:\\\/\\\/www.meydan.tv\\\/az\\\/#organization\"},\"image\":{\"@id\":\"https:\\\/\\\/www.meydan.tv\\\/az\\\/article\\\/isde-xesaret-alan-qazmaci-odenis-edilmemesinden-sikayetcidir\\\/#primaryimage\"},\"thumbnailUrl\":\"https:\\\/\\\/www.meydan.tv\\\/wp-content\\\/uploads\\\/shutterstock_96031328-e1642412295624.jpg\",\"articleSection\":[\"B\u00f6lg\u0259\",\"X\u0259b\u0259rl\u0259r\"],\"inLanguage\":\"az\"},{\"@type\":\"WebPage\",\"@id\":\"https:\\\/\\\/www.meydan.tv\\\/az\\\/article\\\/isde-xesaret-alan-qazmaci-odenis-edilmemesinden-sikayetcidir\\\/\",\"url\":\"https:\\\/\\\/www.meydan.tv\\\/az\\\/article\\\/isde-xesaret-alan-qazmaci-odenis-edilmemesinden-sikayetcidir\\\/\",\"name\":\"\u0130\u015fd\u0259 x\u0259sar\u0259t alan qazma\u00e7\u0131 \u00f6d\u0259ni\u015f edilm\u0259m\u0259sind\u0259n \u015fikay\u0259t\u00e7idir - MEYDAN.TV\",\"isPartOf\":{\"@id\":\"https:\\\/\\\/www.meydan.tv\\\/az\\\/#website\"},\"primaryImageOfPage\":{\"@id\":\"https:\\\/\\\/www.meydan.tv\\\/az\\\/article\\\/isde-xesaret-alan-qazmaci-odenis-edilmemesinden-sikayetcidir\\\/#primaryimage\"},\"image\":{\"@id\":\"https:\\\/\\\/www.meydan.tv\\\/az\\\/article\\\/isde-xesaret-alan-qazmaci-odenis-edilmemesinden-sikayetcidir\\\/#primaryimage\"},\"thumbnailUrl\":\"https:\\\/\\\/www.meydan.tv\\\/wp-content\\\/uploads\\\/shutterstock_96031328-e1642412295624.jpg\",\"datePublished\":\"2023-09-27T17:37:40+00:00\",\"dateModified\":\"2023-09-27T17:37:43+00:00\",\"breadcrumb\":{\"@id\":\"https:\\\/\\\/www.meydan.tv\\\/az\\\/article\\\/isde-xesaret-alan-qazmaci-odenis-edilmemesinden-sikayetcidir\\\/#breadcrumb\"},\"inLanguage\":\"az\",\"potentialAction\":[{\"@type\":\"ReadAction\",\"target\":[\"https:\\\/\\\/www.meydan.tv\\\/az\\\/article\\\/isde-xesaret-alan-qazmaci-odenis-edilmemesinden-sikayetcidir\\\/\"]}]},{\"@type\":\"ImageObject\",\"inLanguage\":\"az\",\"@id\":\"https:\\\/\\\/www.meydan.tv\\\/az\\\/article\\\/isde-xesaret-alan-qazmaci-odenis-edilmemesinden-sikayetcidir\\\/#primaryimage\",\"url\":\"https:\\\/\\\/www.meydan.tv\\\/wp-content\\\/uploads\\\/shutterstock_96031328-e1642412295624.jpg\",\"contentUrl\":\"https:\\\/\\\/www.meydan.tv\\\/wp-content\\\/uploads\\\/shutterstock_96031328-e1642412295624.jpg\",\"width\":1200,\"height\":828,\"caption\":\"Neft da\u015flar\u0131, Foto: Northfoto\\\/shutterstock\"},{\"@type\":\"BreadcrumbList\",\"@id\":\"https:\\\/\\\/www.meydan.tv\\\/az\\\/article\\\/isde-xesaret-alan-qazmaci-odenis-edilmemesinden-sikayetcidir\\\/#breadcrumb\",\"itemListElement\":[{\"@type\":\"ListItem\",\"position\":1,\"name\":\"Ana s\u0259hif\u0259\",\"item\":\"https:\\\/\\\/www.meydan.tv\\\/az\\\/\"},{\"@type\":\"ListItem\",\"position\":2,\"name\":\"B\u00f6lg\u0259\",\"item\":\"https:\\\/\\\/www.meydan.tv\\\/az\\\/section\\\/bolge\\\/\"},{\"@type\":\"ListItem\",\"position\":3,\"name\":\"\u0130\u015fd\u0259 x\u0259sar\u0259t alan qazma\u00e7\u0131 \u00f6d\u0259ni\u015f edilm\u0259m\u0259sind\u0259n \u015fikay\u0259t\u00e7idir\"}]},{\"@type\":\"WebSite\",\"@id\":\"https:\\\/\\\/www.meydan.tv\\\/az\\\/#website\",\"url\":\"https:\\\/\\\/www.meydan.tv\\\/az\\\/\",\"name\":\"MEYDAN.TV\",\"description\":\"Meydan TV Az\u0259rbaycan\u0131n media m\u0259kan\u0131ndak\u0131 alternativ s\u0259sidir\",\"publisher\":{\"@id\":\"https:\\\/\\\/www.meydan.tv\\\/az\\\/#organization\"},\"potentialAction\":[{\"@type\":\"SearchAction\",\"target\":{\"@type\":\"EntryPoint\",\"urlTemplate\":\"https:\\\/\\\/www.meydan.tv\\\/az\\\/?s={search_term_string}\"},\"query-input\":{\"@type\":\"PropertyValueSpecification\",\"valueRequired\":true,\"valueName\":\"search_term_string\"}}],\"inLanguage\":\"az\"},{\"@type\":\"Organization\",\"@id\":\"https:\\\/\\\/www.meydan.tv\\\/az\\\/#organization\",\"name\":\"Meydan TV\",\"url\":\"https:\\\/\\\/www.meydan.tv\\\/az\\\/\",\"logo\":{\"@type\":\"ImageObject\",\"inLanguage\":\"az\",\"@id\":\"https:\\\/\\\/www.meydan.tv\\\/az\\\/#\\\/schema\\\/logo\\\/image\\\/\",\"url\":\"https:\\\/\\\/www.meydan.tv\\\/wp-content\\\/uploads\\\/2021\\\/07\\\/meydan-logo.svg\",\"contentUrl\":\"https:\\\/\\\/www.meydan.tv\\\/wp-content\\\/uploads\\\/2021\\\/07\\\/meydan-logo.svg\",\"width\":195,\"height\":46,\"caption\":\"Meydan TV\"},\"image\":{\"@id\":\"https:\\\/\\\/www.meydan.tv\\\/az\\\/#\\\/schema\\\/logo\\\/image\\\/\"}},{\"@type\":\"Person\",\"@id\":\"https:\\\/\\\/www.meydan.tv\\\/az\\\/#\\\/schema\\\/person\\\/9cdbecf90d17180ce1dfbd95b08dcf47\",\"name\":\"elli\",\"sameAs\":[\"https:\\\/\\\/x.com\\\/elli\"]}]}<\/script>\n<!-- \/ Yoast SEO plugin. -->","yoast_head_json":{"title":"\u0130\u015fd\u0259 x\u0259sar\u0259t alan qazma\u00e7\u0131 \u00f6d\u0259ni\u015f edilm\u0259m\u0259sind\u0259n \u015fikay\u0259t\u00e7idir - MEYDAN.TV","robots":{"index":"index","follow":"follow","max-snippet":"max-snippet:-1","max-image-preview":"max-image-preview:large","max-video-preview":"max-video-preview:-1"},"canonical":"https:\/\/www.meydan.tv\/az\/article\/isde-xesaret-alan-qazmaci-odenis-edilmemesinden-sikayetcidir\/","og_locale":"az_AZ","og_type":"article","og_title":"\u0130\u015fd\u0259 x\u0259sar\u0259t alan qazma\u00e7\u0131 \u00f6d\u0259ni\u015f edilm\u0259m\u0259sind\u0259n \u015fikay\u0259t\u00e7idir - MEYDAN.TV","og_description":"\u201cFikirl\u0259\u015fmirl\u0259r ki, nec\u0259 dolan\u0131ram\u201d \u015eirvan \u015f\u0259h\u0259r sakini \u0130lyas Mahmudov bu ... Davam\u0131","og_url":"https:\/\/www.meydan.tv\/az\/article\/isde-xesaret-alan-qazmaci-odenis-edilmemesinden-sikayetcidir\/","og_site_name":"MEYDAN.TV","article_published_time":"2023-09-27T17:37:40+00:00","article_modified_time":"2023-09-27T17:37:43+00:00","og_image":[{"width":1200,"height":828,"url":"https:\/\/www.meydan.tv\/wp-content\/uploads\/shutterstock_96031328-e1642412295624.jpg","type":"image\/jpeg"}],"author":"elli","twitter_card":"summary_large_image","twitter_creator":"@elli","schema":{"@context":"https:\/\/schema.org","@graph":[{"@type":"Article","@id":"https:\/\/www.meydan.tv\/az\/article\/isde-xesaret-alan-qazmaci-odenis-edilmemesinden-sikayetcidir\/#article","isPartOf":{"@id":"https:\/\/www.meydan.tv\/az\/article\/isde-xesaret-alan-qazmaci-odenis-edilmemesinden-sikayetcidir\/"},"author":{"name":"elli","@id":"https:\/\/www.meydan.tv\/az\/#\/schema\/person\/9cdbecf90d17180ce1dfbd95b08dcf47"},"headline":"\u0130\u015fd\u0259 x\u0259sar\u0259t alan qazma\u00e7\u0131 \u00f6d\u0259ni\u015f edilm\u0259m\u0259sind\u0259n \u015fikay\u0259t\u00e7idir","datePublished":"2023-09-27T17:37:40+00:00","dateModified":"2023-09-27T17:37:43+00:00","mainEntityOfPage":{"@id":"https:\/\/www.meydan.tv\/az\/article\/isde-xesaret-alan-qazmaci-odenis-edilmemesinden-sikayetcidir\/"},"wordCount":402,"publisher":{"@id":"https:\/\/www.meydan.tv\/az\/#organization"},"image":{"@id":"https:\/\/www.meydan.tv\/az\/article\/isde-xesaret-alan-qazmaci-odenis-edilmemesinden-sikayetcidir\/#primaryimage"},"thumbnailUrl":"https:\/\/www.meydan.tv\/wp-content\/uploads\/shutterstock_96031328-e1642412295624.jpg","articleSection":["B\u00f6lg\u0259","X\u0259b\u0259rl\u0259r"],"inLanguage":"az"},{"@type":"WebPage","@id":"https:\/\/www.meydan.tv\/az\/article\/isde-xesaret-alan-qazmaci-odenis-edilmemesinden-sikayetcidir\/","url":"https:\/\/www.meydan.tv\/az\/article\/isde-xesaret-alan-qazmaci-odenis-edilmemesinden-sikayetcidir\/","name":"\u0130\u015fd\u0259 x\u0259sar\u0259t alan qazma\u00e7\u0131 \u00f6d\u0259ni\u015f edilm\u0259m\u0259sind\u0259n \u015fikay\u0259t\u00e7idir - MEYDAN.TV","isPartOf":{"@id":"https:\/\/www.meydan.tv\/az\/#website"},"primaryImageOfPage":{"@id":"https:\/\/www.meydan.tv\/az\/article\/isde-xesaret-alan-qazmaci-odenis-edilmemesinden-sikayetcidir\/#primaryimage"},"image":{"@id":"https:\/\/www.meydan.tv\/az\/article\/isde-xesaret-alan-qazmaci-odenis-edilmemesinden-sikayetcidir\/#primaryimage"},"thumbnailUrl":"https:\/\/www.meydan.tv\/wp-content\/uploads\/shutterstock_96031328-e1642412295624.jpg","datePublished":"2023-09-27T17:37:40+00:00","dateModified":"2023-09-27T17:37:43+00:00","breadcrumb":{"@id":"https:\/\/www.meydan.tv\/az\/article\/isde-xesaret-alan-qazmaci-odenis-edilmemesinden-sikayetcidir\/#breadcrumb"},"inLanguage":"az","potentialAction":[{"@type":"ReadAction","target":["https:\/\/www.meydan.tv\/az\/article\/isde-xesaret-alan-qazmaci-odenis-edilmemesinden-sikayetcidir\/"]}]},{"@type":"ImageObject","inLanguage":"az","@id":"https:\/\/www.meydan.tv\/az\/article\/isde-xesaret-alan-qazmaci-odenis-edilmemesinden-sikayetcidir\/#primaryimage","url":"https:\/\/www.meydan.tv\/wp-content\/uploads\/shutterstock_96031328-e1642412295624.jpg","contentUrl":"https:\/\/www.meydan.tv\/wp-content\/uploads\/shutterstock_96031328-e1642412295624.jpg","width":1200,"height":828,"caption":"Neft da\u015flar\u0131, Foto: Northfoto\/shutterstock"},{"@type":"BreadcrumbList","@id":"https:\/\/www.meydan.tv\/az\/article\/isde-xesaret-alan-qazmaci-odenis-edilmemesinden-sikayetcidir\/#breadcrumb","itemListElement":[{"@type":"ListItem","position":1,"name":"Ana s\u0259hif\u0259","item":"https:\/\/www.meydan.tv\/az\/"},{"@type":"ListItem","position":2,"name":"B\u00f6lg\u0259","item":"https:\/\/www.meydan.tv\/az\/section\/bolge\/"},{"@type":"ListItem","position":3,"name":"\u0130\u015fd\u0259 x\u0259sar\u0259t alan qazma\u00e7\u0131 \u00f6d\u0259ni\u015f edilm\u0259m\u0259sind\u0259n \u015fikay\u0259t\u00e7idir"}]},{"@type":"WebSite","@id":"https:\/\/www.meydan.tv\/az\/#website","url":"https:\/\/www.meydan.tv\/az\/","name":"MEYDAN.TV","description":"Meydan TV Az\u0259rbaycan\u0131n media m\u0259kan\u0131ndak\u0131 alternativ s\u0259sidir","publisher":{"@id":"https:\/\/www.meydan.tv\/az\/#organization"},"potentialAction":[{"@type":"SearchAction","target":{"@type":"EntryPoint","urlTemplate":"https:\/\/www.meydan.tv\/az\/?s={search_term_string}"},"query-input":{"@type":"PropertyValueSpecification","valueRequired":true,"valueName":"search_term_string"}}],"inLanguage":"az"},{"@type":"Organization","@id":"https:\/\/www.meydan.tv\/az\/#organization","name":"Meydan TV","url":"https:\/\/www.meydan.tv\/az\/","logo":{"@type":"ImageObject","inLanguage":"az","@id":"https:\/\/www.meydan.tv\/az\/#\/schema\/logo\/image\/","url":"https:\/\/www.meydan.tv\/wp-content\/uploads\/2021\/07\/meydan-logo.svg","contentUrl":"https:\/\/www.meydan.tv\/wp-content\/uploads\/2021\/07\/meydan-logo.svg","width":195,"height":46,"caption":"Meydan TV"},"image":{"@id":"https:\/\/www.meydan.tv\/az\/#\/schema\/logo\/image\/"}},{"@type":"Person","@id":"https:\/\/www.meydan.tv\/az\/#\/schema\/person\/9cdbecf90d17180ce1dfbd95b08dcf47","name":"elli","sameAs":["https:\/\/x.com\/elli"]}]}},"_links":{"self":[{"href":"https:\/\/www.meydan.tv\/az\/wp-json\/wp\/v2\/posts\/286190","targetHints":{"allow":["GET"]}}],"collection":[{"href":"https:\/\/www.meydan.tv\/az\/wp-json\/wp\/v2\/posts"}],"about":[{"href":"https:\/\/www.meydan.tv\/az\/wp-json\/wp\/v2\/types\/post"}],"author":[{"embeddable":true,"href":"https:\/\/www.meydan.tv\/az\/wp-json\/wp\/v2\/users\/8"}],"replies":[{"embeddable":true,"href":"https:\/\/www.meydan.tv\/az\/wp-json\/wp\/v2\/comments?post=286190"}],"version-history":[{"count":1,"href":"https:\/\/www.meydan.tv\/az\/wp-json\/wp\/v2\/posts\/286190\/revisions"}],"predecessor-version":[{"id":286197,"href":"https:\/\/www.meydan.tv\/az\/wp-json\/wp\/v2\/posts\/286190\/revisions\/286197"}],"wp:featuredmedia":[{"embeddable":true,"href":"https:\/\/www.meydan.tv\/az\/wp-json\/wp\/v2\/media\/231939"}],"wp:attachment":[{"href":"https:\/\/www.meydan.tv\/az\/wp-json\/wp\/v2\/media?parent=286190"}],"wp:term":[{"taxonomy":"category","embeddable":true,"href":"https:\/\/www.meydan.tv\/az\/wp-json\/wp\/v2\/categories?post=286190"},{"taxonomy":"post_tag","embeddable":true,"href":"https:\/\/www.meydan.tv\/az\/wp-json\/wp\/v2\/tags?post=286190"}],"curies":[{"name":"wp","href":"https:\/\/api.w.org\/{rel}","templated":true}]}}