{"id":286117,"date":"2023-09-27T14:19:44","date_gmt":"2023-09-27T10:19:44","guid":{"rendered":"https:\/\/www.meydan.tv\/?p=286117"},"modified":"2023-09-27T14:19:48","modified_gmt":"2023-09-27T10:19:48","slug":"naxcivan-sakini-oglumu-yeni-texribat-barede-xeberdar-edibler-ona-gore-acliq-edir","status":"publish","type":"post","link":"https:\/\/www.meydan.tv\/az\/article\/naxcivan-sakini-oglumu-yeni-texribat-barede-xeberdar-edibler-ona-gore-acliq-edir\/","title":{"rendered":"Nax\u00e7\u0131van sakini: \u201cO\u011flumu yeni t\u0259xribat bar\u0259d\u0259 x\u0259b\u0259rdar edibl\u0259r, ona g\u00f6r\u0259 acl\u0131q edir\u201d"},"content":{"rendered":"\n<p><\/p>\n\n\n\n<p><strong><em>\u201cM\u0259hbuslar\u0131n g\u00f6z\u00fc qar\u015f\u0131s\u0131nda o\u011flumu soyuqda, \u015faxtada paltars\u0131z saxlay\u0131b, Ombudsman\u0131n n\u00fcmay\u0259nd\u0259l\u0259rinin yan\u0131nda a\u011f\u0131z-burnunun qan\u0131n\u0131 bir-birin\u0259 qat\u0131b&#8230;\u201d<\/em><\/strong><\/p>\n\n\n\n<p>Nax\u00e7\u0131van sakini K\u0259rim \u018fhm\u0259dov haz\u0131rda h\u0259bsd\u0259 olan o\u011flu R\u00f6yal \u018fhm\u0259dovun acl\u0131q etdiyini deyir. Onun s\u00f6zl\u0259rin\u0259 g\u00f6r\u0259, o\u011flu saxland\u0131\u011f\u0131 7 sayl\u0131 c\u0259za\u00e7\u0259km\u0259 m\u00fc\u0259ssis\u0259sinin r\u0259hb\u0259rliyini d\u0259 bu bar\u0259d\u0259 yaz\u0131l\u0131 \u015f\u0259kild\u0259 x\u0259b\u0259rdar edib.<\/p>\n\n\n\n<p><strong>\u201cBa\u015f\u0131na a\u00e7\u0131lmayan oyun qalmam\u0131\u015fd\u0131\u201d<\/strong><\/p>\n\n\n\n<p>Ke\u00e7mi\u015f polis \u0259m\u0259kda\u015f\u0131 olan 37 ya\u015fl\u0131 R\u00f6yal \u018fhm\u0259dov 9 ildir ki, h\u0259bsd\u0259dir. O, bu m\u00fcdd\u0259tin 5 ilini Qobustandak\u0131 qapal\u0131 h\u0259bsxanada ke\u00e7irib. 2019-cu ilin dekabr\u0131nda \u015e\u0259ki Penitensiar M\u00fc\u0259ssis\u0259sin\u0259 k\u00f6\u00e7\u00fcr\u00fcl\u00fcb. T\u0259xmin\u0259n ilyar\u0131md\u0131r ki, 7 sayl\u0131 c\u0259za\u00e7\u0259km\u0259 m\u00fc\u0259ssis\u0259sind\u0259dir.<\/p>\n\n\n\n<p>&#8220;<em>O\u011fluma \u015e\u0259kid\u0259 z\u00fclm el\u0259dil\u0259r. Oran\u0131n r\u0259isi F\u0259rhad H\u00fcseynovun i\u015fg\u0259nc\u0259l\u0259rin\u0259 g\u00f6r\u0259 sabun udmu\u015fdu, d\u0259smal udmu\u015fdu. Onun ba\u015f\u0131na a\u00e7\u0131lmayan oyun qalmam\u0131\u015fd\u0131. R\u00f6yal dan\u0131\u015f\u0131r ki, Ombudsman Aparat\u0131n\u0131n \u0259m\u0259kda\u015flar\u0131n\u0131n g\u00f6z\u00fc qar\u015f\u0131s\u0131nda a\u011f\u0131z-burnumun qan\u0131n\u0131 bir-birin\u0259 qatm\u0131\u015fd\u0131lar. O q\u0259d\u0259r m\u0259hbusun g\u00f6z\u00fcn\u00fcn qar\u015f\u0131s\u0131nda, yanvar ay\u0131nda soyu\u011fun q\u0131l\u0131nc kimi k\u0259s\u0259n vaxt\u0131nda o\u011flumu bir ay \u00e7\u00f6ld\u0259 \u00fcst paltars\u0131z saxlam\u0131\u015fd\u0131. O\u011flum n\u0259 hala qalm\u0131\u015fd\u0131. Onu oradan Penitensiar Xidm\u0259tin M\u00fcalic\u0259 M\u00fc\u0259ssis\u0259sin\u0259 g\u00f6nd\u0259rmi\u015fdil\u0259r, sonra da 7 sayl\u0131ya g\u0259ldi&#8230;\u201d,<\/em> &#8211; ata Meydan TV-y\u0259 dan\u0131\u015f\u0131r.<\/p>\n\n\n\n<p><strong>C\u0259za\u00e7\u0259km\u0259 m\u00fc\u0259ssis\u0259sinin r\u0259isini m\u0259hk\u0259m\u0259y\u0259 verib, i\u015f Ali M\u0259hk\u0259m\u0259d\u0259dir<\/strong><\/p>\n\n\n\n<p>Onun s\u00f6zl\u0259rin\u0259 g\u00f6r\u0259, 7 sayl\u0131 c\u0259za\u00e7\u0259km\u0259 m\u00fc\u0259ssis\u0259sind\u0259 d\u0259 R\u00f6yal \u018fhm\u0259dova x\u0259b\u0259rdarl\u0131q edilib ki, ona qar\u015f\u0131 t\u0259xribat haz\u0131rlan\u0131r. H\u0259tta bu m\u0259qs\u0259dl\u0259 m\u0259hbuslardan istifad\u0259 etm\u0259y\u0259 c\u0259hd olunub:<\/p>\n\n\n\n<p>\u201c<em>Bu yax\u0131nlarda oradan \u00e7\u0131xan m\u0259hbuslardan biri x\u0259b\u0259r verdi. Ondan R\u00f6yala qar\u015f\u0131 \u0259riz\u0259 almaq ist\u0259yibl\u0259r. D\u00fc\u015f\u00fcn\u00fcr\u00fck ki, \u015e\u0259kid\u0259n qalma d\u00fc\u015fm\u0259n\u00e7iliyi davam etdirirl\u0259r. Eyni sistemdir, ham\u0131s\u0131 da bir-birinin tan\u0131\u015f\u0131d\u0131r\u201d.<\/em><\/p>\n\n\n<div class=\"wp-block-image\">\n<figure class=\"alignleft size-large is-resized\"><img decoding=\"async\" data-src=\"https:\/\/www.meydan.tv\/wp-content\/uploads\/photo-2023-09-27-12-22-52-821x821.jpg\" alt=\"\" class=\"wp-image-286118 lazyload\" style=\"--smush-placeholder-width: 421px; --smush-placeholder-aspect-ratio: 421\/421;width:421px;height:421px\" width=\"421\" height=\"421\" src=\"data:image\/svg+xml;base64,PHN2ZyB3aWR0aD0iMSIgaGVpZ2h0PSIxIiB4bWxucz0iaHR0cDovL3d3dy53My5vcmcvMjAwMC9zdmciPjwvc3ZnPg==\" \/><figcaption class=\"wp-element-caption\">R\u00f6yal \u018fhm\u0259dov. Foto: Ail\u0259 albomundan<\/figcaption><\/figure>\n<\/div>\n\n\n<p>K\u0259rim \u018fhm\u0259dov o\u011flu il\u0259 \u015e\u0259ki Penitensiar M\u00fc\u0259ssis\u0259sinin r\u0259hb\u0259rliyi aras\u0131nda problemin n\u0259d\u0259n qaynaqland\u0131\u011f\u0131 haqda da dan\u0131\u015f\u0131b. Atas\u0131 deyir ki, R\u00f6yal \u018fhm\u0259dov 2019-cu ilin dekabr\u0131nda ora k\u00f6\u00e7\u00fcr\u00fcl\u0259nd\u0259 onu \u00e7ox nimda\u015f bir yer\u0259 sal\u0131blar:<\/p>\n\n\n\n<p><em>\u201cDeyib ki, \u201coran\u0131 t\u0259mir el\u0259tdir, normal yerd\u0259 qal\u201d. Biz n\u0259 q\u0259d\u0259r pul g\u00f6nd\u0259rdik, t\u0259mir el\u0259tdirdik. Sonra o\u011flumu oradan ba\u015fqa yer\u0259 k\u00f6\u00e7\u00fcrd\u00fc. Bu da o\u011fluma ac\u0131q g\u0259ldi. O\u011flum dedi ki, \u201cya pulumu qaytar, ya da m\u0259n orada qalacam\u201d. Bundan sonra R\u00f6yalla d\u00fc\u015fm\u0259n oldu, onun g\u00fcn\u00fcn\u00fc qara el\u0259di&#8230;\u201d.<\/em><\/p>\n\n\n\n<p>R\u00f6yal \u018fhm\u0259dov \u015e\u0259ki Penitensiar M\u00fc\u0259ssis\u0259sinin r\u0259isini m\u0259hk\u0259m\u0259y\u0259 d\u0259 verib. M\u0259hk\u0259m\u0259y\u0259 \u015fikay\u0259tind\u0259 g\u00f6st\u0259rib ki, m\u00fc\u0259ssis\u0259d\u0259 qeyri-insani r\u0259ftara m\u0259ruz qal\u0131r, r\u0259is F\u0259rhad H\u00fcseynov v\u0259zif\u0259 s\u0259lahiyy\u0259tl\u0259rind\u0259n sui-istifad\u0259 edir v\u0259 s. Lakin \u015e\u0259kid\u0259 m\u0259hk\u0259m\u0259 onun \u015fikay\u0259tini t\u0259min etm\u0259yib. \u0130ddia olunub ki, onun g\u00f6st\u0259rdiyi hallar t\u0259sdiqini tapmay\u0131b.<\/p>\n\n\n\n<p>Birinci instansiya m\u0259hk\u0259m\u0259sinin q\u0259rar\u0131ndan apelyasiya \u015fikay\u0259ti verm\u0259sin\u0259 baxmayaraq, bu add\u0131m\u0131 da n\u0259tic\u0259siz qal\u0131b. R\u00f6yal \u018fhm\u0259dov \u015e\u0259ki Apelyasiya M\u0259hk\u0259m\u0259sinin q\u0259rar\u0131ndan da Ali M\u0259hk\u0259m\u0259y\u0259 \u015fikay\u0259t edib.<\/p>\n\n\n\n<p>\u201c<strong>M\u0259hk\u0259m\u0259l\u0259r ancaq m\u0259murlar\u0131 m\u00fcdafi\u0259 edir\u201d<\/strong><\/p>\n\n\n\n<p>\u201c<em>O\u011flumun acl\u0131q etm\u0259kd\u0259 t\u0259l\u0259bl\u0259rind\u0259n biri d\u0259 Ali M\u0259hk\u0259m\u0259nin bu m\u0259s\u0259l\u0259y\u0259 h\u0259ssas yana\u015fmas\u0131d\u0131r. M\u0259hk\u0259m\u0259l\u0259r niy\u0259 ancaq m\u0259murlar\u0131n m\u00f6vqeyind\u0259n yana\u015f\u0131r m\u0259s\u0259l\u0259y\u0259? Niy\u0259 v\u0259t\u0259nda\u015f\u0131n durumunu anlamaq ist\u0259mir? M\u0259s\u0259l\u0259n, m\u0259hk\u0259m\u0259 onlarla \u015fahidi saya salmad\u0131, F\u0259rhad H\u00fcseynovun xeyrin\u0259 q\u0259rar verdi. Halbuki, onun soyuqda, \u015faxtada paltars\u0131z saxlanmas\u0131 m\u0259hbuslar\u0131n g\u00f6z\u00fc qar\u015f\u0131s\u0131nda olmu\u015fdu. B\u0259s hakimin insaf\u0131, vicdan\u0131 hardad\u0131? \u0130ndi 7 sayl\u0131 c\u0259za\u00e7\u0259km\u0259 m\u00fc\u0259ssis\u0259sind\u0259 d\u0259 o\u011flum \u015fikay\u0259tl\u0259r yazmaq ist\u0259yir, m\u0259ktublar\u0131 g\u00f6nd\u0259rm\u0259y\u0259 imkan vermirl\u0259r. R\u00f6yal h\u0259m d\u0259 buna etiraz edir. H\u0259bsd\u0259 olan \u015f\u0259xsin azadl\u0131\u011f\u0131 m\u0259hdudla\u015fd\u0131r\u0131l\u0131b, ba\u015fqa h\u00fcquqlar\u0131 yox. Bu adam m\u0259ktub da yaza bil\u0259r, m\u0259ktub da ala bil\u0259r. Bu, n\u0259 dem\u0259kdir?\u201d-<\/em> ata sor\u011fulay\u0131r.<\/p>\n\n\n\n<p><strong>Penitensiar Xidm\u0259t cavab vermir<\/strong><\/p>\n\n\n\n<p>K\u0259rim \u018fhm\u0259dovun s\u0259sl\u0259ndirdiyi iddialar, el\u0259c\u0259 d\u0259 R\u00f6yal \u018fhm\u0259dovun acl\u0131q aksiyas\u0131 ke\u00e7irm\u0259si haqda dedikl\u0259ril\u0259 \u0259laq\u0259dar Meydan TV Penitensiar Xidm\u0259tin ictimaiyy\u0259tl\u0259 \u0259laq\u0259dar \u015f\u00f6b\u0259sin\u0259 sor\u011fu g\u00f6nd\u0259rib. Lakin bu qurumdan sor\u011fuya cavab verilm\u0259yib.<\/p>\n\n\n\n<p>1986-c\u0131 il t\u0259v\u0259ll\u00fcdl\u00fc R\u00f6yal K\u0259rimov 2014-c\u00fc ild\u0259 h\u0259bs edilib. O, ke\u00e7mi\u015f polis \u0259m\u0259kda\u015f\u0131 \u015eakir Orucov, R\u0259\u015fad Ta\u011f\u0131yev v\u0259 R\u0259him S\u0259ttarovla birlikd\u0259 m\u00fchakim\u0259 olunub. Tamah m\u0259qs\u0259dil\u0259 q\u0259sd\u0259n adam \u00f6ld\u00fcrm\u0259, quldurluq v\u0259 s. \u0259m\u0259ll\u0259rd\u0259 t\u0259qsirli bilin\u0259n Nax\u00e7\u0131van sakini 20 il azadl\u0131qdan m\u0259hrum edilib. Lakin o, bu ittihamlar\u0131 q\u0259bul etmir, \u00f6z\u00fcn\u00fc t\u0259qsirli bilmir.<\/p>\n\n\n\n<p>Onunla birlikd\u0259 m\u00fchakim\u0259 olunanlardam \u015eakir Orucov \u00f6m\u00fcrl\u00fck, dig\u0259rl\u0259ri is\u0259 13 il h\u0259bs c\u0259zas\u0131 al\u0131b.<\/p>\n","protected":false},"excerpt":{"rendered":"<p>\u201cM\u0259hbuslar\u0131n g\u00f6z\u00fc qar\u015f\u0131s\u0131nda o\u011flumu soyuqda, \u015faxtada paltars\u0131z saxlay\u0131b, Ombudsman\u0131n n\u00fcmay\u0259nd\u0259l\u0259rinin &#8230; <\/p>\n<p class=\"read-more-container\"><a title=\"Nax\u00e7\u0131van sakini: \u201cO\u011flumu yeni t\u0259xribat bar\u0259d\u0259 x\u0259b\u0259rdar edibl\u0259r, ona g\u00f6r\u0259 acl\u0131q edir\u201d\" class=\"read-more button\" href=\"https:\/\/www.meydan.tv\/az\/article\/naxcivan-sakini-oglumu-yeni-texribat-barede-xeberdar-edibler-ona-gore-acliq-edir\/#more-286117\" aria-label=\"Read more about Nax\u00e7\u0131van sakini: \u201cO\u011flumu yeni t\u0259xribat bar\u0259d\u0259 x\u0259b\u0259rdar edibl\u0259r, ona g\u00f6r\u0259 acl\u0131q edir\u201d\">Davam\u0131<\/a><\/p>\n","protected":false},"author":8,"featured_media":211098,"comment_status":"closed","ping_status":"closed","sticky":false,"template":"","format":"standard","meta":{"_acf_changed":false,"_sitemap_exclude":false,"_sitemap_priority":"","_sitemap_frequency":"","footnotes":""},"categories":[60,56],"tags":[],"class_list":["post-286117","post","type-post","status-publish","format-standard","has-post-thumbnail","hentry","category-bolge","category-xeberler","infinite-scroll-item","generate-columns","tablet-grid-50","mobile-grid-100","grid-parent","grid-33","no-featured-image-padding"],"acf":[],"yoast_head":"<!-- This site is optimized with the Yoast SEO plugin v27.4 - https:\/\/yoast.com\/product\/yoast-seo-wordpress\/ -->\n<title>Nax\u00e7\u0131van sakini: \u201cO\u011flumu yeni t\u0259xribat bar\u0259d\u0259 x\u0259b\u0259rdar edibl\u0259r, ona g\u00f6r\u0259 acl\u0131q edir\u201d - MEYDAN.TV<\/title>\n<meta name=\"robots\" content=\"index, follow, max-snippet:-1, max-image-preview:large, max-video-preview:-1\" \/>\n<link rel=\"canonical\" href=\"https:\/\/www.meydan.tv\/az\/article\/naxcivan-sakini-oglumu-yeni-texribat-barede-xeberdar-edibler-ona-gore-acliq-edir\/\" \/>\n<meta property=\"og:locale\" content=\"az_AZ\" \/>\n<meta property=\"og:type\" content=\"article\" \/>\n<meta property=\"og:title\" content=\"Nax\u00e7\u0131van sakini: \u201cO\u011flumu yeni t\u0259xribat bar\u0259d\u0259 x\u0259b\u0259rdar edibl\u0259r, ona g\u00f6r\u0259 acl\u0131q edir\u201d - MEYDAN.TV\" \/>\n<meta property=\"og:description\" content=\"\u201cM\u0259hbuslar\u0131n g\u00f6z\u00fc qar\u015f\u0131s\u0131nda o\u011flumu soyuqda, \u015faxtada paltars\u0131z saxlay\u0131b, Ombudsman\u0131n n\u00fcmay\u0259nd\u0259l\u0259rinin ... Davam\u0131\" \/>\n<meta property=\"og:url\" content=\"https:\/\/www.meydan.tv\/az\/article\/naxcivan-sakini-oglumu-yeni-texribat-barede-xeberdar-edibler-ona-gore-acliq-edir\/\" \/>\n<meta property=\"og:site_name\" content=\"MEYDAN.TV\" \/>\n<meta property=\"article:published_time\" content=\"2023-09-27T10:19:44+00:00\" \/>\n<meta property=\"article:modified_time\" content=\"2023-09-27T10:19:48+00:00\" \/>\n<meta property=\"og:image\" content=\"https:\/\/www.meydan.tv\/wp-content\/uploads\/image_from_ios_10_t6fgcxo-scaled-e1664353406977.jpg\" \/>\n\t<meta property=\"og:image:width\" content=\"2560\" \/>\n\t<meta property=\"og:image:height\" content=\"1523\" \/>\n\t<meta property=\"og:image:type\" content=\"image\/jpeg\" \/>\n<meta name=\"author\" content=\"elli\" \/>\n<meta name=\"twitter:card\" content=\"summary_large_image\" \/>\n<meta name=\"twitter:creator\" content=\"@elli\" \/>\n<script type=\"application\/ld+json\" class=\"yoast-schema-graph\">{\"@context\":\"https:\\\/\\\/schema.org\",\"@graph\":[{\"@type\":\"Article\",\"@id\":\"https:\\\/\\\/www.meydan.tv\\\/az\\\/article\\\/naxcivan-sakini-oglumu-yeni-texribat-barede-xeberdar-edibler-ona-gore-acliq-edir\\\/#article\",\"isPartOf\":{\"@id\":\"https:\\\/\\\/www.meydan.tv\\\/az\\\/article\\\/naxcivan-sakini-oglumu-yeni-texribat-barede-xeberdar-edibler-ona-gore-acliq-edir\\\/\"},\"author\":{\"name\":\"elli\",\"@id\":\"https:\\\/\\\/www.meydan.tv\\\/az\\\/#\\\/schema\\\/person\\\/9cdbecf90d17180ce1dfbd95b08dcf47\"},\"headline\":\"Nax\u00e7\u0131van sakini: \u201cO\u011flumu yeni t\u0259xribat bar\u0259d\u0259 x\u0259b\u0259rdar edibl\u0259r, ona g\u00f6r\u0259 acl\u0131q edir\u201d\",\"datePublished\":\"2023-09-27T10:19:44+00:00\",\"dateModified\":\"2023-09-27T10:19:48+00:00\",\"mainEntityOfPage\":{\"@id\":\"https:\\\/\\\/www.meydan.tv\\\/az\\\/article\\\/naxcivan-sakini-oglumu-yeni-texribat-barede-xeberdar-edibler-ona-gore-acliq-edir\\\/\"},\"wordCount\":998,\"publisher\":{\"@id\":\"https:\\\/\\\/www.meydan.tv\\\/az\\\/#organization\"},\"image\":{\"@id\":\"https:\\\/\\\/www.meydan.tv\\\/az\\\/article\\\/naxcivan-sakini-oglumu-yeni-texribat-barede-xeberdar-edibler-ona-gore-acliq-edir\\\/#primaryimage\"},\"thumbnailUrl\":\"https:\\\/\\\/www.meydan.tv\\\/wp-content\\\/uploads\\\/image_from_ios_10_t6fgcxo-scaled-e1664353406977.jpg\",\"articleSection\":[\"B\u00f6lg\u0259\",\"X\u0259b\u0259rl\u0259r\"],\"inLanguage\":\"az\"},{\"@type\":\"WebPage\",\"@id\":\"https:\\\/\\\/www.meydan.tv\\\/az\\\/article\\\/naxcivan-sakini-oglumu-yeni-texribat-barede-xeberdar-edibler-ona-gore-acliq-edir\\\/\",\"url\":\"https:\\\/\\\/www.meydan.tv\\\/az\\\/article\\\/naxcivan-sakini-oglumu-yeni-texribat-barede-xeberdar-edibler-ona-gore-acliq-edir\\\/\",\"name\":\"Nax\u00e7\u0131van sakini: \u201cO\u011flumu yeni t\u0259xribat bar\u0259d\u0259 x\u0259b\u0259rdar edibl\u0259r, ona g\u00f6r\u0259 acl\u0131q edir\u201d - MEYDAN.TV\",\"isPartOf\":{\"@id\":\"https:\\\/\\\/www.meydan.tv\\\/az\\\/#website\"},\"primaryImageOfPage\":{\"@id\":\"https:\\\/\\\/www.meydan.tv\\\/az\\\/article\\\/naxcivan-sakini-oglumu-yeni-texribat-barede-xeberdar-edibler-ona-gore-acliq-edir\\\/#primaryimage\"},\"image\":{\"@id\":\"https:\\\/\\\/www.meydan.tv\\\/az\\\/article\\\/naxcivan-sakini-oglumu-yeni-texribat-barede-xeberdar-edibler-ona-gore-acliq-edir\\\/#primaryimage\"},\"thumbnailUrl\":\"https:\\\/\\\/www.meydan.tv\\\/wp-content\\\/uploads\\\/image_from_ios_10_t6fgcxo-scaled-e1664353406977.jpg\",\"datePublished\":\"2023-09-27T10:19:44+00:00\",\"dateModified\":\"2023-09-27T10:19:48+00:00\",\"breadcrumb\":{\"@id\":\"https:\\\/\\\/www.meydan.tv\\\/az\\\/article\\\/naxcivan-sakini-oglumu-yeni-texribat-barede-xeberdar-edibler-ona-gore-acliq-edir\\\/#breadcrumb\"},\"inLanguage\":\"az\",\"potentialAction\":[{\"@type\":\"ReadAction\",\"target\":[\"https:\\\/\\\/www.meydan.tv\\\/az\\\/article\\\/naxcivan-sakini-oglumu-yeni-texribat-barede-xeberdar-edibler-ona-gore-acliq-edir\\\/\"]}]},{\"@type\":\"ImageObject\",\"inLanguage\":\"az\",\"@id\":\"https:\\\/\\\/www.meydan.tv\\\/az\\\/article\\\/naxcivan-sakini-oglumu-yeni-texribat-barede-xeberdar-edibler-ona-gore-acliq-edir\\\/#primaryimage\",\"url\":\"https:\\\/\\\/www.meydan.tv\\\/wp-content\\\/uploads\\\/image_from_ios_10_t6fgcxo-scaled-e1664353406977.jpg\",\"contentUrl\":\"https:\\\/\\\/www.meydan.tv\\\/wp-content\\\/uploads\\\/image_from_ios_10_t6fgcxo-scaled-e1664353406977.jpg\",\"width\":2560,\"height\":1523,\"caption\":\"\u0130ll\u00fcstrasiya: Meydan TV\"},{\"@type\":\"BreadcrumbList\",\"@id\":\"https:\\\/\\\/www.meydan.tv\\\/az\\\/article\\\/naxcivan-sakini-oglumu-yeni-texribat-barede-xeberdar-edibler-ona-gore-acliq-edir\\\/#breadcrumb\",\"itemListElement\":[{\"@type\":\"ListItem\",\"position\":1,\"name\":\"Ana s\u0259hif\u0259\",\"item\":\"https:\\\/\\\/www.meydan.tv\\\/az\\\/\"},{\"@type\":\"ListItem\",\"position\":2,\"name\":\"B\u00f6lg\u0259\",\"item\":\"https:\\\/\\\/www.meydan.tv\\\/az\\\/section\\\/bolge\\\/\"},{\"@type\":\"ListItem\",\"position\":3,\"name\":\"Nax\u00e7\u0131van sakini: \u201cO\u011flumu yeni t\u0259xribat bar\u0259d\u0259 x\u0259b\u0259rdar edibl\u0259r, ona g\u00f6r\u0259 acl\u0131q edir\u201d\"}]},{\"@type\":\"WebSite\",\"@id\":\"https:\\\/\\\/www.meydan.tv\\\/az\\\/#website\",\"url\":\"https:\\\/\\\/www.meydan.tv\\\/az\\\/\",\"name\":\"MEYDAN.TV\",\"description\":\"Meydan TV Az\u0259rbaycan\u0131n media m\u0259kan\u0131ndak\u0131 alternativ s\u0259sidir\",\"publisher\":{\"@id\":\"https:\\\/\\\/www.meydan.tv\\\/az\\\/#organization\"},\"potentialAction\":[{\"@type\":\"SearchAction\",\"target\":{\"@type\":\"EntryPoint\",\"urlTemplate\":\"https:\\\/\\\/www.meydan.tv\\\/az\\\/?s={search_term_string}\"},\"query-input\":{\"@type\":\"PropertyValueSpecification\",\"valueRequired\":true,\"valueName\":\"search_term_string\"}}],\"inLanguage\":\"az\"},{\"@type\":\"Organization\",\"@id\":\"https:\\\/\\\/www.meydan.tv\\\/az\\\/#organization\",\"name\":\"Meydan TV\",\"url\":\"https:\\\/\\\/www.meydan.tv\\\/az\\\/\",\"logo\":{\"@type\":\"ImageObject\",\"inLanguage\":\"az\",\"@id\":\"https:\\\/\\\/www.meydan.tv\\\/az\\\/#\\\/schema\\\/logo\\\/image\\\/\",\"url\":\"https:\\\/\\\/www.meydan.tv\\\/wp-content\\\/uploads\\\/2021\\\/07\\\/meydan-logo.svg\",\"contentUrl\":\"https:\\\/\\\/www.meydan.tv\\\/wp-content\\\/uploads\\\/2021\\\/07\\\/meydan-logo.svg\",\"width\":195,\"height\":46,\"caption\":\"Meydan TV\"},\"image\":{\"@id\":\"https:\\\/\\\/www.meydan.tv\\\/az\\\/#\\\/schema\\\/logo\\\/image\\\/\"}},{\"@type\":\"Person\",\"@id\":\"https:\\\/\\\/www.meydan.tv\\\/az\\\/#\\\/schema\\\/person\\\/9cdbecf90d17180ce1dfbd95b08dcf47\",\"name\":\"elli\",\"sameAs\":[\"https:\\\/\\\/x.com\\\/elli\"]}]}<\/script>\n<!-- \/ Yoast SEO plugin. -->","yoast_head_json":{"title":"Nax\u00e7\u0131van sakini: \u201cO\u011flumu yeni t\u0259xribat bar\u0259d\u0259 x\u0259b\u0259rdar edibl\u0259r, ona g\u00f6r\u0259 acl\u0131q edir\u201d - MEYDAN.TV","robots":{"index":"index","follow":"follow","max-snippet":"max-snippet:-1","max-image-preview":"max-image-preview:large","max-video-preview":"max-video-preview:-1"},"canonical":"https:\/\/www.meydan.tv\/az\/article\/naxcivan-sakini-oglumu-yeni-texribat-barede-xeberdar-edibler-ona-gore-acliq-edir\/","og_locale":"az_AZ","og_type":"article","og_title":"Nax\u00e7\u0131van sakini: \u201cO\u011flumu yeni t\u0259xribat bar\u0259d\u0259 x\u0259b\u0259rdar edibl\u0259r, ona g\u00f6r\u0259 acl\u0131q edir\u201d - MEYDAN.TV","og_description":"\u201cM\u0259hbuslar\u0131n g\u00f6z\u00fc qar\u015f\u0131s\u0131nda o\u011flumu soyuqda, \u015faxtada paltars\u0131z saxlay\u0131b, Ombudsman\u0131n n\u00fcmay\u0259nd\u0259l\u0259rinin ... Davam\u0131","og_url":"https:\/\/www.meydan.tv\/az\/article\/naxcivan-sakini-oglumu-yeni-texribat-barede-xeberdar-edibler-ona-gore-acliq-edir\/","og_site_name":"MEYDAN.TV","article_published_time":"2023-09-27T10:19:44+00:00","article_modified_time":"2023-09-27T10:19:48+00:00","og_image":[{"width":2560,"height":1523,"url":"https:\/\/www.meydan.tv\/wp-content\/uploads\/image_from_ios_10_t6fgcxo-scaled-e1664353406977.jpg","type":"image\/jpeg"}],"author":"elli","twitter_card":"summary_large_image","twitter_creator":"@elli","schema":{"@context":"https:\/\/schema.org","@graph":[{"@type":"Article","@id":"https:\/\/www.meydan.tv\/az\/article\/naxcivan-sakini-oglumu-yeni-texribat-barede-xeberdar-edibler-ona-gore-acliq-edir\/#article","isPartOf":{"@id":"https:\/\/www.meydan.tv\/az\/article\/naxcivan-sakini-oglumu-yeni-texribat-barede-xeberdar-edibler-ona-gore-acliq-edir\/"},"author":{"name":"elli","@id":"https:\/\/www.meydan.tv\/az\/#\/schema\/person\/9cdbecf90d17180ce1dfbd95b08dcf47"},"headline":"Nax\u00e7\u0131van sakini: \u201cO\u011flumu yeni t\u0259xribat bar\u0259d\u0259 x\u0259b\u0259rdar edibl\u0259r, ona g\u00f6r\u0259 acl\u0131q edir\u201d","datePublished":"2023-09-27T10:19:44+00:00","dateModified":"2023-09-27T10:19:48+00:00","mainEntityOfPage":{"@id":"https:\/\/www.meydan.tv\/az\/article\/naxcivan-sakini-oglumu-yeni-texribat-barede-xeberdar-edibler-ona-gore-acliq-edir\/"},"wordCount":998,"publisher":{"@id":"https:\/\/www.meydan.tv\/az\/#organization"},"image":{"@id":"https:\/\/www.meydan.tv\/az\/article\/naxcivan-sakini-oglumu-yeni-texribat-barede-xeberdar-edibler-ona-gore-acliq-edir\/#primaryimage"},"thumbnailUrl":"https:\/\/www.meydan.tv\/wp-content\/uploads\/image_from_ios_10_t6fgcxo-scaled-e1664353406977.jpg","articleSection":["B\u00f6lg\u0259","X\u0259b\u0259rl\u0259r"],"inLanguage":"az"},{"@type":"WebPage","@id":"https:\/\/www.meydan.tv\/az\/article\/naxcivan-sakini-oglumu-yeni-texribat-barede-xeberdar-edibler-ona-gore-acliq-edir\/","url":"https:\/\/www.meydan.tv\/az\/article\/naxcivan-sakini-oglumu-yeni-texribat-barede-xeberdar-edibler-ona-gore-acliq-edir\/","name":"Nax\u00e7\u0131van sakini: \u201cO\u011flumu yeni t\u0259xribat bar\u0259d\u0259 x\u0259b\u0259rdar edibl\u0259r, ona g\u00f6r\u0259 acl\u0131q edir\u201d - MEYDAN.TV","isPartOf":{"@id":"https:\/\/www.meydan.tv\/az\/#website"},"primaryImageOfPage":{"@id":"https:\/\/www.meydan.tv\/az\/article\/naxcivan-sakini-oglumu-yeni-texribat-barede-xeberdar-edibler-ona-gore-acliq-edir\/#primaryimage"},"image":{"@id":"https:\/\/www.meydan.tv\/az\/article\/naxcivan-sakini-oglumu-yeni-texribat-barede-xeberdar-edibler-ona-gore-acliq-edir\/#primaryimage"},"thumbnailUrl":"https:\/\/www.meydan.tv\/wp-content\/uploads\/image_from_ios_10_t6fgcxo-scaled-e1664353406977.jpg","datePublished":"2023-09-27T10:19:44+00:00","dateModified":"2023-09-27T10:19:48+00:00","breadcrumb":{"@id":"https:\/\/www.meydan.tv\/az\/article\/naxcivan-sakini-oglumu-yeni-texribat-barede-xeberdar-edibler-ona-gore-acliq-edir\/#breadcrumb"},"inLanguage":"az","potentialAction":[{"@type":"ReadAction","target":["https:\/\/www.meydan.tv\/az\/article\/naxcivan-sakini-oglumu-yeni-texribat-barede-xeberdar-edibler-ona-gore-acliq-edir\/"]}]},{"@type":"ImageObject","inLanguage":"az","@id":"https:\/\/www.meydan.tv\/az\/article\/naxcivan-sakini-oglumu-yeni-texribat-barede-xeberdar-edibler-ona-gore-acliq-edir\/#primaryimage","url":"https:\/\/www.meydan.tv\/wp-content\/uploads\/image_from_ios_10_t6fgcxo-scaled-e1664353406977.jpg","contentUrl":"https:\/\/www.meydan.tv\/wp-content\/uploads\/image_from_ios_10_t6fgcxo-scaled-e1664353406977.jpg","width":2560,"height":1523,"caption":"\u0130ll\u00fcstrasiya: Meydan TV"},{"@type":"BreadcrumbList","@id":"https:\/\/www.meydan.tv\/az\/article\/naxcivan-sakini-oglumu-yeni-texribat-barede-xeberdar-edibler-ona-gore-acliq-edir\/#breadcrumb","itemListElement":[{"@type":"ListItem","position":1,"name":"Ana s\u0259hif\u0259","item":"https:\/\/www.meydan.tv\/az\/"},{"@type":"ListItem","position":2,"name":"B\u00f6lg\u0259","item":"https:\/\/www.meydan.tv\/az\/section\/bolge\/"},{"@type":"ListItem","position":3,"name":"Nax\u00e7\u0131van sakini: \u201cO\u011flumu yeni t\u0259xribat bar\u0259d\u0259 x\u0259b\u0259rdar edibl\u0259r, ona g\u00f6r\u0259 acl\u0131q edir\u201d"}]},{"@type":"WebSite","@id":"https:\/\/www.meydan.tv\/az\/#website","url":"https:\/\/www.meydan.tv\/az\/","name":"MEYDAN.TV","description":"Meydan TV Az\u0259rbaycan\u0131n media m\u0259kan\u0131ndak\u0131 alternativ s\u0259sidir","publisher":{"@id":"https:\/\/www.meydan.tv\/az\/#organization"},"potentialAction":[{"@type":"SearchAction","target":{"@type":"EntryPoint","urlTemplate":"https:\/\/www.meydan.tv\/az\/?s={search_term_string}"},"query-input":{"@type":"PropertyValueSpecification","valueRequired":true,"valueName":"search_term_string"}}],"inLanguage":"az"},{"@type":"Organization","@id":"https:\/\/www.meydan.tv\/az\/#organization","name":"Meydan TV","url":"https:\/\/www.meydan.tv\/az\/","logo":{"@type":"ImageObject","inLanguage":"az","@id":"https:\/\/www.meydan.tv\/az\/#\/schema\/logo\/image\/","url":"https:\/\/www.meydan.tv\/wp-content\/uploads\/2021\/07\/meydan-logo.svg","contentUrl":"https:\/\/www.meydan.tv\/wp-content\/uploads\/2021\/07\/meydan-logo.svg","width":195,"height":46,"caption":"Meydan TV"},"image":{"@id":"https:\/\/www.meydan.tv\/az\/#\/schema\/logo\/image\/"}},{"@type":"Person","@id":"https:\/\/www.meydan.tv\/az\/#\/schema\/person\/9cdbecf90d17180ce1dfbd95b08dcf47","name":"elli","sameAs":["https:\/\/x.com\/elli"]}]}},"_links":{"self":[{"href":"https:\/\/www.meydan.tv\/az\/wp-json\/wp\/v2\/posts\/286117","targetHints":{"allow":["GET"]}}],"collection":[{"href":"https:\/\/www.meydan.tv\/az\/wp-json\/wp\/v2\/posts"}],"about":[{"href":"https:\/\/www.meydan.tv\/az\/wp-json\/wp\/v2\/types\/post"}],"author":[{"embeddable":true,"href":"https:\/\/www.meydan.tv\/az\/wp-json\/wp\/v2\/users\/8"}],"replies":[{"embeddable":true,"href":"https:\/\/www.meydan.tv\/az\/wp-json\/wp\/v2\/comments?post=286117"}],"version-history":[{"count":2,"href":"https:\/\/www.meydan.tv\/az\/wp-json\/wp\/v2\/posts\/286117\/revisions"}],"predecessor-version":[{"id":286122,"href":"https:\/\/www.meydan.tv\/az\/wp-json\/wp\/v2\/posts\/286117\/revisions\/286122"}],"wp:featuredmedia":[{"embeddable":true,"href":"https:\/\/www.meydan.tv\/az\/wp-json\/wp\/v2\/media\/211098"}],"wp:attachment":[{"href":"https:\/\/www.meydan.tv\/az\/wp-json\/wp\/v2\/media?parent=286117"}],"wp:term":[{"taxonomy":"category","embeddable":true,"href":"https:\/\/www.meydan.tv\/az\/wp-json\/wp\/v2\/categories?post=286117"},{"taxonomy":"post_tag","embeddable":true,"href":"https:\/\/www.meydan.tv\/az\/wp-json\/wp\/v2\/tags?post=286117"}],"curies":[{"name":"wp","href":"https:\/\/api.w.org\/{rel}","templated":true}]}}