{"id":286099,"date":"2023-09-27T13:03:49","date_gmt":"2023-09-27T09:03:49","guid":{"rendered":"https:\/\/www.meydan.tv\/?p=286099"},"modified":"2023-09-27T13:03:53","modified_gmt":"2023-09-27T09:03:53","slug":"blinken-eliyevi-qarabag-sakinlerine-genis-amnistiya-vermeye-cagirdi","status":"publish","type":"post","link":"https:\/\/www.meydan.tv\/az\/article\/blinken-eliyevi-qarabag-sakinlerine-genis-amnistiya-vermeye-cagirdi\/","title":{"rendered":"Blinken \u018fliyevi Qaraba\u011f sakinl\u0259rin\u0259 geni\u015f amnistiya verm\u0259y\u0259 \u00e7a\u011f\u0131rd\u0131"},"content":{"rendered":"\n<p><\/p>\n\n\n\n<p><em><strong>O, bunu s\u00fclh v\u0259 qar\u015f\u0131l\u0131ql\u0131 anlay\u0131\u015f \u00fc\u00e7\u00fcn vacib amil say\u0131b<\/strong><\/em><\/p>\n\n\n\n<p>Sentyabr\u0131n 26-da AB\u015e d\u00f6vl\u0259t katibi Entoni Blinken Prezident \u0130lham \u018fliyevl\u0259 telefonla dan\u0131\u015f\u0131b.<\/p>\n\n\n\n<p>Blinken \u018fliyevi Qaraba\u011f\u0131n b\u00fct\u00fcn sakinl\u0259ri \u00fc\u00e7\u00fcn s\u00fclh, qar\u015f\u0131l\u0131ql\u0131 anlay\u0131\u015f v\u0259 qar\u015f\u0131l\u0131ql\u0131 h\u00f6rm\u0259t\u0259 \u0259saslanan geni\u015f amnistiya elan etm\u0259y\u0259 \u00e7a\u011f\u0131r\u0131b.<\/p>\n\n\n\n<p>Bu bar\u0259d\u0259 &#8220;Turan&#8221; sentyabr\u0131n 27-d\u0259 D\u00f6vl\u0259t Departamentinin r\u0259smisi Metyu Miller\u0259 istinad\u0259n m\u0259lumat yay\u0131b.<\/p>\n\n\n\n<p>Ancaq d\u00fcn\u0259n \u201cpresident.az\u201d\u0131n yayd\u0131\u011f\u0131 m\u0259lumatda geni\u015f amnistiya bar\u0259d\u0259 a\u00e7\u0131qlama <a href=\"https:\/\/storage.googleapis.com\/qurium\/www.meydan.tv\/az-article-azerbaycan-bmt-nin-rezident-elaqelendirici-ofisinin-yaxin-zamanda-qarabaga-seferinin-teskiline-hazirdir.html\">olmay\u0131b<\/a>.<\/p>\n\n\n\n<p>Blinken bu ay \u0259rzind\u0259 \u00fc\u00e7 d\u0259f\u0259 \u018fliyevl\u0259 telefonla dan\u0131\u015f\u0131b.<\/p>\n\n\n\n<p>Art\u0131q m\u0259lumat verildiyi kimi, t\u0259r\u0259fl\u0259r Da\u011fl\u0131q Qaraba\u011fda potensial m\u00fc\u015fahid\u0259\u00e7il\u0259r missiyas\u0131n\u0131 m\u00fczakir\u0259 edibl\u0259r.<\/p>\n\n\n\n<p>&#8220;<em>Blinken \u018fliyevi Da\u011fl\u0131q Qaraba\u011f\u0131n sakinl\u0259rin\u0259 \u00f6z evl\u0259rind\u0259 t\u0259hl\u00fck\u0259siz \u015f\u0259raitd\u0259 ya\u015faya bil\u0259c\u0259kl\u0259rin\u0259 v\u0259 h\u00fcquqlar\u0131n\u0131n m\u00fcdafi\u0259 olunaca\u011f\u0131na z\u0259man\u0259t verm\u0259y\u0259 \u00e7a\u011f\u0131r\u0131b&#8221;<\/em>,- dey\u0259 Miller <a href=\"https:\/\/www.turan.az\/ext\/news\/2023\/9\/free\/politics_news\/az\/9136.htm\">bildirib.<\/a><\/p>\n\n\n\n<p>Sentyabr\u0131n 22-d\u0259 Az\u0259rbaycan Prezidentinin xarici siyas\u0259t \u00fczr\u0259 k\u00f6m\u0259k\u00e7isi Hikm\u0259t Hac\u0131yev demi\u015fdi ki, Qaraba\u011fda silah\u0131 yer\u0259 qoyan erm\u0259nil\u0259r\u0259 amnistiya n\u0259z\u0259rd\u0259 tutulur:<\/p>\n\n\n\n<p>\u201c<em>Ke\u00e7mi\u015f h\u0259rb\u00e7il\u0259r\u0259 v\u0259 d\u00f6y\u00fc\u015f\u00e7\u00fcl\u0259r\u0259 g\u0259linc\u0259, \u0259g\u0259r onlar bu c\u00fcr t\u0259snif edil\u0259 bil\u0259rs\u0259, bu adamlar \u00fc\u00e7\u00fcn d\u0259 bel\u0259 amnistiya n\u0259z\u0259rd\u0259 tutulur\u201d.<\/em><\/p>\n\n\n\n<p>Hikm\u0259t Hac\u0131yev Az\u0259rbaycan\u0131n Qaraba\u011f erm\u0259nil\u0259rinin dinc reinteqrasiyas\u0131n\u0131 ist\u0259diyini d\u0259 dil\u0259 g\u0259tirmi\u015fdi.<\/p>\n\n\n\n<p>Bununla bel\u0259 Hikm\u0259t Hac\u0131yev \u201cBBC News Az\u0259rbaycanca\u201dya bildirib ki, bu \u015f\u0259rt Birinci Qaraba\u011f m\u00fcharib\u0259sind\u0259 cinay\u0259t t\u00f6r\u0259tmi\u015f \u015f\u0259xl\u0259r\u0259 \u015famil olunmayacaq.<\/p>\n\n\n\n<p>Ancaq m\u00f6vzunu Meydan TV-y\u0259 \u015f\u0259rh ed\u0259n REAL Partiyas\u0131n\u0131n siyasi komit\u0259sinin \u00fczv\u00fc, deputat Erkin Q\u0259dirli bir q\u0259d\u0259r f\u0259rqli d\u00fc\u015f\u00fcn\u00fcrd\u00fc.<\/p>\n\n\n\n<p>Onun s\u00f6zl\u0259rin\u0259 g\u00f6r\u0259, m\u00fcharib\u0259 cinay\u0259tl\u0259ri t\u00f6r\u0259d\u0259nl\u0259r\u0259 amnistiya t\u0259tbiq olunmur:<\/p>\n\n\n\n<p>\u201c<em>\u00c7ox g\u00fcman ki, Hikm\u0259t Hac\u0131yev h\u0259min a\u00e7\u0131qlaman\u0131 siyasi niyy\u0259t kimi s\u0259sl\u0259ndirib. \u018fslind\u0259, separatizm \u00f6z\u00fc d\u0259 cinay\u0259tdir. Sad\u0259c\u0259, separat\u00e7\u0131l\u0131q ed\u0259nl\u0259r aras\u0131nda Az\u0259rbaycana qar\u015f\u0131 d\u00f6y\u00fc\u015fm\u0259yib v\u0259 insanlar\u0131 \u00f6ld\u00fcrm\u0259y\u0259nl\u0259r var, amma onlar separat\u00e7\u0131lar\u0131n yerli se\u00e7kil\u0259rind\u0259 i\u015ftirak edibl\u0259r. Bax onlara amnistiya t\u0259tbiq etm\u0259k olar, y\u0259ni bel\u0259 adamlar\u0131n \u0259m\u0259ll\u0259ri ba\u011f\u0131\u015flana bil\u0259r. \u0130nsanl\u0131\u011fa qar\u015f\u0131 cinay\u0259t t\u00f6r\u0259d\u0259nl\u0259r is\u0259 ba\u011f\u0131\u015flanm\u0131r. Buna qanun da icaz\u0259 vermir, beyn\u0259lxalq h\u00fcquq da bunu do\u011fru <a href=\"https:\/\/storage.googleapis.com\/qurium\/www.meydan.tv\/az-article-deputat-muharibe-cinayeti-toredenlere-amnistiya-tetbiq-olunmur.html\">saym\u0131r\u201d<\/a>.<\/em><\/p>\n\n\n\n<p>Blinken v\u0259 \u018fliyev aras\u0131nda m\u00fczakir\u0259l\u0259r AB\u015e-n iki y\u00fcks\u0259k v\u0259zif\u0259li m\u0259murunun &#8211; d\u00f6vl\u0259t katibinin k\u00f6m\u0259k\u00e7isi s\u0259lahiyy\u0259tl\u0259rini icra ed\u0259n Yuri Kim v\u0259 USAID r\u0259hb\u0259ri Samanta Pauerin haz\u0131rda h\u0259rbi \u0259m\u0259liyyatlar\u0131n n\u0259tic\u0259l\u0259rini qiym\u0259tl\u0259ndirm\u0259k \u00fc\u00e7\u00fcn regionda s\u0259f\u0259rd\u0259 olduqlar\u0131 bir vaxtda apar\u0131l\u0131b.<\/p>\n\n\n\n<p>Onlar\u0131n h\u0259r ikisinin bu g\u00fcn Bak\u0131ya g\u0259l\u0259c\u0259yi g\u00f6zl\u0259nilir.<\/p>\n","protected":false},"excerpt":{"rendered":"<p>O, bunu s\u00fclh v\u0259 qar\u015f\u0131l\u0131ql\u0131 anlay\u0131\u015f \u00fc\u00e7\u00fcn vacib amil say\u0131b &#8230; <\/p>\n<p class=\"read-more-container\"><a title=\"Blinken \u018fliyevi Qaraba\u011f sakinl\u0259rin\u0259 geni\u015f amnistiya verm\u0259y\u0259 \u00e7a\u011f\u0131rd\u0131\" class=\"read-more button\" href=\"https:\/\/www.meydan.tv\/az\/article\/blinken-eliyevi-qarabag-sakinlerine-genis-amnistiya-vermeye-cagirdi\/#more-286099\" aria-label=\"Read more about Blinken \u018fliyevi Qaraba\u011f sakinl\u0259rin\u0259 geni\u015f amnistiya verm\u0259y\u0259 \u00e7a\u011f\u0131rd\u0131\">Davam\u0131<\/a><\/p>\n","protected":false},"author":8,"featured_media":279677,"comment_status":"closed","ping_status":"closed","sticky":false,"template":"","format":"standard","meta":{"_acf_changed":false,"_sitemap_exclude":false,"_sitemap_priority":"","_sitemap_frequency":"","footnotes":""},"categories":[59,79,56],"tags":[],"class_list":["post-286099","post","type-post","status-publish","format-standard","has-post-thumbnail","hentry","category-siyaset","category-featured","category-xeberler","infinite-scroll-item","generate-columns","tablet-grid-50","mobile-grid-100","grid-parent","grid-33","no-featured-image-padding"],"acf":[],"yoast_head":"<!-- This site is optimized with the Yoast SEO plugin v27.4 - https:\/\/yoast.com\/product\/yoast-seo-wordpress\/ -->\n<title>Blinken \u018fliyevi Qaraba\u011f sakinl\u0259rin\u0259 geni\u015f amnistiya verm\u0259y\u0259 \u00e7a\u011f\u0131rd\u0131 - MEYDAN.TV<\/title>\n<meta name=\"robots\" content=\"index, follow, max-snippet:-1, max-image-preview:large, max-video-preview:-1\" \/>\n<link rel=\"canonical\" href=\"https:\/\/www.meydan.tv\/az\/article\/blinken-eliyevi-qarabag-sakinlerine-genis-amnistiya-vermeye-cagirdi\/\" \/>\n<meta property=\"og:locale\" content=\"az_AZ\" \/>\n<meta property=\"og:type\" content=\"article\" \/>\n<meta property=\"og:title\" content=\"Blinken \u018fliyevi Qaraba\u011f sakinl\u0259rin\u0259 geni\u015f amnistiya verm\u0259y\u0259 \u00e7a\u011f\u0131rd\u0131 - MEYDAN.TV\" \/>\n<meta property=\"og:description\" content=\"O, bunu s\u00fclh v\u0259 qar\u015f\u0131l\u0131ql\u0131 anlay\u0131\u015f \u00fc\u00e7\u00fcn vacib amil say\u0131b ... Davam\u0131\" \/>\n<meta property=\"og:url\" content=\"https:\/\/www.meydan.tv\/az\/article\/blinken-eliyevi-qarabag-sakinlerine-genis-amnistiya-vermeye-cagirdi\/\" \/>\n<meta property=\"og:site_name\" content=\"MEYDAN.TV\" \/>\n<meta property=\"article:published_time\" content=\"2023-09-27T09:03:49+00:00\" \/>\n<meta property=\"article:modified_time\" content=\"2023-09-27T09:03:53+00:00\" \/>\n<meta property=\"og:image\" content=\"https:\/\/www.meydan.tv\/wp-content\/uploads\/blinken-5-e1695804753277.jpg\" \/>\n\t<meta property=\"og:image:width\" content=\"1320\" \/>\n\t<meta property=\"og:image:height\" content=\"554\" \/>\n\t<meta property=\"og:image:type\" content=\"image\/jpeg\" \/>\n<meta name=\"author\" content=\"elli\" \/>\n<meta name=\"twitter:card\" content=\"summary_large_image\" \/>\n<meta name=\"twitter:creator\" content=\"@elli\" \/>\n<script type=\"application\/ld+json\" class=\"yoast-schema-graph\">{\"@context\":\"https:\\\/\\\/schema.org\",\"@graph\":[{\"@type\":\"Article\",\"@id\":\"https:\\\/\\\/www.meydan.tv\\\/az\\\/article\\\/blinken-eliyevi-qarabag-sakinlerine-genis-amnistiya-vermeye-cagirdi\\\/#article\",\"isPartOf\":{\"@id\":\"https:\\\/\\\/www.meydan.tv\\\/az\\\/article\\\/blinken-eliyevi-qarabag-sakinlerine-genis-amnistiya-vermeye-cagirdi\\\/\"},\"author\":{\"name\":\"elli\",\"@id\":\"https:\\\/\\\/www.meydan.tv\\\/az\\\/#\\\/schema\\\/person\\\/9cdbecf90d17180ce1dfbd95b08dcf47\"},\"headline\":\"Blinken \u018fliyevi Qaraba\u011f sakinl\u0259rin\u0259 geni\u015f amnistiya verm\u0259y\u0259 \u00e7a\u011f\u0131rd\u0131\",\"datePublished\":\"2023-09-27T09:03:49+00:00\",\"dateModified\":\"2023-09-27T09:03:53+00:00\",\"mainEntityOfPage\":{\"@id\":\"https:\\\/\\\/www.meydan.tv\\\/az\\\/article\\\/blinken-eliyevi-qarabag-sakinlerine-genis-amnistiya-vermeye-cagirdi\\\/\"},\"wordCount\":559,\"publisher\":{\"@id\":\"https:\\\/\\\/www.meydan.tv\\\/az\\\/#organization\"},\"image\":{\"@id\":\"https:\\\/\\\/www.meydan.tv\\\/az\\\/article\\\/blinken-eliyevi-qarabag-sakinlerine-genis-amnistiya-vermeye-cagirdi\\\/#primaryimage\"},\"thumbnailUrl\":\"https:\\\/\\\/www.meydan.tv\\\/wp-content\\\/uploads\\\/blinken-5-e1695804753277.jpg\",\"articleSection\":[\"Siyas\u0259t\",\"T\u00f6vsiy\u0259\",\"X\u0259b\u0259rl\u0259r\"],\"inLanguage\":\"az\"},{\"@type\":\"WebPage\",\"@id\":\"https:\\\/\\\/www.meydan.tv\\\/az\\\/article\\\/blinken-eliyevi-qarabag-sakinlerine-genis-amnistiya-vermeye-cagirdi\\\/\",\"url\":\"https:\\\/\\\/www.meydan.tv\\\/az\\\/article\\\/blinken-eliyevi-qarabag-sakinlerine-genis-amnistiya-vermeye-cagirdi\\\/\",\"name\":\"Blinken \u018fliyevi Qaraba\u011f sakinl\u0259rin\u0259 geni\u015f amnistiya verm\u0259y\u0259 \u00e7a\u011f\u0131rd\u0131 - MEYDAN.TV\",\"isPartOf\":{\"@id\":\"https:\\\/\\\/www.meydan.tv\\\/az\\\/#website\"},\"primaryImageOfPage\":{\"@id\":\"https:\\\/\\\/www.meydan.tv\\\/az\\\/article\\\/blinken-eliyevi-qarabag-sakinlerine-genis-amnistiya-vermeye-cagirdi\\\/#primaryimage\"},\"image\":{\"@id\":\"https:\\\/\\\/www.meydan.tv\\\/az\\\/article\\\/blinken-eliyevi-qarabag-sakinlerine-genis-amnistiya-vermeye-cagirdi\\\/#primaryimage\"},\"thumbnailUrl\":\"https:\\\/\\\/www.meydan.tv\\\/wp-content\\\/uploads\\\/blinken-5-e1695804753277.jpg\",\"datePublished\":\"2023-09-27T09:03:49+00:00\",\"dateModified\":\"2023-09-27T09:03:53+00:00\",\"breadcrumb\":{\"@id\":\"https:\\\/\\\/www.meydan.tv\\\/az\\\/article\\\/blinken-eliyevi-qarabag-sakinlerine-genis-amnistiya-vermeye-cagirdi\\\/#breadcrumb\"},\"inLanguage\":\"az\",\"potentialAction\":[{\"@type\":\"ReadAction\",\"target\":[\"https:\\\/\\\/www.meydan.tv\\\/az\\\/article\\\/blinken-eliyevi-qarabag-sakinlerine-genis-amnistiya-vermeye-cagirdi\\\/\"]}]},{\"@type\":\"ImageObject\",\"inLanguage\":\"az\",\"@id\":\"https:\\\/\\\/www.meydan.tv\\\/az\\\/article\\\/blinken-eliyevi-qarabag-sakinlerine-genis-amnistiya-vermeye-cagirdi\\\/#primaryimage\",\"url\":\"https:\\\/\\\/www.meydan.tv\\\/wp-content\\\/uploads\\\/blinken-5-e1695804753277.jpg\",\"contentUrl\":\"https:\\\/\\\/www.meydan.tv\\\/wp-content\\\/uploads\\\/blinken-5-e1695804753277.jpg\",\"width\":1320,\"height\":554,\"caption\":\"Foto: president.az\"},{\"@type\":\"BreadcrumbList\",\"@id\":\"https:\\\/\\\/www.meydan.tv\\\/az\\\/article\\\/blinken-eliyevi-qarabag-sakinlerine-genis-amnistiya-vermeye-cagirdi\\\/#breadcrumb\",\"itemListElement\":[{\"@type\":\"ListItem\",\"position\":1,\"name\":\"Ana s\u0259hif\u0259\",\"item\":\"https:\\\/\\\/www.meydan.tv\\\/az\\\/\"},{\"@type\":\"ListItem\",\"position\":2,\"name\":\"Siyas\u0259t\",\"item\":\"https:\\\/\\\/www.meydan.tv\\\/az\\\/section\\\/siyaset\\\/\"},{\"@type\":\"ListItem\",\"position\":3,\"name\":\"Blinken \u018fliyevi Qaraba\u011f sakinl\u0259rin\u0259 geni\u015f amnistiya verm\u0259y\u0259 \u00e7a\u011f\u0131rd\u0131\"}]},{\"@type\":\"WebSite\",\"@id\":\"https:\\\/\\\/www.meydan.tv\\\/az\\\/#website\",\"url\":\"https:\\\/\\\/www.meydan.tv\\\/az\\\/\",\"name\":\"MEYDAN.TV\",\"description\":\"Meydan TV Az\u0259rbaycan\u0131n media m\u0259kan\u0131ndak\u0131 alternativ s\u0259sidir\",\"publisher\":{\"@id\":\"https:\\\/\\\/www.meydan.tv\\\/az\\\/#organization\"},\"potentialAction\":[{\"@type\":\"SearchAction\",\"target\":{\"@type\":\"EntryPoint\",\"urlTemplate\":\"https:\\\/\\\/www.meydan.tv\\\/az\\\/?s={search_term_string}\"},\"query-input\":{\"@type\":\"PropertyValueSpecification\",\"valueRequired\":true,\"valueName\":\"search_term_string\"}}],\"inLanguage\":\"az\"},{\"@type\":\"Organization\",\"@id\":\"https:\\\/\\\/www.meydan.tv\\\/az\\\/#organization\",\"name\":\"Meydan TV\",\"url\":\"https:\\\/\\\/www.meydan.tv\\\/az\\\/\",\"logo\":{\"@type\":\"ImageObject\",\"inLanguage\":\"az\",\"@id\":\"https:\\\/\\\/www.meydan.tv\\\/az\\\/#\\\/schema\\\/logo\\\/image\\\/\",\"url\":\"https:\\\/\\\/www.meydan.tv\\\/wp-content\\\/uploads\\\/2021\\\/07\\\/meydan-logo.svg\",\"contentUrl\":\"https:\\\/\\\/www.meydan.tv\\\/wp-content\\\/uploads\\\/2021\\\/07\\\/meydan-logo.svg\",\"width\":195,\"height\":46,\"caption\":\"Meydan TV\"},\"image\":{\"@id\":\"https:\\\/\\\/www.meydan.tv\\\/az\\\/#\\\/schema\\\/logo\\\/image\\\/\"}},{\"@type\":\"Person\",\"@id\":\"https:\\\/\\\/www.meydan.tv\\\/az\\\/#\\\/schema\\\/person\\\/9cdbecf90d17180ce1dfbd95b08dcf47\",\"name\":\"elli\",\"sameAs\":[\"https:\\\/\\\/x.com\\\/elli\"]}]}<\/script>\n<!-- \/ Yoast SEO plugin. -->","yoast_head_json":{"title":"Blinken \u018fliyevi Qaraba\u011f sakinl\u0259rin\u0259 geni\u015f amnistiya verm\u0259y\u0259 \u00e7a\u011f\u0131rd\u0131 - MEYDAN.TV","robots":{"index":"index","follow":"follow","max-snippet":"max-snippet:-1","max-image-preview":"max-image-preview:large","max-video-preview":"max-video-preview:-1"},"canonical":"https:\/\/www.meydan.tv\/az\/article\/blinken-eliyevi-qarabag-sakinlerine-genis-amnistiya-vermeye-cagirdi\/","og_locale":"az_AZ","og_type":"article","og_title":"Blinken \u018fliyevi Qaraba\u011f sakinl\u0259rin\u0259 geni\u015f amnistiya verm\u0259y\u0259 \u00e7a\u011f\u0131rd\u0131 - MEYDAN.TV","og_description":"O, bunu s\u00fclh v\u0259 qar\u015f\u0131l\u0131ql\u0131 anlay\u0131\u015f \u00fc\u00e7\u00fcn vacib amil say\u0131b ... Davam\u0131","og_url":"https:\/\/www.meydan.tv\/az\/article\/blinken-eliyevi-qarabag-sakinlerine-genis-amnistiya-vermeye-cagirdi\/","og_site_name":"MEYDAN.TV","article_published_time":"2023-09-27T09:03:49+00:00","article_modified_time":"2023-09-27T09:03:53+00:00","og_image":[{"width":1320,"height":554,"url":"https:\/\/www.meydan.tv\/wp-content\/uploads\/blinken-5-e1695804753277.jpg","type":"image\/jpeg"}],"author":"elli","twitter_card":"summary_large_image","twitter_creator":"@elli","schema":{"@context":"https:\/\/schema.org","@graph":[{"@type":"Article","@id":"https:\/\/www.meydan.tv\/az\/article\/blinken-eliyevi-qarabag-sakinlerine-genis-amnistiya-vermeye-cagirdi\/#article","isPartOf":{"@id":"https:\/\/www.meydan.tv\/az\/article\/blinken-eliyevi-qarabag-sakinlerine-genis-amnistiya-vermeye-cagirdi\/"},"author":{"name":"elli","@id":"https:\/\/www.meydan.tv\/az\/#\/schema\/person\/9cdbecf90d17180ce1dfbd95b08dcf47"},"headline":"Blinken \u018fliyevi Qaraba\u011f sakinl\u0259rin\u0259 geni\u015f amnistiya verm\u0259y\u0259 \u00e7a\u011f\u0131rd\u0131","datePublished":"2023-09-27T09:03:49+00:00","dateModified":"2023-09-27T09:03:53+00:00","mainEntityOfPage":{"@id":"https:\/\/www.meydan.tv\/az\/article\/blinken-eliyevi-qarabag-sakinlerine-genis-amnistiya-vermeye-cagirdi\/"},"wordCount":559,"publisher":{"@id":"https:\/\/www.meydan.tv\/az\/#organization"},"image":{"@id":"https:\/\/www.meydan.tv\/az\/article\/blinken-eliyevi-qarabag-sakinlerine-genis-amnistiya-vermeye-cagirdi\/#primaryimage"},"thumbnailUrl":"https:\/\/www.meydan.tv\/wp-content\/uploads\/blinken-5-e1695804753277.jpg","articleSection":["Siyas\u0259t","T\u00f6vsiy\u0259","X\u0259b\u0259rl\u0259r"],"inLanguage":"az"},{"@type":"WebPage","@id":"https:\/\/www.meydan.tv\/az\/article\/blinken-eliyevi-qarabag-sakinlerine-genis-amnistiya-vermeye-cagirdi\/","url":"https:\/\/www.meydan.tv\/az\/article\/blinken-eliyevi-qarabag-sakinlerine-genis-amnistiya-vermeye-cagirdi\/","name":"Blinken \u018fliyevi Qaraba\u011f sakinl\u0259rin\u0259 geni\u015f amnistiya verm\u0259y\u0259 \u00e7a\u011f\u0131rd\u0131 - MEYDAN.TV","isPartOf":{"@id":"https:\/\/www.meydan.tv\/az\/#website"},"primaryImageOfPage":{"@id":"https:\/\/www.meydan.tv\/az\/article\/blinken-eliyevi-qarabag-sakinlerine-genis-amnistiya-vermeye-cagirdi\/#primaryimage"},"image":{"@id":"https:\/\/www.meydan.tv\/az\/article\/blinken-eliyevi-qarabag-sakinlerine-genis-amnistiya-vermeye-cagirdi\/#primaryimage"},"thumbnailUrl":"https:\/\/www.meydan.tv\/wp-content\/uploads\/blinken-5-e1695804753277.jpg","datePublished":"2023-09-27T09:03:49+00:00","dateModified":"2023-09-27T09:03:53+00:00","breadcrumb":{"@id":"https:\/\/www.meydan.tv\/az\/article\/blinken-eliyevi-qarabag-sakinlerine-genis-amnistiya-vermeye-cagirdi\/#breadcrumb"},"inLanguage":"az","potentialAction":[{"@type":"ReadAction","target":["https:\/\/www.meydan.tv\/az\/article\/blinken-eliyevi-qarabag-sakinlerine-genis-amnistiya-vermeye-cagirdi\/"]}]},{"@type":"ImageObject","inLanguage":"az","@id":"https:\/\/www.meydan.tv\/az\/article\/blinken-eliyevi-qarabag-sakinlerine-genis-amnistiya-vermeye-cagirdi\/#primaryimage","url":"https:\/\/www.meydan.tv\/wp-content\/uploads\/blinken-5-e1695804753277.jpg","contentUrl":"https:\/\/www.meydan.tv\/wp-content\/uploads\/blinken-5-e1695804753277.jpg","width":1320,"height":554,"caption":"Foto: president.az"},{"@type":"BreadcrumbList","@id":"https:\/\/www.meydan.tv\/az\/article\/blinken-eliyevi-qarabag-sakinlerine-genis-amnistiya-vermeye-cagirdi\/#breadcrumb","itemListElement":[{"@type":"ListItem","position":1,"name":"Ana s\u0259hif\u0259","item":"https:\/\/www.meydan.tv\/az\/"},{"@type":"ListItem","position":2,"name":"Siyas\u0259t","item":"https:\/\/www.meydan.tv\/az\/section\/siyaset\/"},{"@type":"ListItem","position":3,"name":"Blinken \u018fliyevi Qaraba\u011f sakinl\u0259rin\u0259 geni\u015f amnistiya verm\u0259y\u0259 \u00e7a\u011f\u0131rd\u0131"}]},{"@type":"WebSite","@id":"https:\/\/www.meydan.tv\/az\/#website","url":"https:\/\/www.meydan.tv\/az\/","name":"MEYDAN.TV","description":"Meydan TV Az\u0259rbaycan\u0131n media m\u0259kan\u0131ndak\u0131 alternativ s\u0259sidir","publisher":{"@id":"https:\/\/www.meydan.tv\/az\/#organization"},"potentialAction":[{"@type":"SearchAction","target":{"@type":"EntryPoint","urlTemplate":"https:\/\/www.meydan.tv\/az\/?s={search_term_string}"},"query-input":{"@type":"PropertyValueSpecification","valueRequired":true,"valueName":"search_term_string"}}],"inLanguage":"az"},{"@type":"Organization","@id":"https:\/\/www.meydan.tv\/az\/#organization","name":"Meydan TV","url":"https:\/\/www.meydan.tv\/az\/","logo":{"@type":"ImageObject","inLanguage":"az","@id":"https:\/\/www.meydan.tv\/az\/#\/schema\/logo\/image\/","url":"https:\/\/www.meydan.tv\/wp-content\/uploads\/2021\/07\/meydan-logo.svg","contentUrl":"https:\/\/www.meydan.tv\/wp-content\/uploads\/2021\/07\/meydan-logo.svg","width":195,"height":46,"caption":"Meydan TV"},"image":{"@id":"https:\/\/www.meydan.tv\/az\/#\/schema\/logo\/image\/"}},{"@type":"Person","@id":"https:\/\/www.meydan.tv\/az\/#\/schema\/person\/9cdbecf90d17180ce1dfbd95b08dcf47","name":"elli","sameAs":["https:\/\/x.com\/elli"]}]}},"_links":{"self":[{"href":"https:\/\/www.meydan.tv\/az\/wp-json\/wp\/v2\/posts\/286099","targetHints":{"allow":["GET"]}}],"collection":[{"href":"https:\/\/www.meydan.tv\/az\/wp-json\/wp\/v2\/posts"}],"about":[{"href":"https:\/\/www.meydan.tv\/az\/wp-json\/wp\/v2\/types\/post"}],"author":[{"embeddable":true,"href":"https:\/\/www.meydan.tv\/az\/wp-json\/wp\/v2\/users\/8"}],"replies":[{"embeddable":true,"href":"https:\/\/www.meydan.tv\/az\/wp-json\/wp\/v2\/comments?post=286099"}],"version-history":[{"count":1,"href":"https:\/\/www.meydan.tv\/az\/wp-json\/wp\/v2\/posts\/286099\/revisions"}],"predecessor-version":[{"id":286100,"href":"https:\/\/www.meydan.tv\/az\/wp-json\/wp\/v2\/posts\/286099\/revisions\/286100"}],"wp:featuredmedia":[{"embeddable":true,"href":"https:\/\/www.meydan.tv\/az\/wp-json\/wp\/v2\/media\/279677"}],"wp:attachment":[{"href":"https:\/\/www.meydan.tv\/az\/wp-json\/wp\/v2\/media?parent=286099"}],"wp:term":[{"taxonomy":"category","embeddable":true,"href":"https:\/\/www.meydan.tv\/az\/wp-json\/wp\/v2\/categories?post=286099"},{"taxonomy":"post_tag","embeddable":true,"href":"https:\/\/www.meydan.tv\/az\/wp-json\/wp\/v2\/tags?post=286099"}],"curies":[{"name":"wp","href":"https:\/\/api.w.org\/{rel}","templated":true}]}}