{"id":286076,"date":"2023-09-26T21:13:46","date_gmt":"2023-09-26T17:13:46","guid":{"rendered":"https:\/\/www.meydan.tv\/?p=286076"},"modified":"2023-09-26T21:13:49","modified_gmt":"2023-09-26T17:13:49","slug":"lenkeranda-seher-mektebinde-dam-doseme-siradan-cixib-yagis-yagan-kimi-sinif-otaqlarina-damir","status":"publish","type":"post","link":"https:\/\/www.meydan.tv\/az\/article\/lenkeranda-seher-mektebinde-dam-doseme-siradan-cixib-yagis-yagan-kimi-sinif-otaqlarina-damir\/","title":{"rendered":"L\u0259nk\u0259randa: \u015e\u0259h\u0259r m\u0259kt\u0259bind\u0259 dam, d\u00f6\u015f\u0259m\u0259 s\u0131radan \u00e7\u0131x\u0131b, ya\u011f\u0131\u015f ya\u011fan kimi sinif otaqlar\u0131na dam\u0131r&#8230;"},"content":{"rendered":"\n<p><\/p>\n\n\n\n<p>\u201c<strong><em>Q\u0131\u015fda odun yand\u0131r\u0131rlar, u\u015faqlar sinif otaqlar\u0131nda \u00fcst geyimd\u0259 otururlar\u201d<\/em><\/strong><\/p>\n\n\n\n<p>\u201c<em>Builki t\u0259dris m\u00f6vs\u00fcm\u00fcnd\u0259 m\u0259kt\u0259bd\u0259 t\u0259mir i\u015fl\u0259ri apar\u0131laca\u011f\u0131na \u00fcmid ets\u0259k d\u0259, v\u0259ziyy\u0259t d\u0259yi\u015fm\u0259yib. M\u0259kt\u0259bin tualeti el\u0259 durumdad\u0131r ki, u\u015faq ev\u0259 \u00f6z\u00fcn\u00fc g\u00fccl\u0259 \u00e7atd\u0131r\u0131r. L\u0259nk\u0259randa bir ne\u00e7\u0259 m\u0259kt\u0259b bu il t\u0259mir edildi, amma 10 sayl\u0131 m\u0259kt\u0259b yada d\u00fc\u015fm\u0259di\u201d.<\/em><\/p>\n\n\n\n<p>Bunu Meydan TV-y\u0259 L\u0259nk\u0259randa ya\u015fayan bir qrup valideyn bildirib. Onlar\u0131n s\u00f6zl\u0259rin\u0259 g\u00f6r\u0259, m\u0259kt\u0259b uzun ill\u0259rdir t\u0259mir edilm\u0259diyind\u0259n b\u0259rbad v\u0259ziyy\u0259t\u0259 d\u00fc\u015f\u00fcb. Dam, d\u00f6\u015f\u0259m\u0259 s\u0131radan \u00e7\u0131x\u0131b, ya\u011f\u0131\u015f ya\u011fan kimi sinif otaqlar\u0131na dam\u0131r. P\u0259nc\u0259r\u0259l\u0259r ka\u011f\u0131z kartonlarla qapad\u0131l\u0131b.<\/p>\n\n\n<div class=\"wp-block-image\">\n<figure class=\"aligncenter size-full\"><img decoding=\"async\" width=\"1200\" height=\"800\" data-src=\"https:\/\/www.meydan.tv\/wp-content\/uploads\/untitled-design-6-49.jpg\" alt=\"\" class=\"wp-image-286073 lazyload\" src=\"data:image\/svg+xml;base64,PHN2ZyB3aWR0aD0iMSIgaGVpZ2h0PSIxIiB4bWxucz0iaHR0cDovL3d3dy53My5vcmcvMjAwMC9zdmciPjwvc3ZnPg==\" style=\"--smush-placeholder-width: 1200px; --smush-placeholder-aspect-ratio: 1200\/800;\" \/><\/figure>\n<\/div>\n\n\n<p>\u201c<em>M\u0259n 20 il \u0259vv\u0259l h\u0259min m\u0259kt\u0259bd\u0259 t\u0259hsil alm\u0131\u015fam, bina o vaxt bundan sa\u011flam idi. \u0130ndi u\u015fa\u011f\u0131 m\u0259kt\u0259b\u0259 aparanda s\u00f6z\u00fcn h\u0259qiqi m\u0259nas\u0131nda \u015foka d\u00fc\u015fd\u00fcm. M\u00fc\u0259lliml\u0259r deyirl\u0259r ki, uzun m\u00fcdd\u0259tdir bel\u0259 \u015f\u0259raitd\u0259 i\u015fl\u0259m\u0259y\u0259 m\u0259cbur qal\u0131blar. Bu m\u0259kt\u0259bin m\u0259zunlar\u0131n\u0131n \u00e7oxu ali t\u0259hsil al\u0131r, m\u00fcxt\u0259lif d\u00f6vl\u0259t orqanlar\u0131nda \u00e7al\u0131\u015f\u0131rlar. M\u0259kt\u0259b iki d\u0259f\u0259 ilin m\u0259kt\u0259bi se\u00e7ilib. Amma n\u0259z\u0259r\u0259 alm\u0131rlar ki, u\u015faqlar bel\u0259 \u015f\u0259raitd\u0259 x\u0259st\u0259lik tap\u0131rlar\u201d,-<\/em>valideynl\u0259rd\u0259n F\u0259rid\u0259 R\u0259himova deyib.<\/p>\n\n\n\n<p>Valideynl\u0259r bildiribl\u0259r ki, \u015f\u0259h\u0259rd\u0259 yerl\u0259\u015f\u0259n m\u0259kt\u0259bd\u0259 q\u0131\u015fda odun yand\u0131r\u0131rlar, u\u015faqlar sinif otaqlar\u0131nda \u00fcst geyimd\u0259 otururlar:<\/p>\n\n\n<div class=\"wp-block-image\">\n<figure class=\"aligncenter size-full\"><img decoding=\"async\" width=\"1200\" height=\"800\" data-src=\"https:\/\/www.meydan.tv\/wp-content\/uploads\/untitled-design-3-118.jpg\" alt=\"\" class=\"wp-image-286064 lazyload\" src=\"data:image\/svg+xml;base64,PHN2ZyB3aWR0aD0iMSIgaGVpZ2h0PSIxIiB4bWxucz0iaHR0cDovL3d3dy53My5vcmcvMjAwMC9zdmciPjwvc3ZnPg==\" style=\"--smush-placeholder-width: 1200px; --smush-placeholder-aspect-ratio: 1200\/800;\" \/><\/figure>\n<\/div>\n\n\n<p>\u201c<em>M\u0259kt\u0259bin g\u00f6r\u00fcnt\u00fcl\u0259ri \u00e7\u0259kilib, Elm v\u0259 T\u0259hsil Nazirliyi d\u0259 daxil olmaqla aidiyyat\u0131 orqanlara g\u00f6nd\u0259rilib. H\u0259r d\u0259f\u0259sind\u0259 s\u0259brli olma\u011f\u0131 t\u00f6vsiy\u0259 edirl\u0259r, el\u0259 m\u00fc\u0259lliml\u0259rin b\u0259zil\u0259ri, r\u0259hb\u0259rlik d\u0259 ancaq \u201cs\u0259br edin\u201d deyirl\u0259r. M\u0259kt\u0259b azdan-\u00e7oxdan kollektivin hesab\u0131na t\u0259mir edilir, amma bu x\u0131rda i\u015fl\u0259rl\u0259 n\u0259 etm\u0259k olar?\u201d.<\/em><\/p>\n\n\n\n<p>M\u0259kt\u0259bd\u0259n suallara cavab verm\u0259k \u0259v\u0259zin\u0259 \u015fikay\u0259tin kiml\u0259r t\u0259r\u0259find\u0259n edildiyini soru\u015fublar. Bildiribl\u0259r ki, m\u0259kt\u0259b t\u0259mir edil\u0259c\u0259k.<\/p>\n\n\n\n<p>L\u0259nk\u0259ran-Astara Regional T\u0259hsil \u0130dar\u0259sind\u0259n d\u0259 deyibl\u0259r ki, m\u0259kt\u0259bd\u0259 \u0259sasl\u0131 t\u0259mir apar\u0131lacaq, ancaq d\u0259qiq tarix a\u00e7\u0131qlanmay\u0131b.<\/p>\n\n\n<div class=\"wp-block-image\">\n<figure class=\"aligncenter size-full\"><img decoding=\"async\" width=\"1200\" height=\"800\" data-src=\"https:\/\/www.meydan.tv\/wp-content\/uploads\/untitled-design-5-74.jpg\" alt=\"\" class=\"wp-image-286058 lazyload\" src=\"data:image\/svg+xml;base64,PHN2ZyB3aWR0aD0iMSIgaGVpZ2h0PSIxIiB4bWxucz0iaHR0cDovL3d3dy53My5vcmcvMjAwMC9zdmciPjwvc3ZnPg==\" style=\"--smush-placeholder-width: 1200px; --smush-placeholder-aspect-ratio: 1200\/800;\" \/><\/figure>\n<\/div>","protected":false},"excerpt":{"rendered":"<p>\u201cQ\u0131\u015fda odun yand\u0131r\u0131rlar, u\u015faqlar sinif otaqlar\u0131nda \u00fcst geyimd\u0259 otururlar\u201d \u201cBuilki &#8230; <\/p>\n<p class=\"read-more-container\"><a title=\"L\u0259nk\u0259randa: \u015e\u0259h\u0259r m\u0259kt\u0259bind\u0259 dam, d\u00f6\u015f\u0259m\u0259 s\u0131radan \u00e7\u0131x\u0131b, ya\u011f\u0131\u015f ya\u011fan kimi sinif otaqlar\u0131na dam\u0131r&#8230;\" class=\"read-more button\" href=\"https:\/\/www.meydan.tv\/az\/article\/lenkeranda-seher-mektebinde-dam-doseme-siradan-cixib-yagis-yagan-kimi-sinif-otaqlarina-damir\/#more-286076\" aria-label=\"Read more about L\u0259nk\u0259randa: \u015e\u0259h\u0259r m\u0259kt\u0259bind\u0259 dam, d\u00f6\u015f\u0259m\u0259 s\u0131radan \u00e7\u0131x\u0131b, ya\u011f\u0131\u015f ya\u011fan kimi sinif otaqlar\u0131na dam\u0131r&#8230;\">Davam\u0131<\/a><\/p>\n","protected":false},"author":8,"featured_media":286067,"comment_status":"closed","ping_status":"closed","sticky":false,"template":"","format":"standard","meta":{"_acf_changed":false,"_sitemap_exclude":false,"_sitemap_priority":"","_sitemap_frequency":"","footnotes":""},"categories":[60,56],"tags":[],"class_list":["post-286076","post","type-post","status-publish","format-standard","has-post-thumbnail","hentry","category-bolge","category-xeberler","infinite-scroll-item","generate-columns","tablet-grid-50","mobile-grid-100","grid-parent","grid-33","no-featured-image-padding"],"acf":[],"yoast_head":"<!-- This site is optimized with the Yoast SEO plugin v27.4 - https:\/\/yoast.com\/product\/yoast-seo-wordpress\/ -->\n<title>L\u0259nk\u0259randa: \u015e\u0259h\u0259r m\u0259kt\u0259bind\u0259 dam, d\u00f6\u015f\u0259m\u0259 s\u0131radan \u00e7\u0131x\u0131b, ya\u011f\u0131\u015f ya\u011fan kimi sinif otaqlar\u0131na dam\u0131r... - MEYDAN.TV<\/title>\n<meta name=\"robots\" content=\"index, follow, max-snippet:-1, max-image-preview:large, max-video-preview:-1\" \/>\n<link rel=\"canonical\" href=\"https:\/\/www.meydan.tv\/az\/article\/lenkeranda-seher-mektebinde-dam-doseme-siradan-cixib-yagis-yagan-kimi-sinif-otaqlarina-damir\/\" \/>\n<meta property=\"og:locale\" content=\"az_AZ\" \/>\n<meta property=\"og:type\" content=\"article\" \/>\n<meta property=\"og:title\" content=\"L\u0259nk\u0259randa: \u015e\u0259h\u0259r m\u0259kt\u0259bind\u0259 dam, d\u00f6\u015f\u0259m\u0259 s\u0131radan \u00e7\u0131x\u0131b, ya\u011f\u0131\u015f ya\u011fan kimi sinif otaqlar\u0131na dam\u0131r... - MEYDAN.TV\" \/>\n<meta property=\"og:description\" content=\"\u201cQ\u0131\u015fda odun yand\u0131r\u0131rlar, u\u015faqlar sinif otaqlar\u0131nda \u00fcst geyimd\u0259 otururlar\u201d \u201cBuilki ... Davam\u0131\" \/>\n<meta property=\"og:url\" content=\"https:\/\/www.meydan.tv\/az\/article\/lenkeranda-seher-mektebinde-dam-doseme-siradan-cixib-yagis-yagan-kimi-sinif-otaqlarina-damir\/\" \/>\n<meta property=\"og:site_name\" content=\"MEYDAN.TV\" \/>\n<meta property=\"article:published_time\" content=\"2023-09-26T17:13:46+00:00\" \/>\n<meta property=\"article:modified_time\" content=\"2023-09-26T17:13:49+00:00\" \/>\n<meta property=\"og:image\" content=\"https:\/\/www.meydan.tv\/wp-content\/uploads\/untitled-design-2-143.jpg\" \/>\n\t<meta property=\"og:image:width\" content=\"1200\" \/>\n\t<meta property=\"og:image:height\" content=\"800\" \/>\n\t<meta property=\"og:image:type\" content=\"image\/jpeg\" \/>\n<meta name=\"author\" content=\"elli\" \/>\n<meta name=\"twitter:card\" content=\"summary_large_image\" \/>\n<meta name=\"twitter:creator\" content=\"@elli\" \/>\n<script type=\"application\/ld+json\" class=\"yoast-schema-graph\">{\"@context\":\"https:\\\/\\\/schema.org\",\"@graph\":[{\"@type\":\"Article\",\"@id\":\"https:\\\/\\\/www.meydan.tv\\\/az\\\/article\\\/lenkeranda-seher-mektebinde-dam-doseme-siradan-cixib-yagis-yagan-kimi-sinif-otaqlarina-damir\\\/#article\",\"isPartOf\":{\"@id\":\"https:\\\/\\\/www.meydan.tv\\\/az\\\/article\\\/lenkeranda-seher-mektebinde-dam-doseme-siradan-cixib-yagis-yagan-kimi-sinif-otaqlarina-damir\\\/\"},\"author\":{\"name\":\"elli\",\"@id\":\"https:\\\/\\\/www.meydan.tv\\\/az\\\/#\\\/schema\\\/person\\\/9cdbecf90d17180ce1dfbd95b08dcf47\"},\"headline\":\"L\u0259nk\u0259randa: \u015e\u0259h\u0259r m\u0259kt\u0259bind\u0259 dam, d\u00f6\u015f\u0259m\u0259 s\u0131radan \u00e7\u0131x\u0131b, ya\u011f\u0131\u015f ya\u011fan kimi sinif otaqlar\u0131na dam\u0131r&#8230;\",\"datePublished\":\"2023-09-26T17:13:46+00:00\",\"dateModified\":\"2023-09-26T17:13:49+00:00\",\"mainEntityOfPage\":{\"@id\":\"https:\\\/\\\/www.meydan.tv\\\/az\\\/article\\\/lenkeranda-seher-mektebinde-dam-doseme-siradan-cixib-yagis-yagan-kimi-sinif-otaqlarina-damir\\\/\"},\"wordCount\":450,\"publisher\":{\"@id\":\"https:\\\/\\\/www.meydan.tv\\\/az\\\/#organization\"},\"image\":{\"@id\":\"https:\\\/\\\/www.meydan.tv\\\/az\\\/article\\\/lenkeranda-seher-mektebinde-dam-doseme-siradan-cixib-yagis-yagan-kimi-sinif-otaqlarina-damir\\\/#primaryimage\"},\"thumbnailUrl\":\"https:\\\/\\\/www.meydan.tv\\\/wp-content\\\/uploads\\\/untitled-design-2-143.jpg\",\"articleSection\":[\"B\u00f6lg\u0259\",\"X\u0259b\u0259rl\u0259r\"],\"inLanguage\":\"az\"},{\"@type\":\"WebPage\",\"@id\":\"https:\\\/\\\/www.meydan.tv\\\/az\\\/article\\\/lenkeranda-seher-mektebinde-dam-doseme-siradan-cixib-yagis-yagan-kimi-sinif-otaqlarina-damir\\\/\",\"url\":\"https:\\\/\\\/www.meydan.tv\\\/az\\\/article\\\/lenkeranda-seher-mektebinde-dam-doseme-siradan-cixib-yagis-yagan-kimi-sinif-otaqlarina-damir\\\/\",\"name\":\"L\u0259nk\u0259randa: \u015e\u0259h\u0259r m\u0259kt\u0259bind\u0259 dam, d\u00f6\u015f\u0259m\u0259 s\u0131radan \u00e7\u0131x\u0131b, ya\u011f\u0131\u015f ya\u011fan kimi sinif otaqlar\u0131na dam\u0131r... - MEYDAN.TV\",\"isPartOf\":{\"@id\":\"https:\\\/\\\/www.meydan.tv\\\/az\\\/#website\"},\"primaryImageOfPage\":{\"@id\":\"https:\\\/\\\/www.meydan.tv\\\/az\\\/article\\\/lenkeranda-seher-mektebinde-dam-doseme-siradan-cixib-yagis-yagan-kimi-sinif-otaqlarina-damir\\\/#primaryimage\"},\"image\":{\"@id\":\"https:\\\/\\\/www.meydan.tv\\\/az\\\/article\\\/lenkeranda-seher-mektebinde-dam-doseme-siradan-cixib-yagis-yagan-kimi-sinif-otaqlarina-damir\\\/#primaryimage\"},\"thumbnailUrl\":\"https:\\\/\\\/www.meydan.tv\\\/wp-content\\\/uploads\\\/untitled-design-2-143.jpg\",\"datePublished\":\"2023-09-26T17:13:46+00:00\",\"dateModified\":\"2023-09-26T17:13:49+00:00\",\"breadcrumb\":{\"@id\":\"https:\\\/\\\/www.meydan.tv\\\/az\\\/article\\\/lenkeranda-seher-mektebinde-dam-doseme-siradan-cixib-yagis-yagan-kimi-sinif-otaqlarina-damir\\\/#breadcrumb\"},\"inLanguage\":\"az\",\"potentialAction\":[{\"@type\":\"ReadAction\",\"target\":[\"https:\\\/\\\/www.meydan.tv\\\/az\\\/article\\\/lenkeranda-seher-mektebinde-dam-doseme-siradan-cixib-yagis-yagan-kimi-sinif-otaqlarina-damir\\\/\"]}]},{\"@type\":\"ImageObject\",\"inLanguage\":\"az\",\"@id\":\"https:\\\/\\\/www.meydan.tv\\\/az\\\/article\\\/lenkeranda-seher-mektebinde-dam-doseme-siradan-cixib-yagis-yagan-kimi-sinif-otaqlarina-damir\\\/#primaryimage\",\"url\":\"https:\\\/\\\/www.meydan.tv\\\/wp-content\\\/uploads\\\/untitled-design-2-143.jpg\",\"contentUrl\":\"https:\\\/\\\/www.meydan.tv\\\/wp-content\\\/uploads\\\/untitled-design-2-143.jpg\",\"width\":1200,\"height\":800},{\"@type\":\"BreadcrumbList\",\"@id\":\"https:\\\/\\\/www.meydan.tv\\\/az\\\/article\\\/lenkeranda-seher-mektebinde-dam-doseme-siradan-cixib-yagis-yagan-kimi-sinif-otaqlarina-damir\\\/#breadcrumb\",\"itemListElement\":[{\"@type\":\"ListItem\",\"position\":1,\"name\":\"Ana s\u0259hif\u0259\",\"item\":\"https:\\\/\\\/www.meydan.tv\\\/az\\\/\"},{\"@type\":\"ListItem\",\"position\":2,\"name\":\"B\u00f6lg\u0259\",\"item\":\"https:\\\/\\\/www.meydan.tv\\\/az\\\/section\\\/bolge\\\/\"},{\"@type\":\"ListItem\",\"position\":3,\"name\":\"L\u0259nk\u0259randa: \u015e\u0259h\u0259r m\u0259kt\u0259bind\u0259 dam, d\u00f6\u015f\u0259m\u0259 s\u0131radan \u00e7\u0131x\u0131b, ya\u011f\u0131\u015f ya\u011fan kimi sinif otaqlar\u0131na dam\u0131r&#8230;\"}]},{\"@type\":\"WebSite\",\"@id\":\"https:\\\/\\\/www.meydan.tv\\\/az\\\/#website\",\"url\":\"https:\\\/\\\/www.meydan.tv\\\/az\\\/\",\"name\":\"MEYDAN.TV\",\"description\":\"Meydan TV Az\u0259rbaycan\u0131n media m\u0259kan\u0131ndak\u0131 alternativ s\u0259sidir\",\"publisher\":{\"@id\":\"https:\\\/\\\/www.meydan.tv\\\/az\\\/#organization\"},\"potentialAction\":[{\"@type\":\"SearchAction\",\"target\":{\"@type\":\"EntryPoint\",\"urlTemplate\":\"https:\\\/\\\/www.meydan.tv\\\/az\\\/?s={search_term_string}\"},\"query-input\":{\"@type\":\"PropertyValueSpecification\",\"valueRequired\":true,\"valueName\":\"search_term_string\"}}],\"inLanguage\":\"az\"},{\"@type\":\"Organization\",\"@id\":\"https:\\\/\\\/www.meydan.tv\\\/az\\\/#organization\",\"name\":\"Meydan TV\",\"url\":\"https:\\\/\\\/www.meydan.tv\\\/az\\\/\",\"logo\":{\"@type\":\"ImageObject\",\"inLanguage\":\"az\",\"@id\":\"https:\\\/\\\/www.meydan.tv\\\/az\\\/#\\\/schema\\\/logo\\\/image\\\/\",\"url\":\"https:\\\/\\\/www.meydan.tv\\\/wp-content\\\/uploads\\\/2021\\\/07\\\/meydan-logo.svg\",\"contentUrl\":\"https:\\\/\\\/www.meydan.tv\\\/wp-content\\\/uploads\\\/2021\\\/07\\\/meydan-logo.svg\",\"width\":195,\"height\":46,\"caption\":\"Meydan TV\"},\"image\":{\"@id\":\"https:\\\/\\\/www.meydan.tv\\\/az\\\/#\\\/schema\\\/logo\\\/image\\\/\"}},{\"@type\":\"Person\",\"@id\":\"https:\\\/\\\/www.meydan.tv\\\/az\\\/#\\\/schema\\\/person\\\/9cdbecf90d17180ce1dfbd95b08dcf47\",\"name\":\"elli\",\"sameAs\":[\"https:\\\/\\\/x.com\\\/elli\"]}]}<\/script>\n<!-- \/ Yoast SEO plugin. -->","yoast_head_json":{"title":"L\u0259nk\u0259randa: \u015e\u0259h\u0259r m\u0259kt\u0259bind\u0259 dam, d\u00f6\u015f\u0259m\u0259 s\u0131radan \u00e7\u0131x\u0131b, ya\u011f\u0131\u015f ya\u011fan kimi sinif otaqlar\u0131na dam\u0131r... - MEYDAN.TV","robots":{"index":"index","follow":"follow","max-snippet":"max-snippet:-1","max-image-preview":"max-image-preview:large","max-video-preview":"max-video-preview:-1"},"canonical":"https:\/\/www.meydan.tv\/az\/article\/lenkeranda-seher-mektebinde-dam-doseme-siradan-cixib-yagis-yagan-kimi-sinif-otaqlarina-damir\/","og_locale":"az_AZ","og_type":"article","og_title":"L\u0259nk\u0259randa: \u015e\u0259h\u0259r m\u0259kt\u0259bind\u0259 dam, d\u00f6\u015f\u0259m\u0259 s\u0131radan \u00e7\u0131x\u0131b, ya\u011f\u0131\u015f ya\u011fan kimi sinif otaqlar\u0131na dam\u0131r... - MEYDAN.TV","og_description":"\u201cQ\u0131\u015fda odun yand\u0131r\u0131rlar, u\u015faqlar sinif otaqlar\u0131nda \u00fcst geyimd\u0259 otururlar\u201d \u201cBuilki ... Davam\u0131","og_url":"https:\/\/www.meydan.tv\/az\/article\/lenkeranda-seher-mektebinde-dam-doseme-siradan-cixib-yagis-yagan-kimi-sinif-otaqlarina-damir\/","og_site_name":"MEYDAN.TV","article_published_time":"2023-09-26T17:13:46+00:00","article_modified_time":"2023-09-26T17:13:49+00:00","og_image":[{"width":1200,"height":800,"url":"https:\/\/www.meydan.tv\/wp-content\/uploads\/untitled-design-2-143.jpg","type":"image\/jpeg"}],"author":"elli","twitter_card":"summary_large_image","twitter_creator":"@elli","schema":{"@context":"https:\/\/schema.org","@graph":[{"@type":"Article","@id":"https:\/\/www.meydan.tv\/az\/article\/lenkeranda-seher-mektebinde-dam-doseme-siradan-cixib-yagis-yagan-kimi-sinif-otaqlarina-damir\/#article","isPartOf":{"@id":"https:\/\/www.meydan.tv\/az\/article\/lenkeranda-seher-mektebinde-dam-doseme-siradan-cixib-yagis-yagan-kimi-sinif-otaqlarina-damir\/"},"author":{"name":"elli","@id":"https:\/\/www.meydan.tv\/az\/#\/schema\/person\/9cdbecf90d17180ce1dfbd95b08dcf47"},"headline":"L\u0259nk\u0259randa: \u015e\u0259h\u0259r m\u0259kt\u0259bind\u0259 dam, d\u00f6\u015f\u0259m\u0259 s\u0131radan \u00e7\u0131x\u0131b, ya\u011f\u0131\u015f ya\u011fan kimi sinif otaqlar\u0131na dam\u0131r&#8230;","datePublished":"2023-09-26T17:13:46+00:00","dateModified":"2023-09-26T17:13:49+00:00","mainEntityOfPage":{"@id":"https:\/\/www.meydan.tv\/az\/article\/lenkeranda-seher-mektebinde-dam-doseme-siradan-cixib-yagis-yagan-kimi-sinif-otaqlarina-damir\/"},"wordCount":450,"publisher":{"@id":"https:\/\/www.meydan.tv\/az\/#organization"},"image":{"@id":"https:\/\/www.meydan.tv\/az\/article\/lenkeranda-seher-mektebinde-dam-doseme-siradan-cixib-yagis-yagan-kimi-sinif-otaqlarina-damir\/#primaryimage"},"thumbnailUrl":"https:\/\/www.meydan.tv\/wp-content\/uploads\/untitled-design-2-143.jpg","articleSection":["B\u00f6lg\u0259","X\u0259b\u0259rl\u0259r"],"inLanguage":"az"},{"@type":"WebPage","@id":"https:\/\/www.meydan.tv\/az\/article\/lenkeranda-seher-mektebinde-dam-doseme-siradan-cixib-yagis-yagan-kimi-sinif-otaqlarina-damir\/","url":"https:\/\/www.meydan.tv\/az\/article\/lenkeranda-seher-mektebinde-dam-doseme-siradan-cixib-yagis-yagan-kimi-sinif-otaqlarina-damir\/","name":"L\u0259nk\u0259randa: \u015e\u0259h\u0259r m\u0259kt\u0259bind\u0259 dam, d\u00f6\u015f\u0259m\u0259 s\u0131radan \u00e7\u0131x\u0131b, ya\u011f\u0131\u015f ya\u011fan kimi sinif otaqlar\u0131na dam\u0131r... - MEYDAN.TV","isPartOf":{"@id":"https:\/\/www.meydan.tv\/az\/#website"},"primaryImageOfPage":{"@id":"https:\/\/www.meydan.tv\/az\/article\/lenkeranda-seher-mektebinde-dam-doseme-siradan-cixib-yagis-yagan-kimi-sinif-otaqlarina-damir\/#primaryimage"},"image":{"@id":"https:\/\/www.meydan.tv\/az\/article\/lenkeranda-seher-mektebinde-dam-doseme-siradan-cixib-yagis-yagan-kimi-sinif-otaqlarina-damir\/#primaryimage"},"thumbnailUrl":"https:\/\/www.meydan.tv\/wp-content\/uploads\/untitled-design-2-143.jpg","datePublished":"2023-09-26T17:13:46+00:00","dateModified":"2023-09-26T17:13:49+00:00","breadcrumb":{"@id":"https:\/\/www.meydan.tv\/az\/article\/lenkeranda-seher-mektebinde-dam-doseme-siradan-cixib-yagis-yagan-kimi-sinif-otaqlarina-damir\/#breadcrumb"},"inLanguage":"az","potentialAction":[{"@type":"ReadAction","target":["https:\/\/www.meydan.tv\/az\/article\/lenkeranda-seher-mektebinde-dam-doseme-siradan-cixib-yagis-yagan-kimi-sinif-otaqlarina-damir\/"]}]},{"@type":"ImageObject","inLanguage":"az","@id":"https:\/\/www.meydan.tv\/az\/article\/lenkeranda-seher-mektebinde-dam-doseme-siradan-cixib-yagis-yagan-kimi-sinif-otaqlarina-damir\/#primaryimage","url":"https:\/\/www.meydan.tv\/wp-content\/uploads\/untitled-design-2-143.jpg","contentUrl":"https:\/\/www.meydan.tv\/wp-content\/uploads\/untitled-design-2-143.jpg","width":1200,"height":800},{"@type":"BreadcrumbList","@id":"https:\/\/www.meydan.tv\/az\/article\/lenkeranda-seher-mektebinde-dam-doseme-siradan-cixib-yagis-yagan-kimi-sinif-otaqlarina-damir\/#breadcrumb","itemListElement":[{"@type":"ListItem","position":1,"name":"Ana s\u0259hif\u0259","item":"https:\/\/www.meydan.tv\/az\/"},{"@type":"ListItem","position":2,"name":"B\u00f6lg\u0259","item":"https:\/\/www.meydan.tv\/az\/section\/bolge\/"},{"@type":"ListItem","position":3,"name":"L\u0259nk\u0259randa: \u015e\u0259h\u0259r m\u0259kt\u0259bind\u0259 dam, d\u00f6\u015f\u0259m\u0259 s\u0131radan \u00e7\u0131x\u0131b, ya\u011f\u0131\u015f ya\u011fan kimi sinif otaqlar\u0131na dam\u0131r&#8230;"}]},{"@type":"WebSite","@id":"https:\/\/www.meydan.tv\/az\/#website","url":"https:\/\/www.meydan.tv\/az\/","name":"MEYDAN.TV","description":"Meydan TV Az\u0259rbaycan\u0131n media m\u0259kan\u0131ndak\u0131 alternativ s\u0259sidir","publisher":{"@id":"https:\/\/www.meydan.tv\/az\/#organization"},"potentialAction":[{"@type":"SearchAction","target":{"@type":"EntryPoint","urlTemplate":"https:\/\/www.meydan.tv\/az\/?s={search_term_string}"},"query-input":{"@type":"PropertyValueSpecification","valueRequired":true,"valueName":"search_term_string"}}],"inLanguage":"az"},{"@type":"Organization","@id":"https:\/\/www.meydan.tv\/az\/#organization","name":"Meydan TV","url":"https:\/\/www.meydan.tv\/az\/","logo":{"@type":"ImageObject","inLanguage":"az","@id":"https:\/\/www.meydan.tv\/az\/#\/schema\/logo\/image\/","url":"https:\/\/www.meydan.tv\/wp-content\/uploads\/2021\/07\/meydan-logo.svg","contentUrl":"https:\/\/www.meydan.tv\/wp-content\/uploads\/2021\/07\/meydan-logo.svg","width":195,"height":46,"caption":"Meydan TV"},"image":{"@id":"https:\/\/www.meydan.tv\/az\/#\/schema\/logo\/image\/"}},{"@type":"Person","@id":"https:\/\/www.meydan.tv\/az\/#\/schema\/person\/9cdbecf90d17180ce1dfbd95b08dcf47","name":"elli","sameAs":["https:\/\/x.com\/elli"]}]}},"_links":{"self":[{"href":"https:\/\/www.meydan.tv\/az\/wp-json\/wp\/v2\/posts\/286076","targetHints":{"allow":["GET"]}}],"collection":[{"href":"https:\/\/www.meydan.tv\/az\/wp-json\/wp\/v2\/posts"}],"about":[{"href":"https:\/\/www.meydan.tv\/az\/wp-json\/wp\/v2\/types\/post"}],"author":[{"embeddable":true,"href":"https:\/\/www.meydan.tv\/az\/wp-json\/wp\/v2\/users\/8"}],"replies":[{"embeddable":true,"href":"https:\/\/www.meydan.tv\/az\/wp-json\/wp\/v2\/comments?post=286076"}],"version-history":[{"count":1,"href":"https:\/\/www.meydan.tv\/az\/wp-json\/wp\/v2\/posts\/286076\/revisions"}],"predecessor-version":[{"id":286077,"href":"https:\/\/www.meydan.tv\/az\/wp-json\/wp\/v2\/posts\/286076\/revisions\/286077"}],"wp:featuredmedia":[{"embeddable":true,"href":"https:\/\/www.meydan.tv\/az\/wp-json\/wp\/v2\/media\/286067"}],"wp:attachment":[{"href":"https:\/\/www.meydan.tv\/az\/wp-json\/wp\/v2\/media?parent=286076"}],"wp:term":[{"taxonomy":"category","embeddable":true,"href":"https:\/\/www.meydan.tv\/az\/wp-json\/wp\/v2\/categories?post=286076"},{"taxonomy":"post_tag","embeddable":true,"href":"https:\/\/www.meydan.tv\/az\/wp-json\/wp\/v2\/tags?post=286076"}],"curies":[{"name":"wp","href":"https:\/\/api.w.org\/{rel}","templated":true}]}}