{"id":286050,"date":"2023-09-26T19:43:05","date_gmt":"2023-09-26T15:43:05","guid":{"rendered":"https:\/\/www.meydan.tv\/?p=286050"},"modified":"2023-09-26T19:47:19","modified_gmt":"2023-09-26T15:47:19","slug":"resmi-soyudludeki-zavodun-erazisindeki-quyularin-suyunda-sianid-askarlanib","status":"publish","type":"post","link":"https:\/\/www.meydan.tv\/az\/article\/resmi-soyudludeki-zavodun-erazisindeki-quyularin-suyunda-sianid-askarlanib\/","title":{"rendered":"R\u0259smi: S\u00f6y\u00fcdl\u00fcd\u0259ki zavodun \u0259razisind\u0259ki quyular\u0131n suyunda sianid a\u015fkarlan\u0131b"},"content":{"rendered":"\n<p><\/p>\n\n\n\n<p><strong><em>\u201cBu, \u0259traf m\u00fchit v\u0259 insan sa\u011flaml\u0131\u011f\u0131 \u00fc\u00e7\u00fcn t\u0259hl\u00fck\u0259 olmasa da, risklidir\u201d<\/em><\/strong><\/p>\n\n\n\n<p><\/p>\n\n\n\n<p>G\u0259d\u0259b\u0259yin S\u00f6y\u00fcdl\u00fc k\u0259ndind\u0259ki istehsal v\u0259 ya\u015fay\u0131\u015f sah\u0259l\u0259rind\u0259 yeralt\u0131 sular\u0131n, torpa\u011f\u0131n monitorinqi apar\u0131l\u0131b. Zavod \u0259razisind\u0259ki \u00fc\u00e7 m\u00fc\u015fahid\u0259 quyusunun suyunda ki\u00e7ik miqdarlarda sianid a\u015fkarlan\u0131b.<\/p>\n\n\n\n<p>S\u00f6y\u00fcdl\u00fcd\u0259ki v\u0259ziyy\u0259ti ara\u015fd\u0131rmaq \u00fc\u00e7\u00fcn yarad\u0131lan komissiyan\u0131n a\u00e7\u0131qlamas\u0131nda bel\u0259 <a href=\"https:\/\/nk.gov.az\/az\/xeberler\/matbuat-xidmatinin-malumati\/gedebey-rayonunun-soyudlu-kendinde-veziyyetin-aras-2964\">deyilir. <\/a><\/p>\n\n\n\n<p>H\u0259min m\u0259lumatda bildirilir ki, n\u00fcmun\u0259l\u0259rin t\u0259hlili zaman\u0131 su obyektl\u0259rind\u0259 v\u0259 torpaqda bir s\u0131ra g\u00f6st\u0259ricil\u0259rin normadan art\u0131q oldu\u011fu a\u015fkarlan\u0131b.<\/p>\n\n\n\n<p><em>\u201cBu, \u0259traf m\u00fchit v\u0259 insan sa\u011flaml\u0131\u011f\u0131 \u00fc\u00e7\u00fcn t\u0259hl\u00fck\u0259 olmasa da, risklidir\u201d<\/em>.<\/p>\n\n\n\n<p>Ara\u015fd\u0131rman\u0131 da\u011f-m\u0259d\u0259n sektorunda beyn\u0259lxalq t\u0259cr\u00fcb\u0259y\u0259 malik B\u00f6y\u00fck Britaniyan\u0131n \u201cMicon\u201d International Co Limited \u015eirk\u0259ti h\u0259yata ke\u00e7irib. \u015eirk\u0259t torpaq v\u0259 su n\u00fcmun\u0259l\u0259rini G\u0259d\u0259b\u0259y \u015f\u0259h\u0259ri, S\u00f6y\u00fcdl\u00fc, Yenik\u0259nd, Ar\u0131xdam k\u0259ndl\u0259ri v\u0259 Qumlu ya\u015fay\u0131\u015f massivind\u0259n, G\u0259d\u0259b\u0259y v\u0259 Mis \u00e7aylar\u0131ndan g\u00f6t\u00fcr\u00fcb.<\/p>\n\n\n\n<p>M\u0259lumatda qeyd edilir ki, m\u00fcvafiq t\u00f6vsiy\u0259 v\u0259 tap\u015f\u0131r\u0131qlara uy\u011fun olaraq \u201cAz\u0259rbaycan Beyn\u0259lxalq M\u0259d\u0259n \u015eirk\u0259ti\u201d t\u0259r\u0259find\u0259n yenid\u0259nqurma, modernl\u0259\u015fdirilm\u0259 il\u0259 ba\u011fl\u0131 icra qrafiki haz\u0131rlanacaq. Bu, aidiyy\u0259ti d\u00f6vl\u0259t qurumlar\u0131 il\u0259 raz\u0131la\u015fd\u0131r\u0131ld\u0131qdan sonra zavodun f\u0259aliyy\u0259ti m\u0259rh\u0259l\u0259li \u015f\u0259kild\u0259 b\u0259rpa oluna bil\u0259r.<\/p>\n\n\n\n<p>\u0130yunun 20-d\u0259 S\u00f6y\u00fcdl\u00fc sakinl\u0259ri &#8220;G\u0259d\u0259b\u0259y&#8221; yata\u011f\u0131ndan q\u0131z\u0131l hasilat\u0131 v\u0259 emal\u0131 \u015firk\u0259tinin \u00e7irkab sular\u0131 \u00fc\u00e7\u00fcn ikinci s\u00fcni g\u00f6l\u00fcn qurulmas\u0131na <a href=\"https:\/\/www.meydan.tv\/az\/article\/gedebeyde-aksiyanin-ikinci-gunu-sakinler-hebs-edilenlere-azadliq-teleb-edir\/\">etiraz <\/a>edibl\u0259r. Polis etirazlara m\u00fcdaxil\u0259 edib. H\u0259min vaxt 10 n\u0259f\u0259r\u0259 yax\u0131n \u015f\u0259xsin x\u0259sar\u0259t ald\u0131\u011f\u0131 v\u0259 r\u0259smi olaraq be\u015f n\u0259f\u0259rin inzibati h\u0259bs olundu\u011fu a\u00e7\u0131qlan\u0131b.<\/p>\n\n\n\n<p>Sakinl\u0259r h\u0259min s\u00fcni g\u00f6l\u00fcn suyunda sianid oldu\u011funu v\u0259 k\u0259ndin i\u00e7m\u0259li suyuna qar\u0131\u015fd\u0131\u011f\u0131n\u0131, n\u0259tic\u0259sind\u0259 d\u0259 insanlar\u0131n sa\u011flaml\u0131\u011f\u0131na m\u0259nfi t\u0259sir etdiyini bildirirdil\u0259r.<\/p>\n\n\n\n<p>Etiraza s\u0259b\u0259b olan s\u00fcni g\u00f6l k\u0259ndd\u0259ki ikinci ox\u015far su h\u00f6vz\u0259si olacaqd\u0131.<\/p>\n\n\n\n<p>S\u00f6y\u00fcdl\u00fc sakinl\u0259ri daha \u00f6nc\u0259 d\u0259 eyni \u015fikay\u0259tl\u0259rl\u0259 etiraz etmi\u015fdil\u0259r.<\/p>\n\n\n\n<p>Sakinl\u0259r bildirirl\u0259r ki, 2012-ci ild\u0259 k\u0259ndl\u0259rinin yax\u0131nl\u0131\u011f\u0131nda q\u0131z\u0131l m\u0259d\u0259ninin tullant\u0131lar\u0131ndan yaranan g\u00f6l sal\u0131n\u0131b.<\/p>\n\n\n\n<p>Onlar bundan sonra ba\u011flar\u0131nda meyv\u0259 qalmad\u0131\u011f\u0131n\u0131, ar\u0131 t\u0259s\u0259rr\u00fcfatlar\u0131n\u0131n da\u011f\u0131ld\u0131\u011f\u0131n\u0131 deyibl\u0259r.<\/p>\n\n\n\n<p>\u0130yulun 11-d\u0259 Prezident \u0130lham \u018fliyev h\u00f6kum\u0259tin m\u00fc\u015favir\u0259sind\u0259 S\u00f6y\u00fcdl\u00fcd\u0259ki etirazlardan dan\u0131\u015fark\u0259n polisin davran\u0131\u015f\u0131n\u0131 m\u00fcdafi\u0259 edib, kims\u0259nin polis\u0259 l\u0259k\u0259 vurmas\u0131na imkan verm\u0259y\u0259c\u0259yini deyib. O, v\u0259t\u0259nda\u015flar\u0131n qanuna tabe olmal\u0131 oldu\u011funu vur\u011fulay\u0131b.<\/p>\n\n\n\n<p>Prezident habel\u0259, Ekologiya v\u0259 T\u0259bii S\u0259rv\u0259tl\u0259r Nazirliyinin \u0259traf m\u00fchitl\u0259 ba\u011fl\u0131 m\u0259s\u0259l\u0259d\u0259 s\u0259hl\u0259nkarl\u0131q etdiyini deyib.<\/p>\n\n\n\n<p>\u0130yulun 4-d\u0259 Daxili \u0130\u015fl\u0259r Nazirliyinin M\u00fct\u0259\u015f\u0259kkil Cinay\u0259tkarl\u0131qla M\u00fcbariz\u0259 Ba\u015f \u0130dar\u0259si t\u0259r\u0259find\u0259n saxlan\u0131lan&nbsp; ke\u00e7mi\u015f deputat Nazim B\u0259yd\u0259mirli bar\u0259sind\u0259 4 ayl\u0131q h\u0259bs q\u0259rar\u0131 \u00e7\u0131xar\u0131l\u0131b.<\/p>\n\n\n\n<p>Nazim B\u0259yd\u0259mirli v\u0259 v\u0259kill\u0259ri onun iyunun 20-21-d\u0259 G\u0259d\u0259b\u0259yin S\u00f6y\u00fcdl\u00fc k\u0259ndind\u0259 ba\u015f ver\u0259n polis zorak\u0131l\u0131\u011f\u0131na qar\u015f\u0131 etiraz etdiyind\u0259n h\u0259bs olundu\u011funu d\u00fc\u015f\u00fcn\u00fcr, eks deputat \u00f6z\u00fcn\u00fc \u201cekologiya m\u0259hbusu\u201d say\u0131r.<\/p>\n\n\n\n<p>R\u0259smi a\u00e7\u0131qlamada is\u0259 bildirilir ki, o, Cinay\u0259t M\u0259c\u0259ll\u0259sinin 182.2.4 madd\u0259si &#8211; z\u0259r\u0259r\u00e7\u0259kmi\u015f \u015f\u0259xs\u0259 xeyli miqdarda ziyan vurmaqla h\u0259d\u0259-qorxu il\u0259 t\u0259l\u0259b etm\u0259 ittiham\u0131 il\u0259 h\u0259bs edilib. Bu madd\u0259 il\u0259 5 ild\u0259n 10 il\u0259 q\u0259d\u0259r azadl\u0131qdan m\u0259hrumetm\u0259 n\u0259z\u0259rd\u0259 tutulub.<\/p>\n","protected":false},"excerpt":{"rendered":"<p>\u201cBu, \u0259traf m\u00fchit v\u0259 insan sa\u011flaml\u0131\u011f\u0131 \u00fc\u00e7\u00fcn t\u0259hl\u00fck\u0259 olmasa da, &#8230; <\/p>\n<p class=\"read-more-container\"><a title=\"R\u0259smi: S\u00f6y\u00fcdl\u00fcd\u0259ki zavodun \u0259razisind\u0259ki quyular\u0131n suyunda sianid a\u015fkarlan\u0131b\" class=\"read-more button\" href=\"https:\/\/www.meydan.tv\/az\/article\/resmi-soyudludeki-zavodun-erazisindeki-quyularin-suyunda-sianid-askarlanib\/#more-286050\" aria-label=\"Read more about R\u0259smi: S\u00f6y\u00fcdl\u00fcd\u0259ki zavodun \u0259razisind\u0259ki quyular\u0131n suyunda sianid a\u015fkarlan\u0131b\">Davam\u0131<\/a><\/p>\n","protected":false},"author":21,"featured_media":277996,"comment_status":"closed","ping_status":"closed","sticky":false,"template":"","format":"standard","meta":{"_acf_changed":false,"_sitemap_exclude":false,"_sitemap_priority":"","_sitemap_frequency":"","footnotes":""},"categories":[62,79,56],"tags":[],"class_list":["post-286050","post","type-post","status-publish","format-standard","has-post-thumbnail","hentry","category-sosial","category-featured","category-xeberler","infinite-scroll-item","generate-columns","tablet-grid-50","mobile-grid-100","grid-parent","grid-33","no-featured-image-padding"],"acf":[],"yoast_head":"<!-- This site is optimized with the Yoast SEO plugin v27.5 - https:\/\/yoast.com\/product\/yoast-seo-wordpress\/ -->\n<title>R\u0259smi: S\u00f6y\u00fcdl\u00fcd\u0259ki zavodun \u0259razisind\u0259ki quyular\u0131n suyunda sianid a\u015fkarlan\u0131b - MEYDAN.TV<\/title>\n<meta name=\"robots\" content=\"index, follow, max-snippet:-1, max-image-preview:large, max-video-preview:-1\" \/>\n<link rel=\"canonical\" href=\"https:\/\/www.meydan.tv\/az\/article\/resmi-soyudludeki-zavodun-erazisindeki-quyularin-suyunda-sianid-askarlanib\/\" \/>\n<meta property=\"og:locale\" content=\"az_AZ\" \/>\n<meta property=\"og:type\" content=\"article\" \/>\n<meta property=\"og:title\" content=\"R\u0259smi: S\u00f6y\u00fcdl\u00fcd\u0259ki zavodun \u0259razisind\u0259ki quyular\u0131n suyunda sianid a\u015fkarlan\u0131b - MEYDAN.TV\" \/>\n<meta property=\"og:description\" content=\"\u201cBu, \u0259traf m\u00fchit v\u0259 insan sa\u011flaml\u0131\u011f\u0131 \u00fc\u00e7\u00fcn t\u0259hl\u00fck\u0259 olmasa da, ... Davam\u0131\" \/>\n<meta property=\"og:url\" content=\"https:\/\/www.meydan.tv\/az\/article\/resmi-soyudludeki-zavodun-erazisindeki-quyularin-suyunda-sianid-askarlanib\/\" \/>\n<meta property=\"og:site_name\" content=\"MEYDAN.TV\" \/>\n<meta property=\"article:published_time\" content=\"2023-09-26T15:43:05+00:00\" \/>\n<meta property=\"article:modified_time\" content=\"2023-09-26T15:47:19+00:00\" \/>\n<meta property=\"og:image\" content=\"https:\/\/www.meydan.tv\/wp-content\/uploads\/img_5718-scaled-e1695742814341.jpg\" \/>\n\t<meta property=\"og:image:width\" content=\"2560\" \/>\n\t<meta property=\"og:image:height\" content=\"1062\" \/>\n\t<meta property=\"og:image:type\" content=\"image\/jpeg\" \/>\n<meta name=\"author\" content=\"mahmud\" \/>\n<meta name=\"twitter:card\" content=\"summary_large_image\" \/>\n<script type=\"application\/ld+json\" class=\"yoast-schema-graph\">{\"@context\":\"https:\\\/\\\/schema.org\",\"@graph\":[{\"@type\":\"Article\",\"@id\":\"https:\\\/\\\/www.meydan.tv\\\/az\\\/article\\\/resmi-soyudludeki-zavodun-erazisindeki-quyularin-suyunda-sianid-askarlanib\\\/#article\",\"isPartOf\":{\"@id\":\"https:\\\/\\\/www.meydan.tv\\\/az\\\/article\\\/resmi-soyudludeki-zavodun-erazisindeki-quyularin-suyunda-sianid-askarlanib\\\/\"},\"author\":{\"name\":\"mahmud\",\"@id\":\"https:\\\/\\\/www.meydan.tv\\\/az\\\/#\\\/schema\\\/person\\\/09863e516102a829e72bedcf3f84c6b0\"},\"headline\":\"R\u0259smi: S\u00f6y\u00fcdl\u00fcd\u0259ki zavodun \u0259razisind\u0259ki quyular\u0131n suyunda sianid a\u015fkarlan\u0131b\",\"datePublished\":\"2023-09-26T15:43:05+00:00\",\"dateModified\":\"2023-09-26T15:47:19+00:00\",\"mainEntityOfPage\":{\"@id\":\"https:\\\/\\\/www.meydan.tv\\\/az\\\/article\\\/resmi-soyudludeki-zavodun-erazisindeki-quyularin-suyunda-sianid-askarlanib\\\/\"},\"wordCount\":701,\"publisher\":{\"@id\":\"https:\\\/\\\/www.meydan.tv\\\/az\\\/#organization\"},\"image\":{\"@id\":\"https:\\\/\\\/www.meydan.tv\\\/az\\\/article\\\/resmi-soyudludeki-zavodun-erazisindeki-quyularin-suyunda-sianid-askarlanib\\\/#primaryimage\"},\"thumbnailUrl\":\"https:\\\/\\\/www.meydan.tv\\\/wp-content\\\/uploads\\\/img_5718-scaled-e1695742814341.jpg\",\"articleSection\":[\"Sosial\",\"T\u00f6vsiy\u0259\",\"X\u0259b\u0259rl\u0259r\"],\"inLanguage\":\"az\"},{\"@type\":\"WebPage\",\"@id\":\"https:\\\/\\\/www.meydan.tv\\\/az\\\/article\\\/resmi-soyudludeki-zavodun-erazisindeki-quyularin-suyunda-sianid-askarlanib\\\/\",\"url\":\"https:\\\/\\\/www.meydan.tv\\\/az\\\/article\\\/resmi-soyudludeki-zavodun-erazisindeki-quyularin-suyunda-sianid-askarlanib\\\/\",\"name\":\"R\u0259smi: S\u00f6y\u00fcdl\u00fcd\u0259ki zavodun \u0259razisind\u0259ki quyular\u0131n suyunda sianid a\u015fkarlan\u0131b - MEYDAN.TV\",\"isPartOf\":{\"@id\":\"https:\\\/\\\/www.meydan.tv\\\/az\\\/#website\"},\"primaryImageOfPage\":{\"@id\":\"https:\\\/\\\/www.meydan.tv\\\/az\\\/article\\\/resmi-soyudludeki-zavodun-erazisindeki-quyularin-suyunda-sianid-askarlanib\\\/#primaryimage\"},\"image\":{\"@id\":\"https:\\\/\\\/www.meydan.tv\\\/az\\\/article\\\/resmi-soyudludeki-zavodun-erazisindeki-quyularin-suyunda-sianid-askarlanib\\\/#primaryimage\"},\"thumbnailUrl\":\"https:\\\/\\\/www.meydan.tv\\\/wp-content\\\/uploads\\\/img_5718-scaled-e1695742814341.jpg\",\"datePublished\":\"2023-09-26T15:43:05+00:00\",\"dateModified\":\"2023-09-26T15:47:19+00:00\",\"breadcrumb\":{\"@id\":\"https:\\\/\\\/www.meydan.tv\\\/az\\\/article\\\/resmi-soyudludeki-zavodun-erazisindeki-quyularin-suyunda-sianid-askarlanib\\\/#breadcrumb\"},\"inLanguage\":\"az\",\"potentialAction\":[{\"@type\":\"ReadAction\",\"target\":[\"https:\\\/\\\/www.meydan.tv\\\/az\\\/article\\\/resmi-soyudludeki-zavodun-erazisindeki-quyularin-suyunda-sianid-askarlanib\\\/\"]}]},{\"@type\":\"ImageObject\",\"inLanguage\":\"az\",\"@id\":\"https:\\\/\\\/www.meydan.tv\\\/az\\\/article\\\/resmi-soyudludeki-zavodun-erazisindeki-quyularin-suyunda-sianid-askarlanib\\\/#primaryimage\",\"url\":\"https:\\\/\\\/www.meydan.tv\\\/wp-content\\\/uploads\\\/img_5718-scaled-e1695742814341.jpg\",\"contentUrl\":\"https:\\\/\\\/www.meydan.tv\\\/wp-content\\\/uploads\\\/img_5718-scaled-e1695742814341.jpg\",\"width\":2560,\"height\":1062,\"caption\":\"S\u00f6y\u00fcdl\u00fc, 20 iyun 2023. Foto: Meydan TV\"},{\"@type\":\"BreadcrumbList\",\"@id\":\"https:\\\/\\\/www.meydan.tv\\\/az\\\/article\\\/resmi-soyudludeki-zavodun-erazisindeki-quyularin-suyunda-sianid-askarlanib\\\/#breadcrumb\",\"itemListElement\":[{\"@type\":\"ListItem\",\"position\":1,\"name\":\"Ana s\u0259hif\u0259\",\"item\":\"https:\\\/\\\/www.meydan.tv\\\/az\\\/\"},{\"@type\":\"ListItem\",\"position\":2,\"name\":\"Sosial\",\"item\":\"https:\\\/\\\/www.meydan.tv\\\/az\\\/section\\\/sosial\\\/\"},{\"@type\":\"ListItem\",\"position\":3,\"name\":\"R\u0259smi: S\u00f6y\u00fcdl\u00fcd\u0259ki zavodun \u0259razisind\u0259ki quyular\u0131n suyunda sianid a\u015fkarlan\u0131b\"}]},{\"@type\":\"WebSite\",\"@id\":\"https:\\\/\\\/www.meydan.tv\\\/az\\\/#website\",\"url\":\"https:\\\/\\\/www.meydan.tv\\\/az\\\/\",\"name\":\"MEYDAN.TV\",\"description\":\"Meydan TV Az\u0259rbaycan\u0131n media m\u0259kan\u0131ndak\u0131 alternativ s\u0259sidir\",\"publisher\":{\"@id\":\"https:\\\/\\\/www.meydan.tv\\\/az\\\/#organization\"},\"potentialAction\":[{\"@type\":\"SearchAction\",\"target\":{\"@type\":\"EntryPoint\",\"urlTemplate\":\"https:\\\/\\\/www.meydan.tv\\\/az\\\/?s={search_term_string}\"},\"query-input\":{\"@type\":\"PropertyValueSpecification\",\"valueRequired\":true,\"valueName\":\"search_term_string\"}}],\"inLanguage\":\"az\"},{\"@type\":\"Organization\",\"@id\":\"https:\\\/\\\/www.meydan.tv\\\/az\\\/#organization\",\"name\":\"Meydan TV\",\"url\":\"https:\\\/\\\/www.meydan.tv\\\/az\\\/\",\"logo\":{\"@type\":\"ImageObject\",\"inLanguage\":\"az\",\"@id\":\"https:\\\/\\\/www.meydan.tv\\\/az\\\/#\\\/schema\\\/logo\\\/image\\\/\",\"url\":\"https:\\\/\\\/www.meydan.tv\\\/wp-content\\\/uploads\\\/2021\\\/07\\\/meydan-logo.svg\",\"contentUrl\":\"https:\\\/\\\/www.meydan.tv\\\/wp-content\\\/uploads\\\/2021\\\/07\\\/meydan-logo.svg\",\"width\":195,\"height\":46,\"caption\":\"Meydan TV\"},\"image\":{\"@id\":\"https:\\\/\\\/www.meydan.tv\\\/az\\\/#\\\/schema\\\/logo\\\/image\\\/\"}},{\"@type\":\"Person\",\"@id\":\"https:\\\/\\\/www.meydan.tv\\\/az\\\/#\\\/schema\\\/person\\\/09863e516102a829e72bedcf3f84c6b0\",\"name\":\"mahmud\"}]}<\/script>\n<!-- \/ Yoast SEO plugin. -->","yoast_head_json":{"title":"R\u0259smi: S\u00f6y\u00fcdl\u00fcd\u0259ki zavodun \u0259razisind\u0259ki quyular\u0131n suyunda sianid a\u015fkarlan\u0131b - MEYDAN.TV","robots":{"index":"index","follow":"follow","max-snippet":"max-snippet:-1","max-image-preview":"max-image-preview:large","max-video-preview":"max-video-preview:-1"},"canonical":"https:\/\/www.meydan.tv\/az\/article\/resmi-soyudludeki-zavodun-erazisindeki-quyularin-suyunda-sianid-askarlanib\/","og_locale":"az_AZ","og_type":"article","og_title":"R\u0259smi: S\u00f6y\u00fcdl\u00fcd\u0259ki zavodun \u0259razisind\u0259ki quyular\u0131n suyunda sianid a\u015fkarlan\u0131b - MEYDAN.TV","og_description":"\u201cBu, \u0259traf m\u00fchit v\u0259 insan sa\u011flaml\u0131\u011f\u0131 \u00fc\u00e7\u00fcn t\u0259hl\u00fck\u0259 olmasa da, ... Davam\u0131","og_url":"https:\/\/www.meydan.tv\/az\/article\/resmi-soyudludeki-zavodun-erazisindeki-quyularin-suyunda-sianid-askarlanib\/","og_site_name":"MEYDAN.TV","article_published_time":"2023-09-26T15:43:05+00:00","article_modified_time":"2023-09-26T15:47:19+00:00","og_image":[{"width":2560,"height":1062,"url":"https:\/\/www.meydan.tv\/wp-content\/uploads\/img_5718-scaled-e1695742814341.jpg","type":"image\/jpeg"}],"author":"mahmud","twitter_card":"summary_large_image","schema":{"@context":"https:\/\/schema.org","@graph":[{"@type":"Article","@id":"https:\/\/www.meydan.tv\/az\/article\/resmi-soyudludeki-zavodun-erazisindeki-quyularin-suyunda-sianid-askarlanib\/#article","isPartOf":{"@id":"https:\/\/www.meydan.tv\/az\/article\/resmi-soyudludeki-zavodun-erazisindeki-quyularin-suyunda-sianid-askarlanib\/"},"author":{"name":"mahmud","@id":"https:\/\/www.meydan.tv\/az\/#\/schema\/person\/09863e516102a829e72bedcf3f84c6b0"},"headline":"R\u0259smi: S\u00f6y\u00fcdl\u00fcd\u0259ki zavodun \u0259razisind\u0259ki quyular\u0131n suyunda sianid a\u015fkarlan\u0131b","datePublished":"2023-09-26T15:43:05+00:00","dateModified":"2023-09-26T15:47:19+00:00","mainEntityOfPage":{"@id":"https:\/\/www.meydan.tv\/az\/article\/resmi-soyudludeki-zavodun-erazisindeki-quyularin-suyunda-sianid-askarlanib\/"},"wordCount":701,"publisher":{"@id":"https:\/\/www.meydan.tv\/az\/#organization"},"image":{"@id":"https:\/\/www.meydan.tv\/az\/article\/resmi-soyudludeki-zavodun-erazisindeki-quyularin-suyunda-sianid-askarlanib\/#primaryimage"},"thumbnailUrl":"https:\/\/www.meydan.tv\/wp-content\/uploads\/img_5718-scaled-e1695742814341.jpg","articleSection":["Sosial","T\u00f6vsiy\u0259","X\u0259b\u0259rl\u0259r"],"inLanguage":"az"},{"@type":"WebPage","@id":"https:\/\/www.meydan.tv\/az\/article\/resmi-soyudludeki-zavodun-erazisindeki-quyularin-suyunda-sianid-askarlanib\/","url":"https:\/\/www.meydan.tv\/az\/article\/resmi-soyudludeki-zavodun-erazisindeki-quyularin-suyunda-sianid-askarlanib\/","name":"R\u0259smi: S\u00f6y\u00fcdl\u00fcd\u0259ki zavodun \u0259razisind\u0259ki quyular\u0131n suyunda sianid a\u015fkarlan\u0131b - MEYDAN.TV","isPartOf":{"@id":"https:\/\/www.meydan.tv\/az\/#website"},"primaryImageOfPage":{"@id":"https:\/\/www.meydan.tv\/az\/article\/resmi-soyudludeki-zavodun-erazisindeki-quyularin-suyunda-sianid-askarlanib\/#primaryimage"},"image":{"@id":"https:\/\/www.meydan.tv\/az\/article\/resmi-soyudludeki-zavodun-erazisindeki-quyularin-suyunda-sianid-askarlanib\/#primaryimage"},"thumbnailUrl":"https:\/\/www.meydan.tv\/wp-content\/uploads\/img_5718-scaled-e1695742814341.jpg","datePublished":"2023-09-26T15:43:05+00:00","dateModified":"2023-09-26T15:47:19+00:00","breadcrumb":{"@id":"https:\/\/www.meydan.tv\/az\/article\/resmi-soyudludeki-zavodun-erazisindeki-quyularin-suyunda-sianid-askarlanib\/#breadcrumb"},"inLanguage":"az","potentialAction":[{"@type":"ReadAction","target":["https:\/\/www.meydan.tv\/az\/article\/resmi-soyudludeki-zavodun-erazisindeki-quyularin-suyunda-sianid-askarlanib\/"]}]},{"@type":"ImageObject","inLanguage":"az","@id":"https:\/\/www.meydan.tv\/az\/article\/resmi-soyudludeki-zavodun-erazisindeki-quyularin-suyunda-sianid-askarlanib\/#primaryimage","url":"https:\/\/www.meydan.tv\/wp-content\/uploads\/img_5718-scaled-e1695742814341.jpg","contentUrl":"https:\/\/www.meydan.tv\/wp-content\/uploads\/img_5718-scaled-e1695742814341.jpg","width":2560,"height":1062,"caption":"S\u00f6y\u00fcdl\u00fc, 20 iyun 2023. Foto: Meydan TV"},{"@type":"BreadcrumbList","@id":"https:\/\/www.meydan.tv\/az\/article\/resmi-soyudludeki-zavodun-erazisindeki-quyularin-suyunda-sianid-askarlanib\/#breadcrumb","itemListElement":[{"@type":"ListItem","position":1,"name":"Ana s\u0259hif\u0259","item":"https:\/\/www.meydan.tv\/az\/"},{"@type":"ListItem","position":2,"name":"Sosial","item":"https:\/\/www.meydan.tv\/az\/section\/sosial\/"},{"@type":"ListItem","position":3,"name":"R\u0259smi: S\u00f6y\u00fcdl\u00fcd\u0259ki zavodun \u0259razisind\u0259ki quyular\u0131n suyunda sianid a\u015fkarlan\u0131b"}]},{"@type":"WebSite","@id":"https:\/\/www.meydan.tv\/az\/#website","url":"https:\/\/www.meydan.tv\/az\/","name":"MEYDAN.TV","description":"Meydan TV Az\u0259rbaycan\u0131n media m\u0259kan\u0131ndak\u0131 alternativ s\u0259sidir","publisher":{"@id":"https:\/\/www.meydan.tv\/az\/#organization"},"potentialAction":[{"@type":"SearchAction","target":{"@type":"EntryPoint","urlTemplate":"https:\/\/www.meydan.tv\/az\/?s={search_term_string}"},"query-input":{"@type":"PropertyValueSpecification","valueRequired":true,"valueName":"search_term_string"}}],"inLanguage":"az"},{"@type":"Organization","@id":"https:\/\/www.meydan.tv\/az\/#organization","name":"Meydan TV","url":"https:\/\/www.meydan.tv\/az\/","logo":{"@type":"ImageObject","inLanguage":"az","@id":"https:\/\/www.meydan.tv\/az\/#\/schema\/logo\/image\/","url":"https:\/\/www.meydan.tv\/wp-content\/uploads\/2021\/07\/meydan-logo.svg","contentUrl":"https:\/\/www.meydan.tv\/wp-content\/uploads\/2021\/07\/meydan-logo.svg","width":195,"height":46,"caption":"Meydan TV"},"image":{"@id":"https:\/\/www.meydan.tv\/az\/#\/schema\/logo\/image\/"}},{"@type":"Person","@id":"https:\/\/www.meydan.tv\/az\/#\/schema\/person\/09863e516102a829e72bedcf3f84c6b0","name":"mahmud"}]}},"_links":{"self":[{"href":"https:\/\/www.meydan.tv\/az\/wp-json\/wp\/v2\/posts\/286050","targetHints":{"allow":["GET"]}}],"collection":[{"href":"https:\/\/www.meydan.tv\/az\/wp-json\/wp\/v2\/posts"}],"about":[{"href":"https:\/\/www.meydan.tv\/az\/wp-json\/wp\/v2\/types\/post"}],"author":[{"embeddable":true,"href":"https:\/\/www.meydan.tv\/az\/wp-json\/wp\/v2\/users\/21"}],"replies":[{"embeddable":true,"href":"https:\/\/www.meydan.tv\/az\/wp-json\/wp\/v2\/comments?post=286050"}],"version-history":[{"count":5,"href":"https:\/\/www.meydan.tv\/az\/wp-json\/wp\/v2\/posts\/286050\/revisions"}],"predecessor-version":[{"id":286055,"href":"https:\/\/www.meydan.tv\/az\/wp-json\/wp\/v2\/posts\/286050\/revisions\/286055"}],"wp:featuredmedia":[{"embeddable":true,"href":"https:\/\/www.meydan.tv\/az\/wp-json\/wp\/v2\/media\/277996"}],"wp:attachment":[{"href":"https:\/\/www.meydan.tv\/az\/wp-json\/wp\/v2\/media?parent=286050"}],"wp:term":[{"taxonomy":"category","embeddable":true,"href":"https:\/\/www.meydan.tv\/az\/wp-json\/wp\/v2\/categories?post=286050"},{"taxonomy":"post_tag","embeddable":true,"href":"https:\/\/www.meydan.tv\/az\/wp-json\/wp\/v2\/tags?post=286050"}],"curies":[{"name":"wp","href":"https:\/\/api.w.org\/{rel}","templated":true}]}}