{"id":286023,"date":"2023-09-26T18:04:06","date_gmt":"2023-09-26T14:04:06","guid":{"rendered":"https:\/\/www.meydan.tv\/?p=286023"},"modified":"2023-09-26T18:04:10","modified_gmt":"2023-09-26T14:04:10","slug":"hekim-emeliyyat-etdiyi-iki-xestenin-olumunde-gunahlandirilir","status":"publish","type":"post","link":"https:\/\/www.meydan.tv\/az\/article\/hekim-emeliyyat-etdiyi-iki-xestenin-olumunde-gunahlandirilir\/","title":{"rendered":"H\u0259kim \u0259m\u0259liyyat etdiyi iki x\u0259st\u0259nin \u00f6l\u00fcm\u00fcnd\u0259 g\u00fcnahland\u0131r\u0131l\u0131r"},"content":{"rendered":"\n<p><\/p>\n\n\n\n<p><strong><em>\u00a0\u015eikay\u0259t\u00e7inin fikrinc\u0259, prokurorluq i\u015fi \u00f6rt-basd\u0131r etm\u0259k ist\u0259yir<\/em><\/strong><\/p>\n\n\n\n<p>2 il 6 ay \u00f6nc\u0259 atas\u0131n\u0131 h\u0259kim s\u0259hl\u0259nkarl\u0131\u011f\u0131 n\u0259tic\u0259sind\u0259 itirdiyini dey\u0259n B\u0259hruz \u018fliyev c\u0259zas\u0131zl\u0131qdan naraz\u0131d\u0131r. Deyir ki, \u0259lind\u0259 yet\u0259rinc\u0259 s\u00fcbut-d\u0259lil olmas\u0131na baxmayaraq, prokurorluq g\u00fcnahkar\u0131 c\u0259zaland\u0131rm\u0131r.<\/p>\n\n\n\n<p>B\u0259hruz \u018fliyevin atas\u0131 &#8211; 1955-ci il t\u0259v\u0259ll\u00fcdl\u00fc \u015eahmurad \u018fliyev 2021-ci ilin fevral\u0131nda \u00f6d yolundak\u0131 da\u015f\u0131n g\u00f6t\u00fcr\u00fclm\u0259si \u00fc\u00e7\u00fcn \u0259m\u0259liyyat olunub. C\u0259rrahiyy\u0259 \u0259m\u0259liyyat\u0131 \u201cDiaqnoz\u201d Tibb M\u0259rk\u0259zind\u0259 h\u0259yata ke\u00e7irilib. Onu h\u0259kim R\u0259fael H\u0259s\u0259nov \u0259m\u0259liyyat edib. \u015eahmurad \u018fliyev \u0259m\u0259liyyatdan 1 ay sonra v\u0259fat edib.<\/p>\n\n\n\n<p>O\u011flu iddia edir ki, h\u0259kim \u0259m\u0259liyyat zaman\u0131 \u015eahmurad \u018fliyevin 12 barmaq ba\u011f\u0131rsa\u011f\u0131n\u0131 de\u015fib:<\/p>\n\n\n\n<p>\u201c<em>T\u0259limata g\u00f6r\u0259, c\u0259rrah 3 d\u0259f\u0259 c\u0259hd etm\u0259lidir, \u0259g\u0259r ke\u00e7\u0259 bilmirs\u0259, dayand\u0131rmal\u0131d\u0131r. Amma bu \u0259m\u0259liyyatda h\u0259kim b\u0259lk\u0259 50 d\u0259f\u0259 c\u0259hd edib, ax\u0131rda da ba\u011f\u0131rsa\u011f\u0131 de\u015fib. \u018fm\u0259liyyat\u0131n g\u00f6r\u00fcnt\u00fcl\u0259rind\u0259 d\u0259 var\u201d.<\/em><\/p>\n\n\n\n<p>B\u0259hruz \u018fliyev atas\u0131n\u0131n \u00f6l\u00fcm\u00fcnd\u0259n sonra prokurorlu\u011fa \u015fikay\u0259t edib. Onun s\u00f6zl\u0259rin\u0259 g\u00f6r\u0259, \u0259m\u0259liyyat\u0131n videosu i\u015f materiallar\u0131nda da var. O\u011flu bildirib ki, ekspertiza r\u0259yi \u015eahmurad \u018fliyevin \u00f6l\u00fcm\u00fcn\u0259 h\u0259kim s\u0259hvinin s\u0259b\u0259b olmas\u0131 bar\u0259d\u0259 r\u0259y verib:<\/p>\n\n\n\n<p>\u201c<em>Videoda h\u0259kim s\u0259hvi a\u00e7\u0131q-a\u015fkar g\u00f6r\u00fcn\u00fcr. Ekspertiza r\u0259yind\u0259 d\u0259 g\u00f6st\u0259rilib ki, ba\u011f\u0131rsaqda defektin tap\u0131lmas\u0131na baxmayaraq, h\u0259min nahiy\u0259y\u0259 axan \u00f6d\u00fcn v\u0259 m\u0259d\u0259 \u015fir\u0259sinin ax\u0131nt\u0131s\u0131n\u0131n qar\u015f\u0131s\u0131n\u0131n al\u0131nmas\u0131 \u00fc\u00e7\u00fcn \u0259lav\u0259 c\u0259rrahi t\u0259dbirl\u0259r g\u00f6r\u00fclm\u0259yib. H\u0259tta \u00f6l\u00fcm \u015f\u0259had\u0259tnam\u0259sind\u0259 d\u0259 \u00f6l\u00fcm\u00fcn s\u0259b\u0259bi kimi, \u0259m\u0259liyyat zaman\u0131 ba\u011f\u0131rsaqda yaranan iltihablanma g\u00f6st\u0259rilib. \u0130ltihablanmaya da ba\u011f\u0131rsa\u011f\u0131n \u0259m\u0259liyyat zaman\u0131 de\u015film\u0259si s\u0259b\u0259b olub\u201d.<\/em><\/p>\n\n\n<div class=\"wp-block-image\">\n<figure class=\"aligncenter size-full\"><img decoding=\"async\" width=\"975\" height=\"378\" data-src=\"https:\/\/www.meydan.tv\/wp-content\/uploads\/d9eb09a4161338159339747631310822661.jpeg\" alt=\"\" class=\"wp-image-286025 lazyload\" src=\"data:image\/svg+xml;base64,PHN2ZyB3aWR0aD0iMSIgaGVpZ2h0PSIxIiB4bWxucz0iaHR0cDovL3d3dy53My5vcmcvMjAwMC9zdmciPjwvc3ZnPg==\" style=\"--smush-placeholder-width: 975px; --smush-placeholder-aspect-ratio: 975\/378;\" \/><figcaption class=\"wp-element-caption\">Foto: X\u0259tai Rayon Prokurorlu\u011fu<\/figcaption><\/figure>\n<\/div>\n\n\n<p>X\u0259tai Rayon Prokurorlu\u011fu ara\u015fd\u0131rmalardan sonra bel\u0259 q\u0259na\u0259t\u0259 g\u0259lib ki, bu m\u0259s\u0259l\u0259d\u0259 cinay\u0259t t\u0259rkibi yoxdur v\u0259 cinay\u0259t i\u015fi ba\u015flanmas\u0131n\u0131n r\u0259dd edilm\u0259si haqda q\u0259rar \u00e7\u0131xar\u0131l\u0131b. B\u0259hruz \u018fliyev bu q\u0259rardan naraz\u0131 qal\u0131b v\u0259 Ba\u015f Prokurorlu\u011fa \u015fikay\u0259t edib. O, q\u0259rar\u0131n l\u0259\u011fvini ist\u0259yib. B\u0259hruz \u018fliyev bildirib ki, atas\u0131n\u0131n \u00f6l\u00fcm\u00fc h\u0259kim s\u0259hl\u0259nkarl\u0131\u011f\u0131n\u0131n n\u0259tic\u0259sidir v\u0259 bu hadis\u0259d\u0259 cinay\u0259t t\u0259rkibi var. Onun fikrinc\u0259, X\u0259tai Rayon Prokurorlu\u011fu cinay\u0259ti \u00f6rt-basd\u0131r etm\u0259k ist\u0259yir. Deyir ki, \u015fikay\u0259tind\u0259n sonra Ba\u015f Prokurorluq q\u0259rar\u0131 l\u0259\u011fv edib v\u0259 i\u015f yenid\u0259n ara\u015fd\u0131r\u0131lmas\u0131 \u00fc\u00e7\u00fcn t\u0259krar X\u0259tai Rayon Prokurorlu\u011funa qaytar\u0131l\u0131b:<\/p>\n\n\n\n<p>\u201c<em>Ba\u015f Prokurorluq h\u0259min q\u0259rar\u0131 l\u0259\u011fv el\u0259di. Bu i\u015fin yenid\u0259n ara\u015fd\u0131r\u0131lmas\u0131na q\u0259rar verildi. \u0130ki d\u0259f\u0259 m\u0259hk\u0259m\u0259-tibb ekspertizas\u0131 t\u0259yin olundu. Ekspertizan\u0131n r\u0259yind\u0259 atam\u0131n \u00f6l\u00fcm\u00fcn\u0259 h\u0259kim s\u0259hvinin s\u0259b\u0259b oldu\u011funu g\u00f6st\u0259r\u0259n konkret faktlar var. Amma \u00fcmumi n\u0259tic\u0259y\u0259 g\u0259l\u0259nd\u0259 yaz\u0131l\u0131b ki, konkret olaraq \u00f6l\u00fcm\u00fcn s\u0259b\u0259bi m\u00fc\u0259yy\u0259n edilm\u0259di. \u00c7\u00fcnki meyit m\u00fcayin\u0259 olunmad\u0131\u011f\u0131na g\u00f6r\u0259 konkret s\u0259b\u0259b dem\u0259k olmur\u201d.<\/em><\/p>\n\n\n\n<p>X\u0259tai Rayon Prokurorlu\u011funda t\u0259krar ara\u015fd\u0131rmadan sonra yen\u0259 d\u0259 cinay\u0259t i\u015fi ba\u015flanmas\u0131n\u0131n r\u0259dd edilm\u0259si haqda q\u0259rar q\u0259bul edilib.<\/p>\n\n\n\n<p>B\u0259hruz \u018fliyev deyir ki, \u015fikay\u0259tl\u0259rini davam etdirib. El\u0259 h\u0259min \u0259r\u0259f\u0259d\u0259 \u201cDiaqnoz\u201d Tibb M\u0259rk\u0259zind\u0259 m\u0259hz h\u0259kim R\u0259fael H\u0259s\u0259novdan \u015fikay\u0259t\u00e7i olan ba\u015fqa bir v\u0259t\u0259nda\u015f da prokurorlu\u011fa \u015fikay\u0259t edib. O, \u015fikay\u0259tind\u0259 g\u00f6st\u0259rib ki, anas\u0131n\u0131 bu h\u0259kim 2023-c\u00fc ilin fevral\u0131nda d\u00fczg\u00fcn \u0259m\u0259liyyat etm\u0259yib v\u0259 h\u0259min tibb m\u00fc\u0259ssis\u0259sind\u0259 d\u0259 v\u0259fat edib.<\/p>\n\n\n\n<p>H\u0259r iki \u015fikay\u0259tl\u0259 \u0259laq\u0259dar avqustda Cinay\u0259t M\u0259c\u0259ll\u0259sinin 314.2 (s\u0259hl\u0259nkarl\u0131q \u2013 \u00f6l\u00fcm\u0259 v\u0259 ya dig\u0259r a\u011f\u0131r n\u0259tic\u0259l\u0259r\u0259 s\u0259b\u0259b olduqda) madd\u0259sil\u0259 cinay\u0259t i\u015fi ba\u015flan\u0131b.<\/p>\n\n\n\n<p>\u201c<em>\u0130ndi meyitin eksqumasiyas\u0131na q\u0259rar veribl\u0259r. Lakin m\u0259n z\u0259r\u0259r\u00e7\u0259kmi\u015fin h\u00fcquqi varisi olaraq, raz\u0131 deyil\u0259m. \u00dcst\u00fcnd\u0259n iki il yar\u0131m ke\u00e7ib, meyit \u00e7\u00fcr\u00fcy\u00fcb. A\u00e7acaqlar, dey\u0259c\u0259kl\u0259r ki, \u00f6l\u00fcml\u0259 \u0259laq\u0259sini m\u00fc\u0259yy\u0259nl\u0259\u015fdirm\u0259k m\u00fcmk\u00fcn olmad\u0131. Ekspertizadan bu r\u0259yi al\u0131b, cinay\u0259t i\u015fin\u0259 xitam ver\u0259c\u0259kl\u0259r. \u018fslind\u0259, eksqumasiyan\u0131 t\u0259yin etm\u0259kd\u0259 m\u0259qs\u0259d d\u0259 budur. M\u00fcst\u0259ntiq \u00f6z\u00fc d\u0259 yax\u015f\u0131 bilir bunu. Yoxsa t\u0259qsirkar\u0131n \u0259m\u0259lin\u0259 qiym\u0259t verm\u0259k \u00fc\u00e7\u00fcn ortada kifay\u0259t q\u0259d\u0259r s\u00fcbutlar var \u2013 videog\u00f6r\u00fcnt\u00fc, ekspertiza r\u0259yi\u2026\u201d.<\/em><\/p>\n\n\n\n<p>\u201cDiaqnoz\u201d Tibb M\u0259rk\u0259zi is\u0259 B\u0259hruz \u018fliyevin iddialar\u0131n\u0131 q\u0259bul etmir. M\u0259rk\u0259zin a\u00e7\u0131qlamas\u0131nda bildirilir ki, x\u0259st\u0259y\u0259 vaxt\u0131nda m\u00fcdaxil\u0259 edilib v\u0259 laz\u0131mi m\u00fcalic\u0259l\u0259r olunub. \u015eahmurad \u018fliyevin \u00f6l\u00fcm\u00fcnd\u0259 h\u0259kim R\u0259fael H\u0259s\u0259novun he\u00e7 bir g\u00fcnah\u0131 yoxdur.<\/p>\n\n\n\n<p>\u00d6l\u00fcm haqq\u0131nda tibbi \u015f\u0259had\u0259tnam\u0259d\u0259 \u015eahmurad \u018fliyevin \u00f6l\u00fcm\u00fcn\u00fcn s\u0259b\u0259bi kimi, \u201c12 barmaq ba\u011f\u0131rsa\u011f\u0131n perforasiyas\u0131 n\u0259tic\u0259sind\u0259 ba\u015f vermi\u015f yay\u0131lm\u0131\u015f peritonit\u201d g\u00f6st\u0259rilib. Amma yax\u0131nlar\u0131 t\u0259r\u0259find\u0259n q\u0259ti etiraz edildiyin\u0259 g\u00f6r\u0259 m\u0259rhumun meyiti m\u00fcayin\u0259 edilm\u0259yib. Bu \u00fczd\u0259n onun \u00f6l\u00fcm\u00fcn\u00fcn \u0259sl s\u0259b\u0259bi bar\u0259d\u0259 fikir s\u00f6yl\u0259m\u0259k m\u00fcmk\u00fcn olmay\u0131b.<\/p>\n","protected":false},"excerpt":{"rendered":"<p>\u00a0\u015eikay\u0259t\u00e7inin fikrinc\u0259, prokurorluq i\u015fi \u00f6rt-basd\u0131r etm\u0259k ist\u0259yir 2 il 6 &#8230; <\/p>\n<p class=\"read-more-container\"><a title=\"H\u0259kim \u0259m\u0259liyyat etdiyi iki x\u0259st\u0259nin \u00f6l\u00fcm\u00fcnd\u0259 g\u00fcnahland\u0131r\u0131l\u0131r\" class=\"read-more button\" href=\"https:\/\/www.meydan.tv\/az\/article\/hekim-emeliyyat-etdiyi-iki-xestenin-olumunde-gunahlandirilir\/#more-286023\" aria-label=\"Read more about H\u0259kim \u0259m\u0259liyyat etdiyi iki x\u0259st\u0259nin \u00f6l\u00fcm\u00fcnd\u0259 g\u00fcnahland\u0131r\u0131l\u0131r\">Davam\u0131<\/a><\/p>\n","protected":false},"author":8,"featured_media":231946,"comment_status":"closed","ping_status":"closed","sticky":false,"template":"","format":"standard","meta":{"_acf_changed":false,"_sitemap_exclude":false,"_sitemap_priority":"","_sitemap_frequency":"","footnotes":""},"categories":[62,56],"tags":[],"class_list":["post-286023","post","type-post","status-publish","format-standard","has-post-thumbnail","hentry","category-sosial","category-xeberler","infinite-scroll-item","generate-columns","tablet-grid-50","mobile-grid-100","grid-parent","grid-33","no-featured-image-padding"],"acf":[],"yoast_head":"<!-- This site is optimized with the Yoast SEO plugin v27.5 - https:\/\/yoast.com\/product\/yoast-seo-wordpress\/ -->\n<title>H\u0259kim \u0259m\u0259liyyat etdiyi iki x\u0259st\u0259nin \u00f6l\u00fcm\u00fcnd\u0259 g\u00fcnahland\u0131r\u0131l\u0131r - MEYDAN.TV<\/title>\n<meta name=\"robots\" content=\"index, follow, max-snippet:-1, max-image-preview:large, max-video-preview:-1\" \/>\n<link rel=\"canonical\" href=\"https:\/\/www.meydan.tv\/az\/article\/hekim-emeliyyat-etdiyi-iki-xestenin-olumunde-gunahlandirilir\/\" \/>\n<meta property=\"og:locale\" content=\"az_AZ\" \/>\n<meta property=\"og:type\" content=\"article\" \/>\n<meta property=\"og:title\" content=\"H\u0259kim \u0259m\u0259liyyat etdiyi iki x\u0259st\u0259nin \u00f6l\u00fcm\u00fcnd\u0259 g\u00fcnahland\u0131r\u0131l\u0131r - MEYDAN.TV\" \/>\n<meta property=\"og:description\" content=\"\u00a0\u015eikay\u0259t\u00e7inin fikrinc\u0259, prokurorluq i\u015fi \u00f6rt-basd\u0131r etm\u0259k ist\u0259yir 2 il 6 ... Davam\u0131\" \/>\n<meta property=\"og:url\" content=\"https:\/\/www.meydan.tv\/az\/article\/hekim-emeliyyat-etdiyi-iki-xestenin-olumunde-gunahlandirilir\/\" \/>\n<meta property=\"og:site_name\" content=\"MEYDAN.TV\" \/>\n<meta property=\"article:published_time\" content=\"2023-09-26T14:04:06+00:00\" \/>\n<meta property=\"article:modified_time\" content=\"2023-09-26T14:04:10+00:00\" \/>\n<meta property=\"og:image\" content=\"https:\/\/www.meydan.tv\/wp-content\/uploads\/shutterstock_249888859-e1642412744822.jpg\" \/>\n\t<meta property=\"og:image:width\" content=\"1200\" \/>\n\t<meta property=\"og:image:height\" content=\"756\" \/>\n\t<meta property=\"og:image:type\" content=\"image\/jpeg\" \/>\n<meta name=\"author\" content=\"elli\" \/>\n<meta name=\"twitter:card\" content=\"summary_large_image\" \/>\n<meta name=\"twitter:creator\" content=\"@elli\" \/>\n<script type=\"application\/ld+json\" class=\"yoast-schema-graph\">{\"@context\":\"https:\\\/\\\/schema.org\",\"@graph\":[{\"@type\":\"Article\",\"@id\":\"https:\\\/\\\/www.meydan.tv\\\/az\\\/article\\\/hekim-emeliyyat-etdiyi-iki-xestenin-olumunde-gunahlandirilir\\\/#article\",\"isPartOf\":{\"@id\":\"https:\\\/\\\/www.meydan.tv\\\/az\\\/article\\\/hekim-emeliyyat-etdiyi-iki-xestenin-olumunde-gunahlandirilir\\\/\"},\"author\":{\"name\":\"elli\",\"@id\":\"https:\\\/\\\/www.meydan.tv\\\/az\\\/#\\\/schema\\\/person\\\/9cdbecf90d17180ce1dfbd95b08dcf47\"},\"headline\":\"H\u0259kim \u0259m\u0259liyyat etdiyi iki x\u0259st\u0259nin \u00f6l\u00fcm\u00fcnd\u0259 g\u00fcnahland\u0131r\u0131l\u0131r\",\"datePublished\":\"2023-09-26T14:04:06+00:00\",\"dateModified\":\"2023-09-26T14:04:10+00:00\",\"mainEntityOfPage\":{\"@id\":\"https:\\\/\\\/www.meydan.tv\\\/az\\\/article\\\/hekim-emeliyyat-etdiyi-iki-xestenin-olumunde-gunahlandirilir\\\/\"},\"wordCount\":1015,\"publisher\":{\"@id\":\"https:\\\/\\\/www.meydan.tv\\\/az\\\/#organization\"},\"image\":{\"@id\":\"https:\\\/\\\/www.meydan.tv\\\/az\\\/article\\\/hekim-emeliyyat-etdiyi-iki-xestenin-olumunde-gunahlandirilir\\\/#primaryimage\"},\"thumbnailUrl\":\"https:\\\/\\\/www.meydan.tv\\\/wp-content\\\/uploads\\\/shutterstock_249888859-e1642412744822.jpg\",\"articleSection\":[\"Sosial\",\"X\u0259b\u0259rl\u0259r\"],\"inLanguage\":\"az\"},{\"@type\":\"WebPage\",\"@id\":\"https:\\\/\\\/www.meydan.tv\\\/az\\\/article\\\/hekim-emeliyyat-etdiyi-iki-xestenin-olumunde-gunahlandirilir\\\/\",\"url\":\"https:\\\/\\\/www.meydan.tv\\\/az\\\/article\\\/hekim-emeliyyat-etdiyi-iki-xestenin-olumunde-gunahlandirilir\\\/\",\"name\":\"H\u0259kim \u0259m\u0259liyyat etdiyi iki x\u0259st\u0259nin \u00f6l\u00fcm\u00fcnd\u0259 g\u00fcnahland\u0131r\u0131l\u0131r - MEYDAN.TV\",\"isPartOf\":{\"@id\":\"https:\\\/\\\/www.meydan.tv\\\/az\\\/#website\"},\"primaryImageOfPage\":{\"@id\":\"https:\\\/\\\/www.meydan.tv\\\/az\\\/article\\\/hekim-emeliyyat-etdiyi-iki-xestenin-olumunde-gunahlandirilir\\\/#primaryimage\"},\"image\":{\"@id\":\"https:\\\/\\\/www.meydan.tv\\\/az\\\/article\\\/hekim-emeliyyat-etdiyi-iki-xestenin-olumunde-gunahlandirilir\\\/#primaryimage\"},\"thumbnailUrl\":\"https:\\\/\\\/www.meydan.tv\\\/wp-content\\\/uploads\\\/shutterstock_249888859-e1642412744822.jpg\",\"datePublished\":\"2023-09-26T14:04:06+00:00\",\"dateModified\":\"2023-09-26T14:04:10+00:00\",\"breadcrumb\":{\"@id\":\"https:\\\/\\\/www.meydan.tv\\\/az\\\/article\\\/hekim-emeliyyat-etdiyi-iki-xestenin-olumunde-gunahlandirilir\\\/#breadcrumb\"},\"inLanguage\":\"az\",\"potentialAction\":[{\"@type\":\"ReadAction\",\"target\":[\"https:\\\/\\\/www.meydan.tv\\\/az\\\/article\\\/hekim-emeliyyat-etdiyi-iki-xestenin-olumunde-gunahlandirilir\\\/\"]}]},{\"@type\":\"ImageObject\",\"inLanguage\":\"az\",\"@id\":\"https:\\\/\\\/www.meydan.tv\\\/az\\\/article\\\/hekim-emeliyyat-etdiyi-iki-xestenin-olumunde-gunahlandirilir\\\/#primaryimage\",\"url\":\"https:\\\/\\\/www.meydan.tv\\\/wp-content\\\/uploads\\\/shutterstock_249888859-e1642412744822.jpg\",\"contentUrl\":\"https:\\\/\\\/www.meydan.tv\\\/wp-content\\\/uploads\\\/shutterstock_249888859-e1642412744822.jpg\",\"width\":1200,\"height\":756,\"caption\":\"H\u0259kim, Niyazz\\\/shutterstock\"},{\"@type\":\"BreadcrumbList\",\"@id\":\"https:\\\/\\\/www.meydan.tv\\\/az\\\/article\\\/hekim-emeliyyat-etdiyi-iki-xestenin-olumunde-gunahlandirilir\\\/#breadcrumb\",\"itemListElement\":[{\"@type\":\"ListItem\",\"position\":1,\"name\":\"Ana s\u0259hif\u0259\",\"item\":\"https:\\\/\\\/www.meydan.tv\\\/az\\\/\"},{\"@type\":\"ListItem\",\"position\":2,\"name\":\"Sosial\",\"item\":\"https:\\\/\\\/www.meydan.tv\\\/az\\\/section\\\/sosial\\\/\"},{\"@type\":\"ListItem\",\"position\":3,\"name\":\"H\u0259kim \u0259m\u0259liyyat etdiyi iki x\u0259st\u0259nin \u00f6l\u00fcm\u00fcnd\u0259 g\u00fcnahland\u0131r\u0131l\u0131r\"}]},{\"@type\":\"WebSite\",\"@id\":\"https:\\\/\\\/www.meydan.tv\\\/az\\\/#website\",\"url\":\"https:\\\/\\\/www.meydan.tv\\\/az\\\/\",\"name\":\"MEYDAN.TV\",\"description\":\"Meydan TV Az\u0259rbaycan\u0131n media m\u0259kan\u0131ndak\u0131 alternativ s\u0259sidir\",\"publisher\":{\"@id\":\"https:\\\/\\\/www.meydan.tv\\\/az\\\/#organization\"},\"potentialAction\":[{\"@type\":\"SearchAction\",\"target\":{\"@type\":\"EntryPoint\",\"urlTemplate\":\"https:\\\/\\\/www.meydan.tv\\\/az\\\/?s={search_term_string}\"},\"query-input\":{\"@type\":\"PropertyValueSpecification\",\"valueRequired\":true,\"valueName\":\"search_term_string\"}}],\"inLanguage\":\"az\"},{\"@type\":\"Organization\",\"@id\":\"https:\\\/\\\/www.meydan.tv\\\/az\\\/#organization\",\"name\":\"Meydan TV\",\"url\":\"https:\\\/\\\/www.meydan.tv\\\/az\\\/\",\"logo\":{\"@type\":\"ImageObject\",\"inLanguage\":\"az\",\"@id\":\"https:\\\/\\\/www.meydan.tv\\\/az\\\/#\\\/schema\\\/logo\\\/image\\\/\",\"url\":\"https:\\\/\\\/www.meydan.tv\\\/wp-content\\\/uploads\\\/2021\\\/07\\\/meydan-logo.svg\",\"contentUrl\":\"https:\\\/\\\/www.meydan.tv\\\/wp-content\\\/uploads\\\/2021\\\/07\\\/meydan-logo.svg\",\"width\":195,\"height\":46,\"caption\":\"Meydan TV\"},\"image\":{\"@id\":\"https:\\\/\\\/www.meydan.tv\\\/az\\\/#\\\/schema\\\/logo\\\/image\\\/\"}},{\"@type\":\"Person\",\"@id\":\"https:\\\/\\\/www.meydan.tv\\\/az\\\/#\\\/schema\\\/person\\\/9cdbecf90d17180ce1dfbd95b08dcf47\",\"name\":\"elli\",\"sameAs\":[\"https:\\\/\\\/x.com\\\/elli\"]}]}<\/script>\n<!-- \/ Yoast SEO plugin. -->","yoast_head_json":{"title":"H\u0259kim \u0259m\u0259liyyat etdiyi iki x\u0259st\u0259nin \u00f6l\u00fcm\u00fcnd\u0259 g\u00fcnahland\u0131r\u0131l\u0131r - MEYDAN.TV","robots":{"index":"index","follow":"follow","max-snippet":"max-snippet:-1","max-image-preview":"max-image-preview:large","max-video-preview":"max-video-preview:-1"},"canonical":"https:\/\/www.meydan.tv\/az\/article\/hekim-emeliyyat-etdiyi-iki-xestenin-olumunde-gunahlandirilir\/","og_locale":"az_AZ","og_type":"article","og_title":"H\u0259kim \u0259m\u0259liyyat etdiyi iki x\u0259st\u0259nin \u00f6l\u00fcm\u00fcnd\u0259 g\u00fcnahland\u0131r\u0131l\u0131r - MEYDAN.TV","og_description":"\u00a0\u015eikay\u0259t\u00e7inin fikrinc\u0259, prokurorluq i\u015fi \u00f6rt-basd\u0131r etm\u0259k ist\u0259yir 2 il 6 ... Davam\u0131","og_url":"https:\/\/www.meydan.tv\/az\/article\/hekim-emeliyyat-etdiyi-iki-xestenin-olumunde-gunahlandirilir\/","og_site_name":"MEYDAN.TV","article_published_time":"2023-09-26T14:04:06+00:00","article_modified_time":"2023-09-26T14:04:10+00:00","og_image":[{"width":1200,"height":756,"url":"https:\/\/www.meydan.tv\/wp-content\/uploads\/shutterstock_249888859-e1642412744822.jpg","type":"image\/jpeg"}],"author":"elli","twitter_card":"summary_large_image","twitter_creator":"@elli","schema":{"@context":"https:\/\/schema.org","@graph":[{"@type":"Article","@id":"https:\/\/www.meydan.tv\/az\/article\/hekim-emeliyyat-etdiyi-iki-xestenin-olumunde-gunahlandirilir\/#article","isPartOf":{"@id":"https:\/\/www.meydan.tv\/az\/article\/hekim-emeliyyat-etdiyi-iki-xestenin-olumunde-gunahlandirilir\/"},"author":{"name":"elli","@id":"https:\/\/www.meydan.tv\/az\/#\/schema\/person\/9cdbecf90d17180ce1dfbd95b08dcf47"},"headline":"H\u0259kim \u0259m\u0259liyyat etdiyi iki x\u0259st\u0259nin \u00f6l\u00fcm\u00fcnd\u0259 g\u00fcnahland\u0131r\u0131l\u0131r","datePublished":"2023-09-26T14:04:06+00:00","dateModified":"2023-09-26T14:04:10+00:00","mainEntityOfPage":{"@id":"https:\/\/www.meydan.tv\/az\/article\/hekim-emeliyyat-etdiyi-iki-xestenin-olumunde-gunahlandirilir\/"},"wordCount":1015,"publisher":{"@id":"https:\/\/www.meydan.tv\/az\/#organization"},"image":{"@id":"https:\/\/www.meydan.tv\/az\/article\/hekim-emeliyyat-etdiyi-iki-xestenin-olumunde-gunahlandirilir\/#primaryimage"},"thumbnailUrl":"https:\/\/www.meydan.tv\/wp-content\/uploads\/shutterstock_249888859-e1642412744822.jpg","articleSection":["Sosial","X\u0259b\u0259rl\u0259r"],"inLanguage":"az"},{"@type":"WebPage","@id":"https:\/\/www.meydan.tv\/az\/article\/hekim-emeliyyat-etdiyi-iki-xestenin-olumunde-gunahlandirilir\/","url":"https:\/\/www.meydan.tv\/az\/article\/hekim-emeliyyat-etdiyi-iki-xestenin-olumunde-gunahlandirilir\/","name":"H\u0259kim \u0259m\u0259liyyat etdiyi iki x\u0259st\u0259nin \u00f6l\u00fcm\u00fcnd\u0259 g\u00fcnahland\u0131r\u0131l\u0131r - MEYDAN.TV","isPartOf":{"@id":"https:\/\/www.meydan.tv\/az\/#website"},"primaryImageOfPage":{"@id":"https:\/\/www.meydan.tv\/az\/article\/hekim-emeliyyat-etdiyi-iki-xestenin-olumunde-gunahlandirilir\/#primaryimage"},"image":{"@id":"https:\/\/www.meydan.tv\/az\/article\/hekim-emeliyyat-etdiyi-iki-xestenin-olumunde-gunahlandirilir\/#primaryimage"},"thumbnailUrl":"https:\/\/www.meydan.tv\/wp-content\/uploads\/shutterstock_249888859-e1642412744822.jpg","datePublished":"2023-09-26T14:04:06+00:00","dateModified":"2023-09-26T14:04:10+00:00","breadcrumb":{"@id":"https:\/\/www.meydan.tv\/az\/article\/hekim-emeliyyat-etdiyi-iki-xestenin-olumunde-gunahlandirilir\/#breadcrumb"},"inLanguage":"az","potentialAction":[{"@type":"ReadAction","target":["https:\/\/www.meydan.tv\/az\/article\/hekim-emeliyyat-etdiyi-iki-xestenin-olumunde-gunahlandirilir\/"]}]},{"@type":"ImageObject","inLanguage":"az","@id":"https:\/\/www.meydan.tv\/az\/article\/hekim-emeliyyat-etdiyi-iki-xestenin-olumunde-gunahlandirilir\/#primaryimage","url":"https:\/\/www.meydan.tv\/wp-content\/uploads\/shutterstock_249888859-e1642412744822.jpg","contentUrl":"https:\/\/www.meydan.tv\/wp-content\/uploads\/shutterstock_249888859-e1642412744822.jpg","width":1200,"height":756,"caption":"H\u0259kim, Niyazz\/shutterstock"},{"@type":"BreadcrumbList","@id":"https:\/\/www.meydan.tv\/az\/article\/hekim-emeliyyat-etdiyi-iki-xestenin-olumunde-gunahlandirilir\/#breadcrumb","itemListElement":[{"@type":"ListItem","position":1,"name":"Ana s\u0259hif\u0259","item":"https:\/\/www.meydan.tv\/az\/"},{"@type":"ListItem","position":2,"name":"Sosial","item":"https:\/\/www.meydan.tv\/az\/section\/sosial\/"},{"@type":"ListItem","position":3,"name":"H\u0259kim \u0259m\u0259liyyat etdiyi iki x\u0259st\u0259nin \u00f6l\u00fcm\u00fcnd\u0259 g\u00fcnahland\u0131r\u0131l\u0131r"}]},{"@type":"WebSite","@id":"https:\/\/www.meydan.tv\/az\/#website","url":"https:\/\/www.meydan.tv\/az\/","name":"MEYDAN.TV","description":"Meydan TV Az\u0259rbaycan\u0131n media m\u0259kan\u0131ndak\u0131 alternativ s\u0259sidir","publisher":{"@id":"https:\/\/www.meydan.tv\/az\/#organization"},"potentialAction":[{"@type":"SearchAction","target":{"@type":"EntryPoint","urlTemplate":"https:\/\/www.meydan.tv\/az\/?s={search_term_string}"},"query-input":{"@type":"PropertyValueSpecification","valueRequired":true,"valueName":"search_term_string"}}],"inLanguage":"az"},{"@type":"Organization","@id":"https:\/\/www.meydan.tv\/az\/#organization","name":"Meydan TV","url":"https:\/\/www.meydan.tv\/az\/","logo":{"@type":"ImageObject","inLanguage":"az","@id":"https:\/\/www.meydan.tv\/az\/#\/schema\/logo\/image\/","url":"https:\/\/www.meydan.tv\/wp-content\/uploads\/2021\/07\/meydan-logo.svg","contentUrl":"https:\/\/www.meydan.tv\/wp-content\/uploads\/2021\/07\/meydan-logo.svg","width":195,"height":46,"caption":"Meydan TV"},"image":{"@id":"https:\/\/www.meydan.tv\/az\/#\/schema\/logo\/image\/"}},{"@type":"Person","@id":"https:\/\/www.meydan.tv\/az\/#\/schema\/person\/9cdbecf90d17180ce1dfbd95b08dcf47","name":"elli","sameAs":["https:\/\/x.com\/elli"]}]}},"_links":{"self":[{"href":"https:\/\/www.meydan.tv\/az\/wp-json\/wp\/v2\/posts\/286023","targetHints":{"allow":["GET"]}}],"collection":[{"href":"https:\/\/www.meydan.tv\/az\/wp-json\/wp\/v2\/posts"}],"about":[{"href":"https:\/\/www.meydan.tv\/az\/wp-json\/wp\/v2\/types\/post"}],"author":[{"embeddable":true,"href":"https:\/\/www.meydan.tv\/az\/wp-json\/wp\/v2\/users\/8"}],"replies":[{"embeddable":true,"href":"https:\/\/www.meydan.tv\/az\/wp-json\/wp\/v2\/comments?post=286023"}],"version-history":[{"count":3,"href":"https:\/\/www.meydan.tv\/az\/wp-json\/wp\/v2\/posts\/286023\/revisions"}],"predecessor-version":[{"id":286033,"href":"https:\/\/www.meydan.tv\/az\/wp-json\/wp\/v2\/posts\/286023\/revisions\/286033"}],"wp:featuredmedia":[{"embeddable":true,"href":"https:\/\/www.meydan.tv\/az\/wp-json\/wp\/v2\/media\/231946"}],"wp:attachment":[{"href":"https:\/\/www.meydan.tv\/az\/wp-json\/wp\/v2\/media?parent=286023"}],"wp:term":[{"taxonomy":"category","embeddable":true,"href":"https:\/\/www.meydan.tv\/az\/wp-json\/wp\/v2\/categories?post=286023"},{"taxonomy":"post_tag","embeddable":true,"href":"https:\/\/www.meydan.tv\/az\/wp-json\/wp\/v2\/tags?post=286023"}],"curies":[{"name":"wp","href":"https:\/\/api.w.org\/{rel}","templated":true}]}}