{"id":285990,"date":"2023-09-26T14:42:39","date_gmt":"2023-09-26T10:42:39","guid":{"rendered":"https:\/\/www.meydan.tv\/?p=285990"},"modified":"2023-09-26T14:42:42","modified_gmt":"2023-09-26T10:42:42","slug":"icra-hakimiyyeti-rasile-arifqizinin-usaq-evine-direktor-qoyulmasi-xeberini-tekzib-edir","status":"publish","type":"post","link":"https:\/\/www.meydan.tv\/az\/article\/icra-hakimiyyeti-rasile-arifqizinin-usaq-evine-direktor-qoyulmasi-xeberini-tekzib-edir\/","title":{"rendered":"\u0130cra hakimiyy\u0259ti Rasil\u0259 Arifq\u0131z\u0131n\u0131n u\u015faq evin\u0259 direktor qoyulmas\u0131 x\u0259b\u0259rini t\u0259kzib edir"},"content":{"rendered":"\n<p><\/p>\n\n\n\n<p><strong><em>U\u015faq evind\u0259n is\u0259 deyirl\u0259r ki, ke\u00e7mi\u015f m\u00fcavin kollektiv\u0259 t\u0259qdim olunub<\/em><\/strong><\/p>\n\n\n<div class=\"gb-container gb-container-e64939af\">\n<div class=\"gb-container gb-container-2d90f9a4\">\n\n<p>L\u0259nk\u0259ran Rayon \u0130cra Hakimiyy\u0259ti icra ba\u015f\u00e7\u0131s\u0131n\u0131n sabiq m\u00fcavini, \u00f6t\u0259n ilin iyulunda m\u0259kt\u0259bliy\u0259 qar\u015f\u0131 zorak\u0131l\u0131qda ittiham olunan Rasil\u0259 Arifq\u0131z\u0131n\u0131n u\u015faq evin\u0259 direktor t\u0259yin olunmas\u0131 x\u0259b\u0259rini t\u0259kzib edir.<\/p>\n\n<\/div>\n<\/div>\n\n\n<p>\u0130cra hakimiyy\u0259tinin yayd\u0131\u011f\u0131 x\u0259b\u0259rd\u0259 deyilir ki, haz\u0131rda h\u0259min yer vakantd\u0131r.<\/p>\n\n\n\n<p>Ancaq L\u0259nk\u0259ran \u015f\u0259h\u0259r Osman Mirz\u0259yev ad\u0131na qar\u0131\u015f\u0131q tipli u\u015faq evinin ad\u0131n\u0131n a\u00e7\u0131qlanmas\u0131n\u0131 ist\u0259m\u0259y\u0259n \u0259m\u0259kda\u015f\u0131 Meydan TV-y\u0259 deyib ki, icra hakimiyy\u0259tinin q\u0259rar\u0131n\u0131n l\u0259\u011fv olunmas\u0131na s\u0259b\u0259b sosial \u015f\u0259b\u0259k\u0259l\u0259rd\u0259 yay\u0131lan x\u0259b\u0259rl\u0259r v\u0259 bunun \u0259traf\u0131nda ba\u015f ver\u0259n qalmaqald\u0131r.<\/p>\n\n\n\n<p>M\u0259nb\u0259nin s\u00f6zl\u0259rin\u0259 g\u00f6r\u0259, Rasil\u0259 Arifq\u0131z\u0131 bir ne\u00e7\u0259 g\u00fcn \u0259vv\u0259l u\u015faq evinin m\u00fcdiri v\u0259zif\u0259sin\u0259 t\u0259yin olunub. U\u015faq evinin direktoru Mehriban S\u0259f\u0259rova is\u0259 bu yax\u0131nlarda tutdu\u011fu v\u0259zif\u0259d\u0259n k\u0259narla\u015fd\u0131r\u0131l\u0131b.<\/p>\n\n\n\n<p><em>\u201cRasil\u0259 xan\u0131m h\u0259tta kollektiv\u0259 t\u0259qdim olundu, t\u0259brikl\u0259ri q\u0259bul etdi. O, d\u00fcn\u0259n ax\u015fam saatlar\u0131nad\u0259k m\u00fc\u0259ssis\u0259d\u0259 olub, kabinetind\u0259 telefon z\u0259ngl\u0259rini cavabland\u0131r\u0131b, g\u00f6r\u00fc\u015f ke\u00e7irib\u201d.<\/em><\/p>\n\n\n\n<p><em>\u201cRasil\u0259 Arifq\u0131z\u0131 bir ild\u0259n \u00e7oxdur i\u015fsizdir. O, L\u0259nk\u0259ran \u0130cra Hakimiyy\u0259ti ba\u015f\u00e7\u0131s\u0131n\u0131n m\u0259sl\u0259h\u0259ti il\u0259 h\u0259min m\u00fc\u0259ssis\u0259y\u0259 r\u0259hb\u0259r v\u0259zif\u0259sin\u0259 g\u0259tirilib. Rayonda \u0259ks\u0259riyy\u0259t onun ba\u015f\u00e7\u0131 il\u0259 yax\u0131nl\u0131\u011f\u0131ndan x\u0259b\u0259rdard\u0131r\u201d,-<\/em>&nbsp; ad\u0131n\u0131n a\u00e7\u0131qlanmas\u0131n\u0131 ist\u0259m\u0259y\u0259n v\u0259zif\u0259li \u015f\u0259xs deyib.<\/p>\n\n\n\n<p>Rayondak\u0131 v\u0259zif\u0259li m\u0259nb\u0259 onu da deyir ki, d\u00fcn\u0259n sosial \u015f\u0259b\u0259k\u0259l\u0259rd\u0259ki t\u0259nqidl\u0259rd\u0259n sonra d\u00f6vl\u0259t m\u00fc\u0259ssis\u0259l\u0259rind\u0259 \u00e7al\u0131\u015fanlara, \u0259sas\u0259n d\u0259 m\u00fc\u0259lliml\u0259r\u0259 Rasil\u0259 Arifq\u0131z\u0131 il\u0259 ba\u011fl\u0131 xo\u015f s\u00f6zl\u0259r, t\u0259rif dolu t\u0259brikl\u0259r yaz\u0131lmas\u0131 tap\u015f\u0131r\u0131l\u0131b. \u018fks\u0259r s\u0259hif\u0259l\u0259rd\u0259 t\u0259brikl\u0259r yaz\u0131lsa da, hadis\u0259 geni\u015f qalmaqal do\u011furdu\u011fundan, o, v\u0259zif\u0259sind\u0259n k\u0259narla\u015fd\u0131r\u0131l\u0131b. M\u0259nb\u0259 deyir ki, \u0259mrin imzaland\u0131\u011f\u0131 \u0259r\u0259f\u0259d\u0259 qalmaqal icra hakimiyy\u0259tini q\u0259rar\u0131 d\u0259yi\u015fm\u0259y\u0259 m\u0259cbur edib:<\/p>\n\n\n\n<p><em>\u201cYax\u0131nlar\u0131ndan \u00f6yr\u0259ndim ki, d\u00fcn\u0259n gec\u0259 saatlar\u0131nda Rasil\u0259 xan\u0131m\u0131n \u00fcst\u00fcn\u0259 t\u0259cili tibbi yard\u0131m \u00e7a\u011f\u0131r\u0131l\u0131b, o, sars\u0131nt\u0131 ke\u00e7irib. H\u0259l\u0259 d\u0259 \u00f6z\u00fcn\u0259 g\u0259l\u0259 bilmir. Halbuki, rayondak\u0131 \u015f\u0259hid ail\u0259l\u0259rinin \u00e7oxuna yard\u0131m edib. Qalmaqal\u0131n kiml\u0259rs\u0259 t\u0259r\u0259find\u0259n x\u00fcsusi \u015fi\u015firdildiyini d\u00fc\u015f\u00fcn\u00fcrl\u0259r\u201d.<\/em><\/p>\n\n\n\n<p>U\u015faq evinin L\u0259nk\u0259ran Rayon \u0130cra Hakimiyy\u0259tinin tabeliyind\u0259 oldu\u011fu bildirilir.<\/p>\n\n\n\n<p>M\u00fc\u0259ssis\u0259y\u0259 m\u0259xsus telefonlara cavab ver\u0259n xan\u0131m \u0259m\u0259kda\u015f Rasil\u0259 Arifq\u0131z\u0131 il\u0259 ba\u011fl\u0131 suallar\u0131 cavabland\u0131rmaqdan imtina edib.<\/p>\n\n\n\n<p>\u00d6t\u0259n il L\u0259nk\u0259ran Rayon \u0130cra Hakimiyy\u0259ti ba\u015f\u00e7\u0131s\u0131n\u0131n sabiq m\u00fcavini Rasil\u0259 Arifq\u0131z\u0131n\u0131n 9-cu sinif \u015fagirdin\u0259 qar\u015f\u0131 fiziki zorak\u0131l\u0131q h\u0259r\u0259k\u0259ti etm\u0259si fakt\u0131na g\u00f6r\u0259 L\u0259nk\u0259ran Rayon Prokurorlu\u011funda cinay\u0259t i\u015fi ba\u015flan\u0131b. M\u0259kt\u0259blinin ail\u0259sinin m\u0259tbuata m\u00fcraci\u0259tind\u0259n sonra Arifq\u0131z\u0131 v\u0259zif\u0259sind\u0259n k\u0259narla\u015fd\u0131r\u0131l\u0131b. Lakin bir m\u00fcdd\u0259t onun ad\u0131 icra hakimiyy\u0259tinin r\u0259smi s\u0259hif\u0259sind\u0259n silinm\u0259yib.<\/p>\n\n\n\n<p>\u0130stintaq m\u00fc\u0259yy\u0259n edib ki, Rasil\u0259 Arifq\u0131z\u0131 2022-ci il iyulun 14-d\u0259 attestat verilm\u0259si b\u0259han\u0259si il\u0259 xidm\u0259ti s\u00fcr\u00fcc\u00fcs\u00fc vasit\u0259sil\u0259 \u015fagirdi ya\u015fad\u0131\u011f\u0131 ev\u0259 g\u0259tizdirib, v\u0259zif\u0259li \u015f\u0259xs kimi xidm\u0259ti s\u0259lahiyy\u0259tl\u0259rinin h\u00fcdudlar\u0131ndan a\u00e7\u0131q-a\u015fkar sur\u0259td\u0259 k\u0259nara \u00e7\u0131xaraq yetkinlik ya\u015f\u0131na \u00e7atmad\u0131\u011f\u0131n\u0131 n\u0259z\u0259r\u0259 almadan yeniyetm\u0259nin mobil telefonunu \u0259lind\u0259n al\u0131b, \u015f\u0259xsi m\u0259lumatlar\u0131n\u0131 yax\u0131n qohumlar\u0131n\u0131n mobil telefonlar\u0131na g\u00f6nd\u0259rm\u0259kl\u0259 sonuncunun h\u00fcquqlar\u0131na v\u0259 qanuni m\u0259nafel\u0259rin\u0259 m\u00fch\u00fcm z\u0259r\u0259r vurmas\u0131na, h\u0259m\u00e7inin ona sa\u011flaml\u0131\u011fa z\u0259r\u0259r vurmayan b\u0259d\u0259n x\u0259sar\u0259tl\u0259ri yetirm\u0259sin\u0259 \u0259sasl\u0131 \u015f\u00fcbh\u0259l\u0259r yarad\u0131b. Toplanm\u0131\u015f s\u00fcbutlar \u0259sas\u0131nda Rasil\u0259 Arifq\u0131z\u0131na Cinay\u0259t M\u0259c\u0259ll\u0259sinin 309.1-ci (v\u0259zif\u0259 s\u0259lahiyy\u0259tl\u0259rini a\u015fma) madd\u0259si il\u0259 ittiham verilib. <\/p>\n\n\n\n<p>L\u0259nk\u0259ran Rayon M\u0259hk\u0259m\u0259sinin 10 oktyabr 2022-ci il tarixli h\u00f6km\u00fc il\u0259 Rahil\u0259 Arifq\u0131z\u0131na 4 min manat c\u0259rim\u0259 c\u0259zas\u0131 t\u0259yin olunub. \u015eirvan Apelyasiya M\u0259hk\u0259m\u0259si v\u0259 Ali M\u0259hk\u0259m\u0259 q\u0259rar\u0131 d\u0259yi\u015fdirilm\u0259d\u0259n q\u00fcvv\u0259d\u0259 saxlay\u0131b.<\/p>\n\n\n\n<p>Bir qrup QHT hadis\u0259ni n\u0259zar\u0259td\u0259 saxlayaca\u011f\u0131n\u0131 a\u00e7\u0131qlay\u0131b.<\/p>\n","protected":false},"excerpt":{"rendered":"<p>U\u015faq evind\u0259n is\u0259 deyirl\u0259r ki, ke\u00e7mi\u015f m\u00fcavin kollektiv\u0259 t\u0259qdim olunub &#8230; <\/p>\n<p class=\"read-more-container\"><a title=\"\u0130cra hakimiyy\u0259ti Rasil\u0259 Arifq\u0131z\u0131n\u0131n u\u015faq evin\u0259 direktor qoyulmas\u0131 x\u0259b\u0259rini t\u0259kzib edir\" class=\"read-more button\" href=\"https:\/\/www.meydan.tv\/az\/article\/icra-hakimiyyeti-rasile-arifqizinin-usaq-evine-direktor-qoyulmasi-xeberini-tekzib-edir\/#more-285990\" aria-label=\"Read more about \u0130cra hakimiyy\u0259ti Rasil\u0259 Arifq\u0131z\u0131n\u0131n u\u015faq evin\u0259 direktor qoyulmas\u0131 x\u0259b\u0259rini t\u0259kzib edir\">Davam\u0131<\/a><\/p>\n","protected":false},"author":8,"featured_media":251184,"comment_status":"closed","ping_status":"closed","sticky":false,"template":"","format":"standard","meta":{"_acf_changed":false,"_sitemap_exclude":false,"_sitemap_priority":"","_sitemap_frequency":"","footnotes":""},"categories":[60,56],"tags":[],"class_list":["post-285990","post","type-post","status-publish","format-standard","has-post-thumbnail","hentry","category-bolge","category-xeberler","infinite-scroll-item","generate-columns","tablet-grid-50","mobile-grid-100","grid-parent","grid-33","no-featured-image-padding"],"acf":[],"yoast_head":"<!-- This site is optimized with the Yoast SEO plugin v27.4 - https:\/\/yoast.com\/product\/yoast-seo-wordpress\/ -->\n<title>\u0130cra hakimiyy\u0259ti Rasil\u0259 Arifq\u0131z\u0131n\u0131n u\u015faq evin\u0259 direktor qoyulmas\u0131 x\u0259b\u0259rini t\u0259kzib edir - MEYDAN.TV<\/title>\n<meta name=\"robots\" content=\"index, follow, max-snippet:-1, max-image-preview:large, max-video-preview:-1\" \/>\n<link rel=\"canonical\" href=\"https:\/\/www.meydan.tv\/az\/article\/icra-hakimiyyeti-rasile-arifqizinin-usaq-evine-direktor-qoyulmasi-xeberini-tekzib-edir\/\" \/>\n<meta property=\"og:locale\" content=\"az_AZ\" \/>\n<meta property=\"og:type\" content=\"article\" \/>\n<meta property=\"og:title\" content=\"\u0130cra hakimiyy\u0259ti Rasil\u0259 Arifq\u0131z\u0131n\u0131n u\u015faq evin\u0259 direktor qoyulmas\u0131 x\u0259b\u0259rini t\u0259kzib edir - MEYDAN.TV\" \/>\n<meta property=\"og:description\" content=\"U\u015faq evind\u0259n is\u0259 deyirl\u0259r ki, ke\u00e7mi\u015f m\u00fcavin kollektiv\u0259 t\u0259qdim olunub ... Davam\u0131\" \/>\n<meta property=\"og:url\" content=\"https:\/\/www.meydan.tv\/az\/article\/icra-hakimiyyeti-rasile-arifqizinin-usaq-evine-direktor-qoyulmasi-xeberini-tekzib-edir\/\" \/>\n<meta property=\"og:site_name\" content=\"MEYDAN.TV\" \/>\n<meta property=\"article:published_time\" content=\"2023-09-26T10:42:39+00:00\" \/>\n<meta property=\"article:modified_time\" content=\"2023-09-26T10:42:42+00:00\" \/>\n<meta property=\"og:image\" content=\"https:\/\/www.meydan.tv\/wp-content\/uploads\/427225_wswge60oe1-e1658203850358.jpg\" \/>\n\t<meta property=\"og:image:width\" content=\"1200\" \/>\n\t<meta property=\"og:image:height\" content=\"465\" \/>\n\t<meta property=\"og:image:type\" content=\"image\/jpeg\" \/>\n<meta name=\"author\" content=\"elli\" \/>\n<meta name=\"twitter:card\" content=\"summary_large_image\" \/>\n<meta name=\"twitter:creator\" content=\"@elli\" \/>\n<script type=\"application\/ld+json\" class=\"yoast-schema-graph\">{\"@context\":\"https:\\\/\\\/schema.org\",\"@graph\":[{\"@type\":\"Article\",\"@id\":\"https:\\\/\\\/www.meydan.tv\\\/az\\\/article\\\/icra-hakimiyyeti-rasile-arifqizinin-usaq-evine-direktor-qoyulmasi-xeberini-tekzib-edir\\\/#article\",\"isPartOf\":{\"@id\":\"https:\\\/\\\/www.meydan.tv\\\/az\\\/article\\\/icra-hakimiyyeti-rasile-arifqizinin-usaq-evine-direktor-qoyulmasi-xeberini-tekzib-edir\\\/\"},\"author\":{\"name\":\"elli\",\"@id\":\"https:\\\/\\\/www.meydan.tv\\\/az\\\/#\\\/schema\\\/person\\\/9cdbecf90d17180ce1dfbd95b08dcf47\"},\"headline\":\"\u0130cra hakimiyy\u0259ti Rasil\u0259 Arifq\u0131z\u0131n\u0131n u\u015faq evin\u0259 direktor qoyulmas\u0131 x\u0259b\u0259rini t\u0259kzib edir\",\"datePublished\":\"2023-09-26T10:42:39+00:00\",\"dateModified\":\"2023-09-26T10:42:42+00:00\",\"mainEntityOfPage\":{\"@id\":\"https:\\\/\\\/www.meydan.tv\\\/az\\\/article\\\/icra-hakimiyyeti-rasile-arifqizinin-usaq-evine-direktor-qoyulmasi-xeberini-tekzib-edir\\\/\"},\"wordCount\":861,\"publisher\":{\"@id\":\"https:\\\/\\\/www.meydan.tv\\\/az\\\/#organization\"},\"image\":{\"@id\":\"https:\\\/\\\/www.meydan.tv\\\/az\\\/article\\\/icra-hakimiyyeti-rasile-arifqizinin-usaq-evine-direktor-qoyulmasi-xeberini-tekzib-edir\\\/#primaryimage\"},\"thumbnailUrl\":\"https:\\\/\\\/www.meydan.tv\\\/wp-content\\\/uploads\\\/427225_wswge60oe1-e1658203850358.jpg\",\"articleSection\":[\"B\u00f6lg\u0259\",\"X\u0259b\u0259rl\u0259r\"],\"inLanguage\":\"az\"},{\"@type\":\"WebPage\",\"@id\":\"https:\\\/\\\/www.meydan.tv\\\/az\\\/article\\\/icra-hakimiyyeti-rasile-arifqizinin-usaq-evine-direktor-qoyulmasi-xeberini-tekzib-edir\\\/\",\"url\":\"https:\\\/\\\/www.meydan.tv\\\/az\\\/article\\\/icra-hakimiyyeti-rasile-arifqizinin-usaq-evine-direktor-qoyulmasi-xeberini-tekzib-edir\\\/\",\"name\":\"\u0130cra hakimiyy\u0259ti Rasil\u0259 Arifq\u0131z\u0131n\u0131n u\u015faq evin\u0259 direktor qoyulmas\u0131 x\u0259b\u0259rini t\u0259kzib edir - MEYDAN.TV\",\"isPartOf\":{\"@id\":\"https:\\\/\\\/www.meydan.tv\\\/az\\\/#website\"},\"primaryImageOfPage\":{\"@id\":\"https:\\\/\\\/www.meydan.tv\\\/az\\\/article\\\/icra-hakimiyyeti-rasile-arifqizinin-usaq-evine-direktor-qoyulmasi-xeberini-tekzib-edir\\\/#primaryimage\"},\"image\":{\"@id\":\"https:\\\/\\\/www.meydan.tv\\\/az\\\/article\\\/icra-hakimiyyeti-rasile-arifqizinin-usaq-evine-direktor-qoyulmasi-xeberini-tekzib-edir\\\/#primaryimage\"},\"thumbnailUrl\":\"https:\\\/\\\/www.meydan.tv\\\/wp-content\\\/uploads\\\/427225_wswge60oe1-e1658203850358.jpg\",\"datePublished\":\"2023-09-26T10:42:39+00:00\",\"dateModified\":\"2023-09-26T10:42:42+00:00\",\"breadcrumb\":{\"@id\":\"https:\\\/\\\/www.meydan.tv\\\/az\\\/article\\\/icra-hakimiyyeti-rasile-arifqizinin-usaq-evine-direktor-qoyulmasi-xeberini-tekzib-edir\\\/#breadcrumb\"},\"inLanguage\":\"az\",\"potentialAction\":[{\"@type\":\"ReadAction\",\"target\":[\"https:\\\/\\\/www.meydan.tv\\\/az\\\/article\\\/icra-hakimiyyeti-rasile-arifqizinin-usaq-evine-direktor-qoyulmasi-xeberini-tekzib-edir\\\/\"]}]},{\"@type\":\"ImageObject\",\"inLanguage\":\"az\",\"@id\":\"https:\\\/\\\/www.meydan.tv\\\/az\\\/article\\\/icra-hakimiyyeti-rasile-arifqizinin-usaq-evine-direktor-qoyulmasi-xeberini-tekzib-edir\\\/#primaryimage\",\"url\":\"https:\\\/\\\/www.meydan.tv\\\/wp-content\\\/uploads\\\/427225_wswge60oe1-e1658203850358.jpg\",\"contentUrl\":\"https:\\\/\\\/www.meydan.tv\\\/wp-content\\\/uploads\\\/427225_wswge60oe1-e1658203850358.jpg\",\"width\":1200,\"height\":465,\"caption\":\"Rasil\u0259 Arifq\u0131z\u0131. Foto: Sosial \u015f\u0259b\u0259k\u0259\"},{\"@type\":\"BreadcrumbList\",\"@id\":\"https:\\\/\\\/www.meydan.tv\\\/az\\\/article\\\/icra-hakimiyyeti-rasile-arifqizinin-usaq-evine-direktor-qoyulmasi-xeberini-tekzib-edir\\\/#breadcrumb\",\"itemListElement\":[{\"@type\":\"ListItem\",\"position\":1,\"name\":\"Ana s\u0259hif\u0259\",\"item\":\"https:\\\/\\\/www.meydan.tv\\\/az\\\/\"},{\"@type\":\"ListItem\",\"position\":2,\"name\":\"B\u00f6lg\u0259\",\"item\":\"https:\\\/\\\/www.meydan.tv\\\/az\\\/section\\\/bolge\\\/\"},{\"@type\":\"ListItem\",\"position\":3,\"name\":\"\u0130cra hakimiyy\u0259ti Rasil\u0259 Arifq\u0131z\u0131n\u0131n u\u015faq evin\u0259 direktor qoyulmas\u0131 x\u0259b\u0259rini t\u0259kzib edir\"}]},{\"@type\":\"WebSite\",\"@id\":\"https:\\\/\\\/www.meydan.tv\\\/az\\\/#website\",\"url\":\"https:\\\/\\\/www.meydan.tv\\\/az\\\/\",\"name\":\"MEYDAN.TV\",\"description\":\"Meydan TV Az\u0259rbaycan\u0131n media m\u0259kan\u0131ndak\u0131 alternativ s\u0259sidir\",\"publisher\":{\"@id\":\"https:\\\/\\\/www.meydan.tv\\\/az\\\/#organization\"},\"potentialAction\":[{\"@type\":\"SearchAction\",\"target\":{\"@type\":\"EntryPoint\",\"urlTemplate\":\"https:\\\/\\\/www.meydan.tv\\\/az\\\/?s={search_term_string}\"},\"query-input\":{\"@type\":\"PropertyValueSpecification\",\"valueRequired\":true,\"valueName\":\"search_term_string\"}}],\"inLanguage\":\"az\"},{\"@type\":\"Organization\",\"@id\":\"https:\\\/\\\/www.meydan.tv\\\/az\\\/#organization\",\"name\":\"Meydan TV\",\"url\":\"https:\\\/\\\/www.meydan.tv\\\/az\\\/\",\"logo\":{\"@type\":\"ImageObject\",\"inLanguage\":\"az\",\"@id\":\"https:\\\/\\\/www.meydan.tv\\\/az\\\/#\\\/schema\\\/logo\\\/image\\\/\",\"url\":\"https:\\\/\\\/www.meydan.tv\\\/wp-content\\\/uploads\\\/2021\\\/07\\\/meydan-logo.svg\",\"contentUrl\":\"https:\\\/\\\/www.meydan.tv\\\/wp-content\\\/uploads\\\/2021\\\/07\\\/meydan-logo.svg\",\"width\":195,\"height\":46,\"caption\":\"Meydan TV\"},\"image\":{\"@id\":\"https:\\\/\\\/www.meydan.tv\\\/az\\\/#\\\/schema\\\/logo\\\/image\\\/\"}},{\"@type\":\"Person\",\"@id\":\"https:\\\/\\\/www.meydan.tv\\\/az\\\/#\\\/schema\\\/person\\\/9cdbecf90d17180ce1dfbd95b08dcf47\",\"name\":\"elli\",\"sameAs\":[\"https:\\\/\\\/x.com\\\/elli\"]}]}<\/script>\n<!-- \/ Yoast SEO plugin. -->","yoast_head_json":{"title":"\u0130cra hakimiyy\u0259ti Rasil\u0259 Arifq\u0131z\u0131n\u0131n u\u015faq evin\u0259 direktor qoyulmas\u0131 x\u0259b\u0259rini t\u0259kzib edir - MEYDAN.TV","robots":{"index":"index","follow":"follow","max-snippet":"max-snippet:-1","max-image-preview":"max-image-preview:large","max-video-preview":"max-video-preview:-1"},"canonical":"https:\/\/www.meydan.tv\/az\/article\/icra-hakimiyyeti-rasile-arifqizinin-usaq-evine-direktor-qoyulmasi-xeberini-tekzib-edir\/","og_locale":"az_AZ","og_type":"article","og_title":"\u0130cra hakimiyy\u0259ti Rasil\u0259 Arifq\u0131z\u0131n\u0131n u\u015faq evin\u0259 direktor qoyulmas\u0131 x\u0259b\u0259rini t\u0259kzib edir - MEYDAN.TV","og_description":"U\u015faq evind\u0259n is\u0259 deyirl\u0259r ki, ke\u00e7mi\u015f m\u00fcavin kollektiv\u0259 t\u0259qdim olunub ... Davam\u0131","og_url":"https:\/\/www.meydan.tv\/az\/article\/icra-hakimiyyeti-rasile-arifqizinin-usaq-evine-direktor-qoyulmasi-xeberini-tekzib-edir\/","og_site_name":"MEYDAN.TV","article_published_time":"2023-09-26T10:42:39+00:00","article_modified_time":"2023-09-26T10:42:42+00:00","og_image":[{"width":1200,"height":465,"url":"https:\/\/www.meydan.tv\/wp-content\/uploads\/427225_wswge60oe1-e1658203850358.jpg","type":"image\/jpeg"}],"author":"elli","twitter_card":"summary_large_image","twitter_creator":"@elli","schema":{"@context":"https:\/\/schema.org","@graph":[{"@type":"Article","@id":"https:\/\/www.meydan.tv\/az\/article\/icra-hakimiyyeti-rasile-arifqizinin-usaq-evine-direktor-qoyulmasi-xeberini-tekzib-edir\/#article","isPartOf":{"@id":"https:\/\/www.meydan.tv\/az\/article\/icra-hakimiyyeti-rasile-arifqizinin-usaq-evine-direktor-qoyulmasi-xeberini-tekzib-edir\/"},"author":{"name":"elli","@id":"https:\/\/www.meydan.tv\/az\/#\/schema\/person\/9cdbecf90d17180ce1dfbd95b08dcf47"},"headline":"\u0130cra hakimiyy\u0259ti Rasil\u0259 Arifq\u0131z\u0131n\u0131n u\u015faq evin\u0259 direktor qoyulmas\u0131 x\u0259b\u0259rini t\u0259kzib edir","datePublished":"2023-09-26T10:42:39+00:00","dateModified":"2023-09-26T10:42:42+00:00","mainEntityOfPage":{"@id":"https:\/\/www.meydan.tv\/az\/article\/icra-hakimiyyeti-rasile-arifqizinin-usaq-evine-direktor-qoyulmasi-xeberini-tekzib-edir\/"},"wordCount":861,"publisher":{"@id":"https:\/\/www.meydan.tv\/az\/#organization"},"image":{"@id":"https:\/\/www.meydan.tv\/az\/article\/icra-hakimiyyeti-rasile-arifqizinin-usaq-evine-direktor-qoyulmasi-xeberini-tekzib-edir\/#primaryimage"},"thumbnailUrl":"https:\/\/www.meydan.tv\/wp-content\/uploads\/427225_wswge60oe1-e1658203850358.jpg","articleSection":["B\u00f6lg\u0259","X\u0259b\u0259rl\u0259r"],"inLanguage":"az"},{"@type":"WebPage","@id":"https:\/\/www.meydan.tv\/az\/article\/icra-hakimiyyeti-rasile-arifqizinin-usaq-evine-direktor-qoyulmasi-xeberini-tekzib-edir\/","url":"https:\/\/www.meydan.tv\/az\/article\/icra-hakimiyyeti-rasile-arifqizinin-usaq-evine-direktor-qoyulmasi-xeberini-tekzib-edir\/","name":"\u0130cra hakimiyy\u0259ti Rasil\u0259 Arifq\u0131z\u0131n\u0131n u\u015faq evin\u0259 direktor qoyulmas\u0131 x\u0259b\u0259rini t\u0259kzib edir - MEYDAN.TV","isPartOf":{"@id":"https:\/\/www.meydan.tv\/az\/#website"},"primaryImageOfPage":{"@id":"https:\/\/www.meydan.tv\/az\/article\/icra-hakimiyyeti-rasile-arifqizinin-usaq-evine-direktor-qoyulmasi-xeberini-tekzib-edir\/#primaryimage"},"image":{"@id":"https:\/\/www.meydan.tv\/az\/article\/icra-hakimiyyeti-rasile-arifqizinin-usaq-evine-direktor-qoyulmasi-xeberini-tekzib-edir\/#primaryimage"},"thumbnailUrl":"https:\/\/www.meydan.tv\/wp-content\/uploads\/427225_wswge60oe1-e1658203850358.jpg","datePublished":"2023-09-26T10:42:39+00:00","dateModified":"2023-09-26T10:42:42+00:00","breadcrumb":{"@id":"https:\/\/www.meydan.tv\/az\/article\/icra-hakimiyyeti-rasile-arifqizinin-usaq-evine-direktor-qoyulmasi-xeberini-tekzib-edir\/#breadcrumb"},"inLanguage":"az","potentialAction":[{"@type":"ReadAction","target":["https:\/\/www.meydan.tv\/az\/article\/icra-hakimiyyeti-rasile-arifqizinin-usaq-evine-direktor-qoyulmasi-xeberini-tekzib-edir\/"]}]},{"@type":"ImageObject","inLanguage":"az","@id":"https:\/\/www.meydan.tv\/az\/article\/icra-hakimiyyeti-rasile-arifqizinin-usaq-evine-direktor-qoyulmasi-xeberini-tekzib-edir\/#primaryimage","url":"https:\/\/www.meydan.tv\/wp-content\/uploads\/427225_wswge60oe1-e1658203850358.jpg","contentUrl":"https:\/\/www.meydan.tv\/wp-content\/uploads\/427225_wswge60oe1-e1658203850358.jpg","width":1200,"height":465,"caption":"Rasil\u0259 Arifq\u0131z\u0131. Foto: Sosial \u015f\u0259b\u0259k\u0259"},{"@type":"BreadcrumbList","@id":"https:\/\/www.meydan.tv\/az\/article\/icra-hakimiyyeti-rasile-arifqizinin-usaq-evine-direktor-qoyulmasi-xeberini-tekzib-edir\/#breadcrumb","itemListElement":[{"@type":"ListItem","position":1,"name":"Ana s\u0259hif\u0259","item":"https:\/\/www.meydan.tv\/az\/"},{"@type":"ListItem","position":2,"name":"B\u00f6lg\u0259","item":"https:\/\/www.meydan.tv\/az\/section\/bolge\/"},{"@type":"ListItem","position":3,"name":"\u0130cra hakimiyy\u0259ti Rasil\u0259 Arifq\u0131z\u0131n\u0131n u\u015faq evin\u0259 direktor qoyulmas\u0131 x\u0259b\u0259rini t\u0259kzib edir"}]},{"@type":"WebSite","@id":"https:\/\/www.meydan.tv\/az\/#website","url":"https:\/\/www.meydan.tv\/az\/","name":"MEYDAN.TV","description":"Meydan TV Az\u0259rbaycan\u0131n media m\u0259kan\u0131ndak\u0131 alternativ s\u0259sidir","publisher":{"@id":"https:\/\/www.meydan.tv\/az\/#organization"},"potentialAction":[{"@type":"SearchAction","target":{"@type":"EntryPoint","urlTemplate":"https:\/\/www.meydan.tv\/az\/?s={search_term_string}"},"query-input":{"@type":"PropertyValueSpecification","valueRequired":true,"valueName":"search_term_string"}}],"inLanguage":"az"},{"@type":"Organization","@id":"https:\/\/www.meydan.tv\/az\/#organization","name":"Meydan TV","url":"https:\/\/www.meydan.tv\/az\/","logo":{"@type":"ImageObject","inLanguage":"az","@id":"https:\/\/www.meydan.tv\/az\/#\/schema\/logo\/image\/","url":"https:\/\/www.meydan.tv\/wp-content\/uploads\/2021\/07\/meydan-logo.svg","contentUrl":"https:\/\/www.meydan.tv\/wp-content\/uploads\/2021\/07\/meydan-logo.svg","width":195,"height":46,"caption":"Meydan TV"},"image":{"@id":"https:\/\/www.meydan.tv\/az\/#\/schema\/logo\/image\/"}},{"@type":"Person","@id":"https:\/\/www.meydan.tv\/az\/#\/schema\/person\/9cdbecf90d17180ce1dfbd95b08dcf47","name":"elli","sameAs":["https:\/\/x.com\/elli"]}]}},"_links":{"self":[{"href":"https:\/\/www.meydan.tv\/az\/wp-json\/wp\/v2\/posts\/285990","targetHints":{"allow":["GET"]}}],"collection":[{"href":"https:\/\/www.meydan.tv\/az\/wp-json\/wp\/v2\/posts"}],"about":[{"href":"https:\/\/www.meydan.tv\/az\/wp-json\/wp\/v2\/types\/post"}],"author":[{"embeddable":true,"href":"https:\/\/www.meydan.tv\/az\/wp-json\/wp\/v2\/users\/8"}],"replies":[{"embeddable":true,"href":"https:\/\/www.meydan.tv\/az\/wp-json\/wp\/v2\/comments?post=285990"}],"version-history":[{"count":4,"href":"https:\/\/www.meydan.tv\/az\/wp-json\/wp\/v2\/posts\/285990\/revisions"}],"predecessor-version":[{"id":285996,"href":"https:\/\/www.meydan.tv\/az\/wp-json\/wp\/v2\/posts\/285990\/revisions\/285996"}],"wp:featuredmedia":[{"embeddable":true,"href":"https:\/\/www.meydan.tv\/az\/wp-json\/wp\/v2\/media\/251184"}],"wp:attachment":[{"href":"https:\/\/www.meydan.tv\/az\/wp-json\/wp\/v2\/media?parent=285990"}],"wp:term":[{"taxonomy":"category","embeddable":true,"href":"https:\/\/www.meydan.tv\/az\/wp-json\/wp\/v2\/categories?post=285990"},{"taxonomy":"post_tag","embeddable":true,"href":"https:\/\/www.meydan.tv\/az\/wp-json\/wp\/v2\/tags?post=285990"}],"curies":[{"name":"wp","href":"https:\/\/api.w.org\/{rel}","templated":true}]}}