{"id":285906,"date":"2023-09-25T19:08:30","date_gmt":"2023-09-25T15:08:30","guid":{"rendered":"https:\/\/www.meydan.tv\/?p=285906"},"modified":"2023-09-25T19:08:33","modified_gmt":"2023-09-25T15:08:33","slug":"xocali-gorusu-ermeniesilli-ictimai-feallar-bakiya-seferler-teskil-edile-bilerler","status":"publish","type":"post","link":"https:\/\/www.meydan.tv\/az\/article\/xocali-gorusu-ermeniesilli-ictimai-feallar-bakiya-seferler-teskil-edile-bilerler\/","title":{"rendered":"Xocal\u0131 g\u00f6r\u00fc\u015f\u00fc: \u201cErm\u0259ni\u0259silli ictimai f\u0259allar\u0131n Bak\u0131ya s\u0259f\u0259rl\u0259ri t\u0259\u015fkil edil\u0259 bil\u0259r\u201d"},"content":{"rendered":"\n<p><\/p>\n\n\n\n<p><strong><em>G\u00f6r\u00fc\u015fd\u0259 Rusiya s\u00fclhm\u0259raml\u0131lar\u0131n\u0131n n\u00fcmay\u0259nd\u0259si d\u0259 i\u015ftirak edib<\/em><\/strong><\/p>\n\n\n\n<p>&nbsp;Sentyabr\u0131n 25-d\u0259 Xocal\u0131da Qaraba\u011f\u0131n erm\u0259ni sakinl\u0259rinin t\u0259msil\u00e7il\u0259ri il\u0259 n\u00f6vb\u0259ti g\u00f6r\u00fc\u015f ba\u015fa \u00e7at\u0131b.<\/p>\n\n\n\n<p>Bu bar\u0259d\u0259 Az\u0259rbaycan Prezidentinin Administrasiyas\u0131 (PA) m\u0259lumat yay\u0131b.<\/p>\n\n\n\n<p>T\u0259maslar \u00fczr\u0259 m\u00fc\u0259yy\u0259n edilmi\u015f m\u0259sul \u015f\u0259xs Ramin M\u0259mm\u0259dovun bildirdiyin\u0259 g\u00f6r\u0259, erm\u0259ni\u0259silli v\u0259t\u0259nda\u015f c\u0259miyy\u0259ti t\u0259msil\u00e7il\u0259ri v\u0259 ictimai f\u0259allar\u0131n Bak\u0131ya s\u0259f\u0259rl\u0259ri t\u0259\u015fkil edil\u0259 bil\u0259r.<\/p>\n\n\n\n<p>Bu c\u00fcr t\u0259\u015f\u0259bb\u00fcsl\u0259rin v\u0259t\u0259nda\u015f c\u0259miyy\u0259ti dialoqu platformas\u0131n\u0131n yarad\u0131lmas\u0131, el\u0259c\u0259 d\u0259 etimad quruculu\u011fu t\u0259dbirl\u0259rinin h\u0259yata ke\u00e7irilm\u0259si bax\u0131m\u0131ndan \u0259h\u0259miyy\u0259tli oldu\u011fu qeyd edilib.<\/p>\n\n\n\n<p>R.M\u0259mm\u0259dov deyib ki, b\u0259zi ya\u015fay\u0131\u015f m\u0259nt\u0259q\u0259l\u0259rind\u0259 t\u0259nha v\u0259ziyy\u0259td\u0259 m\u00fc\u0259yy\u0259n edilmi\u015f erm\u0259ni \u0259silli ya\u015fl\u0131 sakinl\u0259r\u0259 ilkin tibbi yard\u0131m g\u00f6st\u0259rilib v\u0259 onlar h\u0259kim n\u0259zar\u0259ti alt\u0131nda saxlan\u0131l\u0131rlar:<\/p>\n\n\n\n<p><em>&#8220;Beyn\u0259lxalq Q\u0131rm\u0131z\u0131 Xa\u00e7 Komit\u0259sinin n\u00fcmay\u0259nd\u0259l\u0259rinin h\u0259min \u015f\u0259xsl\u0259rl\u0259 g\u00f6r\u00fc\u015f\u00fcn\u0259 \u015f\u0259rait yarad\u0131lmas\u0131, onlar\u0131n ail\u0259 \u00fczvl\u0259rin\u0259 v\u0259 ya m\u00fcvafiq tibb m\u00fc\u0259ssis\u0259l\u0259rin\u0259 t\u0259hvil verilm\u0259si t\u0259klif edilib&#8221;.<\/em><\/p>\n\n\n\n<p>H\u0259m\u00e7inin Prezident Administrasiyas\u0131n\u0131n (PA) m\u0259lumat\u0131nda Xank\u0259ndi \u015f\u0259h\u0259ri yax\u0131nl\u0131\u011f\u0131nda v\u0259 ya Xocal\u0131 istiqam\u0259tind\u0259 qurulmas\u0131 t\u0259klif olunan s\u0259hra hospital\u0131nda s\u0259hiyy\u0259 xidm\u0259tl\u0259rinin Az\u0259rbaycan v\u0259 erm\u0259ni \u0259silli tibb hey\u0259ti t\u0259r\u0259find\u0259n birg\u0259 t\u0259\u015fkil edilm\u0259si t\u0259klif olundu\u011fu bildirilib:<\/p>\n\n\n\n<p>&#8220;<em>Xroniki a\u011f\u0131r x\u0259st\u0259likl\u0259rd\u0259n \u0259ziyy\u0259t \u00e7\u0259k\u0259n v\u0259 ya x\u00fcsusi c\u0259rrahiyy\u0259 \u0259m\u0259liyyat\u0131na ehtiyac\u0131 olan \u015f\u0259xsl\u0259r\u0259 z\u0259ruri tibbi yard\u0131m\u0131n g\u00f6st\u0259rilm\u0259sin\u0259 haz\u0131rl\u0131q ifad\u0259 olunub. Bununla yana\u015f\u0131, g\u00f6r\u00fc\u015fd\u0259 Az\u0259rbaycan v\u0259 erm\u0259ni \u0259silli tibb i\u015f\u00e7il\u0259rind\u0259n ibar\u0259t s\u0259yyar birg\u0259 h\u0259kim briqadalar\u0131n\u0131n formala\u015fd\u0131r\u0131lmas\u0131, h\u0259min briqadalar t\u0259r\u0259find\u0259n ucqar k\u0259ndl\u0259rd\u0259 t\u0259nha v\u0259 tibbi xidm\u0259t\u0259 ehtiyac\u0131 olan \u015f\u0259xsl\u0259r\u0259 xidm\u0259t g\u00f6st\u0259rilm\u0259sinin vacibliyi vur\u011fulan\u0131b&#8221;.<\/em><\/p>\n\n\n\n<p>PA g\u00f6r\u00fclm\u00fc\u015f i\u015fl\u0259rin yekunlar\u0131n\u0131n m\u00fczakir\u0259si v\u0259 g\u0259l\u0259c\u0259k add\u0131mlar\u0131 m\u00fc\u0259yy\u0259nl\u0259\u015fdirm\u0259k m\u0259qs\u0259dil\u0259 tezlikl\u0259 n\u00f6vb\u0259ti g\u00f6r\u00fc\u015f\u00fcn ke\u00e7irilm\u0259si bar\u0259d\u0259 raz\u0131l\u0131q \u0259ld\u0259 edildiyini d\u0259 \u0259lav\u0259 edib.<\/p>\n\n\n\n<p>G\u00f6r\u00fc\u015fd\u0259 Rusiya s\u00fclhm\u0259raml\u0131lar\u0131n\u0131n n\u00fcmay\u0259nd\u0259si d\u0259 i\u015ftirak edib.<\/p>\n\n\n\n<p>Qaraba\u011f\u0131n erm\u0259ni sakinl\u0259rinin t\u0259msil\u00e7il\u0259ri il\u0259 ilk g\u00f6r\u00fc\u015f sentyabr\u0131n 21-d\u0259 Yevlax \u015f\u0259h\u0259rind\u0259 ba\u015f tutmu\u015fdu.<\/p>\n","protected":false},"excerpt":{"rendered":"<p>G\u00f6r\u00fc\u015fd\u0259 Rusiya s\u00fclhm\u0259raml\u0131lar\u0131n\u0131n n\u00fcmay\u0259nd\u0259si d\u0259 i\u015ftirak edib &nbsp;Sentyabr\u0131n 25-d\u0259 Xocal\u0131da &#8230; <\/p>\n<p class=\"read-more-container\"><a title=\"Xocal\u0131 g\u00f6r\u00fc\u015f\u00fc: \u201cErm\u0259ni\u0259silli ictimai f\u0259allar\u0131n Bak\u0131ya s\u0259f\u0259rl\u0259ri t\u0259\u015fkil edil\u0259 bil\u0259r\u201d\" class=\"read-more button\" href=\"https:\/\/www.meydan.tv\/az\/article\/xocali-gorusu-ermeniesilli-ictimai-feallar-bakiya-seferler-teskil-edile-bilerler\/#more-285906\" aria-label=\"Read more about Xocal\u0131 g\u00f6r\u00fc\u015f\u00fc: \u201cErm\u0259ni\u0259silli ictimai f\u0259allar\u0131n Bak\u0131ya s\u0259f\u0259rl\u0259ri t\u0259\u015fkil edil\u0259 bil\u0259r\u201d\">Davam\u0131<\/a><\/p>\n","protected":false},"author":8,"featured_media":285903,"comment_status":"closed","ping_status":"closed","sticky":false,"template":"","format":"standard","meta":{"_acf_changed":false,"_sitemap_exclude":false,"_sitemap_priority":"","_sitemap_frequency":"","footnotes":""},"categories":[59,56],"tags":[],"class_list":["post-285906","post","type-post","status-publish","format-standard","has-post-thumbnail","hentry","category-siyaset","category-xeberler","infinite-scroll-item","generate-columns","tablet-grid-50","mobile-grid-100","grid-parent","grid-33","no-featured-image-padding"],"acf":[],"yoast_head":"<!-- This site is optimized with the Yoast SEO plugin v27.4 - https:\/\/yoast.com\/product\/yoast-seo-wordpress\/ -->\n<title>Xocal\u0131 g\u00f6r\u00fc\u015f\u00fc: \u201cErm\u0259ni\u0259silli ictimai f\u0259allar\u0131n Bak\u0131ya s\u0259f\u0259rl\u0259ri t\u0259\u015fkil edil\u0259 bil\u0259r\u201d - MEYDAN.TV<\/title>\n<meta name=\"robots\" content=\"index, follow, max-snippet:-1, max-image-preview:large, max-video-preview:-1\" \/>\n<link rel=\"canonical\" href=\"https:\/\/www.meydan.tv\/az\/article\/xocali-gorusu-ermeniesilli-ictimai-feallar-bakiya-seferler-teskil-edile-bilerler\/\" \/>\n<meta property=\"og:locale\" content=\"az_AZ\" \/>\n<meta property=\"og:type\" content=\"article\" \/>\n<meta property=\"og:title\" content=\"Xocal\u0131 g\u00f6r\u00fc\u015f\u00fc: \u201cErm\u0259ni\u0259silli ictimai f\u0259allar\u0131n Bak\u0131ya s\u0259f\u0259rl\u0259ri t\u0259\u015fkil edil\u0259 bil\u0259r\u201d - MEYDAN.TV\" \/>\n<meta property=\"og:description\" content=\"G\u00f6r\u00fc\u015fd\u0259 Rusiya s\u00fclhm\u0259raml\u0131lar\u0131n\u0131n n\u00fcmay\u0259nd\u0259si d\u0259 i\u015ftirak edib &nbsp;Sentyabr\u0131n 25-d\u0259 Xocal\u0131da ... Davam\u0131\" \/>\n<meta property=\"og:url\" content=\"https:\/\/www.meydan.tv\/az\/article\/xocali-gorusu-ermeniesilli-ictimai-feallar-bakiya-seferler-teskil-edile-bilerler\/\" \/>\n<meta property=\"og:site_name\" content=\"MEYDAN.TV\" \/>\n<meta property=\"article:published_time\" content=\"2023-09-25T15:08:30+00:00\" \/>\n<meta property=\"article:modified_time\" content=\"2023-09-25T15:08:33+00:00\" \/>\n<meta property=\"og:image\" content=\"https:\/\/www.meydan.tv\/wp-content\/uploads\/1695639790145181150_1200x630.jpg\" \/>\n\t<meta property=\"og:image:width\" content=\"1200\" \/>\n\t<meta property=\"og:image:height\" content=\"819\" \/>\n\t<meta property=\"og:image:type\" content=\"image\/jpeg\" \/>\n<meta name=\"author\" content=\"elli\" \/>\n<meta name=\"twitter:card\" content=\"summary_large_image\" \/>\n<meta name=\"twitter:creator\" content=\"@elli\" \/>\n<script type=\"application\/ld+json\" class=\"yoast-schema-graph\">{\"@context\":\"https:\\\/\\\/schema.org\",\"@graph\":[{\"@type\":\"Article\",\"@id\":\"https:\\\/\\\/www.meydan.tv\\\/az\\\/article\\\/xocali-gorusu-ermeniesilli-ictimai-feallar-bakiya-seferler-teskil-edile-bilerler\\\/#article\",\"isPartOf\":{\"@id\":\"https:\\\/\\\/www.meydan.tv\\\/az\\\/article\\\/xocali-gorusu-ermeniesilli-ictimai-feallar-bakiya-seferler-teskil-edile-bilerler\\\/\"},\"author\":{\"name\":\"elli\",\"@id\":\"https:\\\/\\\/www.meydan.tv\\\/az\\\/#\\\/schema\\\/person\\\/9cdbecf90d17180ce1dfbd95b08dcf47\"},\"headline\":\"Xocal\u0131 g\u00f6r\u00fc\u015f\u00fc: \u201cErm\u0259ni\u0259silli ictimai f\u0259allar\u0131n Bak\u0131ya s\u0259f\u0259rl\u0259ri t\u0259\u015fkil edil\u0259 bil\u0259r\u201d\",\"datePublished\":\"2023-09-25T15:08:30+00:00\",\"dateModified\":\"2023-09-25T15:08:33+00:00\",\"mainEntityOfPage\":{\"@id\":\"https:\\\/\\\/www.meydan.tv\\\/az\\\/article\\\/xocali-gorusu-ermeniesilli-ictimai-feallar-bakiya-seferler-teskil-edile-bilerler\\\/\"},\"wordCount\":509,\"publisher\":{\"@id\":\"https:\\\/\\\/www.meydan.tv\\\/az\\\/#organization\"},\"image\":{\"@id\":\"https:\\\/\\\/www.meydan.tv\\\/az\\\/article\\\/xocali-gorusu-ermeniesilli-ictimai-feallar-bakiya-seferler-teskil-edile-bilerler\\\/#primaryimage\"},\"thumbnailUrl\":\"https:\\\/\\\/www.meydan.tv\\\/wp-content\\\/uploads\\\/1695639790145181150_1200x630.jpg\",\"articleSection\":[\"Siyas\u0259t\",\"X\u0259b\u0259rl\u0259r\"],\"inLanguage\":\"az\"},{\"@type\":\"WebPage\",\"@id\":\"https:\\\/\\\/www.meydan.tv\\\/az\\\/article\\\/xocali-gorusu-ermeniesilli-ictimai-feallar-bakiya-seferler-teskil-edile-bilerler\\\/\",\"url\":\"https:\\\/\\\/www.meydan.tv\\\/az\\\/article\\\/xocali-gorusu-ermeniesilli-ictimai-feallar-bakiya-seferler-teskil-edile-bilerler\\\/\",\"name\":\"Xocal\u0131 g\u00f6r\u00fc\u015f\u00fc: \u201cErm\u0259ni\u0259silli ictimai f\u0259allar\u0131n Bak\u0131ya s\u0259f\u0259rl\u0259ri t\u0259\u015fkil edil\u0259 bil\u0259r\u201d - MEYDAN.TV\",\"isPartOf\":{\"@id\":\"https:\\\/\\\/www.meydan.tv\\\/az\\\/#website\"},\"primaryImageOfPage\":{\"@id\":\"https:\\\/\\\/www.meydan.tv\\\/az\\\/article\\\/xocali-gorusu-ermeniesilli-ictimai-feallar-bakiya-seferler-teskil-edile-bilerler\\\/#primaryimage\"},\"image\":{\"@id\":\"https:\\\/\\\/www.meydan.tv\\\/az\\\/article\\\/xocali-gorusu-ermeniesilli-ictimai-feallar-bakiya-seferler-teskil-edile-bilerler\\\/#primaryimage\"},\"thumbnailUrl\":\"https:\\\/\\\/www.meydan.tv\\\/wp-content\\\/uploads\\\/1695639790145181150_1200x630.jpg\",\"datePublished\":\"2023-09-25T15:08:30+00:00\",\"dateModified\":\"2023-09-25T15:08:33+00:00\",\"breadcrumb\":{\"@id\":\"https:\\\/\\\/www.meydan.tv\\\/az\\\/article\\\/xocali-gorusu-ermeniesilli-ictimai-feallar-bakiya-seferler-teskil-edile-bilerler\\\/#breadcrumb\"},\"inLanguage\":\"az\",\"potentialAction\":[{\"@type\":\"ReadAction\",\"target\":[\"https:\\\/\\\/www.meydan.tv\\\/az\\\/article\\\/xocali-gorusu-ermeniesilli-ictimai-feallar-bakiya-seferler-teskil-edile-bilerler\\\/\"]}]},{\"@type\":\"ImageObject\",\"inLanguage\":\"az\",\"@id\":\"https:\\\/\\\/www.meydan.tv\\\/az\\\/article\\\/xocali-gorusu-ermeniesilli-ictimai-feallar-bakiya-seferler-teskil-edile-bilerler\\\/#primaryimage\",\"url\":\"https:\\\/\\\/www.meydan.tv\\\/wp-content\\\/uploads\\\/1695639790145181150_1200x630.jpg\",\"contentUrl\":\"https:\\\/\\\/www.meydan.tv\\\/wp-content\\\/uploads\\\/1695639790145181150_1200x630.jpg\",\"width\":1200,\"height\":819,\"caption\":\"Foto: \\\"Az\u0259rtac\\\"\"},{\"@type\":\"BreadcrumbList\",\"@id\":\"https:\\\/\\\/www.meydan.tv\\\/az\\\/article\\\/xocali-gorusu-ermeniesilli-ictimai-feallar-bakiya-seferler-teskil-edile-bilerler\\\/#breadcrumb\",\"itemListElement\":[{\"@type\":\"ListItem\",\"position\":1,\"name\":\"Ana s\u0259hif\u0259\",\"item\":\"https:\\\/\\\/www.meydan.tv\\\/az\\\/\"},{\"@type\":\"ListItem\",\"position\":2,\"name\":\"Siyas\u0259t\",\"item\":\"https:\\\/\\\/www.meydan.tv\\\/az\\\/section\\\/siyaset\\\/\"},{\"@type\":\"ListItem\",\"position\":3,\"name\":\"Xocal\u0131 g\u00f6r\u00fc\u015f\u00fc: \u201cErm\u0259ni\u0259silli ictimai f\u0259allar\u0131n Bak\u0131ya s\u0259f\u0259rl\u0259ri t\u0259\u015fkil edil\u0259 bil\u0259r\u201d\"}]},{\"@type\":\"WebSite\",\"@id\":\"https:\\\/\\\/www.meydan.tv\\\/az\\\/#website\",\"url\":\"https:\\\/\\\/www.meydan.tv\\\/az\\\/\",\"name\":\"MEYDAN.TV\",\"description\":\"Meydan TV Az\u0259rbaycan\u0131n media m\u0259kan\u0131ndak\u0131 alternativ s\u0259sidir\",\"publisher\":{\"@id\":\"https:\\\/\\\/www.meydan.tv\\\/az\\\/#organization\"},\"potentialAction\":[{\"@type\":\"SearchAction\",\"target\":{\"@type\":\"EntryPoint\",\"urlTemplate\":\"https:\\\/\\\/www.meydan.tv\\\/az\\\/?s={search_term_string}\"},\"query-input\":{\"@type\":\"PropertyValueSpecification\",\"valueRequired\":true,\"valueName\":\"search_term_string\"}}],\"inLanguage\":\"az\"},{\"@type\":\"Organization\",\"@id\":\"https:\\\/\\\/www.meydan.tv\\\/az\\\/#organization\",\"name\":\"Meydan TV\",\"url\":\"https:\\\/\\\/www.meydan.tv\\\/az\\\/\",\"logo\":{\"@type\":\"ImageObject\",\"inLanguage\":\"az\",\"@id\":\"https:\\\/\\\/www.meydan.tv\\\/az\\\/#\\\/schema\\\/logo\\\/image\\\/\",\"url\":\"https:\\\/\\\/www.meydan.tv\\\/wp-content\\\/uploads\\\/2021\\\/07\\\/meydan-logo.svg\",\"contentUrl\":\"https:\\\/\\\/www.meydan.tv\\\/wp-content\\\/uploads\\\/2021\\\/07\\\/meydan-logo.svg\",\"width\":195,\"height\":46,\"caption\":\"Meydan TV\"},\"image\":{\"@id\":\"https:\\\/\\\/www.meydan.tv\\\/az\\\/#\\\/schema\\\/logo\\\/image\\\/\"}},{\"@type\":\"Person\",\"@id\":\"https:\\\/\\\/www.meydan.tv\\\/az\\\/#\\\/schema\\\/person\\\/9cdbecf90d17180ce1dfbd95b08dcf47\",\"name\":\"elli\",\"sameAs\":[\"https:\\\/\\\/x.com\\\/elli\"]}]}<\/script>\n<!-- \/ Yoast SEO plugin. -->","yoast_head_json":{"title":"Xocal\u0131 g\u00f6r\u00fc\u015f\u00fc: \u201cErm\u0259ni\u0259silli ictimai f\u0259allar\u0131n Bak\u0131ya s\u0259f\u0259rl\u0259ri t\u0259\u015fkil edil\u0259 bil\u0259r\u201d - MEYDAN.TV","robots":{"index":"index","follow":"follow","max-snippet":"max-snippet:-1","max-image-preview":"max-image-preview:large","max-video-preview":"max-video-preview:-1"},"canonical":"https:\/\/www.meydan.tv\/az\/article\/xocali-gorusu-ermeniesilli-ictimai-feallar-bakiya-seferler-teskil-edile-bilerler\/","og_locale":"az_AZ","og_type":"article","og_title":"Xocal\u0131 g\u00f6r\u00fc\u015f\u00fc: \u201cErm\u0259ni\u0259silli ictimai f\u0259allar\u0131n Bak\u0131ya s\u0259f\u0259rl\u0259ri t\u0259\u015fkil edil\u0259 bil\u0259r\u201d - MEYDAN.TV","og_description":"G\u00f6r\u00fc\u015fd\u0259 Rusiya s\u00fclhm\u0259raml\u0131lar\u0131n\u0131n n\u00fcmay\u0259nd\u0259si d\u0259 i\u015ftirak edib &nbsp;Sentyabr\u0131n 25-d\u0259 Xocal\u0131da ... Davam\u0131","og_url":"https:\/\/www.meydan.tv\/az\/article\/xocali-gorusu-ermeniesilli-ictimai-feallar-bakiya-seferler-teskil-edile-bilerler\/","og_site_name":"MEYDAN.TV","article_published_time":"2023-09-25T15:08:30+00:00","article_modified_time":"2023-09-25T15:08:33+00:00","og_image":[{"width":1200,"height":819,"url":"https:\/\/www.meydan.tv\/wp-content\/uploads\/1695639790145181150_1200x630.jpg","type":"image\/jpeg"}],"author":"elli","twitter_card":"summary_large_image","twitter_creator":"@elli","schema":{"@context":"https:\/\/schema.org","@graph":[{"@type":"Article","@id":"https:\/\/www.meydan.tv\/az\/article\/xocali-gorusu-ermeniesilli-ictimai-feallar-bakiya-seferler-teskil-edile-bilerler\/#article","isPartOf":{"@id":"https:\/\/www.meydan.tv\/az\/article\/xocali-gorusu-ermeniesilli-ictimai-feallar-bakiya-seferler-teskil-edile-bilerler\/"},"author":{"name":"elli","@id":"https:\/\/www.meydan.tv\/az\/#\/schema\/person\/9cdbecf90d17180ce1dfbd95b08dcf47"},"headline":"Xocal\u0131 g\u00f6r\u00fc\u015f\u00fc: \u201cErm\u0259ni\u0259silli ictimai f\u0259allar\u0131n Bak\u0131ya s\u0259f\u0259rl\u0259ri t\u0259\u015fkil edil\u0259 bil\u0259r\u201d","datePublished":"2023-09-25T15:08:30+00:00","dateModified":"2023-09-25T15:08:33+00:00","mainEntityOfPage":{"@id":"https:\/\/www.meydan.tv\/az\/article\/xocali-gorusu-ermeniesilli-ictimai-feallar-bakiya-seferler-teskil-edile-bilerler\/"},"wordCount":509,"publisher":{"@id":"https:\/\/www.meydan.tv\/az\/#organization"},"image":{"@id":"https:\/\/www.meydan.tv\/az\/article\/xocali-gorusu-ermeniesilli-ictimai-feallar-bakiya-seferler-teskil-edile-bilerler\/#primaryimage"},"thumbnailUrl":"https:\/\/www.meydan.tv\/wp-content\/uploads\/1695639790145181150_1200x630.jpg","articleSection":["Siyas\u0259t","X\u0259b\u0259rl\u0259r"],"inLanguage":"az"},{"@type":"WebPage","@id":"https:\/\/www.meydan.tv\/az\/article\/xocali-gorusu-ermeniesilli-ictimai-feallar-bakiya-seferler-teskil-edile-bilerler\/","url":"https:\/\/www.meydan.tv\/az\/article\/xocali-gorusu-ermeniesilli-ictimai-feallar-bakiya-seferler-teskil-edile-bilerler\/","name":"Xocal\u0131 g\u00f6r\u00fc\u015f\u00fc: \u201cErm\u0259ni\u0259silli ictimai f\u0259allar\u0131n Bak\u0131ya s\u0259f\u0259rl\u0259ri t\u0259\u015fkil edil\u0259 bil\u0259r\u201d - MEYDAN.TV","isPartOf":{"@id":"https:\/\/www.meydan.tv\/az\/#website"},"primaryImageOfPage":{"@id":"https:\/\/www.meydan.tv\/az\/article\/xocali-gorusu-ermeniesilli-ictimai-feallar-bakiya-seferler-teskil-edile-bilerler\/#primaryimage"},"image":{"@id":"https:\/\/www.meydan.tv\/az\/article\/xocali-gorusu-ermeniesilli-ictimai-feallar-bakiya-seferler-teskil-edile-bilerler\/#primaryimage"},"thumbnailUrl":"https:\/\/www.meydan.tv\/wp-content\/uploads\/1695639790145181150_1200x630.jpg","datePublished":"2023-09-25T15:08:30+00:00","dateModified":"2023-09-25T15:08:33+00:00","breadcrumb":{"@id":"https:\/\/www.meydan.tv\/az\/article\/xocali-gorusu-ermeniesilli-ictimai-feallar-bakiya-seferler-teskil-edile-bilerler\/#breadcrumb"},"inLanguage":"az","potentialAction":[{"@type":"ReadAction","target":["https:\/\/www.meydan.tv\/az\/article\/xocali-gorusu-ermeniesilli-ictimai-feallar-bakiya-seferler-teskil-edile-bilerler\/"]}]},{"@type":"ImageObject","inLanguage":"az","@id":"https:\/\/www.meydan.tv\/az\/article\/xocali-gorusu-ermeniesilli-ictimai-feallar-bakiya-seferler-teskil-edile-bilerler\/#primaryimage","url":"https:\/\/www.meydan.tv\/wp-content\/uploads\/1695639790145181150_1200x630.jpg","contentUrl":"https:\/\/www.meydan.tv\/wp-content\/uploads\/1695639790145181150_1200x630.jpg","width":1200,"height":819,"caption":"Foto: \"Az\u0259rtac\""},{"@type":"BreadcrumbList","@id":"https:\/\/www.meydan.tv\/az\/article\/xocali-gorusu-ermeniesilli-ictimai-feallar-bakiya-seferler-teskil-edile-bilerler\/#breadcrumb","itemListElement":[{"@type":"ListItem","position":1,"name":"Ana s\u0259hif\u0259","item":"https:\/\/www.meydan.tv\/az\/"},{"@type":"ListItem","position":2,"name":"Siyas\u0259t","item":"https:\/\/www.meydan.tv\/az\/section\/siyaset\/"},{"@type":"ListItem","position":3,"name":"Xocal\u0131 g\u00f6r\u00fc\u015f\u00fc: \u201cErm\u0259ni\u0259silli ictimai f\u0259allar\u0131n Bak\u0131ya s\u0259f\u0259rl\u0259ri t\u0259\u015fkil edil\u0259 bil\u0259r\u201d"}]},{"@type":"WebSite","@id":"https:\/\/www.meydan.tv\/az\/#website","url":"https:\/\/www.meydan.tv\/az\/","name":"MEYDAN.TV","description":"Meydan TV Az\u0259rbaycan\u0131n media m\u0259kan\u0131ndak\u0131 alternativ s\u0259sidir","publisher":{"@id":"https:\/\/www.meydan.tv\/az\/#organization"},"potentialAction":[{"@type":"SearchAction","target":{"@type":"EntryPoint","urlTemplate":"https:\/\/www.meydan.tv\/az\/?s={search_term_string}"},"query-input":{"@type":"PropertyValueSpecification","valueRequired":true,"valueName":"search_term_string"}}],"inLanguage":"az"},{"@type":"Organization","@id":"https:\/\/www.meydan.tv\/az\/#organization","name":"Meydan TV","url":"https:\/\/www.meydan.tv\/az\/","logo":{"@type":"ImageObject","inLanguage":"az","@id":"https:\/\/www.meydan.tv\/az\/#\/schema\/logo\/image\/","url":"https:\/\/www.meydan.tv\/wp-content\/uploads\/2021\/07\/meydan-logo.svg","contentUrl":"https:\/\/www.meydan.tv\/wp-content\/uploads\/2021\/07\/meydan-logo.svg","width":195,"height":46,"caption":"Meydan TV"},"image":{"@id":"https:\/\/www.meydan.tv\/az\/#\/schema\/logo\/image\/"}},{"@type":"Person","@id":"https:\/\/www.meydan.tv\/az\/#\/schema\/person\/9cdbecf90d17180ce1dfbd95b08dcf47","name":"elli","sameAs":["https:\/\/x.com\/elli"]}]}},"_links":{"self":[{"href":"https:\/\/www.meydan.tv\/az\/wp-json\/wp\/v2\/posts\/285906","targetHints":{"allow":["GET"]}}],"collection":[{"href":"https:\/\/www.meydan.tv\/az\/wp-json\/wp\/v2\/posts"}],"about":[{"href":"https:\/\/www.meydan.tv\/az\/wp-json\/wp\/v2\/types\/post"}],"author":[{"embeddable":true,"href":"https:\/\/www.meydan.tv\/az\/wp-json\/wp\/v2\/users\/8"}],"replies":[{"embeddable":true,"href":"https:\/\/www.meydan.tv\/az\/wp-json\/wp\/v2\/comments?post=285906"}],"version-history":[{"count":3,"href":"https:\/\/www.meydan.tv\/az\/wp-json\/wp\/v2\/posts\/285906\/revisions"}],"predecessor-version":[{"id":285910,"href":"https:\/\/www.meydan.tv\/az\/wp-json\/wp\/v2\/posts\/285906\/revisions\/285910"}],"wp:featuredmedia":[{"embeddable":true,"href":"https:\/\/www.meydan.tv\/az\/wp-json\/wp\/v2\/media\/285903"}],"wp:attachment":[{"href":"https:\/\/www.meydan.tv\/az\/wp-json\/wp\/v2\/media?parent=285906"}],"wp:term":[{"taxonomy":"category","embeddable":true,"href":"https:\/\/www.meydan.tv\/az\/wp-json\/wp\/v2\/categories?post=285906"},{"taxonomy":"post_tag","embeddable":true,"href":"https:\/\/www.meydan.tv\/az\/wp-json\/wp\/v2\/tags?post=285906"}],"curies":[{"name":"wp","href":"https:\/\/api.w.org\/{rel}","templated":true}]}}