{"id":285872,"date":"2023-09-25T17:55:44","date_gmt":"2023-09-25T13:55:44","guid":{"rendered":"https:\/\/www.meydan.tv\/?p=285872"},"modified":"2023-09-25T17:55:49","modified_gmt":"2023-09-25T13:55:49","slug":"mehkeme-daha-bir-medianin-reyestrle-bagli-sikayetini-redd-etdi","status":"publish","type":"post","link":"https:\/\/www.meydan.tv\/az\/article\/mehkeme-daha-bir-medianin-reyestrle-bagli-sikayetini-redd-etdi\/","title":{"rendered":"M\u0259hk\u0259m\u0259 daha bir median\u0131n reyestrl\u0259 ba\u011fl\u0131 \u015fikay\u0259tini r\u0259dd etdi"},"content":{"rendered":"\n<p><\/p>\n\n\n\n<p><strong><em>M\u0259hk\u0259m\u0259 qanunun Konstitusiya v\u0259 Konvensiyalara uy\u011fun olub-olmad\u0131\u011f\u0131na baxmay\u0131b<\/em><\/strong><\/p>\n\n\n\n<p>M\u0259hk\u0259m\u0259 Media Reyestrin\u0259 qeydiyyata al\u0131nmayan medialardan&nbsp; daha birinin \u2013 \u201cG\u00fcnd\u0259m X\u0259b\u0259r\u201d q\u0259zetinin \u015fikay\u0259tini r\u0259dd edib.<\/p>\n\n\n\n<p>Media h\u00fcququ \u00fczr\u0259 ekspert Xalid A\u011f\u0259liyev bildirib ki, q\u0259zet v\u0259 onun onlayn media resursu reyestr\u0259 d\u00fc\u015fm\u0259k \u00fc\u00e7\u00fcn m\u00fcraci\u0259t ets\u0259 d\u0259, t\u0259nziml\u0259yici orqan h\u0259min median\u0131n f\u0259aliyy\u0259tinin davaml\u0131 olmamas\u0131n\u0131 (g\u00fcnd\u0259lik az\u0131 20 k\u00fctl\u0259vi informasiya yaymaq) \u0259sas g\u00f6st\u0259r\u0259r\u0259k imtina q\u0259rar\u0131 q\u0259bul edib.<\/p>\n\n\n\n<p>H\u0259min q\u0259rar\u0131n qanuniliyi Bak\u0131 \u0130nzibati M\u0259hk\u0259m\u0259sind\u0259 m\u00fcbahis\u0259l\u0259ndirilib.<\/p>\n\n\n\n<p>M\u0259hk\u0259m\u0259 yeni media qanununa istinad ed\u0259r\u0259k \u015fikay\u0259ti t\u0259min etm\u0259yib.<\/p>\n\n\n\n<p>Deyib ki, qanun 20 x\u0259b\u0259r \u015f\u0259rti n\u0259z\u0259rd\u0259 tutubsa, \u0259m\u0259l edilm\u0259yibs\u0259, dem\u0259li, reyestr\u0259 qeydiyyatdan imtina q\u0259rar\u0131 da qanuni olub.<\/p>\n\n\n\n<p>H\u00fcquq\u00e7u bildirir ki, \u0259slind\u0259 \u00e7ox a\u011f\u0131r v\u0259 anla\u015f\u0131lmaz t\u0259l\u0259b olsa da, medialar\u0131n 20 x\u0259b\u0259r problemi yoxdur, \u0259ks\u0259r medialar qanunda n\u0259z\u0259rd\u0259 tutulan bu \u015f\u0259rt\u0259 \u0259m\u0259l edir, g\u00f6st\u0259ril\u0259n sayda x\u0259b\u0259r yay\u0131mlay\u0131r.<\/p>\n\n\n\n<p>Problem ondad\u0131r ki, qanunun h\u0259min x\u0259b\u0259rl\u0259rin m\u0259zmunu il\u0259 ba\u011fl\u0131 ba\u015fqa \u015f\u0259rtl\u0259ri d\u0259 var:<\/p>\n\n\n\n<p>\u201c<em>G\u00f6st\u0259ril\u0259n sayda x\u0259b\u0259r median\u0131n \u00f6z\u00fcn\u00fcn olmal\u0131, yaxud \u00f6z\u00fcn\u00fcn deyils\u0259, ba\u015fqa median\u0131n informasiyas\u0131n\u0131 abun\u0259lik v\u0259 ya m\u00fcqavil\u0259 \u0259sas\u0131nda yaymal\u0131d\u0131r. Abun\u0259lik v\u0259 ya m\u00fcqavil\u0259 olmad\u0131qda ba\u015fqas\u0131n\u0131n informasiyas\u0131n\u0131n yaln\u0131z \u00fc\u00e7d\u0259 birind\u0259n \u00e7ox olmayan hiss\u0259sini yaya bil\u0259r\u201d.<\/em><\/p>\n\n\n\n<p>Xalid A\u011f\u0259liyev deyir ki, \u201cG\u00fcnd\u0259m X\u0259b\u0259r\u201din i\u015find\u0259 d\u0259 v\u0259ziyy\u0259t ox\u015far olub.<\/p>\n\n\n\n<p>20 x\u0259b\u0259r t\u0259l\u0259bi \u00f6d\u0259nilib, lakin m\u0259hk\u0259m\u0259 bununla ba\u011fl\u0131 arqumentl\u0259ri n\u0259z\u0259r\u0259 almay\u0131b:<\/p>\n\n\n\n<p>\u201c<em>M\u0259s\u0259l\u0259n, \u201cG\u00fcnd\u0259m X\u0259b\u0259r\u201dd\u0259 jurnalist Heyd\u0259r O\u011fuzun Nax\u00e7\u0131vanla ba\u011fl\u0131 \u00e7oxsayl\u0131 yaz\u0131lar\u0131 m\u00fc\u0259llif yaz\u0131s\u0131 kimi yay\u0131l\u0131b. M\u0259hk\u0259m\u0259 hesab edib ki, bel\u0259 yaz\u0131lar\u0131n ya 3-d\u0259 biri yay\u0131lmal\u0131d\u0131r, ya da m\u00fc\u0259llifl\u0259 m\u00fcqavil\u0259 ba\u011flanmal\u0131d\u0131r ki, qanunun t\u0259l\u0259bl\u0259ri tam \u00f6d\u0259nilmi\u015f say\u0131ls\u0131n. Bundan ba\u015fqa, m\u0259hk\u0259m\u0259 s\u00f6z\u00fcged\u0259n qanuni \u015f\u0259rtl\u0259rin Konstitusiyaya, Az\u0259rbaycan\u0131n t\u0259r\u0259fdar \u00e7\u0131xd\u0131\u011f\u0131 Konvensiyalara uy\u011fun olub-olmamas\u0131 il\u0259 ba\u011fl\u0131 \u015fikay\u0259td\u0259 qald\u0131r\u0131lan m\u00fcbahis\u0259l\u0259rin he\u00e7 birin\u0259 m\u00fcnasib\u0259t bildirm\u0259yib\u201d.<\/em><\/p>\n\n\n<div class=\"wp-block-image\">\n<figure class=\"aligncenter size-full\"><img decoding=\"async\" width=\"1200\" height=\"675\" data-src=\"https:\/\/www.meydan.tv\/wp-content\/uploads\/312214859_589167189565536_4376334466220600402_n.png\" alt=\"\" class=\"wp-image-259021 lazyload\" src=\"data:image\/svg+xml;base64,PHN2ZyB3aWR0aD0iMSIgaGVpZ2h0PSIxIiB4bWxucz0iaHR0cDovL3d3dy53My5vcmcvMjAwMC9zdmciPjwvc3ZnPg==\" style=\"--smush-placeholder-width: 1200px; --smush-placeholder-aspect-ratio: 1200\/675;\" \/><figcaption class=\"wp-element-caption\">Xalid A\u011faliyev. Foto: Meydan TV<\/figcaption><\/figure>\n<\/div>\n\n\n<p>H\u00fcquq\u015f\u00fcnas bildirib ki, burada t\u0259k \u00fcmid yuxar\u0131 instansiyalar\u0131n bel\u0259 i\u015fl\u0259r\u0259 daha \u0259dal\u0259tli v\u0259 \u0259hat\u0259li baxmas\u0131d\u0131r.<\/p>\n\n\n\n<p>Daha \u00f6nc\u0259 \u201cdogruxeber.az\u201d sayt\u0131n\u0131n da ox\u015far m\u0259zmunlu \u015fikay\u0259ti eyni m\u0259hk\u0259m\u0259 t\u0259r\u0259find\u0259n r\u0259dd edilib.<\/p>\n\n\n\n<p>Ondan \u00f6nc\u0259, ilin \u0259vv\u0259lind\u0259 is\u0259 Median\u0131n \u0130nki\u015faf\u0131 Agentliyi \u201c<a target=\"_blank\" href=\"http:\/\/24saat.org\/\" rel=\"noreferrer noopener\">24saat.org<\/a>\u201d MMC-ni media reyestrin\u0259 daxil etm\u0259kd\u0259n imtina edib.<\/p>\n\n\n\n<p>\u0130mtina m\u0259ktubunda buna \u0259sas olaraq, g\u00f6st\u0259rib ki, sayt\u0131n f\u0259aliyy\u0259ti davaml\u0131 deyil.<\/p>\n\n\n\n<p>Agentlik h\u0259r saytdan onlayn media resursuna h\u0259r g\u00fcn az\u0131 20 \u00f6z\u0259l x\u0259b\u0259r yerl\u0259\u015fdirm\u0259yi t\u0259l\u0259b edir.<\/p>\n\n\n\n<p>\u0130ddia olunur ki, &#8220;24saat.org\u201d sayt\u0131 bu t\u0259l\u0259b\u0259 cavab vermir.<\/p>\n\n\n\n<p>2021-ci ilin sonunda Az\u0259rbaycanda \u201cMedia haqq\u0131nda\u201d Qanun parlamentd\u0259 m\u00fczakir\u0259y\u0259 \u00e7\u0131xar\u0131l\u0131b v\u0259 q\u0259bul edilib.<\/p>\n\n\n\n<p>2022-ci ilin fevral\u0131nda \u00f6lk\u0259 ba\u015f\u00e7\u0131s\u0131n\u0131n t\u0259sdiql\u0259m\u0259sil\u0259 qanun q\u00fcvv\u0259y\u0259 minib.<\/p>\n\n\n\n<p>Yeni qanun h\u0259m\u00e7inin media v\u0259 jurnalistl\u0259rin vahid reyestrinin yarad\u0131lmas\u0131n\u0131 n\u0259z\u0259rd\u0259 tutur.<\/p>\n\n\n\n<p>Reyestrin apar\u0131lmas\u0131 qaydalar\u0131 \u00f6lk\u0259 ba\u015f\u00e7\u0131s\u0131n\u0131n 26 sentyabr 2022-ci il\u0259 tarixli F\u0259rman\u0131 il\u0259 t\u0259sdiq edilib.<\/p>\n\n\n\n<p>\u00d6lk\u0259nin m\u00fcst\u0259qil jurnalistl\u0259ri v\u0259 media sah\u0259sinin m\u00fct\u0259x\u0259ssisl\u0259ri d\u00fc\u015f\u00fcn\u00fcr ki, \u201cMedia haqq\u0131nda\u201d Qanunun q\u0259bulu, Media Reyestrinin yarad\u0131lmas\u0131 il\u0259 ba\u011fl\u0131 m\u00fcdd\u0259alar\u0131n t\u0259tbiqi ifad\u0259, media azadl\u0131\u011f\u0131na ziddir.<\/p>\n\n\n\n<p>Beyn\u0259lxalq t\u0259\u015fkilatlar v\u0259 o c\u00fcml\u0259d\u0259n, Venesiya Komissiyas\u0131 da qanunla ba\u011fl\u0131 m\u0259nfi r\u0259y verib, bunu ifad\u0259 azadl\u0131\u011f\u0131na m\u00fcdaxil\u0259 say\u0131b.<\/p>\n","protected":false},"excerpt":{"rendered":"<p>M\u0259hk\u0259m\u0259 qanunun Konstitusiya v\u0259 Konvensiyalara uy\u011fun olub-olmad\u0131\u011f\u0131na baxmay\u0131b M\u0259hk\u0259m\u0259 Media &#8230; <\/p>\n<p class=\"read-more-container\"><a title=\"M\u0259hk\u0259m\u0259 daha bir median\u0131n reyestrl\u0259 ba\u011fl\u0131 \u015fikay\u0259tini r\u0259dd etdi\" class=\"read-more button\" href=\"https:\/\/www.meydan.tv\/az\/article\/mehkeme-daha-bir-medianin-reyestrle-bagli-sikayetini-redd-etdi\/#more-285872\" aria-label=\"Read more about M\u0259hk\u0259m\u0259 daha bir median\u0131n reyestrl\u0259 ba\u011fl\u0131 \u015fikay\u0259tini r\u0259dd etdi\">Davam\u0131<\/a><\/p>\n","protected":false},"author":8,"featured_media":285874,"comment_status":"closed","ping_status":"closed","sticky":false,"template":"","format":"standard","meta":{"_acf_changed":false,"_sitemap_exclude":false,"_sitemap_priority":"","_sitemap_frequency":"","footnotes":""},"categories":[59,56],"tags":[],"class_list":["post-285872","post","type-post","status-publish","format-standard","has-post-thumbnail","hentry","category-siyaset","category-xeberler","infinite-scroll-item","generate-columns","tablet-grid-50","mobile-grid-100","grid-parent","grid-33","no-featured-image-padding"],"acf":[],"yoast_head":"<!-- This site is optimized with the Yoast SEO plugin v27.4 - https:\/\/yoast.com\/product\/yoast-seo-wordpress\/ -->\n<title>M\u0259hk\u0259m\u0259 daha bir median\u0131n reyestrl\u0259 ba\u011fl\u0131 \u015fikay\u0259tini r\u0259dd etdi - MEYDAN.TV<\/title>\n<meta name=\"robots\" content=\"index, follow, max-snippet:-1, max-image-preview:large, max-video-preview:-1\" \/>\n<link rel=\"canonical\" href=\"https:\/\/www.meydan.tv\/az\/article\/mehkeme-daha-bir-medianin-reyestrle-bagli-sikayetini-redd-etdi\/\" \/>\n<meta property=\"og:locale\" content=\"az_AZ\" \/>\n<meta property=\"og:type\" content=\"article\" \/>\n<meta property=\"og:title\" content=\"M\u0259hk\u0259m\u0259 daha bir median\u0131n reyestrl\u0259 ba\u011fl\u0131 \u015fikay\u0259tini r\u0259dd etdi - MEYDAN.TV\" \/>\n<meta property=\"og:description\" content=\"M\u0259hk\u0259m\u0259 qanunun Konstitusiya v\u0259 Konvensiyalara uy\u011fun olub-olmad\u0131\u011f\u0131na baxmay\u0131b M\u0259hk\u0259m\u0259 Media ... Davam\u0131\" \/>\n<meta property=\"og:url\" content=\"https:\/\/www.meydan.tv\/az\/article\/mehkeme-daha-bir-medianin-reyestrle-bagli-sikayetini-redd-etdi\/\" \/>\n<meta property=\"og:site_name\" content=\"MEYDAN.TV\" \/>\n<meta property=\"article:published_time\" content=\"2023-09-25T13:55:44+00:00\" \/>\n<meta property=\"article:modified_time\" content=\"2023-09-25T13:55:49+00:00\" \/>\n<meta property=\"og:image\" content=\"https:\/\/www.meydan.tv\/wp-content\/uploads\/untitled-1500-x-1000-px-2.jpg\" \/>\n\t<meta property=\"og:image:width\" content=\"1500\" \/>\n\t<meta property=\"og:image:height\" content=\"1000\" \/>\n\t<meta property=\"og:image:type\" content=\"image\/jpeg\" \/>\n<meta name=\"author\" content=\"elli\" \/>\n<meta name=\"twitter:card\" content=\"summary_large_image\" \/>\n<meta name=\"twitter:creator\" content=\"@elli\" \/>\n<script type=\"application\/ld+json\" class=\"yoast-schema-graph\">{\"@context\":\"https:\\\/\\\/schema.org\",\"@graph\":[{\"@type\":\"Article\",\"@id\":\"https:\\\/\\\/www.meydan.tv\\\/az\\\/article\\\/mehkeme-daha-bir-medianin-reyestrle-bagli-sikayetini-redd-etdi\\\/#article\",\"isPartOf\":{\"@id\":\"https:\\\/\\\/www.meydan.tv\\\/az\\\/article\\\/mehkeme-daha-bir-medianin-reyestrle-bagli-sikayetini-redd-etdi\\\/\"},\"author\":{\"name\":\"elli\",\"@id\":\"https:\\\/\\\/www.meydan.tv\\\/az\\\/#\\\/schema\\\/person\\\/9cdbecf90d17180ce1dfbd95b08dcf47\"},\"headline\":\"M\u0259hk\u0259m\u0259 daha bir median\u0131n reyestrl\u0259 ba\u011fl\u0131 \u015fikay\u0259tini r\u0259dd etdi\",\"datePublished\":\"2023-09-25T13:55:44+00:00\",\"dateModified\":\"2023-09-25T13:55:49+00:00\",\"mainEntityOfPage\":{\"@id\":\"https:\\\/\\\/www.meydan.tv\\\/az\\\/article\\\/mehkeme-daha-bir-medianin-reyestrle-bagli-sikayetini-redd-etdi\\\/\"},\"wordCount\":741,\"publisher\":{\"@id\":\"https:\\\/\\\/www.meydan.tv\\\/az\\\/#organization\"},\"image\":{\"@id\":\"https:\\\/\\\/www.meydan.tv\\\/az\\\/article\\\/mehkeme-daha-bir-medianin-reyestrle-bagli-sikayetini-redd-etdi\\\/#primaryimage\"},\"thumbnailUrl\":\"https:\\\/\\\/www.meydan.tv\\\/wp-content\\\/uploads\\\/untitled-1500-x-1000-px-2.jpg\",\"articleSection\":[\"Siyas\u0259t\",\"X\u0259b\u0259rl\u0259r\"],\"inLanguage\":\"az\"},{\"@type\":\"WebPage\",\"@id\":\"https:\\\/\\\/www.meydan.tv\\\/az\\\/article\\\/mehkeme-daha-bir-medianin-reyestrle-bagli-sikayetini-redd-etdi\\\/\",\"url\":\"https:\\\/\\\/www.meydan.tv\\\/az\\\/article\\\/mehkeme-daha-bir-medianin-reyestrle-bagli-sikayetini-redd-etdi\\\/\",\"name\":\"M\u0259hk\u0259m\u0259 daha bir median\u0131n reyestrl\u0259 ba\u011fl\u0131 \u015fikay\u0259tini r\u0259dd etdi - MEYDAN.TV\",\"isPartOf\":{\"@id\":\"https:\\\/\\\/www.meydan.tv\\\/az\\\/#website\"},\"primaryImageOfPage\":{\"@id\":\"https:\\\/\\\/www.meydan.tv\\\/az\\\/article\\\/mehkeme-daha-bir-medianin-reyestrle-bagli-sikayetini-redd-etdi\\\/#primaryimage\"},\"image\":{\"@id\":\"https:\\\/\\\/www.meydan.tv\\\/az\\\/article\\\/mehkeme-daha-bir-medianin-reyestrle-bagli-sikayetini-redd-etdi\\\/#primaryimage\"},\"thumbnailUrl\":\"https:\\\/\\\/www.meydan.tv\\\/wp-content\\\/uploads\\\/untitled-1500-x-1000-px-2.jpg\",\"datePublished\":\"2023-09-25T13:55:44+00:00\",\"dateModified\":\"2023-09-25T13:55:49+00:00\",\"breadcrumb\":{\"@id\":\"https:\\\/\\\/www.meydan.tv\\\/az\\\/article\\\/mehkeme-daha-bir-medianin-reyestrle-bagli-sikayetini-redd-etdi\\\/#breadcrumb\"},\"inLanguage\":\"az\",\"potentialAction\":[{\"@type\":\"ReadAction\",\"target\":[\"https:\\\/\\\/www.meydan.tv\\\/az\\\/article\\\/mehkeme-daha-bir-medianin-reyestrle-bagli-sikayetini-redd-etdi\\\/\"]}]},{\"@type\":\"ImageObject\",\"inLanguage\":\"az\",\"@id\":\"https:\\\/\\\/www.meydan.tv\\\/az\\\/article\\\/mehkeme-daha-bir-medianin-reyestrle-bagli-sikayetini-redd-etdi\\\/#primaryimage\",\"url\":\"https:\\\/\\\/www.meydan.tv\\\/wp-content\\\/uploads\\\/untitled-1500-x-1000-px-2.jpg\",\"contentUrl\":\"https:\\\/\\\/www.meydan.tv\\\/wp-content\\\/uploads\\\/untitled-1500-x-1000-px-2.jpg\",\"width\":1500,\"height\":1000,\"caption\":\"Foto: Bak\u0131 \u0130nzibati M\u0259hk\u0259m\u0259sinin \\\"Facebook\\\" s\u0259hif\u0259si\"},{\"@type\":\"BreadcrumbList\",\"@id\":\"https:\\\/\\\/www.meydan.tv\\\/az\\\/article\\\/mehkeme-daha-bir-medianin-reyestrle-bagli-sikayetini-redd-etdi\\\/#breadcrumb\",\"itemListElement\":[{\"@type\":\"ListItem\",\"position\":1,\"name\":\"Ana s\u0259hif\u0259\",\"item\":\"https:\\\/\\\/www.meydan.tv\\\/az\\\/\"},{\"@type\":\"ListItem\",\"position\":2,\"name\":\"Siyas\u0259t\",\"item\":\"https:\\\/\\\/www.meydan.tv\\\/az\\\/section\\\/siyaset\\\/\"},{\"@type\":\"ListItem\",\"position\":3,\"name\":\"M\u0259hk\u0259m\u0259 daha bir median\u0131n reyestrl\u0259 ba\u011fl\u0131 \u015fikay\u0259tini r\u0259dd etdi\"}]},{\"@type\":\"WebSite\",\"@id\":\"https:\\\/\\\/www.meydan.tv\\\/az\\\/#website\",\"url\":\"https:\\\/\\\/www.meydan.tv\\\/az\\\/\",\"name\":\"MEYDAN.TV\",\"description\":\"Meydan TV Az\u0259rbaycan\u0131n media m\u0259kan\u0131ndak\u0131 alternativ s\u0259sidir\",\"publisher\":{\"@id\":\"https:\\\/\\\/www.meydan.tv\\\/az\\\/#organization\"},\"potentialAction\":[{\"@type\":\"SearchAction\",\"target\":{\"@type\":\"EntryPoint\",\"urlTemplate\":\"https:\\\/\\\/www.meydan.tv\\\/az\\\/?s={search_term_string}\"},\"query-input\":{\"@type\":\"PropertyValueSpecification\",\"valueRequired\":true,\"valueName\":\"search_term_string\"}}],\"inLanguage\":\"az\"},{\"@type\":\"Organization\",\"@id\":\"https:\\\/\\\/www.meydan.tv\\\/az\\\/#organization\",\"name\":\"Meydan TV\",\"url\":\"https:\\\/\\\/www.meydan.tv\\\/az\\\/\",\"logo\":{\"@type\":\"ImageObject\",\"inLanguage\":\"az\",\"@id\":\"https:\\\/\\\/www.meydan.tv\\\/az\\\/#\\\/schema\\\/logo\\\/image\\\/\",\"url\":\"https:\\\/\\\/www.meydan.tv\\\/wp-content\\\/uploads\\\/2021\\\/07\\\/meydan-logo.svg\",\"contentUrl\":\"https:\\\/\\\/www.meydan.tv\\\/wp-content\\\/uploads\\\/2021\\\/07\\\/meydan-logo.svg\",\"width\":195,\"height\":46,\"caption\":\"Meydan TV\"},\"image\":{\"@id\":\"https:\\\/\\\/www.meydan.tv\\\/az\\\/#\\\/schema\\\/logo\\\/image\\\/\"}},{\"@type\":\"Person\",\"@id\":\"https:\\\/\\\/www.meydan.tv\\\/az\\\/#\\\/schema\\\/person\\\/9cdbecf90d17180ce1dfbd95b08dcf47\",\"name\":\"elli\",\"sameAs\":[\"https:\\\/\\\/x.com\\\/elli\"]}]}<\/script>\n<!-- \/ Yoast SEO plugin. -->","yoast_head_json":{"title":"M\u0259hk\u0259m\u0259 daha bir median\u0131n reyestrl\u0259 ba\u011fl\u0131 \u015fikay\u0259tini r\u0259dd etdi - MEYDAN.TV","robots":{"index":"index","follow":"follow","max-snippet":"max-snippet:-1","max-image-preview":"max-image-preview:large","max-video-preview":"max-video-preview:-1"},"canonical":"https:\/\/www.meydan.tv\/az\/article\/mehkeme-daha-bir-medianin-reyestrle-bagli-sikayetini-redd-etdi\/","og_locale":"az_AZ","og_type":"article","og_title":"M\u0259hk\u0259m\u0259 daha bir median\u0131n reyestrl\u0259 ba\u011fl\u0131 \u015fikay\u0259tini r\u0259dd etdi - MEYDAN.TV","og_description":"M\u0259hk\u0259m\u0259 qanunun Konstitusiya v\u0259 Konvensiyalara uy\u011fun olub-olmad\u0131\u011f\u0131na baxmay\u0131b M\u0259hk\u0259m\u0259 Media ... Davam\u0131","og_url":"https:\/\/www.meydan.tv\/az\/article\/mehkeme-daha-bir-medianin-reyestrle-bagli-sikayetini-redd-etdi\/","og_site_name":"MEYDAN.TV","article_published_time":"2023-09-25T13:55:44+00:00","article_modified_time":"2023-09-25T13:55:49+00:00","og_image":[{"width":1500,"height":1000,"url":"https:\/\/www.meydan.tv\/wp-content\/uploads\/untitled-1500-x-1000-px-2.jpg","type":"image\/jpeg"}],"author":"elli","twitter_card":"summary_large_image","twitter_creator":"@elli","schema":{"@context":"https:\/\/schema.org","@graph":[{"@type":"Article","@id":"https:\/\/www.meydan.tv\/az\/article\/mehkeme-daha-bir-medianin-reyestrle-bagli-sikayetini-redd-etdi\/#article","isPartOf":{"@id":"https:\/\/www.meydan.tv\/az\/article\/mehkeme-daha-bir-medianin-reyestrle-bagli-sikayetini-redd-etdi\/"},"author":{"name":"elli","@id":"https:\/\/www.meydan.tv\/az\/#\/schema\/person\/9cdbecf90d17180ce1dfbd95b08dcf47"},"headline":"M\u0259hk\u0259m\u0259 daha bir median\u0131n reyestrl\u0259 ba\u011fl\u0131 \u015fikay\u0259tini r\u0259dd etdi","datePublished":"2023-09-25T13:55:44+00:00","dateModified":"2023-09-25T13:55:49+00:00","mainEntityOfPage":{"@id":"https:\/\/www.meydan.tv\/az\/article\/mehkeme-daha-bir-medianin-reyestrle-bagli-sikayetini-redd-etdi\/"},"wordCount":741,"publisher":{"@id":"https:\/\/www.meydan.tv\/az\/#organization"},"image":{"@id":"https:\/\/www.meydan.tv\/az\/article\/mehkeme-daha-bir-medianin-reyestrle-bagli-sikayetini-redd-etdi\/#primaryimage"},"thumbnailUrl":"https:\/\/www.meydan.tv\/wp-content\/uploads\/untitled-1500-x-1000-px-2.jpg","articleSection":["Siyas\u0259t","X\u0259b\u0259rl\u0259r"],"inLanguage":"az"},{"@type":"WebPage","@id":"https:\/\/www.meydan.tv\/az\/article\/mehkeme-daha-bir-medianin-reyestrle-bagli-sikayetini-redd-etdi\/","url":"https:\/\/www.meydan.tv\/az\/article\/mehkeme-daha-bir-medianin-reyestrle-bagli-sikayetini-redd-etdi\/","name":"M\u0259hk\u0259m\u0259 daha bir median\u0131n reyestrl\u0259 ba\u011fl\u0131 \u015fikay\u0259tini r\u0259dd etdi - MEYDAN.TV","isPartOf":{"@id":"https:\/\/www.meydan.tv\/az\/#website"},"primaryImageOfPage":{"@id":"https:\/\/www.meydan.tv\/az\/article\/mehkeme-daha-bir-medianin-reyestrle-bagli-sikayetini-redd-etdi\/#primaryimage"},"image":{"@id":"https:\/\/www.meydan.tv\/az\/article\/mehkeme-daha-bir-medianin-reyestrle-bagli-sikayetini-redd-etdi\/#primaryimage"},"thumbnailUrl":"https:\/\/www.meydan.tv\/wp-content\/uploads\/untitled-1500-x-1000-px-2.jpg","datePublished":"2023-09-25T13:55:44+00:00","dateModified":"2023-09-25T13:55:49+00:00","breadcrumb":{"@id":"https:\/\/www.meydan.tv\/az\/article\/mehkeme-daha-bir-medianin-reyestrle-bagli-sikayetini-redd-etdi\/#breadcrumb"},"inLanguage":"az","potentialAction":[{"@type":"ReadAction","target":["https:\/\/www.meydan.tv\/az\/article\/mehkeme-daha-bir-medianin-reyestrle-bagli-sikayetini-redd-etdi\/"]}]},{"@type":"ImageObject","inLanguage":"az","@id":"https:\/\/www.meydan.tv\/az\/article\/mehkeme-daha-bir-medianin-reyestrle-bagli-sikayetini-redd-etdi\/#primaryimage","url":"https:\/\/www.meydan.tv\/wp-content\/uploads\/untitled-1500-x-1000-px-2.jpg","contentUrl":"https:\/\/www.meydan.tv\/wp-content\/uploads\/untitled-1500-x-1000-px-2.jpg","width":1500,"height":1000,"caption":"Foto: Bak\u0131 \u0130nzibati M\u0259hk\u0259m\u0259sinin \"Facebook\" s\u0259hif\u0259si"},{"@type":"BreadcrumbList","@id":"https:\/\/www.meydan.tv\/az\/article\/mehkeme-daha-bir-medianin-reyestrle-bagli-sikayetini-redd-etdi\/#breadcrumb","itemListElement":[{"@type":"ListItem","position":1,"name":"Ana s\u0259hif\u0259","item":"https:\/\/www.meydan.tv\/az\/"},{"@type":"ListItem","position":2,"name":"Siyas\u0259t","item":"https:\/\/www.meydan.tv\/az\/section\/siyaset\/"},{"@type":"ListItem","position":3,"name":"M\u0259hk\u0259m\u0259 daha bir median\u0131n reyestrl\u0259 ba\u011fl\u0131 \u015fikay\u0259tini r\u0259dd etdi"}]},{"@type":"WebSite","@id":"https:\/\/www.meydan.tv\/az\/#website","url":"https:\/\/www.meydan.tv\/az\/","name":"MEYDAN.TV","description":"Meydan TV Az\u0259rbaycan\u0131n media m\u0259kan\u0131ndak\u0131 alternativ s\u0259sidir","publisher":{"@id":"https:\/\/www.meydan.tv\/az\/#organization"},"potentialAction":[{"@type":"SearchAction","target":{"@type":"EntryPoint","urlTemplate":"https:\/\/www.meydan.tv\/az\/?s={search_term_string}"},"query-input":{"@type":"PropertyValueSpecification","valueRequired":true,"valueName":"search_term_string"}}],"inLanguage":"az"},{"@type":"Organization","@id":"https:\/\/www.meydan.tv\/az\/#organization","name":"Meydan TV","url":"https:\/\/www.meydan.tv\/az\/","logo":{"@type":"ImageObject","inLanguage":"az","@id":"https:\/\/www.meydan.tv\/az\/#\/schema\/logo\/image\/","url":"https:\/\/www.meydan.tv\/wp-content\/uploads\/2021\/07\/meydan-logo.svg","contentUrl":"https:\/\/www.meydan.tv\/wp-content\/uploads\/2021\/07\/meydan-logo.svg","width":195,"height":46,"caption":"Meydan TV"},"image":{"@id":"https:\/\/www.meydan.tv\/az\/#\/schema\/logo\/image\/"}},{"@type":"Person","@id":"https:\/\/www.meydan.tv\/az\/#\/schema\/person\/9cdbecf90d17180ce1dfbd95b08dcf47","name":"elli","sameAs":["https:\/\/x.com\/elli"]}]}},"_links":{"self":[{"href":"https:\/\/www.meydan.tv\/az\/wp-json\/wp\/v2\/posts\/285872","targetHints":{"allow":["GET"]}}],"collection":[{"href":"https:\/\/www.meydan.tv\/az\/wp-json\/wp\/v2\/posts"}],"about":[{"href":"https:\/\/www.meydan.tv\/az\/wp-json\/wp\/v2\/types\/post"}],"author":[{"embeddable":true,"href":"https:\/\/www.meydan.tv\/az\/wp-json\/wp\/v2\/users\/8"}],"replies":[{"embeddable":true,"href":"https:\/\/www.meydan.tv\/az\/wp-json\/wp\/v2\/comments?post=285872"}],"version-history":[{"count":1,"href":"https:\/\/www.meydan.tv\/az\/wp-json\/wp\/v2\/posts\/285872\/revisions"}],"predecessor-version":[{"id":285877,"href":"https:\/\/www.meydan.tv\/az\/wp-json\/wp\/v2\/posts\/285872\/revisions\/285877"}],"wp:featuredmedia":[{"embeddable":true,"href":"https:\/\/www.meydan.tv\/az\/wp-json\/wp\/v2\/media\/285874"}],"wp:attachment":[{"href":"https:\/\/www.meydan.tv\/az\/wp-json\/wp\/v2\/media?parent=285872"}],"wp:term":[{"taxonomy":"category","embeddable":true,"href":"https:\/\/www.meydan.tv\/az\/wp-json\/wp\/v2\/categories?post=285872"},{"taxonomy":"post_tag","embeddable":true,"href":"https:\/\/www.meydan.tv\/az\/wp-json\/wp\/v2\/tags?post=285872"}],"curies":[{"name":"wp","href":"https:\/\/api.w.org\/{rel}","templated":true}]}}