{"id":285803,"date":"2023-09-25T12:59:10","date_gmt":"2023-09-25T08:59:10","guid":{"rendered":"https:\/\/www.meydan.tv\/?p=285803"},"modified":"2023-09-25T12:59:13","modified_gmt":"2023-09-25T08:59:13","slug":"azerbaycanda-karantin-rejimi-2024-cu-ile-qeder-uzadildi","status":"publish","type":"post","link":"https:\/\/www.meydan.tv\/az\/article\/azerbaycanda-karantin-rejimi-2024-cu-ile-qeder-uzadildi\/","title":{"rendered":"Az\u0259rbaycanda karantin rejimi 2024-c\u00fc il\u0259 q\u0259d\u0259r uzad\u0131ld\u0131"},"content":{"rendered":"\n<p><\/p>\n\n\n\n<p><strong><em>Yanvar\u0131n 2-d\u0259k \u00f6lk\u0259d\u0259 x\u00fcsusi karant\u0131n rejimi t\u0259tbiq olunacaq<\/em><\/strong><\/p>\n\n\n\n<p>Az\u0259rbaycanda x\u00fcsusi karantin rejiminin m\u00fcdd\u0259ti 2024-c\u00fc il yanvar\u0131n 2-d\u0259k uzad\u0131l\u0131b.<\/p>\n\n\n\n<p>Ba\u015f nazir \u018fli \u018fs\u0259dovun imzalad\u0131\u011f\u0131 yeni <a href=\"https:\/\/nk.gov.az\/az\/senedler\/qerarlar\/azerbaycan-respublikasinin-erazisinde-xususi-karan-7428\">q\u0259rarda<\/a> bel\u0259 deyilir.<\/p>\n\n\n\n<p>H\u0259min q\u0259rarda x\u00fcsusi karantin rejiminin m\u00fcdd\u0259ti bu il oktyabr\u0131n 2-d\u0259n g\u0259l\u0259n il yanvar\u0131n 2-d\u0259k uzad\u0131l\u0131b.<\/p>\n\n\n\n<p>\u018fn son iyunun 23-d\u0259 Az\u0259rbaycanda x\u00fcsusi karantin rejimi oktyabr\u0131n 2-d\u0259k uzad\u0131lm\u0131\u015fd\u0131.<\/p>\n\n\n\n<p>\u00dc\u00e7 ild\u0259n art\u0131qd\u0131r ki, COVID-19 pandemiyas\u0131 il\u0259 \u0259laq\u0259dar Az\u0259rbaycanda x\u00fcsusi karantin rejimi t\u0259tbiq edilir (2020-ci ilin mart ay\u0131nda).<\/p>\n\n\n\n<p>D\u00fcnya S\u0259hiyy\u0259 T\u0259\u015fkilat\u0131 (\u00dcST) d\u00fcnyada COVID 19 pandemiyas\u0131n\u0131n bitdiyini elan ets\u0259 d\u0259, b\u00fct\u00fcn d\u00fcnya \u00f6lk\u0259l\u0259ri karantin rejimind\u0259n \u00e7\u0131xsa da, Az\u0259rbaycanda bel\u0259 pandemiya il\u0259 ba\u011fl\u0131 b\u00fct\u00fcn m\u0259hdudiyy\u0259tl\u0259r aradan qald\u0131r\u0131lsa da, t\u0259kc\u0259 s\u0259rh\u0259dl\u0259r a\u00e7\u0131lm\u0131r.<\/p>\n\n\n\n<p>Ekspertl\u0259r bunun alt\u0131nda siyasi m\u0259qs\u0259dl\u0259rin oldu\u011funu d\u0259f\u0259l\u0259rl\u0259 bildiribl\u0259r.<\/p>\n","protected":false},"excerpt":{"rendered":"<p>Yanvar\u0131n 2-d\u0259k \u00f6lk\u0259d\u0259 x\u00fcsusi karant\u0131n rejimi t\u0259tbiq olunacaq Az\u0259rbaycanda x\u00fcsusi &#8230; <\/p>\n<p class=\"read-more-container\"><a title=\"Az\u0259rbaycanda karantin rejimi 2024-c\u00fc il\u0259 q\u0259d\u0259r uzad\u0131ld\u0131\" class=\"read-more button\" href=\"https:\/\/www.meydan.tv\/az\/article\/azerbaycanda-karantin-rejimi-2024-cu-ile-qeder-uzadildi\/#more-285803\" aria-label=\"Read more about Az\u0259rbaycanda karantin rejimi 2024-c\u00fc il\u0259 q\u0259d\u0259r uzad\u0131ld\u0131\">Davam\u0131<\/a><\/p>\n","protected":false},"author":8,"featured_media":144692,"comment_status":"closed","ping_status":"closed","sticky":false,"template":"","format":"standard","meta":{"_acf_changed":false,"_sitemap_exclude":false,"_sitemap_priority":"","_sitemap_frequency":"","footnotes":""},"categories":[62,79,56],"tags":[],"class_list":["post-285803","post","type-post","status-publish","format-standard","has-post-thumbnail","hentry","category-sosial","category-featured","category-xeberler","infinite-scroll-item","generate-columns","tablet-grid-50","mobile-grid-100","grid-parent","grid-33","no-featured-image-padding"],"acf":[],"yoast_head":"<!-- This site is optimized with the Yoast SEO plugin v27.5 - https:\/\/yoast.com\/product\/yoast-seo-wordpress\/ -->\n<title>Az\u0259rbaycanda karantin rejimi 2024-c\u00fc il\u0259 q\u0259d\u0259r uzad\u0131ld\u0131 - MEYDAN.TV<\/title>\n<meta name=\"robots\" content=\"index, follow, max-snippet:-1, max-image-preview:large, max-video-preview:-1\" \/>\n<link rel=\"canonical\" href=\"https:\/\/www.meydan.tv\/az\/article\/azerbaycanda-karantin-rejimi-2024-cu-ile-qeder-uzadildi\/\" \/>\n<meta property=\"og:locale\" content=\"az_AZ\" \/>\n<meta property=\"og:type\" content=\"article\" \/>\n<meta property=\"og:title\" content=\"Az\u0259rbaycanda karantin rejimi 2024-c\u00fc il\u0259 q\u0259d\u0259r uzad\u0131ld\u0131 - MEYDAN.TV\" \/>\n<meta property=\"og:description\" content=\"Yanvar\u0131n 2-d\u0259k \u00f6lk\u0259d\u0259 x\u00fcsusi karant\u0131n rejimi t\u0259tbiq olunacaq Az\u0259rbaycanda x\u00fcsusi ... Davam\u0131\" \/>\n<meta property=\"og:url\" content=\"https:\/\/www.meydan.tv\/az\/article\/azerbaycanda-karantin-rejimi-2024-cu-ile-qeder-uzadildi\/\" \/>\n<meta property=\"og:site_name\" content=\"MEYDAN.TV\" \/>\n<meta property=\"article:published_time\" content=\"2023-09-25T08:59:10+00:00\" \/>\n<meta property=\"article:modified_time\" content=\"2023-09-25T08:59:13+00:00\" \/>\n<meta property=\"og:image\" content=\"https:\/\/www.meydan.tv\/wp-content\/uploads\/image_from_ios_2_toznxtg.jpg\" \/>\n\t<meta property=\"og:image:width\" content=\"2048\" \/>\n\t<meta property=\"og:image:height\" content=\"2048\" \/>\n\t<meta property=\"og:image:type\" content=\"image\/jpeg\" \/>\n<meta name=\"author\" content=\"elli\" \/>\n<meta name=\"twitter:card\" content=\"summary_large_image\" \/>\n<meta name=\"twitter:creator\" content=\"@elli\" \/>\n<script type=\"application\/ld+json\" class=\"yoast-schema-graph\">{\"@context\":\"https:\\\/\\\/schema.org\",\"@graph\":[{\"@type\":\"Article\",\"@id\":\"https:\\\/\\\/www.meydan.tv\\\/az\\\/article\\\/azerbaycanda-karantin-rejimi-2024-cu-ile-qeder-uzadildi\\\/#article\",\"isPartOf\":{\"@id\":\"https:\\\/\\\/www.meydan.tv\\\/az\\\/article\\\/azerbaycanda-karantin-rejimi-2024-cu-ile-qeder-uzadildi\\\/\"},\"author\":{\"name\":\"elli\",\"@id\":\"https:\\\/\\\/www.meydan.tv\\\/az\\\/#\\\/schema\\\/person\\\/9cdbecf90d17180ce1dfbd95b08dcf47\"},\"headline\":\"Az\u0259rbaycanda karantin rejimi 2024-c\u00fc il\u0259 q\u0259d\u0259r uzad\u0131ld\u0131\",\"datePublished\":\"2023-09-25T08:59:10+00:00\",\"dateModified\":\"2023-09-25T08:59:13+00:00\",\"mainEntityOfPage\":{\"@id\":\"https:\\\/\\\/www.meydan.tv\\\/az\\\/article\\\/azerbaycanda-karantin-rejimi-2024-cu-ile-qeder-uzadildi\\\/\"},\"wordCount\":200,\"publisher\":{\"@id\":\"https:\\\/\\\/www.meydan.tv\\\/az\\\/#organization\"},\"image\":{\"@id\":\"https:\\\/\\\/www.meydan.tv\\\/az\\\/article\\\/azerbaycanda-karantin-rejimi-2024-cu-ile-qeder-uzadildi\\\/#primaryimage\"},\"thumbnailUrl\":\"https:\\\/\\\/www.meydan.tv\\\/wp-content\\\/uploads\\\/image_from_ios_2_toznxtg.jpg\",\"articleSection\":[\"Sosial\",\"T\u00f6vsiy\u0259\",\"X\u0259b\u0259rl\u0259r\"],\"inLanguage\":\"az\"},{\"@type\":\"WebPage\",\"@id\":\"https:\\\/\\\/www.meydan.tv\\\/az\\\/article\\\/azerbaycanda-karantin-rejimi-2024-cu-ile-qeder-uzadildi\\\/\",\"url\":\"https:\\\/\\\/www.meydan.tv\\\/az\\\/article\\\/azerbaycanda-karantin-rejimi-2024-cu-ile-qeder-uzadildi\\\/\",\"name\":\"Az\u0259rbaycanda karantin rejimi 2024-c\u00fc il\u0259 q\u0259d\u0259r uzad\u0131ld\u0131 - MEYDAN.TV\",\"isPartOf\":{\"@id\":\"https:\\\/\\\/www.meydan.tv\\\/az\\\/#website\"},\"primaryImageOfPage\":{\"@id\":\"https:\\\/\\\/www.meydan.tv\\\/az\\\/article\\\/azerbaycanda-karantin-rejimi-2024-cu-ile-qeder-uzadildi\\\/#primaryimage\"},\"image\":{\"@id\":\"https:\\\/\\\/www.meydan.tv\\\/az\\\/article\\\/azerbaycanda-karantin-rejimi-2024-cu-ile-qeder-uzadildi\\\/#primaryimage\"},\"thumbnailUrl\":\"https:\\\/\\\/www.meydan.tv\\\/wp-content\\\/uploads\\\/image_from_ios_2_toznxtg.jpg\",\"datePublished\":\"2023-09-25T08:59:10+00:00\",\"dateModified\":\"2023-09-25T08:59:13+00:00\",\"breadcrumb\":{\"@id\":\"https:\\\/\\\/www.meydan.tv\\\/az\\\/article\\\/azerbaycanda-karantin-rejimi-2024-cu-ile-qeder-uzadildi\\\/#breadcrumb\"},\"inLanguage\":\"az\",\"potentialAction\":[{\"@type\":\"ReadAction\",\"target\":[\"https:\\\/\\\/www.meydan.tv\\\/az\\\/article\\\/azerbaycanda-karantin-rejimi-2024-cu-ile-qeder-uzadildi\\\/\"]}]},{\"@type\":\"ImageObject\",\"inLanguage\":\"az\",\"@id\":\"https:\\\/\\\/www.meydan.tv\\\/az\\\/article\\\/azerbaycanda-karantin-rejimi-2024-cu-ile-qeder-uzadildi\\\/#primaryimage\",\"url\":\"https:\\\/\\\/www.meydan.tv\\\/wp-content\\\/uploads\\\/image_from_ios_2_toznxtg.jpg\",\"contentUrl\":\"https:\\\/\\\/www.meydan.tv\\\/wp-content\\\/uploads\\\/image_from_ios_2_toznxtg.jpg\",\"width\":2048,\"height\":2048,\"caption\":\"Foto: Meydan TV\"},{\"@type\":\"BreadcrumbList\",\"@id\":\"https:\\\/\\\/www.meydan.tv\\\/az\\\/article\\\/azerbaycanda-karantin-rejimi-2024-cu-ile-qeder-uzadildi\\\/#breadcrumb\",\"itemListElement\":[{\"@type\":\"ListItem\",\"position\":1,\"name\":\"Ana s\u0259hif\u0259\",\"item\":\"https:\\\/\\\/www.meydan.tv\\\/az\\\/\"},{\"@type\":\"ListItem\",\"position\":2,\"name\":\"Sosial\",\"item\":\"https:\\\/\\\/www.meydan.tv\\\/az\\\/section\\\/sosial\\\/\"},{\"@type\":\"ListItem\",\"position\":3,\"name\":\"Az\u0259rbaycanda karantin rejimi 2024-c\u00fc il\u0259 q\u0259d\u0259r uzad\u0131ld\u0131\"}]},{\"@type\":\"WebSite\",\"@id\":\"https:\\\/\\\/www.meydan.tv\\\/az\\\/#website\",\"url\":\"https:\\\/\\\/www.meydan.tv\\\/az\\\/\",\"name\":\"MEYDAN.TV\",\"description\":\"Meydan TV Az\u0259rbaycan\u0131n media m\u0259kan\u0131ndak\u0131 alternativ s\u0259sidir\",\"publisher\":{\"@id\":\"https:\\\/\\\/www.meydan.tv\\\/az\\\/#organization\"},\"potentialAction\":[{\"@type\":\"SearchAction\",\"target\":{\"@type\":\"EntryPoint\",\"urlTemplate\":\"https:\\\/\\\/www.meydan.tv\\\/az\\\/?s={search_term_string}\"},\"query-input\":{\"@type\":\"PropertyValueSpecification\",\"valueRequired\":true,\"valueName\":\"search_term_string\"}}],\"inLanguage\":\"az\"},{\"@type\":\"Organization\",\"@id\":\"https:\\\/\\\/www.meydan.tv\\\/az\\\/#organization\",\"name\":\"Meydan TV\",\"url\":\"https:\\\/\\\/www.meydan.tv\\\/az\\\/\",\"logo\":{\"@type\":\"ImageObject\",\"inLanguage\":\"az\",\"@id\":\"https:\\\/\\\/www.meydan.tv\\\/az\\\/#\\\/schema\\\/logo\\\/image\\\/\",\"url\":\"https:\\\/\\\/www.meydan.tv\\\/wp-content\\\/uploads\\\/2021\\\/07\\\/meydan-logo.svg\",\"contentUrl\":\"https:\\\/\\\/www.meydan.tv\\\/wp-content\\\/uploads\\\/2021\\\/07\\\/meydan-logo.svg\",\"width\":195,\"height\":46,\"caption\":\"Meydan TV\"},\"image\":{\"@id\":\"https:\\\/\\\/www.meydan.tv\\\/az\\\/#\\\/schema\\\/logo\\\/image\\\/\"}},{\"@type\":\"Person\",\"@id\":\"https:\\\/\\\/www.meydan.tv\\\/az\\\/#\\\/schema\\\/person\\\/9cdbecf90d17180ce1dfbd95b08dcf47\",\"name\":\"elli\",\"sameAs\":[\"https:\\\/\\\/x.com\\\/elli\"]}]}<\/script>\n<!-- \/ Yoast SEO plugin. -->","yoast_head_json":{"title":"Az\u0259rbaycanda karantin rejimi 2024-c\u00fc il\u0259 q\u0259d\u0259r uzad\u0131ld\u0131 - MEYDAN.TV","robots":{"index":"index","follow":"follow","max-snippet":"max-snippet:-1","max-image-preview":"max-image-preview:large","max-video-preview":"max-video-preview:-1"},"canonical":"https:\/\/www.meydan.tv\/az\/article\/azerbaycanda-karantin-rejimi-2024-cu-ile-qeder-uzadildi\/","og_locale":"az_AZ","og_type":"article","og_title":"Az\u0259rbaycanda karantin rejimi 2024-c\u00fc il\u0259 q\u0259d\u0259r uzad\u0131ld\u0131 - MEYDAN.TV","og_description":"Yanvar\u0131n 2-d\u0259k \u00f6lk\u0259d\u0259 x\u00fcsusi karant\u0131n rejimi t\u0259tbiq olunacaq Az\u0259rbaycanda x\u00fcsusi ... Davam\u0131","og_url":"https:\/\/www.meydan.tv\/az\/article\/azerbaycanda-karantin-rejimi-2024-cu-ile-qeder-uzadildi\/","og_site_name":"MEYDAN.TV","article_published_time":"2023-09-25T08:59:10+00:00","article_modified_time":"2023-09-25T08:59:13+00:00","og_image":[{"width":2048,"height":2048,"url":"https:\/\/www.meydan.tv\/wp-content\/uploads\/image_from_ios_2_toznxtg.jpg","type":"image\/jpeg"}],"author":"elli","twitter_card":"summary_large_image","twitter_creator":"@elli","schema":{"@context":"https:\/\/schema.org","@graph":[{"@type":"Article","@id":"https:\/\/www.meydan.tv\/az\/article\/azerbaycanda-karantin-rejimi-2024-cu-ile-qeder-uzadildi\/#article","isPartOf":{"@id":"https:\/\/www.meydan.tv\/az\/article\/azerbaycanda-karantin-rejimi-2024-cu-ile-qeder-uzadildi\/"},"author":{"name":"elli","@id":"https:\/\/www.meydan.tv\/az\/#\/schema\/person\/9cdbecf90d17180ce1dfbd95b08dcf47"},"headline":"Az\u0259rbaycanda karantin rejimi 2024-c\u00fc il\u0259 q\u0259d\u0259r uzad\u0131ld\u0131","datePublished":"2023-09-25T08:59:10+00:00","dateModified":"2023-09-25T08:59:13+00:00","mainEntityOfPage":{"@id":"https:\/\/www.meydan.tv\/az\/article\/azerbaycanda-karantin-rejimi-2024-cu-ile-qeder-uzadildi\/"},"wordCount":200,"publisher":{"@id":"https:\/\/www.meydan.tv\/az\/#organization"},"image":{"@id":"https:\/\/www.meydan.tv\/az\/article\/azerbaycanda-karantin-rejimi-2024-cu-ile-qeder-uzadildi\/#primaryimage"},"thumbnailUrl":"https:\/\/www.meydan.tv\/wp-content\/uploads\/image_from_ios_2_toznxtg.jpg","articleSection":["Sosial","T\u00f6vsiy\u0259","X\u0259b\u0259rl\u0259r"],"inLanguage":"az"},{"@type":"WebPage","@id":"https:\/\/www.meydan.tv\/az\/article\/azerbaycanda-karantin-rejimi-2024-cu-ile-qeder-uzadildi\/","url":"https:\/\/www.meydan.tv\/az\/article\/azerbaycanda-karantin-rejimi-2024-cu-ile-qeder-uzadildi\/","name":"Az\u0259rbaycanda karantin rejimi 2024-c\u00fc il\u0259 q\u0259d\u0259r uzad\u0131ld\u0131 - MEYDAN.TV","isPartOf":{"@id":"https:\/\/www.meydan.tv\/az\/#website"},"primaryImageOfPage":{"@id":"https:\/\/www.meydan.tv\/az\/article\/azerbaycanda-karantin-rejimi-2024-cu-ile-qeder-uzadildi\/#primaryimage"},"image":{"@id":"https:\/\/www.meydan.tv\/az\/article\/azerbaycanda-karantin-rejimi-2024-cu-ile-qeder-uzadildi\/#primaryimage"},"thumbnailUrl":"https:\/\/www.meydan.tv\/wp-content\/uploads\/image_from_ios_2_toznxtg.jpg","datePublished":"2023-09-25T08:59:10+00:00","dateModified":"2023-09-25T08:59:13+00:00","breadcrumb":{"@id":"https:\/\/www.meydan.tv\/az\/article\/azerbaycanda-karantin-rejimi-2024-cu-ile-qeder-uzadildi\/#breadcrumb"},"inLanguage":"az","potentialAction":[{"@type":"ReadAction","target":["https:\/\/www.meydan.tv\/az\/article\/azerbaycanda-karantin-rejimi-2024-cu-ile-qeder-uzadildi\/"]}]},{"@type":"ImageObject","inLanguage":"az","@id":"https:\/\/www.meydan.tv\/az\/article\/azerbaycanda-karantin-rejimi-2024-cu-ile-qeder-uzadildi\/#primaryimage","url":"https:\/\/www.meydan.tv\/wp-content\/uploads\/image_from_ios_2_toznxtg.jpg","contentUrl":"https:\/\/www.meydan.tv\/wp-content\/uploads\/image_from_ios_2_toznxtg.jpg","width":2048,"height":2048,"caption":"Foto: Meydan TV"},{"@type":"BreadcrumbList","@id":"https:\/\/www.meydan.tv\/az\/article\/azerbaycanda-karantin-rejimi-2024-cu-ile-qeder-uzadildi\/#breadcrumb","itemListElement":[{"@type":"ListItem","position":1,"name":"Ana s\u0259hif\u0259","item":"https:\/\/www.meydan.tv\/az\/"},{"@type":"ListItem","position":2,"name":"Sosial","item":"https:\/\/www.meydan.tv\/az\/section\/sosial\/"},{"@type":"ListItem","position":3,"name":"Az\u0259rbaycanda karantin rejimi 2024-c\u00fc il\u0259 q\u0259d\u0259r uzad\u0131ld\u0131"}]},{"@type":"WebSite","@id":"https:\/\/www.meydan.tv\/az\/#website","url":"https:\/\/www.meydan.tv\/az\/","name":"MEYDAN.TV","description":"Meydan TV Az\u0259rbaycan\u0131n media m\u0259kan\u0131ndak\u0131 alternativ s\u0259sidir","publisher":{"@id":"https:\/\/www.meydan.tv\/az\/#organization"},"potentialAction":[{"@type":"SearchAction","target":{"@type":"EntryPoint","urlTemplate":"https:\/\/www.meydan.tv\/az\/?s={search_term_string}"},"query-input":{"@type":"PropertyValueSpecification","valueRequired":true,"valueName":"search_term_string"}}],"inLanguage":"az"},{"@type":"Organization","@id":"https:\/\/www.meydan.tv\/az\/#organization","name":"Meydan TV","url":"https:\/\/www.meydan.tv\/az\/","logo":{"@type":"ImageObject","inLanguage":"az","@id":"https:\/\/www.meydan.tv\/az\/#\/schema\/logo\/image\/","url":"https:\/\/www.meydan.tv\/wp-content\/uploads\/2021\/07\/meydan-logo.svg","contentUrl":"https:\/\/www.meydan.tv\/wp-content\/uploads\/2021\/07\/meydan-logo.svg","width":195,"height":46,"caption":"Meydan TV"},"image":{"@id":"https:\/\/www.meydan.tv\/az\/#\/schema\/logo\/image\/"}},{"@type":"Person","@id":"https:\/\/www.meydan.tv\/az\/#\/schema\/person\/9cdbecf90d17180ce1dfbd95b08dcf47","name":"elli","sameAs":["https:\/\/x.com\/elli"]}]}},"_links":{"self":[{"href":"https:\/\/www.meydan.tv\/az\/wp-json\/wp\/v2\/posts\/285803","targetHints":{"allow":["GET"]}}],"collection":[{"href":"https:\/\/www.meydan.tv\/az\/wp-json\/wp\/v2\/posts"}],"about":[{"href":"https:\/\/www.meydan.tv\/az\/wp-json\/wp\/v2\/types\/post"}],"author":[{"embeddable":true,"href":"https:\/\/www.meydan.tv\/az\/wp-json\/wp\/v2\/users\/8"}],"replies":[{"embeddable":true,"href":"https:\/\/www.meydan.tv\/az\/wp-json\/wp\/v2\/comments?post=285803"}],"version-history":[{"count":3,"href":"https:\/\/www.meydan.tv\/az\/wp-json\/wp\/v2\/posts\/285803\/revisions"}],"predecessor-version":[{"id":285806,"href":"https:\/\/www.meydan.tv\/az\/wp-json\/wp\/v2\/posts\/285803\/revisions\/285806"}],"wp:featuredmedia":[{"embeddable":true,"href":"https:\/\/www.meydan.tv\/az\/wp-json\/wp\/v2\/media\/144692"}],"wp:attachment":[{"href":"https:\/\/www.meydan.tv\/az\/wp-json\/wp\/v2\/media?parent=285803"}],"wp:term":[{"taxonomy":"category","embeddable":true,"href":"https:\/\/www.meydan.tv\/az\/wp-json\/wp\/v2\/categories?post=285803"},{"taxonomy":"post_tag","embeddable":true,"href":"https:\/\/www.meydan.tv\/az\/wp-json\/wp\/v2\/tags?post=285803"}],"curies":[{"name":"wp","href":"https:\/\/api.w.org\/{rel}","templated":true}]}}