{"id":285774,"date":"2023-09-23T00:05:58","date_gmt":"2023-09-22T20:05:58","guid":{"rendered":"https:\/\/www.meydan.tv\/?p=285774"},"modified":"2023-09-23T01:34:26","modified_gmt":"2023-09-22T21:34:26","slug":"mudafie-nazirliyinin-tabeliyindeki-qurumlarla-bagli-143-milyonluq-menimseme","status":"publish","type":"post","link":"https:\/\/www.meydan.tv\/az\/article\/mudafie-nazirliyinin-tabeliyindeki-qurumlarla-bagli-143-milyonluq-menimseme\/","title":{"rendered":"M\u00fcdafi\u0259 Nazirliyinin tabeliyind\u0259ki qurumlarla ba\u011fl\u0131 143 milyonluq m\u0259nims\u0259m\u0259"},"content":{"rendered":"\n<p><em><strong>T\u0259qsirl\u0259ndiril\u0259nl\u0259r r\u0259q\u0259ml\u0259rin \u015fi\u015firdildiyini deyirl\u0259r<\/strong><\/em><\/p>\n\n\n\n<p>M\u00fcdafi\u0259 Nazirliyinin Maliyy\u0259 v\u0259 B\u00fcdc\u0259 \u0130dar\u0259sinin sabiq r\u0259isi, general-mayor Nizami M\u0259mm\u0259dov v\u0259 onunla birlikd\u0259 m\u00fchakim\u0259 olunan 3 n\u0259f\u0259rin &#8211; H\u0259rbi Hava Q\u00fcvv\u0259l\u0259rinin (HHQ) maliyy\u0259 xidm\u0259tinin sabiq r\u0259isi, polkovnik C\u0259lal Kaz\u0131mov, Quru Qo\u015funlar\u0131n maliyy\u0259 idar\u0259sinin r\u0259isi Bayram Bayramov v\u0259 bu idar\u0259nin zabiti V\u00fcsal \u018flizad\u0259nin i\u015fi \u00fczr\u0259 m\u0259hk\u0259m\u0259 istintaq\u0131 ba\u015flay\u0131b. Onlar\u0131n i\u015fin\u0259 Bak\u0131 H\u0259rbi M\u0259hk\u0259m\u0259sind\u0259 hakim Fikr\u0259t \u018fliyevin s\u0259drliyil\u0259 bax\u0131l\u0131r.<\/p>\n\n\n\n<p>Sentyabr\u0131n 22-d\u0259 m\u0259hk\u0259m\u0259d\u0259 prokuror ittiham akt\u0131n\u0131 elan edib. \u0130ttiham akt\u0131nda iddia olunur ki, M\u00fcdafi\u0259 Nazirliyi sistemind\u0259 korrupsiya sxemi qurulub. H\u0259min sxem\u0259 \u0259sas\u0259n, nazirliyin tabeliyind\u0259ki h\u0259rbi hiss\u0259l\u0259r, hospital, t\u0259hsil m\u00fc\u0259ssis\u0259si v\u0259 s. qurumlar \u00fc\u00e7\u00fcn \u0259rzaq, \u0259\u015fya al\u0131\u015f\u0131 zaman\u0131 qiym\u0259tl\u0259r \u015fi\u015firdilib. B\u00fcdc\u0259d\u0259n ayr\u0131lan v\u0259sait \u015fi\u015firdilmi\u015f r\u0259q\u0259ml\u0259r\u0259 uy\u011fun olub. Tenderl\u0259rd\u0259 qalib elan edilmi\u015f \u015firk\u0259tl\u0259rin hesab\u0131na da h\u0259min v\u0259saitl\u0259r k\u00f6\u00e7\u00fcr\u00fcl\u00fcb. \u015eirk\u0259tl\u0259r art\u0131q v\u0259saitl\u0259ri sonradan geri qaytar\u0131b. Qaytar\u0131lan v\u0259saitl\u0259r d\u0259 m\u0259nims\u0259nilib.<\/p>\n\n\n\n<p>2017-2022-ci ill\u0259r \u0259rzind\u0259 bu yolla \u00fcmumilikd\u0259 143 milyon manat m\u0259nims\u0259nildiyi iddia olunur.<\/p>\n\n\n\n<p>\u0130ttihama \u0259sas\u0259n, M\u00fcdafi\u0259 Nazirliyinin tabeliyind\u0259ki qurumlar \u00fc\u00e7\u00fcn \u0259rzaq m\u0259hsullar\u0131 \u201cAzersun\u201d \u015firk\u0259tind\u0259n al\u0131n\u0131r. \u0130stintaq zaman\u0131 ortaya \u00e7\u0131x\u0131b ki, t\u0259kc\u0259 \u0259rzaq qiym\u0259tl\u0259rinin \u015fi\u015firdilm\u0259sind\u0259n \u201cAzersun\u201da pul k\u00f6\u00e7\u00fcrm\u0259l\u0259ri n\u0259tic\u0259sind\u0259 20 milyon v\u0259sait m\u0259nims\u0259nilib. Bundan ba\u015fqa, \u201cAvtoqrant\u201d \u015firk\u0259til\u0259 \u0259m\u0259kda\u015fl\u0131q n\u0259tic\u0259sind\u0259 180 min manat yeyintiy\u0259 yol verilib.<\/p>\n\n\n\n<p>H\u0259m\u00e7inin arzaq v\u0259 avadanl\u0131q al\u0131\u015f\u0131 zaman\u0131 \u015fi\u015firtm\u0259 n\u0259tic\u0259sind\u0259 M\u0259rk\u0259zi H\u0259rbi Hospitalda 5 milyon, Ali H\u0259rbi M\u0259kt\u0259bd\u0259 8 milyon, C\u0259m\u015fid Nax\u00e7\u0131vanski ad\u0131na h\u0259rbi liseyd\u0259 2 milyon pul m\u0259nims\u0259nildiyi iddia olunur.<\/p>\n\n\n\n<p>General Nazimi M\u0259mm\u0259dov bundan \u0259lav\u0259, M\u00fcdafi\u0259 Nazirliyinin ke\u00e7mi\u015f Ba\u015f Q\u0259rargah r\u0259isi N\u0259cm\u0259ddin Sad\u0131qovun g\u00f6st\u0259ri\u015fil\u0259 nazirliyin Sat\u0131nalmalar v\u0259 T\u0259chizat \u0130dar\u0259si, M\u0259nzil-\u0130stismar\u0131 \u0130dar\u0259sinin r\u0259isl\u0259ril\u0259 \u0259lbir olub, \u00fcmumilikd\u0259 6 milyon manat m\u0259nims\u0259m\u0259kd\u0259 ittiham olunur.<\/p>\n\n\n\n<p>\u0130ttihama m\u00fcnasib\u0259t bildir\u0259n general-mayor Nizami M\u0259mm\u0259dov \u00f6z\u00fcn\u00fc qism\u0259n t\u0259qsirli bilib. O deyib ki, Sat\u0131nalmalar v\u0259 T\u0259chizat \u0130dar\u0259si, el\u0259c\u0259 d\u0259 M\u0259nzil-\u0130stismar \u0130dar\u0259sil\u0259 ba\u011fl\u0131 6 milyonluq m\u0259nims\u0259m\u0259 epizodunu q\u0259bul el\u0259mir.<\/p>\n\n\n\n<p>\u201c<em>M\u0259n 12 milyonu q\u0259bul el\u0259yir\u0259m, o ziyan\u0131 da \u00f6d\u0259mi\u015f\u0259m\u201d,<\/em> &#8211; Nizami M\u0259mm\u0259dov \u0259lav\u0259 edib.<\/p>\n\n\n\n<p>Dig\u0259r t\u0259qsirl\u0259ndiril\u0259n \u015f\u0259xsl\u0259r d\u0259 \u00f6zl\u0259rini qism\u0259n t\u0259qsirli bildikl\u0259rini deyibl\u0259r. Onlar ittihamda r\u0259q\u0259ml\u0259rin \u015fi\u015firdildiyini vur\u011fulay\u0131blar.<\/p>\n\n\n<div class=\"wp-block-image\">\n<figure class=\"aligncenter size-full\"><img decoding=\"async\" width=\"1200\" height=\"601\" data-src=\"https:\/\/www.meydan.tv\/wp-content\/uploads\/mehkeme-2.jpg\" alt=\"\" class=\"wp-image-248978 lazyload\" src=\"data:image\/svg+xml;base64,PHN2ZyB3aWR0aD0iMSIgaGVpZ2h0PSIxIiB4bWxucz0iaHR0cDovL3d3dy53My5vcmcvMjAwMC9zdmciPjwvc3ZnPg==\" style=\"--smush-placeholder-width: 1200px; --smush-placeholder-aspect-ratio: 1200\/601;\" \/><figcaption class=\"wp-element-caption\">Bak\u0131 H\u0259rbi M\u0259hk\u0259m\u0259si. Foto: Meydan TV<\/figcaption><\/figure>\n<\/div>\n\n\n<p>M\u0259hk\u0259m\u0259d\u0259 C\u0259lal Kaz\u0131movun v\u0259kili m\u00fcv\u0259kkili haqq\u0131nda cinay\u0259t i\u015fin\u0259 xitam verilm\u0259si bar\u0259d\u0259 v\u0259sat\u0259t qald\u0131r\u0131b. O bildirib ki, cinay\u0259t i\u015find\u0259ki s\u00fcbutlar ziddiyy\u0259tlidir, \u0259sass\u0131zd\u0131r. Hakim is\u0259 cavab\u0131nda deyib ki, prosesin gedi\u015find\u0259 s\u00fcbutlar ara\u015fd\u0131r\u0131l\u0131b qiym\u0259t veril\u0259c\u0259k.<\/p>\n\n\n\n<p>Dig\u0259r t\u0259qsirl\u0259ndiril\u0259n V\u00fcsal \u018flizad\u0259nin v\u0259kili is\u0259 m\u0259hk\u0259m\u0259nin qapal\u0131 ke\u00e7irilm\u0259si bar\u0259d\u0259 v\u0259sat\u0259t qald\u0131r\u0131b. Deyib ki, t\u0259qsirl\u0259ndiril\u0259n \u015f\u0259xsl\u0259rin qapal\u0131 iclasda ifad\u0259 verm\u0259si m\u0259qs\u0259d\u0259uy\u011fun olar ki, deyil\u0259nl\u0259r sosial \u015f\u0259b\u0259k\u0259l\u0259rd\u0259 yay\u0131lmas\u0131n.<\/p>\n\n\n\n<p>Bu v\u0259sat\u0259t he\u00e7 m\u00fczakir\u0259 olunmadan m\u0259hk\u0259m\u0259nin qapal\u0131 ke\u00e7irilm\u0259sin\u0259 q\u0259rar verilib.<\/p>\n\n\n\n<p>M\u00fcdafi\u0259 Nazirliyin\u0259 daxil qurumlar \u00fc\u00e7\u00fcn \u0259rzaq v\u0259 avadanl\u0131qlar\u0131n al\u0131\u015f\u0131 zaman\u0131 yeyintil\u0259rl\u0259 ba\u011fl\u0131 D\u00f6vl\u0259t T\u0259hl\u00fck\u0259sizliyi Xidm\u0259tinin (DTX) \u0130stintaq Ba\u015f \u0130dar\u0259sind\u0259 apar\u0131lan ara\u015fd\u0131rmalara 177 n\u0259f\u0259r c\u0259lb olunub.<\/p>\n\n\n\n<p>2022-ci ilin \u0259vv\u0259lind\u0259 DTX \u0259m\u0259kda\u015flar\u0131n\u0131n ke\u00e7irdiyi \u0259m\u0259liyyat n\u0259tic\u0259sind\u0259 Nizami M\u0259mm\u0259dov v\u0259 onunla birlikd\u0259 m\u00fchakim\u0259 olunan 3 n\u0259f\u0259rl\u0259 yana\u015f\u0131, M\u00fcdafi\u0259 Nazirliyinin bir xeyli ba\u015fqa v\u0259zif\u0259li \u015f\u0259xsl\u0259ri d\u0259 m\u0259suliyy\u0259t\u0259 c\u0259lb olunub. Onlar\u0131n da haz\u0131rda m\u0259hk\u0259m\u0259si davam edir.<\/p>\n\n\n\n<p>Yeyinti n\u0259tic\u0259sind\u0259 d\u00f6vl\u0259t\u0259 d\u0259ymi\u015f ziyan\u0131n t\u0259xmin\u0259n 40 milyon manat\u0131n\u0131n istintaq d\u00f6vr\u00fcnd\u0259 t\u0259qsirl\u0259ndiril\u0259n \u015f\u0259xsl\u0259r t\u0259r\u0259find\u0259n \u00f6d\u0259nildiyi bildirilir.<\/p>\n\n\n\n<p>T\u0259qsirl\u0259ndiril\u0259n \u015f\u0259xsl\u0259rd\u0259n biri \u2013 M\u00fcdafi\u0259 Nazirliyinin Sat\u0131nalmalar v\u0259 T\u0259chizat \u0130dar\u0259sinin ke\u00e7mi\u015f r\u0259isi M\u0259likm\u0259mm\u0259d Qurbanov \u00f6z m\u0259hk\u0259m\u0259sind\u0259 bildirmi\u015fdi ki, \u015firk\u0259tl\u0259r\u0259 art\u0131q \u00f6d\u0259nil\u0259n pullar geri qaytar\u0131lark\u0259n Ba\u015f Q\u0259rargah r\u0259isi N\u0259cm\u0259ddin Sad\u0131qova \u00e7at\u0131rd\u0131. Sonradan h\u0259min pullar\u0131n hans\u0131 istiqam\u0259t\u0259 ged\u0259c\u0259yin\u0259 is\u0259 onun \u00f6z\u00fc q\u0259rar verirdi.<\/p>\n\n\n\n<p>T\u0259qsirl\u0259ndiril\u0259n \u015f\u0259xsl\u0259r\u0259 qar\u015f\u0131 Cinay\u0259t M\u0259c\u0259ll\u0259sinin 179.4 (x\u00fcsusil\u0259 k\u00fclli miqdarda m\u0259nims\u0259m\u0259) v\u0259 313-c\u00fc (v\u0259zif\u0259 saxtakarl\u0131\u011f\u0131) madd\u0259l\u0259ril\u0259 ittiham ir\u0259li s\u00fcr\u00fcl\u00fcb. Bu madd\u0259l\u0259rd\u0259 14 il\u0259 q\u0259d\u0259r azadl\u0131qdan m\u0259hrumetm\u0259 c\u0259zas\u0131 n\u0259z\u0259rd\u0259 tutulub.<\/p>\n","protected":false},"excerpt":{"rendered":"<p>T\u0259qsirl\u0259ndiril\u0259nl\u0259r r\u0259q\u0259ml\u0259rin \u015fi\u015firdildiyini deyirl\u0259r M\u00fcdafi\u0259 Nazirliyinin Maliyy\u0259 v\u0259 B\u00fcdc\u0259 \u0130dar\u0259sinin &#8230; <\/p>\n<p class=\"read-more-container\"><a title=\"M\u00fcdafi\u0259 Nazirliyinin tabeliyind\u0259ki qurumlarla ba\u011fl\u0131 143 milyonluq m\u0259nims\u0259m\u0259\" class=\"read-more button\" href=\"https:\/\/www.meydan.tv\/az\/article\/mudafie-nazirliyinin-tabeliyindeki-qurumlarla-bagli-143-milyonluq-menimseme\/#more-285774\" aria-label=\"Read more about M\u00fcdafi\u0259 Nazirliyinin tabeliyind\u0259ki qurumlarla ba\u011fl\u0131 143 milyonluq m\u0259nims\u0259m\u0259\">Davam\u0131<\/a><\/p>\n","protected":false},"author":18,"featured_media":107616,"comment_status":"closed","ping_status":"closed","sticky":false,"template":"","format":"standard","meta":{"_acf_changed":false,"_sitemap_exclude":false,"_sitemap_priority":"","_sitemap_frequency":"","footnotes":""},"categories":[62,56],"tags":[],"class_list":["post-285774","post","type-post","status-publish","format-standard","has-post-thumbnail","hentry","category-sosial","category-xeberler","infinite-scroll-item","generate-columns","tablet-grid-50","mobile-grid-100","grid-parent","grid-33","no-featured-image-padding"],"acf":[],"yoast_head":"<!-- This site is optimized with the Yoast SEO plugin v27.5 - https:\/\/yoast.com\/product\/yoast-seo-wordpress\/ -->\n<title>M\u00fcdafi\u0259 Nazirliyinin tabeliyind\u0259ki qurumlarla ba\u011fl\u0131 143 milyonluq m\u0259nims\u0259m\u0259 - MEYDAN.TV<\/title>\n<meta name=\"robots\" content=\"index, follow, max-snippet:-1, max-image-preview:large, max-video-preview:-1\" \/>\n<link rel=\"canonical\" href=\"https:\/\/www.meydan.tv\/az\/article\/mudafie-nazirliyinin-tabeliyindeki-qurumlarla-bagli-143-milyonluq-menimseme\/\" \/>\n<meta property=\"og:locale\" content=\"az_AZ\" \/>\n<meta property=\"og:type\" content=\"article\" \/>\n<meta property=\"og:title\" content=\"M\u00fcdafi\u0259 Nazirliyinin tabeliyind\u0259ki qurumlarla ba\u011fl\u0131 143 milyonluq m\u0259nims\u0259m\u0259 - MEYDAN.TV\" \/>\n<meta property=\"og:description\" content=\"T\u0259qsirl\u0259ndiril\u0259nl\u0259r r\u0259q\u0259ml\u0259rin \u015fi\u015firdildiyini deyirl\u0259r M\u00fcdafi\u0259 Nazirliyinin Maliyy\u0259 v\u0259 B\u00fcdc\u0259 \u0130dar\u0259sinin ... Davam\u0131\" \/>\n<meta property=\"og:url\" content=\"https:\/\/www.meydan.tv\/az\/article\/mudafie-nazirliyinin-tabeliyindeki-qurumlarla-bagli-143-milyonluq-menimseme\/\" \/>\n<meta property=\"og:site_name\" content=\"MEYDAN.TV\" \/>\n<meta property=\"article:published_time\" content=\"2023-09-22T20:05:58+00:00\" \/>\n<meta property=\"article:modified_time\" content=\"2023-09-22T21:34:26+00:00\" \/>\n<meta property=\"og:image\" content=\"https:\/\/www.meydan.tv\/wp-content\/uploads\/42737.jpg\" \/>\n\t<meta property=\"og:image:width\" content=\"1200\" \/>\n\t<meta property=\"og:image:height\" content=\"800\" \/>\n\t<meta property=\"og:image:type\" content=\"image\/jpeg\" \/>\n<meta name=\"author\" content=\"miron\" \/>\n<meta name=\"twitter:card\" content=\"summary_large_image\" \/>\n<script type=\"application\/ld+json\" class=\"yoast-schema-graph\">{\"@context\":\"https:\\\/\\\/schema.org\",\"@graph\":[{\"@type\":\"Article\",\"@id\":\"https:\\\/\\\/www.meydan.tv\\\/az\\\/article\\\/mudafie-nazirliyinin-tabeliyindeki-qurumlarla-bagli-143-milyonluq-menimseme\\\/#article\",\"isPartOf\":{\"@id\":\"https:\\\/\\\/www.meydan.tv\\\/az\\\/article\\\/mudafie-nazirliyinin-tabeliyindeki-qurumlarla-bagli-143-milyonluq-menimseme\\\/\"},\"author\":{\"name\":\"miron\",\"@id\":\"https:\\\/\\\/www.meydan.tv\\\/az\\\/#\\\/schema\\\/person\\\/981b0b284aeaa9ad0cbf814cd4a9d67c\"},\"headline\":\"M\u00fcdafi\u0259 Nazirliyinin tabeliyind\u0259ki qurumlarla ba\u011fl\u0131 143 milyonluq m\u0259nims\u0259m\u0259\",\"datePublished\":\"2023-09-22T20:05:58+00:00\",\"dateModified\":\"2023-09-22T21:34:26+00:00\",\"mainEntityOfPage\":{\"@id\":\"https:\\\/\\\/www.meydan.tv\\\/az\\\/article\\\/mudafie-nazirliyinin-tabeliyindeki-qurumlarla-bagli-143-milyonluq-menimseme\\\/\"},\"wordCount\":942,\"publisher\":{\"@id\":\"https:\\\/\\\/www.meydan.tv\\\/az\\\/#organization\"},\"image\":{\"@id\":\"https:\\\/\\\/www.meydan.tv\\\/az\\\/article\\\/mudafie-nazirliyinin-tabeliyindeki-qurumlarla-bagli-143-milyonluq-menimseme\\\/#primaryimage\"},\"thumbnailUrl\":\"https:\\\/\\\/www.meydan.tv\\\/wp-content\\\/uploads\\\/42737.jpg\",\"articleSection\":[\"Sosial\",\"X\u0259b\u0259rl\u0259r\"],\"inLanguage\":\"az\"},{\"@type\":\"WebPage\",\"@id\":\"https:\\\/\\\/www.meydan.tv\\\/az\\\/article\\\/mudafie-nazirliyinin-tabeliyindeki-qurumlarla-bagli-143-milyonluq-menimseme\\\/\",\"url\":\"https:\\\/\\\/www.meydan.tv\\\/az\\\/article\\\/mudafie-nazirliyinin-tabeliyindeki-qurumlarla-bagli-143-milyonluq-menimseme\\\/\",\"name\":\"M\u00fcdafi\u0259 Nazirliyinin tabeliyind\u0259ki qurumlarla ba\u011fl\u0131 143 milyonluq m\u0259nims\u0259m\u0259 - MEYDAN.TV\",\"isPartOf\":{\"@id\":\"https:\\\/\\\/www.meydan.tv\\\/az\\\/#website\"},\"primaryImageOfPage\":{\"@id\":\"https:\\\/\\\/www.meydan.tv\\\/az\\\/article\\\/mudafie-nazirliyinin-tabeliyindeki-qurumlarla-bagli-143-milyonluq-menimseme\\\/#primaryimage\"},\"image\":{\"@id\":\"https:\\\/\\\/www.meydan.tv\\\/az\\\/article\\\/mudafie-nazirliyinin-tabeliyindeki-qurumlarla-bagli-143-milyonluq-menimseme\\\/#primaryimage\"},\"thumbnailUrl\":\"https:\\\/\\\/www.meydan.tv\\\/wp-content\\\/uploads\\\/42737.jpg\",\"datePublished\":\"2023-09-22T20:05:58+00:00\",\"dateModified\":\"2023-09-22T21:34:26+00:00\",\"breadcrumb\":{\"@id\":\"https:\\\/\\\/www.meydan.tv\\\/az\\\/article\\\/mudafie-nazirliyinin-tabeliyindeki-qurumlarla-bagli-143-milyonluq-menimseme\\\/#breadcrumb\"},\"inLanguage\":\"az\",\"potentialAction\":[{\"@type\":\"ReadAction\",\"target\":[\"https:\\\/\\\/www.meydan.tv\\\/az\\\/article\\\/mudafie-nazirliyinin-tabeliyindeki-qurumlarla-bagli-143-milyonluq-menimseme\\\/\"]}]},{\"@type\":\"ImageObject\",\"inLanguage\":\"az\",\"@id\":\"https:\\\/\\\/www.meydan.tv\\\/az\\\/article\\\/mudafie-nazirliyinin-tabeliyindeki-qurumlarla-bagli-143-milyonluq-menimseme\\\/#primaryimage\",\"url\":\"https:\\\/\\\/www.meydan.tv\\\/wp-content\\\/uploads\\\/42737.jpg\",\"contentUrl\":\"https:\\\/\\\/www.meydan.tv\\\/wp-content\\\/uploads\\\/42737.jpg\",\"width\":1200,\"height\":800,\"caption\":\"Foto: M\u00fcdafi\u0259 Nazirliyi\"},{\"@type\":\"BreadcrumbList\",\"@id\":\"https:\\\/\\\/www.meydan.tv\\\/az\\\/article\\\/mudafie-nazirliyinin-tabeliyindeki-qurumlarla-bagli-143-milyonluq-menimseme\\\/#breadcrumb\",\"itemListElement\":[{\"@type\":\"ListItem\",\"position\":1,\"name\":\"Ana s\u0259hif\u0259\",\"item\":\"https:\\\/\\\/www.meydan.tv\\\/az\\\/\"},{\"@type\":\"ListItem\",\"position\":2,\"name\":\"Sosial\",\"item\":\"https:\\\/\\\/www.meydan.tv\\\/az\\\/section\\\/sosial\\\/\"},{\"@type\":\"ListItem\",\"position\":3,\"name\":\"M\u00fcdafi\u0259 Nazirliyinin tabeliyind\u0259ki qurumlarla ba\u011fl\u0131 143 milyonluq m\u0259nims\u0259m\u0259\"}]},{\"@type\":\"WebSite\",\"@id\":\"https:\\\/\\\/www.meydan.tv\\\/az\\\/#website\",\"url\":\"https:\\\/\\\/www.meydan.tv\\\/az\\\/\",\"name\":\"MEYDAN.TV\",\"description\":\"Meydan TV Az\u0259rbaycan\u0131n media m\u0259kan\u0131ndak\u0131 alternativ s\u0259sidir\",\"publisher\":{\"@id\":\"https:\\\/\\\/www.meydan.tv\\\/az\\\/#organization\"},\"potentialAction\":[{\"@type\":\"SearchAction\",\"target\":{\"@type\":\"EntryPoint\",\"urlTemplate\":\"https:\\\/\\\/www.meydan.tv\\\/az\\\/?s={search_term_string}\"},\"query-input\":{\"@type\":\"PropertyValueSpecification\",\"valueRequired\":true,\"valueName\":\"search_term_string\"}}],\"inLanguage\":\"az\"},{\"@type\":\"Organization\",\"@id\":\"https:\\\/\\\/www.meydan.tv\\\/az\\\/#organization\",\"name\":\"Meydan TV\",\"url\":\"https:\\\/\\\/www.meydan.tv\\\/az\\\/\",\"logo\":{\"@type\":\"ImageObject\",\"inLanguage\":\"az\",\"@id\":\"https:\\\/\\\/www.meydan.tv\\\/az\\\/#\\\/schema\\\/logo\\\/image\\\/\",\"url\":\"https:\\\/\\\/www.meydan.tv\\\/wp-content\\\/uploads\\\/2021\\\/07\\\/meydan-logo.svg\",\"contentUrl\":\"https:\\\/\\\/www.meydan.tv\\\/wp-content\\\/uploads\\\/2021\\\/07\\\/meydan-logo.svg\",\"width\":195,\"height\":46,\"caption\":\"Meydan TV\"},\"image\":{\"@id\":\"https:\\\/\\\/www.meydan.tv\\\/az\\\/#\\\/schema\\\/logo\\\/image\\\/\"}},{\"@type\":\"Person\",\"@id\":\"https:\\\/\\\/www.meydan.tv\\\/az\\\/#\\\/schema\\\/person\\\/981b0b284aeaa9ad0cbf814cd4a9d67c\",\"name\":\"miron\"}]}<\/script>\n<!-- \/ Yoast SEO plugin. -->","yoast_head_json":{"title":"M\u00fcdafi\u0259 Nazirliyinin tabeliyind\u0259ki qurumlarla ba\u011fl\u0131 143 milyonluq m\u0259nims\u0259m\u0259 - MEYDAN.TV","robots":{"index":"index","follow":"follow","max-snippet":"max-snippet:-1","max-image-preview":"max-image-preview:large","max-video-preview":"max-video-preview:-1"},"canonical":"https:\/\/www.meydan.tv\/az\/article\/mudafie-nazirliyinin-tabeliyindeki-qurumlarla-bagli-143-milyonluq-menimseme\/","og_locale":"az_AZ","og_type":"article","og_title":"M\u00fcdafi\u0259 Nazirliyinin tabeliyind\u0259ki qurumlarla ba\u011fl\u0131 143 milyonluq m\u0259nims\u0259m\u0259 - MEYDAN.TV","og_description":"T\u0259qsirl\u0259ndiril\u0259nl\u0259r r\u0259q\u0259ml\u0259rin \u015fi\u015firdildiyini deyirl\u0259r M\u00fcdafi\u0259 Nazirliyinin Maliyy\u0259 v\u0259 B\u00fcdc\u0259 \u0130dar\u0259sinin ... Davam\u0131","og_url":"https:\/\/www.meydan.tv\/az\/article\/mudafie-nazirliyinin-tabeliyindeki-qurumlarla-bagli-143-milyonluq-menimseme\/","og_site_name":"MEYDAN.TV","article_published_time":"2023-09-22T20:05:58+00:00","article_modified_time":"2023-09-22T21:34:26+00:00","og_image":[{"width":1200,"height":800,"url":"https:\/\/www.meydan.tv\/wp-content\/uploads\/42737.jpg","type":"image\/jpeg"}],"author":"miron","twitter_card":"summary_large_image","schema":{"@context":"https:\/\/schema.org","@graph":[{"@type":"Article","@id":"https:\/\/www.meydan.tv\/az\/article\/mudafie-nazirliyinin-tabeliyindeki-qurumlarla-bagli-143-milyonluq-menimseme\/#article","isPartOf":{"@id":"https:\/\/www.meydan.tv\/az\/article\/mudafie-nazirliyinin-tabeliyindeki-qurumlarla-bagli-143-milyonluq-menimseme\/"},"author":{"name":"miron","@id":"https:\/\/www.meydan.tv\/az\/#\/schema\/person\/981b0b284aeaa9ad0cbf814cd4a9d67c"},"headline":"M\u00fcdafi\u0259 Nazirliyinin tabeliyind\u0259ki qurumlarla ba\u011fl\u0131 143 milyonluq m\u0259nims\u0259m\u0259","datePublished":"2023-09-22T20:05:58+00:00","dateModified":"2023-09-22T21:34:26+00:00","mainEntityOfPage":{"@id":"https:\/\/www.meydan.tv\/az\/article\/mudafie-nazirliyinin-tabeliyindeki-qurumlarla-bagli-143-milyonluq-menimseme\/"},"wordCount":942,"publisher":{"@id":"https:\/\/www.meydan.tv\/az\/#organization"},"image":{"@id":"https:\/\/www.meydan.tv\/az\/article\/mudafie-nazirliyinin-tabeliyindeki-qurumlarla-bagli-143-milyonluq-menimseme\/#primaryimage"},"thumbnailUrl":"https:\/\/www.meydan.tv\/wp-content\/uploads\/42737.jpg","articleSection":["Sosial","X\u0259b\u0259rl\u0259r"],"inLanguage":"az"},{"@type":"WebPage","@id":"https:\/\/www.meydan.tv\/az\/article\/mudafie-nazirliyinin-tabeliyindeki-qurumlarla-bagli-143-milyonluq-menimseme\/","url":"https:\/\/www.meydan.tv\/az\/article\/mudafie-nazirliyinin-tabeliyindeki-qurumlarla-bagli-143-milyonluq-menimseme\/","name":"M\u00fcdafi\u0259 Nazirliyinin tabeliyind\u0259ki qurumlarla ba\u011fl\u0131 143 milyonluq m\u0259nims\u0259m\u0259 - MEYDAN.TV","isPartOf":{"@id":"https:\/\/www.meydan.tv\/az\/#website"},"primaryImageOfPage":{"@id":"https:\/\/www.meydan.tv\/az\/article\/mudafie-nazirliyinin-tabeliyindeki-qurumlarla-bagli-143-milyonluq-menimseme\/#primaryimage"},"image":{"@id":"https:\/\/www.meydan.tv\/az\/article\/mudafie-nazirliyinin-tabeliyindeki-qurumlarla-bagli-143-milyonluq-menimseme\/#primaryimage"},"thumbnailUrl":"https:\/\/www.meydan.tv\/wp-content\/uploads\/42737.jpg","datePublished":"2023-09-22T20:05:58+00:00","dateModified":"2023-09-22T21:34:26+00:00","breadcrumb":{"@id":"https:\/\/www.meydan.tv\/az\/article\/mudafie-nazirliyinin-tabeliyindeki-qurumlarla-bagli-143-milyonluq-menimseme\/#breadcrumb"},"inLanguage":"az","potentialAction":[{"@type":"ReadAction","target":["https:\/\/www.meydan.tv\/az\/article\/mudafie-nazirliyinin-tabeliyindeki-qurumlarla-bagli-143-milyonluq-menimseme\/"]}]},{"@type":"ImageObject","inLanguage":"az","@id":"https:\/\/www.meydan.tv\/az\/article\/mudafie-nazirliyinin-tabeliyindeki-qurumlarla-bagli-143-milyonluq-menimseme\/#primaryimage","url":"https:\/\/www.meydan.tv\/wp-content\/uploads\/42737.jpg","contentUrl":"https:\/\/www.meydan.tv\/wp-content\/uploads\/42737.jpg","width":1200,"height":800,"caption":"Foto: M\u00fcdafi\u0259 Nazirliyi"},{"@type":"BreadcrumbList","@id":"https:\/\/www.meydan.tv\/az\/article\/mudafie-nazirliyinin-tabeliyindeki-qurumlarla-bagli-143-milyonluq-menimseme\/#breadcrumb","itemListElement":[{"@type":"ListItem","position":1,"name":"Ana s\u0259hif\u0259","item":"https:\/\/www.meydan.tv\/az\/"},{"@type":"ListItem","position":2,"name":"Sosial","item":"https:\/\/www.meydan.tv\/az\/section\/sosial\/"},{"@type":"ListItem","position":3,"name":"M\u00fcdafi\u0259 Nazirliyinin tabeliyind\u0259ki qurumlarla ba\u011fl\u0131 143 milyonluq m\u0259nims\u0259m\u0259"}]},{"@type":"WebSite","@id":"https:\/\/www.meydan.tv\/az\/#website","url":"https:\/\/www.meydan.tv\/az\/","name":"MEYDAN.TV","description":"Meydan TV Az\u0259rbaycan\u0131n media m\u0259kan\u0131ndak\u0131 alternativ s\u0259sidir","publisher":{"@id":"https:\/\/www.meydan.tv\/az\/#organization"},"potentialAction":[{"@type":"SearchAction","target":{"@type":"EntryPoint","urlTemplate":"https:\/\/www.meydan.tv\/az\/?s={search_term_string}"},"query-input":{"@type":"PropertyValueSpecification","valueRequired":true,"valueName":"search_term_string"}}],"inLanguage":"az"},{"@type":"Organization","@id":"https:\/\/www.meydan.tv\/az\/#organization","name":"Meydan TV","url":"https:\/\/www.meydan.tv\/az\/","logo":{"@type":"ImageObject","inLanguage":"az","@id":"https:\/\/www.meydan.tv\/az\/#\/schema\/logo\/image\/","url":"https:\/\/www.meydan.tv\/wp-content\/uploads\/2021\/07\/meydan-logo.svg","contentUrl":"https:\/\/www.meydan.tv\/wp-content\/uploads\/2021\/07\/meydan-logo.svg","width":195,"height":46,"caption":"Meydan TV"},"image":{"@id":"https:\/\/www.meydan.tv\/az\/#\/schema\/logo\/image\/"}},{"@type":"Person","@id":"https:\/\/www.meydan.tv\/az\/#\/schema\/person\/981b0b284aeaa9ad0cbf814cd4a9d67c","name":"miron"}]}},"_links":{"self":[{"href":"https:\/\/www.meydan.tv\/az\/wp-json\/wp\/v2\/posts\/285774","targetHints":{"allow":["GET"]}}],"collection":[{"href":"https:\/\/www.meydan.tv\/az\/wp-json\/wp\/v2\/posts"}],"about":[{"href":"https:\/\/www.meydan.tv\/az\/wp-json\/wp\/v2\/types\/post"}],"author":[{"embeddable":true,"href":"https:\/\/www.meydan.tv\/az\/wp-json\/wp\/v2\/users\/18"}],"replies":[{"embeddable":true,"href":"https:\/\/www.meydan.tv\/az\/wp-json\/wp\/v2\/comments?post=285774"}],"version-history":[{"count":2,"href":"https:\/\/www.meydan.tv\/az\/wp-json\/wp\/v2\/posts\/285774\/revisions"}],"predecessor-version":[{"id":285777,"href":"https:\/\/www.meydan.tv\/az\/wp-json\/wp\/v2\/posts\/285774\/revisions\/285777"}],"wp:featuredmedia":[{"embeddable":true,"href":"https:\/\/www.meydan.tv\/az\/wp-json\/wp\/v2\/media\/107616"}],"wp:attachment":[{"href":"https:\/\/www.meydan.tv\/az\/wp-json\/wp\/v2\/media?parent=285774"}],"wp:term":[{"taxonomy":"category","embeddable":true,"href":"https:\/\/www.meydan.tv\/az\/wp-json\/wp\/v2\/categories?post=285774"},{"taxonomy":"post_tag","embeddable":true,"href":"https:\/\/www.meydan.tv\/az\/wp-json\/wp\/v2\/tags?post=285774"}],"curies":[{"name":"wp","href":"https:\/\/api.w.org\/{rel}","templated":true}]}}