{"id":285746,"date":"2023-09-22T16:48:55","date_gmt":"2023-09-22T12:48:55","guid":{"rendered":"https:\/\/www.meydan.tv\/?p=285746"},"modified":"2023-09-22T16:48:58","modified_gmt":"2023-09-22T12:48:58","slug":"snup-doqun-ermenistandaki-konserti-texire-dusdu","status":"publish","type":"post","link":"https:\/\/www.meydan.tv\/az\/article\/snup-doqun-ermenistandaki-konserti-texire-dusdu\/","title":{"rendered":"Snup Doqun Erm\u0259nistandak\u0131 konserti t\u0259xir\u0259 d\u00fc\u015fd\u00fc"},"content":{"rendered":"\n<p><\/p>\n\n\n\n<p><strong><em>Bilet alanlar x\u0259b\u0259ri etirazla qar\u015f\u0131lay\u0131blar<\/em><\/strong><\/p>\n\n\n\n<p>Amerikal\u0131 rep\u00e7i Snup Doqun (Snoop Dogg) sentyabr\u0131n 23-d\u0259 Erm\u0259nistanda ke\u00e7iril\u0259c\u0259k konsertinin vaxt\u0131 d\u0259yi\u015fdirilib.<\/p>\n\n\n\n<p>T\u0259\u015fkilat\u00e7\u0131lar\u0131n konserti Qaraba\u011f \u0259traf\u0131nda ba\u015f ver\u0259n hadis\u0259l\u0259rl\u0259 \u0259laq\u0259dar qeyri-m\u00fc\u0259yy\u0259n m\u00fcdd\u0259t\u0259 ert\u0259l\u0259dikl\u0259rini a\u00e7\u0131qlad\u0131\u011f\u0131 <a href=\"https:\/\/en.armradio.am\/2023\/09\/21\/snoop-doggs-concert-in-armenia-rescheduled\/#:~:text=Snoop%20Dogg's%20concert%20in%20Yerevan,for%20September%2023%2C%20it%20said\">bildirilir.<\/a><\/p>\n\n\n\n<p>Bilet alanlara tezlikl\u0259 konsertin ke\u00e7ir\u0259c\u0259yi tarixl\u0259 ba\u011fl\u0131 m\u0259lumat veril\u0259c\u0259yi qeyd edilib.<\/p>\n\n\n\n<p>Konsert\u0259 dig\u0259r \u00f6lk\u0259l\u0259rd\u0259n bilet alan, m\u00fcvafiq olaraq u\u00e7u\u015f v\u0259 oteld\u0259 qalma x\u0259rcl\u0259rini \u00f6d\u0259y\u0259n \u015f\u0259xsl\u0259r\u0259 cavab verilm\u0259diyi \u00fc\u00e7\u00fcn t\u0259\u015fkilat\u00e7\u0131lar\u0131n a\u00e7\u0131qlamas\u0131 internetd\u0259 hidd\u0259t\u0259 s\u0259b\u0259b olub.<\/p>\n\n\n\n<p>Daha \u00f6nc\u0259 Snup Doqun konserti \u00fc\u00e7\u00fcn d\u00f6vl\u0259t b\u00fcdc\u0259sind\u0259n 2,318 milyard dram (6 milyon dollardan \u00e7ox) ayr\u0131ld\u0131\u011f\u0131 <a href=\"https:\/\/www.meydan.tv\/az\/article\/yerevana-sefere-hazirlasan-repci-qarabag-ermenilerine-de-seslendi\/\">bildirilirdi.<\/a><\/p>\n\n\n\n<p>2023-c\u00fc il sentyabr\u0131n 19-da Az\u0259rbaycan M\u00fcdafi\u0259 Nazirliyi Qaraba\u011fda h\u0259rbi \u0259m\u0259liyyatlara ba\u015flay\u0131b.<\/p>\n\n\n\n<p>Sentyabr\u0131n 20-d\u0259 saat 13:00-dan etibar\u0259n Rusiya s\u00fclhm\u0259raml\u0131lar\u0131n\u0131n vasit\u0259\u00e7iliyi il\u0259 h\u0259rbi \u0259m\u0259liyyatlar\u0131n tam dayand\u0131r\u0131lmas\u0131 bar\u0259d\u0259 raz\u0131l\u0131q \u0259ld\u0259 olunub.<\/p>\n\n\n\n<p>Sentyabr\u0131n 21-d\u0259 Az\u0259rbaycan\u0131n Yevlax \u015f\u0259h\u0259rind\u0259 Qaraba\u011f erm\u0259nil\u0259rinin n\u00fcmay\u0259nd\u0259l\u0259ri v\u0259 Az\u0259rbaycan r\u0259smil\u0259ri aras\u0131nda g\u00f6r\u00fc\u015f ke\u00e7irilib.<\/p>\n\n\n\n<p>G\u00f6r\u00fc\u015fd\u0259 ikit\u0259r\u0259fli m\u00fcnasib\u0259tl\u0259r, m\u00f6vcud olan probleml\u0259rin h\u0259lli m\u00fczakir\u0259 edilib.<\/p>\n","protected":false},"excerpt":{"rendered":"<p>Bilet alanlar x\u0259b\u0259ri etirazla qar\u015f\u0131lay\u0131blar Amerikal\u0131 rep\u00e7i Snup Doqun (Snoop &#8230; <\/p>\n<p class=\"read-more-container\"><a title=\"Snup Doqun Erm\u0259nistandak\u0131 konserti t\u0259xir\u0259 d\u00fc\u015fd\u00fc\" class=\"read-more button\" href=\"https:\/\/www.meydan.tv\/az\/article\/snup-doqun-ermenistandaki-konserti-texire-dusdu\/#more-285746\" aria-label=\"Read more about Snup Doqun Erm\u0259nistandak\u0131 konserti t\u0259xir\u0259 d\u00fc\u015fd\u00fc\">Davam\u0131<\/a><\/p>\n","protected":false},"author":8,"featured_media":285747,"comment_status":"closed","ping_status":"closed","sticky":false,"template":"","format":"standard","meta":{"_acf_changed":false,"_sitemap_exclude":false,"_sitemap_priority":"","_sitemap_frequency":"","footnotes":""},"categories":[52,56],"tags":[],"class_list":["post-285746","post","type-post","status-publish","format-standard","has-post-thumbnail","hentry","category-medeniyyet","category-xeberler","infinite-scroll-item","generate-columns","tablet-grid-50","mobile-grid-100","grid-parent","grid-33","no-featured-image-padding"],"acf":[],"yoast_head":"<!-- This site is optimized with the Yoast SEO plugin v27.4 - https:\/\/yoast.com\/product\/yoast-seo-wordpress\/ -->\n<title>Snup Doqun Erm\u0259nistandak\u0131 konserti t\u0259xir\u0259 d\u00fc\u015fd\u00fc - MEYDAN.TV<\/title>\n<meta name=\"robots\" content=\"index, follow, max-snippet:-1, max-image-preview:large, max-video-preview:-1\" \/>\n<link rel=\"canonical\" href=\"https:\/\/www.meydan.tv\/az\/article\/snup-doqun-ermenistandaki-konserti-texire-dusdu\/\" \/>\n<meta property=\"og:locale\" content=\"az_AZ\" \/>\n<meta property=\"og:type\" content=\"article\" \/>\n<meta property=\"og:title\" content=\"Snup Doqun Erm\u0259nistandak\u0131 konserti t\u0259xir\u0259 d\u00fc\u015fd\u00fc - MEYDAN.TV\" \/>\n<meta property=\"og:description\" content=\"Bilet alanlar x\u0259b\u0259ri etirazla qar\u015f\u0131lay\u0131blar Amerikal\u0131 rep\u00e7i Snup Doqun (Snoop ... Davam\u0131\" \/>\n<meta property=\"og:url\" content=\"https:\/\/www.meydan.tv\/az\/article\/snup-doqun-ermenistandaki-konserti-texire-dusdu\/\" \/>\n<meta property=\"og:site_name\" content=\"MEYDAN.TV\" \/>\n<meta property=\"article:published_time\" content=\"2023-09-22T12:48:55+00:00\" \/>\n<meta property=\"article:modified_time\" content=\"2023-09-22T12:48:58+00:00\" \/>\n<meta property=\"og:image\" content=\"https:\/\/www.meydan.tv\/wp-content\/uploads\/shutterstock_1496905184-scaled-e1695386459718.jpg\" \/>\n\t<meta property=\"og:image:width\" content=\"2560\" \/>\n\t<meta property=\"og:image:height\" content=\"1437\" \/>\n\t<meta property=\"og:image:type\" content=\"image\/jpeg\" \/>\n<meta name=\"author\" content=\"elli\" \/>\n<meta name=\"twitter:card\" content=\"summary_large_image\" \/>\n<meta name=\"twitter:creator\" content=\"@elli\" \/>\n<script type=\"application\/ld+json\" class=\"yoast-schema-graph\">{\"@context\":\"https:\\\/\\\/schema.org\",\"@graph\":[{\"@type\":\"Article\",\"@id\":\"https:\\\/\\\/www.meydan.tv\\\/az\\\/article\\\/snup-doqun-ermenistandaki-konserti-texire-dusdu\\\/#article\",\"isPartOf\":{\"@id\":\"https:\\\/\\\/www.meydan.tv\\\/az\\\/article\\\/snup-doqun-ermenistandaki-konserti-texire-dusdu\\\/\"},\"author\":{\"name\":\"elli\",\"@id\":\"https:\\\/\\\/www.meydan.tv\\\/az\\\/#\\\/schema\\\/person\\\/9cdbecf90d17180ce1dfbd95b08dcf47\"},\"headline\":\"Snup Doqun Erm\u0259nistandak\u0131 konserti t\u0259xir\u0259 d\u00fc\u015fd\u00fc\",\"datePublished\":\"2023-09-22T12:48:55+00:00\",\"dateModified\":\"2023-09-22T12:48:58+00:00\",\"mainEntityOfPage\":{\"@id\":\"https:\\\/\\\/www.meydan.tv\\\/az\\\/article\\\/snup-doqun-ermenistandaki-konserti-texire-dusdu\\\/\"},\"wordCount\":251,\"publisher\":{\"@id\":\"https:\\\/\\\/www.meydan.tv\\\/az\\\/#organization\"},\"image\":{\"@id\":\"https:\\\/\\\/www.meydan.tv\\\/az\\\/article\\\/snup-doqun-ermenistandaki-konserti-texire-dusdu\\\/#primaryimage\"},\"thumbnailUrl\":\"https:\\\/\\\/www.meydan.tv\\\/wp-content\\\/uploads\\\/shutterstock_1496905184-scaled-e1695386459718.jpg\",\"articleSection\":[\"M\u0259d\u0259niyy\u0259t\",\"X\u0259b\u0259rl\u0259r\"],\"inLanguage\":\"az\"},{\"@type\":\"WebPage\",\"@id\":\"https:\\\/\\\/www.meydan.tv\\\/az\\\/article\\\/snup-doqun-ermenistandaki-konserti-texire-dusdu\\\/\",\"url\":\"https:\\\/\\\/www.meydan.tv\\\/az\\\/article\\\/snup-doqun-ermenistandaki-konserti-texire-dusdu\\\/\",\"name\":\"Snup Doqun Erm\u0259nistandak\u0131 konserti t\u0259xir\u0259 d\u00fc\u015fd\u00fc - MEYDAN.TV\",\"isPartOf\":{\"@id\":\"https:\\\/\\\/www.meydan.tv\\\/az\\\/#website\"},\"primaryImageOfPage\":{\"@id\":\"https:\\\/\\\/www.meydan.tv\\\/az\\\/article\\\/snup-doqun-ermenistandaki-konserti-texire-dusdu\\\/#primaryimage\"},\"image\":{\"@id\":\"https:\\\/\\\/www.meydan.tv\\\/az\\\/article\\\/snup-doqun-ermenistandaki-konserti-texire-dusdu\\\/#primaryimage\"},\"thumbnailUrl\":\"https:\\\/\\\/www.meydan.tv\\\/wp-content\\\/uploads\\\/shutterstock_1496905184-scaled-e1695386459718.jpg\",\"datePublished\":\"2023-09-22T12:48:55+00:00\",\"dateModified\":\"2023-09-22T12:48:58+00:00\",\"breadcrumb\":{\"@id\":\"https:\\\/\\\/www.meydan.tv\\\/az\\\/article\\\/snup-doqun-ermenistandaki-konserti-texire-dusdu\\\/#breadcrumb\"},\"inLanguage\":\"az\",\"potentialAction\":[{\"@type\":\"ReadAction\",\"target\":[\"https:\\\/\\\/www.meydan.tv\\\/az\\\/article\\\/snup-doqun-ermenistandaki-konserti-texire-dusdu\\\/\"]}]},{\"@type\":\"ImageObject\",\"inLanguage\":\"az\",\"@id\":\"https:\\\/\\\/www.meydan.tv\\\/az\\\/article\\\/snup-doqun-ermenistandaki-konserti-texire-dusdu\\\/#primaryimage\",\"url\":\"https:\\\/\\\/www.meydan.tv\\\/wp-content\\\/uploads\\\/shutterstock_1496905184-scaled-e1695386459718.jpg\",\"contentUrl\":\"https:\\\/\\\/www.meydan.tv\\\/wp-content\\\/uploads\\\/shutterstock_1496905184-scaled-e1695386459718.jpg\",\"width\":2560,\"height\":1437,\"caption\":\"Snup Doq. Foto: shutterstock\\\/Jeff Bukowski\"},{\"@type\":\"BreadcrumbList\",\"@id\":\"https:\\\/\\\/www.meydan.tv\\\/az\\\/article\\\/snup-doqun-ermenistandaki-konserti-texire-dusdu\\\/#breadcrumb\",\"itemListElement\":[{\"@type\":\"ListItem\",\"position\":1,\"name\":\"Ana s\u0259hif\u0259\",\"item\":\"https:\\\/\\\/www.meydan.tv\\\/az\\\/\"},{\"@type\":\"ListItem\",\"position\":2,\"name\":\"M\u0259d\u0259niyy\u0259t\",\"item\":\"https:\\\/\\\/www.meydan.tv\\\/az\\\/section\\\/medeniyyet\\\/\"},{\"@type\":\"ListItem\",\"position\":3,\"name\":\"Snup Doqun Erm\u0259nistandak\u0131 konserti t\u0259xir\u0259 d\u00fc\u015fd\u00fc\"}]},{\"@type\":\"WebSite\",\"@id\":\"https:\\\/\\\/www.meydan.tv\\\/az\\\/#website\",\"url\":\"https:\\\/\\\/www.meydan.tv\\\/az\\\/\",\"name\":\"MEYDAN.TV\",\"description\":\"Meydan TV Az\u0259rbaycan\u0131n media m\u0259kan\u0131ndak\u0131 alternativ s\u0259sidir\",\"publisher\":{\"@id\":\"https:\\\/\\\/www.meydan.tv\\\/az\\\/#organization\"},\"potentialAction\":[{\"@type\":\"SearchAction\",\"target\":{\"@type\":\"EntryPoint\",\"urlTemplate\":\"https:\\\/\\\/www.meydan.tv\\\/az\\\/?s={search_term_string}\"},\"query-input\":{\"@type\":\"PropertyValueSpecification\",\"valueRequired\":true,\"valueName\":\"search_term_string\"}}],\"inLanguage\":\"az\"},{\"@type\":\"Organization\",\"@id\":\"https:\\\/\\\/www.meydan.tv\\\/az\\\/#organization\",\"name\":\"Meydan TV\",\"url\":\"https:\\\/\\\/www.meydan.tv\\\/az\\\/\",\"logo\":{\"@type\":\"ImageObject\",\"inLanguage\":\"az\",\"@id\":\"https:\\\/\\\/www.meydan.tv\\\/az\\\/#\\\/schema\\\/logo\\\/image\\\/\",\"url\":\"https:\\\/\\\/www.meydan.tv\\\/wp-content\\\/uploads\\\/2021\\\/07\\\/meydan-logo.svg\",\"contentUrl\":\"https:\\\/\\\/www.meydan.tv\\\/wp-content\\\/uploads\\\/2021\\\/07\\\/meydan-logo.svg\",\"width\":195,\"height\":46,\"caption\":\"Meydan TV\"},\"image\":{\"@id\":\"https:\\\/\\\/www.meydan.tv\\\/az\\\/#\\\/schema\\\/logo\\\/image\\\/\"}},{\"@type\":\"Person\",\"@id\":\"https:\\\/\\\/www.meydan.tv\\\/az\\\/#\\\/schema\\\/person\\\/9cdbecf90d17180ce1dfbd95b08dcf47\",\"name\":\"elli\",\"sameAs\":[\"https:\\\/\\\/x.com\\\/elli\"]}]}<\/script>\n<!-- \/ Yoast SEO plugin. -->","yoast_head_json":{"title":"Snup Doqun Erm\u0259nistandak\u0131 konserti t\u0259xir\u0259 d\u00fc\u015fd\u00fc - MEYDAN.TV","robots":{"index":"index","follow":"follow","max-snippet":"max-snippet:-1","max-image-preview":"max-image-preview:large","max-video-preview":"max-video-preview:-1"},"canonical":"https:\/\/www.meydan.tv\/az\/article\/snup-doqun-ermenistandaki-konserti-texire-dusdu\/","og_locale":"az_AZ","og_type":"article","og_title":"Snup Doqun Erm\u0259nistandak\u0131 konserti t\u0259xir\u0259 d\u00fc\u015fd\u00fc - MEYDAN.TV","og_description":"Bilet alanlar x\u0259b\u0259ri etirazla qar\u015f\u0131lay\u0131blar Amerikal\u0131 rep\u00e7i Snup Doqun (Snoop ... Davam\u0131","og_url":"https:\/\/www.meydan.tv\/az\/article\/snup-doqun-ermenistandaki-konserti-texire-dusdu\/","og_site_name":"MEYDAN.TV","article_published_time":"2023-09-22T12:48:55+00:00","article_modified_time":"2023-09-22T12:48:58+00:00","og_image":[{"width":2560,"height":1437,"url":"https:\/\/www.meydan.tv\/wp-content\/uploads\/shutterstock_1496905184-scaled-e1695386459718.jpg","type":"image\/jpeg"}],"author":"elli","twitter_card":"summary_large_image","twitter_creator":"@elli","schema":{"@context":"https:\/\/schema.org","@graph":[{"@type":"Article","@id":"https:\/\/www.meydan.tv\/az\/article\/snup-doqun-ermenistandaki-konserti-texire-dusdu\/#article","isPartOf":{"@id":"https:\/\/www.meydan.tv\/az\/article\/snup-doqun-ermenistandaki-konserti-texire-dusdu\/"},"author":{"name":"elli","@id":"https:\/\/www.meydan.tv\/az\/#\/schema\/person\/9cdbecf90d17180ce1dfbd95b08dcf47"},"headline":"Snup Doqun Erm\u0259nistandak\u0131 konserti t\u0259xir\u0259 d\u00fc\u015fd\u00fc","datePublished":"2023-09-22T12:48:55+00:00","dateModified":"2023-09-22T12:48:58+00:00","mainEntityOfPage":{"@id":"https:\/\/www.meydan.tv\/az\/article\/snup-doqun-ermenistandaki-konserti-texire-dusdu\/"},"wordCount":251,"publisher":{"@id":"https:\/\/www.meydan.tv\/az\/#organization"},"image":{"@id":"https:\/\/www.meydan.tv\/az\/article\/snup-doqun-ermenistandaki-konserti-texire-dusdu\/#primaryimage"},"thumbnailUrl":"https:\/\/www.meydan.tv\/wp-content\/uploads\/shutterstock_1496905184-scaled-e1695386459718.jpg","articleSection":["M\u0259d\u0259niyy\u0259t","X\u0259b\u0259rl\u0259r"],"inLanguage":"az"},{"@type":"WebPage","@id":"https:\/\/www.meydan.tv\/az\/article\/snup-doqun-ermenistandaki-konserti-texire-dusdu\/","url":"https:\/\/www.meydan.tv\/az\/article\/snup-doqun-ermenistandaki-konserti-texire-dusdu\/","name":"Snup Doqun Erm\u0259nistandak\u0131 konserti t\u0259xir\u0259 d\u00fc\u015fd\u00fc - MEYDAN.TV","isPartOf":{"@id":"https:\/\/www.meydan.tv\/az\/#website"},"primaryImageOfPage":{"@id":"https:\/\/www.meydan.tv\/az\/article\/snup-doqun-ermenistandaki-konserti-texire-dusdu\/#primaryimage"},"image":{"@id":"https:\/\/www.meydan.tv\/az\/article\/snup-doqun-ermenistandaki-konserti-texire-dusdu\/#primaryimage"},"thumbnailUrl":"https:\/\/www.meydan.tv\/wp-content\/uploads\/shutterstock_1496905184-scaled-e1695386459718.jpg","datePublished":"2023-09-22T12:48:55+00:00","dateModified":"2023-09-22T12:48:58+00:00","breadcrumb":{"@id":"https:\/\/www.meydan.tv\/az\/article\/snup-doqun-ermenistandaki-konserti-texire-dusdu\/#breadcrumb"},"inLanguage":"az","potentialAction":[{"@type":"ReadAction","target":["https:\/\/www.meydan.tv\/az\/article\/snup-doqun-ermenistandaki-konserti-texire-dusdu\/"]}]},{"@type":"ImageObject","inLanguage":"az","@id":"https:\/\/www.meydan.tv\/az\/article\/snup-doqun-ermenistandaki-konserti-texire-dusdu\/#primaryimage","url":"https:\/\/www.meydan.tv\/wp-content\/uploads\/shutterstock_1496905184-scaled-e1695386459718.jpg","contentUrl":"https:\/\/www.meydan.tv\/wp-content\/uploads\/shutterstock_1496905184-scaled-e1695386459718.jpg","width":2560,"height":1437,"caption":"Snup Doq. Foto: shutterstock\/Jeff Bukowski"},{"@type":"BreadcrumbList","@id":"https:\/\/www.meydan.tv\/az\/article\/snup-doqun-ermenistandaki-konserti-texire-dusdu\/#breadcrumb","itemListElement":[{"@type":"ListItem","position":1,"name":"Ana s\u0259hif\u0259","item":"https:\/\/www.meydan.tv\/az\/"},{"@type":"ListItem","position":2,"name":"M\u0259d\u0259niyy\u0259t","item":"https:\/\/www.meydan.tv\/az\/section\/medeniyyet\/"},{"@type":"ListItem","position":3,"name":"Snup Doqun Erm\u0259nistandak\u0131 konserti t\u0259xir\u0259 d\u00fc\u015fd\u00fc"}]},{"@type":"WebSite","@id":"https:\/\/www.meydan.tv\/az\/#website","url":"https:\/\/www.meydan.tv\/az\/","name":"MEYDAN.TV","description":"Meydan TV Az\u0259rbaycan\u0131n media m\u0259kan\u0131ndak\u0131 alternativ s\u0259sidir","publisher":{"@id":"https:\/\/www.meydan.tv\/az\/#organization"},"potentialAction":[{"@type":"SearchAction","target":{"@type":"EntryPoint","urlTemplate":"https:\/\/www.meydan.tv\/az\/?s={search_term_string}"},"query-input":{"@type":"PropertyValueSpecification","valueRequired":true,"valueName":"search_term_string"}}],"inLanguage":"az"},{"@type":"Organization","@id":"https:\/\/www.meydan.tv\/az\/#organization","name":"Meydan TV","url":"https:\/\/www.meydan.tv\/az\/","logo":{"@type":"ImageObject","inLanguage":"az","@id":"https:\/\/www.meydan.tv\/az\/#\/schema\/logo\/image\/","url":"https:\/\/www.meydan.tv\/wp-content\/uploads\/2021\/07\/meydan-logo.svg","contentUrl":"https:\/\/www.meydan.tv\/wp-content\/uploads\/2021\/07\/meydan-logo.svg","width":195,"height":46,"caption":"Meydan TV"},"image":{"@id":"https:\/\/www.meydan.tv\/az\/#\/schema\/logo\/image\/"}},{"@type":"Person","@id":"https:\/\/www.meydan.tv\/az\/#\/schema\/person\/9cdbecf90d17180ce1dfbd95b08dcf47","name":"elli","sameAs":["https:\/\/x.com\/elli"]}]}},"_links":{"self":[{"href":"https:\/\/www.meydan.tv\/az\/wp-json\/wp\/v2\/posts\/285746","targetHints":{"allow":["GET"]}}],"collection":[{"href":"https:\/\/www.meydan.tv\/az\/wp-json\/wp\/v2\/posts"}],"about":[{"href":"https:\/\/www.meydan.tv\/az\/wp-json\/wp\/v2\/types\/post"}],"author":[{"embeddable":true,"href":"https:\/\/www.meydan.tv\/az\/wp-json\/wp\/v2\/users\/8"}],"replies":[{"embeddable":true,"href":"https:\/\/www.meydan.tv\/az\/wp-json\/wp\/v2\/comments?post=285746"}],"version-history":[{"count":1,"href":"https:\/\/www.meydan.tv\/az\/wp-json\/wp\/v2\/posts\/285746\/revisions"}],"predecessor-version":[{"id":285750,"href":"https:\/\/www.meydan.tv\/az\/wp-json\/wp\/v2\/posts\/285746\/revisions\/285750"}],"wp:featuredmedia":[{"embeddable":true,"href":"https:\/\/www.meydan.tv\/az\/wp-json\/wp\/v2\/media\/285747"}],"wp:attachment":[{"href":"https:\/\/www.meydan.tv\/az\/wp-json\/wp\/v2\/media?parent=285746"}],"wp:term":[{"taxonomy":"category","embeddable":true,"href":"https:\/\/www.meydan.tv\/az\/wp-json\/wp\/v2\/categories?post=285746"},{"taxonomy":"post_tag","embeddable":true,"href":"https:\/\/www.meydan.tv\/az\/wp-json\/wp\/v2\/tags?post=285746"}],"curies":[{"name":"wp","href":"https:\/\/api.w.org\/{rel}","templated":true}]}}