{"id":285724,"date":"2023-09-22T12:54:01","date_gmt":"2023-09-22T08:54:01","guid":{"rendered":"https:\/\/www.meydan.tv\/?p=285724"},"modified":"2023-09-22T12:54:05","modified_gmt":"2023-09-22T08:54:05","slug":"ai-qarabagdaki-emeliyyatlari-pisledi","status":"publish","type":"post","link":"https:\/\/www.meydan.tv\/az\/article\/ai-qarabagdaki-emeliyyatlari-pisledi\/","title":{"rendered":"A\u0130 Qaraba\u011fdak\u0131 \u0259m\u0259liyyatlar\u0131 pisl\u0259di"},"content":{"rendered":"\n<p><\/p>\n\n\n\n<p><strong><em>Borrel La\u00e7\u0131n d\u0259hlizinin yenid\u0259n a\u00e7\u0131lmas\u0131n\u0131 ist\u0259yir<\/em><\/strong><\/p>\n\n\n\n<p>Avropa \u0130ttifaq\u0131 (A\u0130) Az\u0259rbaycan\u0131n Qaraba\u011f\u0131n erm\u0259ni \u0259halisin\u0259 qar\u015f\u0131 h\u0259rbi \u0259m\u0259liyyat\u0131n\u0131 pisl\u0259yir.<\/p>\n\n\n\n<p>G\u0259rginliyin s\u0259b\u0259b oldu\u011fu itki v\u0259 insan t\u0259l\u0259fat\u0131ndan t\u0259\u0259ss\u00fcfl\u0259nir.<\/p>\n\n\n\n<p>Bu bar\u0259d\u0259 qurumun ali t\u0259msil\u00e7isi Cozep Borrelin <a href=\"https:\/\/www.eeas.europa.eu\/eeas\/azerbaijan-statement-high-representative-developments-nagorno-karabakh_en\">b\u0259yanat\u0131nda<\/a> bildirilir.<\/p>\n\n\n\n<p>S\u0259n\u0259dd\u0259 qeyd edilir ki, at\u0259\u015fk\u0259s raz\u0131la\u015fmas\u0131n\u0131n \u0259ld\u0259 olunmas\u0131 il\u0259 ba\u011fl\u0131 m\u00fcvafiq a\u00e7\u0131qlamalar n\u0259z\u0259r\u0259 al\u0131n\u0131b.<\/p>\n\n\n\n<p>A\u0130 indiki zamanda h\u0259rbi \u0259m\u0259liyyatlar\u0131n d\u0259rhal v\u0259 tam dayand\u0131r\u0131lmas\u0131n\u0131 v\u0259 at\u0259\u015fk\u0259s\u0259 \u0259m\u0259l olunmas\u0131n\u0131 ist\u0259yir.<\/p>\n\n\n\n<p>T\u0259\u015fkilat Az\u0259rbaycan\u0131 humanitar yard\u0131m\u0131n ehtiyac\u0131 olan \u0259haliy\u0259 t\u0259cili v\u0259 mane\u0259siz \u00e7\u0131x\u0131\u015f\u0131na icaz\u0259 verm\u0259y\u0259 \u00e7a\u011f\u0131r\u0131r.<\/p>\n\n\n\n<p>H\u0259m\u00e7inin ist\u0259yir ki, ICJ-nin 2023-c\u00fc ilin fevral v\u0259 iyul tarixli S\u0259r\u0259ncamlar\u0131na uy\u011fun olaraq La\u00e7\u0131n d\u0259hlizi yenid\u0259n tam a\u00e7\u0131ls\u0131n v\u0259 bu yoldan istifad\u0259y\u0259 izin verilsin.<\/p>\n\n\n\n<p>\u201c<em>Humanitar f\u0259aliyy\u0259t g\u00f6st\u0259r\u0259n \u015f\u0259xsl\u0259r s\u0259rb\u0259st f\u0259aliyy\u0259t g\u00f6st\u0259r\u0259 bilm\u0259lidirl\u0259r. A\u0130 v\u0259 onun \u00fczv d\u00f6vl\u0259tl\u0259ri t\u0259cili humanitar yard\u0131m g\u00f6st\u0259rm\u0259y\u0259 haz\u0131rd\u0131rlar. Biz Bak\u0131 v\u0259 Qaraba\u011f erm\u0259nil\u0259rini t\u0259cili olaraq h\u0259rt\u0259r\u0259fli v\u0259 \u015f\u0259ffaf dialoqa \u00e7a\u011f\u0131r\u0131r\u0131q\u201d, \u2013<\/em> dey\u0259 b\u0259yanatda bildirilir.<\/p>\n\n\n\n<p>S\u0259n\u0259dd\u0259 o da qeyd edilir ki, Az\u0259rbaycan Qaraba\u011f erm\u0259nil\u0259rinin h\u00fcquqlar\u0131n\u0131 v\u0259 t\u0259hl\u00fck\u0259sizliyini, o c\u00fcml\u0259d\u0259n onlar\u0131n \u00f6z evl\u0259rind\u0259 qorxu v\u0259 ayr\u0131se\u00e7kilik olmadan ya\u015famaq h\u00fcquqlar\u0131n\u0131 t\u0259min etm\u0259k \u00fc\u00e7\u00fcn m\u0259suliyy\u0259t da\u015f\u0131y\u0131r.<\/p>\n\n\n\n<p>Bildirilir ki, m\u00fclki \u0259halinin h\u0259rbi v\u0259 ya dig\u0259r vasit\u0259l\u0259rl\u0259 m\u0259cburi k\u00f6\u00e7k\u00fcnl\u0259\u015fm\u0259si A\u0130 t\u0259r\u0259find\u0259n s\u0259rt reaksiya il\u0259 qar\u015f\u0131lanacaq.<\/p>\n\n\n\n<p>\u201c<em>A\u0130 v\u0259ziyy\u0259tin daha da pisl\u0259\u015f\u0259c\u0259yi t\u0259qdird\u0259 m\u00fcvafiq t\u0259dbirl\u0259r g\u00f6rm\u0259y\u0259 haz\u0131rd\u0131r. Biz h\u0259m Az\u0259rbaycan\u0131n, h\u0259m d\u0259 Erm\u0259nistan\u0131n suverenliyi v\u0259 \u0259razi b\u00fct\u00f6vl\u00fcy\u00fcn\u00fc d\u0259st\u0259kl\u0259diyimizi yen\u0259 b\u0259yan edirik. Az\u0259rbaycan\u0131 1991-ci il Almat\u0131 B\u0259yannam\u0259sin\u0259 uy\u011fun olaraq Erm\u0259nistan\u0131n \u0259razi b\u00fct\u00f6vl\u00fcy\u00fcn\u0259 birm\u0259nal\u0131 sadiqliyini t\u0259sdiq etm\u0259y\u0259 \u00e7a\u011f\u0131r\u0131r\u0131q\u201d,<\/em> &#8211; b\u0259yanatda bildirilir.<\/p>\n\n\n\n<p>A\u0130 Erm\u0259nistan\u0131n demokratik yolla se\u00e7ilmi\u015f hakimiyy\u0259tin\u0259 t\u0259hl\u00fck\u0259sizlik v\u0259 \u00f6lk\u0259d\u0259 demokratik islahatlar\u0131n davam etdirilm\u0259sin\u0259 bundan sonra da d\u0259st\u0259k verm\u0259y\u0259 haz\u0131r oldu\u011funu ifad\u0259 edir.<\/p>\n\n\n\n<p>Bildirir ki, Avropa \u0130ttifaq\u0131n\u0131n Erm\u0259nistandak\u0131 Missiyas\u0131 (EUMA) Az\u0259rbaycanla beyn\u0259lxalq s\u0259rh\u0259din Erm\u0259nistan t\u0259r\u0259fi boyunca t\u0259hl\u00fck\u0259sizlik v\u0259ziyy\u0259tini m\u00fc\u015fahid\u0259 etm\u0259y\u0259 v\u0259 hesabat verm\u0259y\u0259 davam ed\u0259c\u0259k:<\/p>\n\n\n\n<p>\u201c<em>A\u0130 s\u00fclh m\u00fcqavil\u0259sinin ba\u011flanmas\u0131n\u0131 n\u0259z\u0259r\u0259 alaraq Erm\u0259nistan v\u0259 Az\u0259rbaycan aras\u0131nda b\u00fct\u00fcn g\u00f6zl\u0259nil\u0259n m\u0259s\u0259l\u0259l\u0259r \u00fczr\u0259 dan\u0131\u015f\u0131qlar\u0131 b\u0259rpa etm\u0259y\u0259 \u00e7a\u011f\u0131r\u0131r v\u0259 bu c\u00fcr dan\u0131\u015f\u0131qlar\u0131 d\u0259st\u0259kl\u0259m\u0259y\u0259 tam sadiqdir. Regionun b\u00fct\u00fcn xalqlar\u0131n\u0131n rifah\u0131 namin\u0259 uzunm\u00fcdd\u0259tli s\u00fclh\u00fc t\u0259min etm\u0259k m\u0259qs\u0259dil\u0259, x\u00fcsusil\u0259 Avropa \u0130ttifaq\u0131 \u015euras\u0131n\u0131n s\u0259drinin himay\u0259si v\u0259 A\u0130-nin x\u00fcsusi n\u00fcmay\u0259nd\u0259sinin d\u0259st\u0259yi il\u0259 t\u0259r\u0259fl\u0259r aras\u0131nda dialoqun asanla\u015fd\u0131r\u0131lmas\u0131na sadiqik\u201d.<\/em><\/p>\n\n\n<div class=\"wp-block-image\">\n<figure class=\"alignright size-full is-resized\"><img decoding=\"async\" data-src=\"https:\/\/www.meydan.tv\/wp-content\/uploads\/20191007pht63581-cl.jpg\" alt=\"\" class=\"wp-image-244590 lazyload\" style=\"--smush-placeholder-width: 400px; --smush-placeholder-aspect-ratio: 400\/266;width:400px;height:266px\" width=\"400\" height=\"266\" src=\"data:image\/svg+xml;base64,PHN2ZyB3aWR0aD0iMSIgaGVpZ2h0PSIxIiB4bWxucz0iaHR0cDovL3d3dy53My5vcmcvMjAwMC9zdmciPjwvc3ZnPg==\" \/><figcaption class=\"wp-element-caption\">Cozep Borrell. Foto: &#8220;europarl.europa.eu\/&#8221;<\/figcaption><\/figure>\n<\/div>\n\n\n<p>Sentyabr\u0131n 18-d\u0259n Qaraba\u011fdan \u00f6l\u00fcm x\u0259b\u0259rl\u0259ri g\u0259lm\u0259y\u0259 ba\u015flay\u0131b.<\/p>\n\n\n\n<p>Bunun ard\u0131nca, sentyabr\u0131n 19-da Az\u0259rbaycan M\u00fcdafi\u0259 Nazirliyi a\u00e7\u0131qlama ver\u0259r\u0259k Az\u0259rbaycan\u0131n \u00f6z \u0259razil\u0259rind\u0259 \u201clokal antiterror t\u0259dbirl\u0259ri\u201dn\u0259 ba\u015flad\u0131\u011f\u0131n\u0131 elan edib.<\/p>\n\n\n\n<p>M\u0259qs\u0259din erm\u0259ni silahl\u0131lar\u0131n\u0131n regiondan \u00e7\u0131xar\u0131lmas\u0131 oldu\u011fu bildirilib.<\/p>\n\n\n\n<p>Erm\u0259nistan is\u0259 a\u00e7\u0131qlama ver\u0259r\u0259k bildirib ki, Qaraba\u011fda erm\u0259ni q\u00fcvv\u0259l\u0259ri yoxdur. H\u0259m\u00e7inin Az\u0259rbaycan\u0131n etdiyini \u201cirimiqyasl\u0131 t\u0259cav\u00fcz\u201d adland\u0131r\u0131b.<\/p>\n\n\n\n<p>Az\u0259rbaycan\u0131n elan etdiyi anti-terror \u0259m\u0259liyyat\u0131 tam bir sutka sonra ba\u015fa \u00e7at\u0131b.<\/p>\n\n\n\n<p>Qaraba\u011f erm\u0259ni icmas\u0131n\u0131n n\u00fcmay\u0259nd\u0259l\u0259ri il\u0259 g\u00f6r\u00fc\u015f bar\u0259d\u0259 raz\u0131l\u0131\u011fa g\u0259linib.<\/p>\n\n\n\n<p>\u0130lkin a\u00e7\u0131qlamada Qaraba\u011fdak\u0131 silahl\u0131lar\u0131n t\u0259slim oldu\u011fu bildirils\u0259 d\u0259, sonradan onlardan b\u0259zil\u0259rinin dir\u0259ndiyi il\u0259 ba\u011fl\u0131 fikirl\u0259r s\u0259sl\u0259ndirilib.<\/p>\n\n\n\n<p>2020-ci ilin sentyabr\u0131nda Az\u0259rbaycan v\u0259 Erm\u0259nistan silahl\u0131 q\u00fcvv\u0259l\u0259ri aras\u0131nda ba\u015f vermi\u015f 44 g\u00fcnl\u00fck \u0130kinci Qaraba\u011f m\u00fcharib\u0259si n\u0259tic\u0259sind\u0259 Az\u0259rbaycan Qaraba\u011f\u0131n bir hiss\u0259sin\u0259 v\u0259 \u0259traf 7 rayona n\u0259zar\u0259ti b\u0259rpa edib.<\/p>\n\n\n\n<p>H\u0259min il noyabr\u0131n 10-da Az\u0259rbaycan, Erm\u0259nistan, Rusiya r\u0259hb\u0259rliyinin imzalad\u0131\u011f\u0131 \u00fc\u00e7t\u0259r\u0259fli birg\u0259 b\u0259yanatla d\u00f6y\u00fc\u015fl\u0259r dayand\u0131r\u0131landan sonra La\u00e7\u0131n d\u0259hlizind\u0259 v\u0259 Qaraba\u011fdak\u0131 t\u0259mas x\u0259ttind\u0259 Rusiya s\u00fclhm\u0259raml\u0131lar\u0131 yerl\u0259\u015fdirilib.<\/p>\n\n\n\n<p>Haz\u0131rk\u0131 m\u0259rh\u0259l\u0259d\u0259 \u0259razid\u0259 tez-tez at\u0259\u015fk\u0259s pozulur, h\u0259tta g\u00fcnl\u0259rl\u0259 s\u00fcr\u0259n d\u00f6y\u00fc\u015fl\u0259r ba\u015f verir.<\/p>\n\n\n\n<p>N\u0259tic\u0259d\u0259 h\u0259r iki t\u0259r\u0259f itki verir v\u0259 buna g\u00f6r\u0259 bir-birl\u0259rini g\u00fcnahland\u0131r\u0131rlar.<\/p>\n\n\n\n<p>T\u0259r\u0259fl\u0259r aras\u0131nda indiy\u0259 kimi s\u00fclh sazi\u015fi imzalanmay\u0131b.<\/p>\n\n\n\n<p>Son zamanlarda is\u0259 Az\u0259rbaycan Xank\u0259ndi v\u0259 dig\u0259r \u0259razil\u0259rd\u0259 qanunsuz erm\u0259ni silahl\u0131 birl\u0259\u015fm\u0259l\u0259rinin oldu\u011funu iddia edir.<\/p>\n\n\n\n<p>Bildirir ki, \u0259raziy\u0259 daimi qanunsuz silah da\u015f\u0131n\u0131r.<\/p>\n\n\n\n<p>Erm\u0259nistan is\u0259 bunu inkar edir, bildirir ki, \u0259razid\u0259 Erm\u0259nistan h\u0259rb\u00e7il\u0259ri yoxdur.<\/p>\n","protected":false},"excerpt":{"rendered":"<p>Borrel La\u00e7\u0131n d\u0259hlizinin yenid\u0259n a\u00e7\u0131lmas\u0131n\u0131 ist\u0259yir Avropa \u0130ttifaq\u0131 (A\u0130) Az\u0259rbaycan\u0131n &#8230; <\/p>\n<p class=\"read-more-container\"><a title=\"A\u0130 Qaraba\u011fdak\u0131 \u0259m\u0259liyyatlar\u0131 pisl\u0259di\" class=\"read-more button\" href=\"https:\/\/www.meydan.tv\/az\/article\/ai-qarabagdaki-emeliyyatlari-pisledi\/#more-285724\" aria-label=\"Read more about A\u0130 Qaraba\u011fdak\u0131 \u0259m\u0259liyyatlar\u0131 pisl\u0259di\">Davam\u0131<\/a><\/p>\n","protected":false},"author":8,"featured_media":233753,"comment_status":"closed","ping_status":"closed","sticky":false,"template":"","format":"standard","meta":{"_acf_changed":false,"_sitemap_exclude":false,"_sitemap_priority":"","_sitemap_frequency":"","footnotes":""},"categories":[59,79,56],"tags":[],"class_list":["post-285724","post","type-post","status-publish","format-standard","has-post-thumbnail","hentry","category-siyaset","category-featured","category-xeberler","infinite-scroll-item","generate-columns","tablet-grid-50","mobile-grid-100","grid-parent","grid-33","no-featured-image-padding"],"acf":[],"yoast_head":"<!-- This site is optimized with the Yoast SEO plugin v27.5 - https:\/\/yoast.com\/product\/yoast-seo-wordpress\/ -->\n<title>A\u0130 Qaraba\u011fdak\u0131 \u0259m\u0259liyyatlar\u0131 pisl\u0259di - MEYDAN.TV<\/title>\n<meta name=\"robots\" content=\"index, follow, max-snippet:-1, max-image-preview:large, max-video-preview:-1\" \/>\n<link rel=\"canonical\" href=\"https:\/\/www.meydan.tv\/az\/article\/ai-qarabagdaki-emeliyyatlari-pisledi\/\" \/>\n<meta property=\"og:locale\" content=\"az_AZ\" \/>\n<meta property=\"og:type\" content=\"article\" \/>\n<meta property=\"og:title\" content=\"A\u0130 Qaraba\u011fdak\u0131 \u0259m\u0259liyyatlar\u0131 pisl\u0259di - MEYDAN.TV\" \/>\n<meta property=\"og:description\" content=\"Borrel La\u00e7\u0131n d\u0259hlizinin yenid\u0259n a\u00e7\u0131lmas\u0131n\u0131 ist\u0259yir Avropa \u0130ttifaq\u0131 (A\u0130) Az\u0259rbaycan\u0131n ... Davam\u0131\" \/>\n<meta property=\"og:url\" content=\"https:\/\/www.meydan.tv\/az\/article\/ai-qarabagdaki-emeliyyatlari-pisledi\/\" \/>\n<meta property=\"og:site_name\" content=\"MEYDAN.TV\" \/>\n<meta property=\"article:published_time\" content=\"2023-09-22T08:54:01+00:00\" \/>\n<meta property=\"article:modified_time\" content=\"2023-09-22T08:54:05+00:00\" \/>\n<meta property=\"og:image\" content=\"https:\/\/www.meydan.tv\/wp-content\/uploads\/shutterstock_1122719429-e1643960172145.jpg\" \/>\n\t<meta property=\"og:image:width\" content=\"1200\" \/>\n\t<meta property=\"og:image:height\" content=\"693\" \/>\n\t<meta property=\"og:image:type\" content=\"image\/jpeg\" \/>\n<meta name=\"author\" content=\"elli\" \/>\n<meta name=\"twitter:card\" content=\"summary_large_image\" \/>\n<meta name=\"twitter:creator\" content=\"@elli\" \/>\n<script type=\"application\/ld+json\" class=\"yoast-schema-graph\">{\"@context\":\"https:\\\/\\\/schema.org\",\"@graph\":[{\"@type\":\"Article\",\"@id\":\"https:\\\/\\\/www.meydan.tv\\\/az\\\/article\\\/ai-qarabagdaki-emeliyyatlari-pisledi\\\/#article\",\"isPartOf\":{\"@id\":\"https:\\\/\\\/www.meydan.tv\\\/az\\\/article\\\/ai-qarabagdaki-emeliyyatlari-pisledi\\\/\"},\"author\":{\"name\":\"elli\",\"@id\":\"https:\\\/\\\/www.meydan.tv\\\/az\\\/#\\\/schema\\\/person\\\/9cdbecf90d17180ce1dfbd95b08dcf47\"},\"headline\":\"A\u0130 Qaraba\u011fdak\u0131 \u0259m\u0259liyyatlar\u0131 pisl\u0259di\",\"datePublished\":\"2023-09-22T08:54:01+00:00\",\"dateModified\":\"2023-09-22T08:54:05+00:00\",\"mainEntityOfPage\":{\"@id\":\"https:\\\/\\\/www.meydan.tv\\\/az\\\/article\\\/ai-qarabagdaki-emeliyyatlari-pisledi\\\/\"},\"wordCount\":989,\"publisher\":{\"@id\":\"https:\\\/\\\/www.meydan.tv\\\/az\\\/#organization\"},\"image\":{\"@id\":\"https:\\\/\\\/www.meydan.tv\\\/az\\\/article\\\/ai-qarabagdaki-emeliyyatlari-pisledi\\\/#primaryimage\"},\"thumbnailUrl\":\"https:\\\/\\\/www.meydan.tv\\\/wp-content\\\/uploads\\\/shutterstock_1122719429-e1643960172145.jpg\",\"articleSection\":[\"Siyas\u0259t\",\"T\u00f6vsiy\u0259\",\"X\u0259b\u0259rl\u0259r\"],\"inLanguage\":\"az\"},{\"@type\":\"WebPage\",\"@id\":\"https:\\\/\\\/www.meydan.tv\\\/az\\\/article\\\/ai-qarabagdaki-emeliyyatlari-pisledi\\\/\",\"url\":\"https:\\\/\\\/www.meydan.tv\\\/az\\\/article\\\/ai-qarabagdaki-emeliyyatlari-pisledi\\\/\",\"name\":\"A\u0130 Qaraba\u011fdak\u0131 \u0259m\u0259liyyatlar\u0131 pisl\u0259di - MEYDAN.TV\",\"isPartOf\":{\"@id\":\"https:\\\/\\\/www.meydan.tv\\\/az\\\/#website\"},\"primaryImageOfPage\":{\"@id\":\"https:\\\/\\\/www.meydan.tv\\\/az\\\/article\\\/ai-qarabagdaki-emeliyyatlari-pisledi\\\/#primaryimage\"},\"image\":{\"@id\":\"https:\\\/\\\/www.meydan.tv\\\/az\\\/article\\\/ai-qarabagdaki-emeliyyatlari-pisledi\\\/#primaryimage\"},\"thumbnailUrl\":\"https:\\\/\\\/www.meydan.tv\\\/wp-content\\\/uploads\\\/shutterstock_1122719429-e1643960172145.jpg\",\"datePublished\":\"2023-09-22T08:54:01+00:00\",\"dateModified\":\"2023-09-22T08:54:05+00:00\",\"breadcrumb\":{\"@id\":\"https:\\\/\\\/www.meydan.tv\\\/az\\\/article\\\/ai-qarabagdaki-emeliyyatlari-pisledi\\\/#breadcrumb\"},\"inLanguage\":\"az\",\"potentialAction\":[{\"@type\":\"ReadAction\",\"target\":[\"https:\\\/\\\/www.meydan.tv\\\/az\\\/article\\\/ai-qarabagdaki-emeliyyatlari-pisledi\\\/\"]}]},{\"@type\":\"ImageObject\",\"inLanguage\":\"az\",\"@id\":\"https:\\\/\\\/www.meydan.tv\\\/az\\\/article\\\/ai-qarabagdaki-emeliyyatlari-pisledi\\\/#primaryimage\",\"url\":\"https:\\\/\\\/www.meydan.tv\\\/wp-content\\\/uploads\\\/shutterstock_1122719429-e1643960172145.jpg\",\"contentUrl\":\"https:\\\/\\\/www.meydan.tv\\\/wp-content\\\/uploads\\\/shutterstock_1122719429-e1643960172145.jpg\",\"width\":1200,\"height\":693,\"caption\":\"Avropa \u0130ttifaq\u0131, Foto: Alexandros Michailidis\\\/shutterstock\"},{\"@type\":\"BreadcrumbList\",\"@id\":\"https:\\\/\\\/www.meydan.tv\\\/az\\\/article\\\/ai-qarabagdaki-emeliyyatlari-pisledi\\\/#breadcrumb\",\"itemListElement\":[{\"@type\":\"ListItem\",\"position\":1,\"name\":\"Ana s\u0259hif\u0259\",\"item\":\"https:\\\/\\\/www.meydan.tv\\\/az\\\/\"},{\"@type\":\"ListItem\",\"position\":2,\"name\":\"Siyas\u0259t\",\"item\":\"https:\\\/\\\/www.meydan.tv\\\/az\\\/section\\\/siyaset\\\/\"},{\"@type\":\"ListItem\",\"position\":3,\"name\":\"A\u0130 Qaraba\u011fdak\u0131 \u0259m\u0259liyyatlar\u0131 pisl\u0259di\"}]},{\"@type\":\"WebSite\",\"@id\":\"https:\\\/\\\/www.meydan.tv\\\/az\\\/#website\",\"url\":\"https:\\\/\\\/www.meydan.tv\\\/az\\\/\",\"name\":\"MEYDAN.TV\",\"description\":\"Meydan TV Az\u0259rbaycan\u0131n media m\u0259kan\u0131ndak\u0131 alternativ s\u0259sidir\",\"publisher\":{\"@id\":\"https:\\\/\\\/www.meydan.tv\\\/az\\\/#organization\"},\"potentialAction\":[{\"@type\":\"SearchAction\",\"target\":{\"@type\":\"EntryPoint\",\"urlTemplate\":\"https:\\\/\\\/www.meydan.tv\\\/az\\\/?s={search_term_string}\"},\"query-input\":{\"@type\":\"PropertyValueSpecification\",\"valueRequired\":true,\"valueName\":\"search_term_string\"}}],\"inLanguage\":\"az\"},{\"@type\":\"Organization\",\"@id\":\"https:\\\/\\\/www.meydan.tv\\\/az\\\/#organization\",\"name\":\"Meydan TV\",\"url\":\"https:\\\/\\\/www.meydan.tv\\\/az\\\/\",\"logo\":{\"@type\":\"ImageObject\",\"inLanguage\":\"az\",\"@id\":\"https:\\\/\\\/www.meydan.tv\\\/az\\\/#\\\/schema\\\/logo\\\/image\\\/\",\"url\":\"https:\\\/\\\/www.meydan.tv\\\/wp-content\\\/uploads\\\/2021\\\/07\\\/meydan-logo.svg\",\"contentUrl\":\"https:\\\/\\\/www.meydan.tv\\\/wp-content\\\/uploads\\\/2021\\\/07\\\/meydan-logo.svg\",\"width\":195,\"height\":46,\"caption\":\"Meydan TV\"},\"image\":{\"@id\":\"https:\\\/\\\/www.meydan.tv\\\/az\\\/#\\\/schema\\\/logo\\\/image\\\/\"}},{\"@type\":\"Person\",\"@id\":\"https:\\\/\\\/www.meydan.tv\\\/az\\\/#\\\/schema\\\/person\\\/9cdbecf90d17180ce1dfbd95b08dcf47\",\"name\":\"elli\",\"sameAs\":[\"https:\\\/\\\/x.com\\\/elli\"]}]}<\/script>\n<!-- \/ Yoast SEO plugin. -->","yoast_head_json":{"title":"A\u0130 Qaraba\u011fdak\u0131 \u0259m\u0259liyyatlar\u0131 pisl\u0259di - MEYDAN.TV","robots":{"index":"index","follow":"follow","max-snippet":"max-snippet:-1","max-image-preview":"max-image-preview:large","max-video-preview":"max-video-preview:-1"},"canonical":"https:\/\/www.meydan.tv\/az\/article\/ai-qarabagdaki-emeliyyatlari-pisledi\/","og_locale":"az_AZ","og_type":"article","og_title":"A\u0130 Qaraba\u011fdak\u0131 \u0259m\u0259liyyatlar\u0131 pisl\u0259di - MEYDAN.TV","og_description":"Borrel La\u00e7\u0131n d\u0259hlizinin yenid\u0259n a\u00e7\u0131lmas\u0131n\u0131 ist\u0259yir Avropa \u0130ttifaq\u0131 (A\u0130) Az\u0259rbaycan\u0131n ... Davam\u0131","og_url":"https:\/\/www.meydan.tv\/az\/article\/ai-qarabagdaki-emeliyyatlari-pisledi\/","og_site_name":"MEYDAN.TV","article_published_time":"2023-09-22T08:54:01+00:00","article_modified_time":"2023-09-22T08:54:05+00:00","og_image":[{"width":1200,"height":693,"url":"https:\/\/www.meydan.tv\/wp-content\/uploads\/shutterstock_1122719429-e1643960172145.jpg","type":"image\/jpeg"}],"author":"elli","twitter_card":"summary_large_image","twitter_creator":"@elli","schema":{"@context":"https:\/\/schema.org","@graph":[{"@type":"Article","@id":"https:\/\/www.meydan.tv\/az\/article\/ai-qarabagdaki-emeliyyatlari-pisledi\/#article","isPartOf":{"@id":"https:\/\/www.meydan.tv\/az\/article\/ai-qarabagdaki-emeliyyatlari-pisledi\/"},"author":{"name":"elli","@id":"https:\/\/www.meydan.tv\/az\/#\/schema\/person\/9cdbecf90d17180ce1dfbd95b08dcf47"},"headline":"A\u0130 Qaraba\u011fdak\u0131 \u0259m\u0259liyyatlar\u0131 pisl\u0259di","datePublished":"2023-09-22T08:54:01+00:00","dateModified":"2023-09-22T08:54:05+00:00","mainEntityOfPage":{"@id":"https:\/\/www.meydan.tv\/az\/article\/ai-qarabagdaki-emeliyyatlari-pisledi\/"},"wordCount":989,"publisher":{"@id":"https:\/\/www.meydan.tv\/az\/#organization"},"image":{"@id":"https:\/\/www.meydan.tv\/az\/article\/ai-qarabagdaki-emeliyyatlari-pisledi\/#primaryimage"},"thumbnailUrl":"https:\/\/www.meydan.tv\/wp-content\/uploads\/shutterstock_1122719429-e1643960172145.jpg","articleSection":["Siyas\u0259t","T\u00f6vsiy\u0259","X\u0259b\u0259rl\u0259r"],"inLanguage":"az"},{"@type":"WebPage","@id":"https:\/\/www.meydan.tv\/az\/article\/ai-qarabagdaki-emeliyyatlari-pisledi\/","url":"https:\/\/www.meydan.tv\/az\/article\/ai-qarabagdaki-emeliyyatlari-pisledi\/","name":"A\u0130 Qaraba\u011fdak\u0131 \u0259m\u0259liyyatlar\u0131 pisl\u0259di - MEYDAN.TV","isPartOf":{"@id":"https:\/\/www.meydan.tv\/az\/#website"},"primaryImageOfPage":{"@id":"https:\/\/www.meydan.tv\/az\/article\/ai-qarabagdaki-emeliyyatlari-pisledi\/#primaryimage"},"image":{"@id":"https:\/\/www.meydan.tv\/az\/article\/ai-qarabagdaki-emeliyyatlari-pisledi\/#primaryimage"},"thumbnailUrl":"https:\/\/www.meydan.tv\/wp-content\/uploads\/shutterstock_1122719429-e1643960172145.jpg","datePublished":"2023-09-22T08:54:01+00:00","dateModified":"2023-09-22T08:54:05+00:00","breadcrumb":{"@id":"https:\/\/www.meydan.tv\/az\/article\/ai-qarabagdaki-emeliyyatlari-pisledi\/#breadcrumb"},"inLanguage":"az","potentialAction":[{"@type":"ReadAction","target":["https:\/\/www.meydan.tv\/az\/article\/ai-qarabagdaki-emeliyyatlari-pisledi\/"]}]},{"@type":"ImageObject","inLanguage":"az","@id":"https:\/\/www.meydan.tv\/az\/article\/ai-qarabagdaki-emeliyyatlari-pisledi\/#primaryimage","url":"https:\/\/www.meydan.tv\/wp-content\/uploads\/shutterstock_1122719429-e1643960172145.jpg","contentUrl":"https:\/\/www.meydan.tv\/wp-content\/uploads\/shutterstock_1122719429-e1643960172145.jpg","width":1200,"height":693,"caption":"Avropa \u0130ttifaq\u0131, Foto: Alexandros Michailidis\/shutterstock"},{"@type":"BreadcrumbList","@id":"https:\/\/www.meydan.tv\/az\/article\/ai-qarabagdaki-emeliyyatlari-pisledi\/#breadcrumb","itemListElement":[{"@type":"ListItem","position":1,"name":"Ana s\u0259hif\u0259","item":"https:\/\/www.meydan.tv\/az\/"},{"@type":"ListItem","position":2,"name":"Siyas\u0259t","item":"https:\/\/www.meydan.tv\/az\/section\/siyaset\/"},{"@type":"ListItem","position":3,"name":"A\u0130 Qaraba\u011fdak\u0131 \u0259m\u0259liyyatlar\u0131 pisl\u0259di"}]},{"@type":"WebSite","@id":"https:\/\/www.meydan.tv\/az\/#website","url":"https:\/\/www.meydan.tv\/az\/","name":"MEYDAN.TV","description":"Meydan TV Az\u0259rbaycan\u0131n media m\u0259kan\u0131ndak\u0131 alternativ s\u0259sidir","publisher":{"@id":"https:\/\/www.meydan.tv\/az\/#organization"},"potentialAction":[{"@type":"SearchAction","target":{"@type":"EntryPoint","urlTemplate":"https:\/\/www.meydan.tv\/az\/?s={search_term_string}"},"query-input":{"@type":"PropertyValueSpecification","valueRequired":true,"valueName":"search_term_string"}}],"inLanguage":"az"},{"@type":"Organization","@id":"https:\/\/www.meydan.tv\/az\/#organization","name":"Meydan TV","url":"https:\/\/www.meydan.tv\/az\/","logo":{"@type":"ImageObject","inLanguage":"az","@id":"https:\/\/www.meydan.tv\/az\/#\/schema\/logo\/image\/","url":"https:\/\/www.meydan.tv\/wp-content\/uploads\/2021\/07\/meydan-logo.svg","contentUrl":"https:\/\/www.meydan.tv\/wp-content\/uploads\/2021\/07\/meydan-logo.svg","width":195,"height":46,"caption":"Meydan TV"},"image":{"@id":"https:\/\/www.meydan.tv\/az\/#\/schema\/logo\/image\/"}},{"@type":"Person","@id":"https:\/\/www.meydan.tv\/az\/#\/schema\/person\/9cdbecf90d17180ce1dfbd95b08dcf47","name":"elli","sameAs":["https:\/\/x.com\/elli"]}]}},"_links":{"self":[{"href":"https:\/\/www.meydan.tv\/az\/wp-json\/wp\/v2\/posts\/285724","targetHints":{"allow":["GET"]}}],"collection":[{"href":"https:\/\/www.meydan.tv\/az\/wp-json\/wp\/v2\/posts"}],"about":[{"href":"https:\/\/www.meydan.tv\/az\/wp-json\/wp\/v2\/types\/post"}],"author":[{"embeddable":true,"href":"https:\/\/www.meydan.tv\/az\/wp-json\/wp\/v2\/users\/8"}],"replies":[{"embeddable":true,"href":"https:\/\/www.meydan.tv\/az\/wp-json\/wp\/v2\/comments?post=285724"}],"version-history":[{"count":3,"href":"https:\/\/www.meydan.tv\/az\/wp-json\/wp\/v2\/posts\/285724\/revisions"}],"predecessor-version":[{"id":285731,"href":"https:\/\/www.meydan.tv\/az\/wp-json\/wp\/v2\/posts\/285724\/revisions\/285731"}],"wp:featuredmedia":[{"embeddable":true,"href":"https:\/\/www.meydan.tv\/az\/wp-json\/wp\/v2\/media\/233753"}],"wp:attachment":[{"href":"https:\/\/www.meydan.tv\/az\/wp-json\/wp\/v2\/media?parent=285724"}],"wp:term":[{"taxonomy":"category","embeddable":true,"href":"https:\/\/www.meydan.tv\/az\/wp-json\/wp\/v2\/categories?post=285724"},{"taxonomy":"post_tag","embeddable":true,"href":"https:\/\/www.meydan.tv\/az\/wp-json\/wp\/v2\/tags?post=285724"}],"curies":[{"name":"wp","href":"https:\/\/api.w.org\/{rel}","templated":true}]}}