{"id":285573,"date":"2023-09-21T13:55:47","date_gmt":"2023-09-21T09:55:47","guid":{"rendered":"https:\/\/www.meydan.tv\/?p=285573"},"modified":"2023-09-21T13:55:51","modified_gmt":"2023-09-21T09:55:51","slug":"aihm-meydan-tv-nin-emekdaslari-ile-bagli-qerar-verdi","status":"publish","type":"post","link":"https:\/\/www.meydan.tv\/az\/article\/aihm-meydan-tv-nin-emekdaslari-ile-bagli-qerar-verdi\/","title":{"rendered":"A\u0130HM Meydan TV-nin \u0259m\u0259kda\u015flar\u0131 il\u0259 ba\u011fl\u0131 q\u0259rar verdi"},"content":{"rendered":"\n<p><\/p>\n\n\n\n<p><strong><em>Az\u0259rbaycan \u00fc\u00e7 jurnalistin i\u015fi \u00fczr\u0259 c\u0259rim\u0259l\u0259ndi<\/em><\/strong><\/p>\n\n\n\n<p>Avropa \u0130nsan H\u00fcquqlar\u0131 M\u0259hk\u0259m\u0259si (A\u0130HM) Az\u0259rbaycan\u0131 daha 16 min 500 avro (30 min manata yax\u0131n) c\u0259rim\u0259l\u0259yib.<\/p>\n\n\n\n<p>S\u0259b\u0259b m\u00fcst\u0259qil jurnalistl\u0259rin \u00f6lk\u0259d\u0259n \u00e7\u0131x\u0131\u015f\u0131na qoyulan qanunsuz qada\u011falard\u0131r.<\/p>\n\n\n\n<p>A\u0130HM-in sentyabr\u0131n 21-d\u0259 \u00fc\u00e7 jurnalistin \u015fikay\u0259ti \u0259sas\u0131nda \u00e7\u0131xard\u0131\u011f\u0131 \u201cAynur Q\u0259nb\u0259rova Az\u0259rbaycana qar\u015f\u0131\u201d q\u0259rarla h\u00f6kum\u0259t \u00fc\u00e7 \u015fikay\u0259t\u00e7iy\u0259 m\u0259n\u0259vi z\u0259r\u0259r\u0259 g\u00f6r\u0259 5 min, h\u00fcquqi m\u0259sr\u0259fl\u0259r\u0259 g\u00f6r\u0259 500 avro <a href=\"https:\/\/hudoc.echr.coe.int\/fre#{%22itemid%22:[%22001-226572%22]}\">\u00f6d\u0259m\u0259lidir<\/a>).<\/p>\n\n\n\n<p>\u015eikay\u0259t\u00e7il\u0259r m\u00fcst\u0259qil jurnalistl\u0259r Aynur Q\u0259nb\u0259rova (Elg\u00fcn\u0259\u015f), Natiq Cavadl\u0131 v\u0259 Aytac \u018fhm\u0259dovad\u0131r.<\/p>\n\n\n\n<p>Onlar A\u0130HM qar\u015f\u0131s\u0131nda \u0259dal\u0259tli m\u0259hk\u0259m\u0259 ara\u015fd\u0131rmas\u0131, h\u0259r\u0259k\u0259t azadl\u0131\u011f\u0131, ifad\u0259 azadl\u0131\u011f\u0131 v\u0259 effektiv h\u00fcquqi m\u00fcdafi\u0259 imkanlar\u0131na sahib olmaq h\u00fcquqlar\u0131na m\u00fcdaxil\u0259 edildiyini iddia edibl\u0259r.<\/p>\n\n\n\n<p>Bildiribl\u0259r ki, onlara t\u0259tbiq edilmi\u015f m\u0259hdudiyy\u0259tl\u0259r Konvensiyada n\u0259z\u0259rd\u0259 tutulanlardan f\u0259rqli m\u0259qs\u0259dl\u0259r\u0259 (18-ci madd\u0259) xidm\u0259t edib.<\/p>\n\n\n\n<p>Bu i\u015fd\u0259 \u0259riz\u0259\u00e7il\u0259rd\u0259n A. Q\u0259nb\u0259rova h\u0259m d\u0259 axtar\u0131\u015fa m\u0259ruz qal\u0131b.<\/p>\n\n\n\n<p>O, axtar\u0131\u015fa m\u0259ruz qalmas\u0131n\u0131n qanunsuz oldu\u011funu (8-ci madd\u0259) iddia edib.<\/p>\n\n\n\n<p>A\u0130HM q\u0259rarda Konvensiyan\u0131n 4 sayl\u0131 Protokolunun 2-ci madd\u0259si v\u0259 Konvensiyan\u0131n 13-c\u00fc madd\u0259si il\u0259 ba\u011fl\u0131 \u015fikay\u0259tl\u0259ri m\u0259qbul hesab edib.<\/p>\n\n\n\n<p>M\u0259hk\u0259m\u0259 Konvensiyan\u0131n 4 sayl\u0131 Protokolunun 2-ci madd\u0259si v\u0259 Konvensiyan\u0131n 13-c\u00fc madd\u0259sinin pozuntusunu tan\u0131y\u0131b.<\/p>\n\n\n\n<p>Q\u0259rara al\u0131b ki, cavabdeh d\u00f6vl\u0259t Konvensiyan\u0131n 34-c\u00fc madd\u0259si \u00fczr\u0259 \u00f6z \u00f6hd\u0259likl\u0259rini yerin\u0259 yetirm\u0259yib.<\/p>\n\n\n\n<p>\u018friz\u0259\u00e7il\u0259r onlayn media kanal\u0131 olan Meydan TV-nin f\u0259aliyy\u0259ti il\u0259 ba\u011fl\u0131 cinay\u0259t i\u015fi \u00e7\u0259r\u00e7iv\u0259sind\u0259 t\u0259tbiq edil\u0259n s\u0259yah\u0259t qada\u011fas\u0131na m\u0259ruz qal\u0131blar.<\/p>\n\n\n\n<p>Onlar 2015 v\u0259 2016-c\u0131 ill\u0259rin m\u00fcxt\u0259lif tarixl\u0259rind\u0259 \u00f6lk\u0259ni t\u0259rk ed\u0259 bilm\u0259dikl\u0259rini \u00f6yr\u0259nibl\u0259r.<\/p>\n\n\n\n<p>\u00d6lk\u0259d\u0259n \u00e7\u0131x\u0131\u015f qada\u011fas\u0131 Meydan TV-nin f\u0259aliyy\u0259ti il\u0259 ba\u011fl\u0131 cinay\u0259t i\u015fi \u00e7\u0259r\u00e7iv\u0259sind\u0259 he\u00e7 bir m\u0259hk\u0259m\u0259 q\u0259rar\u0131 olmad\u0131\u011f\u0131 halda istintaq orqanlar\u0131 t\u0259r\u0259find\u0259n qoyulub.<\/p>\n\n\n\n<p>Baxmayaraq ki, \u0259riz\u0259\u00e7il\u0259rin he\u00e7 biri h\u0259min cinay\u0259t prosesind\u0259 m\u00fchakim\u0259 olunmay\u0131b, t\u0259qsirl\u0259ndiril\u0259n v\u0259 ya \u015f\u00fcbh\u0259li \u015f\u0259xs qismind\u0259 c\u0259lb edilm\u0259yibl\u0259r. Sad\u0259c\u0259, \u015fahid qismind\u0259 dindirilibl\u0259r. Bu da onlar\u0131n \u00f6lk\u0259d\u0259n \u00e7\u0131x\u0131\u015f\u0131na m\u0259hdudiyy\u0259t qoyulmas\u0131na \u0259sas vermir.<\/p>\n\n\n\n<p>\u0130\u015fin hallar\u0131nda bildirilir ki, m\u00fcxt\u0259lif tarixl\u0259rd\u0259 \u0259riz\u0259\u00e7il\u0259r h\u0259m inzibati m\u0259hk\u0259m\u0259l\u0259r\u0259, h\u0259m d\u0259 cinay\u0259t prosesini h\u0259yata ke\u00e7ir\u0259n orqanlar t\u0259r\u0259find\u0259n prosessual h\u0259r\u0259k\u0259tl\u0259rin v\u0259 ya q\u0259rarlar\u0131n qanuniliyinin yoxlan\u0131lmas\u0131na dair prosedura \u0259sas\u0259n adi m\u0259hk\u0259m\u0259l\u0259r\u0259 \u015fikay\u0259t verm\u0259kl\u0259 onlara qoyulmu\u015f m\u0259hdudiyy\u0259tl\u0259rin qanuniliyin\u0259 etiraz edib. Lakin yerli m\u0259hk\u0259m\u0259l\u0259r onlar\u0131n i\u015fi il\u0259 ba\u011fl\u0131 ara\u015fd\u0131rma aparmaqdan imtina edib.<\/p>\n\n\n\n<p>Sonda i\u015f A\u0130HM-n\u0259 gedib.<\/p>\n\n\n\n<p>A\u0130HM \u0259riz\u0259\u00e7il\u0259rin \u015fikay\u0259tini t\u0259min ets\u0259 d\u0259, Az\u0259rbaycan h\u00f6kum\u0259ti bu i\u015fl\u0259 ba\u011fl\u0131 \u0259riz\u0259\u00e7il\u0259rin iddialar\u0131n\u0131 \u0259sass\u0131z v\u0259 h\u0259ddind\u0259n art\u0131q hesab edib.<\/p>\n\n\n\n<p>Jurnalistl\u0259ri Avropa M\u0259hk\u0259m\u0259sind\u0259 v\u0259kill\u0259r Zibeyd\u0259 Sad\u0131qova v\u0259 El\u00e7in Sad\u0131qov t\u0259msil edib.<\/p>\n\n\n\n<p>M\u0259hk\u0259m\u0259 Az\u0259rbaycan h\u00f6kum\u0259tin\u0259 \u00fc\u00e7 ay \u0259rzind\u0259 h\u0259r bir \u0259riz\u0259\u00e7i \u00fc\u00e7\u00fcn m\u00fc\u0259yy\u0259n edilmi\u015f t\u0259zminat\u0131 \u00f6d\u0259m\u0259k \u00f6hd\u0259liyi qoyub.<\/p>\n","protected":false},"excerpt":{"rendered":"<p>Az\u0259rbaycan \u00fc\u00e7 jurnalistin i\u015fi \u00fczr\u0259 c\u0259rim\u0259l\u0259ndi Avropa \u0130nsan H\u00fcquqlar\u0131 M\u0259hk\u0259m\u0259si &#8230; <\/p>\n<p class=\"read-more-container\"><a title=\"A\u0130HM Meydan TV-nin \u0259m\u0259kda\u015flar\u0131 il\u0259 ba\u011fl\u0131 q\u0259rar verdi\" class=\"read-more button\" href=\"https:\/\/www.meydan.tv\/az\/article\/aihm-meydan-tv-nin-emekdaslari-ile-bagli-qerar-verdi\/#more-285573\" aria-label=\"Read more about A\u0130HM Meydan TV-nin \u0259m\u0259kda\u015flar\u0131 il\u0259 ba\u011fl\u0131 q\u0259rar verdi\">Davam\u0131<\/a><\/p>\n","protected":false},"author":8,"featured_media":227177,"comment_status":"closed","ping_status":"closed","sticky":false,"template":"","format":"standard","meta":{"_acf_changed":false,"_sitemap_exclude":false,"_sitemap_priority":"","_sitemap_frequency":"","footnotes":""},"categories":[59,79,56],"tags":[],"class_list":["post-285573","post","type-post","status-publish","format-standard","has-post-thumbnail","hentry","category-siyaset","category-featured","category-xeberler","infinite-scroll-item","generate-columns","tablet-grid-50","mobile-grid-100","grid-parent","grid-33","no-featured-image-padding"],"acf":[],"yoast_head":"<!-- This site is optimized with the Yoast SEO plugin v27.4 - https:\/\/yoast.com\/product\/yoast-seo-wordpress\/ -->\n<title>A\u0130HM Meydan TV-nin \u0259m\u0259kda\u015flar\u0131 il\u0259 ba\u011fl\u0131 q\u0259rar verdi - MEYDAN.TV<\/title>\n<meta name=\"robots\" content=\"index, follow, max-snippet:-1, max-image-preview:large, max-video-preview:-1\" \/>\n<link rel=\"canonical\" href=\"https:\/\/www.meydan.tv\/az\/article\/aihm-meydan-tv-nin-emekdaslari-ile-bagli-qerar-verdi\/\" \/>\n<meta property=\"og:locale\" content=\"az_AZ\" \/>\n<meta property=\"og:type\" content=\"article\" \/>\n<meta property=\"og:title\" content=\"A\u0130HM Meydan TV-nin \u0259m\u0259kda\u015flar\u0131 il\u0259 ba\u011fl\u0131 q\u0259rar verdi - MEYDAN.TV\" \/>\n<meta property=\"og:description\" content=\"Az\u0259rbaycan \u00fc\u00e7 jurnalistin i\u015fi \u00fczr\u0259 c\u0259rim\u0259l\u0259ndi Avropa \u0130nsan H\u00fcquqlar\u0131 M\u0259hk\u0259m\u0259si ... Davam\u0131\" \/>\n<meta property=\"og:url\" content=\"https:\/\/www.meydan.tv\/az\/article\/aihm-meydan-tv-nin-emekdaslari-ile-bagli-qerar-verdi\/\" \/>\n<meta property=\"og:site_name\" content=\"MEYDAN.TV\" \/>\n<meta property=\"article:published_time\" content=\"2023-09-21T09:55:47+00:00\" \/>\n<meta property=\"article:modified_time\" content=\"2023-09-21T09:55:51+00:00\" \/>\n<meta property=\"og:image\" content=\"https:\/\/www.meydan.tv\/wp-content\/uploads\/shutterstock_261407981.jpg\" \/>\n\t<meta property=\"og:image:width\" content=\"1200\" \/>\n\t<meta property=\"og:image:height\" content=\"798\" \/>\n\t<meta property=\"og:image:type\" content=\"image\/jpeg\" \/>\n<meta name=\"author\" content=\"elli\" \/>\n<meta name=\"twitter:card\" content=\"summary_large_image\" \/>\n<meta name=\"twitter:creator\" content=\"@elli\" \/>\n<script type=\"application\/ld+json\" class=\"yoast-schema-graph\">{\"@context\":\"https:\\\/\\\/schema.org\",\"@graph\":[{\"@type\":\"Article\",\"@id\":\"https:\\\/\\\/www.meydan.tv\\\/az\\\/article\\\/aihm-meydan-tv-nin-emekdaslari-ile-bagli-qerar-verdi\\\/#article\",\"isPartOf\":{\"@id\":\"https:\\\/\\\/www.meydan.tv\\\/az\\\/article\\\/aihm-meydan-tv-nin-emekdaslari-ile-bagli-qerar-verdi\\\/\"},\"author\":{\"name\":\"elli\",\"@id\":\"https:\\\/\\\/www.meydan.tv\\\/az\\\/#\\\/schema\\\/person\\\/9cdbecf90d17180ce1dfbd95b08dcf47\"},\"headline\":\"A\u0130HM Meydan TV-nin \u0259m\u0259kda\u015flar\u0131 il\u0259 ba\u011fl\u0131 q\u0259rar verdi\",\"datePublished\":\"2023-09-21T09:55:47+00:00\",\"dateModified\":\"2023-09-21T09:55:51+00:00\",\"mainEntityOfPage\":{\"@id\":\"https:\\\/\\\/www.meydan.tv\\\/az\\\/article\\\/aihm-meydan-tv-nin-emekdaslari-ile-bagli-qerar-verdi\\\/\"},\"wordCount\":636,\"publisher\":{\"@id\":\"https:\\\/\\\/www.meydan.tv\\\/az\\\/#organization\"},\"image\":{\"@id\":\"https:\\\/\\\/www.meydan.tv\\\/az\\\/article\\\/aihm-meydan-tv-nin-emekdaslari-ile-bagli-qerar-verdi\\\/#primaryimage\"},\"thumbnailUrl\":\"https:\\\/\\\/www.meydan.tv\\\/wp-content\\\/uploads\\\/shutterstock_261407981.jpg\",\"articleSection\":[\"Siyas\u0259t\",\"T\u00f6vsiy\u0259\",\"X\u0259b\u0259rl\u0259r\"],\"inLanguage\":\"az\"},{\"@type\":\"WebPage\",\"@id\":\"https:\\\/\\\/www.meydan.tv\\\/az\\\/article\\\/aihm-meydan-tv-nin-emekdaslari-ile-bagli-qerar-verdi\\\/\",\"url\":\"https:\\\/\\\/www.meydan.tv\\\/az\\\/article\\\/aihm-meydan-tv-nin-emekdaslari-ile-bagli-qerar-verdi\\\/\",\"name\":\"A\u0130HM Meydan TV-nin \u0259m\u0259kda\u015flar\u0131 il\u0259 ba\u011fl\u0131 q\u0259rar verdi - MEYDAN.TV\",\"isPartOf\":{\"@id\":\"https:\\\/\\\/www.meydan.tv\\\/az\\\/#website\"},\"primaryImageOfPage\":{\"@id\":\"https:\\\/\\\/www.meydan.tv\\\/az\\\/article\\\/aihm-meydan-tv-nin-emekdaslari-ile-bagli-qerar-verdi\\\/#primaryimage\"},\"image\":{\"@id\":\"https:\\\/\\\/www.meydan.tv\\\/az\\\/article\\\/aihm-meydan-tv-nin-emekdaslari-ile-bagli-qerar-verdi\\\/#primaryimage\"},\"thumbnailUrl\":\"https:\\\/\\\/www.meydan.tv\\\/wp-content\\\/uploads\\\/shutterstock_261407981.jpg\",\"datePublished\":\"2023-09-21T09:55:47+00:00\",\"dateModified\":\"2023-09-21T09:55:51+00:00\",\"breadcrumb\":{\"@id\":\"https:\\\/\\\/www.meydan.tv\\\/az\\\/article\\\/aihm-meydan-tv-nin-emekdaslari-ile-bagli-qerar-verdi\\\/#breadcrumb\"},\"inLanguage\":\"az\",\"potentialAction\":[{\"@type\":\"ReadAction\",\"target\":[\"https:\\\/\\\/www.meydan.tv\\\/az\\\/article\\\/aihm-meydan-tv-nin-emekdaslari-ile-bagli-qerar-verdi\\\/\"]}]},{\"@type\":\"ImageObject\",\"inLanguage\":\"az\",\"@id\":\"https:\\\/\\\/www.meydan.tv\\\/az\\\/article\\\/aihm-meydan-tv-nin-emekdaslari-ile-bagli-qerar-verdi\\\/#primaryimage\",\"url\":\"https:\\\/\\\/www.meydan.tv\\\/wp-content\\\/uploads\\\/shutterstock_261407981.jpg\",\"contentUrl\":\"https:\\\/\\\/www.meydan.tv\\\/wp-content\\\/uploads\\\/shutterstock_261407981.jpg\",\"width\":1200,\"height\":798,\"caption\":\"Avropa M\u0259hk\u0259m\u0259si, Foto: By symbiot\\\/Shutterstock\"},{\"@type\":\"BreadcrumbList\",\"@id\":\"https:\\\/\\\/www.meydan.tv\\\/az\\\/article\\\/aihm-meydan-tv-nin-emekdaslari-ile-bagli-qerar-verdi\\\/#breadcrumb\",\"itemListElement\":[{\"@type\":\"ListItem\",\"position\":1,\"name\":\"Ana s\u0259hif\u0259\",\"item\":\"https:\\\/\\\/www.meydan.tv\\\/az\\\/\"},{\"@type\":\"ListItem\",\"position\":2,\"name\":\"Siyas\u0259t\",\"item\":\"https:\\\/\\\/www.meydan.tv\\\/az\\\/section\\\/siyaset\\\/\"},{\"@type\":\"ListItem\",\"position\":3,\"name\":\"A\u0130HM Meydan TV-nin \u0259m\u0259kda\u015flar\u0131 il\u0259 ba\u011fl\u0131 q\u0259rar verdi\"}]},{\"@type\":\"WebSite\",\"@id\":\"https:\\\/\\\/www.meydan.tv\\\/az\\\/#website\",\"url\":\"https:\\\/\\\/www.meydan.tv\\\/az\\\/\",\"name\":\"MEYDAN.TV\",\"description\":\"Meydan TV Az\u0259rbaycan\u0131n media m\u0259kan\u0131ndak\u0131 alternativ s\u0259sidir\",\"publisher\":{\"@id\":\"https:\\\/\\\/www.meydan.tv\\\/az\\\/#organization\"},\"potentialAction\":[{\"@type\":\"SearchAction\",\"target\":{\"@type\":\"EntryPoint\",\"urlTemplate\":\"https:\\\/\\\/www.meydan.tv\\\/az\\\/?s={search_term_string}\"},\"query-input\":{\"@type\":\"PropertyValueSpecification\",\"valueRequired\":true,\"valueName\":\"search_term_string\"}}],\"inLanguage\":\"az\"},{\"@type\":\"Organization\",\"@id\":\"https:\\\/\\\/www.meydan.tv\\\/az\\\/#organization\",\"name\":\"Meydan TV\",\"url\":\"https:\\\/\\\/www.meydan.tv\\\/az\\\/\",\"logo\":{\"@type\":\"ImageObject\",\"inLanguage\":\"az\",\"@id\":\"https:\\\/\\\/www.meydan.tv\\\/az\\\/#\\\/schema\\\/logo\\\/image\\\/\",\"url\":\"https:\\\/\\\/www.meydan.tv\\\/wp-content\\\/uploads\\\/2021\\\/07\\\/meydan-logo.svg\",\"contentUrl\":\"https:\\\/\\\/www.meydan.tv\\\/wp-content\\\/uploads\\\/2021\\\/07\\\/meydan-logo.svg\",\"width\":195,\"height\":46,\"caption\":\"Meydan TV\"},\"image\":{\"@id\":\"https:\\\/\\\/www.meydan.tv\\\/az\\\/#\\\/schema\\\/logo\\\/image\\\/\"}},{\"@type\":\"Person\",\"@id\":\"https:\\\/\\\/www.meydan.tv\\\/az\\\/#\\\/schema\\\/person\\\/9cdbecf90d17180ce1dfbd95b08dcf47\",\"name\":\"elli\",\"sameAs\":[\"https:\\\/\\\/x.com\\\/elli\"]}]}<\/script>\n<!-- \/ Yoast SEO plugin. -->","yoast_head_json":{"title":"A\u0130HM Meydan TV-nin \u0259m\u0259kda\u015flar\u0131 il\u0259 ba\u011fl\u0131 q\u0259rar verdi - MEYDAN.TV","robots":{"index":"index","follow":"follow","max-snippet":"max-snippet:-1","max-image-preview":"max-image-preview:large","max-video-preview":"max-video-preview:-1"},"canonical":"https:\/\/www.meydan.tv\/az\/article\/aihm-meydan-tv-nin-emekdaslari-ile-bagli-qerar-verdi\/","og_locale":"az_AZ","og_type":"article","og_title":"A\u0130HM Meydan TV-nin \u0259m\u0259kda\u015flar\u0131 il\u0259 ba\u011fl\u0131 q\u0259rar verdi - MEYDAN.TV","og_description":"Az\u0259rbaycan \u00fc\u00e7 jurnalistin i\u015fi \u00fczr\u0259 c\u0259rim\u0259l\u0259ndi Avropa \u0130nsan H\u00fcquqlar\u0131 M\u0259hk\u0259m\u0259si ... Davam\u0131","og_url":"https:\/\/www.meydan.tv\/az\/article\/aihm-meydan-tv-nin-emekdaslari-ile-bagli-qerar-verdi\/","og_site_name":"MEYDAN.TV","article_published_time":"2023-09-21T09:55:47+00:00","article_modified_time":"2023-09-21T09:55:51+00:00","og_image":[{"width":1200,"height":798,"url":"https:\/\/www.meydan.tv\/wp-content\/uploads\/shutterstock_261407981.jpg","type":"image\/jpeg"}],"author":"elli","twitter_card":"summary_large_image","twitter_creator":"@elli","schema":{"@context":"https:\/\/schema.org","@graph":[{"@type":"Article","@id":"https:\/\/www.meydan.tv\/az\/article\/aihm-meydan-tv-nin-emekdaslari-ile-bagli-qerar-verdi\/#article","isPartOf":{"@id":"https:\/\/www.meydan.tv\/az\/article\/aihm-meydan-tv-nin-emekdaslari-ile-bagli-qerar-verdi\/"},"author":{"name":"elli","@id":"https:\/\/www.meydan.tv\/az\/#\/schema\/person\/9cdbecf90d17180ce1dfbd95b08dcf47"},"headline":"A\u0130HM Meydan TV-nin \u0259m\u0259kda\u015flar\u0131 il\u0259 ba\u011fl\u0131 q\u0259rar verdi","datePublished":"2023-09-21T09:55:47+00:00","dateModified":"2023-09-21T09:55:51+00:00","mainEntityOfPage":{"@id":"https:\/\/www.meydan.tv\/az\/article\/aihm-meydan-tv-nin-emekdaslari-ile-bagli-qerar-verdi\/"},"wordCount":636,"publisher":{"@id":"https:\/\/www.meydan.tv\/az\/#organization"},"image":{"@id":"https:\/\/www.meydan.tv\/az\/article\/aihm-meydan-tv-nin-emekdaslari-ile-bagli-qerar-verdi\/#primaryimage"},"thumbnailUrl":"https:\/\/www.meydan.tv\/wp-content\/uploads\/shutterstock_261407981.jpg","articleSection":["Siyas\u0259t","T\u00f6vsiy\u0259","X\u0259b\u0259rl\u0259r"],"inLanguage":"az"},{"@type":"WebPage","@id":"https:\/\/www.meydan.tv\/az\/article\/aihm-meydan-tv-nin-emekdaslari-ile-bagli-qerar-verdi\/","url":"https:\/\/www.meydan.tv\/az\/article\/aihm-meydan-tv-nin-emekdaslari-ile-bagli-qerar-verdi\/","name":"A\u0130HM Meydan TV-nin \u0259m\u0259kda\u015flar\u0131 il\u0259 ba\u011fl\u0131 q\u0259rar verdi - MEYDAN.TV","isPartOf":{"@id":"https:\/\/www.meydan.tv\/az\/#website"},"primaryImageOfPage":{"@id":"https:\/\/www.meydan.tv\/az\/article\/aihm-meydan-tv-nin-emekdaslari-ile-bagli-qerar-verdi\/#primaryimage"},"image":{"@id":"https:\/\/www.meydan.tv\/az\/article\/aihm-meydan-tv-nin-emekdaslari-ile-bagli-qerar-verdi\/#primaryimage"},"thumbnailUrl":"https:\/\/www.meydan.tv\/wp-content\/uploads\/shutterstock_261407981.jpg","datePublished":"2023-09-21T09:55:47+00:00","dateModified":"2023-09-21T09:55:51+00:00","breadcrumb":{"@id":"https:\/\/www.meydan.tv\/az\/article\/aihm-meydan-tv-nin-emekdaslari-ile-bagli-qerar-verdi\/#breadcrumb"},"inLanguage":"az","potentialAction":[{"@type":"ReadAction","target":["https:\/\/www.meydan.tv\/az\/article\/aihm-meydan-tv-nin-emekdaslari-ile-bagli-qerar-verdi\/"]}]},{"@type":"ImageObject","inLanguage":"az","@id":"https:\/\/www.meydan.tv\/az\/article\/aihm-meydan-tv-nin-emekdaslari-ile-bagli-qerar-verdi\/#primaryimage","url":"https:\/\/www.meydan.tv\/wp-content\/uploads\/shutterstock_261407981.jpg","contentUrl":"https:\/\/www.meydan.tv\/wp-content\/uploads\/shutterstock_261407981.jpg","width":1200,"height":798,"caption":"Avropa M\u0259hk\u0259m\u0259si, Foto: By symbiot\/Shutterstock"},{"@type":"BreadcrumbList","@id":"https:\/\/www.meydan.tv\/az\/article\/aihm-meydan-tv-nin-emekdaslari-ile-bagli-qerar-verdi\/#breadcrumb","itemListElement":[{"@type":"ListItem","position":1,"name":"Ana s\u0259hif\u0259","item":"https:\/\/www.meydan.tv\/az\/"},{"@type":"ListItem","position":2,"name":"Siyas\u0259t","item":"https:\/\/www.meydan.tv\/az\/section\/siyaset\/"},{"@type":"ListItem","position":3,"name":"A\u0130HM Meydan TV-nin \u0259m\u0259kda\u015flar\u0131 il\u0259 ba\u011fl\u0131 q\u0259rar verdi"}]},{"@type":"WebSite","@id":"https:\/\/www.meydan.tv\/az\/#website","url":"https:\/\/www.meydan.tv\/az\/","name":"MEYDAN.TV","description":"Meydan TV Az\u0259rbaycan\u0131n media m\u0259kan\u0131ndak\u0131 alternativ s\u0259sidir","publisher":{"@id":"https:\/\/www.meydan.tv\/az\/#organization"},"potentialAction":[{"@type":"SearchAction","target":{"@type":"EntryPoint","urlTemplate":"https:\/\/www.meydan.tv\/az\/?s={search_term_string}"},"query-input":{"@type":"PropertyValueSpecification","valueRequired":true,"valueName":"search_term_string"}}],"inLanguage":"az"},{"@type":"Organization","@id":"https:\/\/www.meydan.tv\/az\/#organization","name":"Meydan TV","url":"https:\/\/www.meydan.tv\/az\/","logo":{"@type":"ImageObject","inLanguage":"az","@id":"https:\/\/www.meydan.tv\/az\/#\/schema\/logo\/image\/","url":"https:\/\/www.meydan.tv\/wp-content\/uploads\/2021\/07\/meydan-logo.svg","contentUrl":"https:\/\/www.meydan.tv\/wp-content\/uploads\/2021\/07\/meydan-logo.svg","width":195,"height":46,"caption":"Meydan TV"},"image":{"@id":"https:\/\/www.meydan.tv\/az\/#\/schema\/logo\/image\/"}},{"@type":"Person","@id":"https:\/\/www.meydan.tv\/az\/#\/schema\/person\/9cdbecf90d17180ce1dfbd95b08dcf47","name":"elli","sameAs":["https:\/\/x.com\/elli"]}]}},"_links":{"self":[{"href":"https:\/\/www.meydan.tv\/az\/wp-json\/wp\/v2\/posts\/285573","targetHints":{"allow":["GET"]}}],"collection":[{"href":"https:\/\/www.meydan.tv\/az\/wp-json\/wp\/v2\/posts"}],"about":[{"href":"https:\/\/www.meydan.tv\/az\/wp-json\/wp\/v2\/types\/post"}],"author":[{"embeddable":true,"href":"https:\/\/www.meydan.tv\/az\/wp-json\/wp\/v2\/users\/8"}],"replies":[{"embeddable":true,"href":"https:\/\/www.meydan.tv\/az\/wp-json\/wp\/v2\/comments?post=285573"}],"version-history":[{"count":3,"href":"https:\/\/www.meydan.tv\/az\/wp-json\/wp\/v2\/posts\/285573\/revisions"}],"predecessor-version":[{"id":285581,"href":"https:\/\/www.meydan.tv\/az\/wp-json\/wp\/v2\/posts\/285573\/revisions\/285581"}],"wp:featuredmedia":[{"embeddable":true,"href":"https:\/\/www.meydan.tv\/az\/wp-json\/wp\/v2\/media\/227177"}],"wp:attachment":[{"href":"https:\/\/www.meydan.tv\/az\/wp-json\/wp\/v2\/media?parent=285573"}],"wp:term":[{"taxonomy":"category","embeddable":true,"href":"https:\/\/www.meydan.tv\/az\/wp-json\/wp\/v2\/categories?post=285573"},{"taxonomy":"post_tag","embeddable":true,"href":"https:\/\/www.meydan.tv\/az\/wp-json\/wp\/v2\/tags?post=285573"}],"curies":[{"name":"wp","href":"https:\/\/api.w.org\/{rel}","templated":true}]}}