{"id":285559,"date":"2023-09-21T13:10:29","date_gmt":"2023-09-21T09:10:29","guid":{"rendered":"https:\/\/www.meydan.tv\/?p=285559"},"modified":"2023-09-21T19:27:14","modified_gmt":"2023-09-21T15:27:14","slug":"jurnalist-nurlan-qehremanlinin-saxlanildigi-bildirilir","status":"publish","type":"post","link":"https:\/\/www.meydan.tv\/az\/article\/jurnalist-nurlan-qehremanlinin-saxlanildigi-bildirilir\/","title":{"rendered":"30 sutka h\u0259bs alan jurnalistin prokurorun g\u00f6z\u00fc qar\u015f\u0131s\u0131nda d\u00f6y\u00fcld\u00fcy\u00fc bildirilir (yenil\u0259nib)"},"content":{"rendered":"\n<p><\/p>\n\n\n\n<p><strong><em>Nurlan Q\u0259hr\u0259manl\u0131 qada\u011fan olunmu\u015f informasiyan\u0131 yaymaqda ittiham edilib<\/em><\/strong><\/p>\n\n\n\n<p>Sentyabr\u0131n 21-d\u0259 g\u00fcnorta saatlar\u0131nda Sumqay\u0131tda ya\u015fad\u0131\u011f\u0131 evd\u0259n apar\u0131lan jurnalist Nurlan Q\u0259hr\u0259manl\u0131ya (Libre) 30 sutka inzibati h\u0259bs c\u0259zas\u0131 verilib.<\/p>\n\n\n\n<p>Bu bar\u0259d\u0259 saat 18.00 rad\u0259l\u0259rind\u0259 Yasamal Rayon M\u0259hk\u0259m\u0259sind\u0259 q\u0259rar \u00e7\u0131xar\u0131l\u0131b.<\/p>\n\n\n\n<p>Hakim H\u00fcseyn S\u0259f\u0259rovun \u00e7\u0131xard\u0131\u011f\u0131 q\u0259rara \u0259sas\u0259n, Nurlan Q\u0259hr\u0259manl\u0131 \u0130nzibati X\u0259talar M\u0259c\u0259ll\u0259sinin 388-1.1.1 (informasiya ehtiyat\u0131nda v\u0259 ya informasiya-telekommunikasiya \u015f\u0259b\u0259k\u0259sind\u0259 yay\u0131lmas\u0131 qada\u011fan edil\u0259n informasiyan\u0131n yerl\u0259\u015fdirilm\u0259sin\u0259 yol verilm\u0259si) madd\u0259sil\u0259 c\u0259zaland\u0131r\u0131l\u0131b.<\/p>\n\n\n\n<p>Jurnalistin h\u0259yat yolda\u015f\u0131 \u018fsli Q\u0259hr\u0259manl\u0131 bildirib ki, Nurlan Q\u0259hr\u0259manl\u0131n\u0131 evl\u0259rin\u0259 g\u0259l\u0259n m\u00fclki geyimli \u015f\u0259xsl\u0259r zorla g\u00f6t\u00fcr\u00fcb apar\u0131blar.<\/p>\n\n\n\n<p>Onlar jurnalisti hara apard\u0131qlar\u0131 haqda da he\u00e7 bir m\u0259lumat verm\u0259yibl\u0259r.<\/p>\n\n\n\n<p>Sonradan m\u0259lum olub ki, jurnalist \u00f6nc\u0259 Sumqay\u0131t \u015e\u0259h\u0259r Polis \u0130dar\u0259sin\u0259 apar\u0131l\u0131b.<\/p>\n\n\n\n<p>Oradan is\u0259 Bak\u0131ya &#8211; Ba\u015f Pro\u043aurorlu\u011fa g\u0259tirilib.<\/p>\n\n\n\n<p>Sosial media hesab\u0131ndak\u0131 payla\u015f\u0131mlar\u0131na g\u00f6r\u0259 Ba\u015f Prokurorlu\u011fun Cinay\u0259t T\u0259qibind\u0259n K\u0259nar \u0130\u015fl\u0259r \u0130dar\u0259sind\u0259 Nurlan Q\u0259hr\u0259manl\u0131 haqq\u0131nda protokol t\u0259rtib olunub.<\/p>\n\n\n\n<p>Ard\u0131nca is\u0259 o, Yasamal Rayon M\u0259hk\u0259m\u0259sin\u0259 g\u0259tirilib.<\/p>\n\n\n\n<p>M\u0259hk\u0259m\u0259d\u0259 hakim qar\u015f\u0131s\u0131na \u00e7\u0131xar\u0131lark\u0259n jurnalistin \u00fcz\u0259rind\u0259 \u00e7oxsayl\u0131 x\u0259sar\u0259tl\u0259r olub.<\/p>\n\n\n\n<p>Nurlan Q\u0259hr\u0259manl\u0131 saxlan\u0131lark\u0259n v\u0259 ondan sonra i\u015fg\u0259nc\u0259y\u0259 m\u0259ruz qald\u0131\u011f\u0131n\u0131 bildirib.<\/p>\n\n\n\n<p>Onun s\u00f6zl\u0259rin\u0259 g\u00f6r\u0259, prokurorun g\u00f6z\u00fc qar\u015f\u0131s\u0131nda d\u00f6y\u00fcl\u00fcb v\u0259 buna he\u00e7 bir reaksiya verilm\u0259yib.<\/p>\n\n\n\n<p><\/p>\n\n\n\n<p><\/p>\n\n\n\n<p><\/p>\n\n\n\n<p><\/p>\n\n\n\n<p><\/p>\n\n\n\n<p><\/p>\n\n\n\n<p><\/p>\n\n\n\n<p><\/p>\n\n\n\n<p><\/p>\n\n\n\n<p><\/p>\n\n\n\n<p><\/p>\n\n\n\n<hr class=\"wp-block-separator has-alpha-channel-opacity\"\/>\n\n\n\n<p><strong><em>Yax\u0131nlar\u0131 onun hara apar\u0131ld\u0131\u011f\u0131n\u0131 bilmir<\/em><\/strong><\/p>\n\n\n\n<p>Jurnalist Nurlan Q\u0259hr\u0259manl\u0131n\u0131n (Libre) saxlan\u0131ld\u0131\u011f\u0131 bildirilir. Yax\u0131nlar\u0131n\u0131n verdiyi m\u0259lumata g\u00f6r\u0259, sentyabr\u0131n 21-d\u0259 saat 12.00 rad\u0259l\u0259rind\u0259 onun ya\u015fad\u0131\u011f\u0131 ev\u0259 bir ne\u00e7\u0259 n\u0259f\u0259r m\u00fclki geyimli \u015f\u0259xs g\u0259lib. Onlar\u0131n Nurlan Q\u0259hr\u0259manl\u0131n\u0131 hara apard\u0131\u011f\u0131 bar\u0259d\u0259 he\u00e7 bir m\u0259lumat verilm\u0259yib.<\/p>\n\n\n\n<p>Sosial media hesab\u0131nda m\u00fcharib\u0259 \u0259leyhin\u0259 payla\u015f\u0131mlar yayan Nurlan Q\u0259hr\u0259manl\u0131 sentyabr\u0131n 13-d\u0259 D\u00f6vl\u0259t T\u0259hl\u00fck\u0259sizlik Xidm\u0259tin\u0259 (DTX) \u00e7a\u011f\u0131r\u0131ld\u0131\u011f\u0131n\u0131, orada h\u0259d\u0259l\u0259ndiyini bildirmi\u015fdi. <\/p>\n\n\n\n<p>Onun s\u00f6zl\u0259rin\u0259 g\u00f6r\u0259, m\u00fcharib\u0259 \u0259leyhin\u0259 payla\u015f\u0131mlar\u0131 dayand\u0131rmaq t\u0259l\u0259b olunmu\u015fdu:<\/p>\n\n\n\n<p><em>\u201cT\u0259l\u0259b edirdil\u0259r ki, m\u00fcharib\u0259 \u0259leyhin\u0259 he\u00e7 n\u0259 yazmay\u0131m\u201d.<\/em><\/p>\n\n\n\n<p>Jurnalist t\u0259hdidl\u0259rl\u0259 \u0259laq\u0259dar m\u0259hk\u0259m\u0259y\u0259 m\u00fcraci\u0259t ed\u0259c\u0259yini d\u0259 bildirmi\u015fdi.<\/p>\n\n\n\n<p>Sentyabr\u0131n 20-d\u0259 Az\u0259rbaycanda m\u00fcharib\u0259 \u0259leyhdar\u0131 olan bir ne\u00e7\u0259 ictimai f\u0259al h\u0259bs olunub. Onlar\u0131n aras\u0131nda \u018fmrah T\u0259hm\u0259zov, Emin \u0130brahimov, Afi\u0259ddin M\u0259mm\u0259dov, Nem\u0259t Abbasov da var.<\/p>\n","protected":false},"excerpt":{"rendered":"<p>Nurlan Q\u0259hr\u0259manl\u0131 qada\u011fan olunmu\u015f informasiyan\u0131 yaymaqda ittiham edilib Sentyabr\u0131n 21-d\u0259 &#8230; <\/p>\n<p class=\"read-more-container\"><a title=\"30 sutka h\u0259bs alan jurnalistin prokurorun g\u00f6z\u00fc qar\u015f\u0131s\u0131nda d\u00f6y\u00fcld\u00fcy\u00fc bildirilir (yenil\u0259nib)\" class=\"read-more button\" href=\"https:\/\/www.meydan.tv\/az\/article\/jurnalist-nurlan-qehremanlinin-saxlanildigi-bildirilir\/#more-285559\" aria-label=\"Read more about 30 sutka h\u0259bs alan jurnalistin prokurorun g\u00f6z\u00fc qar\u015f\u0131s\u0131nda d\u00f6y\u00fcld\u00fcy\u00fc bildirilir (yenil\u0259nib)\">Davam\u0131<\/a><\/p>\n","protected":false},"author":8,"featured_media":207350,"comment_status":"closed","ping_status":"closed","sticky":false,"template":"","format":"standard","meta":{"_acf_changed":false,"_sitemap_exclude":false,"_sitemap_priority":"","_sitemap_frequency":"","footnotes":""},"categories":[59,56],"tags":[],"class_list":["post-285559","post","type-post","status-publish","format-standard","has-post-thumbnail","hentry","category-siyaset","category-xeberler","infinite-scroll-item","generate-columns","tablet-grid-50","mobile-grid-100","grid-parent","grid-33","no-featured-image-padding"],"acf":[],"yoast_head":"<!-- This site is optimized with the Yoast SEO plugin v27.4 - https:\/\/yoast.com\/product\/yoast-seo-wordpress\/ -->\n<title>30 sutka h\u0259bs alan jurnalistin prokurorun g\u00f6z\u00fc qar\u015f\u0131s\u0131nda d\u00f6y\u00fcld\u00fcy\u00fc bildirilir (yenil\u0259nib) - MEYDAN.TV<\/title>\n<meta name=\"robots\" content=\"index, follow, max-snippet:-1, max-image-preview:large, max-video-preview:-1\" \/>\n<link rel=\"canonical\" href=\"https:\/\/www.meydan.tv\/az\/article\/jurnalist-nurlan-qehremanlinin-saxlanildigi-bildirilir\/\" \/>\n<meta property=\"og:locale\" content=\"az_AZ\" \/>\n<meta property=\"og:type\" content=\"article\" \/>\n<meta property=\"og:title\" content=\"30 sutka h\u0259bs alan jurnalistin prokurorun g\u00f6z\u00fc qar\u015f\u0131s\u0131nda d\u00f6y\u00fcld\u00fcy\u00fc bildirilir (yenil\u0259nib) - MEYDAN.TV\" \/>\n<meta property=\"og:description\" content=\"Nurlan Q\u0259hr\u0259manl\u0131 qada\u011fan olunmu\u015f informasiyan\u0131 yaymaqda ittiham edilib Sentyabr\u0131n 21-d\u0259 ... Davam\u0131\" \/>\n<meta property=\"og:url\" content=\"https:\/\/www.meydan.tv\/az\/article\/jurnalist-nurlan-qehremanlinin-saxlanildigi-bildirilir\/\" \/>\n<meta property=\"og:site_name\" content=\"MEYDAN.TV\" \/>\n<meta property=\"article:published_time\" content=\"2023-09-21T09:10:29+00:00\" \/>\n<meta property=\"article:modified_time\" content=\"2023-09-21T15:27:14+00:00\" \/>\n<meta property=\"og:image\" content=\"https:\/\/www.meydan.tv\/wp-content\/uploads\/361ae94d-6042-490f-8171-3b106a0b1faf-e1695287220450.jpeg\" \/>\n\t<meta property=\"og:image:width\" content=\"960\" \/>\n\t<meta property=\"og:image:height\" content=\"531\" \/>\n\t<meta property=\"og:image:type\" content=\"image\/jpeg\" \/>\n<meta name=\"author\" content=\"elli\" \/>\n<meta name=\"twitter:card\" content=\"summary_large_image\" \/>\n<meta name=\"twitter:creator\" content=\"@elli\" \/>\n<script type=\"application\/ld+json\" class=\"yoast-schema-graph\">{\"@context\":\"https:\\\/\\\/schema.org\",\"@graph\":[{\"@type\":\"Article\",\"@id\":\"https:\\\/\\\/www.meydan.tv\\\/az\\\/article\\\/jurnalist-nurlan-qehremanlinin-saxlanildigi-bildirilir\\\/#article\",\"isPartOf\":{\"@id\":\"https:\\\/\\\/www.meydan.tv\\\/az\\\/article\\\/jurnalist-nurlan-qehremanlinin-saxlanildigi-bildirilir\\\/\"},\"author\":{\"name\":\"elli\",\"@id\":\"https:\\\/\\\/www.meydan.tv\\\/az\\\/#\\\/schema\\\/person\\\/9cdbecf90d17180ce1dfbd95b08dcf47\"},\"headline\":\"30 sutka h\u0259bs alan jurnalistin prokurorun g\u00f6z\u00fc qar\u015f\u0131s\u0131nda d\u00f6y\u00fcld\u00fcy\u00fc bildirilir (yenil\u0259nib)\",\"datePublished\":\"2023-09-21T09:10:29+00:00\",\"dateModified\":\"2023-09-21T15:27:14+00:00\",\"mainEntityOfPage\":{\"@id\":\"https:\\\/\\\/www.meydan.tv\\\/az\\\/article\\\/jurnalist-nurlan-qehremanlinin-saxlanildigi-bildirilir\\\/\"},\"wordCount\":606,\"publisher\":{\"@id\":\"https:\\\/\\\/www.meydan.tv\\\/az\\\/#organization\"},\"image\":{\"@id\":\"https:\\\/\\\/www.meydan.tv\\\/az\\\/article\\\/jurnalist-nurlan-qehremanlinin-saxlanildigi-bildirilir\\\/#primaryimage\"},\"thumbnailUrl\":\"https:\\\/\\\/www.meydan.tv\\\/wp-content\\\/uploads\\\/361ae94d-6042-490f-8171-3b106a0b1faf-e1695287220450.jpeg\",\"articleSection\":[\"Siyas\u0259t\",\"X\u0259b\u0259rl\u0259r\"],\"inLanguage\":\"az\"},{\"@type\":\"WebPage\",\"@id\":\"https:\\\/\\\/www.meydan.tv\\\/az\\\/article\\\/jurnalist-nurlan-qehremanlinin-saxlanildigi-bildirilir\\\/\",\"url\":\"https:\\\/\\\/www.meydan.tv\\\/az\\\/article\\\/jurnalist-nurlan-qehremanlinin-saxlanildigi-bildirilir\\\/\",\"name\":\"30 sutka h\u0259bs alan jurnalistin prokurorun g\u00f6z\u00fc qar\u015f\u0131s\u0131nda d\u00f6y\u00fcld\u00fcy\u00fc bildirilir (yenil\u0259nib) - MEYDAN.TV\",\"isPartOf\":{\"@id\":\"https:\\\/\\\/www.meydan.tv\\\/az\\\/#website\"},\"primaryImageOfPage\":{\"@id\":\"https:\\\/\\\/www.meydan.tv\\\/az\\\/article\\\/jurnalist-nurlan-qehremanlinin-saxlanildigi-bildirilir\\\/#primaryimage\"},\"image\":{\"@id\":\"https:\\\/\\\/www.meydan.tv\\\/az\\\/article\\\/jurnalist-nurlan-qehremanlinin-saxlanildigi-bildirilir\\\/#primaryimage\"},\"thumbnailUrl\":\"https:\\\/\\\/www.meydan.tv\\\/wp-content\\\/uploads\\\/361ae94d-6042-490f-8171-3b106a0b1faf-e1695287220450.jpeg\",\"datePublished\":\"2023-09-21T09:10:29+00:00\",\"dateModified\":\"2023-09-21T15:27:14+00:00\",\"breadcrumb\":{\"@id\":\"https:\\\/\\\/www.meydan.tv\\\/az\\\/article\\\/jurnalist-nurlan-qehremanlinin-saxlanildigi-bildirilir\\\/#breadcrumb\"},\"inLanguage\":\"az\",\"potentialAction\":[{\"@type\":\"ReadAction\",\"target\":[\"https:\\\/\\\/www.meydan.tv\\\/az\\\/article\\\/jurnalist-nurlan-qehremanlinin-saxlanildigi-bildirilir\\\/\"]}]},{\"@type\":\"ImageObject\",\"inLanguage\":\"az\",\"@id\":\"https:\\\/\\\/www.meydan.tv\\\/az\\\/article\\\/jurnalist-nurlan-qehremanlinin-saxlanildigi-bildirilir\\\/#primaryimage\",\"url\":\"https:\\\/\\\/www.meydan.tv\\\/wp-content\\\/uploads\\\/361ae94d-6042-490f-8171-3b106a0b1faf-e1695287220450.jpeg\",\"contentUrl\":\"https:\\\/\\\/www.meydan.tv\\\/wp-content\\\/uploads\\\/361ae94d-6042-490f-8171-3b106a0b1faf-e1695287220450.jpeg\",\"width\":960,\"height\":531,\"caption\":\"Foto: Meydan TV\"},{\"@type\":\"BreadcrumbList\",\"@id\":\"https:\\\/\\\/www.meydan.tv\\\/az\\\/article\\\/jurnalist-nurlan-qehremanlinin-saxlanildigi-bildirilir\\\/#breadcrumb\",\"itemListElement\":[{\"@type\":\"ListItem\",\"position\":1,\"name\":\"Ana s\u0259hif\u0259\",\"item\":\"https:\\\/\\\/www.meydan.tv\\\/az\\\/\"},{\"@type\":\"ListItem\",\"position\":2,\"name\":\"Siyas\u0259t\",\"item\":\"https:\\\/\\\/www.meydan.tv\\\/az\\\/section\\\/siyaset\\\/\"},{\"@type\":\"ListItem\",\"position\":3,\"name\":\"30 sutka h\u0259bs alan jurnalistin prokurorun g\u00f6z\u00fc qar\u015f\u0131s\u0131nda d\u00f6y\u00fcld\u00fcy\u00fc bildirilir (yenil\u0259nib)\"}]},{\"@type\":\"WebSite\",\"@id\":\"https:\\\/\\\/www.meydan.tv\\\/az\\\/#website\",\"url\":\"https:\\\/\\\/www.meydan.tv\\\/az\\\/\",\"name\":\"MEYDAN.TV\",\"description\":\"Meydan TV Az\u0259rbaycan\u0131n media m\u0259kan\u0131ndak\u0131 alternativ s\u0259sidir\",\"publisher\":{\"@id\":\"https:\\\/\\\/www.meydan.tv\\\/az\\\/#organization\"},\"potentialAction\":[{\"@type\":\"SearchAction\",\"target\":{\"@type\":\"EntryPoint\",\"urlTemplate\":\"https:\\\/\\\/www.meydan.tv\\\/az\\\/?s={search_term_string}\"},\"query-input\":{\"@type\":\"PropertyValueSpecification\",\"valueRequired\":true,\"valueName\":\"search_term_string\"}}],\"inLanguage\":\"az\"},{\"@type\":\"Organization\",\"@id\":\"https:\\\/\\\/www.meydan.tv\\\/az\\\/#organization\",\"name\":\"Meydan TV\",\"url\":\"https:\\\/\\\/www.meydan.tv\\\/az\\\/\",\"logo\":{\"@type\":\"ImageObject\",\"inLanguage\":\"az\",\"@id\":\"https:\\\/\\\/www.meydan.tv\\\/az\\\/#\\\/schema\\\/logo\\\/image\\\/\",\"url\":\"https:\\\/\\\/www.meydan.tv\\\/wp-content\\\/uploads\\\/2021\\\/07\\\/meydan-logo.svg\",\"contentUrl\":\"https:\\\/\\\/www.meydan.tv\\\/wp-content\\\/uploads\\\/2021\\\/07\\\/meydan-logo.svg\",\"width\":195,\"height\":46,\"caption\":\"Meydan TV\"},\"image\":{\"@id\":\"https:\\\/\\\/www.meydan.tv\\\/az\\\/#\\\/schema\\\/logo\\\/image\\\/\"}},{\"@type\":\"Person\",\"@id\":\"https:\\\/\\\/www.meydan.tv\\\/az\\\/#\\\/schema\\\/person\\\/9cdbecf90d17180ce1dfbd95b08dcf47\",\"name\":\"elli\",\"sameAs\":[\"https:\\\/\\\/x.com\\\/elli\"]}]}<\/script>\n<!-- \/ Yoast SEO plugin. -->","yoast_head_json":{"title":"30 sutka h\u0259bs alan jurnalistin prokurorun g\u00f6z\u00fc qar\u015f\u0131s\u0131nda d\u00f6y\u00fcld\u00fcy\u00fc bildirilir (yenil\u0259nib) - MEYDAN.TV","robots":{"index":"index","follow":"follow","max-snippet":"max-snippet:-1","max-image-preview":"max-image-preview:large","max-video-preview":"max-video-preview:-1"},"canonical":"https:\/\/www.meydan.tv\/az\/article\/jurnalist-nurlan-qehremanlinin-saxlanildigi-bildirilir\/","og_locale":"az_AZ","og_type":"article","og_title":"30 sutka h\u0259bs alan jurnalistin prokurorun g\u00f6z\u00fc qar\u015f\u0131s\u0131nda d\u00f6y\u00fcld\u00fcy\u00fc bildirilir (yenil\u0259nib) - MEYDAN.TV","og_description":"Nurlan Q\u0259hr\u0259manl\u0131 qada\u011fan olunmu\u015f informasiyan\u0131 yaymaqda ittiham edilib Sentyabr\u0131n 21-d\u0259 ... Davam\u0131","og_url":"https:\/\/www.meydan.tv\/az\/article\/jurnalist-nurlan-qehremanlinin-saxlanildigi-bildirilir\/","og_site_name":"MEYDAN.TV","article_published_time":"2023-09-21T09:10:29+00:00","article_modified_time":"2023-09-21T15:27:14+00:00","og_image":[{"width":960,"height":531,"url":"https:\/\/www.meydan.tv\/wp-content\/uploads\/361ae94d-6042-490f-8171-3b106a0b1faf-e1695287220450.jpeg","type":"image\/jpeg"}],"author":"elli","twitter_card":"summary_large_image","twitter_creator":"@elli","schema":{"@context":"https:\/\/schema.org","@graph":[{"@type":"Article","@id":"https:\/\/www.meydan.tv\/az\/article\/jurnalist-nurlan-qehremanlinin-saxlanildigi-bildirilir\/#article","isPartOf":{"@id":"https:\/\/www.meydan.tv\/az\/article\/jurnalist-nurlan-qehremanlinin-saxlanildigi-bildirilir\/"},"author":{"name":"elli","@id":"https:\/\/www.meydan.tv\/az\/#\/schema\/person\/9cdbecf90d17180ce1dfbd95b08dcf47"},"headline":"30 sutka h\u0259bs alan jurnalistin prokurorun g\u00f6z\u00fc qar\u015f\u0131s\u0131nda d\u00f6y\u00fcld\u00fcy\u00fc bildirilir (yenil\u0259nib)","datePublished":"2023-09-21T09:10:29+00:00","dateModified":"2023-09-21T15:27:14+00:00","mainEntityOfPage":{"@id":"https:\/\/www.meydan.tv\/az\/article\/jurnalist-nurlan-qehremanlinin-saxlanildigi-bildirilir\/"},"wordCount":606,"publisher":{"@id":"https:\/\/www.meydan.tv\/az\/#organization"},"image":{"@id":"https:\/\/www.meydan.tv\/az\/article\/jurnalist-nurlan-qehremanlinin-saxlanildigi-bildirilir\/#primaryimage"},"thumbnailUrl":"https:\/\/www.meydan.tv\/wp-content\/uploads\/361ae94d-6042-490f-8171-3b106a0b1faf-e1695287220450.jpeg","articleSection":["Siyas\u0259t","X\u0259b\u0259rl\u0259r"],"inLanguage":"az"},{"@type":"WebPage","@id":"https:\/\/www.meydan.tv\/az\/article\/jurnalist-nurlan-qehremanlinin-saxlanildigi-bildirilir\/","url":"https:\/\/www.meydan.tv\/az\/article\/jurnalist-nurlan-qehremanlinin-saxlanildigi-bildirilir\/","name":"30 sutka h\u0259bs alan jurnalistin prokurorun g\u00f6z\u00fc qar\u015f\u0131s\u0131nda d\u00f6y\u00fcld\u00fcy\u00fc bildirilir (yenil\u0259nib) - MEYDAN.TV","isPartOf":{"@id":"https:\/\/www.meydan.tv\/az\/#website"},"primaryImageOfPage":{"@id":"https:\/\/www.meydan.tv\/az\/article\/jurnalist-nurlan-qehremanlinin-saxlanildigi-bildirilir\/#primaryimage"},"image":{"@id":"https:\/\/www.meydan.tv\/az\/article\/jurnalist-nurlan-qehremanlinin-saxlanildigi-bildirilir\/#primaryimage"},"thumbnailUrl":"https:\/\/www.meydan.tv\/wp-content\/uploads\/361ae94d-6042-490f-8171-3b106a0b1faf-e1695287220450.jpeg","datePublished":"2023-09-21T09:10:29+00:00","dateModified":"2023-09-21T15:27:14+00:00","breadcrumb":{"@id":"https:\/\/www.meydan.tv\/az\/article\/jurnalist-nurlan-qehremanlinin-saxlanildigi-bildirilir\/#breadcrumb"},"inLanguage":"az","potentialAction":[{"@type":"ReadAction","target":["https:\/\/www.meydan.tv\/az\/article\/jurnalist-nurlan-qehremanlinin-saxlanildigi-bildirilir\/"]}]},{"@type":"ImageObject","inLanguage":"az","@id":"https:\/\/www.meydan.tv\/az\/article\/jurnalist-nurlan-qehremanlinin-saxlanildigi-bildirilir\/#primaryimage","url":"https:\/\/www.meydan.tv\/wp-content\/uploads\/361ae94d-6042-490f-8171-3b106a0b1faf-e1695287220450.jpeg","contentUrl":"https:\/\/www.meydan.tv\/wp-content\/uploads\/361ae94d-6042-490f-8171-3b106a0b1faf-e1695287220450.jpeg","width":960,"height":531,"caption":"Foto: Meydan TV"},{"@type":"BreadcrumbList","@id":"https:\/\/www.meydan.tv\/az\/article\/jurnalist-nurlan-qehremanlinin-saxlanildigi-bildirilir\/#breadcrumb","itemListElement":[{"@type":"ListItem","position":1,"name":"Ana s\u0259hif\u0259","item":"https:\/\/www.meydan.tv\/az\/"},{"@type":"ListItem","position":2,"name":"Siyas\u0259t","item":"https:\/\/www.meydan.tv\/az\/section\/siyaset\/"},{"@type":"ListItem","position":3,"name":"30 sutka h\u0259bs alan jurnalistin prokurorun g\u00f6z\u00fc qar\u015f\u0131s\u0131nda d\u00f6y\u00fcld\u00fcy\u00fc bildirilir (yenil\u0259nib)"}]},{"@type":"WebSite","@id":"https:\/\/www.meydan.tv\/az\/#website","url":"https:\/\/www.meydan.tv\/az\/","name":"MEYDAN.TV","description":"Meydan TV Az\u0259rbaycan\u0131n media m\u0259kan\u0131ndak\u0131 alternativ s\u0259sidir","publisher":{"@id":"https:\/\/www.meydan.tv\/az\/#organization"},"potentialAction":[{"@type":"SearchAction","target":{"@type":"EntryPoint","urlTemplate":"https:\/\/www.meydan.tv\/az\/?s={search_term_string}"},"query-input":{"@type":"PropertyValueSpecification","valueRequired":true,"valueName":"search_term_string"}}],"inLanguage":"az"},{"@type":"Organization","@id":"https:\/\/www.meydan.tv\/az\/#organization","name":"Meydan TV","url":"https:\/\/www.meydan.tv\/az\/","logo":{"@type":"ImageObject","inLanguage":"az","@id":"https:\/\/www.meydan.tv\/az\/#\/schema\/logo\/image\/","url":"https:\/\/www.meydan.tv\/wp-content\/uploads\/2021\/07\/meydan-logo.svg","contentUrl":"https:\/\/www.meydan.tv\/wp-content\/uploads\/2021\/07\/meydan-logo.svg","width":195,"height":46,"caption":"Meydan TV"},"image":{"@id":"https:\/\/www.meydan.tv\/az\/#\/schema\/logo\/image\/"}},{"@type":"Person","@id":"https:\/\/www.meydan.tv\/az\/#\/schema\/person\/9cdbecf90d17180ce1dfbd95b08dcf47","name":"elli","sameAs":["https:\/\/x.com\/elli"]}]}},"_links":{"self":[{"href":"https:\/\/www.meydan.tv\/az\/wp-json\/wp\/v2\/posts\/285559","targetHints":{"allow":["GET"]}}],"collection":[{"href":"https:\/\/www.meydan.tv\/az\/wp-json\/wp\/v2\/posts"}],"about":[{"href":"https:\/\/www.meydan.tv\/az\/wp-json\/wp\/v2\/types\/post"}],"author":[{"embeddable":true,"href":"https:\/\/www.meydan.tv\/az\/wp-json\/wp\/v2\/users\/8"}],"replies":[{"embeddable":true,"href":"https:\/\/www.meydan.tv\/az\/wp-json\/wp\/v2\/comments?post=285559"}],"version-history":[{"count":7,"href":"https:\/\/www.meydan.tv\/az\/wp-json\/wp\/v2\/posts\/285559\/revisions"}],"predecessor-version":[{"id":285626,"href":"https:\/\/www.meydan.tv\/az\/wp-json\/wp\/v2\/posts\/285559\/revisions\/285626"}],"wp:featuredmedia":[{"embeddable":true,"href":"https:\/\/www.meydan.tv\/az\/wp-json\/wp\/v2\/media\/207350"}],"wp:attachment":[{"href":"https:\/\/www.meydan.tv\/az\/wp-json\/wp\/v2\/media?parent=285559"}],"wp:term":[{"taxonomy":"category","embeddable":true,"href":"https:\/\/www.meydan.tv\/az\/wp-json\/wp\/v2\/categories?post=285559"},{"taxonomy":"post_tag","embeddable":true,"href":"https:\/\/www.meydan.tv\/az\/wp-json\/wp\/v2\/tags?post=285559"}],"curies":[{"name":"wp","href":"https:\/\/api.w.org\/{rel}","templated":true}]}}