{"id":285529,"date":"2023-09-21T11:35:22","date_gmt":"2023-09-21T07:35:22","guid":{"rendered":"https:\/\/www.meydan.tv\/?p=285529"},"modified":"2023-09-21T12:59:19","modified_gmt":"2023-09-21T08:59:19","slug":"resmi-bakinin-qarabagin-ermeni-icmasi-ile-gorusu","status":"publish","type":"post","link":"https:\/\/www.meydan.tv\/az\/article\/resmi-bakinin-qarabagin-ermeni-icmasi-ile-gorusu\/","title":{"rendered":"R\u0259smi Bak\u0131n\u0131n Qaraba\u011f\u0131n erm\u0259ni icmas\u0131 il\u0259 g\u00f6r\u00fc\u015f\u00fc (canl\u0131 bloq)"},"content":{"rendered":"\n<p><\/p>\n\n\n\n<p><\/p>\n<div id=\"elb-liveblog\" class=\"elb-liveblog elb-theme-light\" data-append-timestamp=\"\" data-status=\"open\" data-highlighted-entry=\"\" data-show-entries=\"10\" data-endpoint=\"https:\/\/www.meydan.tv\/az\/wp-json\/easy-liveblogs\/v1\/liveblog\/285529\"><div class=\"elb-liveblog-closed-message\" style=\"display: none;\">Bu canl\u0131 bloq sona \u00e7atd\u0131.<\/div><button id=\"elb-show-new-posts\" class=\"elb-button button\" style=\"display: none;\"><\/button><div class=\"elb-no-liveblog-entries-message\" style=\"display: none;\">H\u0259l\u0259 he\u00e7 bir bloq postu yoxdur.<\/div><ul class=\"elb-liveblog-list\"><\/ul><div class=\"elb-loader\"><!-- By Sam Herbert (@sherb) -->\n\t\t\t<svg width=\"45\" height=\"45\" viewBox=\"0 0 45 45\" xmlns=\"http:\/\/www.w3.org\/2000\/svg\" stroke=\"currentColor\">\n\t\t\t\t<g fill=\"none\" fill-rule=\"evenodd\" transform=\"translate(1 1)\" stroke-width=\"2\">\n\t\t\t\t\t<circle cx=\"22\" cy=\"22\" r=\"6\" stroke-opacity=\"0\">\n\t\t\t\t\t\t<animate attributeName=\"r\"\n\t\t\t\t\t\t\t begin=\"1.5s\" dur=\"3s\"\n\t\t\t\t\t\t\t values=\"6;22\"\n\t\t\t\t\t\t\t calcMode=\"linear\"\n\t\t\t\t\t\t\t repeatCount=\"indefinite\" \/>\n\t\t\t\t\t\t<animate attributeName=\"stroke-opacity\"\n\t\t\t\t\t\t\t begin=\"1.5s\" dur=\"3s\"\n\t\t\t\t\t\t\t values=\"1;0\" calcMode=\"linear\"\n\t\t\t\t\t\t\t repeatCount=\"indefinite\" \/>\n\t\t\t\t\t\t<animate attributeName=\"stroke-width\"\n\t\t\t\t\t\t\t begin=\"1.5s\" dur=\"3s\"\n\t\t\t\t\t\t\t values=\"2;0\" calcMode=\"linear\"\n\t\t\t\t\t\t\t repeatCount=\"indefinite\" \/>\n\t\t\t\t\t<\/circle>\n\t\t\t\t\t<circle cx=\"22\" cy=\"22\" r=\"6\" stroke-opacity=\"0\">\n\t\t\t\t\t\t<animate attributeName=\"r\"\n\t\t\t\t\t\t\t begin=\"3s\" dur=\"3s\"\n\t\t\t\t\t\t\t values=\"6;22\"\n\t\t\t\t\t\t\t calcMode=\"linear\"\n\t\t\t\t\t\t\t repeatCount=\"indefinite\" \/>\n\t\t\t\t\t\t<animate attributeName=\"stroke-opacity\"\n\t\t\t\t\t\t\t begin=\"3s\" dur=\"3s\"\n\t\t\t\t\t\t\t values=\"1;0\" calcMode=\"linear\"\n\t\t\t\t\t\t\t repeatCount=\"indefinite\" \/>\n\t\t\t\t\t\t<animate attributeName=\"stroke-width\"\n\t\t\t\t\t\t\t begin=\"3s\" dur=\"3s\"\n\t\t\t\t\t\t\t values=\"2;0\" calcMode=\"linear\"\n\t\t\t\t\t\t\t repeatCount=\"indefinite\" \/>\n\t\t\t\t\t<\/circle>\n\t\t\t\t\t<circle cx=\"22\" cy=\"22\" r=\"8\">\n\t\t\t\t\t\t<animate attributeName=\"r\"\n\t\t\t\t\t\t\t begin=\"0s\" dur=\"1.5s\"\n\t\t\t\t\t\t\t values=\"6;1;2;3;4;5;6\"\n\t\t\t\t\t\t\t calcMode=\"linear\"\n\t\t\t\t\t\t\t repeatCount=\"indefinite\" \/>\n\t\t\t\t\t<\/circle>\n\t\t\t\t<\/g>\n\t\t\t<\/svg><\/div><button id=\"elb-load-more\" style=\"display: none;\" class=\"elb-button button\">Load more<\/button><\/div>","protected":false},"excerpt":{"rendered":"<p>Bu canl\u0131 bloq sona \u00e7atd\u0131. H\u0259l\u0259 he\u00e7 bir bloq postu &#8230; <\/p>\n<p class=\"read-more-container\"><a title=\"R\u0259smi Bak\u0131n\u0131n Qaraba\u011f\u0131n erm\u0259ni icmas\u0131 il\u0259 g\u00f6r\u00fc\u015f\u00fc (canl\u0131 bloq)\" class=\"read-more button\" href=\"https:\/\/www.meydan.tv\/az\/article\/resmi-bakinin-qarabagin-ermeni-icmasi-ile-gorusu\/#more-285529\" aria-label=\"Read more about R\u0259smi Bak\u0131n\u0131n Qaraba\u011f\u0131n erm\u0259ni icmas\u0131 il\u0259 g\u00f6r\u00fc\u015f\u00fc (canl\u0131 bloq)\">Davam\u0131<\/a><\/p>\n","protected":false},"author":8,"featured_media":285520,"comment_status":"closed","ping_status":"closed","sticky":false,"template":"","format":"standard","meta":{"_acf_changed":false,"_sitemap_exclude":false,"_sitemap_priority":"","_sitemap_frequency":"","footnotes":""},"categories":[88,59,56],"tags":[],"class_list":["post-285529","post","type-post","status-publish","format-standard","has-post-thumbnail","hentry","category-redaktor-secimi","category-siyaset","category-xeberler","infinite-scroll-item","generate-columns","tablet-grid-50","mobile-grid-100","grid-parent","grid-33","no-featured-image-padding"],"acf":[],"yoast_head":"<!-- This site is optimized with the Yoast SEO plugin v27.4 - https:\/\/yoast.com\/product\/yoast-seo-wordpress\/ -->\n<title>R\u0259smi Bak\u0131n\u0131n Qaraba\u011f\u0131n erm\u0259ni icmas\u0131 il\u0259 g\u00f6r\u00fc\u015f\u00fc (canl\u0131 bloq) - MEYDAN.TV<\/title>\n<meta name=\"robots\" content=\"index, follow, max-snippet:-1, max-image-preview:large, max-video-preview:-1\" \/>\n<link rel=\"canonical\" href=\"https:\/\/www.meydan.tv\/az\/article\/resmi-bakinin-qarabagin-ermeni-icmasi-ile-gorusu\/\" \/>\n<meta property=\"og:locale\" content=\"az_AZ\" \/>\n<meta property=\"og:type\" content=\"article\" \/>\n<meta property=\"og:title\" content=\"R\u0259smi Bak\u0131n\u0131n Qaraba\u011f\u0131n erm\u0259ni icmas\u0131 il\u0259 g\u00f6r\u00fc\u015f\u00fc (canl\u0131 bloq) - MEYDAN.TV\" \/>\n<meta property=\"og:description\" content=\"Bu canl\u0131 bloq sona \u00e7atd\u0131. H\u0259l\u0259 he\u00e7 bir bloq postu ... Davam\u0131\" \/>\n<meta property=\"og:url\" content=\"https:\/\/www.meydan.tv\/az\/article\/resmi-bakinin-qarabagin-ermeni-icmasi-ile-gorusu\/\" \/>\n<meta property=\"og:site_name\" content=\"MEYDAN.TV\" \/>\n<meta property=\"article:published_time\" content=\"2023-09-21T07:35:22+00:00\" \/>\n<meta property=\"article:modified_time\" content=\"2023-09-21T08:59:19+00:00\" \/>\n<meta property=\"og:image\" content=\"https:\/\/www.meydan.tv\/wp-content\/uploads\/1695279638437197942_1200x630.jpg\" \/>\n\t<meta property=\"og:image:width\" content=\"1200\" \/>\n\t<meta property=\"og:image:height\" content=\"786\" \/>\n\t<meta property=\"og:image:type\" content=\"image\/jpeg\" \/>\n<meta name=\"author\" content=\"elli\" \/>\n<meta name=\"twitter:card\" content=\"summary_large_image\" \/>\n<meta name=\"twitter:creator\" content=\"@elli\" \/>\n<script type=\"application\/ld+json\" class=\"yoast-schema-graph\">{\"@context\":\"https:\\\/\\\/schema.org\",\"@graph\":[{\"@type\":\"Article\",\"@id\":\"https:\\\/\\\/www.meydan.tv\\\/az\\\/article\\\/resmi-bakinin-qarabagin-ermeni-icmasi-ile-gorusu\\\/#article\",\"isPartOf\":{\"@id\":\"https:\\\/\\\/www.meydan.tv\\\/az\\\/article\\\/resmi-bakinin-qarabagin-ermeni-icmasi-ile-gorusu\\\/\"},\"author\":{\"name\":\"elli\",\"@id\":\"https:\\\/\\\/www.meydan.tv\\\/az\\\/#\\\/schema\\\/person\\\/9cdbecf90d17180ce1dfbd95b08dcf47\"},\"headline\":\"R\u0259smi Bak\u0131n\u0131n Qaraba\u011f\u0131n erm\u0259ni icmas\u0131 il\u0259 g\u00f6r\u00fc\u015f\u00fc (canl\u0131 bloq)\",\"datePublished\":\"2023-09-21T07:35:22+00:00\",\"dateModified\":\"2023-09-21T08:59:19+00:00\",\"mainEntityOfPage\":{\"@id\":\"https:\\\/\\\/www.meydan.tv\\\/az\\\/article\\\/resmi-bakinin-qarabagin-ermeni-icmasi-ile-gorusu\\\/\"},\"wordCount\":15,\"publisher\":{\"@id\":\"https:\\\/\\\/www.meydan.tv\\\/az\\\/#organization\"},\"image\":{\"@id\":\"https:\\\/\\\/www.meydan.tv\\\/az\\\/article\\\/resmi-bakinin-qarabagin-ermeni-icmasi-ile-gorusu\\\/#primaryimage\"},\"thumbnailUrl\":\"https:\\\/\\\/www.meydan.tv\\\/wp-content\\\/uploads\\\/1695279638437197942_1200x630.jpg\",\"articleSection\":[\"Redaktor se\u00e7imi\",\"Siyas\u0259t\",\"X\u0259b\u0259rl\u0259r\"],\"inLanguage\":\"az\"},{\"@type\":\"WebPage\",\"@id\":\"https:\\\/\\\/www.meydan.tv\\\/az\\\/article\\\/resmi-bakinin-qarabagin-ermeni-icmasi-ile-gorusu\\\/\",\"url\":\"https:\\\/\\\/www.meydan.tv\\\/az\\\/article\\\/resmi-bakinin-qarabagin-ermeni-icmasi-ile-gorusu\\\/\",\"name\":\"R\u0259smi Bak\u0131n\u0131n Qaraba\u011f\u0131n erm\u0259ni icmas\u0131 il\u0259 g\u00f6r\u00fc\u015f\u00fc (canl\u0131 bloq) - MEYDAN.TV\",\"isPartOf\":{\"@id\":\"https:\\\/\\\/www.meydan.tv\\\/az\\\/#website\"},\"primaryImageOfPage\":{\"@id\":\"https:\\\/\\\/www.meydan.tv\\\/az\\\/article\\\/resmi-bakinin-qarabagin-ermeni-icmasi-ile-gorusu\\\/#primaryimage\"},\"image\":{\"@id\":\"https:\\\/\\\/www.meydan.tv\\\/az\\\/article\\\/resmi-bakinin-qarabagin-ermeni-icmasi-ile-gorusu\\\/#primaryimage\"},\"thumbnailUrl\":\"https:\\\/\\\/www.meydan.tv\\\/wp-content\\\/uploads\\\/1695279638437197942_1200x630.jpg\",\"datePublished\":\"2023-09-21T07:35:22+00:00\",\"dateModified\":\"2023-09-21T08:59:19+00:00\",\"breadcrumb\":{\"@id\":\"https:\\\/\\\/www.meydan.tv\\\/az\\\/article\\\/resmi-bakinin-qarabagin-ermeni-icmasi-ile-gorusu\\\/#breadcrumb\"},\"inLanguage\":\"az\",\"potentialAction\":[{\"@type\":\"ReadAction\",\"target\":[\"https:\\\/\\\/www.meydan.tv\\\/az\\\/article\\\/resmi-bakinin-qarabagin-ermeni-icmasi-ile-gorusu\\\/\"]}]},{\"@type\":\"ImageObject\",\"inLanguage\":\"az\",\"@id\":\"https:\\\/\\\/www.meydan.tv\\\/az\\\/article\\\/resmi-bakinin-qarabagin-ermeni-icmasi-ile-gorusu\\\/#primaryimage\",\"url\":\"https:\\\/\\\/www.meydan.tv\\\/wp-content\\\/uploads\\\/1695279638437197942_1200x630.jpg\",\"contentUrl\":\"https:\\\/\\\/www.meydan.tv\\\/wp-content\\\/uploads\\\/1695279638437197942_1200x630.jpg\",\"width\":1200,\"height\":786,\"caption\":\"Foto: Az\u0259rtac\"},{\"@type\":\"BreadcrumbList\",\"@id\":\"https:\\\/\\\/www.meydan.tv\\\/az\\\/article\\\/resmi-bakinin-qarabagin-ermeni-icmasi-ile-gorusu\\\/#breadcrumb\",\"itemListElement\":[{\"@type\":\"ListItem\",\"position\":1,\"name\":\"Ana s\u0259hif\u0259\",\"item\":\"https:\\\/\\\/www.meydan.tv\\\/az\\\/\"},{\"@type\":\"ListItem\",\"position\":2,\"name\":\"X\u0259b\u0259rl\u0259r\",\"item\":\"https:\\\/\\\/www.meydan.tv\\\/az\\\/section\\\/xeberler\\\/\"},{\"@type\":\"ListItem\",\"position\":3,\"name\":\"R\u0259smi Bak\u0131n\u0131n Qaraba\u011f\u0131n erm\u0259ni icmas\u0131 il\u0259 g\u00f6r\u00fc\u015f\u00fc (canl\u0131 bloq)\"}]},{\"@type\":\"WebSite\",\"@id\":\"https:\\\/\\\/www.meydan.tv\\\/az\\\/#website\",\"url\":\"https:\\\/\\\/www.meydan.tv\\\/az\\\/\",\"name\":\"MEYDAN.TV\",\"description\":\"Meydan TV Az\u0259rbaycan\u0131n media m\u0259kan\u0131ndak\u0131 alternativ s\u0259sidir\",\"publisher\":{\"@id\":\"https:\\\/\\\/www.meydan.tv\\\/az\\\/#organization\"},\"potentialAction\":[{\"@type\":\"SearchAction\",\"target\":{\"@type\":\"EntryPoint\",\"urlTemplate\":\"https:\\\/\\\/www.meydan.tv\\\/az\\\/?s={search_term_string}\"},\"query-input\":{\"@type\":\"PropertyValueSpecification\",\"valueRequired\":true,\"valueName\":\"search_term_string\"}}],\"inLanguage\":\"az\"},{\"@type\":\"Organization\",\"@id\":\"https:\\\/\\\/www.meydan.tv\\\/az\\\/#organization\",\"name\":\"Meydan TV\",\"url\":\"https:\\\/\\\/www.meydan.tv\\\/az\\\/\",\"logo\":{\"@type\":\"ImageObject\",\"inLanguage\":\"az\",\"@id\":\"https:\\\/\\\/www.meydan.tv\\\/az\\\/#\\\/schema\\\/logo\\\/image\\\/\",\"url\":\"https:\\\/\\\/www.meydan.tv\\\/wp-content\\\/uploads\\\/2021\\\/07\\\/meydan-logo.svg\",\"contentUrl\":\"https:\\\/\\\/www.meydan.tv\\\/wp-content\\\/uploads\\\/2021\\\/07\\\/meydan-logo.svg\",\"width\":195,\"height\":46,\"caption\":\"Meydan TV\"},\"image\":{\"@id\":\"https:\\\/\\\/www.meydan.tv\\\/az\\\/#\\\/schema\\\/logo\\\/image\\\/\"}},{\"@type\":\"Person\",\"@id\":\"https:\\\/\\\/www.meydan.tv\\\/az\\\/#\\\/schema\\\/person\\\/9cdbecf90d17180ce1dfbd95b08dcf47\",\"name\":\"elli\",\"sameAs\":[\"https:\\\/\\\/x.com\\\/elli\"]}]}<\/script>\n<!-- \/ Yoast SEO plugin. -->","yoast_head_json":{"title":"R\u0259smi Bak\u0131n\u0131n Qaraba\u011f\u0131n erm\u0259ni icmas\u0131 il\u0259 g\u00f6r\u00fc\u015f\u00fc (canl\u0131 bloq) - MEYDAN.TV","robots":{"index":"index","follow":"follow","max-snippet":"max-snippet:-1","max-image-preview":"max-image-preview:large","max-video-preview":"max-video-preview:-1"},"canonical":"https:\/\/www.meydan.tv\/az\/article\/resmi-bakinin-qarabagin-ermeni-icmasi-ile-gorusu\/","og_locale":"az_AZ","og_type":"article","og_title":"R\u0259smi Bak\u0131n\u0131n Qaraba\u011f\u0131n erm\u0259ni icmas\u0131 il\u0259 g\u00f6r\u00fc\u015f\u00fc (canl\u0131 bloq) - MEYDAN.TV","og_description":"Bu canl\u0131 bloq sona \u00e7atd\u0131. H\u0259l\u0259 he\u00e7 bir bloq postu ... Davam\u0131","og_url":"https:\/\/www.meydan.tv\/az\/article\/resmi-bakinin-qarabagin-ermeni-icmasi-ile-gorusu\/","og_site_name":"MEYDAN.TV","article_published_time":"2023-09-21T07:35:22+00:00","article_modified_time":"2023-09-21T08:59:19+00:00","og_image":[{"width":1200,"height":786,"url":"https:\/\/www.meydan.tv\/wp-content\/uploads\/1695279638437197942_1200x630.jpg","type":"image\/jpeg"}],"author":"elli","twitter_card":"summary_large_image","twitter_creator":"@elli","schema":{"@context":"https:\/\/schema.org","@graph":[{"@type":"Article","@id":"https:\/\/www.meydan.tv\/az\/article\/resmi-bakinin-qarabagin-ermeni-icmasi-ile-gorusu\/#article","isPartOf":{"@id":"https:\/\/www.meydan.tv\/az\/article\/resmi-bakinin-qarabagin-ermeni-icmasi-ile-gorusu\/"},"author":{"name":"elli","@id":"https:\/\/www.meydan.tv\/az\/#\/schema\/person\/9cdbecf90d17180ce1dfbd95b08dcf47"},"headline":"R\u0259smi Bak\u0131n\u0131n Qaraba\u011f\u0131n erm\u0259ni icmas\u0131 il\u0259 g\u00f6r\u00fc\u015f\u00fc (canl\u0131 bloq)","datePublished":"2023-09-21T07:35:22+00:00","dateModified":"2023-09-21T08:59:19+00:00","mainEntityOfPage":{"@id":"https:\/\/www.meydan.tv\/az\/article\/resmi-bakinin-qarabagin-ermeni-icmasi-ile-gorusu\/"},"wordCount":15,"publisher":{"@id":"https:\/\/www.meydan.tv\/az\/#organization"},"image":{"@id":"https:\/\/www.meydan.tv\/az\/article\/resmi-bakinin-qarabagin-ermeni-icmasi-ile-gorusu\/#primaryimage"},"thumbnailUrl":"https:\/\/www.meydan.tv\/wp-content\/uploads\/1695279638437197942_1200x630.jpg","articleSection":["Redaktor se\u00e7imi","Siyas\u0259t","X\u0259b\u0259rl\u0259r"],"inLanguage":"az"},{"@type":"WebPage","@id":"https:\/\/www.meydan.tv\/az\/article\/resmi-bakinin-qarabagin-ermeni-icmasi-ile-gorusu\/","url":"https:\/\/www.meydan.tv\/az\/article\/resmi-bakinin-qarabagin-ermeni-icmasi-ile-gorusu\/","name":"R\u0259smi Bak\u0131n\u0131n Qaraba\u011f\u0131n erm\u0259ni icmas\u0131 il\u0259 g\u00f6r\u00fc\u015f\u00fc (canl\u0131 bloq) - MEYDAN.TV","isPartOf":{"@id":"https:\/\/www.meydan.tv\/az\/#website"},"primaryImageOfPage":{"@id":"https:\/\/www.meydan.tv\/az\/article\/resmi-bakinin-qarabagin-ermeni-icmasi-ile-gorusu\/#primaryimage"},"image":{"@id":"https:\/\/www.meydan.tv\/az\/article\/resmi-bakinin-qarabagin-ermeni-icmasi-ile-gorusu\/#primaryimage"},"thumbnailUrl":"https:\/\/www.meydan.tv\/wp-content\/uploads\/1695279638437197942_1200x630.jpg","datePublished":"2023-09-21T07:35:22+00:00","dateModified":"2023-09-21T08:59:19+00:00","breadcrumb":{"@id":"https:\/\/www.meydan.tv\/az\/article\/resmi-bakinin-qarabagin-ermeni-icmasi-ile-gorusu\/#breadcrumb"},"inLanguage":"az","potentialAction":[{"@type":"ReadAction","target":["https:\/\/www.meydan.tv\/az\/article\/resmi-bakinin-qarabagin-ermeni-icmasi-ile-gorusu\/"]}]},{"@type":"ImageObject","inLanguage":"az","@id":"https:\/\/www.meydan.tv\/az\/article\/resmi-bakinin-qarabagin-ermeni-icmasi-ile-gorusu\/#primaryimage","url":"https:\/\/www.meydan.tv\/wp-content\/uploads\/1695279638437197942_1200x630.jpg","contentUrl":"https:\/\/www.meydan.tv\/wp-content\/uploads\/1695279638437197942_1200x630.jpg","width":1200,"height":786,"caption":"Foto: Az\u0259rtac"},{"@type":"BreadcrumbList","@id":"https:\/\/www.meydan.tv\/az\/article\/resmi-bakinin-qarabagin-ermeni-icmasi-ile-gorusu\/#breadcrumb","itemListElement":[{"@type":"ListItem","position":1,"name":"Ana s\u0259hif\u0259","item":"https:\/\/www.meydan.tv\/az\/"},{"@type":"ListItem","position":2,"name":"X\u0259b\u0259rl\u0259r","item":"https:\/\/www.meydan.tv\/az\/section\/xeberler\/"},{"@type":"ListItem","position":3,"name":"R\u0259smi Bak\u0131n\u0131n Qaraba\u011f\u0131n erm\u0259ni icmas\u0131 il\u0259 g\u00f6r\u00fc\u015f\u00fc (canl\u0131 bloq)"}]},{"@type":"WebSite","@id":"https:\/\/www.meydan.tv\/az\/#website","url":"https:\/\/www.meydan.tv\/az\/","name":"MEYDAN.TV","description":"Meydan TV Az\u0259rbaycan\u0131n media m\u0259kan\u0131ndak\u0131 alternativ s\u0259sidir","publisher":{"@id":"https:\/\/www.meydan.tv\/az\/#organization"},"potentialAction":[{"@type":"SearchAction","target":{"@type":"EntryPoint","urlTemplate":"https:\/\/www.meydan.tv\/az\/?s={search_term_string}"},"query-input":{"@type":"PropertyValueSpecification","valueRequired":true,"valueName":"search_term_string"}}],"inLanguage":"az"},{"@type":"Organization","@id":"https:\/\/www.meydan.tv\/az\/#organization","name":"Meydan TV","url":"https:\/\/www.meydan.tv\/az\/","logo":{"@type":"ImageObject","inLanguage":"az","@id":"https:\/\/www.meydan.tv\/az\/#\/schema\/logo\/image\/","url":"https:\/\/www.meydan.tv\/wp-content\/uploads\/2021\/07\/meydan-logo.svg","contentUrl":"https:\/\/www.meydan.tv\/wp-content\/uploads\/2021\/07\/meydan-logo.svg","width":195,"height":46,"caption":"Meydan TV"},"image":{"@id":"https:\/\/www.meydan.tv\/az\/#\/schema\/logo\/image\/"}},{"@type":"Person","@id":"https:\/\/www.meydan.tv\/az\/#\/schema\/person\/9cdbecf90d17180ce1dfbd95b08dcf47","name":"elli","sameAs":["https:\/\/x.com\/elli"]}]}},"_links":{"self":[{"href":"https:\/\/www.meydan.tv\/az\/wp-json\/wp\/v2\/posts\/285529","targetHints":{"allow":["GET"]}}],"collection":[{"href":"https:\/\/www.meydan.tv\/az\/wp-json\/wp\/v2\/posts"}],"about":[{"href":"https:\/\/www.meydan.tv\/az\/wp-json\/wp\/v2\/types\/post"}],"author":[{"embeddable":true,"href":"https:\/\/www.meydan.tv\/az\/wp-json\/wp\/v2\/users\/8"}],"replies":[{"embeddable":true,"href":"https:\/\/www.meydan.tv\/az\/wp-json\/wp\/v2\/comments?post=285529"}],"version-history":[{"count":2,"href":"https:\/\/www.meydan.tv\/az\/wp-json\/wp\/v2\/posts\/285529\/revisions"}],"predecessor-version":[{"id":285555,"href":"https:\/\/www.meydan.tv\/az\/wp-json\/wp\/v2\/posts\/285529\/revisions\/285555"}],"wp:featuredmedia":[{"embeddable":true,"href":"https:\/\/www.meydan.tv\/az\/wp-json\/wp\/v2\/media\/285520"}],"wp:attachment":[{"href":"https:\/\/www.meydan.tv\/az\/wp-json\/wp\/v2\/media?parent=285529"}],"wp:term":[{"taxonomy":"category","embeddable":true,"href":"https:\/\/www.meydan.tv\/az\/wp-json\/wp\/v2\/categories?post=285529"},{"taxonomy":"post_tag","embeddable":true,"href":"https:\/\/www.meydan.tv\/az\/wp-json\/wp\/v2\/tags?post=285529"}],"curies":[{"name":"wp","href":"https:\/\/api.w.org\/{rel}","templated":true}]}}