{"id":285433,"date":"2023-09-20T19:38:41","date_gmt":"2023-09-20T15:38:41","guid":{"rendered":"https:\/\/www.meydan.tv\/?p=285433"},"modified":"2023-09-20T23:44:19","modified_gmt":"2023-09-20T19:44:19","slug":"heyatini-itiren-polisler-defn-edilib","status":"publish","type":"post","link":"https:\/\/www.meydan.tv\/az\/article\/heyatini-itiren-polisler-defn-edilib\/","title":{"rendered":"H\u0259yat\u0131n\u0131 itir\u0259n polisl\u0259r d\u0259fn edilib"},"content":{"rendered":"\n<p><a href=\"https:\/\/www.youtube.com\/@MeydanTelevision\"><\/a><\/p>\n\n\n\n<figure class=\"wp-block-embed is-type-video is-provider-youtube wp-block-embed-youtube wp-embed-aspect-16-9 wp-has-aspect-ratio\"><div class=\"wp-block-embed__wrapper\">\n<iframe title=\"H\u0259yat\u0131n\u0131 itir\u0259n polisl\u0259r d\u0259fn edilib\" width=\"1200\" height=\"675\" data-src=\"https:\/\/www.youtube.com\/embed\/4nncbzIxDQg?feature=oembed\" frameborder=\"0\" allow=\"accelerometer; autoplay; clipboard-write; encrypted-media; gyroscope; picture-in-picture; web-share\" allowfullscreen src=\"data:image\/svg+xml;base64,PHN2ZyB3aWR0aD0iMSIgaGVpZ2h0PSIxIiB4bWxucz0iaHR0cDovL3d3dy53My5vcmcvMjAwMC9zdmciPjwvc3ZnPg==\" class=\"lazyload\" data-load-mode=\"1\"><\/iframe>\n<\/div><\/figure>\n\n\n\n<p><\/p>\n\n\n\n<p>Sentyabr\u0131n 20-d\u0259 Sumqay\u0131t \u015e\u0259hidl\u0259r Xiyaban\u0131nda Daxili \u0130\u015fl\u0259r Nazirliyinin 2 \u0259m\u0259kda\u015f\u0131 \u2014 polis serjant\u0131 Asim Camalzad\u0259 v\u0259 polis serjant\u0131 Ramil \u015eirinov d\u0259fn edilib. R\u0259smi a\u00e7\u0131qlamaya g\u00f6r\u0259, Ramil \u015eirinov v\u0259 Asim Camalzad\u0259 Daxili \u0130\u015fl\u0259r Nazirliyinin dig\u0259r 2 \u0259m\u0259kda\u015f\u0131 il\u0259 birli\u043ad\u0259 \u00f6t\u0259n g\u00fcn, sentyabr\u0131n 19-da mina partlamas\u0131 n\u0259tic\u0259sind\u0259 h\u0259lak olub. <\/p>\n\n\n\n<p>Daxili \u0130\u015fl\u0259r Nazirliyinin m\u0259lumat\u0131na g\u00f6r\u0259, hadis\u0259 \u018fhm\u0259db\u0259yli-F\u00fczuli-\u015eu\u015fa yolunun Xocav\u0259nd rayonunda ba\u015f verib. Avtomobilin minaya d\u00fc\u015fm\u0259si n\u0259tic\u0259sind\u0259 D\u0130N-in d\u00f6rd \u0259m\u0259kda\u015f\u0131 h\u0259lak olub. Onlar\u0131n 29 ya\u015fl\u0131 polis serjant\u0131 Camalzad\u0259 Asim Knyaz o\u011flu, 36 ya\u015fl\u0131 polis serjant\u0131 \u015eirinov Ramil Arif o\u011flu, 32 ya\u015fl\u0131 polis serjant\u0131 Mahmudov Seymur Elsev\u0259r o\u011flu v\u0259 25 ya\u015fl\u0131 polis serjant\u0131 Zamanov X\u0259z\u0259r Az\u0259r o\u011flu olmas\u0131 m\u00fc\u0259yy\u0259n olunub. <\/p>\n\n\n\n<p>Bu hadis\u0259d\u0259n bir ne\u00e7\u0259 saat sonra M\u00fcdafi\u0259 Nazirliyi Qaraba\u011fda h\u0259rbi \u0259m\u0259liyyata ba\u015flad\u0131\u011f\u0131n\u0131 elan edib v\u0259 bunu \u201cantiterror \u0259m\u0259liyyat\u0131\u201d adland\u0131r\u0131b. Bir g\u00fcnd\u0259n \u00e7oxdur ki, davam ed\u0259n h\u0259rbi \u0259m\u0259liyyatlar zaman\u0131 h\u0259m Az\u0259rbaycan, h\u0259m d\u0259 Erm\u0259nistan t\u0259r\u0259fd\u0259n h\u0259rbi qulluq\u00e7ular v\u0259 m\u00fclki \u015f\u0259xsl\u0259r aras\u0131nda \u00f6l\u0259n v\u0259 yaralananlar var. <\/p>\n\n\n\n<p>Sentyabr\u0131n 20-d\u0259 t\u0259r\u0259fl\u0259r \u0259m\u0259liyyat\u0131n dayand\u0131r\u0131lmas\u0131 il\u0259 ba\u011fl\u0131 raz\u0131l\u0131\u011fa g\u0259libl\u0259r. H\u0259lak olan Ramil \u015eirinov \u0130mi\u015fli rayonunun B\u0259hr\u0259mt\u0259p\u0259 q\u0259s\u0259b\u0259sind\u0259 anadan olub. 2 \u00f6vlad\u0131 var idi. Asim Camalzad\u0259 is\u0259 Xa\u00e7maz rayonunda anadan olub. 8 il \u00c7evik Polis Alay\u0131nda xidm\u0259t edib. Ni\u015fanl\u0131 idi.<\/p>\n","protected":false},"excerpt":{"rendered":"<p>Sentyabr\u0131n 20-d\u0259 Sumqay\u0131t \u015e\u0259hidl\u0259r Xiyaban\u0131nda Daxili \u0130\u015fl\u0259r Nazirliyinin 2 \u0259m\u0259kda\u015f\u0131 &#8230; <\/p>\n<p class=\"read-more-container\"><a title=\"H\u0259yat\u0131n\u0131 itir\u0259n polisl\u0259r d\u0259fn edilib\" class=\"read-more button\" href=\"https:\/\/www.meydan.tv\/az\/article\/heyatini-itiren-polisler-defn-edilib\/#more-285433\" aria-label=\"Read more about H\u0259yat\u0131n\u0131 itir\u0259n polisl\u0259r d\u0259fn edilib\">Davam\u0131<\/a><\/p>\n","protected":false},"author":12,"featured_media":285434,"comment_status":"closed","ping_status":"closed","sticky":false,"template":"","format":"standard","meta":{"_acf_changed":false,"_sitemap_exclude":false,"_sitemap_priority":"","_sitemap_frequency":"","footnotes":""},"categories":[63,56],"tags":[],"class_list":["post-285433","post","type-post","status-publish","format-standard","has-post-thumbnail","hentry","category-video-2","category-xeberler","infinite-scroll-item","generate-columns","tablet-grid-50","mobile-grid-100","grid-parent","grid-33","no-featured-image-padding"],"acf":[],"yoast_head":"<!-- This site is optimized with the Yoast SEO plugin v27.5 - https:\/\/yoast.com\/product\/yoast-seo-wordpress\/ -->\n<title>H\u0259yat\u0131n\u0131 itir\u0259n polisl\u0259r d\u0259fn edilib - MEYDAN.TV<\/title>\n<meta name=\"robots\" content=\"index, follow, max-snippet:-1, max-image-preview:large, max-video-preview:-1\" \/>\n<link rel=\"canonical\" href=\"https:\/\/www.meydan.tv\/az\/article\/heyatini-itiren-polisler-defn-edilib\/\" \/>\n<meta property=\"og:locale\" content=\"az_AZ\" \/>\n<meta property=\"og:type\" content=\"article\" \/>\n<meta property=\"og:title\" content=\"H\u0259yat\u0131n\u0131 itir\u0259n polisl\u0259r d\u0259fn edilib - MEYDAN.TV\" \/>\n<meta property=\"og:description\" content=\"Sentyabr\u0131n 20-d\u0259 Sumqay\u0131t \u015e\u0259hidl\u0259r Xiyaban\u0131nda Daxili \u0130\u015fl\u0259r Nazirliyinin 2 \u0259m\u0259kda\u015f\u0131 ... Davam\u0131\" \/>\n<meta property=\"og:url\" content=\"https:\/\/www.meydan.tv\/az\/article\/heyatini-itiren-polisler-defn-edilib\/\" \/>\n<meta property=\"og:site_name\" content=\"MEYDAN.TV\" \/>\n<meta property=\"article:published_time\" content=\"2023-09-20T15:38:41+00:00\" \/>\n<meta property=\"article:modified_time\" content=\"2023-09-20T19:44:19+00:00\" \/>\n<meta property=\"og:image\" content=\"https:\/\/www.meydan.tv\/wp-content\/uploads\/screenshot-2023-09-20-at-17.37.45-1200x732.png\" \/>\n\t<meta property=\"og:image:width\" content=\"1200\" \/>\n\t<meta property=\"og:image:height\" content=\"732\" \/>\n\t<meta property=\"og:image:type\" content=\"image\/png\" \/>\n<meta name=\"author\" content=\"aleks\" \/>\n<meta name=\"twitter:card\" content=\"summary_large_image\" \/>\n<script type=\"application\/ld+json\" class=\"yoast-schema-graph\">{\"@context\":\"https:\\\/\\\/schema.org\",\"@graph\":[{\"@type\":\"Article\",\"@id\":\"https:\\\/\\\/www.meydan.tv\\\/az\\\/article\\\/heyatini-itiren-polisler-defn-edilib\\\/#article\",\"isPartOf\":{\"@id\":\"https:\\\/\\\/www.meydan.tv\\\/az\\\/article\\\/heyatini-itiren-polisler-defn-edilib\\\/\"},\"author\":{\"name\":\"aleks\",\"@id\":\"https:\\\/\\\/www.meydan.tv\\\/az\\\/#\\\/schema\\\/person\\\/476e9360e593fa131d5d71d51866f8da\"},\"headline\":\"H\u0259yat\u0131n\u0131 itir\u0259n polisl\u0259r d\u0259fn edilib\",\"datePublished\":\"2023-09-20T15:38:41+00:00\",\"dateModified\":\"2023-09-20T19:44:19+00:00\",\"mainEntityOfPage\":{\"@id\":\"https:\\\/\\\/www.meydan.tv\\\/az\\\/article\\\/heyatini-itiren-polisler-defn-edilib\\\/\"},\"wordCount\":365,\"publisher\":{\"@id\":\"https:\\\/\\\/www.meydan.tv\\\/az\\\/#organization\"},\"image\":{\"@id\":\"https:\\\/\\\/www.meydan.tv\\\/az\\\/article\\\/heyatini-itiren-polisler-defn-edilib\\\/#primaryimage\"},\"thumbnailUrl\":\"https:\\\/\\\/www.meydan.tv\\\/wp-content\\\/uploads\\\/screenshot-2023-09-20-at-17.37.45.png\",\"articleSection\":[\"Video\",\"X\u0259b\u0259rl\u0259r\"],\"inLanguage\":\"az\"},{\"@type\":\"WebPage\",\"@id\":\"https:\\\/\\\/www.meydan.tv\\\/az\\\/article\\\/heyatini-itiren-polisler-defn-edilib\\\/\",\"url\":\"https:\\\/\\\/www.meydan.tv\\\/az\\\/article\\\/heyatini-itiren-polisler-defn-edilib\\\/\",\"name\":\"H\u0259yat\u0131n\u0131 itir\u0259n polisl\u0259r d\u0259fn edilib - MEYDAN.TV\",\"isPartOf\":{\"@id\":\"https:\\\/\\\/www.meydan.tv\\\/az\\\/#website\"},\"primaryImageOfPage\":{\"@id\":\"https:\\\/\\\/www.meydan.tv\\\/az\\\/article\\\/heyatini-itiren-polisler-defn-edilib\\\/#primaryimage\"},\"image\":{\"@id\":\"https:\\\/\\\/www.meydan.tv\\\/az\\\/article\\\/heyatini-itiren-polisler-defn-edilib\\\/#primaryimage\"},\"thumbnailUrl\":\"https:\\\/\\\/www.meydan.tv\\\/wp-content\\\/uploads\\\/screenshot-2023-09-20-at-17.37.45.png\",\"datePublished\":\"2023-09-20T15:38:41+00:00\",\"dateModified\":\"2023-09-20T19:44:19+00:00\",\"breadcrumb\":{\"@id\":\"https:\\\/\\\/www.meydan.tv\\\/az\\\/article\\\/heyatini-itiren-polisler-defn-edilib\\\/#breadcrumb\"},\"inLanguage\":\"az\",\"potentialAction\":[{\"@type\":\"ReadAction\",\"target\":[\"https:\\\/\\\/www.meydan.tv\\\/az\\\/article\\\/heyatini-itiren-polisler-defn-edilib\\\/\"]}]},{\"@type\":\"ImageObject\",\"inLanguage\":\"az\",\"@id\":\"https:\\\/\\\/www.meydan.tv\\\/az\\\/article\\\/heyatini-itiren-polisler-defn-edilib\\\/#primaryimage\",\"url\":\"https:\\\/\\\/www.meydan.tv\\\/wp-content\\\/uploads\\\/screenshot-2023-09-20-at-17.37.45.png\",\"contentUrl\":\"https:\\\/\\\/www.meydan.tv\\\/wp-content\\\/uploads\\\/screenshot-2023-09-20-at-17.37.45.png\",\"width\":1640,\"height\":1000},{\"@type\":\"BreadcrumbList\",\"@id\":\"https:\\\/\\\/www.meydan.tv\\\/az\\\/article\\\/heyatini-itiren-polisler-defn-edilib\\\/#breadcrumb\",\"itemListElement\":[{\"@type\":\"ListItem\",\"position\":1,\"name\":\"Ana s\u0259hif\u0259\",\"item\":\"https:\\\/\\\/www.meydan.tv\\\/az\\\/\"},{\"@type\":\"ListItem\",\"position\":2,\"name\":\"Video\",\"item\":\"https:\\\/\\\/www.meydan.tv\\\/az\\\/section\\\/video-2\\\/\"},{\"@type\":\"ListItem\",\"position\":3,\"name\":\"H\u0259yat\u0131n\u0131 itir\u0259n polisl\u0259r d\u0259fn edilib\"}]},{\"@type\":\"WebSite\",\"@id\":\"https:\\\/\\\/www.meydan.tv\\\/az\\\/#website\",\"url\":\"https:\\\/\\\/www.meydan.tv\\\/az\\\/\",\"name\":\"MEYDAN.TV\",\"description\":\"Meydan TV Az\u0259rbaycan\u0131n media m\u0259kan\u0131ndak\u0131 alternativ s\u0259sidir\",\"publisher\":{\"@id\":\"https:\\\/\\\/www.meydan.tv\\\/az\\\/#organization\"},\"potentialAction\":[{\"@type\":\"SearchAction\",\"target\":{\"@type\":\"EntryPoint\",\"urlTemplate\":\"https:\\\/\\\/www.meydan.tv\\\/az\\\/?s={search_term_string}\"},\"query-input\":{\"@type\":\"PropertyValueSpecification\",\"valueRequired\":true,\"valueName\":\"search_term_string\"}}],\"inLanguage\":\"az\"},{\"@type\":\"Organization\",\"@id\":\"https:\\\/\\\/www.meydan.tv\\\/az\\\/#organization\",\"name\":\"Meydan TV\",\"url\":\"https:\\\/\\\/www.meydan.tv\\\/az\\\/\",\"logo\":{\"@type\":\"ImageObject\",\"inLanguage\":\"az\",\"@id\":\"https:\\\/\\\/www.meydan.tv\\\/az\\\/#\\\/schema\\\/logo\\\/image\\\/\",\"url\":\"https:\\\/\\\/www.meydan.tv\\\/wp-content\\\/uploads\\\/2021\\\/07\\\/meydan-logo.svg\",\"contentUrl\":\"https:\\\/\\\/www.meydan.tv\\\/wp-content\\\/uploads\\\/2021\\\/07\\\/meydan-logo.svg\",\"width\":195,\"height\":46,\"caption\":\"Meydan TV\"},\"image\":{\"@id\":\"https:\\\/\\\/www.meydan.tv\\\/az\\\/#\\\/schema\\\/logo\\\/image\\\/\"}},{\"@type\":\"Person\",\"@id\":\"https:\\\/\\\/www.meydan.tv\\\/az\\\/#\\\/schema\\\/person\\\/476e9360e593fa131d5d71d51866f8da\",\"name\":\"aleks\"}]}<\/script>\n<!-- \/ Yoast SEO plugin. -->","yoast_head_json":{"title":"H\u0259yat\u0131n\u0131 itir\u0259n polisl\u0259r d\u0259fn edilib - MEYDAN.TV","robots":{"index":"index","follow":"follow","max-snippet":"max-snippet:-1","max-image-preview":"max-image-preview:large","max-video-preview":"max-video-preview:-1"},"canonical":"https:\/\/www.meydan.tv\/az\/article\/heyatini-itiren-polisler-defn-edilib\/","og_locale":"az_AZ","og_type":"article","og_title":"H\u0259yat\u0131n\u0131 itir\u0259n polisl\u0259r d\u0259fn edilib - MEYDAN.TV","og_description":"Sentyabr\u0131n 20-d\u0259 Sumqay\u0131t \u015e\u0259hidl\u0259r Xiyaban\u0131nda Daxili \u0130\u015fl\u0259r Nazirliyinin 2 \u0259m\u0259kda\u015f\u0131 ... Davam\u0131","og_url":"https:\/\/www.meydan.tv\/az\/article\/heyatini-itiren-polisler-defn-edilib\/","og_site_name":"MEYDAN.TV","article_published_time":"2023-09-20T15:38:41+00:00","article_modified_time":"2023-09-20T19:44:19+00:00","og_image":[{"width":1200,"height":732,"url":"https:\/\/www.meydan.tv\/wp-content\/uploads\/screenshot-2023-09-20-at-17.37.45-1200x732.png","type":"image\/png"}],"author":"aleks","twitter_card":"summary_large_image","schema":{"@context":"https:\/\/schema.org","@graph":[{"@type":"Article","@id":"https:\/\/www.meydan.tv\/az\/article\/heyatini-itiren-polisler-defn-edilib\/#article","isPartOf":{"@id":"https:\/\/www.meydan.tv\/az\/article\/heyatini-itiren-polisler-defn-edilib\/"},"author":{"name":"aleks","@id":"https:\/\/www.meydan.tv\/az\/#\/schema\/person\/476e9360e593fa131d5d71d51866f8da"},"headline":"H\u0259yat\u0131n\u0131 itir\u0259n polisl\u0259r d\u0259fn edilib","datePublished":"2023-09-20T15:38:41+00:00","dateModified":"2023-09-20T19:44:19+00:00","mainEntityOfPage":{"@id":"https:\/\/www.meydan.tv\/az\/article\/heyatini-itiren-polisler-defn-edilib\/"},"wordCount":365,"publisher":{"@id":"https:\/\/www.meydan.tv\/az\/#organization"},"image":{"@id":"https:\/\/www.meydan.tv\/az\/article\/heyatini-itiren-polisler-defn-edilib\/#primaryimage"},"thumbnailUrl":"https:\/\/www.meydan.tv\/wp-content\/uploads\/screenshot-2023-09-20-at-17.37.45.png","articleSection":["Video","X\u0259b\u0259rl\u0259r"],"inLanguage":"az"},{"@type":"WebPage","@id":"https:\/\/www.meydan.tv\/az\/article\/heyatini-itiren-polisler-defn-edilib\/","url":"https:\/\/www.meydan.tv\/az\/article\/heyatini-itiren-polisler-defn-edilib\/","name":"H\u0259yat\u0131n\u0131 itir\u0259n polisl\u0259r d\u0259fn edilib - MEYDAN.TV","isPartOf":{"@id":"https:\/\/www.meydan.tv\/az\/#website"},"primaryImageOfPage":{"@id":"https:\/\/www.meydan.tv\/az\/article\/heyatini-itiren-polisler-defn-edilib\/#primaryimage"},"image":{"@id":"https:\/\/www.meydan.tv\/az\/article\/heyatini-itiren-polisler-defn-edilib\/#primaryimage"},"thumbnailUrl":"https:\/\/www.meydan.tv\/wp-content\/uploads\/screenshot-2023-09-20-at-17.37.45.png","datePublished":"2023-09-20T15:38:41+00:00","dateModified":"2023-09-20T19:44:19+00:00","breadcrumb":{"@id":"https:\/\/www.meydan.tv\/az\/article\/heyatini-itiren-polisler-defn-edilib\/#breadcrumb"},"inLanguage":"az","potentialAction":[{"@type":"ReadAction","target":["https:\/\/www.meydan.tv\/az\/article\/heyatini-itiren-polisler-defn-edilib\/"]}]},{"@type":"ImageObject","inLanguage":"az","@id":"https:\/\/www.meydan.tv\/az\/article\/heyatini-itiren-polisler-defn-edilib\/#primaryimage","url":"https:\/\/www.meydan.tv\/wp-content\/uploads\/screenshot-2023-09-20-at-17.37.45.png","contentUrl":"https:\/\/www.meydan.tv\/wp-content\/uploads\/screenshot-2023-09-20-at-17.37.45.png","width":1640,"height":1000},{"@type":"BreadcrumbList","@id":"https:\/\/www.meydan.tv\/az\/article\/heyatini-itiren-polisler-defn-edilib\/#breadcrumb","itemListElement":[{"@type":"ListItem","position":1,"name":"Ana s\u0259hif\u0259","item":"https:\/\/www.meydan.tv\/az\/"},{"@type":"ListItem","position":2,"name":"Video","item":"https:\/\/www.meydan.tv\/az\/section\/video-2\/"},{"@type":"ListItem","position":3,"name":"H\u0259yat\u0131n\u0131 itir\u0259n polisl\u0259r d\u0259fn edilib"}]},{"@type":"WebSite","@id":"https:\/\/www.meydan.tv\/az\/#website","url":"https:\/\/www.meydan.tv\/az\/","name":"MEYDAN.TV","description":"Meydan TV Az\u0259rbaycan\u0131n media m\u0259kan\u0131ndak\u0131 alternativ s\u0259sidir","publisher":{"@id":"https:\/\/www.meydan.tv\/az\/#organization"},"potentialAction":[{"@type":"SearchAction","target":{"@type":"EntryPoint","urlTemplate":"https:\/\/www.meydan.tv\/az\/?s={search_term_string}"},"query-input":{"@type":"PropertyValueSpecification","valueRequired":true,"valueName":"search_term_string"}}],"inLanguage":"az"},{"@type":"Organization","@id":"https:\/\/www.meydan.tv\/az\/#organization","name":"Meydan TV","url":"https:\/\/www.meydan.tv\/az\/","logo":{"@type":"ImageObject","inLanguage":"az","@id":"https:\/\/www.meydan.tv\/az\/#\/schema\/logo\/image\/","url":"https:\/\/www.meydan.tv\/wp-content\/uploads\/2021\/07\/meydan-logo.svg","contentUrl":"https:\/\/www.meydan.tv\/wp-content\/uploads\/2021\/07\/meydan-logo.svg","width":195,"height":46,"caption":"Meydan TV"},"image":{"@id":"https:\/\/www.meydan.tv\/az\/#\/schema\/logo\/image\/"}},{"@type":"Person","@id":"https:\/\/www.meydan.tv\/az\/#\/schema\/person\/476e9360e593fa131d5d71d51866f8da","name":"aleks"}]}},"_links":{"self":[{"href":"https:\/\/www.meydan.tv\/az\/wp-json\/wp\/v2\/posts\/285433","targetHints":{"allow":["GET"]}}],"collection":[{"href":"https:\/\/www.meydan.tv\/az\/wp-json\/wp\/v2\/posts"}],"about":[{"href":"https:\/\/www.meydan.tv\/az\/wp-json\/wp\/v2\/types\/post"}],"author":[{"embeddable":true,"href":"https:\/\/www.meydan.tv\/az\/wp-json\/wp\/v2\/users\/12"}],"replies":[{"embeddable":true,"href":"https:\/\/www.meydan.tv\/az\/wp-json\/wp\/v2\/comments?post=285433"}],"version-history":[{"count":3,"href":"https:\/\/www.meydan.tv\/az\/wp-json\/wp\/v2\/posts\/285433\/revisions"}],"predecessor-version":[{"id":285472,"href":"https:\/\/www.meydan.tv\/az\/wp-json\/wp\/v2\/posts\/285433\/revisions\/285472"}],"wp:featuredmedia":[{"embeddable":true,"href":"https:\/\/www.meydan.tv\/az\/wp-json\/wp\/v2\/media\/285434"}],"wp:attachment":[{"href":"https:\/\/www.meydan.tv\/az\/wp-json\/wp\/v2\/media?parent=285433"}],"wp:term":[{"taxonomy":"category","embeddable":true,"href":"https:\/\/www.meydan.tv\/az\/wp-json\/wp\/v2\/categories?post=285433"},{"taxonomy":"post_tag","embeddable":true,"href":"https:\/\/www.meydan.tv\/az\/wp-json\/wp\/v2\/tags?post=285433"}],"curies":[{"name":"wp","href":"https:\/\/api.w.org\/{rel}","templated":true}]}}