{"id":285399,"date":"2023-09-20T16:47:05","date_gmt":"2023-09-20T12:47:05","guid":{"rendered":"https:\/\/www.meydan.tv\/?p=285399"},"modified":"2023-09-20T16:47:08","modified_gmt":"2023-09-20T12:47:08","slug":"bakinin-merkezinde-gullelenme-nicat-lenkeranskiye-qarsi-sui-qesdin-detallari","status":"publish","type":"post","link":"https:\/\/www.meydan.tv\/az\/article\/bakinin-merkezinde-gullelenme-nicat-lenkeranskiye-qarsi-sui-qesdin-detallari\/","title":{"rendered":"Bak\u0131n\u0131n m\u0259rk\u0259zind\u0259 g\u00fcll\u0259l\u0259nm\u0259: \u201cNicat L\u0259nk\u0259ranski\u201dy\u0259 qar\u015f\u0131 sui-q\u0259sdin detallar\u0131"},"content":{"rendered":"\n<p><\/p>\n\n\n\n<p><strong><em>\u0130ttiham akt\u0131nda sifari\u015fin \u201cEmin Nax\u00e7\u0131vanski\u201d t\u0259r\u0259find\u0259n verildiyi bildirilir<\/em><\/strong><\/p>\n\n\n\n<p>Kriminal al\u0259md\u0259 \u201cNicat L\u0259nk\u0259ranski\u201d kimi tan\u0131nan Nicat \u018fkb\u0259rova qar\u015f\u0131 sui-q\u0259sdd\u0259 ittiham olunan \u00fc\u00e7 n\u0259f\u0259r m\u0259hk\u0259m\u0259 qar\u015f\u0131s\u0131na \u00e7\u0131xar\u0131l\u0131b.<\/p>\n\n\n\n<p>S\u00f6hb\u0259t 2023-c\u00fc ilin mart\u0131nda Bak\u0131n\u0131n m\u0259rk\u0259zind\u0259 &#8211; \u201cT\u0259z\u0259 bazar\u201d\u0131n yax\u0131nl\u0131\u011f\u0131nda iki n\u0259f\u0259rin g\u00fcll\u0259l\u0259ndiyi hadis\u0259d\u0259n gedir.<\/p>\n\n\n\n<p>\u0130ttihama \u0259sas\u0259n, h\u0259min hadis\u0259d\u0259 Nicat \u018fkb\u0259rovun \u00f6ld\u00fcr\u00fclm\u0259si planla\u015fd\u0131r\u0131lsa da, at\u0131lan g\u00fcll\u0259l\u0259r ba\u015fqas\u0131na d\u0259ymi\u015fdi.<\/p>\n\n\n\n<p>Bu hadis\u0259y\u0259 g\u00f6r\u0259 h\u0259bs olunan \u00fc\u00e7 n\u0259f\u0259rin \u2013 Ramal M\u0259mm\u0259dov, V\u00fcqar Quliyev v\u0259 \u015eahmar \u0130smay\u0131lovun i\u015fin\u0259 Bak\u0131 A\u011f\u0131r Cinay\u0259tl\u0259r M\u0259hk\u0259m\u0259sind\u0259 bax\u0131l\u0131r.<\/p>\n\n\n\n<p>1983-c\u00fc il t\u0259v\u0259ll\u00fcdl\u00fc Nicat L\u0259nk\u0259ranski bu cinay\u0259t i\u015fi \u00fczr\u0259 z\u0259r\u0259r\u00e7\u0259kmi\u015f qismind\u0259 tan\u0131n\u0131b.<\/p>\n\n\n\n<p>O, m\u0259hk\u0259m\u0259nin haz\u0131rl\u0131q iclas\u0131nda deyib ki, t\u0259qsirl\u0259ndiril\u0259n \u015f\u0259xsl\u0259rd\u0259n \u015fikay\u0259t\u00e7i deyil.<\/p>\n\n\n\n<p>Onunla yana\u015f\u0131, daha iki n\u0259f\u0259r z\u0259r\u0259r\u00e7\u0259kmi\u015f qismind\u0259 tan\u0131nan var. Bunlar F\u0259qan R\u0259himli v\u0259 Tamerlan H\u00fcseynovdur.<\/p>\n\n\n\n<p>Adlar\u0131 \u00e7\u0259kil\u0259n \u015f\u0259xsl\u0259r is\u0259 hadis\u0259 vaxt\u0131 x\u0259sar\u0259t alanlard\u0131r.<\/p>\n\n\n\n<p>Sentyabr\u0131n 20-d\u0259 m\u0259hk\u0259m\u0259d\u0259 prokuror ittiham akt\u0131n\u0131 elan edib.<\/p>\n\n\n\n<p>Aktda g\u00f6st\u0259rilib ki, Nicat L\u0259nk\u0259ranskinin q\u0259tlinin sifari\u015fi xarici \u00f6lk\u0259d\u0259 ya\u015fayan, kriminal al\u0259md\u0259 \u201cEmin Nax\u00e7\u0131vanski\u201d kimi tan\u0131nan Emin Qas\u0131movdan g\u0259lib.<\/p>\n\n\n\n<p>O, bu sifari\u015fi haz\u0131rda m\u0259hk\u0259m\u0259 qar\u015f\u0131s\u0131nda dayanan \u015f\u0259xsl\u0259rd\u0259n \u015eahmar \u0130smay\u0131lova verib.<\/p>\n\n\n\n<p>Onlar bu bar\u0259d\u0259 telefonla dan\u0131\u015f\u0131blar.<\/p>\n\n\n\n<p>Emin Qas\u0131mov ona s\u00f6z verib ki, bu i\u015fi g\u00f6r\u0259nd\u0259n sonra onun \u0130stanbula \u00e7\u0131x\u0131b getm\u0259sin\u0259, orada ya\u015famas\u0131na k\u00f6m\u0259k ed\u0259c\u0259k.<\/p>\n\n\n\n<p>\u0130ddia olunur ki, \u015eahmar \u0130smay\u0131lov da \u00f6z n\u00f6vb\u0259sind\u0259 bu i\u015fi Ramal M\u0259mm\u0259dov v\u0259 V\u00fcqar Quliyevl\u0259 raz\u0131la\u015fd\u0131r\u0131b.<\/p>\n\n\n\n<p>Onlar Nicat \u018fkb\u0259rovun ya\u015fad\u0131\u011f\u0131 evi m\u00fc\u0259yy\u0259nl\u0259\u015fdiribl\u0259r, onu bir m\u00fcdd\u0259t izl\u0259yibl\u0259r.<\/p>\n\n\n\n<p>Cinay\u0259t i\u015finin materiallar\u0131nda yaz\u0131l\u0131b ki, q\u0259tlin sifari\u015fi \u00fc\u00e7\u00fcn Emin Qas\u0131mov \u015eahmar \u0130smay\u0131lova ilkin olaraq 950 manat g\u00f6nd\u0259rib.<\/p>\n\n\n\n<p>Hadis\u0259 g\u00fcn\u00fc Nicat L\u0259nk\u0259ranski \u201cVurgun Residence\u201dd\u0259n \u00e7\u0131x\u0131b ma\u015f\u0131n\u0131na min\u0259nd\u0259 ona t\u0259r\u0259f at\u0259\u015f a\u00e7\u0131l\u0131b, lakin o, g\u00fcll\u0259l\u0259rd\u0259n yay\u0131n\u0131b.<\/p>\n\n\n\n<p>Hadis\u0259d\u0259n sonra t\u0259qsirl\u0259ndiril\u0259n \u015f\u0259xsl\u0259r \u00f6lk\u0259ni t\u0259rk etm\u0259k ist\u0259s\u0259l\u0259r d\u0259, hava liman\u0131nda saxlan\u0131l\u0131blar.<\/p>\n\n\n\n<p>\u00dc\u00e7 n\u0259f\u0259r \u00f6zl\u0259rini qism\u0259n t\u0259qsirli bilib.<\/p>\n\n\n\n<p>Onlar deyibl\u0259r ki, ittiham akt\u0131nda yaz\u0131lan bir \u00e7ox m\u0259s\u0259l\u0259l\u0259r \u015fi\u015firdilib.<\/p>\n\n\n\n<p>Nicat L\u0259nk\u0259ranskinin \u00f6z\u00fc d\u0259 bu hadis\u0259d\u0259n az sonra h\u0259bs olunub.<\/p>\n\n\n\n<p>O, m\u0259hk\u0259m\u0259y\u0259 d\u0259 t\u0259cridxanadan g\u0259tirilib, amma m\u0259hk\u0259m\u0259d\u0259 deyib ki, bundan sonrak\u0131 iclaslarda i\u015ftirak etm\u0259k ist\u0259mir.<\/p>\n","protected":false},"excerpt":{"rendered":"<p>\u0130ttiham akt\u0131nda sifari\u015fin \u201cEmin Nax\u00e7\u0131vanski\u201d t\u0259r\u0259find\u0259n verildiyi bildirilir Kriminal al\u0259md\u0259 &#8230; <\/p>\n<p class=\"read-more-container\"><a title=\"Bak\u0131n\u0131n m\u0259rk\u0259zind\u0259 g\u00fcll\u0259l\u0259nm\u0259: \u201cNicat L\u0259nk\u0259ranski\u201dy\u0259 qar\u015f\u0131 sui-q\u0259sdin detallar\u0131\" class=\"read-more button\" href=\"https:\/\/www.meydan.tv\/az\/article\/bakinin-merkezinde-gullelenme-nicat-lenkeranskiye-qarsi-sui-qesdin-detallari\/#more-285399\" aria-label=\"Read more about Bak\u0131n\u0131n m\u0259rk\u0259zind\u0259 g\u00fcll\u0259l\u0259nm\u0259: \u201cNicat L\u0259nk\u0259ranski\u201dy\u0259 qar\u015f\u0131 sui-q\u0259sdin detallar\u0131\">Davam\u0131<\/a><\/p>\n","protected":false},"author":8,"featured_media":155631,"comment_status":"closed","ping_status":"closed","sticky":false,"template":"","format":"standard","meta":{"_acf_changed":false,"_sitemap_exclude":false,"_sitemap_priority":"","_sitemap_frequency":"","footnotes":""},"categories":[62,56],"tags":[],"class_list":["post-285399","post","type-post","status-publish","format-standard","has-post-thumbnail","hentry","category-sosial","category-xeberler","infinite-scroll-item","generate-columns","tablet-grid-50","mobile-grid-100","grid-parent","grid-33","no-featured-image-padding"],"acf":[],"yoast_head":"<!-- This site is optimized with the Yoast SEO plugin v27.5 - https:\/\/yoast.com\/product\/yoast-seo-wordpress\/ -->\n<title>Bak\u0131n\u0131n m\u0259rk\u0259zind\u0259 g\u00fcll\u0259l\u0259nm\u0259: \u201cNicat L\u0259nk\u0259ranski\u201dy\u0259 qar\u015f\u0131 sui-q\u0259sdin detallar\u0131 - MEYDAN.TV<\/title>\n<meta name=\"robots\" content=\"index, follow, max-snippet:-1, max-image-preview:large, max-video-preview:-1\" \/>\n<link rel=\"canonical\" href=\"https:\/\/www.meydan.tv\/az\/article\/bakinin-merkezinde-gullelenme-nicat-lenkeranskiye-qarsi-sui-qesdin-detallari\/\" \/>\n<meta property=\"og:locale\" content=\"az_AZ\" \/>\n<meta property=\"og:type\" content=\"article\" \/>\n<meta property=\"og:title\" content=\"Bak\u0131n\u0131n m\u0259rk\u0259zind\u0259 g\u00fcll\u0259l\u0259nm\u0259: \u201cNicat L\u0259nk\u0259ranski\u201dy\u0259 qar\u015f\u0131 sui-q\u0259sdin detallar\u0131 - MEYDAN.TV\" \/>\n<meta property=\"og:description\" content=\"\u0130ttiham akt\u0131nda sifari\u015fin \u201cEmin Nax\u00e7\u0131vanski\u201d t\u0259r\u0259find\u0259n verildiyi bildirilir Kriminal al\u0259md\u0259 ... Davam\u0131\" \/>\n<meta property=\"og:url\" content=\"https:\/\/www.meydan.tv\/az\/article\/bakinin-merkezinde-gullelenme-nicat-lenkeranskiye-qarsi-sui-qesdin-detallari\/\" \/>\n<meta property=\"og:site_name\" content=\"MEYDAN.TV\" \/>\n<meta property=\"article:published_time\" content=\"2023-09-20T12:47:05+00:00\" \/>\n<meta property=\"article:modified_time\" content=\"2023-09-20T12:47:08+00:00\" \/>\n<meta property=\"og:image\" content=\"https:\/\/www.meydan.tv\/wp-content\/uploads\/mehkeme19-scaled.jpg\" \/>\n\t<meta property=\"og:image:width\" content=\"2560\" \/>\n\t<meta property=\"og:image:height\" content=\"1440\" \/>\n\t<meta property=\"og:image:type\" content=\"image\/jpeg\" \/>\n<meta name=\"author\" content=\"elli\" \/>\n<meta name=\"twitter:card\" content=\"summary_large_image\" \/>\n<meta name=\"twitter:creator\" content=\"@elli\" \/>\n<script type=\"application\/ld+json\" class=\"yoast-schema-graph\">{\"@context\":\"https:\\\/\\\/schema.org\",\"@graph\":[{\"@type\":\"Article\",\"@id\":\"https:\\\/\\\/www.meydan.tv\\\/az\\\/article\\\/bakinin-merkezinde-gullelenme-nicat-lenkeranskiye-qarsi-sui-qesdin-detallari\\\/#article\",\"isPartOf\":{\"@id\":\"https:\\\/\\\/www.meydan.tv\\\/az\\\/article\\\/bakinin-merkezinde-gullelenme-nicat-lenkeranskiye-qarsi-sui-qesdin-detallari\\\/\"},\"author\":{\"name\":\"elli\",\"@id\":\"https:\\\/\\\/www.meydan.tv\\\/az\\\/#\\\/schema\\\/person\\\/9cdbecf90d17180ce1dfbd95b08dcf47\"},\"headline\":\"Bak\u0131n\u0131n m\u0259rk\u0259zind\u0259 g\u00fcll\u0259l\u0259nm\u0259: \u201cNicat L\u0259nk\u0259ranski\u201dy\u0259 qar\u015f\u0131 sui-q\u0259sdin detallar\u0131\",\"datePublished\":\"2023-09-20T12:47:05+00:00\",\"dateModified\":\"2023-09-20T12:47:08+00:00\",\"mainEntityOfPage\":{\"@id\":\"https:\\\/\\\/www.meydan.tv\\\/az\\\/article\\\/bakinin-merkezinde-gullelenme-nicat-lenkeranskiye-qarsi-sui-qesdin-detallari\\\/\"},\"wordCount\":558,\"publisher\":{\"@id\":\"https:\\\/\\\/www.meydan.tv\\\/az\\\/#organization\"},\"image\":{\"@id\":\"https:\\\/\\\/www.meydan.tv\\\/az\\\/article\\\/bakinin-merkezinde-gullelenme-nicat-lenkeranskiye-qarsi-sui-qesdin-detallari\\\/#primaryimage\"},\"thumbnailUrl\":\"https:\\\/\\\/www.meydan.tv\\\/wp-content\\\/uploads\\\/mehkeme19-scaled.jpg\",\"articleSection\":[\"Sosial\",\"X\u0259b\u0259rl\u0259r\"],\"inLanguage\":\"az\"},{\"@type\":\"WebPage\",\"@id\":\"https:\\\/\\\/www.meydan.tv\\\/az\\\/article\\\/bakinin-merkezinde-gullelenme-nicat-lenkeranskiye-qarsi-sui-qesdin-detallari\\\/\",\"url\":\"https:\\\/\\\/www.meydan.tv\\\/az\\\/article\\\/bakinin-merkezinde-gullelenme-nicat-lenkeranskiye-qarsi-sui-qesdin-detallari\\\/\",\"name\":\"Bak\u0131n\u0131n m\u0259rk\u0259zind\u0259 g\u00fcll\u0259l\u0259nm\u0259: \u201cNicat L\u0259nk\u0259ranski\u201dy\u0259 qar\u015f\u0131 sui-q\u0259sdin detallar\u0131 - MEYDAN.TV\",\"isPartOf\":{\"@id\":\"https:\\\/\\\/www.meydan.tv\\\/az\\\/#website\"},\"primaryImageOfPage\":{\"@id\":\"https:\\\/\\\/www.meydan.tv\\\/az\\\/article\\\/bakinin-merkezinde-gullelenme-nicat-lenkeranskiye-qarsi-sui-qesdin-detallari\\\/#primaryimage\"},\"image\":{\"@id\":\"https:\\\/\\\/www.meydan.tv\\\/az\\\/article\\\/bakinin-merkezinde-gullelenme-nicat-lenkeranskiye-qarsi-sui-qesdin-detallari\\\/#primaryimage\"},\"thumbnailUrl\":\"https:\\\/\\\/www.meydan.tv\\\/wp-content\\\/uploads\\\/mehkeme19-scaled.jpg\",\"datePublished\":\"2023-09-20T12:47:05+00:00\",\"dateModified\":\"2023-09-20T12:47:08+00:00\",\"breadcrumb\":{\"@id\":\"https:\\\/\\\/www.meydan.tv\\\/az\\\/article\\\/bakinin-merkezinde-gullelenme-nicat-lenkeranskiye-qarsi-sui-qesdin-detallari\\\/#breadcrumb\"},\"inLanguage\":\"az\",\"potentialAction\":[{\"@type\":\"ReadAction\",\"target\":[\"https:\\\/\\\/www.meydan.tv\\\/az\\\/article\\\/bakinin-merkezinde-gullelenme-nicat-lenkeranskiye-qarsi-sui-qesdin-detallari\\\/\"]}]},{\"@type\":\"ImageObject\",\"inLanguage\":\"az\",\"@id\":\"https:\\\/\\\/www.meydan.tv\\\/az\\\/article\\\/bakinin-merkezinde-gullelenme-nicat-lenkeranskiye-qarsi-sui-qesdin-detallari\\\/#primaryimage\",\"url\":\"https:\\\/\\\/www.meydan.tv\\\/wp-content\\\/uploads\\\/mehkeme19-scaled.jpg\",\"contentUrl\":\"https:\\\/\\\/www.meydan.tv\\\/wp-content\\\/uploads\\\/mehkeme19-scaled.jpg\",\"width\":2560,\"height\":1440,\"caption\":\"M\u0259nb\u0259: Meydan TV\"},{\"@type\":\"BreadcrumbList\",\"@id\":\"https:\\\/\\\/www.meydan.tv\\\/az\\\/article\\\/bakinin-merkezinde-gullelenme-nicat-lenkeranskiye-qarsi-sui-qesdin-detallari\\\/#breadcrumb\",\"itemListElement\":[{\"@type\":\"ListItem\",\"position\":1,\"name\":\"Ana s\u0259hif\u0259\",\"item\":\"https:\\\/\\\/www.meydan.tv\\\/az\\\/\"},{\"@type\":\"ListItem\",\"position\":2,\"name\":\"Sosial\",\"item\":\"https:\\\/\\\/www.meydan.tv\\\/az\\\/section\\\/sosial\\\/\"},{\"@type\":\"ListItem\",\"position\":3,\"name\":\"Bak\u0131n\u0131n m\u0259rk\u0259zind\u0259 g\u00fcll\u0259l\u0259nm\u0259: \u201cNicat L\u0259nk\u0259ranski\u201dy\u0259 qar\u015f\u0131 sui-q\u0259sdin detallar\u0131\"}]},{\"@type\":\"WebSite\",\"@id\":\"https:\\\/\\\/www.meydan.tv\\\/az\\\/#website\",\"url\":\"https:\\\/\\\/www.meydan.tv\\\/az\\\/\",\"name\":\"MEYDAN.TV\",\"description\":\"Meydan TV Az\u0259rbaycan\u0131n media m\u0259kan\u0131ndak\u0131 alternativ s\u0259sidir\",\"publisher\":{\"@id\":\"https:\\\/\\\/www.meydan.tv\\\/az\\\/#organization\"},\"potentialAction\":[{\"@type\":\"SearchAction\",\"target\":{\"@type\":\"EntryPoint\",\"urlTemplate\":\"https:\\\/\\\/www.meydan.tv\\\/az\\\/?s={search_term_string}\"},\"query-input\":{\"@type\":\"PropertyValueSpecification\",\"valueRequired\":true,\"valueName\":\"search_term_string\"}}],\"inLanguage\":\"az\"},{\"@type\":\"Organization\",\"@id\":\"https:\\\/\\\/www.meydan.tv\\\/az\\\/#organization\",\"name\":\"Meydan TV\",\"url\":\"https:\\\/\\\/www.meydan.tv\\\/az\\\/\",\"logo\":{\"@type\":\"ImageObject\",\"inLanguage\":\"az\",\"@id\":\"https:\\\/\\\/www.meydan.tv\\\/az\\\/#\\\/schema\\\/logo\\\/image\\\/\",\"url\":\"https:\\\/\\\/www.meydan.tv\\\/wp-content\\\/uploads\\\/2021\\\/07\\\/meydan-logo.svg\",\"contentUrl\":\"https:\\\/\\\/www.meydan.tv\\\/wp-content\\\/uploads\\\/2021\\\/07\\\/meydan-logo.svg\",\"width\":195,\"height\":46,\"caption\":\"Meydan TV\"},\"image\":{\"@id\":\"https:\\\/\\\/www.meydan.tv\\\/az\\\/#\\\/schema\\\/logo\\\/image\\\/\"}},{\"@type\":\"Person\",\"@id\":\"https:\\\/\\\/www.meydan.tv\\\/az\\\/#\\\/schema\\\/person\\\/9cdbecf90d17180ce1dfbd95b08dcf47\",\"name\":\"elli\",\"sameAs\":[\"https:\\\/\\\/x.com\\\/elli\"]}]}<\/script>\n<!-- \/ Yoast SEO plugin. -->","yoast_head_json":{"title":"Bak\u0131n\u0131n m\u0259rk\u0259zind\u0259 g\u00fcll\u0259l\u0259nm\u0259: \u201cNicat L\u0259nk\u0259ranski\u201dy\u0259 qar\u015f\u0131 sui-q\u0259sdin detallar\u0131 - MEYDAN.TV","robots":{"index":"index","follow":"follow","max-snippet":"max-snippet:-1","max-image-preview":"max-image-preview:large","max-video-preview":"max-video-preview:-1"},"canonical":"https:\/\/www.meydan.tv\/az\/article\/bakinin-merkezinde-gullelenme-nicat-lenkeranskiye-qarsi-sui-qesdin-detallari\/","og_locale":"az_AZ","og_type":"article","og_title":"Bak\u0131n\u0131n m\u0259rk\u0259zind\u0259 g\u00fcll\u0259l\u0259nm\u0259: \u201cNicat L\u0259nk\u0259ranski\u201dy\u0259 qar\u015f\u0131 sui-q\u0259sdin detallar\u0131 - MEYDAN.TV","og_description":"\u0130ttiham akt\u0131nda sifari\u015fin \u201cEmin Nax\u00e7\u0131vanski\u201d t\u0259r\u0259find\u0259n verildiyi bildirilir Kriminal al\u0259md\u0259 ... Davam\u0131","og_url":"https:\/\/www.meydan.tv\/az\/article\/bakinin-merkezinde-gullelenme-nicat-lenkeranskiye-qarsi-sui-qesdin-detallari\/","og_site_name":"MEYDAN.TV","article_published_time":"2023-09-20T12:47:05+00:00","article_modified_time":"2023-09-20T12:47:08+00:00","og_image":[{"width":2560,"height":1440,"url":"https:\/\/www.meydan.tv\/wp-content\/uploads\/mehkeme19-scaled.jpg","type":"image\/jpeg"}],"author":"elli","twitter_card":"summary_large_image","twitter_creator":"@elli","schema":{"@context":"https:\/\/schema.org","@graph":[{"@type":"Article","@id":"https:\/\/www.meydan.tv\/az\/article\/bakinin-merkezinde-gullelenme-nicat-lenkeranskiye-qarsi-sui-qesdin-detallari\/#article","isPartOf":{"@id":"https:\/\/www.meydan.tv\/az\/article\/bakinin-merkezinde-gullelenme-nicat-lenkeranskiye-qarsi-sui-qesdin-detallari\/"},"author":{"name":"elli","@id":"https:\/\/www.meydan.tv\/az\/#\/schema\/person\/9cdbecf90d17180ce1dfbd95b08dcf47"},"headline":"Bak\u0131n\u0131n m\u0259rk\u0259zind\u0259 g\u00fcll\u0259l\u0259nm\u0259: \u201cNicat L\u0259nk\u0259ranski\u201dy\u0259 qar\u015f\u0131 sui-q\u0259sdin detallar\u0131","datePublished":"2023-09-20T12:47:05+00:00","dateModified":"2023-09-20T12:47:08+00:00","mainEntityOfPage":{"@id":"https:\/\/www.meydan.tv\/az\/article\/bakinin-merkezinde-gullelenme-nicat-lenkeranskiye-qarsi-sui-qesdin-detallari\/"},"wordCount":558,"publisher":{"@id":"https:\/\/www.meydan.tv\/az\/#organization"},"image":{"@id":"https:\/\/www.meydan.tv\/az\/article\/bakinin-merkezinde-gullelenme-nicat-lenkeranskiye-qarsi-sui-qesdin-detallari\/#primaryimage"},"thumbnailUrl":"https:\/\/www.meydan.tv\/wp-content\/uploads\/mehkeme19-scaled.jpg","articleSection":["Sosial","X\u0259b\u0259rl\u0259r"],"inLanguage":"az"},{"@type":"WebPage","@id":"https:\/\/www.meydan.tv\/az\/article\/bakinin-merkezinde-gullelenme-nicat-lenkeranskiye-qarsi-sui-qesdin-detallari\/","url":"https:\/\/www.meydan.tv\/az\/article\/bakinin-merkezinde-gullelenme-nicat-lenkeranskiye-qarsi-sui-qesdin-detallari\/","name":"Bak\u0131n\u0131n m\u0259rk\u0259zind\u0259 g\u00fcll\u0259l\u0259nm\u0259: \u201cNicat L\u0259nk\u0259ranski\u201dy\u0259 qar\u015f\u0131 sui-q\u0259sdin detallar\u0131 - MEYDAN.TV","isPartOf":{"@id":"https:\/\/www.meydan.tv\/az\/#website"},"primaryImageOfPage":{"@id":"https:\/\/www.meydan.tv\/az\/article\/bakinin-merkezinde-gullelenme-nicat-lenkeranskiye-qarsi-sui-qesdin-detallari\/#primaryimage"},"image":{"@id":"https:\/\/www.meydan.tv\/az\/article\/bakinin-merkezinde-gullelenme-nicat-lenkeranskiye-qarsi-sui-qesdin-detallari\/#primaryimage"},"thumbnailUrl":"https:\/\/www.meydan.tv\/wp-content\/uploads\/mehkeme19-scaled.jpg","datePublished":"2023-09-20T12:47:05+00:00","dateModified":"2023-09-20T12:47:08+00:00","breadcrumb":{"@id":"https:\/\/www.meydan.tv\/az\/article\/bakinin-merkezinde-gullelenme-nicat-lenkeranskiye-qarsi-sui-qesdin-detallari\/#breadcrumb"},"inLanguage":"az","potentialAction":[{"@type":"ReadAction","target":["https:\/\/www.meydan.tv\/az\/article\/bakinin-merkezinde-gullelenme-nicat-lenkeranskiye-qarsi-sui-qesdin-detallari\/"]}]},{"@type":"ImageObject","inLanguage":"az","@id":"https:\/\/www.meydan.tv\/az\/article\/bakinin-merkezinde-gullelenme-nicat-lenkeranskiye-qarsi-sui-qesdin-detallari\/#primaryimage","url":"https:\/\/www.meydan.tv\/wp-content\/uploads\/mehkeme19-scaled.jpg","contentUrl":"https:\/\/www.meydan.tv\/wp-content\/uploads\/mehkeme19-scaled.jpg","width":2560,"height":1440,"caption":"M\u0259nb\u0259: Meydan TV"},{"@type":"BreadcrumbList","@id":"https:\/\/www.meydan.tv\/az\/article\/bakinin-merkezinde-gullelenme-nicat-lenkeranskiye-qarsi-sui-qesdin-detallari\/#breadcrumb","itemListElement":[{"@type":"ListItem","position":1,"name":"Ana s\u0259hif\u0259","item":"https:\/\/www.meydan.tv\/az\/"},{"@type":"ListItem","position":2,"name":"Sosial","item":"https:\/\/www.meydan.tv\/az\/section\/sosial\/"},{"@type":"ListItem","position":3,"name":"Bak\u0131n\u0131n m\u0259rk\u0259zind\u0259 g\u00fcll\u0259l\u0259nm\u0259: \u201cNicat L\u0259nk\u0259ranski\u201dy\u0259 qar\u015f\u0131 sui-q\u0259sdin detallar\u0131"}]},{"@type":"WebSite","@id":"https:\/\/www.meydan.tv\/az\/#website","url":"https:\/\/www.meydan.tv\/az\/","name":"MEYDAN.TV","description":"Meydan TV Az\u0259rbaycan\u0131n media m\u0259kan\u0131ndak\u0131 alternativ s\u0259sidir","publisher":{"@id":"https:\/\/www.meydan.tv\/az\/#organization"},"potentialAction":[{"@type":"SearchAction","target":{"@type":"EntryPoint","urlTemplate":"https:\/\/www.meydan.tv\/az\/?s={search_term_string}"},"query-input":{"@type":"PropertyValueSpecification","valueRequired":true,"valueName":"search_term_string"}}],"inLanguage":"az"},{"@type":"Organization","@id":"https:\/\/www.meydan.tv\/az\/#organization","name":"Meydan TV","url":"https:\/\/www.meydan.tv\/az\/","logo":{"@type":"ImageObject","inLanguage":"az","@id":"https:\/\/www.meydan.tv\/az\/#\/schema\/logo\/image\/","url":"https:\/\/www.meydan.tv\/wp-content\/uploads\/2021\/07\/meydan-logo.svg","contentUrl":"https:\/\/www.meydan.tv\/wp-content\/uploads\/2021\/07\/meydan-logo.svg","width":195,"height":46,"caption":"Meydan TV"},"image":{"@id":"https:\/\/www.meydan.tv\/az\/#\/schema\/logo\/image\/"}},{"@type":"Person","@id":"https:\/\/www.meydan.tv\/az\/#\/schema\/person\/9cdbecf90d17180ce1dfbd95b08dcf47","name":"elli","sameAs":["https:\/\/x.com\/elli"]}]}},"_links":{"self":[{"href":"https:\/\/www.meydan.tv\/az\/wp-json\/wp\/v2\/posts\/285399","targetHints":{"allow":["GET"]}}],"collection":[{"href":"https:\/\/www.meydan.tv\/az\/wp-json\/wp\/v2\/posts"}],"about":[{"href":"https:\/\/www.meydan.tv\/az\/wp-json\/wp\/v2\/types\/post"}],"author":[{"embeddable":true,"href":"https:\/\/www.meydan.tv\/az\/wp-json\/wp\/v2\/users\/8"}],"replies":[{"embeddable":true,"href":"https:\/\/www.meydan.tv\/az\/wp-json\/wp\/v2\/comments?post=285399"}],"version-history":[{"count":3,"href":"https:\/\/www.meydan.tv\/az\/wp-json\/wp\/v2\/posts\/285399\/revisions"}],"predecessor-version":[{"id":285409,"href":"https:\/\/www.meydan.tv\/az\/wp-json\/wp\/v2\/posts\/285399\/revisions\/285409"}],"wp:featuredmedia":[{"embeddable":true,"href":"https:\/\/www.meydan.tv\/az\/wp-json\/wp\/v2\/media\/155631"}],"wp:attachment":[{"href":"https:\/\/www.meydan.tv\/az\/wp-json\/wp\/v2\/media?parent=285399"}],"wp:term":[{"taxonomy":"category","embeddable":true,"href":"https:\/\/www.meydan.tv\/az\/wp-json\/wp\/v2\/categories?post=285399"},{"taxonomy":"post_tag","embeddable":true,"href":"https:\/\/www.meydan.tv\/az\/wp-json\/wp\/v2\/tags?post=285399"}],"curies":[{"name":"wp","href":"https:\/\/api.w.org\/{rel}","templated":true}]}}