{"id":285217,"date":"2023-09-19T17:56:30","date_gmt":"2023-09-19T13:56:30","guid":{"rendered":"https:\/\/www.meydan.tv\/?p=285217"},"modified":"2023-09-19T17:56:34","modified_gmt":"2023-09-19T13:56:34","slug":"20-gun-mariupolda-ukraynani-oskarda-temsil-edecek","status":"publish","type":"post","link":"https:\/\/www.meydan.tv\/az\/article\/20-gun-mariupolda-ukraynani-oskarda-temsil-edecek\/","title":{"rendered":"\u201c20 g\u00fcn Mariupolda\u201d Ukraynan\u0131 \u201cOskar\u201dda t\u0259msil ed\u0259c\u0259k"},"content":{"rendered":"\n<p><\/p>\n\n\n\n<p><strong><em>S\u0259n\u0259dli film m\u00fcharib\u0259 m\u00fcxbirinin lent\u0259 ald\u0131\u011f\u0131 materiallar \u0259sas\u0131nda haz\u0131rlan\u0131b<\/em><\/strong><\/p>\n\n\n\n<p>Ukrayna \u201cOskar\u201d Komit\u0259si sentyabr\u0131n 18-d\u0259 ke\u00e7iril\u0259n iclas\u0131nda Amerika Kino S\u0259n\u0259ti v\u0259 Elml\u0259ri Akademiyas\u0131n\u0131n \u201cOskar\u201d m\u00fckafat\u0131na \u201c\u018fn yax\u015f\u0131 beyn\u0259lxalq b\u0259dii film\u201d nominasiyas\u0131 \u00fczr\u0259 namiz\u0259dl\u0259r s\u0131ras\u0131nda \u00f6lk\u0259ni t\u0259msil ed\u0259c\u0259k filmi <a href=\"https:\/\/uafilmacademy.org\/news\/obrano-pretendenta-vid-ukrajini-na-uchast-u-vidbori-na-premiju-oskar.html\">se\u00e7ib.<\/a><\/p>\n\n\n\n<p>Bu, ukraynal\u0131 jurnalist v\u0259 fotoqraf Mstislav \u00c7ernovun Mariupolda 20 g\u00fcn\u0259 \u00e7\u0259kdiyi filmdir.<\/p>\n\n\n\n<p>\u00c7ernovla birlikd\u0259 film \u00fcz\u0259rind\u0259 fotoqraf Yevgeni Maloletka v\u0259 prod\u00fcser Vasilisa Stepanenko i\u015fl\u0259yib.<\/p>\n\n\n\n<p>Filmd\u0259 m\u00fcharib\u0259nin ba\u015flan\u011f\u0131c\u0131, do\u011fum evinin bombalanmas\u0131 v\u0259 m\u00fc\u0259llifl\u0259 \u201cAssociated Press\u201dd\u0259n olan h\u0259mkarlar\u0131n\u0131n rus qo\u015funlar\u0131n\u0131n m\u00fchasir\u0259sind\u0259 xilas edilm\u0259si g\u00f6st\u0259rilir.<\/p>\n\n\n\n<p>2022-ci il aprelin 21-d\u0259 Rusiya Ukraynan\u0131n Mariupol \u015f\u0259h\u0259rin\u0259 n\u0259zar\u0259ti tam \u0259l\u0259 ke\u00e7irib.<\/p>\n","protected":false},"excerpt":{"rendered":"<p>S\u0259n\u0259dli film m\u00fcharib\u0259 m\u00fcxbirinin lent\u0259 ald\u0131\u011f\u0131 materiallar \u0259sas\u0131nda haz\u0131rlan\u0131b Ukrayna &#8230; <\/p>\n<p class=\"read-more-container\"><a title=\"\u201c20 g\u00fcn Mariupolda\u201d Ukraynan\u0131 \u201cOskar\u201dda t\u0259msil ed\u0259c\u0259k\" class=\"read-more button\" href=\"https:\/\/www.meydan.tv\/az\/article\/20-gun-mariupolda-ukraynani-oskarda-temsil-edecek\/#more-285217\" aria-label=\"Read more about \u201c20 g\u00fcn Mariupolda\u201d Ukraynan\u0131 \u201cOskar\u201dda t\u0259msil ed\u0259c\u0259k\">Davam\u0131<\/a><\/p>\n","protected":false},"author":8,"featured_media":157781,"comment_status":"closed","ping_status":"closed","sticky":false,"template":"","format":"standard","meta":{"_acf_changed":false,"_sitemap_exclude":false,"_sitemap_priority":"","_sitemap_frequency":"","footnotes":""},"categories":[52,56],"tags":[],"class_list":["post-285217","post","type-post","status-publish","format-standard","has-post-thumbnail","hentry","category-medeniyyet","category-xeberler","infinite-scroll-item","generate-columns","tablet-grid-50","mobile-grid-100","grid-parent","grid-33","no-featured-image-padding"],"acf":[],"yoast_head":"<!-- This site is optimized with the Yoast SEO plugin v27.4 - https:\/\/yoast.com\/product\/yoast-seo-wordpress\/ -->\n<title>\u201c20 g\u00fcn Mariupolda\u201d Ukraynan\u0131 \u201cOskar\u201dda t\u0259msil ed\u0259c\u0259k - MEYDAN.TV<\/title>\n<meta name=\"robots\" content=\"index, follow, max-snippet:-1, max-image-preview:large, max-video-preview:-1\" \/>\n<link rel=\"canonical\" href=\"https:\/\/www.meydan.tv\/az\/article\/20-gun-mariupolda-ukraynani-oskarda-temsil-edecek\/\" \/>\n<meta property=\"og:locale\" content=\"az_AZ\" \/>\n<meta property=\"og:type\" content=\"article\" \/>\n<meta property=\"og:title\" content=\"\u201c20 g\u00fcn Mariupolda\u201d Ukraynan\u0131 \u201cOskar\u201dda t\u0259msil ed\u0259c\u0259k - MEYDAN.TV\" \/>\n<meta property=\"og:description\" content=\"S\u0259n\u0259dli film m\u00fcharib\u0259 m\u00fcxbirinin lent\u0259 ald\u0131\u011f\u0131 materiallar \u0259sas\u0131nda haz\u0131rlan\u0131b Ukrayna ... Davam\u0131\" \/>\n<meta property=\"og:url\" content=\"https:\/\/www.meydan.tv\/az\/article\/20-gun-mariupolda-ukraynani-oskarda-temsil-edecek\/\" \/>\n<meta property=\"og:site_name\" content=\"MEYDAN.TV\" \/>\n<meta property=\"article:published_time\" content=\"2023-09-19T13:56:30+00:00\" \/>\n<meta property=\"article:modified_time\" content=\"2023-09-19T13:56:34+00:00\" \/>\n<meta property=\"og:image\" content=\"https:\/\/www.meydan.tv\/wp-content\/uploads\/bffea81f-c4d2-46f5-ba00-8e77a6b84f35-e1678703888203.jpeg\" \/>\n\t<meta property=\"og:image:width\" content=\"1920\" \/>\n\t<meta property=\"og:image:height\" content=\"955\" \/>\n\t<meta property=\"og:image:type\" content=\"image\/jpeg\" \/>\n<meta name=\"author\" content=\"elli\" \/>\n<meta name=\"twitter:card\" content=\"summary_large_image\" \/>\n<meta name=\"twitter:creator\" content=\"@elli\" \/>\n<script type=\"application\/ld+json\" class=\"yoast-schema-graph\">{\"@context\":\"https:\\\/\\\/schema.org\",\"@graph\":[{\"@type\":\"Article\",\"@id\":\"https:\\\/\\\/www.meydan.tv\\\/az\\\/article\\\/20-gun-mariupolda-ukraynani-oskarda-temsil-edecek\\\/#article\",\"isPartOf\":{\"@id\":\"https:\\\/\\\/www.meydan.tv\\\/az\\\/article\\\/20-gun-mariupolda-ukraynani-oskarda-temsil-edecek\\\/\"},\"author\":{\"name\":\"elli\",\"@id\":\"https:\\\/\\\/www.meydan.tv\\\/az\\\/#\\\/schema\\\/person\\\/9cdbecf90d17180ce1dfbd95b08dcf47\"},\"headline\":\"\u201c20 g\u00fcn Mariupolda\u201d Ukraynan\u0131 \u201cOskar\u201dda t\u0259msil ed\u0259c\u0259k\",\"datePublished\":\"2023-09-19T13:56:30+00:00\",\"dateModified\":\"2023-09-19T13:56:34+00:00\",\"mainEntityOfPage\":{\"@id\":\"https:\\\/\\\/www.meydan.tv\\\/az\\\/article\\\/20-gun-mariupolda-ukraynani-oskarda-temsil-edecek\\\/\"},\"wordCount\":161,\"publisher\":{\"@id\":\"https:\\\/\\\/www.meydan.tv\\\/az\\\/#organization\"},\"image\":{\"@id\":\"https:\\\/\\\/www.meydan.tv\\\/az\\\/article\\\/20-gun-mariupolda-ukraynani-oskarda-temsil-edecek\\\/#primaryimage\"},\"thumbnailUrl\":\"https:\\\/\\\/www.meydan.tv\\\/wp-content\\\/uploads\\\/bffea81f-c4d2-46f5-ba00-8e77a6b84f35-e1678703888203.jpeg\",\"articleSection\":[\"M\u0259d\u0259niyy\u0259t\",\"X\u0259b\u0259rl\u0259r\"],\"inLanguage\":\"az\"},{\"@type\":\"WebPage\",\"@id\":\"https:\\\/\\\/www.meydan.tv\\\/az\\\/article\\\/20-gun-mariupolda-ukraynani-oskarda-temsil-edecek\\\/\",\"url\":\"https:\\\/\\\/www.meydan.tv\\\/az\\\/article\\\/20-gun-mariupolda-ukraynani-oskarda-temsil-edecek\\\/\",\"name\":\"\u201c20 g\u00fcn Mariupolda\u201d Ukraynan\u0131 \u201cOskar\u201dda t\u0259msil ed\u0259c\u0259k - MEYDAN.TV\",\"isPartOf\":{\"@id\":\"https:\\\/\\\/www.meydan.tv\\\/az\\\/#website\"},\"primaryImageOfPage\":{\"@id\":\"https:\\\/\\\/www.meydan.tv\\\/az\\\/article\\\/20-gun-mariupolda-ukraynani-oskarda-temsil-edecek\\\/#primaryimage\"},\"image\":{\"@id\":\"https:\\\/\\\/www.meydan.tv\\\/az\\\/article\\\/20-gun-mariupolda-ukraynani-oskarda-temsil-edecek\\\/#primaryimage\"},\"thumbnailUrl\":\"https:\\\/\\\/www.meydan.tv\\\/wp-content\\\/uploads\\\/bffea81f-c4d2-46f5-ba00-8e77a6b84f35-e1678703888203.jpeg\",\"datePublished\":\"2023-09-19T13:56:30+00:00\",\"dateModified\":\"2023-09-19T13:56:34+00:00\",\"breadcrumb\":{\"@id\":\"https:\\\/\\\/www.meydan.tv\\\/az\\\/article\\\/20-gun-mariupolda-ukraynani-oskarda-temsil-edecek\\\/#breadcrumb\"},\"inLanguage\":\"az\",\"potentialAction\":[{\"@type\":\"ReadAction\",\"target\":[\"https:\\\/\\\/www.meydan.tv\\\/az\\\/article\\\/20-gun-mariupolda-ukraynani-oskarda-temsil-edecek\\\/\"]}]},{\"@type\":\"ImageObject\",\"inLanguage\":\"az\",\"@id\":\"https:\\\/\\\/www.meydan.tv\\\/az\\\/article\\\/20-gun-mariupolda-ukraynani-oskarda-temsil-edecek\\\/#primaryimage\",\"url\":\"https:\\\/\\\/www.meydan.tv\\\/wp-content\\\/uploads\\\/bffea81f-c4d2-46f5-ba00-8e77a6b84f35-e1678703888203.jpeg\",\"contentUrl\":\"https:\\\/\\\/www.meydan.tv\\\/wp-content\\\/uploads\\\/bffea81f-c4d2-46f5-ba00-8e77a6b84f35-e1678703888203.jpeg\",\"width\":1920,\"height\":955,\"caption\":\"Foto: Oscar\"},{\"@type\":\"BreadcrumbList\",\"@id\":\"https:\\\/\\\/www.meydan.tv\\\/az\\\/article\\\/20-gun-mariupolda-ukraynani-oskarda-temsil-edecek\\\/#breadcrumb\",\"itemListElement\":[{\"@type\":\"ListItem\",\"position\":1,\"name\":\"Ana s\u0259hif\u0259\",\"item\":\"https:\\\/\\\/www.meydan.tv\\\/az\\\/\"},{\"@type\":\"ListItem\",\"position\":2,\"name\":\"M\u0259d\u0259niyy\u0259t\",\"item\":\"https:\\\/\\\/www.meydan.tv\\\/az\\\/section\\\/medeniyyet\\\/\"},{\"@type\":\"ListItem\",\"position\":3,\"name\":\"\u201c20 g\u00fcn Mariupolda\u201d Ukraynan\u0131 \u201cOskar\u201dda t\u0259msil ed\u0259c\u0259k\"}]},{\"@type\":\"WebSite\",\"@id\":\"https:\\\/\\\/www.meydan.tv\\\/az\\\/#website\",\"url\":\"https:\\\/\\\/www.meydan.tv\\\/az\\\/\",\"name\":\"MEYDAN.TV\",\"description\":\"Meydan TV Az\u0259rbaycan\u0131n media m\u0259kan\u0131ndak\u0131 alternativ s\u0259sidir\",\"publisher\":{\"@id\":\"https:\\\/\\\/www.meydan.tv\\\/az\\\/#organization\"},\"potentialAction\":[{\"@type\":\"SearchAction\",\"target\":{\"@type\":\"EntryPoint\",\"urlTemplate\":\"https:\\\/\\\/www.meydan.tv\\\/az\\\/?s={search_term_string}\"},\"query-input\":{\"@type\":\"PropertyValueSpecification\",\"valueRequired\":true,\"valueName\":\"search_term_string\"}}],\"inLanguage\":\"az\"},{\"@type\":\"Organization\",\"@id\":\"https:\\\/\\\/www.meydan.tv\\\/az\\\/#organization\",\"name\":\"Meydan TV\",\"url\":\"https:\\\/\\\/www.meydan.tv\\\/az\\\/\",\"logo\":{\"@type\":\"ImageObject\",\"inLanguage\":\"az\",\"@id\":\"https:\\\/\\\/www.meydan.tv\\\/az\\\/#\\\/schema\\\/logo\\\/image\\\/\",\"url\":\"https:\\\/\\\/www.meydan.tv\\\/wp-content\\\/uploads\\\/2021\\\/07\\\/meydan-logo.svg\",\"contentUrl\":\"https:\\\/\\\/www.meydan.tv\\\/wp-content\\\/uploads\\\/2021\\\/07\\\/meydan-logo.svg\",\"width\":195,\"height\":46,\"caption\":\"Meydan TV\"},\"image\":{\"@id\":\"https:\\\/\\\/www.meydan.tv\\\/az\\\/#\\\/schema\\\/logo\\\/image\\\/\"}},{\"@type\":\"Person\",\"@id\":\"https:\\\/\\\/www.meydan.tv\\\/az\\\/#\\\/schema\\\/person\\\/9cdbecf90d17180ce1dfbd95b08dcf47\",\"name\":\"elli\",\"sameAs\":[\"https:\\\/\\\/x.com\\\/elli\"]}]}<\/script>\n<!-- \/ Yoast SEO plugin. -->","yoast_head_json":{"title":"\u201c20 g\u00fcn Mariupolda\u201d Ukraynan\u0131 \u201cOskar\u201dda t\u0259msil ed\u0259c\u0259k - MEYDAN.TV","robots":{"index":"index","follow":"follow","max-snippet":"max-snippet:-1","max-image-preview":"max-image-preview:large","max-video-preview":"max-video-preview:-1"},"canonical":"https:\/\/www.meydan.tv\/az\/article\/20-gun-mariupolda-ukraynani-oskarda-temsil-edecek\/","og_locale":"az_AZ","og_type":"article","og_title":"\u201c20 g\u00fcn Mariupolda\u201d Ukraynan\u0131 \u201cOskar\u201dda t\u0259msil ed\u0259c\u0259k - MEYDAN.TV","og_description":"S\u0259n\u0259dli film m\u00fcharib\u0259 m\u00fcxbirinin lent\u0259 ald\u0131\u011f\u0131 materiallar \u0259sas\u0131nda haz\u0131rlan\u0131b Ukrayna ... Davam\u0131","og_url":"https:\/\/www.meydan.tv\/az\/article\/20-gun-mariupolda-ukraynani-oskarda-temsil-edecek\/","og_site_name":"MEYDAN.TV","article_published_time":"2023-09-19T13:56:30+00:00","article_modified_time":"2023-09-19T13:56:34+00:00","og_image":[{"width":1920,"height":955,"url":"https:\/\/www.meydan.tv\/wp-content\/uploads\/bffea81f-c4d2-46f5-ba00-8e77a6b84f35-e1678703888203.jpeg","type":"image\/jpeg"}],"author":"elli","twitter_card":"summary_large_image","twitter_creator":"@elli","schema":{"@context":"https:\/\/schema.org","@graph":[{"@type":"Article","@id":"https:\/\/www.meydan.tv\/az\/article\/20-gun-mariupolda-ukraynani-oskarda-temsil-edecek\/#article","isPartOf":{"@id":"https:\/\/www.meydan.tv\/az\/article\/20-gun-mariupolda-ukraynani-oskarda-temsil-edecek\/"},"author":{"name":"elli","@id":"https:\/\/www.meydan.tv\/az\/#\/schema\/person\/9cdbecf90d17180ce1dfbd95b08dcf47"},"headline":"\u201c20 g\u00fcn Mariupolda\u201d Ukraynan\u0131 \u201cOskar\u201dda t\u0259msil ed\u0259c\u0259k","datePublished":"2023-09-19T13:56:30+00:00","dateModified":"2023-09-19T13:56:34+00:00","mainEntityOfPage":{"@id":"https:\/\/www.meydan.tv\/az\/article\/20-gun-mariupolda-ukraynani-oskarda-temsil-edecek\/"},"wordCount":161,"publisher":{"@id":"https:\/\/www.meydan.tv\/az\/#organization"},"image":{"@id":"https:\/\/www.meydan.tv\/az\/article\/20-gun-mariupolda-ukraynani-oskarda-temsil-edecek\/#primaryimage"},"thumbnailUrl":"https:\/\/www.meydan.tv\/wp-content\/uploads\/bffea81f-c4d2-46f5-ba00-8e77a6b84f35-e1678703888203.jpeg","articleSection":["M\u0259d\u0259niyy\u0259t","X\u0259b\u0259rl\u0259r"],"inLanguage":"az"},{"@type":"WebPage","@id":"https:\/\/www.meydan.tv\/az\/article\/20-gun-mariupolda-ukraynani-oskarda-temsil-edecek\/","url":"https:\/\/www.meydan.tv\/az\/article\/20-gun-mariupolda-ukraynani-oskarda-temsil-edecek\/","name":"\u201c20 g\u00fcn Mariupolda\u201d Ukraynan\u0131 \u201cOskar\u201dda t\u0259msil ed\u0259c\u0259k - MEYDAN.TV","isPartOf":{"@id":"https:\/\/www.meydan.tv\/az\/#website"},"primaryImageOfPage":{"@id":"https:\/\/www.meydan.tv\/az\/article\/20-gun-mariupolda-ukraynani-oskarda-temsil-edecek\/#primaryimage"},"image":{"@id":"https:\/\/www.meydan.tv\/az\/article\/20-gun-mariupolda-ukraynani-oskarda-temsil-edecek\/#primaryimage"},"thumbnailUrl":"https:\/\/www.meydan.tv\/wp-content\/uploads\/bffea81f-c4d2-46f5-ba00-8e77a6b84f35-e1678703888203.jpeg","datePublished":"2023-09-19T13:56:30+00:00","dateModified":"2023-09-19T13:56:34+00:00","breadcrumb":{"@id":"https:\/\/www.meydan.tv\/az\/article\/20-gun-mariupolda-ukraynani-oskarda-temsil-edecek\/#breadcrumb"},"inLanguage":"az","potentialAction":[{"@type":"ReadAction","target":["https:\/\/www.meydan.tv\/az\/article\/20-gun-mariupolda-ukraynani-oskarda-temsil-edecek\/"]}]},{"@type":"ImageObject","inLanguage":"az","@id":"https:\/\/www.meydan.tv\/az\/article\/20-gun-mariupolda-ukraynani-oskarda-temsil-edecek\/#primaryimage","url":"https:\/\/www.meydan.tv\/wp-content\/uploads\/bffea81f-c4d2-46f5-ba00-8e77a6b84f35-e1678703888203.jpeg","contentUrl":"https:\/\/www.meydan.tv\/wp-content\/uploads\/bffea81f-c4d2-46f5-ba00-8e77a6b84f35-e1678703888203.jpeg","width":1920,"height":955,"caption":"Foto: Oscar"},{"@type":"BreadcrumbList","@id":"https:\/\/www.meydan.tv\/az\/article\/20-gun-mariupolda-ukraynani-oskarda-temsil-edecek\/#breadcrumb","itemListElement":[{"@type":"ListItem","position":1,"name":"Ana s\u0259hif\u0259","item":"https:\/\/www.meydan.tv\/az\/"},{"@type":"ListItem","position":2,"name":"M\u0259d\u0259niyy\u0259t","item":"https:\/\/www.meydan.tv\/az\/section\/medeniyyet\/"},{"@type":"ListItem","position":3,"name":"\u201c20 g\u00fcn Mariupolda\u201d Ukraynan\u0131 \u201cOskar\u201dda t\u0259msil ed\u0259c\u0259k"}]},{"@type":"WebSite","@id":"https:\/\/www.meydan.tv\/az\/#website","url":"https:\/\/www.meydan.tv\/az\/","name":"MEYDAN.TV","description":"Meydan TV Az\u0259rbaycan\u0131n media m\u0259kan\u0131ndak\u0131 alternativ s\u0259sidir","publisher":{"@id":"https:\/\/www.meydan.tv\/az\/#organization"},"potentialAction":[{"@type":"SearchAction","target":{"@type":"EntryPoint","urlTemplate":"https:\/\/www.meydan.tv\/az\/?s={search_term_string}"},"query-input":{"@type":"PropertyValueSpecification","valueRequired":true,"valueName":"search_term_string"}}],"inLanguage":"az"},{"@type":"Organization","@id":"https:\/\/www.meydan.tv\/az\/#organization","name":"Meydan TV","url":"https:\/\/www.meydan.tv\/az\/","logo":{"@type":"ImageObject","inLanguage":"az","@id":"https:\/\/www.meydan.tv\/az\/#\/schema\/logo\/image\/","url":"https:\/\/www.meydan.tv\/wp-content\/uploads\/2021\/07\/meydan-logo.svg","contentUrl":"https:\/\/www.meydan.tv\/wp-content\/uploads\/2021\/07\/meydan-logo.svg","width":195,"height":46,"caption":"Meydan TV"},"image":{"@id":"https:\/\/www.meydan.tv\/az\/#\/schema\/logo\/image\/"}},{"@type":"Person","@id":"https:\/\/www.meydan.tv\/az\/#\/schema\/person\/9cdbecf90d17180ce1dfbd95b08dcf47","name":"elli","sameAs":["https:\/\/x.com\/elli"]}]}},"_links":{"self":[{"href":"https:\/\/www.meydan.tv\/az\/wp-json\/wp\/v2\/posts\/285217","targetHints":{"allow":["GET"]}}],"collection":[{"href":"https:\/\/www.meydan.tv\/az\/wp-json\/wp\/v2\/posts"}],"about":[{"href":"https:\/\/www.meydan.tv\/az\/wp-json\/wp\/v2\/types\/post"}],"author":[{"embeddable":true,"href":"https:\/\/www.meydan.tv\/az\/wp-json\/wp\/v2\/users\/8"}],"replies":[{"embeddable":true,"href":"https:\/\/www.meydan.tv\/az\/wp-json\/wp\/v2\/comments?post=285217"}],"version-history":[{"count":3,"href":"https:\/\/www.meydan.tv\/az\/wp-json\/wp\/v2\/posts\/285217\/revisions"}],"predecessor-version":[{"id":285223,"href":"https:\/\/www.meydan.tv\/az\/wp-json\/wp\/v2\/posts\/285217\/revisions\/285223"}],"wp:featuredmedia":[{"embeddable":true,"href":"https:\/\/www.meydan.tv\/az\/wp-json\/wp\/v2\/media\/157781"}],"wp:attachment":[{"href":"https:\/\/www.meydan.tv\/az\/wp-json\/wp\/v2\/media?parent=285217"}],"wp:term":[{"taxonomy":"category","embeddable":true,"href":"https:\/\/www.meydan.tv\/az\/wp-json\/wp\/v2\/categories?post=285217"},{"taxonomy":"post_tag","embeddable":true,"href":"https:\/\/www.meydan.tv\/az\/wp-json\/wp\/v2\/tags?post=285217"}],"curies":[{"name":"wp","href":"https:\/\/api.w.org\/{rel}","templated":true}]}}