{"id":285130,"date":"2023-09-19T13:37:56","date_gmt":"2023-09-19T09:37:56","guid":{"rendered":"https:\/\/www.meydan.tv\/?p=285130"},"modified":"2023-09-19T13:49:23","modified_gmt":"2023-09-19T09:49:23","slug":"resmi-polisler-minaya-duserek-helak-olub","status":"publish","type":"post","link":"https:\/\/www.meydan.tv\/az\/article\/resmi-polisler-minaya-duserek-helak-olub\/","title":{"rendered":"R\u0259smi: Polisl\u0259r minaya d\u00fc\u015f\u0259r\u0259k h\u0259lak olub"},"content":{"rendered":"\n<p><\/p>\n\n\n\n<p><strong><em>Onlar\u0131n Xocav\u0259nd rayonunun Ta\u011faverd k\u0259ndi \u0259razisind\u0259, s\u00fclhm\u0259raml\u0131lar\u0131n yerl\u0259\u015fdiyi \u0259razid\u0259 minaya d\u00fc\u015fd\u00fcy\u00fc bildirilir<\/em><\/strong><\/p>\n\n\n\n<p>Sentyabr\u0131n 19-da s\u0259h\u0259r\u0259 yax\u0131n saat 4:30 rad\u0259l\u0259rind\u0259 Xocav\u0259nd rayonunun Ta\u011faverd k\u0259ndi \u0259razisind\u0259 yeni in\u015fa olunan tunel yolunda polis \u0259m\u0259kda\u015flar\u0131n\u0131n oldu\u011fu &#8220;Kamaz\u201d\u0131n minaya d\u00fc\u015fd\u00fcy\u00fc bildirilir. N\u0259tic\u0259d\u0259 4 n\u0259f\u0259r polis hadis\u0259 yerind\u0259 h\u0259lak olub.<\/p>\n\n\n\n<p>Bu bar\u0259d\u0259 Ba\u015f Prokurorluq, Daxili \u0130\u015fl\u0259r Nazirliyi v\u0259 D\u00f6vl\u0259t T\u0259hl\u00fck\u0259sizliyi Xidm\u0259ti birg\u0259 m\u0259lumat yay\u0131b.<\/p>\n\n\n\n<p>M\u0259lumatda h\u0259lak olan 4 n\u0259f\u0259r polis \u0259m\u0259kda\u015f\u0131n\u0131n kimliyi d\u0259 a\u00e7\u0131qlan\u0131b. Bunlar 1994-c\u00fc il t\u0259v\u0259ll\u00fcdl\u00fc Asim Knyaz o\u011flu Camalzad\u0259, 1987-ci t\u0259v\u0259ll\u00fcdl\u00fc Ramil Arif o\u011flu \u015eirinov, 1991-ci il t\u0259v\u0259ll\u00fcdl\u00fc Seymur Elsev\u0259r o\u011flu Mahmudov v\u0259 1998-ci il t\u0259v\u0259ll\u00fcdl\u00fc X\u0259z\u0259r Az\u0259r o\u011flu Zamanovdur.<\/p>\n\n\n\n<figure class=\"wp-block-image size-large\"><img decoding=\"async\" width=\"1095\" height=\"821\" data-src=\"https:\/\/www.meydan.tv\/wp-content\/uploads\/img_6916-1095x821.jpg\" alt=\"\" class=\"wp-image-285100 lazyload\" src=\"data:image\/svg+xml;base64,PHN2ZyB3aWR0aD0iMSIgaGVpZ2h0PSIxIiB4bWxucz0iaHR0cDovL3d3dy53My5vcmcvMjAwMC9zdmciPjwvc3ZnPg==\" style=\"--smush-placeholder-width: 1095px; --smush-placeholder-aspect-ratio: 1095\/821;\" \/><\/figure>\n\n\n\n<p>\u201d<em>Polisl\u0259r az \u00f6nc\u0259 &#8211; saat 4 rad\u0259l\u0259rind\u0259 \u018fhm\u0259db\u0259yli-F\u00fczuli-\u015eu\u015fa yolunun Xocav\u0259nd rayonundan ke\u00e7\u0259n 58-ci kilometrliyind\u0259 &#8220;Az\u0259rbaycan Avtomobil Yollar\u0131&#8221; D\u00f6vl\u0259t Agentliyin\u0259 m\u0259xsus y\u00fck ma\u015f\u0131n\u0131n\u0131n minaya d\u00fc\u015fm\u0259si, n\u0259tic\u0259d\u0259 iki n\u0259f\u0259rin \u00f6lm\u0259sil\u0259 \u0259laq\u0259dar hadis\u0259 yerin\u0259 gedirmi\u015f. Bu zaman \u00f6zl\u0259ri d\u0259 Xocav\u0259nd rayonunun Ta\u011faverd k\u0259ndi \u0259razisind\u0259 yeni in\u015fa olunan tunel yolunda s\u00fclhm\u0259raml\u0131lar\u0131n yerl\u0259\u015fdiyi \u0259razid\u0259 minaya d\u00fc\u015f\u00fcb\u201d.<\/em> \u2013 m\u0259lumatda deyilir.<\/p>\n\n\n\n<p>H\u00fcquq-m\u00fchafiz\u0259 orqanlar\u0131 ba\u015f vermi\u015f hadis\u0259ni terror akt\u0131 kimi qiym\u0259tl\u0259ndirib.<br>Faktla ba\u011fl\u0131 D\u00f6vl\u0259t T\u0259hl\u00fck\u0259sizliyi Xidm\u0259tinin \u0130stintaq ba\u015f idar\u0259sind\u0259 Cinay\u0259t M\u0259c\u0259ll\u0259sinin 214.2.1, 214.2.2, 214.2.3 (m\u00fct\u0259\u015f\u0259kkil d\u0259st\u0259 t\u0259r\u0259find\u0259n t\u0259krar odlu silahdan, partlay\u0131c\u0131 madd\u0259l\u0259rd\u0259n v\u0259 qur\u011fulardan istifad\u0259 etm\u0259kl\u0259 terror\u00e7uluq), 120.2.1, 120.2.3, 120.2.4, 120.2.7, 120.2.10, 120.2.11, 120.2.12 (m\u00fct\u0259\u015f\u0259kkil d\u0259st\u0259 t\u0259r\u0259find\u0259n, \u00fcmumi t\u0259hl\u00fck\u0259li \u00fcsulla, t\u0259krar, z\u0259r\u0259r \u00e7\u0259kmi\u015f \u015f\u0259xsin xidm\u0259ti v\u0259zif\u0259sini yerin\u0259 yetirm\u0259si il\u0259 \u0259laq\u0259dar, milli \u0259dav\u0259t v\u0259 d\u00fc\u015fm\u0259n\u00e7ilik niyy\u0259til\u0259 iki v\u0259 ya daha \u00e7ox \u015f\u0259xsi terror\u00e7uluqla \u0259laq\u0259dar \u00f6ld\u00fcrm\u0259), 228.3 (m\u00fct\u0259\u015f\u0259kkil d\u0259st\u0259 t\u0259r\u0259find\u0259n odlu silah \u0259ld\u0259 etm\u0259, saxlama, da\u015f\u0131ma) v\u0259 dig\u0259r madd\u0259l\u0259ri il\u0259 cinay\u0259t i\u015fi ba\u015flan\u0131b.<\/p>\n","protected":false},"excerpt":{"rendered":"<p>Onlar\u0131n Xocav\u0259nd rayonunun Ta\u011faverd k\u0259ndi \u0259razisind\u0259, s\u00fclhm\u0259raml\u0131lar\u0131n yerl\u0259\u015fdiyi \u0259razid\u0259 minaya &#8230; <\/p>\n<p class=\"read-more-container\"><a title=\"R\u0259smi: Polisl\u0259r minaya d\u00fc\u015f\u0259r\u0259k h\u0259lak olub\" class=\"read-more button\" href=\"https:\/\/www.meydan.tv\/az\/article\/resmi-polisler-minaya-duserek-helak-olub\/#more-285130\" aria-label=\"Read more about R\u0259smi: Polisl\u0259r minaya d\u00fc\u015f\u0259r\u0259k h\u0259lak olub\">Davam\u0131<\/a><\/p>\n","protected":false},"author":8,"featured_media":285097,"comment_status":"closed","ping_status":"closed","sticky":false,"template":"","format":"standard","meta":{"_acf_changed":false,"_sitemap_exclude":false,"_sitemap_priority":"","_sitemap_frequency":"","footnotes":""},"categories":[59,79,56],"tags":[],"class_list":["post-285130","post","type-post","status-publish","format-standard","has-post-thumbnail","hentry","category-siyaset","category-featured","category-xeberler","infinite-scroll-item","generate-columns","tablet-grid-50","mobile-grid-100","grid-parent","grid-33","no-featured-image-padding"],"acf":[],"yoast_head":"<!-- This site is optimized with the Yoast SEO plugin v27.4 - https:\/\/yoast.com\/product\/yoast-seo-wordpress\/ -->\n<title>R\u0259smi: Polisl\u0259r minaya d\u00fc\u015f\u0259r\u0259k h\u0259lak olub - MEYDAN.TV<\/title>\n<meta name=\"robots\" content=\"index, follow, max-snippet:-1, max-image-preview:large, max-video-preview:-1\" \/>\n<link rel=\"canonical\" href=\"https:\/\/www.meydan.tv\/az\/article\/resmi-polisler-minaya-duserek-helak-olub\/\" \/>\n<meta property=\"og:locale\" content=\"az_AZ\" \/>\n<meta property=\"og:type\" content=\"article\" \/>\n<meta property=\"og:title\" content=\"R\u0259smi: Polisl\u0259r minaya d\u00fc\u015f\u0259r\u0259k h\u0259lak olub - MEYDAN.TV\" \/>\n<meta property=\"og:description\" content=\"Onlar\u0131n Xocav\u0259nd rayonunun Ta\u011faverd k\u0259ndi \u0259razisind\u0259, s\u00fclhm\u0259raml\u0131lar\u0131n yerl\u0259\u015fdiyi \u0259razid\u0259 minaya ... Davam\u0131\" \/>\n<meta property=\"og:url\" content=\"https:\/\/www.meydan.tv\/az\/article\/resmi-polisler-minaya-duserek-helak-olub\/\" \/>\n<meta property=\"og:site_name\" content=\"MEYDAN.TV\" \/>\n<meta property=\"article:published_time\" content=\"2023-09-19T09:37:56+00:00\" \/>\n<meta property=\"article:modified_time\" content=\"2023-09-19T09:49:23+00:00\" \/>\n<meta property=\"og:image\" content=\"https:\/\/www.meydan.tv\/wp-content\/uploads\/img_6915-1.jpg\" \/>\n\t<meta property=\"og:image:width\" content=\"1200\" \/>\n\t<meta property=\"og:image:height\" content=\"900\" \/>\n\t<meta property=\"og:image:type\" content=\"image\/jpeg\" \/>\n<meta name=\"author\" content=\"elli\" \/>\n<meta name=\"twitter:card\" content=\"summary_large_image\" \/>\n<meta name=\"twitter:creator\" content=\"@elli\" \/>\n<script type=\"application\/ld+json\" class=\"yoast-schema-graph\">{\"@context\":\"https:\\\/\\\/schema.org\",\"@graph\":[{\"@type\":\"Article\",\"@id\":\"https:\\\/\\\/www.meydan.tv\\\/az\\\/article\\\/resmi-polisler-minaya-duserek-helak-olub\\\/#article\",\"isPartOf\":{\"@id\":\"https:\\\/\\\/www.meydan.tv\\\/az\\\/article\\\/resmi-polisler-minaya-duserek-helak-olub\\\/\"},\"author\":{\"name\":\"elli\",\"@id\":\"https:\\\/\\\/www.meydan.tv\\\/az\\\/#\\\/schema\\\/person\\\/9cdbecf90d17180ce1dfbd95b08dcf47\"},\"headline\":\"R\u0259smi: Polisl\u0259r minaya d\u00fc\u015f\u0259r\u0259k h\u0259lak olub\",\"datePublished\":\"2023-09-19T09:37:56+00:00\",\"dateModified\":\"2023-09-19T09:49:23+00:00\",\"mainEntityOfPage\":{\"@id\":\"https:\\\/\\\/www.meydan.tv\\\/az\\\/article\\\/resmi-polisler-minaya-duserek-helak-olub\\\/\"},\"wordCount\":416,\"publisher\":{\"@id\":\"https:\\\/\\\/www.meydan.tv\\\/az\\\/#organization\"},\"image\":{\"@id\":\"https:\\\/\\\/www.meydan.tv\\\/az\\\/article\\\/resmi-polisler-minaya-duserek-helak-olub\\\/#primaryimage\"},\"thumbnailUrl\":\"https:\\\/\\\/www.meydan.tv\\\/wp-content\\\/uploads\\\/img_6915-1.jpg\",\"articleSection\":[\"Siyas\u0259t\",\"T\u00f6vsiy\u0259\",\"X\u0259b\u0259rl\u0259r\"],\"inLanguage\":\"az\"},{\"@type\":\"WebPage\",\"@id\":\"https:\\\/\\\/www.meydan.tv\\\/az\\\/article\\\/resmi-polisler-minaya-duserek-helak-olub\\\/\",\"url\":\"https:\\\/\\\/www.meydan.tv\\\/az\\\/article\\\/resmi-polisler-minaya-duserek-helak-olub\\\/\",\"name\":\"R\u0259smi: Polisl\u0259r minaya d\u00fc\u015f\u0259r\u0259k h\u0259lak olub - MEYDAN.TV\",\"isPartOf\":{\"@id\":\"https:\\\/\\\/www.meydan.tv\\\/az\\\/#website\"},\"primaryImageOfPage\":{\"@id\":\"https:\\\/\\\/www.meydan.tv\\\/az\\\/article\\\/resmi-polisler-minaya-duserek-helak-olub\\\/#primaryimage\"},\"image\":{\"@id\":\"https:\\\/\\\/www.meydan.tv\\\/az\\\/article\\\/resmi-polisler-minaya-duserek-helak-olub\\\/#primaryimage\"},\"thumbnailUrl\":\"https:\\\/\\\/www.meydan.tv\\\/wp-content\\\/uploads\\\/img_6915-1.jpg\",\"datePublished\":\"2023-09-19T09:37:56+00:00\",\"dateModified\":\"2023-09-19T09:49:23+00:00\",\"breadcrumb\":{\"@id\":\"https:\\\/\\\/www.meydan.tv\\\/az\\\/article\\\/resmi-polisler-minaya-duserek-helak-olub\\\/#breadcrumb\"},\"inLanguage\":\"az\",\"potentialAction\":[{\"@type\":\"ReadAction\",\"target\":[\"https:\\\/\\\/www.meydan.tv\\\/az\\\/article\\\/resmi-polisler-minaya-duserek-helak-olub\\\/\"]}]},{\"@type\":\"ImageObject\",\"inLanguage\":\"az\",\"@id\":\"https:\\\/\\\/www.meydan.tv\\\/az\\\/article\\\/resmi-polisler-minaya-duserek-helak-olub\\\/#primaryimage\",\"url\":\"https:\\\/\\\/www.meydan.tv\\\/wp-content\\\/uploads\\\/img_6915-1.jpg\",\"contentUrl\":\"https:\\\/\\\/www.meydan.tv\\\/wp-content\\\/uploads\\\/img_6915-1.jpg\",\"width\":1200,\"height\":900,\"caption\":\"Foto: D\u0130N\"},{\"@type\":\"BreadcrumbList\",\"@id\":\"https:\\\/\\\/www.meydan.tv\\\/az\\\/article\\\/resmi-polisler-minaya-duserek-helak-olub\\\/#breadcrumb\",\"itemListElement\":[{\"@type\":\"ListItem\",\"position\":1,\"name\":\"Ana s\u0259hif\u0259\",\"item\":\"https:\\\/\\\/www.meydan.tv\\\/az\\\/\"},{\"@type\":\"ListItem\",\"position\":2,\"name\":\"Siyas\u0259t\",\"item\":\"https:\\\/\\\/www.meydan.tv\\\/az\\\/section\\\/siyaset\\\/\"},{\"@type\":\"ListItem\",\"position\":3,\"name\":\"R\u0259smi: Polisl\u0259r minaya d\u00fc\u015f\u0259r\u0259k h\u0259lak olub\"}]},{\"@type\":\"WebSite\",\"@id\":\"https:\\\/\\\/www.meydan.tv\\\/az\\\/#website\",\"url\":\"https:\\\/\\\/www.meydan.tv\\\/az\\\/\",\"name\":\"MEYDAN.TV\",\"description\":\"Meydan TV Az\u0259rbaycan\u0131n media m\u0259kan\u0131ndak\u0131 alternativ s\u0259sidir\",\"publisher\":{\"@id\":\"https:\\\/\\\/www.meydan.tv\\\/az\\\/#organization\"},\"potentialAction\":[{\"@type\":\"SearchAction\",\"target\":{\"@type\":\"EntryPoint\",\"urlTemplate\":\"https:\\\/\\\/www.meydan.tv\\\/az\\\/?s={search_term_string}\"},\"query-input\":{\"@type\":\"PropertyValueSpecification\",\"valueRequired\":true,\"valueName\":\"search_term_string\"}}],\"inLanguage\":\"az\"},{\"@type\":\"Organization\",\"@id\":\"https:\\\/\\\/www.meydan.tv\\\/az\\\/#organization\",\"name\":\"Meydan TV\",\"url\":\"https:\\\/\\\/www.meydan.tv\\\/az\\\/\",\"logo\":{\"@type\":\"ImageObject\",\"inLanguage\":\"az\",\"@id\":\"https:\\\/\\\/www.meydan.tv\\\/az\\\/#\\\/schema\\\/logo\\\/image\\\/\",\"url\":\"https:\\\/\\\/www.meydan.tv\\\/wp-content\\\/uploads\\\/2021\\\/07\\\/meydan-logo.svg\",\"contentUrl\":\"https:\\\/\\\/www.meydan.tv\\\/wp-content\\\/uploads\\\/2021\\\/07\\\/meydan-logo.svg\",\"width\":195,\"height\":46,\"caption\":\"Meydan TV\"},\"image\":{\"@id\":\"https:\\\/\\\/www.meydan.tv\\\/az\\\/#\\\/schema\\\/logo\\\/image\\\/\"}},{\"@type\":\"Person\",\"@id\":\"https:\\\/\\\/www.meydan.tv\\\/az\\\/#\\\/schema\\\/person\\\/9cdbecf90d17180ce1dfbd95b08dcf47\",\"name\":\"elli\",\"sameAs\":[\"https:\\\/\\\/x.com\\\/elli\"]}]}<\/script>\n<!-- \/ Yoast SEO plugin. -->","yoast_head_json":{"title":"R\u0259smi: Polisl\u0259r minaya d\u00fc\u015f\u0259r\u0259k h\u0259lak olub - MEYDAN.TV","robots":{"index":"index","follow":"follow","max-snippet":"max-snippet:-1","max-image-preview":"max-image-preview:large","max-video-preview":"max-video-preview:-1"},"canonical":"https:\/\/www.meydan.tv\/az\/article\/resmi-polisler-minaya-duserek-helak-olub\/","og_locale":"az_AZ","og_type":"article","og_title":"R\u0259smi: Polisl\u0259r minaya d\u00fc\u015f\u0259r\u0259k h\u0259lak olub - MEYDAN.TV","og_description":"Onlar\u0131n Xocav\u0259nd rayonunun Ta\u011faverd k\u0259ndi \u0259razisind\u0259, s\u00fclhm\u0259raml\u0131lar\u0131n yerl\u0259\u015fdiyi \u0259razid\u0259 minaya ... Davam\u0131","og_url":"https:\/\/www.meydan.tv\/az\/article\/resmi-polisler-minaya-duserek-helak-olub\/","og_site_name":"MEYDAN.TV","article_published_time":"2023-09-19T09:37:56+00:00","article_modified_time":"2023-09-19T09:49:23+00:00","og_image":[{"width":1200,"height":900,"url":"https:\/\/www.meydan.tv\/wp-content\/uploads\/img_6915-1.jpg","type":"image\/jpeg"}],"author":"elli","twitter_card":"summary_large_image","twitter_creator":"@elli","schema":{"@context":"https:\/\/schema.org","@graph":[{"@type":"Article","@id":"https:\/\/www.meydan.tv\/az\/article\/resmi-polisler-minaya-duserek-helak-olub\/#article","isPartOf":{"@id":"https:\/\/www.meydan.tv\/az\/article\/resmi-polisler-minaya-duserek-helak-olub\/"},"author":{"name":"elli","@id":"https:\/\/www.meydan.tv\/az\/#\/schema\/person\/9cdbecf90d17180ce1dfbd95b08dcf47"},"headline":"R\u0259smi: Polisl\u0259r minaya d\u00fc\u015f\u0259r\u0259k h\u0259lak olub","datePublished":"2023-09-19T09:37:56+00:00","dateModified":"2023-09-19T09:49:23+00:00","mainEntityOfPage":{"@id":"https:\/\/www.meydan.tv\/az\/article\/resmi-polisler-minaya-duserek-helak-olub\/"},"wordCount":416,"publisher":{"@id":"https:\/\/www.meydan.tv\/az\/#organization"},"image":{"@id":"https:\/\/www.meydan.tv\/az\/article\/resmi-polisler-minaya-duserek-helak-olub\/#primaryimage"},"thumbnailUrl":"https:\/\/www.meydan.tv\/wp-content\/uploads\/img_6915-1.jpg","articleSection":["Siyas\u0259t","T\u00f6vsiy\u0259","X\u0259b\u0259rl\u0259r"],"inLanguage":"az"},{"@type":"WebPage","@id":"https:\/\/www.meydan.tv\/az\/article\/resmi-polisler-minaya-duserek-helak-olub\/","url":"https:\/\/www.meydan.tv\/az\/article\/resmi-polisler-minaya-duserek-helak-olub\/","name":"R\u0259smi: Polisl\u0259r minaya d\u00fc\u015f\u0259r\u0259k h\u0259lak olub - MEYDAN.TV","isPartOf":{"@id":"https:\/\/www.meydan.tv\/az\/#website"},"primaryImageOfPage":{"@id":"https:\/\/www.meydan.tv\/az\/article\/resmi-polisler-minaya-duserek-helak-olub\/#primaryimage"},"image":{"@id":"https:\/\/www.meydan.tv\/az\/article\/resmi-polisler-minaya-duserek-helak-olub\/#primaryimage"},"thumbnailUrl":"https:\/\/www.meydan.tv\/wp-content\/uploads\/img_6915-1.jpg","datePublished":"2023-09-19T09:37:56+00:00","dateModified":"2023-09-19T09:49:23+00:00","breadcrumb":{"@id":"https:\/\/www.meydan.tv\/az\/article\/resmi-polisler-minaya-duserek-helak-olub\/#breadcrumb"},"inLanguage":"az","potentialAction":[{"@type":"ReadAction","target":["https:\/\/www.meydan.tv\/az\/article\/resmi-polisler-minaya-duserek-helak-olub\/"]}]},{"@type":"ImageObject","inLanguage":"az","@id":"https:\/\/www.meydan.tv\/az\/article\/resmi-polisler-minaya-duserek-helak-olub\/#primaryimage","url":"https:\/\/www.meydan.tv\/wp-content\/uploads\/img_6915-1.jpg","contentUrl":"https:\/\/www.meydan.tv\/wp-content\/uploads\/img_6915-1.jpg","width":1200,"height":900,"caption":"Foto: D\u0130N"},{"@type":"BreadcrumbList","@id":"https:\/\/www.meydan.tv\/az\/article\/resmi-polisler-minaya-duserek-helak-olub\/#breadcrumb","itemListElement":[{"@type":"ListItem","position":1,"name":"Ana s\u0259hif\u0259","item":"https:\/\/www.meydan.tv\/az\/"},{"@type":"ListItem","position":2,"name":"Siyas\u0259t","item":"https:\/\/www.meydan.tv\/az\/section\/siyaset\/"},{"@type":"ListItem","position":3,"name":"R\u0259smi: Polisl\u0259r minaya d\u00fc\u015f\u0259r\u0259k h\u0259lak olub"}]},{"@type":"WebSite","@id":"https:\/\/www.meydan.tv\/az\/#website","url":"https:\/\/www.meydan.tv\/az\/","name":"MEYDAN.TV","description":"Meydan TV Az\u0259rbaycan\u0131n media m\u0259kan\u0131ndak\u0131 alternativ s\u0259sidir","publisher":{"@id":"https:\/\/www.meydan.tv\/az\/#organization"},"potentialAction":[{"@type":"SearchAction","target":{"@type":"EntryPoint","urlTemplate":"https:\/\/www.meydan.tv\/az\/?s={search_term_string}"},"query-input":{"@type":"PropertyValueSpecification","valueRequired":true,"valueName":"search_term_string"}}],"inLanguage":"az"},{"@type":"Organization","@id":"https:\/\/www.meydan.tv\/az\/#organization","name":"Meydan TV","url":"https:\/\/www.meydan.tv\/az\/","logo":{"@type":"ImageObject","inLanguage":"az","@id":"https:\/\/www.meydan.tv\/az\/#\/schema\/logo\/image\/","url":"https:\/\/www.meydan.tv\/wp-content\/uploads\/2021\/07\/meydan-logo.svg","contentUrl":"https:\/\/www.meydan.tv\/wp-content\/uploads\/2021\/07\/meydan-logo.svg","width":195,"height":46,"caption":"Meydan TV"},"image":{"@id":"https:\/\/www.meydan.tv\/az\/#\/schema\/logo\/image\/"}},{"@type":"Person","@id":"https:\/\/www.meydan.tv\/az\/#\/schema\/person\/9cdbecf90d17180ce1dfbd95b08dcf47","name":"elli","sameAs":["https:\/\/x.com\/elli"]}]}},"_links":{"self":[{"href":"https:\/\/www.meydan.tv\/az\/wp-json\/wp\/v2\/posts\/285130","targetHints":{"allow":["GET"]}}],"collection":[{"href":"https:\/\/www.meydan.tv\/az\/wp-json\/wp\/v2\/posts"}],"about":[{"href":"https:\/\/www.meydan.tv\/az\/wp-json\/wp\/v2\/types\/post"}],"author":[{"embeddable":true,"href":"https:\/\/www.meydan.tv\/az\/wp-json\/wp\/v2\/users\/8"}],"replies":[{"embeddable":true,"href":"https:\/\/www.meydan.tv\/az\/wp-json\/wp\/v2\/comments?post=285130"}],"version-history":[{"count":4,"href":"https:\/\/www.meydan.tv\/az\/wp-json\/wp\/v2\/posts\/285130\/revisions"}],"predecessor-version":[{"id":285136,"href":"https:\/\/www.meydan.tv\/az\/wp-json\/wp\/v2\/posts\/285130\/revisions\/285136"}],"wp:featuredmedia":[{"embeddable":true,"href":"https:\/\/www.meydan.tv\/az\/wp-json\/wp\/v2\/media\/285097"}],"wp:attachment":[{"href":"https:\/\/www.meydan.tv\/az\/wp-json\/wp\/v2\/media?parent=285130"}],"wp:term":[{"taxonomy":"category","embeddable":true,"href":"https:\/\/www.meydan.tv\/az\/wp-json\/wp\/v2\/categories?post=285130"},{"taxonomy":"post_tag","embeddable":true,"href":"https:\/\/www.meydan.tv\/az\/wp-json\/wp\/v2\/tags?post=285130"}],"curies":[{"name":"wp","href":"https:\/\/api.w.org\/{rel}","templated":true}]}}