{"id":285129,"date":"2023-09-19T14:05:23","date_gmt":"2023-09-19T10:05:23","guid":{"rendered":"https:\/\/www.meydan.tv\/?p=285129"},"modified":"2023-09-19T14:07:45","modified_gmt":"2023-09-19T10:07:45","slug":"sel-ercivanda-ari-ailelerini-mehv-edib","status":"publish","type":"post","link":"https:\/\/www.meydan.tv\/az\/article\/sel-ercivanda-ari-ailelerini-mehv-edib\/","title":{"rendered":"Sel \u018fr\u00e7ivanda ar\u0131 ail\u0259l\u0259rini m\u0259hv edib"},"content":{"rendered":"\n<p><\/p>\n\n\n\n<p><em><strong>K\u0259nd sakinl\u0259ri t\u0259s\u0259rr\u00fcfatlar\u0131na g\u00f6r\u0259 kompensasiya alacaqlar\u0131na \u00fcmid edirl\u0259r<\/strong><\/em><\/p>\n\n\n\n<p>Astaran\u0131n \u018fr\u00e7ivan k\u0259ndind\u0259 onlarla ar\u0131 ail\u0259si sel n\u0259tic\u0259sind\u0259 m\u0259hv olub.<\/p>\n\n\n\n<p>Bu bar\u0259d\u0259 Meydan TV-y\u0259 k\u0259nd sakinl\u0259ri m\u0259lumat veribl\u0259r. Onlar\u0131n s\u00f6zl\u0259rin\u0259 g\u00f6r\u0259, ar\u0131 ye\u015fikl\u0259ri su alt\u0131nda qal\u0131b, onlar\u0131 xilas etm\u0259k m\u00fcmk\u00fcn olmay\u0131b.<\/p>\n\n\n\n<p>Sakinl\u0259rd\u0259n biri deyib ki, s\u00f6hb\u0259t y\u00fczl\u0259rl\u0259 ar\u0131 ail\u0259sind\u0259n gedir.<\/p>\n\n\n\n<p>\u201c<em>K\u0259ndd\u0259 \u0259halinin \u00e7oxu sitrus meyv\u0259\u00e7ilikl\u0259 v\u0259 ar\u0131\u00e7\u0131l\u0131qla dolan\u0131r. Kiminin ar\u0131 ail\u0259si, kiminin d\u0259 meyv\u0259 a\u011faclar\u0131 m\u0259hv oldu. K\u0259nd indiy\u0259 kimi bu c\u00fcr f\u0259lak\u0259tl\u0259 qar\u015f\u0131la\u015fmay\u0131b\u201d,<\/em>&#8211; sakinl\u0259r deyibl\u0259r.<\/p>\n\n\n\n<p>Onlar\u0131n s\u00f6zl\u0259rin\u0259 g\u00f6r\u0259, meyv\u0259 ba\u011flar\u0131n\u0131, o c\u00fcml\u0259d\u0259n ar\u0131\u00e7\u0131l\u0131q t\u0259s\u0259rr\u00fcfatlar\u0131 il\u0259 m\u0259\u015f\u011ful olanlar t\u0259s\u0259rr\u00fcfatlar\u0131n\u0131 s\u0131\u011forta etdirm\u0259yibl\u0259r. Buna g\u00f6r\u0259 d\u0259 d\u0259ymi\u015f z\u0259r\u0259rin \u00f6d\u0259nilib-\u00f6d\u0259nilm\u0259y\u0259c\u0259yi b\u0259lli deyil. H\u0259l\u0259lik sakinl\u0259r ziyan\u0131n \u00f6d\u0259nil\u0259c\u0259yin\u0259 \u00fcmid etdikl\u0259ri \u00fc\u00e7\u00fcn adlar\u0131n\u0131 a\u00e7\u0131qlamaqla \u015fikay\u0259t etm\u0259k ist\u0259mirl\u0259r. Bununla bel\u0259, bir \u00e7oxu v\u0259ziyy\u0259tin g\u00f6r\u00fcnt\u00fcl\u0259rini \u00e7\u0259k\u0259r\u0259k s\u00fcbut kimi saxlay\u0131rlar.<\/p>\n\n\n\n<p>\u201c<em>\u0130cra n\u00fcmay\u0259nd\u0259si deyir ki, d\u0259ymi\u015f z\u0259r\u0259ri hesablayaraq, icra hakimiyy\u0259tin\u0259 t\u0259qdim ed\u0259c\u0259k. Amma d\u0259ymi\u015f z\u0259r\u0259rin \u00f6d\u0259nilib-\u00f6d\u0259nilm\u0259y\u0259c\u0259yini bilmirik. \u00c7\u00fcnki bird\u0259n-bir\u0259 bu q\u0259d\u0259r f\u0259lak\u0259tl\u0259 \u00fczl\u0259\u015f\u0259c\u0259yimizi hesablamam\u0131\u015fd\u0131q\u201d,<\/em>-sakinl\u0259rd\u0259n biri deyib.<\/p>\n\n\n\n<p>\u018flav\u0259 edib ki, sel sular\u0131 tam \u00e7\u0259kilm\u0259yib, \u00e7oxunun gec\u0259l\u0259m\u0259y\u0259 yeri yoxdur. Ev su i\u00e7ind\u0259 oldu\u011fundan paltarlar\u0131n\u0131 bel\u0259 d\u0259yi\u015f\u0259 bilmirl\u0259r:<\/p>\n\n\n\n<p><em>\u201cK\u0259ndd\u0259 he\u00e7 kim t\u0259s\u0259rr\u00fcfat\u0131n\u0131 s\u0131\u011forta etdirm\u0259yib, \u00e7\u00fcnki s\u0131\u011forta \u015f\u0259rtl\u0259ri a\u011f\u0131rd\u0131r. 5-10 manat \u00e7\u00f6r\u0259kpulunu qazanan k\u0259ndli onun yar\u0131s\u0131n\u0131 s\u0131\u011fortaya \u00f6d\u0259m\u0259k ist\u0259mir. \u018fvv\u0259lc\u0259 s\u0131\u011fortan\u0131n \u015f\u0259rtl\u0259rin\u0259 baxs\u0131nlar, sonra bizi q\u0131nas\u0131nlar. \u00c7oxu ya borc, ya da kredit g\u00f6t\u00fcr\u00fcb t\u0259s\u0259rr\u00fcfat\u0131n\u0131 saxlay\u0131r. Bu il hava imkan verm\u0259di ki, dolanaq, q\u0131\u015fda ac qalaca\u011f\u0131q. El\u0259 t\u0259s\u0259rr\u00fcfat var ki, 5-6 min z\u0259r\u0259r\u0259 d\u00fc\u015f\u00fcb\u201d.<\/em><\/p>\n\n\n\n<p>Astara Rayon \u0130cra Hakimiyy\u0259tind\u0259n is\u0259 deyibl\u0259r ki, d\u0259ymi\u015f z\u0259r\u0259rin hesablanmas\u0131 ba\u015fa \u00e7atmayana q\u0259d\u0259r a\u00e7\u0131qlama ver\u0259 bilm\u0259zl\u0259r. \u00c7\u00fcnki sel n\u0259tic\u0259sind\u0259 z\u0259r\u0259r \u00e7\u0259k\u0259n k\u0259ndl\u0259rin, o c\u00fcml\u0259d\u0259n k\u0259ndlil\u0259rin say\u0131 \u00e7oxdur. S\u0131\u011forta olunmu\u015f t\u0259s\u0259rr\u00fcfatlara d\u0259ymi\u015f z\u0259r\u0259r \u00f6d\u0259nil\u0259c\u0259k.<\/p>\n\n\n\n<p>H\u0259l\u0259lik Aqrar S\u0131\u011forta Fondu z\u0259r\u0259r\u00e7\u0259kmi\u015f fermerl\u0259rl\u0259 ba\u011fl\u0131 a\u00e7\u0131qlama verm\u0259yib.<\/p>\n\n\n\n<p>\u0130lkin m\u0259lumata g\u00f6r\u0259, Astara \u00e7ay\u0131n\u0131n da\u015fmas\u0131 n\u0259tic\u0259sind\u0259 \u018fr\u00e7ivan q\u0259s\u0259b\u0259sind\u0259 200-d\u0259n \u00e7ox evin h\u0259y\u0259tini su bas\u0131b. B\u0259zi yerl\u0259rd\u0259 suyun s\u0259viyy\u0259si 1 metrd\u0259n yuxar\u0131 olub. F\u00f6vq\u0259lad\u0259 Hallar Nazirliyinin \u0259m\u0259kda\u015flar\u0131 40-a yax\u0131n ail\u0259ni evind\u0259n t\u0259xliyy\u0259 edib.<\/p>\n","protected":false},"excerpt":{"rendered":"<p>K\u0259nd sakinl\u0259ri t\u0259s\u0259rr\u00fcfatlar\u0131na g\u00f6r\u0259 kompensasiya alacaqlar\u0131na \u00fcmid edirl\u0259r Astaran\u0131n \u018fr\u00e7ivan &#8230; <\/p>\n<p class=\"read-more-container\"><a title=\"Sel \u018fr\u00e7ivanda ar\u0131 ail\u0259l\u0259rini m\u0259hv edib\" class=\"read-more button\" href=\"https:\/\/www.meydan.tv\/az\/article\/sel-ercivanda-ari-ailelerini-mehv-edib\/#more-285129\" aria-label=\"Read more about Sel \u018fr\u00e7ivanda ar\u0131 ail\u0259l\u0259rini m\u0259hv edib\">Davam\u0131<\/a><\/p>\n","protected":false},"author":8,"featured_media":285132,"comment_status":"closed","ping_status":"closed","sticky":false,"template":"","format":"standard","meta":{"_acf_changed":false,"_sitemap_exclude":false,"_sitemap_priority":"","_sitemap_frequency":"","footnotes":""},"categories":[60,56],"tags":[],"class_list":["post-285129","post","type-post","status-publish","format-standard","has-post-thumbnail","hentry","category-bolge","category-xeberler","infinite-scroll-item","generate-columns","tablet-grid-50","mobile-grid-100","grid-parent","grid-33","no-featured-image-padding"],"acf":[],"yoast_head":"<!-- This site is optimized with the Yoast SEO plugin v27.4 - https:\/\/yoast.com\/product\/yoast-seo-wordpress\/ -->\n<title>Sel \u018fr\u00e7ivanda ar\u0131 ail\u0259l\u0259rini m\u0259hv edib - MEYDAN.TV<\/title>\n<meta name=\"robots\" content=\"index, follow, max-snippet:-1, max-image-preview:large, max-video-preview:-1\" \/>\n<link rel=\"canonical\" href=\"https:\/\/www.meydan.tv\/az\/article\/sel-ercivanda-ari-ailelerini-mehv-edib\/\" \/>\n<meta property=\"og:locale\" content=\"az_AZ\" \/>\n<meta property=\"og:type\" content=\"article\" \/>\n<meta property=\"og:title\" content=\"Sel \u018fr\u00e7ivanda ar\u0131 ail\u0259l\u0259rini m\u0259hv edib - MEYDAN.TV\" \/>\n<meta property=\"og:description\" content=\"K\u0259nd sakinl\u0259ri t\u0259s\u0259rr\u00fcfatlar\u0131na g\u00f6r\u0259 kompensasiya alacaqlar\u0131na \u00fcmid edirl\u0259r Astaran\u0131n \u018fr\u00e7ivan ... Davam\u0131\" \/>\n<meta property=\"og:url\" content=\"https:\/\/www.meydan.tv\/az\/article\/sel-ercivanda-ari-ailelerini-mehv-edib\/\" \/>\n<meta property=\"og:site_name\" content=\"MEYDAN.TV\" \/>\n<meta property=\"article:published_time\" content=\"2023-09-19T10:05:23+00:00\" \/>\n<meta property=\"article:modified_time\" content=\"2023-09-19T10:07:45+00:00\" \/>\n<meta property=\"og:image\" content=\"https:\/\/www.meydan.tv\/wp-content\/uploads\/screenshot_2023-09-19_at_11.19.01.png\" \/>\n\t<meta property=\"og:image:width\" content=\"1636\" \/>\n\t<meta property=\"og:image:height\" content=\"928\" \/>\n\t<meta property=\"og:image:type\" content=\"image\/png\" \/>\n<meta name=\"author\" content=\"elli\" \/>\n<meta name=\"twitter:card\" content=\"summary_large_image\" \/>\n<meta name=\"twitter:creator\" content=\"@elli\" \/>\n<script type=\"application\/ld+json\" class=\"yoast-schema-graph\">{\"@context\":\"https:\\\/\\\/schema.org\",\"@graph\":[{\"@type\":\"Article\",\"@id\":\"https:\\\/\\\/www.meydan.tv\\\/az\\\/article\\\/sel-ercivanda-ari-ailelerini-mehv-edib\\\/#article\",\"isPartOf\":{\"@id\":\"https:\\\/\\\/www.meydan.tv\\\/az\\\/article\\\/sel-ercivanda-ari-ailelerini-mehv-edib\\\/\"},\"author\":{\"name\":\"elli\",\"@id\":\"https:\\\/\\\/www.meydan.tv\\\/az\\\/#\\\/schema\\\/person\\\/9cdbecf90d17180ce1dfbd95b08dcf47\"},\"headline\":\"Sel \u018fr\u00e7ivanda ar\u0131 ail\u0259l\u0259rini m\u0259hv edib\",\"datePublished\":\"2023-09-19T10:05:23+00:00\",\"dateModified\":\"2023-09-19T10:07:45+00:00\",\"mainEntityOfPage\":{\"@id\":\"https:\\\/\\\/www.meydan.tv\\\/az\\\/article\\\/sel-ercivanda-ari-ailelerini-mehv-edib\\\/\"},\"wordCount\":572,\"publisher\":{\"@id\":\"https:\\\/\\\/www.meydan.tv\\\/az\\\/#organization\"},\"image\":{\"@id\":\"https:\\\/\\\/www.meydan.tv\\\/az\\\/article\\\/sel-ercivanda-ari-ailelerini-mehv-edib\\\/#primaryimage\"},\"thumbnailUrl\":\"https:\\\/\\\/www.meydan.tv\\\/wp-content\\\/uploads\\\/screenshot_2023-09-19_at_11.19.01.png\",\"articleSection\":[\"B\u00f6lg\u0259\",\"X\u0259b\u0259rl\u0259r\"],\"inLanguage\":\"az\"},{\"@type\":\"WebPage\",\"@id\":\"https:\\\/\\\/www.meydan.tv\\\/az\\\/article\\\/sel-ercivanda-ari-ailelerini-mehv-edib\\\/\",\"url\":\"https:\\\/\\\/www.meydan.tv\\\/az\\\/article\\\/sel-ercivanda-ari-ailelerini-mehv-edib\\\/\",\"name\":\"Sel \u018fr\u00e7ivanda ar\u0131 ail\u0259l\u0259rini m\u0259hv edib - MEYDAN.TV\",\"isPartOf\":{\"@id\":\"https:\\\/\\\/www.meydan.tv\\\/az\\\/#website\"},\"primaryImageOfPage\":{\"@id\":\"https:\\\/\\\/www.meydan.tv\\\/az\\\/article\\\/sel-ercivanda-ari-ailelerini-mehv-edib\\\/#primaryimage\"},\"image\":{\"@id\":\"https:\\\/\\\/www.meydan.tv\\\/az\\\/article\\\/sel-ercivanda-ari-ailelerini-mehv-edib\\\/#primaryimage\"},\"thumbnailUrl\":\"https:\\\/\\\/www.meydan.tv\\\/wp-content\\\/uploads\\\/screenshot_2023-09-19_at_11.19.01.png\",\"datePublished\":\"2023-09-19T10:05:23+00:00\",\"dateModified\":\"2023-09-19T10:07:45+00:00\",\"breadcrumb\":{\"@id\":\"https:\\\/\\\/www.meydan.tv\\\/az\\\/article\\\/sel-ercivanda-ari-ailelerini-mehv-edib\\\/#breadcrumb\"},\"inLanguage\":\"az\",\"potentialAction\":[{\"@type\":\"ReadAction\",\"target\":[\"https:\\\/\\\/www.meydan.tv\\\/az\\\/article\\\/sel-ercivanda-ari-ailelerini-mehv-edib\\\/\"]}]},{\"@type\":\"ImageObject\",\"inLanguage\":\"az\",\"@id\":\"https:\\\/\\\/www.meydan.tv\\\/az\\\/article\\\/sel-ercivanda-ari-ailelerini-mehv-edib\\\/#primaryimage\",\"url\":\"https:\\\/\\\/www.meydan.tv\\\/wp-content\\\/uploads\\\/screenshot_2023-09-19_at_11.19.01.png\",\"contentUrl\":\"https:\\\/\\\/www.meydan.tv\\\/wp-content\\\/uploads\\\/screenshot_2023-09-19_at_11.19.01.png\",\"width\":1636,\"height\":928,\"caption\":\"Foto: Yerli \u0259hali t\u0259r\u0259find\u0259n g\u00f6nd\u0259rilib\"},{\"@type\":\"BreadcrumbList\",\"@id\":\"https:\\\/\\\/www.meydan.tv\\\/az\\\/article\\\/sel-ercivanda-ari-ailelerini-mehv-edib\\\/#breadcrumb\",\"itemListElement\":[{\"@type\":\"ListItem\",\"position\":1,\"name\":\"Ana s\u0259hif\u0259\",\"item\":\"https:\\\/\\\/www.meydan.tv\\\/az\\\/\"},{\"@type\":\"ListItem\",\"position\":2,\"name\":\"B\u00f6lg\u0259\",\"item\":\"https:\\\/\\\/www.meydan.tv\\\/az\\\/section\\\/bolge\\\/\"},{\"@type\":\"ListItem\",\"position\":3,\"name\":\"Sel \u018fr\u00e7ivanda ar\u0131 ail\u0259l\u0259rini m\u0259hv edib\"}]},{\"@type\":\"WebSite\",\"@id\":\"https:\\\/\\\/www.meydan.tv\\\/az\\\/#website\",\"url\":\"https:\\\/\\\/www.meydan.tv\\\/az\\\/\",\"name\":\"MEYDAN.TV\",\"description\":\"Meydan TV Az\u0259rbaycan\u0131n media m\u0259kan\u0131ndak\u0131 alternativ s\u0259sidir\",\"publisher\":{\"@id\":\"https:\\\/\\\/www.meydan.tv\\\/az\\\/#organization\"},\"potentialAction\":[{\"@type\":\"SearchAction\",\"target\":{\"@type\":\"EntryPoint\",\"urlTemplate\":\"https:\\\/\\\/www.meydan.tv\\\/az\\\/?s={search_term_string}\"},\"query-input\":{\"@type\":\"PropertyValueSpecification\",\"valueRequired\":true,\"valueName\":\"search_term_string\"}}],\"inLanguage\":\"az\"},{\"@type\":\"Organization\",\"@id\":\"https:\\\/\\\/www.meydan.tv\\\/az\\\/#organization\",\"name\":\"Meydan TV\",\"url\":\"https:\\\/\\\/www.meydan.tv\\\/az\\\/\",\"logo\":{\"@type\":\"ImageObject\",\"inLanguage\":\"az\",\"@id\":\"https:\\\/\\\/www.meydan.tv\\\/az\\\/#\\\/schema\\\/logo\\\/image\\\/\",\"url\":\"https:\\\/\\\/www.meydan.tv\\\/wp-content\\\/uploads\\\/2021\\\/07\\\/meydan-logo.svg\",\"contentUrl\":\"https:\\\/\\\/www.meydan.tv\\\/wp-content\\\/uploads\\\/2021\\\/07\\\/meydan-logo.svg\",\"width\":195,\"height\":46,\"caption\":\"Meydan TV\"},\"image\":{\"@id\":\"https:\\\/\\\/www.meydan.tv\\\/az\\\/#\\\/schema\\\/logo\\\/image\\\/\"}},{\"@type\":\"Person\",\"@id\":\"https:\\\/\\\/www.meydan.tv\\\/az\\\/#\\\/schema\\\/person\\\/9cdbecf90d17180ce1dfbd95b08dcf47\",\"name\":\"elli\",\"sameAs\":[\"https:\\\/\\\/x.com\\\/elli\"]}]}<\/script>\n<!-- \/ Yoast SEO plugin. -->","yoast_head_json":{"title":"Sel \u018fr\u00e7ivanda ar\u0131 ail\u0259l\u0259rini m\u0259hv edib - MEYDAN.TV","robots":{"index":"index","follow":"follow","max-snippet":"max-snippet:-1","max-image-preview":"max-image-preview:large","max-video-preview":"max-video-preview:-1"},"canonical":"https:\/\/www.meydan.tv\/az\/article\/sel-ercivanda-ari-ailelerini-mehv-edib\/","og_locale":"az_AZ","og_type":"article","og_title":"Sel \u018fr\u00e7ivanda ar\u0131 ail\u0259l\u0259rini m\u0259hv edib - MEYDAN.TV","og_description":"K\u0259nd sakinl\u0259ri t\u0259s\u0259rr\u00fcfatlar\u0131na g\u00f6r\u0259 kompensasiya alacaqlar\u0131na \u00fcmid edirl\u0259r Astaran\u0131n \u018fr\u00e7ivan ... Davam\u0131","og_url":"https:\/\/www.meydan.tv\/az\/article\/sel-ercivanda-ari-ailelerini-mehv-edib\/","og_site_name":"MEYDAN.TV","article_published_time":"2023-09-19T10:05:23+00:00","article_modified_time":"2023-09-19T10:07:45+00:00","og_image":[{"width":1636,"height":928,"url":"https:\/\/www.meydan.tv\/wp-content\/uploads\/screenshot_2023-09-19_at_11.19.01.png","type":"image\/png"}],"author":"elli","twitter_card":"summary_large_image","twitter_creator":"@elli","schema":{"@context":"https:\/\/schema.org","@graph":[{"@type":"Article","@id":"https:\/\/www.meydan.tv\/az\/article\/sel-ercivanda-ari-ailelerini-mehv-edib\/#article","isPartOf":{"@id":"https:\/\/www.meydan.tv\/az\/article\/sel-ercivanda-ari-ailelerini-mehv-edib\/"},"author":{"name":"elli","@id":"https:\/\/www.meydan.tv\/az\/#\/schema\/person\/9cdbecf90d17180ce1dfbd95b08dcf47"},"headline":"Sel \u018fr\u00e7ivanda ar\u0131 ail\u0259l\u0259rini m\u0259hv edib","datePublished":"2023-09-19T10:05:23+00:00","dateModified":"2023-09-19T10:07:45+00:00","mainEntityOfPage":{"@id":"https:\/\/www.meydan.tv\/az\/article\/sel-ercivanda-ari-ailelerini-mehv-edib\/"},"wordCount":572,"publisher":{"@id":"https:\/\/www.meydan.tv\/az\/#organization"},"image":{"@id":"https:\/\/www.meydan.tv\/az\/article\/sel-ercivanda-ari-ailelerini-mehv-edib\/#primaryimage"},"thumbnailUrl":"https:\/\/www.meydan.tv\/wp-content\/uploads\/screenshot_2023-09-19_at_11.19.01.png","articleSection":["B\u00f6lg\u0259","X\u0259b\u0259rl\u0259r"],"inLanguage":"az"},{"@type":"WebPage","@id":"https:\/\/www.meydan.tv\/az\/article\/sel-ercivanda-ari-ailelerini-mehv-edib\/","url":"https:\/\/www.meydan.tv\/az\/article\/sel-ercivanda-ari-ailelerini-mehv-edib\/","name":"Sel \u018fr\u00e7ivanda ar\u0131 ail\u0259l\u0259rini m\u0259hv edib - MEYDAN.TV","isPartOf":{"@id":"https:\/\/www.meydan.tv\/az\/#website"},"primaryImageOfPage":{"@id":"https:\/\/www.meydan.tv\/az\/article\/sel-ercivanda-ari-ailelerini-mehv-edib\/#primaryimage"},"image":{"@id":"https:\/\/www.meydan.tv\/az\/article\/sel-ercivanda-ari-ailelerini-mehv-edib\/#primaryimage"},"thumbnailUrl":"https:\/\/www.meydan.tv\/wp-content\/uploads\/screenshot_2023-09-19_at_11.19.01.png","datePublished":"2023-09-19T10:05:23+00:00","dateModified":"2023-09-19T10:07:45+00:00","breadcrumb":{"@id":"https:\/\/www.meydan.tv\/az\/article\/sel-ercivanda-ari-ailelerini-mehv-edib\/#breadcrumb"},"inLanguage":"az","potentialAction":[{"@type":"ReadAction","target":["https:\/\/www.meydan.tv\/az\/article\/sel-ercivanda-ari-ailelerini-mehv-edib\/"]}]},{"@type":"ImageObject","inLanguage":"az","@id":"https:\/\/www.meydan.tv\/az\/article\/sel-ercivanda-ari-ailelerini-mehv-edib\/#primaryimage","url":"https:\/\/www.meydan.tv\/wp-content\/uploads\/screenshot_2023-09-19_at_11.19.01.png","contentUrl":"https:\/\/www.meydan.tv\/wp-content\/uploads\/screenshot_2023-09-19_at_11.19.01.png","width":1636,"height":928,"caption":"Foto: Yerli \u0259hali t\u0259r\u0259find\u0259n g\u00f6nd\u0259rilib"},{"@type":"BreadcrumbList","@id":"https:\/\/www.meydan.tv\/az\/article\/sel-ercivanda-ari-ailelerini-mehv-edib\/#breadcrumb","itemListElement":[{"@type":"ListItem","position":1,"name":"Ana s\u0259hif\u0259","item":"https:\/\/www.meydan.tv\/az\/"},{"@type":"ListItem","position":2,"name":"B\u00f6lg\u0259","item":"https:\/\/www.meydan.tv\/az\/section\/bolge\/"},{"@type":"ListItem","position":3,"name":"Sel \u018fr\u00e7ivanda ar\u0131 ail\u0259l\u0259rini m\u0259hv edib"}]},{"@type":"WebSite","@id":"https:\/\/www.meydan.tv\/az\/#website","url":"https:\/\/www.meydan.tv\/az\/","name":"MEYDAN.TV","description":"Meydan TV Az\u0259rbaycan\u0131n media m\u0259kan\u0131ndak\u0131 alternativ s\u0259sidir","publisher":{"@id":"https:\/\/www.meydan.tv\/az\/#organization"},"potentialAction":[{"@type":"SearchAction","target":{"@type":"EntryPoint","urlTemplate":"https:\/\/www.meydan.tv\/az\/?s={search_term_string}"},"query-input":{"@type":"PropertyValueSpecification","valueRequired":true,"valueName":"search_term_string"}}],"inLanguage":"az"},{"@type":"Organization","@id":"https:\/\/www.meydan.tv\/az\/#organization","name":"Meydan TV","url":"https:\/\/www.meydan.tv\/az\/","logo":{"@type":"ImageObject","inLanguage":"az","@id":"https:\/\/www.meydan.tv\/az\/#\/schema\/logo\/image\/","url":"https:\/\/www.meydan.tv\/wp-content\/uploads\/2021\/07\/meydan-logo.svg","contentUrl":"https:\/\/www.meydan.tv\/wp-content\/uploads\/2021\/07\/meydan-logo.svg","width":195,"height":46,"caption":"Meydan TV"},"image":{"@id":"https:\/\/www.meydan.tv\/az\/#\/schema\/logo\/image\/"}},{"@type":"Person","@id":"https:\/\/www.meydan.tv\/az\/#\/schema\/person\/9cdbecf90d17180ce1dfbd95b08dcf47","name":"elli","sameAs":["https:\/\/x.com\/elli"]}]}},"_links":{"self":[{"href":"https:\/\/www.meydan.tv\/az\/wp-json\/wp\/v2\/posts\/285129","targetHints":{"allow":["GET"]}}],"collection":[{"href":"https:\/\/www.meydan.tv\/az\/wp-json\/wp\/v2\/posts"}],"about":[{"href":"https:\/\/www.meydan.tv\/az\/wp-json\/wp\/v2\/types\/post"}],"author":[{"embeddable":true,"href":"https:\/\/www.meydan.tv\/az\/wp-json\/wp\/v2\/users\/8"}],"replies":[{"embeddable":true,"href":"https:\/\/www.meydan.tv\/az\/wp-json\/wp\/v2\/comments?post=285129"}],"version-history":[{"count":3,"href":"https:\/\/www.meydan.tv\/az\/wp-json\/wp\/v2\/posts\/285129\/revisions"}],"predecessor-version":[{"id":285143,"href":"https:\/\/www.meydan.tv\/az\/wp-json\/wp\/v2\/posts\/285129\/revisions\/285143"}],"wp:featuredmedia":[{"embeddable":true,"href":"https:\/\/www.meydan.tv\/az\/wp-json\/wp\/v2\/media\/285132"}],"wp:attachment":[{"href":"https:\/\/www.meydan.tv\/az\/wp-json\/wp\/v2\/media?parent=285129"}],"wp:term":[{"taxonomy":"category","embeddable":true,"href":"https:\/\/www.meydan.tv\/az\/wp-json\/wp\/v2\/categories?post=285129"},{"taxonomy":"post_tag","embeddable":true,"href":"https:\/\/www.meydan.tv\/az\/wp-json\/wp\/v2\/tags?post=285129"}],"curies":[{"name":"wp","href":"https:\/\/api.w.org\/{rel}","templated":true}]}}